{"id":19488,"date":"2017-05-16T00:00:00","date_gmt":"2017-05-15T22:00:00","guid":{"rendered":"https:\/\/www.guineediversite.com\/index.php\/2017\/05\/16\/ibrahima-traore-pour-4-ans-encore-au-borussia-monchengladbach\/"},"modified":"2017-06-02T18:36:47","modified_gmt":"2017-06-02T16:36:47","slug":"ibrahima-traore-pour-4-ans-encore-au-borussia-monchengladbach","status":"publish","type":"post","link":"https:\/\/guineediversite.com\/index.php\/2017\/05\/16\/ibrahima-traore-pour-4-ans-encore-au-borussia-monchengladbach\/","title":{"rendered":"Ibrahima Traor\u00e9 pour 4 ans encore au Borussia M\u00f6nchengladbach"},"content":{"rendered":"<p>Le capitaine du Syli national de Guin&eacute;e n&#39;est pas encore pr&ecirc;t &agrave; quitt&eacute; le &nbsp;club Borussia M&ouml;nchengladbach. L&#39;annonce du prolongement du contrat d&#39;Ibrahima Traor&eacute; &agrave; &eacute;t&eacute; r&eacute;cemment faite par le club allemand.<\/p>\n<p>&Agrave; 29 ans, Ibrahima Traore est parvenu &agrave; un accord avec son club, qui a d&eacute;cid&eacute; de le prolonger pour les quatre prochaines ann&eacute;es jusqu&rsquo;en 2021. Son contrat arrivait &agrave; terme au mois de juin prochain.<\/p>\n<p>Il faut souligner que l&#39;international guin&eacute;en &agrave; travers&eacute; une malheureuse saison (2016-2017). Apr&egrave;s une longue p&eacute;riode de blessure, Traor&eacute; &agrave; tr&egrave;s peu jou&eacute; cette ann&eacute;e. Finalement, il n&rsquo;aura r&eacute;ussi qu&rsquo;&agrave; marquer un but et d&eacute;livrer trois passes d&eacute;cisives.<\/p>\n<p>Depuis son arriv&eacute;e au Borussia en 2014, le capitaine du syli a jou&eacute; 87 rencontres et inscrit 10 buts.&nbsp;<\/p>\n<p><strong>Mohamed Soumah<\/strong><\/p>\n<p><img decoding=\"async\" alt=\"https:\/\/ssl.gstatic.com\/ui\/v1\/icons\/mail\/images\/cleardot.gif\" src=\"file:\/\/\/C:UsersThiernoAppDataLocalTempmsohtmlclip1 1clip_image001.gif\" style=\"height:1px; width:1px\" \/><\/p>\n","protected":false},"excerpt":{"rendered":"<p>Le capitaine du Syli national de Guin&eacute;e n&#39;est pas encore pr&ecirc;t &agrave; quitt&eacute; le &nbsp;club Borussia M&ouml;nchengladbach. L&#39;annonce du prolongement du contrat d&#39;Ibrahima Traor&eacute; &agrave; &eacute;t&eacute; r&eacute;cemment faite par le club allemand. &Agrave; 29 ans, Ibrahima Traore est parvenu &agrave; un accord avec son club, qui a d&eacute;cid&eacute; de le prolonger pour les quatre prochaines [&hellip;]<\/p>\n","protected":false},"author":12,"featured_media":0,"comment_status":"open","ping_status":"open","sticky":false,"template":"","format":"standard","meta":{"_exactmetrics_skip_tracking":false,"_exactmetrics_sitenote_active":false,"_exactmetrics_sitenote_note":"","_exactmetrics_sitenote_category":0,"tdm_status":"","tdm_grid_status":"","footnotes":""},"categories":[18],"tags":[],"class_list":{"0":"post-19488","1":"post","2":"type-post","3":"status-publish","4":"format-standard","6":"category-sport"},"yoast_head":"<!-- This site is optimized with the Yoast SEO plugin v24.2 - https:\/\/yoast.com\/wordpress\/plugins\/seo\/ -->\n<title>Ibrahima Traor\u00e9 pour 4 ans encore au Borussia M\u00f6nchengladbach | Guin\u00e9e Diversit\u00e9<\/title>\n<meta name=\"robots\" content=\"index, follow, max-snippet:-1, max-image-preview:large, max-video-preview:-1\" \/>\n<link rel=\"canonical\" href=\"https:\/\/guineediversite.com\/index.php\/2017\/05\/16\/ibrahima-traore-pour-4-ans-encore-au-borussia-monchengladbach\/\" \/>\n<meta property=\"og:locale\" content=\"fr_FR\" \/>\n<meta property=\"og:type\" content=\"article\" \/>\n<meta property=\"og:title\" content=\"Ibrahima Traor\u00e9 pour 4 ans encore au Borussia M\u00f6nchengladbach | Guin\u00e9e Diversit\u00e9\" \/>\n<meta property=\"og:description\" content=\"Le capitaine du Syli national de Guin&eacute;e n&#039;est pas encore pr&ecirc;t &agrave; quitt&eacute; le &nbsp;club Borussia M&ouml;nchengladbach. L&#039;annonce du prolongement du contrat d&#039;Ibrahima Traor&eacute; &agrave; &eacute;t&eacute; r&eacute;cemment faite par le club allemand. &Agrave; 29 ans, Ibrahima Traore est parvenu &agrave; un accord avec son club, qui a d&eacute;cid&eacute; de le prolonger pour les quatre prochaines [&hellip;]\" \/>\n<meta property=\"og:url\" content=\"https:\/\/guineediversite.com\/index.php\/2017\/05\/16\/ibrahima-traore-pour-4-ans-encore-au-borussia-monchengladbach\/\" \/>\n<meta property=\"og:site_name\" content=\"Guin\u00e9e Diversit\u00e9\" \/>\n<meta property=\"article:publisher\" content=\"https:\/\/www.facebook.com\/guineediversite\/\" \/>\n<meta property=\"article:published_time\" content=\"2017-05-15T22:00:00+00:00\" \/>\n<meta property=\"article:modified_time\" content=\"2017-06-02T16:36:47+00:00\" \/>\n<meta name=\"author\" content=\"Guin\u00e9e Diversit\u00e9\" \/>\n<meta name=\"twitter:card\" content=\"summary_large_image\" \/>\n<meta name=\"twitter:creator\" content=\"@GuineeDiversite\" \/>\n<meta name=\"twitter:site\" content=\"@GuineeDiversite\" \/>\n<meta name=\"twitter:label1\" content=\"\u00c9crit par\" \/>\n\t<meta name=\"twitter:data1\" content=\"Guin\u00e9e Diversit\u00e9\" \/>\n\t<meta name=\"twitter:label2\" content=\"Dur\u00e9e de lecture estim\u00e9e\" \/>\n\t<meta name=\"twitter:data2\" content=\"1 minute\" \/>\n<script type=\"application\/ld+json\" class=\"yoast-schema-graph\">{\"@context\":\"https:\/\/schema.org\",\"@graph\":[{\"@type\":\"Article\",\"@id\":\"https:\/\/guineediversite.com\/index.php\/2017\/05\/16\/ibrahima-traore-pour-4-ans-encore-au-borussia-monchengladbach\/#article\",\"isPartOf\":{\"@id\":\"https:\/\/guineediversite.com\/index.php\/2017\/05\/16\/ibrahima-traore-pour-4-ans-encore-au-borussia-monchengladbach\/\"},\"author\":{\"name\":\"Guin\u00e9e Diversit\u00e9\",\"@id\":\"https:\/\/guineediversite.com\/#\/schema\/person\/afa08fb34e7fc6e1feafc892612bc836\"},\"headline\":\"Ibrahima Traor\u00e9 pour 4 ans encore au Borussia M\u00f6nchengladbach\",\"datePublished\":\"2017-05-15T22:00:00+00:00\",\"dateModified\":\"2017-06-02T16:36:47+00:00\",\"mainEntityOfPage\":{\"@id\":\"https:\/\/guineediversite.com\/index.php\/2017\/05\/16\/ibrahima-traore-pour-4-ans-encore-au-borussia-monchengladbach\/\"},\"wordCount\":182,\"commentCount\":0,\"publisher\":{\"@id\":\"https:\/\/guineediversite.com\/#organization\"},\"articleSection\":[\"Sport\"],\"inLanguage\":\"fr-FR\",\"potentialAction\":[{\"@type\":\"CommentAction\",\"name\":\"Comment\",\"target\":[\"https:\/\/guineediversite.com\/index.php\/2017\/05\/16\/ibrahima-traore-pour-4-ans-encore-au-borussia-monchengladbach\/#respond\"]}]},{\"@type\":\"WebPage\",\"@id\":\"https:\/\/guineediversite.com\/index.php\/2017\/05\/16\/ibrahima-traore-pour-4-ans-encore-au-borussia-monchengladbach\/\",\"url\":\"https:\/\/guineediversite.com\/index.php\/2017\/05\/16\/ibrahima-traore-pour-4-ans-encore-au-borussia-monchengladbach\/\",\"name\":\"Ibrahima Traor\u00e9 pour 4 ans encore au Borussia M\u00f6nchengladbach | Guin\u00e9e Diversit\u00e9\",\"isPartOf\":{\"@id\":\"https:\/\/guineediversite.com\/#website\"},\"datePublished\":\"2017-05-15T22:00:00+00:00\",\"dateModified\":\"2017-06-02T16:36:47+00:00\",\"breadcrumb\":{\"@id\":\"https:\/\/guineediversite.com\/index.php\/2017\/05\/16\/ibrahima-traore-pour-4-ans-encore-au-borussia-monchengladbach\/#breadcrumb\"},\"inLanguage\":\"fr-FR\",\"potentialAction\":[{\"@type\":\"ReadAction\",\"target\":[\"https:\/\/guineediversite.com\/index.php\/2017\/05\/16\/ibrahima-traore-pour-4-ans-encore-au-borussia-monchengladbach\/\"]}]},{\"@type\":\"BreadcrumbList\",\"@id\":\"https:\/\/guineediversite.com\/index.php\/2017\/05\/16\/ibrahima-traore-pour-4-ans-encore-au-borussia-monchengladbach\/#breadcrumb\",\"itemListElement\":[{\"@type\":\"ListItem\",\"position\":1,\"name\":\"Accueil\",\"item\":\"https:\/\/guineediversite.com\/\"},{\"@type\":\"ListItem\",\"position\":2,\"name\":\"Ibrahima Traor\u00e9 pour 4 ans encore au Borussia M\u00f6nchengladbach\"}]},{\"@type\":\"WebSite\",\"@id\":\"https:\/\/guineediversite.com\/#website\",\"url\":\"https:\/\/guineediversite.com\/\",\"name\":\"Guin\u00e9e Diversit\u00e9\",\"description\":\"L&#039;Info dans toute sa diversit\u00e9\",\"publisher\":{\"@id\":\"https:\/\/guineediversite.com\/#organization\"},\"potentialAction\":[{\"@type\":\"SearchAction\",\"target\":{\"@type\":\"EntryPoint\",\"urlTemplate\":\"https:\/\/guineediversite.com\/?s={search_term_string}\"},\"query-input\":{\"@type\":\"PropertyValueSpecification\",\"valueRequired\":true,\"valueName\":\"search_term_string\"}}],\"inLanguage\":\"fr-FR\"},{\"@type\":\"Organization\",\"@id\":\"https:\/\/guineediversite.com\/#organization\",\"name\":\"Guin\u00e9e Diversit\u00e9\",\"url\":\"https:\/\/guineediversite.com\/\",\"logo\":{\"@type\":\"ImageObject\",\"inLanguage\":\"fr-FR\",\"@id\":\"https:\/\/guineediversite.com\/#\/schema\/logo\/image\/\",\"url\":\"https:\/\/guineediversite.com\/wp-content\/uploads\/2017\/04\/cropped-1jojlxEOMkX9Wyqfhe43D6kjPOGqBBKmx3EwWJqZ0cMrFF54yM49.png\",\"contentUrl\":\"https:\/\/guineediversite.com\/wp-content\/uploads\/2017\/04\/cropped-1jojlxEOMkX9Wyqfhe43D6kjPOGqBBKmx3EwWJqZ0cMrFF54yM49.png\",\"width\":186,\"height\":112,\"caption\":\"Guin\u00e9e Diversit\u00e9\"},\"image\":{\"@id\":\"https:\/\/guineediversite.com\/#\/schema\/logo\/image\/\"},\"sameAs\":[\"https:\/\/www.facebook.com\/guineediversite\/\",\"https:\/\/x.com\/GuineeDiversite\",\"https:\/\/www.youtube.com\/channel\/UC8sUY16qelG5ge6_D5SB83g\"]},{\"@type\":\"Person\",\"@id\":\"https:\/\/guineediversite.com\/#\/schema\/person\/afa08fb34e7fc6e1feafc892612bc836\",\"name\":\"Guin\u00e9e Diversit\u00e9\",\"image\":{\"@type\":\"ImageObject\",\"inLanguage\":\"fr-FR\",\"@id\":\"https:\/\/guineediversite.com\/#\/schema\/person\/image\/\",\"url\":\"https:\/\/secure.gravatar.com\/avatar\/50d5eb5b390f8b65ac30ac6f898eb83a?s=96&d=mm&r=g\",\"contentUrl\":\"https:\/\/secure.gravatar.com\/avatar\/50d5eb5b390f8b65ac30ac6f898eb83a?s=96&d=mm&r=g\",\"caption\":\"Guin\u00e9e Diversit\u00e9\"},\"url\":\"https:\/\/guineediversite.com\/index.php\/author\/guineediversite\/\"}]}<\/script>\n<!-- \/ Yoast SEO plugin. -->","yoast_head_json":{"title":"Ibrahima Traor\u00e9 pour 4 ans encore au Borussia M\u00f6nchengladbach | Guin\u00e9e Diversit\u00e9","robots":{"index":"index","follow":"follow","max-snippet":"max-snippet:-1","max-image-preview":"max-image-preview:large","max-video-preview":"max-video-preview:-1"},"canonical":"https:\/\/guineediversite.com\/index.php\/2017\/05\/16\/ibrahima-traore-pour-4-ans-encore-au-borussia-monchengladbach\/","og_locale":"fr_FR","og_type":"article","og_title":"Ibrahima Traor\u00e9 pour 4 ans encore au Borussia M\u00f6nchengladbach | Guin\u00e9e Diversit\u00e9","og_description":"Le capitaine du Syli national de Guin&eacute;e n&#39;est pas encore pr&ecirc;t &agrave; quitt&eacute; le &nbsp;club Borussia M&ouml;nchengladbach. L&#39;annonce du prolongement du contrat d&#39;Ibrahima Traor&eacute; &agrave; &eacute;t&eacute; r&eacute;cemment faite par le club allemand. &Agrave; 29 ans, Ibrahima Traore est parvenu &agrave; un accord avec son club, qui a d&eacute;cid&eacute; de le prolonger pour les quatre prochaines [&hellip;]","og_url":"https:\/\/guineediversite.com\/index.php\/2017\/05\/16\/ibrahima-traore-pour-4-ans-encore-au-borussia-monchengladbach\/","og_site_name":"Guin\u00e9e Diversit\u00e9","article_publisher":"https:\/\/www.facebook.com\/guineediversite\/","article_published_time":"2017-05-15T22:00:00+00:00","article_modified_time":"2017-06-02T16:36:47+00:00","author":"Guin\u00e9e Diversit\u00e9","twitter_card":"summary_large_image","twitter_creator":"@GuineeDiversite","twitter_site":"@GuineeDiversite","twitter_misc":{"\u00c9crit par":"Guin\u00e9e Diversit\u00e9","Dur\u00e9e de lecture estim\u00e9e":"1 minute"},"schema":{"@context":"https:\/\/schema.org","@graph":[{"@type":"Article","@id":"https:\/\/guineediversite.com\/index.php\/2017\/05\/16\/ibrahima-traore-pour-4-ans-encore-au-borussia-monchengladbach\/#article","isPartOf":{"@id":"https:\/\/guineediversite.com\/index.php\/2017\/05\/16\/ibrahima-traore-pour-4-ans-encore-au-borussia-monchengladbach\/"},"author":{"name":"Guin\u00e9e Diversit\u00e9","@id":"https:\/\/guineediversite.com\/#\/schema\/person\/afa08fb34e7fc6e1feafc892612bc836"},"headline":"Ibrahima Traor\u00e9 pour 4 ans encore au Borussia M\u00f6nchengladbach","datePublished":"2017-05-15T22:00:00+00:00","dateModified":"2017-06-02T16:36:47+00:00","mainEntityOfPage":{"@id":"https:\/\/guineediversite.com\/index.php\/2017\/05\/16\/ibrahima-traore-pour-4-ans-encore-au-borussia-monchengladbach\/"},"wordCount":182,"commentCount":0,"publisher":{"@id":"https:\/\/guineediversite.com\/#organization"},"articleSection":["Sport"],"inLanguage":"fr-FR","potentialAction":[{"@type":"CommentAction","name":"Comment","target":["https:\/\/guineediversite.com\/index.php\/2017\/05\/16\/ibrahima-traore-pour-4-ans-encore-au-borussia-monchengladbach\/#respond"]}]},{"@type":"WebPage","@id":"https:\/\/guineediversite.com\/index.php\/2017\/05\/16\/ibrahima-traore-pour-4-ans-encore-au-borussia-monchengladbach\/","url":"https:\/\/guineediversite.com\/index.php\/2017\/05\/16\/ibrahima-traore-pour-4-ans-encore-au-borussia-monchengladbach\/","name":"Ibrahima Traor\u00e9 pour 4 ans encore au Borussia M\u00f6nchengladbach | Guin\u00e9e Diversit\u00e9","isPartOf":{"@id":"https:\/\/guineediversite.com\/#website"},"datePublished":"2017-05-15T22:00:00+00:00","dateModified":"2017-06-02T16:36:47+00:00","breadcrumb":{"@id":"https:\/\/guineediversite.com\/index.php\/2017\/05\/16\/ibrahima-traore-pour-4-ans-encore-au-borussia-monchengladbach\/#breadcrumb"},"inLanguage":"fr-FR","potentialAction":[{"@type":"ReadAction","target":["https:\/\/guineediversite.com\/index.php\/2017\/05\/16\/ibrahima-traore-pour-4-ans-encore-au-borussia-monchengladbach\/"]}]},{"@type":"BreadcrumbList","@id":"https:\/\/guineediversite.com\/index.php\/2017\/05\/16\/ibrahima-traore-pour-4-ans-encore-au-borussia-monchengladbach\/#breadcrumb","itemListElement":[{"@type":"ListItem","position":1,"name":"Accueil","item":"https:\/\/guineediversite.com\/"},{"@type":"ListItem","position":2,"name":"Ibrahima Traor\u00e9 pour 4 ans encore au Borussia M\u00f6nchengladbach"}]},{"@type":"WebSite","@id":"https:\/\/guineediversite.com\/#website","url":"https:\/\/guineediversite.com\/","name":"Guin\u00e9e Diversit\u00e9","description":"L&#039;Info dans toute sa diversit\u00e9","publisher":{"@id":"https:\/\/guineediversite.com\/#organization"},"potentialAction":[{"@type":"SearchAction","target":{"@type":"EntryPoint","urlTemplate":"https:\/\/guineediversite.com\/?s={search_term_string}"},"query-input":{"@type":"PropertyValueSpecification","valueRequired":true,"valueName":"search_term_string"}}],"inLanguage":"fr-FR"},{"@type":"Organization","@id":"https:\/\/guineediversite.com\/#organization","name":"Guin\u00e9e Diversit\u00e9","url":"https:\/\/guineediversite.com\/","logo":{"@type":"ImageObject","inLanguage":"fr-FR","@id":"https:\/\/guineediversite.com\/#\/schema\/logo\/image\/","url":"https:\/\/guineediversite.com\/wp-content\/uploads\/2017\/04\/cropped-1jojlxEOMkX9Wyqfhe43D6kjPOGqBBKmx3EwWJqZ0cMrFF54yM49.png","contentUrl":"https:\/\/guineediversite.com\/wp-content\/uploads\/2017\/04\/cropped-1jojlxEOMkX9Wyqfhe43D6kjPOGqBBKmx3EwWJqZ0cMrFF54yM49.png","width":186,"height":112,"caption":"Guin\u00e9e Diversit\u00e9"},"image":{"@id":"https:\/\/guineediversite.com\/#\/schema\/logo\/image\/"},"sameAs":["https:\/\/www.facebook.com\/guineediversite\/","https:\/\/x.com\/GuineeDiversite","https:\/\/www.youtube.com\/channel\/UC8sUY16qelG5ge6_D5SB83g"]},{"@type":"Person","@id":"https:\/\/guineediversite.com\/#\/schema\/person\/afa08fb34e7fc6e1feafc892612bc836","name":"Guin\u00e9e Diversit\u00e9","image":{"@type":"ImageObject","inLanguage":"fr-FR","@id":"https:\/\/guineediversite.com\/#\/schema\/person\/image\/","url":"https:\/\/secure.gravatar.com\/avatar\/50d5eb5b390f8b65ac30ac6f898eb83a?s=96&d=mm&r=g","contentUrl":"https:\/\/secure.gravatar.com\/avatar\/50d5eb5b390f8b65ac30ac6f898eb83a?s=96&d=mm&r=g","caption":"Guin\u00e9e Diversit\u00e9"},"url":"https:\/\/guineediversite.com\/index.php\/author\/guineediversite\/"}]}},"_links":{"self":[{"href":"https:\/\/guineediversite.com\/index.php\/wp-json\/wp\/v2\/posts\/19488"}],"collection":[{"href":"https:\/\/guineediversite.com\/index.php\/wp-json\/wp\/v2\/posts"}],"about":[{"href":"https:\/\/guineediversite.com\/index.php\/wp-json\/wp\/v2\/types\/post"}],"author":[{"embeddable":true,"href":"https:\/\/guineediversite.com\/index.php\/wp-json\/wp\/v2\/users\/12"}],"replies":[{"embeddable":true,"href":"https:\/\/guineediversite.com\/index.php\/wp-json\/wp\/v2\/comments?post=19488"}],"version-history":[{"count":0,"href":"https:\/\/guineediversite.com\/index.php\/wp-json\/wp\/v2\/posts\/19488\/revisions"}],"wp:attachment":[{"href":"https:\/\/guineediversite.com\/index.php\/wp-json\/wp\/v2\/media?parent=19488"}],"wp:term":[{"taxonomy":"category","embeddable":true,"href":"https:\/\/guineediversite.com\/index.php\/wp-json\/wp\/v2\/categories?post=19488"},{"taxonomy":"post_tag","embeddable":true,"href":"https:\/\/guineediversite.com\/index.php\/wp-json\/wp\/v2\/tags?post=19488"}],"curies":[{"name":"wp","href":"https:\/\/api.w.org\/{rel}","templated":true}]}}