{"id":19479,"date":"2017-05-15T00:00:00","date_gmt":"2017-05-14T22:00:00","guid":{"rendered":"https:\/\/www.guineediversite.com\/index.php\/2017\/05\/15\/dossier-du-28-septembre-les-defenseurs-des-droits-de-lhomme-exposent-leurs-inquietudes\/"},"modified":"2017-06-02T18:42:25","modified_gmt":"2017-06-02T16:42:25","slug":"dossier-du-28-septembre-les-defenseurs-des-droits-de-lhomme-exposent-leurs-inquietudes","status":"publish","type":"post","link":"https:\/\/guineediversite.com\/index.php\/2017\/05\/15\/dossier-du-28-septembre-les-defenseurs-des-droits-de-lhomme-exposent-leurs-inquietudes\/","title":{"rendered":"Dossier du 28 septembre : les d\u00e9fenseurs des droits de l\u2019homme exposent leurs inqui\u00e9tudes"},"content":{"rendered":"<p><strong>Le pr&eacute;sident de l&rsquo;ONG &quot;M&ecirc;me droit pour tous&quot; Me. Fr&eacute;d&eacute;ric Fromo Loua a r&eacute;cemment pris part &agrave; la 60&egrave;me session de la Commission africaine des droits de l&rsquo;homme qui s&rsquo;est tenue &agrave; Niamey (NIGER). Selon lui, cette session a &eacute;t&eacute; pr&eacute;c&eacute;d&eacute; par la rencontre des ONG sur les diff&eacute;rents cas de violation des droits de l&rsquo;homme et &eacute;ventuellement adopt&eacute; des projets de r&eacute;solution qui sont soumis aux commissaires.<\/strong><\/p>\n<p>&nbsp;<\/p>\n<p>Au cours de cette rencontre des activistes des droits de l&rsquo;homme, Me. Fr&eacute;d&eacute;ric Loua a au nom de &quot;l&rsquo;OGDH et le droit pour tous&quot; demand&eacute; &agrave; la Commission africaine des droits de l&rsquo;homme d&rsquo;user de leur influence et des moyens dont ils disposent, pour que conform&eacute;ment &agrave; ce qu&rsquo;a dit le ministre guin&eacute;en de la justice, qu&rsquo;en 2017 on verra le jugement du dossier &eacute;pineux du 28 septembre.<\/p>\n<p>&nbsp;<\/p>\n<p>Pour le pr&eacute;sident de &quot;M&ecirc;me droit pour tous&quot;, il y a beaucoup d&rsquo;inqui&eacute;tudes par rapport au jugement de ce dossier du 28 septembre. &laquo; L&rsquo;instruction judiciaire n&rsquo;est pas encore boucl&eacute;e, il y a des gens qu&rsquo;on n&rsquo;a aussi &agrave; faire &eacute;couter, le g&eacute;n&eacute;ral S&eacute;kouba Konat&eacute; qui n&rsquo;est pas encore en Guin&eacute;e et il y a beaucoup d&rsquo;autres &eacute;l&eacute;ment en mati&egrave;re d&rsquo;insurrection du dossier qui ne sont pas encore expos&eacute;s &raquo;, a-t-il d&eacute;clar&eacute;.<\/p>\n<p>&nbsp;<\/p>\n<p>Et de poursuivre : &laquo; Nous avons de r&eacute;els motifs d&rsquo;inqui&eacute;tude quant &agrave; la tenue de ce jugement de cette affaire en cette ann&eacute;e, c&rsquo;est pourquoi nous avons demand&eacute; que le gouvernement se d&eacute;cide &agrave; acc&eacute;l&eacute;rer ledit dossier. Et qu&rsquo;en fin 2017 que l&rsquo;on voit le jugement de cette affaire &raquo;.<\/p>\n<p>&nbsp;<\/p>\n<p>Parlant du retrait des avocats de Toumba Diakit&eacute; dans le dossier Me. Fr&eacute;d&eacute;ric Fromo Loua a dit ceci : &laquo; les avocats doivent user de tous les moyens pour d&eacute;fendre leur client, peut-&ecirc;tre leur retrait est temporaire ou strat&eacute;gique pour faire en sorte que leurs demandes soient prises en compte. De toutes les fa&ccedil;ons, ce sont des avocats aguerris et qui ont le droit d&rsquo;user de tous les moyens dont-ils disposent pour arriv&eacute;e &agrave; d&eacute;fendre de mani&egrave;re efficace leurs clients &raquo;.<\/p>\n<p>&nbsp;<\/p>\n<p>Par ailleurs, l&rsquo;un des probl&egrave;mes &eacute;voqu&eacute;s par ce d&eacute;fenseur des droits de l&rsquo;homme, c&rsquo;est la r&eacute;pression violente des agents de force de l&rsquo;ordre lors des manifestions. Il estime que la Guin&eacute;e doit beaucoup s&rsquo;am&eacute;liorer dans ce domaine.<\/p>\n<p>&nbsp;<\/p>\n<p>&laquo; Il n&rsquo;y a pas de manifestation dans notre pays sans que malheureusement on ne d&eacute;nombre des morts tu&eacute;s &agrave; bale r&eacute;elle, ce qui n&rsquo;est pas normal dans un &Eacute;tat de droit comme le n&ocirc;tre. Les forces de s&eacute;curit&eacute; et d&eacute;fense doivent savoir maintenir l&rsquo;ordre, sans n&eacute;cessairement port&eacute;e atteinte &agrave; des vies humaines &raquo;, a-t-il martel&eacute;.&nbsp;<\/p>\n<p><strong>Mohamed Soumah&nbsp;&nbsp;&nbsp;<\/strong><\/p>\n<p><strong><img decoding=\"async\" alt=\"https:\/\/ssl.gstatic.com\/ui\/v1\/icons\/mail\/images\/cleardot.gif\" src=\"file:\/\/\/C:\/Users\/REDACT~1\/AppData\/Local\/Temp\/msohtmlclip1\/01\/clip_image001.gif\" style=\"height:1px; width:1px\" \/><\/strong><\/p>\n<p>&nbsp;<\/p>\n","protected":false},"excerpt":{"rendered":"<p>Le pr&eacute;sident de l&rsquo;ONG &quot;M&ecirc;me droit pour tous&quot; Me. Fr&eacute;d&eacute;ric Fromo Loua a r&eacute;cemment pris part &agrave; la 60&egrave;me session de la Commission africaine des droits de l&rsquo;homme qui s&rsquo;est tenue &agrave; Niamey (NIGER). Selon lui, cette session a &eacute;t&eacute; pr&eacute;c&eacute;d&eacute; par la rencontre des ONG sur les diff&eacute;rents cas de violation des droits de [&hellip;]<\/p>\n","protected":false},"author":12,"featured_media":0,"comment_status":"open","ping_status":"open","sticky":false,"template":"","format":"standard","meta":{"_exactmetrics_skip_tracking":false,"_exactmetrics_sitenote_active":false,"_exactmetrics_sitenote_note":"","_exactmetrics_sitenote_category":0,"tdm_status":"","tdm_grid_status":"","footnotes":""},"categories":[14,16],"tags":[],"class_list":{"0":"post-19479","1":"post","2":"type-post","3":"status-publish","4":"format-standard","6":"category-politique","7":"category-societe"},"yoast_head":"<!-- This site is optimized with the Yoast SEO plugin v24.2 - https:\/\/yoast.com\/wordpress\/plugins\/seo\/ -->\n<title>Dossier du 28 septembre : les d\u00e9fenseurs des droits de l\u2019homme exposent leurs inqui\u00e9tudes | Guin\u00e9e Diversit\u00e9<\/title>\n<meta name=\"robots\" content=\"index, follow, max-snippet:-1, max-image-preview:large, max-video-preview:-1\" \/>\n<link rel=\"canonical\" href=\"https:\/\/guineediversite.com\/index.php\/2017\/05\/15\/dossier-du-28-septembre-les-defenseurs-des-droits-de-lhomme-exposent-leurs-inquietudes\/\" \/>\n<meta property=\"og:locale\" content=\"fr_FR\" \/>\n<meta property=\"og:type\" content=\"article\" \/>\n<meta property=\"og:title\" content=\"Dossier du 28 septembre : les d\u00e9fenseurs des droits de l\u2019homme exposent leurs inqui\u00e9tudes | Guin\u00e9e Diversit\u00e9\" \/>\n<meta property=\"og:description\" content=\"Le pr&eacute;sident de l&rsquo;ONG &quot;M&ecirc;me droit pour tous&quot; Me. Fr&eacute;d&eacute;ric Fromo Loua a r&eacute;cemment pris part &agrave; la 60&egrave;me session de la Commission africaine des droits de l&rsquo;homme qui s&rsquo;est tenue &agrave; Niamey (NIGER). Selon lui, cette session a &eacute;t&eacute; pr&eacute;c&eacute;d&eacute; par la rencontre des ONG sur les diff&eacute;rents cas de violation des droits de [&hellip;]\" \/>\n<meta property=\"og:url\" content=\"https:\/\/guineediversite.com\/index.php\/2017\/05\/15\/dossier-du-28-septembre-les-defenseurs-des-droits-de-lhomme-exposent-leurs-inquietudes\/\" \/>\n<meta property=\"og:site_name\" content=\"Guin\u00e9e Diversit\u00e9\" \/>\n<meta property=\"article:publisher\" content=\"https:\/\/www.facebook.com\/guineediversite\/\" \/>\n<meta property=\"article:published_time\" content=\"2017-05-14T22:00:00+00:00\" \/>\n<meta property=\"article:modified_time\" content=\"2017-06-02T16:42:25+00:00\" \/>\n<meta property=\"og:image\" content=\"\" \/>\n<meta name=\"author\" content=\"Guin\u00e9e Diversit\u00e9\" \/>\n<meta name=\"twitter:card\" content=\"summary_large_image\" \/>\n<meta name=\"twitter:creator\" content=\"@GuineeDiversite\" \/>\n<meta name=\"twitter:site\" content=\"@GuineeDiversite\" \/>\n<meta name=\"twitter:label1\" content=\"\u00c9crit par\" \/>\n\t<meta name=\"twitter:data1\" content=\"Guin\u00e9e Diversit\u00e9\" \/>\n\t<meta name=\"twitter:label2\" content=\"Dur\u00e9e de lecture estim\u00e9e\" \/>\n\t<meta name=\"twitter:data2\" content=\"3 minutes\" \/>\n<script type=\"application\/ld+json\" class=\"yoast-schema-graph\">{\"@context\":\"https:\/\/schema.org\",\"@graph\":[{\"@type\":\"Article\",\"@id\":\"https:\/\/guineediversite.com\/index.php\/2017\/05\/15\/dossier-du-28-septembre-les-defenseurs-des-droits-de-lhomme-exposent-leurs-inquietudes\/#article\",\"isPartOf\":{\"@id\":\"https:\/\/guineediversite.com\/index.php\/2017\/05\/15\/dossier-du-28-septembre-les-defenseurs-des-droits-de-lhomme-exposent-leurs-inquietudes\/\"},\"author\":{\"name\":\"Guin\u00e9e Diversit\u00e9\",\"@id\":\"https:\/\/guineediversite.com\/#\/schema\/person\/afa08fb34e7fc6e1feafc892612bc836\"},\"headline\":\"Dossier du 28 septembre : les d\u00e9fenseurs des droits de l\u2019homme exposent leurs inqui\u00e9tudes\",\"datePublished\":\"2017-05-14T22:00:00+00:00\",\"dateModified\":\"2017-06-02T16:42:25+00:00\",\"mainEntityOfPage\":{\"@id\":\"https:\/\/guineediversite.com\/index.php\/2017\/05\/15\/dossier-du-28-septembre-les-defenseurs-des-droits-de-lhomme-exposent-leurs-inquietudes\/\"},\"wordCount\":649,\"commentCount\":0,\"publisher\":{\"@id\":\"https:\/\/guineediversite.com\/#organization\"},\"image\":{\"@id\":\"https:\/\/guineediversite.com\/index.php\/2017\/05\/15\/dossier-du-28-septembre-les-defenseurs-des-droits-de-lhomme-exposent-leurs-inquietudes\/#primaryimage\"},\"thumbnailUrl\":\"file:\/\/\/C:\/Users\/REDACT~1\/AppData\/Local\/Temp\/msohtmlclip1\/01\/clip_image001.gif\",\"articleSection\":[\"Politique\",\"Soci\u00e9t\u00e9\"],\"inLanguage\":\"fr-FR\",\"potentialAction\":[{\"@type\":\"CommentAction\",\"name\":\"Comment\",\"target\":[\"https:\/\/guineediversite.com\/index.php\/2017\/05\/15\/dossier-du-28-septembre-les-defenseurs-des-droits-de-lhomme-exposent-leurs-inquietudes\/#respond\"]}]},{\"@type\":\"WebPage\",\"@id\":\"https:\/\/guineediversite.com\/index.php\/2017\/05\/15\/dossier-du-28-septembre-les-defenseurs-des-droits-de-lhomme-exposent-leurs-inquietudes\/\",\"url\":\"https:\/\/guineediversite.com\/index.php\/2017\/05\/15\/dossier-du-28-septembre-les-defenseurs-des-droits-de-lhomme-exposent-leurs-inquietudes\/\",\"name\":\"Dossier du 28 septembre : les d\u00e9fenseurs des droits de l\u2019homme exposent leurs inqui\u00e9tudes | Guin\u00e9e Diversit\u00e9\",\"isPartOf\":{\"@id\":\"https:\/\/guineediversite.com\/#website\"},\"primaryImageOfPage\":{\"@id\":\"https:\/\/guineediversite.com\/index.php\/2017\/05\/15\/dossier-du-28-septembre-les-defenseurs-des-droits-de-lhomme-exposent-leurs-inquietudes\/#primaryimage\"},\"image\":{\"@id\":\"https:\/\/guineediversite.com\/index.php\/2017\/05\/15\/dossier-du-28-septembre-les-defenseurs-des-droits-de-lhomme-exposent-leurs-inquietudes\/#primaryimage\"},\"thumbnailUrl\":\"file:\/\/\/C:\/Users\/REDACT~1\/AppData\/Local\/Temp\/msohtmlclip1\/01\/clip_image001.gif\",\"datePublished\":\"2017-05-14T22:00:00+00:00\",\"dateModified\":\"2017-06-02T16:42:25+00:00\",\"breadcrumb\":{\"@id\":\"https:\/\/guineediversite.com\/index.php\/2017\/05\/15\/dossier-du-28-septembre-les-defenseurs-des-droits-de-lhomme-exposent-leurs-inquietudes\/#breadcrumb\"},\"inLanguage\":\"fr-FR\",\"potentialAction\":[{\"@type\":\"ReadAction\",\"target\":[\"https:\/\/guineediversite.com\/index.php\/2017\/05\/15\/dossier-du-28-septembre-les-defenseurs-des-droits-de-lhomme-exposent-leurs-inquietudes\/\"]}]},{\"@type\":\"ImageObject\",\"inLanguage\":\"fr-FR\",\"@id\":\"https:\/\/guineediversite.com\/index.php\/2017\/05\/15\/dossier-du-28-septembre-les-defenseurs-des-droits-de-lhomme-exposent-leurs-inquietudes\/#primaryimage\",\"url\":\"file:\/\/\/C:\/Users\/REDACT~1\/AppData\/Local\/Temp\/msohtmlclip1\/01\/clip_image001.gif\",\"contentUrl\":\"file:\/\/\/C:\/Users\/REDACT~1\/AppData\/Local\/Temp\/msohtmlclip1\/01\/clip_image001.gif\"},{\"@type\":\"BreadcrumbList\",\"@id\":\"https:\/\/guineediversite.com\/index.php\/2017\/05\/15\/dossier-du-28-septembre-les-defenseurs-des-droits-de-lhomme-exposent-leurs-inquietudes\/#breadcrumb\",\"itemListElement\":[{\"@type\":\"ListItem\",\"position\":1,\"name\":\"Accueil\",\"item\":\"https:\/\/guineediversite.com\/\"},{\"@type\":\"ListItem\",\"position\":2,\"name\":\"Dossier du 28 septembre : les d\u00e9fenseurs des droits de l\u2019homme exposent leurs inqui\u00e9tudes\"}]},{\"@type\":\"WebSite\",\"@id\":\"https:\/\/guineediversite.com\/#website\",\"url\":\"https:\/\/guineediversite.com\/\",\"name\":\"Guin\u00e9e Diversit\u00e9\",\"description\":\"L&#039;Info dans toute sa diversit\u00e9\",\"publisher\":{\"@id\":\"https:\/\/guineediversite.com\/#organization\"},\"potentialAction\":[{\"@type\":\"SearchAction\",\"target\":{\"@type\":\"EntryPoint\",\"urlTemplate\":\"https:\/\/guineediversite.com\/?s={search_term_string}\"},\"query-input\":{\"@type\":\"PropertyValueSpecification\",\"valueRequired\":true,\"valueName\":\"search_term_string\"}}],\"inLanguage\":\"fr-FR\"},{\"@type\":\"Organization\",\"@id\":\"https:\/\/guineediversite.com\/#organization\",\"name\":\"Guin\u00e9e Diversit\u00e9\",\"url\":\"https:\/\/guineediversite.com\/\",\"logo\":{\"@type\":\"ImageObject\",\"inLanguage\":\"fr-FR\",\"@id\":\"https:\/\/guineediversite.com\/#\/schema\/logo\/image\/\",\"url\":\"https:\/\/guineediversite.com\/wp-content\/uploads\/2017\/04\/cropped-1jojlxEOMkX9Wyqfhe43D6kjPOGqBBKmx3EwWJqZ0cMrFF54yM49.png\",\"contentUrl\":\"https:\/\/guineediversite.com\/wp-content\/uploads\/2017\/04\/cropped-1jojlxEOMkX9Wyqfhe43D6kjPOGqBBKmx3EwWJqZ0cMrFF54yM49.png\",\"width\":186,\"height\":112,\"caption\":\"Guin\u00e9e Diversit\u00e9\"},\"image\":{\"@id\":\"https:\/\/guineediversite.com\/#\/schema\/logo\/image\/\"},\"sameAs\":[\"https:\/\/www.facebook.com\/guineediversite\/\",\"https:\/\/x.com\/GuineeDiversite\",\"https:\/\/www.youtube.com\/channel\/UC8sUY16qelG5ge6_D5SB83g\"]},{\"@type\":\"Person\",\"@id\":\"https:\/\/guineediversite.com\/#\/schema\/person\/afa08fb34e7fc6e1feafc892612bc836\",\"name\":\"Guin\u00e9e Diversit\u00e9\",\"image\":{\"@type\":\"ImageObject\",\"inLanguage\":\"fr-FR\",\"@id\":\"https:\/\/guineediversite.com\/#\/schema\/person\/image\/\",\"url\":\"https:\/\/secure.gravatar.com\/avatar\/50d5eb5b390f8b65ac30ac6f898eb83a?s=96&d=mm&r=g\",\"contentUrl\":\"https:\/\/secure.gravatar.com\/avatar\/50d5eb5b390f8b65ac30ac6f898eb83a?s=96&d=mm&r=g\",\"caption\":\"Guin\u00e9e Diversit\u00e9\"},\"url\":\"https:\/\/guineediversite.com\/index.php\/author\/guineediversite\/\"}]}<\/script>\n<!-- \/ Yoast SEO plugin. -->","yoast_head_json":{"title":"Dossier du 28 septembre : les d\u00e9fenseurs des droits de l\u2019homme exposent leurs inqui\u00e9tudes | Guin\u00e9e Diversit\u00e9","robots":{"index":"index","follow":"follow","max-snippet":"max-snippet:-1","max-image-preview":"max-image-preview:large","max-video-preview":"max-video-preview:-1"},"canonical":"https:\/\/guineediversite.com\/index.php\/2017\/05\/15\/dossier-du-28-septembre-les-defenseurs-des-droits-de-lhomme-exposent-leurs-inquietudes\/","og_locale":"fr_FR","og_type":"article","og_title":"Dossier du 28 septembre : les d\u00e9fenseurs des droits de l\u2019homme exposent leurs inqui\u00e9tudes | Guin\u00e9e Diversit\u00e9","og_description":"Le pr&eacute;sident de l&rsquo;ONG &quot;M&ecirc;me droit pour tous&quot; Me. Fr&eacute;d&eacute;ric Fromo Loua a r&eacute;cemment pris part &agrave; la 60&egrave;me session de la Commission africaine des droits de l&rsquo;homme qui s&rsquo;est tenue &agrave; Niamey (NIGER). Selon lui, cette session a &eacute;t&eacute; pr&eacute;c&eacute;d&eacute; par la rencontre des ONG sur les diff&eacute;rents cas de violation des droits de [&hellip;]","og_url":"https:\/\/guineediversite.com\/index.php\/2017\/05\/15\/dossier-du-28-septembre-les-defenseurs-des-droits-de-lhomme-exposent-leurs-inquietudes\/","og_site_name":"Guin\u00e9e Diversit\u00e9","article_publisher":"https:\/\/www.facebook.com\/guineediversite\/","article_published_time":"2017-05-14T22:00:00+00:00","article_modified_time":"2017-06-02T16:42:25+00:00","og_image":[{"url":"file:\/\/\/C:\/Users\/REDACT~1\/AppData\/Local\/Temp\/msohtmlclip1\/01\/clip_image001.gif","type":"","width":"","height":""}],"author":"Guin\u00e9e Diversit\u00e9","twitter_card":"summary_large_image","twitter_creator":"@GuineeDiversite","twitter_site":"@GuineeDiversite","twitter_misc":{"\u00c9crit par":"Guin\u00e9e Diversit\u00e9","Dur\u00e9e de lecture estim\u00e9e":"3 minutes"},"schema":{"@context":"https:\/\/schema.org","@graph":[{"@type":"Article","@id":"https:\/\/guineediversite.com\/index.php\/2017\/05\/15\/dossier-du-28-septembre-les-defenseurs-des-droits-de-lhomme-exposent-leurs-inquietudes\/#article","isPartOf":{"@id":"https:\/\/guineediversite.com\/index.php\/2017\/05\/15\/dossier-du-28-septembre-les-defenseurs-des-droits-de-lhomme-exposent-leurs-inquietudes\/"},"author":{"name":"Guin\u00e9e Diversit\u00e9","@id":"https:\/\/guineediversite.com\/#\/schema\/person\/afa08fb34e7fc6e1feafc892612bc836"},"headline":"Dossier du 28 septembre : les d\u00e9fenseurs des droits de l\u2019homme exposent leurs inqui\u00e9tudes","datePublished":"2017-05-14T22:00:00+00:00","dateModified":"2017-06-02T16:42:25+00:00","mainEntityOfPage":{"@id":"https:\/\/guineediversite.com\/index.php\/2017\/05\/15\/dossier-du-28-septembre-les-defenseurs-des-droits-de-lhomme-exposent-leurs-inquietudes\/"},"wordCount":649,"commentCount":0,"publisher":{"@id":"https:\/\/guineediversite.com\/#organization"},"image":{"@id":"https:\/\/guineediversite.com\/index.php\/2017\/05\/15\/dossier-du-28-septembre-les-defenseurs-des-droits-de-lhomme-exposent-leurs-inquietudes\/#primaryimage"},"thumbnailUrl":"file:\/\/\/C:\/Users\/REDACT~1\/AppData\/Local\/Temp\/msohtmlclip1\/01\/clip_image001.gif","articleSection":["Politique","Soci\u00e9t\u00e9"],"inLanguage":"fr-FR","potentialAction":[{"@type":"CommentAction","name":"Comment","target":["https:\/\/guineediversite.com\/index.php\/2017\/05\/15\/dossier-du-28-septembre-les-defenseurs-des-droits-de-lhomme-exposent-leurs-inquietudes\/#respond"]}]},{"@type":"WebPage","@id":"https:\/\/guineediversite.com\/index.php\/2017\/05\/15\/dossier-du-28-septembre-les-defenseurs-des-droits-de-lhomme-exposent-leurs-inquietudes\/","url":"https:\/\/guineediversite.com\/index.php\/2017\/05\/15\/dossier-du-28-septembre-les-defenseurs-des-droits-de-lhomme-exposent-leurs-inquietudes\/","name":"Dossier du 28 septembre : les d\u00e9fenseurs des droits de l\u2019homme exposent leurs inqui\u00e9tudes | Guin\u00e9e Diversit\u00e9","isPartOf":{"@id":"https:\/\/guineediversite.com\/#website"},"primaryImageOfPage":{"@id":"https:\/\/guineediversite.com\/index.php\/2017\/05\/15\/dossier-du-28-septembre-les-defenseurs-des-droits-de-lhomme-exposent-leurs-inquietudes\/#primaryimage"},"image":{"@id":"https:\/\/guineediversite.com\/index.php\/2017\/05\/15\/dossier-du-28-septembre-les-defenseurs-des-droits-de-lhomme-exposent-leurs-inquietudes\/#primaryimage"},"thumbnailUrl":"file:\/\/\/C:\/Users\/REDACT~1\/AppData\/Local\/Temp\/msohtmlclip1\/01\/clip_image001.gif","datePublished":"2017-05-14T22:00:00+00:00","dateModified":"2017-06-02T16:42:25+00:00","breadcrumb":{"@id":"https:\/\/guineediversite.com\/index.php\/2017\/05\/15\/dossier-du-28-septembre-les-defenseurs-des-droits-de-lhomme-exposent-leurs-inquietudes\/#breadcrumb"},"inLanguage":"fr-FR","potentialAction":[{"@type":"ReadAction","target":["https:\/\/guineediversite.com\/index.php\/2017\/05\/15\/dossier-du-28-septembre-les-defenseurs-des-droits-de-lhomme-exposent-leurs-inquietudes\/"]}]},{"@type":"ImageObject","inLanguage":"fr-FR","@id":"https:\/\/guineediversite.com\/index.php\/2017\/05\/15\/dossier-du-28-septembre-les-defenseurs-des-droits-de-lhomme-exposent-leurs-inquietudes\/#primaryimage","url":"file:\/\/\/C:\/Users\/REDACT~1\/AppData\/Local\/Temp\/msohtmlclip1\/01\/clip_image001.gif","contentUrl":"file:\/\/\/C:\/Users\/REDACT~1\/AppData\/Local\/Temp\/msohtmlclip1\/01\/clip_image001.gif"},{"@type":"BreadcrumbList","@id":"https:\/\/guineediversite.com\/index.php\/2017\/05\/15\/dossier-du-28-septembre-les-defenseurs-des-droits-de-lhomme-exposent-leurs-inquietudes\/#breadcrumb","itemListElement":[{"@type":"ListItem","position":1,"name":"Accueil","item":"https:\/\/guineediversite.com\/"},{"@type":"ListItem","position":2,"name":"Dossier du 28 septembre : les d\u00e9fenseurs des droits de l\u2019homme exposent leurs inqui\u00e9tudes"}]},{"@type":"WebSite","@id":"https:\/\/guineediversite.com\/#website","url":"https:\/\/guineediversite.com\/","name":"Guin\u00e9e Diversit\u00e9","description":"L&#039;Info dans toute sa diversit\u00e9","publisher":{"@id":"https:\/\/guineediversite.com\/#organization"},"potentialAction":[{"@type":"SearchAction","target":{"@type":"EntryPoint","urlTemplate":"https:\/\/guineediversite.com\/?s={search_term_string}"},"query-input":{"@type":"PropertyValueSpecification","valueRequired":true,"valueName":"search_term_string"}}],"inLanguage":"fr-FR"},{"@type":"Organization","@id":"https:\/\/guineediversite.com\/#organization","name":"Guin\u00e9e Diversit\u00e9","url":"https:\/\/guineediversite.com\/","logo":{"@type":"ImageObject","inLanguage":"fr-FR","@id":"https:\/\/guineediversite.com\/#\/schema\/logo\/image\/","url":"https:\/\/guineediversite.com\/wp-content\/uploads\/2017\/04\/cropped-1jojlxEOMkX9Wyqfhe43D6kjPOGqBBKmx3EwWJqZ0cMrFF54yM49.png","contentUrl":"https:\/\/guineediversite.com\/wp-content\/uploads\/2017\/04\/cropped-1jojlxEOMkX9Wyqfhe43D6kjPOGqBBKmx3EwWJqZ0cMrFF54yM49.png","width":186,"height":112,"caption":"Guin\u00e9e Diversit\u00e9"},"image":{"@id":"https:\/\/guineediversite.com\/#\/schema\/logo\/image\/"},"sameAs":["https:\/\/www.facebook.com\/guineediversite\/","https:\/\/x.com\/GuineeDiversite","https:\/\/www.youtube.com\/channel\/UC8sUY16qelG5ge6_D5SB83g"]},{"@type":"Person","@id":"https:\/\/guineediversite.com\/#\/schema\/person\/afa08fb34e7fc6e1feafc892612bc836","name":"Guin\u00e9e Diversit\u00e9","image":{"@type":"ImageObject","inLanguage":"fr-FR","@id":"https:\/\/guineediversite.com\/#\/schema\/person\/image\/","url":"https:\/\/secure.gravatar.com\/avatar\/50d5eb5b390f8b65ac30ac6f898eb83a?s=96&d=mm&r=g","contentUrl":"https:\/\/secure.gravatar.com\/avatar\/50d5eb5b390f8b65ac30ac6f898eb83a?s=96&d=mm&r=g","caption":"Guin\u00e9e Diversit\u00e9"},"url":"https:\/\/guineediversite.com\/index.php\/author\/guineediversite\/"}]}},"_links":{"self":[{"href":"https:\/\/guineediversite.com\/index.php\/wp-json\/wp\/v2\/posts\/19479"}],"collection":[{"href":"https:\/\/guineediversite.com\/index.php\/wp-json\/wp\/v2\/posts"}],"about":[{"href":"https:\/\/guineediversite.com\/index.php\/wp-json\/wp\/v2\/types\/post"}],"author":[{"embeddable":true,"href":"https:\/\/guineediversite.com\/index.php\/wp-json\/wp\/v2\/users\/12"}],"replies":[{"embeddable":true,"href":"https:\/\/guineediversite.com\/index.php\/wp-json\/wp\/v2\/comments?post=19479"}],"version-history":[{"count":0,"href":"https:\/\/guineediversite.com\/index.php\/wp-json\/wp\/v2\/posts\/19479\/revisions"}],"wp:attachment":[{"href":"https:\/\/guineediversite.com\/index.php\/wp-json\/wp\/v2\/media?parent=19479"}],"wp:term":[{"taxonomy":"category","embeddable":true,"href":"https:\/\/guineediversite.com\/index.php\/wp-json\/wp\/v2\/categories?post=19479"},{"taxonomy":"post_tag","embeddable":true,"href":"https:\/\/guineediversite.com\/index.php\/wp-json\/wp\/v2\/tags?post=19479"}],"curies":[{"name":"wp","href":"https:\/\/api.w.org\/{rel}","templated":true}]}}