{"id":19469,"date":"2017-05-12T00:00:00","date_gmt":"2017-05-11T22:00:00","guid":{"rendered":"https:\/\/www.guineediversite.com\/index.php\/2017\/05\/12\/ministere-du-commerce-une-delegation-du-groupe-des-acp-felicite-le-ministre-du-commerce\/"},"modified":"2017-06-02T18:51:29","modified_gmt":"2017-06-02T16:51:29","slug":"ministere-du-commerce-une-delegation-du-groupe-des-acp-felicite-le-ministre-du-commerce","status":"publish","type":"post","link":"https:\/\/guineediversite.com\/index.php\/2017\/05\/12\/ministere-du-commerce-une-delegation-du-groupe-des-acp-felicite-le-ministre-du-commerce\/","title":{"rendered":"Minist\u00e8re du commerce : une d\u00e9l\u00e9gation du groupe des ACP f\u00e9licite le ministre du commerce."},"content":{"rendered":"<p>Une d&eacute;l&eacute;gation du groupe des pays Afrique-Cara&iuml;be-Pacifique (ACP) a boucl&eacute; sa visite de travail &agrave; Conakry. Cette d&eacute;l&eacute;gation&nbsp;conduite par l&rsquo;ambassadeur de la Guin&eacute;e &agrave; Bruxelles &eacute;tait compos&eacute; de Dr patrice Ignatus Gomez, secr&eacute;taire g&eacute;n&eacute;ral de l&rsquo;ACP et Teshometoga Chanaka ambassadeur de&nbsp;l&rsquo;Ethiopie en Bruxelles. Elle&nbsp;&eacute;tait venue solliciter le soutien de l&rsquo;Etat Guin&eacute;en dans les futures n&eacute;gociations du groupe ACP avec l&rsquo;Union Europ&eacute;enne. Apr&egrave;s avoir rencontr&eacute; successivement le chef de l&rsquo;Etat, le premier ministre et quelques membres du gouvernement, ces diplomates ont &eacute;t&eacute; re&ccedil;ues par le ministre du commerce Marc Yombouno mercredi&nbsp;10 mai 2017.<\/p>\n<p>Les accords de partenariat &eacute;conomique entre les Etats membres de l&rsquo;ACP et l&rsquo;Union Europ&eacute;enne &eacute;taient au menu de la rencontre.<\/p>\n<p>A cot&eacute; de cela, la d&eacute;l&eacute;gation a &eacute;galement remerci&eacute; le chef de d&eacute;partement du commerce pour son apport dans ces n&eacute;gociations.&nbsp;<em>&laquo;&nbsp;Monsieur le ministre du commerce &agrave; jou&eacute; un grand r&ocirc;le dans ces n&eacute;gociations. Il est comp&eacute;tent, efficace et tr&egrave;s engag&eacute;. Il est all&eacute; dignement repr&eacute;senter la Guin&eacute;e &agrave; Bruxelles en pr&eacute;sidant et co-pr&eacute;sidant la conf&eacute;rence des ministres du commerce des ACP et de l&rsquo;Union Europ&eacute;enne. Une premi&egrave;re pour la Guin&eacute;e. Il a men&eacute; cette pr&eacute;sidence avec brio et &ccedil;a &eacute;t&eacute; un grand succ&egrave;s pour la Guin&eacute;e. Nous sommes venus donc le remercier pour &ccedil;a, et nous l&rsquo;attendons au mois d&rsquo;octobre pour la prochaine rencontre des ministres du commerce de l&rsquo;ACP&nbsp;&raquo;<\/em>&nbsp;d&eacute;clare Dr Ousmane Sylla, ambassadeur de la Guin&eacute;e aupr&egrave;s des pays du Benelux et de l&rsquo;Union Europ&eacute;enne.<\/p>\n<p>Ces n&eacute;gociations avec l&rsquo;union l&rsquo;Europ&eacute;enne vise &agrave; renouveler les accords de Cotonou qui expirent en 2020. Le ministre du commerce s&rsquo;est dit honor&eacute; de cette visite et a r&eacute;affirm&eacute; sa volont&eacute; &agrave; &oelig;uvrer pour l&rsquo;atteinte des objectifs de l&rsquo;ACP.<\/p>\n<p>Plus loin, le diplomate guin&eacute;en s&rsquo;est f&eacute;licit&eacute; des r&eacute;sultats obtenus &agrave; terme de cette visite.&nbsp;<em>&laquo;&nbsp;Nous sommes heureux de vous dire que nous avons eu le soutien de tous ceux avec qui nous avons rencontr&eacute;&nbsp;&raquo;<\/em>&nbsp;a conclu Dr Ousmane.<\/p>\n<p>Lopez Faya Yombouno<\/p>\n","protected":false},"excerpt":{"rendered":"<p>Une d&eacute;l&eacute;gation du groupe des pays Afrique-Cara&iuml;be-Pacifique (ACP) a boucl&eacute; sa visite de travail &agrave; Conakry. Cette d&eacute;l&eacute;gation&nbsp;conduite par l&rsquo;ambassadeur de la Guin&eacute;e &agrave; Bruxelles &eacute;tait compos&eacute; de Dr patrice Ignatus Gomez, secr&eacute;taire g&eacute;n&eacute;ral de l&rsquo;ACP et Teshometoga Chanaka ambassadeur de&nbsp;l&rsquo;Ethiopie en Bruxelles. Elle&nbsp;&eacute;tait venue solliciter le soutien de l&rsquo;Etat Guin&eacute;en dans les futures n&eacute;gociations [&hellip;]<\/p>\n","protected":false},"author":12,"featured_media":0,"comment_status":"open","ping_status":"open","sticky":false,"template":"","format":"standard","meta":{"_exactmetrics_skip_tracking":false,"_exactmetrics_sitenote_active":false,"_exactmetrics_sitenote_note":"","_exactmetrics_sitenote_category":0,"tdm_status":"","tdm_grid_status":"","footnotes":""},"categories":[28],"tags":[],"class_list":{"0":"post-19469","1":"post","2":"type-post","3":"status-publish","4":"format-standard","6":"category-archives"},"yoast_head":"<!-- This site is optimized with the Yoast SEO plugin v24.2 - https:\/\/yoast.com\/wordpress\/plugins\/seo\/ -->\n<title>Minist\u00e8re du commerce : une d\u00e9l\u00e9gation du groupe des ACP f\u00e9licite le ministre du commerce. | Guin\u00e9e Diversit\u00e9<\/title>\n<meta name=\"robots\" content=\"index, follow, max-snippet:-1, max-image-preview:large, max-video-preview:-1\" \/>\n<link rel=\"canonical\" href=\"https:\/\/guineediversite.com\/index.php\/2017\/05\/12\/ministere-du-commerce-une-delegation-du-groupe-des-acp-felicite-le-ministre-du-commerce\/\" \/>\n<meta property=\"og:locale\" content=\"fr_FR\" \/>\n<meta property=\"og:type\" content=\"article\" \/>\n<meta property=\"og:title\" content=\"Minist\u00e8re du commerce : une d\u00e9l\u00e9gation du groupe des ACP f\u00e9licite le ministre du commerce. | Guin\u00e9e Diversit\u00e9\" \/>\n<meta property=\"og:description\" content=\"Une d&eacute;l&eacute;gation du groupe des pays Afrique-Cara&iuml;be-Pacifique (ACP) a boucl&eacute; sa visite de travail &agrave; Conakry. Cette d&eacute;l&eacute;gation&nbsp;conduite par l&rsquo;ambassadeur de la Guin&eacute;e &agrave; Bruxelles &eacute;tait compos&eacute; de Dr patrice Ignatus Gomez, secr&eacute;taire g&eacute;n&eacute;ral de l&rsquo;ACP et Teshometoga Chanaka ambassadeur de&nbsp;l&rsquo;Ethiopie en Bruxelles. Elle&nbsp;&eacute;tait venue solliciter le soutien de l&rsquo;Etat Guin&eacute;en dans les futures n&eacute;gociations [&hellip;]\" \/>\n<meta property=\"og:url\" content=\"https:\/\/guineediversite.com\/index.php\/2017\/05\/12\/ministere-du-commerce-une-delegation-du-groupe-des-acp-felicite-le-ministre-du-commerce\/\" \/>\n<meta property=\"og:site_name\" content=\"Guin\u00e9e Diversit\u00e9\" \/>\n<meta property=\"article:publisher\" content=\"https:\/\/www.facebook.com\/guineediversite\/\" \/>\n<meta property=\"article:published_time\" content=\"2017-05-11T22:00:00+00:00\" \/>\n<meta property=\"article:modified_time\" content=\"2017-06-02T16:51:29+00:00\" \/>\n<meta name=\"author\" content=\"Guin\u00e9e Diversit\u00e9\" \/>\n<meta name=\"twitter:card\" content=\"summary_large_image\" \/>\n<meta name=\"twitter:creator\" content=\"@GuineeDiversite\" \/>\n<meta name=\"twitter:site\" content=\"@GuineeDiversite\" \/>\n<meta name=\"twitter:label1\" content=\"\u00c9crit par\" \/>\n\t<meta name=\"twitter:data1\" content=\"Guin\u00e9e Diversit\u00e9\" \/>\n\t<meta name=\"twitter:label2\" content=\"Dur\u00e9e de lecture estim\u00e9e\" \/>\n\t<meta name=\"twitter:data2\" content=\"2 minutes\" \/>\n<script type=\"application\/ld+json\" class=\"yoast-schema-graph\">{\"@context\":\"https:\/\/schema.org\",\"@graph\":[{\"@type\":\"Article\",\"@id\":\"https:\/\/guineediversite.com\/index.php\/2017\/05\/12\/ministere-du-commerce-une-delegation-du-groupe-des-acp-felicite-le-ministre-du-commerce\/#article\",\"isPartOf\":{\"@id\":\"https:\/\/guineediversite.com\/index.php\/2017\/05\/12\/ministere-du-commerce-une-delegation-du-groupe-des-acp-felicite-le-ministre-du-commerce\/\"},\"author\":{\"name\":\"Guin\u00e9e Diversit\u00e9\",\"@id\":\"https:\/\/guineediversite.com\/#\/schema\/person\/afa08fb34e7fc6e1feafc892612bc836\"},\"headline\":\"Minist\u00e8re du commerce : une d\u00e9l\u00e9gation du groupe des ACP f\u00e9licite le ministre du commerce.\",\"datePublished\":\"2017-05-11T22:00:00+00:00\",\"dateModified\":\"2017-06-02T16:51:29+00:00\",\"mainEntityOfPage\":{\"@id\":\"https:\/\/guineediversite.com\/index.php\/2017\/05\/12\/ministere-du-commerce-une-delegation-du-groupe-des-acp-felicite-le-ministre-du-commerce\/\"},\"wordCount\":508,\"commentCount\":0,\"publisher\":{\"@id\":\"https:\/\/guineediversite.com\/#organization\"},\"articleSection\":[\"Archives\"],\"inLanguage\":\"fr-FR\",\"potentialAction\":[{\"@type\":\"CommentAction\",\"name\":\"Comment\",\"target\":[\"https:\/\/guineediversite.com\/index.php\/2017\/05\/12\/ministere-du-commerce-une-delegation-du-groupe-des-acp-felicite-le-ministre-du-commerce\/#respond\"]}]},{\"@type\":\"WebPage\",\"@id\":\"https:\/\/guineediversite.com\/index.php\/2017\/05\/12\/ministere-du-commerce-une-delegation-du-groupe-des-acp-felicite-le-ministre-du-commerce\/\",\"url\":\"https:\/\/guineediversite.com\/index.php\/2017\/05\/12\/ministere-du-commerce-une-delegation-du-groupe-des-acp-felicite-le-ministre-du-commerce\/\",\"name\":\"Minist\u00e8re du commerce : une d\u00e9l\u00e9gation du groupe des ACP f\u00e9licite le ministre du commerce. | Guin\u00e9e Diversit\u00e9\",\"isPartOf\":{\"@id\":\"https:\/\/guineediversite.com\/#website\"},\"datePublished\":\"2017-05-11T22:00:00+00:00\",\"dateModified\":\"2017-06-02T16:51:29+00:00\",\"breadcrumb\":{\"@id\":\"https:\/\/guineediversite.com\/index.php\/2017\/05\/12\/ministere-du-commerce-une-delegation-du-groupe-des-acp-felicite-le-ministre-du-commerce\/#breadcrumb\"},\"inLanguage\":\"fr-FR\",\"potentialAction\":[{\"@type\":\"ReadAction\",\"target\":[\"https:\/\/guineediversite.com\/index.php\/2017\/05\/12\/ministere-du-commerce-une-delegation-du-groupe-des-acp-felicite-le-ministre-du-commerce\/\"]}]},{\"@type\":\"BreadcrumbList\",\"@id\":\"https:\/\/guineediversite.com\/index.php\/2017\/05\/12\/ministere-du-commerce-une-delegation-du-groupe-des-acp-felicite-le-ministre-du-commerce\/#breadcrumb\",\"itemListElement\":[{\"@type\":\"ListItem\",\"position\":1,\"name\":\"Accueil\",\"item\":\"https:\/\/guineediversite.com\/\"},{\"@type\":\"ListItem\",\"position\":2,\"name\":\"Minist\u00e8re du commerce : une d\u00e9l\u00e9gation du groupe des ACP f\u00e9licite le ministre du commerce.\"}]},{\"@type\":\"WebSite\",\"@id\":\"https:\/\/guineediversite.com\/#website\",\"url\":\"https:\/\/guineediversite.com\/\",\"name\":\"Guin\u00e9e Diversit\u00e9\",\"description\":\"L&#039;Info dans toute sa diversit\u00e9\",\"publisher\":{\"@id\":\"https:\/\/guineediversite.com\/#organization\"},\"potentialAction\":[{\"@type\":\"SearchAction\",\"target\":{\"@type\":\"EntryPoint\",\"urlTemplate\":\"https:\/\/guineediversite.com\/?s={search_term_string}\"},\"query-input\":{\"@type\":\"PropertyValueSpecification\",\"valueRequired\":true,\"valueName\":\"search_term_string\"}}],\"inLanguage\":\"fr-FR\"},{\"@type\":\"Organization\",\"@id\":\"https:\/\/guineediversite.com\/#organization\",\"name\":\"Guin\u00e9e Diversit\u00e9\",\"url\":\"https:\/\/guineediversite.com\/\",\"logo\":{\"@type\":\"ImageObject\",\"inLanguage\":\"fr-FR\",\"@id\":\"https:\/\/guineediversite.com\/#\/schema\/logo\/image\/\",\"url\":\"https:\/\/guineediversite.com\/wp-content\/uploads\/2017\/04\/cropped-1jojlxEOMkX9Wyqfhe43D6kjPOGqBBKmx3EwWJqZ0cMrFF54yM49.png\",\"contentUrl\":\"https:\/\/guineediversite.com\/wp-content\/uploads\/2017\/04\/cropped-1jojlxEOMkX9Wyqfhe43D6kjPOGqBBKmx3EwWJqZ0cMrFF54yM49.png\",\"width\":186,\"height\":112,\"caption\":\"Guin\u00e9e Diversit\u00e9\"},\"image\":{\"@id\":\"https:\/\/guineediversite.com\/#\/schema\/logo\/image\/\"},\"sameAs\":[\"https:\/\/www.facebook.com\/guineediversite\/\",\"https:\/\/x.com\/GuineeDiversite\",\"https:\/\/www.youtube.com\/channel\/UC8sUY16qelG5ge6_D5SB83g\"]},{\"@type\":\"Person\",\"@id\":\"https:\/\/guineediversite.com\/#\/schema\/person\/afa08fb34e7fc6e1feafc892612bc836\",\"name\":\"Guin\u00e9e Diversit\u00e9\",\"image\":{\"@type\":\"ImageObject\",\"inLanguage\":\"fr-FR\",\"@id\":\"https:\/\/guineediversite.com\/#\/schema\/person\/image\/\",\"url\":\"https:\/\/secure.gravatar.com\/avatar\/50d5eb5b390f8b65ac30ac6f898eb83a?s=96&d=mm&r=g\",\"contentUrl\":\"https:\/\/secure.gravatar.com\/avatar\/50d5eb5b390f8b65ac30ac6f898eb83a?s=96&d=mm&r=g\",\"caption\":\"Guin\u00e9e Diversit\u00e9\"},\"url\":\"https:\/\/guineediversite.com\/index.php\/author\/guineediversite\/\"}]}<\/script>\n<!-- \/ Yoast SEO plugin. -->","yoast_head_json":{"title":"Minist\u00e8re du commerce : une d\u00e9l\u00e9gation du groupe des ACP f\u00e9licite le ministre du commerce. | Guin\u00e9e Diversit\u00e9","robots":{"index":"index","follow":"follow","max-snippet":"max-snippet:-1","max-image-preview":"max-image-preview:large","max-video-preview":"max-video-preview:-1"},"canonical":"https:\/\/guineediversite.com\/index.php\/2017\/05\/12\/ministere-du-commerce-une-delegation-du-groupe-des-acp-felicite-le-ministre-du-commerce\/","og_locale":"fr_FR","og_type":"article","og_title":"Minist\u00e8re du commerce : une d\u00e9l\u00e9gation du groupe des ACP f\u00e9licite le ministre du commerce. | Guin\u00e9e Diversit\u00e9","og_description":"Une d&eacute;l&eacute;gation du groupe des pays Afrique-Cara&iuml;be-Pacifique (ACP) a boucl&eacute; sa visite de travail &agrave; Conakry. Cette d&eacute;l&eacute;gation&nbsp;conduite par l&rsquo;ambassadeur de la Guin&eacute;e &agrave; Bruxelles &eacute;tait compos&eacute; de Dr patrice Ignatus Gomez, secr&eacute;taire g&eacute;n&eacute;ral de l&rsquo;ACP et Teshometoga Chanaka ambassadeur de&nbsp;l&rsquo;Ethiopie en Bruxelles. Elle&nbsp;&eacute;tait venue solliciter le soutien de l&rsquo;Etat Guin&eacute;en dans les futures n&eacute;gociations [&hellip;]","og_url":"https:\/\/guineediversite.com\/index.php\/2017\/05\/12\/ministere-du-commerce-une-delegation-du-groupe-des-acp-felicite-le-ministre-du-commerce\/","og_site_name":"Guin\u00e9e Diversit\u00e9","article_publisher":"https:\/\/www.facebook.com\/guineediversite\/","article_published_time":"2017-05-11T22:00:00+00:00","article_modified_time":"2017-06-02T16:51:29+00:00","author":"Guin\u00e9e Diversit\u00e9","twitter_card":"summary_large_image","twitter_creator":"@GuineeDiversite","twitter_site":"@GuineeDiversite","twitter_misc":{"\u00c9crit par":"Guin\u00e9e Diversit\u00e9","Dur\u00e9e de lecture estim\u00e9e":"2 minutes"},"schema":{"@context":"https:\/\/schema.org","@graph":[{"@type":"Article","@id":"https:\/\/guineediversite.com\/index.php\/2017\/05\/12\/ministere-du-commerce-une-delegation-du-groupe-des-acp-felicite-le-ministre-du-commerce\/#article","isPartOf":{"@id":"https:\/\/guineediversite.com\/index.php\/2017\/05\/12\/ministere-du-commerce-une-delegation-du-groupe-des-acp-felicite-le-ministre-du-commerce\/"},"author":{"name":"Guin\u00e9e Diversit\u00e9","@id":"https:\/\/guineediversite.com\/#\/schema\/person\/afa08fb34e7fc6e1feafc892612bc836"},"headline":"Minist\u00e8re du commerce : une d\u00e9l\u00e9gation du groupe des ACP f\u00e9licite le ministre du commerce.","datePublished":"2017-05-11T22:00:00+00:00","dateModified":"2017-06-02T16:51:29+00:00","mainEntityOfPage":{"@id":"https:\/\/guineediversite.com\/index.php\/2017\/05\/12\/ministere-du-commerce-une-delegation-du-groupe-des-acp-felicite-le-ministre-du-commerce\/"},"wordCount":508,"commentCount":0,"publisher":{"@id":"https:\/\/guineediversite.com\/#organization"},"articleSection":["Archives"],"inLanguage":"fr-FR","potentialAction":[{"@type":"CommentAction","name":"Comment","target":["https:\/\/guineediversite.com\/index.php\/2017\/05\/12\/ministere-du-commerce-une-delegation-du-groupe-des-acp-felicite-le-ministre-du-commerce\/#respond"]}]},{"@type":"WebPage","@id":"https:\/\/guineediversite.com\/index.php\/2017\/05\/12\/ministere-du-commerce-une-delegation-du-groupe-des-acp-felicite-le-ministre-du-commerce\/","url":"https:\/\/guineediversite.com\/index.php\/2017\/05\/12\/ministere-du-commerce-une-delegation-du-groupe-des-acp-felicite-le-ministre-du-commerce\/","name":"Minist\u00e8re du commerce : une d\u00e9l\u00e9gation du groupe des ACP f\u00e9licite le ministre du commerce. | Guin\u00e9e Diversit\u00e9","isPartOf":{"@id":"https:\/\/guineediversite.com\/#website"},"datePublished":"2017-05-11T22:00:00+00:00","dateModified":"2017-06-02T16:51:29+00:00","breadcrumb":{"@id":"https:\/\/guineediversite.com\/index.php\/2017\/05\/12\/ministere-du-commerce-une-delegation-du-groupe-des-acp-felicite-le-ministre-du-commerce\/#breadcrumb"},"inLanguage":"fr-FR","potentialAction":[{"@type":"ReadAction","target":["https:\/\/guineediversite.com\/index.php\/2017\/05\/12\/ministere-du-commerce-une-delegation-du-groupe-des-acp-felicite-le-ministre-du-commerce\/"]}]},{"@type":"BreadcrumbList","@id":"https:\/\/guineediversite.com\/index.php\/2017\/05\/12\/ministere-du-commerce-une-delegation-du-groupe-des-acp-felicite-le-ministre-du-commerce\/#breadcrumb","itemListElement":[{"@type":"ListItem","position":1,"name":"Accueil","item":"https:\/\/guineediversite.com\/"},{"@type":"ListItem","position":2,"name":"Minist\u00e8re du commerce : une d\u00e9l\u00e9gation du groupe des ACP f\u00e9licite le ministre du commerce."}]},{"@type":"WebSite","@id":"https:\/\/guineediversite.com\/#website","url":"https:\/\/guineediversite.com\/","name":"Guin\u00e9e Diversit\u00e9","description":"L&#039;Info dans toute sa diversit\u00e9","publisher":{"@id":"https:\/\/guineediversite.com\/#organization"},"potentialAction":[{"@type":"SearchAction","target":{"@type":"EntryPoint","urlTemplate":"https:\/\/guineediversite.com\/?s={search_term_string}"},"query-input":{"@type":"PropertyValueSpecification","valueRequired":true,"valueName":"search_term_string"}}],"inLanguage":"fr-FR"},{"@type":"Organization","@id":"https:\/\/guineediversite.com\/#organization","name":"Guin\u00e9e Diversit\u00e9","url":"https:\/\/guineediversite.com\/","logo":{"@type":"ImageObject","inLanguage":"fr-FR","@id":"https:\/\/guineediversite.com\/#\/schema\/logo\/image\/","url":"https:\/\/guineediversite.com\/wp-content\/uploads\/2017\/04\/cropped-1jojlxEOMkX9Wyqfhe43D6kjPOGqBBKmx3EwWJqZ0cMrFF54yM49.png","contentUrl":"https:\/\/guineediversite.com\/wp-content\/uploads\/2017\/04\/cropped-1jojlxEOMkX9Wyqfhe43D6kjPOGqBBKmx3EwWJqZ0cMrFF54yM49.png","width":186,"height":112,"caption":"Guin\u00e9e Diversit\u00e9"},"image":{"@id":"https:\/\/guineediversite.com\/#\/schema\/logo\/image\/"},"sameAs":["https:\/\/www.facebook.com\/guineediversite\/","https:\/\/x.com\/GuineeDiversite","https:\/\/www.youtube.com\/channel\/UC8sUY16qelG5ge6_D5SB83g"]},{"@type":"Person","@id":"https:\/\/guineediversite.com\/#\/schema\/person\/afa08fb34e7fc6e1feafc892612bc836","name":"Guin\u00e9e Diversit\u00e9","image":{"@type":"ImageObject","inLanguage":"fr-FR","@id":"https:\/\/guineediversite.com\/#\/schema\/person\/image\/","url":"https:\/\/secure.gravatar.com\/avatar\/50d5eb5b390f8b65ac30ac6f898eb83a?s=96&d=mm&r=g","contentUrl":"https:\/\/secure.gravatar.com\/avatar\/50d5eb5b390f8b65ac30ac6f898eb83a?s=96&d=mm&r=g","caption":"Guin\u00e9e Diversit\u00e9"},"url":"https:\/\/guineediversite.com\/index.php\/author\/guineediversite\/"}]}},"_links":{"self":[{"href":"https:\/\/guineediversite.com\/index.php\/wp-json\/wp\/v2\/posts\/19469"}],"collection":[{"href":"https:\/\/guineediversite.com\/index.php\/wp-json\/wp\/v2\/posts"}],"about":[{"href":"https:\/\/guineediversite.com\/index.php\/wp-json\/wp\/v2\/types\/post"}],"author":[{"embeddable":true,"href":"https:\/\/guineediversite.com\/index.php\/wp-json\/wp\/v2\/users\/12"}],"replies":[{"embeddable":true,"href":"https:\/\/guineediversite.com\/index.php\/wp-json\/wp\/v2\/comments?post=19469"}],"version-history":[{"count":0,"href":"https:\/\/guineediversite.com\/index.php\/wp-json\/wp\/v2\/posts\/19469\/revisions"}],"wp:attachment":[{"href":"https:\/\/guineediversite.com\/index.php\/wp-json\/wp\/v2\/media?parent=19469"}],"wp:term":[{"taxonomy":"category","embeddable":true,"href":"https:\/\/guineediversite.com\/index.php\/wp-json\/wp\/v2\/categories?post=19469"},{"taxonomy":"post_tag","embeddable":true,"href":"https:\/\/guineediversite.com\/index.php\/wp-json\/wp\/v2\/tags?post=19469"}],"curies":[{"name":"wp","href":"https:\/\/api.w.org\/{rel}","templated":true}]}}