{"id":19435,"date":"2017-05-04T00:00:00","date_gmt":"2017-05-03T22:00:00","guid":{"rendered":"https:\/\/www.guineediversite.com\/index.php\/2017\/05\/04\/le-secretaire-general-du-sppg-clash-sur-les-patrons-de-presse-guineens\/"},"modified":"2017-05-04T00:00:00","modified_gmt":"2017-05-03T22:00:00","slug":"le-secretaire-general-du-sppg-clash-sur-les-patrons-de-presse-guineens","status":"publish","type":"post","link":"https:\/\/guineediversite.com\/index.php\/2017\/05\/04\/le-secretaire-general-du-sppg-clash-sur-les-patrons-de-presse-guineens\/","title":{"rendered":"Le Secr\u00e9taire g\u00e9n\u00e9ral du SPPG clash sur les Patrons de presse guin\u00e9ens"},"content":{"rendered":"<p>Lors de la soir&eacute;e d&eacute;nomm&eacute;e, la grande nuit des m&eacute;dias guin&eacute;ens organis&eacute;e par la structure Wassolon Agency ce mercredi 03 mai 2017 &agrave; plusieurs discours ont ponctu&eacute;s cette soir&eacute;e. Mais celui qui a attir&eacute; l&rsquo;attention de toute l&rsquo;assistance et qui a &eacute;t&eacute; le plus applaudi a &eacute;t&eacute; celui de Sidy Diallo&nbsp;qui a d&eacute;noncer le comportement de certains patrons de medias qu&rsquo;il qualifie d&rsquo;&eacute;go&iuml;ste vis-&agrave;-vis de leurs employ&eacute;s<br \/>\n&laquo; Nous avions suivi cette visite du chef de l&rsquo;&Eacute;tat en France, nous saluons cette relation entre la Pr&eacute;sidence et les m&eacute;dias &agrave; travers cette visite. Mais seulement pendant ce temps, nous constatons quand m&ecirc;me la pr&eacute;sence massive des patrons avec le Pr&eacute;sident en lieu et place des journalistes reporters &raquo;, s&rsquo;exclame-t-il.<\/p>\n<p>&laquo; Moi Sidy Diallo, je suis de la radio Nostalgie. Si vous invitez mon patron Souhel hajjar pour accompagner le chef de l&rsquo;&Eacute;tat &agrave; Paris, je sais qu&rsquo;il ne viendra pas avec sa cam&eacute;ra. Peut-&ecirc;tre qu&rsquo;il va bien s&rsquo;habiller &agrave; l&rsquo;image d&rsquo;un ministre et il n&rsquo;interrogera pas le pr&eacute;sident sur son d&eacute;placement et la radio Nostalgie ne transmettra pas les r&eacute;alit&eacute;s de la visite du pr&eacute;sident. Pour mieux transmettre les messages, les activit&eacute;s du chef de l&rsquo;&Eacute;tat, acceptez que ces pauvres reporters qui sont l&agrave; accompagnent le Chef de l&rsquo;&Eacute;tat dans ses voyages. Ces Pauvres reporters, qui se sont sacrifi&eacute;s pour la d&eacute;mocratie. Si nous parlons d&rsquo;un opposant qui a fait 40 ans de lutte et qui a &eacute;t&eacute; d&eacute;mocratiquement &eacute;lu, c&rsquo;est bel et bien cette presse et c&rsquo;est pourquoi sans se lancer des fleurs. S&rsquo;il y a un secteur en Guin&eacute;e qui a mieux fonctionn&eacute;, c&rsquo;est bien cette presse notamment, ces jeunes pauvres reporters qui sont l&agrave; matin comme soir et qui n&rsquo;ont m&ecirc;me pas le SMIG &raquo; a laiss&eacute; entendre Sidy Diallo<br \/>\n&nbsp;<\/p>\n","protected":false},"excerpt":{"rendered":"<p>Lors de la soir&eacute;e d&eacute;nomm&eacute;e, la grande nuit des m&eacute;dias guin&eacute;ens organis&eacute;e par la structure Wassolon Agency ce mercredi 03 mai 2017 &agrave; plusieurs discours ont ponctu&eacute;s cette soir&eacute;e. Mais celui qui a attir&eacute; l&rsquo;attention de toute l&rsquo;assistance et qui a &eacute;t&eacute; le plus applaudi a &eacute;t&eacute; celui de Sidy Diallo&nbsp;qui a d&eacute;noncer le comportement [&hellip;]<\/p>\n","protected":false},"author":12,"featured_media":0,"comment_status":"open","ping_status":"open","sticky":false,"template":"","format":"standard","meta":{"_exactmetrics_skip_tracking":false,"_exactmetrics_sitenote_active":false,"_exactmetrics_sitenote_note":"","_exactmetrics_sitenote_category":0,"tdm_status":"","tdm_grid_status":"","footnotes":""},"categories":[28],"tags":[],"class_list":{"0":"post-19435","1":"post","2":"type-post","3":"status-publish","4":"format-standard","6":"category-archives"},"yoast_head":"<!-- This site is optimized with the Yoast SEO plugin v24.2 - https:\/\/yoast.com\/wordpress\/plugins\/seo\/ -->\n<title>Le Secr\u00e9taire g\u00e9n\u00e9ral du SPPG clash sur les Patrons de presse guin\u00e9ens | Guin\u00e9e Diversit\u00e9<\/title>\n<meta name=\"robots\" content=\"index, follow, max-snippet:-1, max-image-preview:large, max-video-preview:-1\" \/>\n<link rel=\"canonical\" href=\"https:\/\/guineediversite.com\/index.php\/2017\/05\/04\/le-secretaire-general-du-sppg-clash-sur-les-patrons-de-presse-guineens\/\" \/>\n<meta property=\"og:locale\" content=\"fr_FR\" \/>\n<meta property=\"og:type\" content=\"article\" \/>\n<meta property=\"og:title\" content=\"Le Secr\u00e9taire g\u00e9n\u00e9ral du SPPG clash sur les Patrons de presse guin\u00e9ens | Guin\u00e9e Diversit\u00e9\" \/>\n<meta property=\"og:description\" content=\"Lors de la soir&eacute;e d&eacute;nomm&eacute;e, la grande nuit des m&eacute;dias guin&eacute;ens organis&eacute;e par la structure Wassolon Agency ce mercredi 03 mai 2017 &agrave; plusieurs discours ont ponctu&eacute;s cette soir&eacute;e. Mais celui qui a attir&eacute; l&rsquo;attention de toute l&rsquo;assistance et qui a &eacute;t&eacute; le plus applaudi a &eacute;t&eacute; celui de Sidy Diallo&nbsp;qui a d&eacute;noncer le comportement [&hellip;]\" \/>\n<meta property=\"og:url\" content=\"https:\/\/guineediversite.com\/index.php\/2017\/05\/04\/le-secretaire-general-du-sppg-clash-sur-les-patrons-de-presse-guineens\/\" \/>\n<meta property=\"og:site_name\" content=\"Guin\u00e9e Diversit\u00e9\" \/>\n<meta property=\"article:publisher\" content=\"https:\/\/www.facebook.com\/guineediversite\/\" \/>\n<meta property=\"article:published_time\" content=\"2017-05-03T22:00:00+00:00\" \/>\n<meta name=\"author\" content=\"Guin\u00e9e Diversit\u00e9\" \/>\n<meta name=\"twitter:card\" content=\"summary_large_image\" \/>\n<meta name=\"twitter:creator\" content=\"@GuineeDiversite\" \/>\n<meta name=\"twitter:site\" content=\"@GuineeDiversite\" \/>\n<meta name=\"twitter:label1\" content=\"\u00c9crit par\" \/>\n\t<meta name=\"twitter:data1\" content=\"Guin\u00e9e Diversit\u00e9\" \/>\n\t<meta name=\"twitter:label2\" content=\"Dur\u00e9e de lecture estim\u00e9e\" \/>\n\t<meta name=\"twitter:data2\" content=\"2 minutes\" \/>\n<script type=\"application\/ld+json\" class=\"yoast-schema-graph\">{\"@context\":\"https:\/\/schema.org\",\"@graph\":[{\"@type\":\"Article\",\"@id\":\"https:\/\/guineediversite.com\/index.php\/2017\/05\/04\/le-secretaire-general-du-sppg-clash-sur-les-patrons-de-presse-guineens\/#article\",\"isPartOf\":{\"@id\":\"https:\/\/guineediversite.com\/index.php\/2017\/05\/04\/le-secretaire-general-du-sppg-clash-sur-les-patrons-de-presse-guineens\/\"},\"author\":{\"name\":\"Guin\u00e9e Diversit\u00e9\",\"@id\":\"https:\/\/guineediversite.com\/#\/schema\/person\/afa08fb34e7fc6e1feafc892612bc836\"},\"headline\":\"Le Secr\u00e9taire g\u00e9n\u00e9ral du SPPG clash sur les Patrons de presse guin\u00e9ens\",\"datePublished\":\"2017-05-03T22:00:00+00:00\",\"dateModified\":\"2017-05-03T22:00:00+00:00\",\"mainEntityOfPage\":{\"@id\":\"https:\/\/guineediversite.com\/index.php\/2017\/05\/04\/le-secretaire-general-du-sppg-clash-sur-les-patrons-de-presse-guineens\/\"},\"wordCount\":428,\"commentCount\":0,\"publisher\":{\"@id\":\"https:\/\/guineediversite.com\/#organization\"},\"articleSection\":[\"Archives\"],\"inLanguage\":\"fr-FR\",\"potentialAction\":[{\"@type\":\"CommentAction\",\"name\":\"Comment\",\"target\":[\"https:\/\/guineediversite.com\/index.php\/2017\/05\/04\/le-secretaire-general-du-sppg-clash-sur-les-patrons-de-presse-guineens\/#respond\"]}]},{\"@type\":\"WebPage\",\"@id\":\"https:\/\/guineediversite.com\/index.php\/2017\/05\/04\/le-secretaire-general-du-sppg-clash-sur-les-patrons-de-presse-guineens\/\",\"url\":\"https:\/\/guineediversite.com\/index.php\/2017\/05\/04\/le-secretaire-general-du-sppg-clash-sur-les-patrons-de-presse-guineens\/\",\"name\":\"Le Secr\u00e9taire g\u00e9n\u00e9ral du SPPG clash sur les Patrons de presse guin\u00e9ens | Guin\u00e9e Diversit\u00e9\",\"isPartOf\":{\"@id\":\"https:\/\/guineediversite.com\/#website\"},\"datePublished\":\"2017-05-03T22:00:00+00:00\",\"dateModified\":\"2017-05-03T22:00:00+00:00\",\"breadcrumb\":{\"@id\":\"https:\/\/guineediversite.com\/index.php\/2017\/05\/04\/le-secretaire-general-du-sppg-clash-sur-les-patrons-de-presse-guineens\/#breadcrumb\"},\"inLanguage\":\"fr-FR\",\"potentialAction\":[{\"@type\":\"ReadAction\",\"target\":[\"https:\/\/guineediversite.com\/index.php\/2017\/05\/04\/le-secretaire-general-du-sppg-clash-sur-les-patrons-de-presse-guineens\/\"]}]},{\"@type\":\"BreadcrumbList\",\"@id\":\"https:\/\/guineediversite.com\/index.php\/2017\/05\/04\/le-secretaire-general-du-sppg-clash-sur-les-patrons-de-presse-guineens\/#breadcrumb\",\"itemListElement\":[{\"@type\":\"ListItem\",\"position\":1,\"name\":\"Accueil\",\"item\":\"https:\/\/guineediversite.com\/\"},{\"@type\":\"ListItem\",\"position\":2,\"name\":\"Le Secr\u00e9taire g\u00e9n\u00e9ral du SPPG clash sur les Patrons de presse guin\u00e9ens\"}]},{\"@type\":\"WebSite\",\"@id\":\"https:\/\/guineediversite.com\/#website\",\"url\":\"https:\/\/guineediversite.com\/\",\"name\":\"Guin\u00e9e Diversit\u00e9\",\"description\":\"L&#039;Info dans toute sa diversit\u00e9\",\"publisher\":{\"@id\":\"https:\/\/guineediversite.com\/#organization\"},\"potentialAction\":[{\"@type\":\"SearchAction\",\"target\":{\"@type\":\"EntryPoint\",\"urlTemplate\":\"https:\/\/guineediversite.com\/?s={search_term_string}\"},\"query-input\":{\"@type\":\"PropertyValueSpecification\",\"valueRequired\":true,\"valueName\":\"search_term_string\"}}],\"inLanguage\":\"fr-FR\"},{\"@type\":\"Organization\",\"@id\":\"https:\/\/guineediversite.com\/#organization\",\"name\":\"Guin\u00e9e Diversit\u00e9\",\"url\":\"https:\/\/guineediversite.com\/\",\"logo\":{\"@type\":\"ImageObject\",\"inLanguage\":\"fr-FR\",\"@id\":\"https:\/\/guineediversite.com\/#\/schema\/logo\/image\/\",\"url\":\"https:\/\/guineediversite.com\/wp-content\/uploads\/2017\/04\/cropped-1jojlxEOMkX9Wyqfhe43D6kjPOGqBBKmx3EwWJqZ0cMrFF54yM49.png\",\"contentUrl\":\"https:\/\/guineediversite.com\/wp-content\/uploads\/2017\/04\/cropped-1jojlxEOMkX9Wyqfhe43D6kjPOGqBBKmx3EwWJqZ0cMrFF54yM49.png\",\"width\":186,\"height\":112,\"caption\":\"Guin\u00e9e Diversit\u00e9\"},\"image\":{\"@id\":\"https:\/\/guineediversite.com\/#\/schema\/logo\/image\/\"},\"sameAs\":[\"https:\/\/www.facebook.com\/guineediversite\/\",\"https:\/\/x.com\/GuineeDiversite\",\"https:\/\/www.youtube.com\/channel\/UC8sUY16qelG5ge6_D5SB83g\"]},{\"@type\":\"Person\",\"@id\":\"https:\/\/guineediversite.com\/#\/schema\/person\/afa08fb34e7fc6e1feafc892612bc836\",\"name\":\"Guin\u00e9e Diversit\u00e9\",\"image\":{\"@type\":\"ImageObject\",\"inLanguage\":\"fr-FR\",\"@id\":\"https:\/\/guineediversite.com\/#\/schema\/person\/image\/\",\"url\":\"https:\/\/secure.gravatar.com\/avatar\/50d5eb5b390f8b65ac30ac6f898eb83a?s=96&d=mm&r=g\",\"contentUrl\":\"https:\/\/secure.gravatar.com\/avatar\/50d5eb5b390f8b65ac30ac6f898eb83a?s=96&d=mm&r=g\",\"caption\":\"Guin\u00e9e Diversit\u00e9\"},\"url\":\"https:\/\/guineediversite.com\/index.php\/author\/guineediversite\/\"}]}<\/script>\n<!-- \/ Yoast SEO plugin. -->","yoast_head_json":{"title":"Le Secr\u00e9taire g\u00e9n\u00e9ral du SPPG clash sur les Patrons de presse guin\u00e9ens | Guin\u00e9e Diversit\u00e9","robots":{"index":"index","follow":"follow","max-snippet":"max-snippet:-1","max-image-preview":"max-image-preview:large","max-video-preview":"max-video-preview:-1"},"canonical":"https:\/\/guineediversite.com\/index.php\/2017\/05\/04\/le-secretaire-general-du-sppg-clash-sur-les-patrons-de-presse-guineens\/","og_locale":"fr_FR","og_type":"article","og_title":"Le Secr\u00e9taire g\u00e9n\u00e9ral du SPPG clash sur les Patrons de presse guin\u00e9ens | Guin\u00e9e Diversit\u00e9","og_description":"Lors de la soir&eacute;e d&eacute;nomm&eacute;e, la grande nuit des m&eacute;dias guin&eacute;ens organis&eacute;e par la structure Wassolon Agency ce mercredi 03 mai 2017 &agrave; plusieurs discours ont ponctu&eacute;s cette soir&eacute;e. Mais celui qui a attir&eacute; l&rsquo;attention de toute l&rsquo;assistance et qui a &eacute;t&eacute; le plus applaudi a &eacute;t&eacute; celui de Sidy Diallo&nbsp;qui a d&eacute;noncer le comportement [&hellip;]","og_url":"https:\/\/guineediversite.com\/index.php\/2017\/05\/04\/le-secretaire-general-du-sppg-clash-sur-les-patrons-de-presse-guineens\/","og_site_name":"Guin\u00e9e Diversit\u00e9","article_publisher":"https:\/\/www.facebook.com\/guineediversite\/","article_published_time":"2017-05-03T22:00:00+00:00","author":"Guin\u00e9e Diversit\u00e9","twitter_card":"summary_large_image","twitter_creator":"@GuineeDiversite","twitter_site":"@GuineeDiversite","twitter_misc":{"\u00c9crit par":"Guin\u00e9e Diversit\u00e9","Dur\u00e9e de lecture estim\u00e9e":"2 minutes"},"schema":{"@context":"https:\/\/schema.org","@graph":[{"@type":"Article","@id":"https:\/\/guineediversite.com\/index.php\/2017\/05\/04\/le-secretaire-general-du-sppg-clash-sur-les-patrons-de-presse-guineens\/#article","isPartOf":{"@id":"https:\/\/guineediversite.com\/index.php\/2017\/05\/04\/le-secretaire-general-du-sppg-clash-sur-les-patrons-de-presse-guineens\/"},"author":{"name":"Guin\u00e9e Diversit\u00e9","@id":"https:\/\/guineediversite.com\/#\/schema\/person\/afa08fb34e7fc6e1feafc892612bc836"},"headline":"Le Secr\u00e9taire g\u00e9n\u00e9ral du SPPG clash sur les Patrons de presse guin\u00e9ens","datePublished":"2017-05-03T22:00:00+00:00","dateModified":"2017-05-03T22:00:00+00:00","mainEntityOfPage":{"@id":"https:\/\/guineediversite.com\/index.php\/2017\/05\/04\/le-secretaire-general-du-sppg-clash-sur-les-patrons-de-presse-guineens\/"},"wordCount":428,"commentCount":0,"publisher":{"@id":"https:\/\/guineediversite.com\/#organization"},"articleSection":["Archives"],"inLanguage":"fr-FR","potentialAction":[{"@type":"CommentAction","name":"Comment","target":["https:\/\/guineediversite.com\/index.php\/2017\/05\/04\/le-secretaire-general-du-sppg-clash-sur-les-patrons-de-presse-guineens\/#respond"]}]},{"@type":"WebPage","@id":"https:\/\/guineediversite.com\/index.php\/2017\/05\/04\/le-secretaire-general-du-sppg-clash-sur-les-patrons-de-presse-guineens\/","url":"https:\/\/guineediversite.com\/index.php\/2017\/05\/04\/le-secretaire-general-du-sppg-clash-sur-les-patrons-de-presse-guineens\/","name":"Le Secr\u00e9taire g\u00e9n\u00e9ral du SPPG clash sur les Patrons de presse guin\u00e9ens | Guin\u00e9e Diversit\u00e9","isPartOf":{"@id":"https:\/\/guineediversite.com\/#website"},"datePublished":"2017-05-03T22:00:00+00:00","dateModified":"2017-05-03T22:00:00+00:00","breadcrumb":{"@id":"https:\/\/guineediversite.com\/index.php\/2017\/05\/04\/le-secretaire-general-du-sppg-clash-sur-les-patrons-de-presse-guineens\/#breadcrumb"},"inLanguage":"fr-FR","potentialAction":[{"@type":"ReadAction","target":["https:\/\/guineediversite.com\/index.php\/2017\/05\/04\/le-secretaire-general-du-sppg-clash-sur-les-patrons-de-presse-guineens\/"]}]},{"@type":"BreadcrumbList","@id":"https:\/\/guineediversite.com\/index.php\/2017\/05\/04\/le-secretaire-general-du-sppg-clash-sur-les-patrons-de-presse-guineens\/#breadcrumb","itemListElement":[{"@type":"ListItem","position":1,"name":"Accueil","item":"https:\/\/guineediversite.com\/"},{"@type":"ListItem","position":2,"name":"Le Secr\u00e9taire g\u00e9n\u00e9ral du SPPG clash sur les Patrons de presse guin\u00e9ens"}]},{"@type":"WebSite","@id":"https:\/\/guineediversite.com\/#website","url":"https:\/\/guineediversite.com\/","name":"Guin\u00e9e Diversit\u00e9","description":"L&#039;Info dans toute sa diversit\u00e9","publisher":{"@id":"https:\/\/guineediversite.com\/#organization"},"potentialAction":[{"@type":"SearchAction","target":{"@type":"EntryPoint","urlTemplate":"https:\/\/guineediversite.com\/?s={search_term_string}"},"query-input":{"@type":"PropertyValueSpecification","valueRequired":true,"valueName":"search_term_string"}}],"inLanguage":"fr-FR"},{"@type":"Organization","@id":"https:\/\/guineediversite.com\/#organization","name":"Guin\u00e9e Diversit\u00e9","url":"https:\/\/guineediversite.com\/","logo":{"@type":"ImageObject","inLanguage":"fr-FR","@id":"https:\/\/guineediversite.com\/#\/schema\/logo\/image\/","url":"https:\/\/guineediversite.com\/wp-content\/uploads\/2017\/04\/cropped-1jojlxEOMkX9Wyqfhe43D6kjPOGqBBKmx3EwWJqZ0cMrFF54yM49.png","contentUrl":"https:\/\/guineediversite.com\/wp-content\/uploads\/2017\/04\/cropped-1jojlxEOMkX9Wyqfhe43D6kjPOGqBBKmx3EwWJqZ0cMrFF54yM49.png","width":186,"height":112,"caption":"Guin\u00e9e Diversit\u00e9"},"image":{"@id":"https:\/\/guineediversite.com\/#\/schema\/logo\/image\/"},"sameAs":["https:\/\/www.facebook.com\/guineediversite\/","https:\/\/x.com\/GuineeDiversite","https:\/\/www.youtube.com\/channel\/UC8sUY16qelG5ge6_D5SB83g"]},{"@type":"Person","@id":"https:\/\/guineediversite.com\/#\/schema\/person\/afa08fb34e7fc6e1feafc892612bc836","name":"Guin\u00e9e Diversit\u00e9","image":{"@type":"ImageObject","inLanguage":"fr-FR","@id":"https:\/\/guineediversite.com\/#\/schema\/person\/image\/","url":"https:\/\/secure.gravatar.com\/avatar\/50d5eb5b390f8b65ac30ac6f898eb83a?s=96&d=mm&r=g","contentUrl":"https:\/\/secure.gravatar.com\/avatar\/50d5eb5b390f8b65ac30ac6f898eb83a?s=96&d=mm&r=g","caption":"Guin\u00e9e Diversit\u00e9"},"url":"https:\/\/guineediversite.com\/index.php\/author\/guineediversite\/"}]}},"_links":{"self":[{"href":"https:\/\/guineediversite.com\/index.php\/wp-json\/wp\/v2\/posts\/19435"}],"collection":[{"href":"https:\/\/guineediversite.com\/index.php\/wp-json\/wp\/v2\/posts"}],"about":[{"href":"https:\/\/guineediversite.com\/index.php\/wp-json\/wp\/v2\/types\/post"}],"author":[{"embeddable":true,"href":"https:\/\/guineediversite.com\/index.php\/wp-json\/wp\/v2\/users\/12"}],"replies":[{"embeddable":true,"href":"https:\/\/guineediversite.com\/index.php\/wp-json\/wp\/v2\/comments?post=19435"}],"version-history":[{"count":0,"href":"https:\/\/guineediversite.com\/index.php\/wp-json\/wp\/v2\/posts\/19435\/revisions"}],"wp:attachment":[{"href":"https:\/\/guineediversite.com\/index.php\/wp-json\/wp\/v2\/media?parent=19435"}],"wp:term":[{"taxonomy":"category","embeddable":true,"href":"https:\/\/guineediversite.com\/index.php\/wp-json\/wp\/v2\/categories?post=19435"},{"taxonomy":"post_tag","embeddable":true,"href":"https:\/\/guineediversite.com\/index.php\/wp-json\/wp\/v2\/tags?post=19435"}],"curies":[{"name":"wp","href":"https:\/\/api.w.org\/{rel}","templated":true}]}}