{"id":19434,"date":"2017-05-04T00:00:00","date_gmt":"2017-05-03T22:00:00","guid":{"rendered":"https:\/\/www.guineediversite.com\/index.php\/2017\/05\/04\/les-medias-guineens-au-centre-dune-soiree-pour-celebrer-la-journee-mondiale-de-la-liberte-de-la-presse\/"},"modified":"2017-05-04T00:00:00","modified_gmt":"2017-05-03T22:00:00","slug":"les-medias-guineens-au-centre-dune-soiree-pour-celebrer-la-journee-mondiale-de-la-liberte-de-la-presse","status":"publish","type":"post","link":"https:\/\/guineediversite.com\/index.php\/2017\/05\/04\/les-medias-guineens-au-centre-dune-soiree-pour-celebrer-la-journee-mondiale-de-la-liberte-de-la-presse\/","title":{"rendered":"Les M\u00e9dias guin\u00e9ens au centre d\u2019une soir\u00e9e pour c\u00e9l\u00e9brer la journ\u00e9e mondiale de la libert\u00e9 de la presse"},"content":{"rendered":"<p>Cette premi&egrave;re &eacute;dition de la grande soir&eacute;e des m&eacute;dias guin&eacute;en a marqu&eacute; le clou final de la journ&eacute;e mondiale de la libert&eacute; de la presse. Cette soir&eacute;e organis&eacute;e par la structure Wassolon Communication Agency s&rsquo;est tenue sous le th&egrave;me &laquo; Media guin&eacute;en, du dynamisme &agrave; l&rsquo;incertitude. &raquo;<br \/>\nElle &eacute;tait plac&eacute;e sous le haut patronage du Pr&eacute;sident Alpha Cond&eacute;. Mais pour des raisons de calendrier, le chef de l&rsquo;&Eacute;tat n&rsquo;a pas pu honorer de sa pr&eacute;sence &agrave; cette soir&eacute;e. C&rsquo;est son ministre conseiller &agrave; la pr&eacute;sidence Tibou Camara qui l&rsquo;a repr&eacute;sent&eacute;. &laquo;On ne peut pas parler de libert&eacute; dans la pr&eacute;carit&eacute;, on ne peut pas parler de l&rsquo;ind&eacute;pendance quand on est confront&eacute; aux d&eacute;fis du quotidien &raquo; a soulign&eacute; le ministre conseiller d&rsquo;Alpha Cond&eacute; et d&rsquo;ajouter &laquo; Tous ceux qui aiment la presse et la respectent, devraient lui donner les moyens d&rsquo;exister. &raquo; Au nom du pr&eacute;sident de la R&eacute;publique Tibou Camara a promis que bient&ocirc;t la presse guin&eacute;enne sera diff&eacute;rente, par ce qu&rsquo;elle sera meilleure. La projection d&rsquo;un film documentaire de 16 minutes, sur la pr&eacute;carit&eacute; dans laquelle vivent les journalistes guin&eacute;ens et la remise de satisfecits &agrave; ceux qui ont marqu&eacute; leur passage dans ce domaine ont &eacute;t&eacute; les moments forts de cette soir&eacute;e. Les artistes S&eacute;kouba Kandia Kouyat&eacute;, petit Kandia et l&rsquo;humoriste Sow Baillo ont tenu les invit&eacute;s en haleine tout au long de la soir&eacute;e.<\/p>\n<p>\nMoussa Moise KEITA<\/p>\n","protected":false},"excerpt":{"rendered":"<p>Cette premi&egrave;re &eacute;dition de la grande soir&eacute;e des m&eacute;dias guin&eacute;en a marqu&eacute; le clou final de la journ&eacute;e mondiale de la libert&eacute; de la presse. Cette soir&eacute;e organis&eacute;e par la structure Wassolon Communication Agency s&rsquo;est tenue sous le th&egrave;me &laquo; Media guin&eacute;en, du dynamisme &agrave; l&rsquo;incertitude. &raquo; Elle &eacute;tait plac&eacute;e sous le haut patronage du [&hellip;]<\/p>\n","protected":false},"author":12,"featured_media":0,"comment_status":"open","ping_status":"open","sticky":false,"template":"","format":"standard","meta":{"_exactmetrics_skip_tracking":false,"_exactmetrics_sitenote_active":false,"_exactmetrics_sitenote_note":"","_exactmetrics_sitenote_category":0,"tdm_status":"","tdm_grid_status":"","footnotes":""},"categories":[28],"tags":[],"class_list":{"0":"post-19434","1":"post","2":"type-post","3":"status-publish","4":"format-standard","6":"category-archives"},"yoast_head":"<!-- This site is optimized with the Yoast SEO plugin v24.2 - https:\/\/yoast.com\/wordpress\/plugins\/seo\/ -->\n<title>Les M\u00e9dias guin\u00e9ens au centre d\u2019une soir\u00e9e pour c\u00e9l\u00e9brer la journ\u00e9e mondiale de la libert\u00e9 de la presse | Guin\u00e9e Diversit\u00e9<\/title>\n<meta name=\"robots\" content=\"index, follow, max-snippet:-1, max-image-preview:large, max-video-preview:-1\" \/>\n<link rel=\"canonical\" href=\"https:\/\/guineediversite.com\/index.php\/2017\/05\/04\/les-medias-guineens-au-centre-dune-soiree-pour-celebrer-la-journee-mondiale-de-la-liberte-de-la-presse\/\" \/>\n<meta property=\"og:locale\" content=\"fr_FR\" \/>\n<meta property=\"og:type\" content=\"article\" \/>\n<meta property=\"og:title\" content=\"Les M\u00e9dias guin\u00e9ens au centre d\u2019une soir\u00e9e pour c\u00e9l\u00e9brer la journ\u00e9e mondiale de la libert\u00e9 de la presse | Guin\u00e9e Diversit\u00e9\" \/>\n<meta property=\"og:description\" content=\"Cette premi&egrave;re &eacute;dition de la grande soir&eacute;e des m&eacute;dias guin&eacute;en a marqu&eacute; le clou final de la journ&eacute;e mondiale de la libert&eacute; de la presse. Cette soir&eacute;e organis&eacute;e par la structure Wassolon Communication Agency s&rsquo;est tenue sous le th&egrave;me &laquo; Media guin&eacute;en, du dynamisme &agrave; l&rsquo;incertitude. &raquo; Elle &eacute;tait plac&eacute;e sous le haut patronage du [&hellip;]\" \/>\n<meta property=\"og:url\" content=\"https:\/\/guineediversite.com\/index.php\/2017\/05\/04\/les-medias-guineens-au-centre-dune-soiree-pour-celebrer-la-journee-mondiale-de-la-liberte-de-la-presse\/\" \/>\n<meta property=\"og:site_name\" content=\"Guin\u00e9e Diversit\u00e9\" \/>\n<meta property=\"article:publisher\" content=\"https:\/\/www.facebook.com\/guineediversite\/\" \/>\n<meta property=\"article:published_time\" content=\"2017-05-03T22:00:00+00:00\" \/>\n<meta name=\"author\" content=\"Guin\u00e9e Diversit\u00e9\" \/>\n<meta name=\"twitter:card\" content=\"summary_large_image\" \/>\n<meta name=\"twitter:creator\" content=\"@GuineeDiversite\" \/>\n<meta name=\"twitter:site\" content=\"@GuineeDiversite\" \/>\n<meta name=\"twitter:label1\" content=\"\u00c9crit par\" \/>\n\t<meta name=\"twitter:data1\" content=\"Guin\u00e9e Diversit\u00e9\" \/>\n\t<meta name=\"twitter:label2\" content=\"Dur\u00e9e de lecture estim\u00e9e\" \/>\n\t<meta name=\"twitter:data2\" content=\"2 minutes\" \/>\n<script type=\"application\/ld+json\" class=\"yoast-schema-graph\">{\"@context\":\"https:\/\/schema.org\",\"@graph\":[{\"@type\":\"Article\",\"@id\":\"https:\/\/guineediversite.com\/index.php\/2017\/05\/04\/les-medias-guineens-au-centre-dune-soiree-pour-celebrer-la-journee-mondiale-de-la-liberte-de-la-presse\/#article\",\"isPartOf\":{\"@id\":\"https:\/\/guineediversite.com\/index.php\/2017\/05\/04\/les-medias-guineens-au-centre-dune-soiree-pour-celebrer-la-journee-mondiale-de-la-liberte-de-la-presse\/\"},\"author\":{\"name\":\"Guin\u00e9e Diversit\u00e9\",\"@id\":\"https:\/\/guineediversite.com\/#\/schema\/person\/afa08fb34e7fc6e1feafc892612bc836\"},\"headline\":\"Les M\u00e9dias guin\u00e9ens au centre d\u2019une soir\u00e9e pour c\u00e9l\u00e9brer la journ\u00e9e mondiale de la libert\u00e9 de la presse\",\"datePublished\":\"2017-05-03T22:00:00+00:00\",\"dateModified\":\"2017-05-03T22:00:00+00:00\",\"mainEntityOfPage\":{\"@id\":\"https:\/\/guineediversite.com\/index.php\/2017\/05\/04\/les-medias-guineens-au-centre-dune-soiree-pour-celebrer-la-journee-mondiale-de-la-liberte-de-la-presse\/\"},\"wordCount\":357,\"commentCount\":0,\"publisher\":{\"@id\":\"https:\/\/guineediversite.com\/#organization\"},\"articleSection\":[\"Archives\"],\"inLanguage\":\"fr-FR\",\"potentialAction\":[{\"@type\":\"CommentAction\",\"name\":\"Comment\",\"target\":[\"https:\/\/guineediversite.com\/index.php\/2017\/05\/04\/les-medias-guineens-au-centre-dune-soiree-pour-celebrer-la-journee-mondiale-de-la-liberte-de-la-presse\/#respond\"]}]},{\"@type\":\"WebPage\",\"@id\":\"https:\/\/guineediversite.com\/index.php\/2017\/05\/04\/les-medias-guineens-au-centre-dune-soiree-pour-celebrer-la-journee-mondiale-de-la-liberte-de-la-presse\/\",\"url\":\"https:\/\/guineediversite.com\/index.php\/2017\/05\/04\/les-medias-guineens-au-centre-dune-soiree-pour-celebrer-la-journee-mondiale-de-la-liberte-de-la-presse\/\",\"name\":\"Les M\u00e9dias guin\u00e9ens au centre d\u2019une soir\u00e9e pour c\u00e9l\u00e9brer la journ\u00e9e mondiale de la libert\u00e9 de la presse | Guin\u00e9e Diversit\u00e9\",\"isPartOf\":{\"@id\":\"https:\/\/guineediversite.com\/#website\"},\"datePublished\":\"2017-05-03T22:00:00+00:00\",\"dateModified\":\"2017-05-03T22:00:00+00:00\",\"breadcrumb\":{\"@id\":\"https:\/\/guineediversite.com\/index.php\/2017\/05\/04\/les-medias-guineens-au-centre-dune-soiree-pour-celebrer-la-journee-mondiale-de-la-liberte-de-la-presse\/#breadcrumb\"},\"inLanguage\":\"fr-FR\",\"potentialAction\":[{\"@type\":\"ReadAction\",\"target\":[\"https:\/\/guineediversite.com\/index.php\/2017\/05\/04\/les-medias-guineens-au-centre-dune-soiree-pour-celebrer-la-journee-mondiale-de-la-liberte-de-la-presse\/\"]}]},{\"@type\":\"BreadcrumbList\",\"@id\":\"https:\/\/guineediversite.com\/index.php\/2017\/05\/04\/les-medias-guineens-au-centre-dune-soiree-pour-celebrer-la-journee-mondiale-de-la-liberte-de-la-presse\/#breadcrumb\",\"itemListElement\":[{\"@type\":\"ListItem\",\"position\":1,\"name\":\"Accueil\",\"item\":\"https:\/\/guineediversite.com\/\"},{\"@type\":\"ListItem\",\"position\":2,\"name\":\"Les M\u00e9dias guin\u00e9ens au centre d\u2019une soir\u00e9e pour c\u00e9l\u00e9brer la journ\u00e9e mondiale de la libert\u00e9 de la presse\"}]},{\"@type\":\"WebSite\",\"@id\":\"https:\/\/guineediversite.com\/#website\",\"url\":\"https:\/\/guineediversite.com\/\",\"name\":\"Guin\u00e9e Diversit\u00e9\",\"description\":\"L&#039;Info dans toute sa diversit\u00e9\",\"publisher\":{\"@id\":\"https:\/\/guineediversite.com\/#organization\"},\"potentialAction\":[{\"@type\":\"SearchAction\",\"target\":{\"@type\":\"EntryPoint\",\"urlTemplate\":\"https:\/\/guineediversite.com\/?s={search_term_string}\"},\"query-input\":{\"@type\":\"PropertyValueSpecification\",\"valueRequired\":true,\"valueName\":\"search_term_string\"}}],\"inLanguage\":\"fr-FR\"},{\"@type\":\"Organization\",\"@id\":\"https:\/\/guineediversite.com\/#organization\",\"name\":\"Guin\u00e9e Diversit\u00e9\",\"url\":\"https:\/\/guineediversite.com\/\",\"logo\":{\"@type\":\"ImageObject\",\"inLanguage\":\"fr-FR\",\"@id\":\"https:\/\/guineediversite.com\/#\/schema\/logo\/image\/\",\"url\":\"https:\/\/guineediversite.com\/wp-content\/uploads\/2017\/04\/cropped-1jojlxEOMkX9Wyqfhe43D6kjPOGqBBKmx3EwWJqZ0cMrFF54yM49.png\",\"contentUrl\":\"https:\/\/guineediversite.com\/wp-content\/uploads\/2017\/04\/cropped-1jojlxEOMkX9Wyqfhe43D6kjPOGqBBKmx3EwWJqZ0cMrFF54yM49.png\",\"width\":186,\"height\":112,\"caption\":\"Guin\u00e9e Diversit\u00e9\"},\"image\":{\"@id\":\"https:\/\/guineediversite.com\/#\/schema\/logo\/image\/\"},\"sameAs\":[\"https:\/\/www.facebook.com\/guineediversite\/\",\"https:\/\/x.com\/GuineeDiversite\",\"https:\/\/www.youtube.com\/channel\/UC8sUY16qelG5ge6_D5SB83g\"]},{\"@type\":\"Person\",\"@id\":\"https:\/\/guineediversite.com\/#\/schema\/person\/afa08fb34e7fc6e1feafc892612bc836\",\"name\":\"Guin\u00e9e Diversit\u00e9\",\"image\":{\"@type\":\"ImageObject\",\"inLanguage\":\"fr-FR\",\"@id\":\"https:\/\/guineediversite.com\/#\/schema\/person\/image\/\",\"url\":\"https:\/\/secure.gravatar.com\/avatar\/50d5eb5b390f8b65ac30ac6f898eb83a?s=96&d=mm&r=g\",\"contentUrl\":\"https:\/\/secure.gravatar.com\/avatar\/50d5eb5b390f8b65ac30ac6f898eb83a?s=96&d=mm&r=g\",\"caption\":\"Guin\u00e9e Diversit\u00e9\"},\"url\":\"https:\/\/guineediversite.com\/index.php\/author\/guineediversite\/\"}]}<\/script>\n<!-- \/ Yoast SEO plugin. -->","yoast_head_json":{"title":"Les M\u00e9dias guin\u00e9ens au centre d\u2019une soir\u00e9e pour c\u00e9l\u00e9brer la journ\u00e9e mondiale de la libert\u00e9 de la presse | Guin\u00e9e Diversit\u00e9","robots":{"index":"index","follow":"follow","max-snippet":"max-snippet:-1","max-image-preview":"max-image-preview:large","max-video-preview":"max-video-preview:-1"},"canonical":"https:\/\/guineediversite.com\/index.php\/2017\/05\/04\/les-medias-guineens-au-centre-dune-soiree-pour-celebrer-la-journee-mondiale-de-la-liberte-de-la-presse\/","og_locale":"fr_FR","og_type":"article","og_title":"Les M\u00e9dias guin\u00e9ens au centre d\u2019une soir\u00e9e pour c\u00e9l\u00e9brer la journ\u00e9e mondiale de la libert\u00e9 de la presse | Guin\u00e9e Diversit\u00e9","og_description":"Cette premi&egrave;re &eacute;dition de la grande soir&eacute;e des m&eacute;dias guin&eacute;en a marqu&eacute; le clou final de la journ&eacute;e mondiale de la libert&eacute; de la presse. Cette soir&eacute;e organis&eacute;e par la structure Wassolon Communication Agency s&rsquo;est tenue sous le th&egrave;me &laquo; Media guin&eacute;en, du dynamisme &agrave; l&rsquo;incertitude. &raquo; Elle &eacute;tait plac&eacute;e sous le haut patronage du [&hellip;]","og_url":"https:\/\/guineediversite.com\/index.php\/2017\/05\/04\/les-medias-guineens-au-centre-dune-soiree-pour-celebrer-la-journee-mondiale-de-la-liberte-de-la-presse\/","og_site_name":"Guin\u00e9e Diversit\u00e9","article_publisher":"https:\/\/www.facebook.com\/guineediversite\/","article_published_time":"2017-05-03T22:00:00+00:00","author":"Guin\u00e9e Diversit\u00e9","twitter_card":"summary_large_image","twitter_creator":"@GuineeDiversite","twitter_site":"@GuineeDiversite","twitter_misc":{"\u00c9crit par":"Guin\u00e9e Diversit\u00e9","Dur\u00e9e de lecture estim\u00e9e":"2 minutes"},"schema":{"@context":"https:\/\/schema.org","@graph":[{"@type":"Article","@id":"https:\/\/guineediversite.com\/index.php\/2017\/05\/04\/les-medias-guineens-au-centre-dune-soiree-pour-celebrer-la-journee-mondiale-de-la-liberte-de-la-presse\/#article","isPartOf":{"@id":"https:\/\/guineediversite.com\/index.php\/2017\/05\/04\/les-medias-guineens-au-centre-dune-soiree-pour-celebrer-la-journee-mondiale-de-la-liberte-de-la-presse\/"},"author":{"name":"Guin\u00e9e Diversit\u00e9","@id":"https:\/\/guineediversite.com\/#\/schema\/person\/afa08fb34e7fc6e1feafc892612bc836"},"headline":"Les M\u00e9dias guin\u00e9ens au centre d\u2019une soir\u00e9e pour c\u00e9l\u00e9brer la journ\u00e9e mondiale de la libert\u00e9 de la presse","datePublished":"2017-05-03T22:00:00+00:00","dateModified":"2017-05-03T22:00:00+00:00","mainEntityOfPage":{"@id":"https:\/\/guineediversite.com\/index.php\/2017\/05\/04\/les-medias-guineens-au-centre-dune-soiree-pour-celebrer-la-journee-mondiale-de-la-liberte-de-la-presse\/"},"wordCount":357,"commentCount":0,"publisher":{"@id":"https:\/\/guineediversite.com\/#organization"},"articleSection":["Archives"],"inLanguage":"fr-FR","potentialAction":[{"@type":"CommentAction","name":"Comment","target":["https:\/\/guineediversite.com\/index.php\/2017\/05\/04\/les-medias-guineens-au-centre-dune-soiree-pour-celebrer-la-journee-mondiale-de-la-liberte-de-la-presse\/#respond"]}]},{"@type":"WebPage","@id":"https:\/\/guineediversite.com\/index.php\/2017\/05\/04\/les-medias-guineens-au-centre-dune-soiree-pour-celebrer-la-journee-mondiale-de-la-liberte-de-la-presse\/","url":"https:\/\/guineediversite.com\/index.php\/2017\/05\/04\/les-medias-guineens-au-centre-dune-soiree-pour-celebrer-la-journee-mondiale-de-la-liberte-de-la-presse\/","name":"Les M\u00e9dias guin\u00e9ens au centre d\u2019une soir\u00e9e pour c\u00e9l\u00e9brer la journ\u00e9e mondiale de la libert\u00e9 de la presse | Guin\u00e9e Diversit\u00e9","isPartOf":{"@id":"https:\/\/guineediversite.com\/#website"},"datePublished":"2017-05-03T22:00:00+00:00","dateModified":"2017-05-03T22:00:00+00:00","breadcrumb":{"@id":"https:\/\/guineediversite.com\/index.php\/2017\/05\/04\/les-medias-guineens-au-centre-dune-soiree-pour-celebrer-la-journee-mondiale-de-la-liberte-de-la-presse\/#breadcrumb"},"inLanguage":"fr-FR","potentialAction":[{"@type":"ReadAction","target":["https:\/\/guineediversite.com\/index.php\/2017\/05\/04\/les-medias-guineens-au-centre-dune-soiree-pour-celebrer-la-journee-mondiale-de-la-liberte-de-la-presse\/"]}]},{"@type":"BreadcrumbList","@id":"https:\/\/guineediversite.com\/index.php\/2017\/05\/04\/les-medias-guineens-au-centre-dune-soiree-pour-celebrer-la-journee-mondiale-de-la-liberte-de-la-presse\/#breadcrumb","itemListElement":[{"@type":"ListItem","position":1,"name":"Accueil","item":"https:\/\/guineediversite.com\/"},{"@type":"ListItem","position":2,"name":"Les M\u00e9dias guin\u00e9ens au centre d\u2019une soir\u00e9e pour c\u00e9l\u00e9brer la journ\u00e9e mondiale de la libert\u00e9 de la presse"}]},{"@type":"WebSite","@id":"https:\/\/guineediversite.com\/#website","url":"https:\/\/guineediversite.com\/","name":"Guin\u00e9e Diversit\u00e9","description":"L&#039;Info dans toute sa diversit\u00e9","publisher":{"@id":"https:\/\/guineediversite.com\/#organization"},"potentialAction":[{"@type":"SearchAction","target":{"@type":"EntryPoint","urlTemplate":"https:\/\/guineediversite.com\/?s={search_term_string}"},"query-input":{"@type":"PropertyValueSpecification","valueRequired":true,"valueName":"search_term_string"}}],"inLanguage":"fr-FR"},{"@type":"Organization","@id":"https:\/\/guineediversite.com\/#organization","name":"Guin\u00e9e Diversit\u00e9","url":"https:\/\/guineediversite.com\/","logo":{"@type":"ImageObject","inLanguage":"fr-FR","@id":"https:\/\/guineediversite.com\/#\/schema\/logo\/image\/","url":"https:\/\/guineediversite.com\/wp-content\/uploads\/2017\/04\/cropped-1jojlxEOMkX9Wyqfhe43D6kjPOGqBBKmx3EwWJqZ0cMrFF54yM49.png","contentUrl":"https:\/\/guineediversite.com\/wp-content\/uploads\/2017\/04\/cropped-1jojlxEOMkX9Wyqfhe43D6kjPOGqBBKmx3EwWJqZ0cMrFF54yM49.png","width":186,"height":112,"caption":"Guin\u00e9e Diversit\u00e9"},"image":{"@id":"https:\/\/guineediversite.com\/#\/schema\/logo\/image\/"},"sameAs":["https:\/\/www.facebook.com\/guineediversite\/","https:\/\/x.com\/GuineeDiversite","https:\/\/www.youtube.com\/channel\/UC8sUY16qelG5ge6_D5SB83g"]},{"@type":"Person","@id":"https:\/\/guineediversite.com\/#\/schema\/person\/afa08fb34e7fc6e1feafc892612bc836","name":"Guin\u00e9e Diversit\u00e9","image":{"@type":"ImageObject","inLanguage":"fr-FR","@id":"https:\/\/guineediversite.com\/#\/schema\/person\/image\/","url":"https:\/\/secure.gravatar.com\/avatar\/50d5eb5b390f8b65ac30ac6f898eb83a?s=96&d=mm&r=g","contentUrl":"https:\/\/secure.gravatar.com\/avatar\/50d5eb5b390f8b65ac30ac6f898eb83a?s=96&d=mm&r=g","caption":"Guin\u00e9e Diversit\u00e9"},"url":"https:\/\/guineediversite.com\/index.php\/author\/guineediversite\/"}]}},"_links":{"self":[{"href":"https:\/\/guineediversite.com\/index.php\/wp-json\/wp\/v2\/posts\/19434"}],"collection":[{"href":"https:\/\/guineediversite.com\/index.php\/wp-json\/wp\/v2\/posts"}],"about":[{"href":"https:\/\/guineediversite.com\/index.php\/wp-json\/wp\/v2\/types\/post"}],"author":[{"embeddable":true,"href":"https:\/\/guineediversite.com\/index.php\/wp-json\/wp\/v2\/users\/12"}],"replies":[{"embeddable":true,"href":"https:\/\/guineediversite.com\/index.php\/wp-json\/wp\/v2\/comments?post=19434"}],"version-history":[{"count":0,"href":"https:\/\/guineediversite.com\/index.php\/wp-json\/wp\/v2\/posts\/19434\/revisions"}],"wp:attachment":[{"href":"https:\/\/guineediversite.com\/index.php\/wp-json\/wp\/v2\/media?parent=19434"}],"wp:term":[{"taxonomy":"category","embeddable":true,"href":"https:\/\/guineediversite.com\/index.php\/wp-json\/wp\/v2\/categories?post=19434"},{"taxonomy":"post_tag","embeddable":true,"href":"https:\/\/guineediversite.com\/index.php\/wp-json\/wp\/v2\/tags?post=19434"}],"curies":[{"name":"wp","href":"https:\/\/api.w.org\/{rel}","templated":true}]}}