{"id":19433,"date":"2017-05-03T00:00:00","date_gmt":"2017-05-02T22:00:00","guid":{"rendered":"https:\/\/www.guineediversite.com\/index.php\/2017\/05\/03\/la-directrice-generale-de-lorganisation-mondiale-de-la-sante-oms-attendue-a-conakry-ce-mercredicommunique\/"},"modified":"2017-05-03T00:00:00","modified_gmt":"2017-05-02T22:00:00","slug":"la-directrice-generale-de-lorganisation-mondiale-de-la-sante-oms-attendue-a-conakry-ce-mercredicommunique","status":"publish","type":"post","link":"https:\/\/guineediversite.com\/index.php\/2017\/05\/03\/la-directrice-generale-de-lorganisation-mondiale-de-la-sante-oms-attendue-a-conakry-ce-mercredicommunique\/","title":{"rendered":"LA DIRECTRICE GENERALE DE L\u2019ORGANISATION MONDIALE DE LA SANTE (OMS) ATTENDUE A CONAKRY CE MERCREDI(communiqu\u00e9)"},"content":{"rendered":"<p>Dans le cadre du renforcement de la coop&eacute;ration entre la R&eacute;publique de Guin&eacute;e et l&rsquo;Organisation Mondiale de la Sant&eacute; (OMS), Margaret Chan, Directrice G&eacute;n&eacute;rale de l&rsquo;institution, effectuera, &agrave; compter de ce mercredi, une visite de travail &agrave; Conakry.<\/p>\n<p>&nbsp;<\/p>\n<p>Au cours de cette visite, une r&eacute;union sera organis&eacute;e le 4 Mai 2017 &agrave; 8h30 &agrave; l&rsquo;H&ocirc;tel Noom autour de la th&eacute;matique &quot;Vaccins anti-Ebola pour la Guin&eacute;e et le monde&quot;.&nbsp; Ainsi, sous la haute autorit&eacute; du Pr&eacute;sident de la R&eacute;publique, Chef de l&rsquo;Etat, Alpha Cond&eacute;, cette rencontre aura pour objectifs de souligner l&#39;importance des efforts collaboratifs et de partenariat fournis par plusieurs pays et institutions travaillant en synergie afin de traiter des questions importantes de sant&eacute; publique et de s&eacute;curit&eacute; mondiale, et de c&eacute;l&eacute;brer le succ&egrave;s de l&#39;exp&eacute;rience li&eacute;e &agrave; l&#39;&eacute;valuation des candidats vaccins Ebola.<\/p>\n<p>&nbsp;<\/p>\n<p>La r&eacute;union se penchera &eacute;galement sur la fa&ccedil;on dont cette exp&eacute;rience a contribu&eacute; aux efforts futurs, et &agrave; souligner comment les activit&eacute;s de l&#39;OMS dans le cadre du Blueprint pour la Recherche et le D&eacute;veloppement ont contribu&eacute; &agrave; l&#39;am&eacute;lioration de la pr&eacute;paration et de la r&eacute;ponse aux &eacute;pid&eacute;mies futures.<\/p>\n<p>&nbsp;<\/p>\n<p>A noter que cette visite de Margaret Chan -la deuxi&egrave;me dans notre pays apr&egrave;s celle effectu&eacute;e en Juillet 2014 pendant l&rsquo;&eacute;pid&eacute;mie h&eacute;morragique &agrave; virus Ebola- intervient &agrave; quelques jours de l&rsquo;&eacute;lection du nouveau Directeur G&eacute;n&eacute;ral de l&rsquo;OMS qui se d&eacute;roulera pendant la 70e Assembl&eacute;e Mondiale de la Sant&eacute; &agrave; Gen&egrave;ve par les ministres de la Sant&eacute; des pays membres.<\/p>\n<p>&nbsp;&nbsp;<\/p>\n<p><strong>La<\/strong><strong>&nbsp;Cellule de Communication du Gouvernement<\/strong><\/p>\n","protected":false},"excerpt":{"rendered":"<p>Dans le cadre du renforcement de la coop&eacute;ration entre la R&eacute;publique de Guin&eacute;e et l&rsquo;Organisation Mondiale de la Sant&eacute; (OMS), Margaret Chan, Directrice G&eacute;n&eacute;rale de l&rsquo;institution, effectuera, &agrave; compter de ce mercredi, une visite de travail &agrave; Conakry. &nbsp; Au cours de cette visite, une r&eacute;union sera organis&eacute;e le 4 Mai 2017 &agrave; 8h30 &agrave; [&hellip;]<\/p>\n","protected":false},"author":12,"featured_media":0,"comment_status":"open","ping_status":"open","sticky":false,"template":"","format":"standard","meta":{"_exactmetrics_skip_tracking":false,"_exactmetrics_sitenote_active":false,"_exactmetrics_sitenote_note":"","_exactmetrics_sitenote_category":0,"tdm_status":"","tdm_grid_status":"","footnotes":""},"categories":[28],"tags":[],"class_list":{"0":"post-19433","1":"post","2":"type-post","3":"status-publish","4":"format-standard","6":"category-archives"},"yoast_head":"<!-- This site is optimized with the Yoast SEO plugin v24.2 - https:\/\/yoast.com\/wordpress\/plugins\/seo\/ -->\n<title>LA DIRECTRICE GENERALE DE L\u2019ORGANISATION MONDIALE DE LA SANTE (OMS) ATTENDUE A CONAKRY CE MERCREDI(communiqu\u00e9) | Guin\u00e9e Diversit\u00e9<\/title>\n<meta name=\"robots\" content=\"index, follow, max-snippet:-1, max-image-preview:large, max-video-preview:-1\" \/>\n<link rel=\"canonical\" href=\"https:\/\/guineediversite.com\/index.php\/2017\/05\/03\/la-directrice-generale-de-lorganisation-mondiale-de-la-sante-oms-attendue-a-conakry-ce-mercredicommunique\/\" \/>\n<meta property=\"og:locale\" content=\"fr_FR\" \/>\n<meta property=\"og:type\" content=\"article\" \/>\n<meta property=\"og:title\" content=\"LA DIRECTRICE GENERALE DE L\u2019ORGANISATION MONDIALE DE LA SANTE (OMS) ATTENDUE A CONAKRY CE MERCREDI(communiqu\u00e9) | Guin\u00e9e Diversit\u00e9\" \/>\n<meta property=\"og:description\" content=\"Dans le cadre du renforcement de la coop&eacute;ration entre la R&eacute;publique de Guin&eacute;e et l&rsquo;Organisation Mondiale de la Sant&eacute; (OMS), Margaret Chan, Directrice G&eacute;n&eacute;rale de l&rsquo;institution, effectuera, &agrave; compter de ce mercredi, une visite de travail &agrave; Conakry. &nbsp; Au cours de cette visite, une r&eacute;union sera organis&eacute;e le 4 Mai 2017 &agrave; 8h30 &agrave; [&hellip;]\" \/>\n<meta property=\"og:url\" content=\"https:\/\/guineediversite.com\/index.php\/2017\/05\/03\/la-directrice-generale-de-lorganisation-mondiale-de-la-sante-oms-attendue-a-conakry-ce-mercredicommunique\/\" \/>\n<meta property=\"og:site_name\" content=\"Guin\u00e9e Diversit\u00e9\" \/>\n<meta property=\"article:publisher\" content=\"https:\/\/www.facebook.com\/guineediversite\/\" \/>\n<meta property=\"article:published_time\" content=\"2017-05-02T22:00:00+00:00\" \/>\n<meta name=\"author\" content=\"Guin\u00e9e Diversit\u00e9\" \/>\n<meta name=\"twitter:card\" content=\"summary_large_image\" \/>\n<meta name=\"twitter:creator\" content=\"@GuineeDiversite\" \/>\n<meta name=\"twitter:site\" content=\"@GuineeDiversite\" \/>\n<meta name=\"twitter:label1\" content=\"\u00c9crit par\" \/>\n\t<meta name=\"twitter:data1\" content=\"Guin\u00e9e Diversit\u00e9\" \/>\n\t<meta name=\"twitter:label2\" content=\"Dur\u00e9e de lecture estim\u00e9e\" \/>\n\t<meta name=\"twitter:data2\" content=\"2 minutes\" \/>\n<script type=\"application\/ld+json\" class=\"yoast-schema-graph\">{\"@context\":\"https:\/\/schema.org\",\"@graph\":[{\"@type\":\"Article\",\"@id\":\"https:\/\/guineediversite.com\/index.php\/2017\/05\/03\/la-directrice-generale-de-lorganisation-mondiale-de-la-sante-oms-attendue-a-conakry-ce-mercredicommunique\/#article\",\"isPartOf\":{\"@id\":\"https:\/\/guineediversite.com\/index.php\/2017\/05\/03\/la-directrice-generale-de-lorganisation-mondiale-de-la-sante-oms-attendue-a-conakry-ce-mercredicommunique\/\"},\"author\":{\"name\":\"Guin\u00e9e Diversit\u00e9\",\"@id\":\"https:\/\/guineediversite.com\/#\/schema\/person\/afa08fb34e7fc6e1feafc892612bc836\"},\"headline\":\"LA DIRECTRICE GENERALE DE L\u2019ORGANISATION MONDIALE DE LA SANTE (OMS) ATTENDUE A CONAKRY CE MERCREDI(communiqu\u00e9)\",\"datePublished\":\"2017-05-02T22:00:00+00:00\",\"dateModified\":\"2017-05-02T22:00:00+00:00\",\"mainEntityOfPage\":{\"@id\":\"https:\/\/guineediversite.com\/index.php\/2017\/05\/03\/la-directrice-generale-de-lorganisation-mondiale-de-la-sante-oms-attendue-a-conakry-ce-mercredicommunique\/\"},\"wordCount\":377,\"commentCount\":0,\"publisher\":{\"@id\":\"https:\/\/guineediversite.com\/#organization\"},\"articleSection\":[\"Archives\"],\"inLanguage\":\"fr-FR\",\"potentialAction\":[{\"@type\":\"CommentAction\",\"name\":\"Comment\",\"target\":[\"https:\/\/guineediversite.com\/index.php\/2017\/05\/03\/la-directrice-generale-de-lorganisation-mondiale-de-la-sante-oms-attendue-a-conakry-ce-mercredicommunique\/#respond\"]}]},{\"@type\":\"WebPage\",\"@id\":\"https:\/\/guineediversite.com\/index.php\/2017\/05\/03\/la-directrice-generale-de-lorganisation-mondiale-de-la-sante-oms-attendue-a-conakry-ce-mercredicommunique\/\",\"url\":\"https:\/\/guineediversite.com\/index.php\/2017\/05\/03\/la-directrice-generale-de-lorganisation-mondiale-de-la-sante-oms-attendue-a-conakry-ce-mercredicommunique\/\",\"name\":\"LA DIRECTRICE GENERALE DE L\u2019ORGANISATION MONDIALE DE LA SANTE (OMS) ATTENDUE A CONAKRY CE MERCREDI(communiqu\u00e9) | Guin\u00e9e Diversit\u00e9\",\"isPartOf\":{\"@id\":\"https:\/\/guineediversite.com\/#website\"},\"datePublished\":\"2017-05-02T22:00:00+00:00\",\"dateModified\":\"2017-05-02T22:00:00+00:00\",\"breadcrumb\":{\"@id\":\"https:\/\/guineediversite.com\/index.php\/2017\/05\/03\/la-directrice-generale-de-lorganisation-mondiale-de-la-sante-oms-attendue-a-conakry-ce-mercredicommunique\/#breadcrumb\"},\"inLanguage\":\"fr-FR\",\"potentialAction\":[{\"@type\":\"ReadAction\",\"target\":[\"https:\/\/guineediversite.com\/index.php\/2017\/05\/03\/la-directrice-generale-de-lorganisation-mondiale-de-la-sante-oms-attendue-a-conakry-ce-mercredicommunique\/\"]}]},{\"@type\":\"BreadcrumbList\",\"@id\":\"https:\/\/guineediversite.com\/index.php\/2017\/05\/03\/la-directrice-generale-de-lorganisation-mondiale-de-la-sante-oms-attendue-a-conakry-ce-mercredicommunique\/#breadcrumb\",\"itemListElement\":[{\"@type\":\"ListItem\",\"position\":1,\"name\":\"Accueil\",\"item\":\"https:\/\/guineediversite.com\/\"},{\"@type\":\"ListItem\",\"position\":2,\"name\":\"LA DIRECTRICE GENERALE DE L\u2019ORGANISATION MONDIALE DE LA SANTE (OMS) ATTENDUE A CONAKRY CE MERCREDI(communiqu\u00e9)\"}]},{\"@type\":\"WebSite\",\"@id\":\"https:\/\/guineediversite.com\/#website\",\"url\":\"https:\/\/guineediversite.com\/\",\"name\":\"Guin\u00e9e Diversit\u00e9\",\"description\":\"L&#039;Info dans toute sa diversit\u00e9\",\"publisher\":{\"@id\":\"https:\/\/guineediversite.com\/#organization\"},\"potentialAction\":[{\"@type\":\"SearchAction\",\"target\":{\"@type\":\"EntryPoint\",\"urlTemplate\":\"https:\/\/guineediversite.com\/?s={search_term_string}\"},\"query-input\":{\"@type\":\"PropertyValueSpecification\",\"valueRequired\":true,\"valueName\":\"search_term_string\"}}],\"inLanguage\":\"fr-FR\"},{\"@type\":\"Organization\",\"@id\":\"https:\/\/guineediversite.com\/#organization\",\"name\":\"Guin\u00e9e Diversit\u00e9\",\"url\":\"https:\/\/guineediversite.com\/\",\"logo\":{\"@type\":\"ImageObject\",\"inLanguage\":\"fr-FR\",\"@id\":\"https:\/\/guineediversite.com\/#\/schema\/logo\/image\/\",\"url\":\"https:\/\/guineediversite.com\/wp-content\/uploads\/2017\/04\/cropped-1jojlxEOMkX9Wyqfhe43D6kjPOGqBBKmx3EwWJqZ0cMrFF54yM49.png\",\"contentUrl\":\"https:\/\/guineediversite.com\/wp-content\/uploads\/2017\/04\/cropped-1jojlxEOMkX9Wyqfhe43D6kjPOGqBBKmx3EwWJqZ0cMrFF54yM49.png\",\"width\":186,\"height\":112,\"caption\":\"Guin\u00e9e Diversit\u00e9\"},\"image\":{\"@id\":\"https:\/\/guineediversite.com\/#\/schema\/logo\/image\/\"},\"sameAs\":[\"https:\/\/www.facebook.com\/guineediversite\/\",\"https:\/\/x.com\/GuineeDiversite\",\"https:\/\/www.youtube.com\/channel\/UC8sUY16qelG5ge6_D5SB83g\"]},{\"@type\":\"Person\",\"@id\":\"https:\/\/guineediversite.com\/#\/schema\/person\/afa08fb34e7fc6e1feafc892612bc836\",\"name\":\"Guin\u00e9e Diversit\u00e9\",\"image\":{\"@type\":\"ImageObject\",\"inLanguage\":\"fr-FR\",\"@id\":\"https:\/\/guineediversite.com\/#\/schema\/person\/image\/\",\"url\":\"https:\/\/secure.gravatar.com\/avatar\/50d5eb5b390f8b65ac30ac6f898eb83a?s=96&d=mm&r=g\",\"contentUrl\":\"https:\/\/secure.gravatar.com\/avatar\/50d5eb5b390f8b65ac30ac6f898eb83a?s=96&d=mm&r=g\",\"caption\":\"Guin\u00e9e Diversit\u00e9\"},\"url\":\"https:\/\/guineediversite.com\/index.php\/author\/guineediversite\/\"}]}<\/script>\n<!-- \/ Yoast SEO plugin. -->","yoast_head_json":{"title":"LA DIRECTRICE GENERALE DE L\u2019ORGANISATION MONDIALE DE LA SANTE (OMS) ATTENDUE A CONAKRY CE MERCREDI(communiqu\u00e9) | Guin\u00e9e Diversit\u00e9","robots":{"index":"index","follow":"follow","max-snippet":"max-snippet:-1","max-image-preview":"max-image-preview:large","max-video-preview":"max-video-preview:-1"},"canonical":"https:\/\/guineediversite.com\/index.php\/2017\/05\/03\/la-directrice-generale-de-lorganisation-mondiale-de-la-sante-oms-attendue-a-conakry-ce-mercredicommunique\/","og_locale":"fr_FR","og_type":"article","og_title":"LA DIRECTRICE GENERALE DE L\u2019ORGANISATION MONDIALE DE LA SANTE (OMS) ATTENDUE A CONAKRY CE MERCREDI(communiqu\u00e9) | Guin\u00e9e Diversit\u00e9","og_description":"Dans le cadre du renforcement de la coop&eacute;ration entre la R&eacute;publique de Guin&eacute;e et l&rsquo;Organisation Mondiale de la Sant&eacute; (OMS), Margaret Chan, Directrice G&eacute;n&eacute;rale de l&rsquo;institution, effectuera, &agrave; compter de ce mercredi, une visite de travail &agrave; Conakry. &nbsp; Au cours de cette visite, une r&eacute;union sera organis&eacute;e le 4 Mai 2017 &agrave; 8h30 &agrave; [&hellip;]","og_url":"https:\/\/guineediversite.com\/index.php\/2017\/05\/03\/la-directrice-generale-de-lorganisation-mondiale-de-la-sante-oms-attendue-a-conakry-ce-mercredicommunique\/","og_site_name":"Guin\u00e9e Diversit\u00e9","article_publisher":"https:\/\/www.facebook.com\/guineediversite\/","article_published_time":"2017-05-02T22:00:00+00:00","author":"Guin\u00e9e Diversit\u00e9","twitter_card":"summary_large_image","twitter_creator":"@GuineeDiversite","twitter_site":"@GuineeDiversite","twitter_misc":{"\u00c9crit par":"Guin\u00e9e Diversit\u00e9","Dur\u00e9e de lecture estim\u00e9e":"2 minutes"},"schema":{"@context":"https:\/\/schema.org","@graph":[{"@type":"Article","@id":"https:\/\/guineediversite.com\/index.php\/2017\/05\/03\/la-directrice-generale-de-lorganisation-mondiale-de-la-sante-oms-attendue-a-conakry-ce-mercredicommunique\/#article","isPartOf":{"@id":"https:\/\/guineediversite.com\/index.php\/2017\/05\/03\/la-directrice-generale-de-lorganisation-mondiale-de-la-sante-oms-attendue-a-conakry-ce-mercredicommunique\/"},"author":{"name":"Guin\u00e9e Diversit\u00e9","@id":"https:\/\/guineediversite.com\/#\/schema\/person\/afa08fb34e7fc6e1feafc892612bc836"},"headline":"LA DIRECTRICE GENERALE DE L\u2019ORGANISATION MONDIALE DE LA SANTE (OMS) ATTENDUE A CONAKRY CE MERCREDI(communiqu\u00e9)","datePublished":"2017-05-02T22:00:00+00:00","dateModified":"2017-05-02T22:00:00+00:00","mainEntityOfPage":{"@id":"https:\/\/guineediversite.com\/index.php\/2017\/05\/03\/la-directrice-generale-de-lorganisation-mondiale-de-la-sante-oms-attendue-a-conakry-ce-mercredicommunique\/"},"wordCount":377,"commentCount":0,"publisher":{"@id":"https:\/\/guineediversite.com\/#organization"},"articleSection":["Archives"],"inLanguage":"fr-FR","potentialAction":[{"@type":"CommentAction","name":"Comment","target":["https:\/\/guineediversite.com\/index.php\/2017\/05\/03\/la-directrice-generale-de-lorganisation-mondiale-de-la-sante-oms-attendue-a-conakry-ce-mercredicommunique\/#respond"]}]},{"@type":"WebPage","@id":"https:\/\/guineediversite.com\/index.php\/2017\/05\/03\/la-directrice-generale-de-lorganisation-mondiale-de-la-sante-oms-attendue-a-conakry-ce-mercredicommunique\/","url":"https:\/\/guineediversite.com\/index.php\/2017\/05\/03\/la-directrice-generale-de-lorganisation-mondiale-de-la-sante-oms-attendue-a-conakry-ce-mercredicommunique\/","name":"LA DIRECTRICE GENERALE DE L\u2019ORGANISATION MONDIALE DE LA SANTE (OMS) ATTENDUE A CONAKRY CE MERCREDI(communiqu\u00e9) | Guin\u00e9e Diversit\u00e9","isPartOf":{"@id":"https:\/\/guineediversite.com\/#website"},"datePublished":"2017-05-02T22:00:00+00:00","dateModified":"2017-05-02T22:00:00+00:00","breadcrumb":{"@id":"https:\/\/guineediversite.com\/index.php\/2017\/05\/03\/la-directrice-generale-de-lorganisation-mondiale-de-la-sante-oms-attendue-a-conakry-ce-mercredicommunique\/#breadcrumb"},"inLanguage":"fr-FR","potentialAction":[{"@type":"ReadAction","target":["https:\/\/guineediversite.com\/index.php\/2017\/05\/03\/la-directrice-generale-de-lorganisation-mondiale-de-la-sante-oms-attendue-a-conakry-ce-mercredicommunique\/"]}]},{"@type":"BreadcrumbList","@id":"https:\/\/guineediversite.com\/index.php\/2017\/05\/03\/la-directrice-generale-de-lorganisation-mondiale-de-la-sante-oms-attendue-a-conakry-ce-mercredicommunique\/#breadcrumb","itemListElement":[{"@type":"ListItem","position":1,"name":"Accueil","item":"https:\/\/guineediversite.com\/"},{"@type":"ListItem","position":2,"name":"LA DIRECTRICE GENERALE DE L\u2019ORGANISATION MONDIALE DE LA SANTE (OMS) ATTENDUE A CONAKRY CE MERCREDI(communiqu\u00e9)"}]},{"@type":"WebSite","@id":"https:\/\/guineediversite.com\/#website","url":"https:\/\/guineediversite.com\/","name":"Guin\u00e9e Diversit\u00e9","description":"L&#039;Info dans toute sa diversit\u00e9","publisher":{"@id":"https:\/\/guineediversite.com\/#organization"},"potentialAction":[{"@type":"SearchAction","target":{"@type":"EntryPoint","urlTemplate":"https:\/\/guineediversite.com\/?s={search_term_string}"},"query-input":{"@type":"PropertyValueSpecification","valueRequired":true,"valueName":"search_term_string"}}],"inLanguage":"fr-FR"},{"@type":"Organization","@id":"https:\/\/guineediversite.com\/#organization","name":"Guin\u00e9e Diversit\u00e9","url":"https:\/\/guineediversite.com\/","logo":{"@type":"ImageObject","inLanguage":"fr-FR","@id":"https:\/\/guineediversite.com\/#\/schema\/logo\/image\/","url":"https:\/\/guineediversite.com\/wp-content\/uploads\/2017\/04\/cropped-1jojlxEOMkX9Wyqfhe43D6kjPOGqBBKmx3EwWJqZ0cMrFF54yM49.png","contentUrl":"https:\/\/guineediversite.com\/wp-content\/uploads\/2017\/04\/cropped-1jojlxEOMkX9Wyqfhe43D6kjPOGqBBKmx3EwWJqZ0cMrFF54yM49.png","width":186,"height":112,"caption":"Guin\u00e9e Diversit\u00e9"},"image":{"@id":"https:\/\/guineediversite.com\/#\/schema\/logo\/image\/"},"sameAs":["https:\/\/www.facebook.com\/guineediversite\/","https:\/\/x.com\/GuineeDiversite","https:\/\/www.youtube.com\/channel\/UC8sUY16qelG5ge6_D5SB83g"]},{"@type":"Person","@id":"https:\/\/guineediversite.com\/#\/schema\/person\/afa08fb34e7fc6e1feafc892612bc836","name":"Guin\u00e9e Diversit\u00e9","image":{"@type":"ImageObject","inLanguage":"fr-FR","@id":"https:\/\/guineediversite.com\/#\/schema\/person\/image\/","url":"https:\/\/secure.gravatar.com\/avatar\/50d5eb5b390f8b65ac30ac6f898eb83a?s=96&d=mm&r=g","contentUrl":"https:\/\/secure.gravatar.com\/avatar\/50d5eb5b390f8b65ac30ac6f898eb83a?s=96&d=mm&r=g","caption":"Guin\u00e9e Diversit\u00e9"},"url":"https:\/\/guineediversite.com\/index.php\/author\/guineediversite\/"}]}},"_links":{"self":[{"href":"https:\/\/guineediversite.com\/index.php\/wp-json\/wp\/v2\/posts\/19433"}],"collection":[{"href":"https:\/\/guineediversite.com\/index.php\/wp-json\/wp\/v2\/posts"}],"about":[{"href":"https:\/\/guineediversite.com\/index.php\/wp-json\/wp\/v2\/types\/post"}],"author":[{"embeddable":true,"href":"https:\/\/guineediversite.com\/index.php\/wp-json\/wp\/v2\/users\/12"}],"replies":[{"embeddable":true,"href":"https:\/\/guineediversite.com\/index.php\/wp-json\/wp\/v2\/comments?post=19433"}],"version-history":[{"count":0,"href":"https:\/\/guineediversite.com\/index.php\/wp-json\/wp\/v2\/posts\/19433\/revisions"}],"wp:attachment":[{"href":"https:\/\/guineediversite.com\/index.php\/wp-json\/wp\/v2\/media?parent=19433"}],"wp:term":[{"taxonomy":"category","embeddable":true,"href":"https:\/\/guineediversite.com\/index.php\/wp-json\/wp\/v2\/categories?post=19433"},{"taxonomy":"post_tag","embeddable":true,"href":"https:\/\/guineediversite.com\/index.php\/wp-json\/wp\/v2\/tags?post=19433"}],"curies":[{"name":"wp","href":"https:\/\/api.w.org\/{rel}","templated":true}]}}