{"id":19432,"date":"2017-05-01T00:00:00","date_gmt":"2017-04-30T22:00:00","guid":{"rendered":"https:\/\/www.guineediversite.com\/index.php\/2017\/05\/01\/1er-mai-les-syndicats-africains-fetent-aussi-le-travail\/"},"modified":"2017-06-02T18:59:35","modified_gmt":"2017-06-02T16:59:35","slug":"1er-mai-les-syndicats-africains-fetent-aussi-le-travail","status":"publish","type":"post","link":"https:\/\/guineediversite.com\/index.php\/2017\/05\/01\/1er-mai-les-syndicats-africains-fetent-aussi-le-travail\/","title":{"rendered":"1er-Mai: les syndicats africains f\u00eatent aussi le Travail"},"content":{"rendered":"<h2>A l&#39;occasion du 1er-Mai, RFI revient sur l&#39;histoire du syndicalisme en Afrique francophone. Un parcours qui au d&eacute;but du XXe si&egrave;cle se confond avec l&#39;histoire syndicale belge et fran&ccedil;aise. Mais si ce lundi, la f&ecirc;te du Travail est c&eacute;l&eacute;br&eacute;e un peu partout, chaque pays n&rsquo;a pas les m&ecirc;mes traditions syndicales et les m&ecirc;mes pr&eacute;occupations.<\/h2>\n<p>Si la premi&egrave;re gr&egrave;ve jamais enregistr&eacute;e en Afrique subsaharienne se d&eacute;roule &agrave; Dakar et date de 1919, il faudra attendre 1923 pour que le premier syndicat apparaisse : la F&eacute;d&eacute;ration des syndicats maritimes, affili&eacute;e &agrave; la CGT. La grande centrale fran&ccedil;aise joue un r&ocirc;le cl&eacute; dans l&#39;&eacute;mergence des syndicats dans l&#39;Afrique occidentale fran&ccedil;aise (AOF). Tandis qu&#39;au Congo belge, la CSC chr&eacute;tienne et la FGTB socialiste sponsorisent des conf&eacute;d&eacute;rations locales.<\/p>\n<p>En 1937, un d&eacute;cret de L&eacute;on Blum favorise l&#39;&eacute;tablissement de syndicats dans les colonies et l&#39;on assiste &agrave; un v&eacute;ritable boum. A la veille de la Seconde Guerre mondiale, les colonies fran&ccedil;aises comptaient 175 syndicats majoritairement affili&eacute;s &agrave; la CGT.<\/p>\n<p>Apr&egrave;s la guerre, les centrales africaines accompagnent la lutte contre la colonisation. C&#39;est d&#39;ailleurs la principale caract&eacute;ristique des syndicats africains que d&#39;&ecirc;tre ainsi engag&eacute; &agrave; la fois dans les luttes sociales et politiques. Les premiers partis africains, comme le RDA, le Rassemblement d&eacute;mocratique africain, sortiront de cette matrice syndicale.<\/p>\n<p>Les ind&eacute;pendances marqueront une certaine mise sous tutelle des syndicats nationaux, &agrave; mesure que les partis uniques se d&eacute;veloppent. A l&#39;oppos&eacute;, la vague de lib&eacute;ralisation des ann&eacute;es 1990 a consid&eacute;rablement renforc&eacute; le pluralisme syndical. Au point qu&#39;aujourd&#39;hui le morcellement est l&#39;une des principales faiblesses des centrales africaines.<\/p>\n<ul>\n<li><strong>Gambie, un vent de libert&eacute; pour les syndicats<\/strong><\/li>\n<\/ul>\n<p>Ce 1er-Mai est particulier en Gambie. C&rsquo;est la premi&egrave;re f&ecirc;te du Travail sous le nouveau r&eacute;gime. Jusque-l&agrave; sans r&eacute;el pouvoir de n&eacute;gociation, les syndicats esp&egrave;rent bien marquer le d&eacute;but d&rsquo;une nouvelle &egrave;re pour les droits des travailleurs dans le pays. L&#39;heure &eacute;tait donc &agrave; l&#39;enthousiasme chez les syndicalistes au moment des pr&eacute;paratifs.<\/p>\n<p>Il faut marquer le coup pour ce jour du travail pas comme les autres, selon Amadou Bah, du syndicat des transports et de l&#39;agriculture. &laquo;<em>&nbsp;C&#39;est bien s&ucirc;r une f&ecirc;te du Travail diff&eacute;rente. On s&#39;attend &agrave; ce que la collaboration avec le nouveau gouvernement soit plus fructueuse<\/em>&nbsp;&raquo;, explique-t-il.<\/p>\n<p>Il faut dire qu&#39;avant, entre menaces et d&eacute;tentions arbitraires, la libert&eacute; d&#39;expression &eacute;tait plus limit&eacute;e. Essa Sowe s&#39;occupe du syndicat des professeurs&nbsp;:&nbsp;&laquo;&nbsp;<em>On devait faire beaucoup de compromis &agrave; l&#39;&eacute;poque, il fallait que nos d&eacute;clarations soient flatteuses et on devait faire tr&egrave;s attention &agrave; ce qu&#39;on disait. Cela finissait par &ecirc;tre des d&eacute;clarations politiques, juste pour faire plaisir aux interlocuteurs et obtenir ce qu&#39;on voulait<\/em>&nbsp;&raquo;, se souvient-il.<\/p>\n<p>Aujourd&#39;hui, Malick Secka, syndicaliste pour les dockers, esp&egrave;re bien se faire entendre. &laquo;&nbsp;<em>Sous l&#39;ancien r&eacute;gime, quand on se plaignait, ils n&#39;&eacute;coutaient jamais ce qu&#39;on avait &agrave; dire. A cause de la dictature, on nous r&eacute;pondait que les d&eacute;cisions venaient du haut. Peut-&ecirc;tre que ce nouveau r&eacute;gime va &eacute;couter les plaintes des travailleurs<\/em>&nbsp;&raquo;, esp&egrave;re-t-il.<\/p>\n<p>Amadou, du syndicat des transports, souhaite aussi ne plus se faire court-circuiter par des syst&egrave;mes de corruption. &laquo;<em>&nbsp;Les travailleurs utilisaient de l&#39;argent pour gagner l&#39;attention des agents et peser sur l&#39;administration,<\/em>&nbsp;affirme-t-il.&nbsp;<em>Donc le syndicat n&#39;avait pas beaucoup de poids. Cela va tr&egrave;s certainement changer.&nbsp;<\/em>&raquo;<\/p>\n<p>Les syndicalistes proc&egrave;deront &agrave; une marche ce lundi matin, puis remettront un document &agrave; la ministre du Commerce et de l&#39;Industrie, pour appuyer leurs nouvelles revendications.<\/p>\n<ul>\n<li><strong>Des syndicats au centre de l&rsquo;histoire burkinab&egrave;<\/strong><\/li>\n<\/ul>\n<p>Les syndicalistes burkinab&egrave; en sont fiers&nbsp;:&nbsp;&agrave; chaque tournant d&eacute;cisif de l&#39;histoire, ils &eacute;taient l&agrave;. En 1966, ils sont &agrave; l&#39;origine du premier soul&egrave;vement populaire en Afrique qui a conduit &agrave; la chute d&#39;un r&eacute;gime. Maurice Yam&eacute;ogo avait d&eacute;missionn&eacute;. Ils se souviennent aussi de la gr&egrave;ve g&eacute;n&eacute;rale historique de 1975 pour emp&ecirc;cher la mise en place d&#39;un parti unique. En 2015, encore, ce sont eux qui ont contribu&eacute;, en paralysant le pays, &agrave; mettre en &eacute;chec la tentative de coup d&#39;Etat.<\/p>\n<p>Ils sont puissants et tr&egrave;s bien organis&eacute;s, explique Abdoul Karim Sango, analyste politique. &laquo;&nbsp;<em>Le maillage est si important qu&rsquo;il traverse tous les secteurs du monde public en particulier. Leur r&ocirc;le me para&icirc;t d&rsquo;autant plus int&eacute;ressant que ce qui importe pour les syndicats burkinab&egrave;, ce n&rsquo;est pas toujours des revendications corporatistes. Ils joignent &agrave; leur lutte le combat pour le renforcement de la d&eacute;mocratie et pour le respect des droits de l&rsquo;homme,&nbsp;<\/em>analyse-t-il.&nbsp;<em>De ce point de vue, on est oblig&eacute; de compter avec eux.&nbsp;<\/em>&raquo;<\/p>\n<p>Grande figure du syndicalisme burkinab&egrave;, Bassolma Bazi&eacute; estime que les syndicats ont avant tout un r&ocirc;le de contre-pouvoir. &laquo;<em>&nbsp;Les organisations syndicales doivent savoir se tenir &agrave; &eacute;gale distance de toutes les forces politiques, d&rsquo;autant qu&rsquo;elles n&rsquo;ont pas pour r&ocirc;le de conqu&eacute;rir et de g&eacute;rer le pouvoir d&rsquo;Etat. Leur r&ocirc;le c&rsquo;est de veiller &agrave; la mise en &oelig;uvre des d&eacute;cisions politiques et de d&eacute;noncer et aller au front et faire en sorte que ces d&eacute;cisions politiques n&rsquo;aient pas d&rsquo;impact n&eacute;gatif sur la vie des populations<\/em>&nbsp;&raquo;, estime-t-il.<\/p>\n<p>Pour Bassolma Bazi&eacute;, le 1er-Mai est bien plus qu&#39;une simple f&ecirc;te, c&#39;est surtout un moment de mobilisation et de combat. Ce lundi, &agrave; Ouagadougou, une marche sera suivie d&rsquo;un meeting &agrave; la Bourse du travail.<\/p>\n<ul>\n<li><strong>Une contre-manifestation de col&egrave;re au Gabon<\/strong><\/li>\n<\/ul>\n<p>Au Gabon, la f&ecirc;te du 1er-Mai est officiellement organis&eacute;e sur le boulevard Triomphal Omar Bongo de la capitale, sous la supervision du pr&eacute;sident Ali Bongo. Au programme des d&eacute;corations des travailleurs, un d&eacute;fil&eacute;, une exposition et un cocktail. Mais tous les syndicats ne se joindront pas &agrave; Ali Bongo. Plusieurs syndicats ont d&eacute;cid&eacute; d&#39;organiser une contre-manifestation pour exiger&nbsp;<a href=\"http:\/\/www.rfi.fr\/afrique\/20170319-gabon-interdiction-activites-conasysed-greve-education-enseignants\" target=\"_blank\"><strong>la r&eacute;habilitation de la Convention nationale des syndicats de l&#39;&eacute;ducation nationale<\/strong><\/a>&nbsp;(Conasysed), interdite le 18 mars dernier.<\/p>\n<p>Dimanche apr&egrave;s-midi au si&egrave;ge de Dynamique unitaire et de l&#39;ex-Conasysed &agrave; Awendje, dans le 4e arrondissement de Libreville, une douzaine de personnes travaillent avec beaucoup d&#39;ardeur. Tous mettent la derni&egrave;re main sur le manifeste qui sera lu ce lundi.<\/p>\n<p>Ce 1er-Mai ne sera pas un jour de r&eacute;jouissance, mais de col&egrave;re contre la dissolution de la Conasysed, affirme Simon Ndong Edzo, d&eacute;l&eacute;gu&eacute; g&eacute;n&eacute;ral de cette coalition syndicale dissoute. &laquo;<em>&nbsp;C&rsquo;est une journ&eacute;e de col&egrave;re. Nous condamnons avec la derni&egrave;re &eacute;nergie la dissolution, sinon l&rsquo;interdiction d&rsquo;activit&eacute; de la Conasysed par voie administrative. L&rsquo;OIT [Organisation internationale du travail, ndlr] a condamn&eacute; &ccedil;a&nbsp;<\/em>&raquo;, souligne-t-il.<\/p>\n<p>Les syndicats qui composaient la Conasysed marcheront du rond-point au stade de basket d&#39;Awendje pour exiger la r&eacute;habilitation de leur coalition. &laquo;<em>&nbsp;Nous demandons au gouvernement la r&eacute;habilitation pure et simple de la Conasysed et de ses activit&eacute;s parce qu&rsquo;il n&rsquo;est pas comp&eacute;tent pour suspendre une organisation syndicale par voie administrative&nbsp;<\/em>&raquo;, exhorte le syndicaliste.<\/p>\n<p><a href=\"http:\/\/www.rfi.fr\/afrique\/20170320-gabon-autorites-s-expliquent-interdiction-syndicat-enseignants\" target=\"_blank\"><strong>Le gouvernement a interdit les activit&eacute;s de la Conasysed<\/strong><\/a>&nbsp;&agrave; cause d&#39;une connivence pr&eacute;sum&eacute;e avec l&#39;opposition radicale et<a href=\"http:\/\/www.rfi.fr\/afrique\/20170226-gabon-famille-parents-eleves-greve-enseignants-education\" target=\"_blank\"><strong>&nbsp;l&#39;organisation d&#39;une gr&egrave;ve s&eacute;v&egrave;re&nbsp;<\/strong><\/a>dans l&#39;&eacute;ducation nationale. Dix-sept enseignants gr&eacute;vistes sont d&#39;ailleurs menac&eacute;s de licenciement.<\/p>\n<ul>\n<li><strong>A Madagascar, le syndicalisme a du plomb dans l&rsquo;aile<\/strong><\/li>\n<\/ul>\n<p>Le constat de Jean-Raymond Rakotoniasy, le secr&eacute;taire g&eacute;n&eacute;ral de la nouvelle plateforme Solidarit&eacute; syndicale de Madagascar est sans d&eacute;tour&nbsp;:&nbsp;&laquo;&nbsp;<em>Le syndicalisme se porte mal aujourd&#39;hui.&nbsp;<\/em>&raquo;<\/p>\n<p>D&rsquo;ann&eacute;e en ann&eacute;e, les d&eacute;fil&eacute;s se sont effiloch&eacute;s &agrave; Madagascar, les travailleurs se sont d&eacute;sengag&eacute;s. A cela, plusieurs explications, comme la perte de cr&eacute;dibilit&eacute; des centrales syndicales aupr&egrave;s des travailleurs, apr&egrave;s que certains leaders ont d&eacute;tourn&eacute; de l&#39;argent ou pactis&eacute; avec des partis politiques.<\/p>\n<p>Mais le probl&egrave;me vient aussi de la situation &eacute;conomique du pays, o&ugrave; le spectre du ch&ocirc;mage et la pr&eacute;carit&eacute; de l&rsquo;emploi annihilent toute envie de revendication. Et ce, malgr&eacute; les 80 ans d&rsquo;existence du mouvement sur la Grande Ile. &laquo;<em>&nbsp;Il y a eu beaucoup de leaders syndicaux et m&ecirc;me des d&eacute;l&eacute;gu&eacute;s syndicaux, notamment au sein d&#39;Air Madagascar et de la Jirama, qui ont &eacute;t&eacute; licenci&eacute;s, ce qui n&#39;est pas conforme au Code du travail malgache. La peur d&#39;&ecirc;tre licenci&eacute;, la peur de ne pas recevoir de salaire, c&#39;est une des causes de la d&eacute;syndicalisation &agrave; Madagascar<\/em>&nbsp;&raquo;, commente-t-il.<\/p>\n<p>Par ailleurs, les mouvements syndicaux p&acirc;tissent d&#39;un manque cruel de financement, la d&eacute;duction automatique d&#39;une cotisation sur les salaires n&#39;existant pas. Ce qui entra&icirc;ne tout un tas de difficult&eacute;s pour les repr&eacute;sentants syndicaux, &agrave; commencer par le niveau de qualit&eacute; des services rendus ou la capacit&eacute; de mobilisation des employ&eacute;s. &laquo;<em>&nbsp;On a besoin de redynamiser le mouvement syndical &agrave; Madagascar. Parce qu&#39;on ne peut plus aujourd&#39;hui rester dans le mode classique de gouvernance, c&#39;est-&agrave;-dire le pillage des richesses nationales, le d&eacute;tournement des deniers publics. Ce n&#39;est plus acceptable par rapport &agrave; la pauvret&eacute; de la population &agrave; Madagascar&nbsp;<\/em>&raquo;, estime-t-il.<\/p>\n<p>Jean-Raymond Rakotoniasy estime &agrave; moins de 15% le nombre de travailleurs aujourd&#39;hui syndiqu&eacute;s.<\/p>\n","protected":false},"excerpt":{"rendered":"<p>A l&#39;occasion du 1er-Mai, RFI revient sur l&#39;histoire du syndicalisme en Afrique francophone. Un parcours qui au d&eacute;but du XXe si&egrave;cle se confond avec l&#39;histoire syndicale belge et fran&ccedil;aise. Mais si ce lundi, la f&ecirc;te du Travail est c&eacute;l&eacute;br&eacute;e un peu partout, chaque pays n&rsquo;a pas les m&ecirc;mes traditions syndicales et les m&ecirc;mes pr&eacute;occupations. Si [&hellip;]<\/p>\n","protected":false},"author":12,"featured_media":0,"comment_status":"open","ping_status":"open","sticky":false,"template":"","format":"standard","meta":{"_exactmetrics_skip_tracking":false,"_exactmetrics_sitenote_active":false,"_exactmetrics_sitenote_note":"","_exactmetrics_sitenote_category":0,"tdm_status":"","tdm_grid_status":"","footnotes":""},"categories":[21],"tags":[],"class_list":{"0":"post-19432","1":"post","2":"type-post","3":"status-publish","4":"format-standard","6":"category-international"},"yoast_head":"<!-- This site is optimized with the Yoast SEO plugin v24.2 - https:\/\/yoast.com\/wordpress\/plugins\/seo\/ -->\n<title>1er-Mai: les syndicats africains f\u00eatent aussi le Travail | Guin\u00e9e Diversit\u00e9<\/title>\n<meta name=\"robots\" content=\"index, follow, max-snippet:-1, max-image-preview:large, max-video-preview:-1\" \/>\n<link rel=\"canonical\" href=\"https:\/\/guineediversite.com\/index.php\/2017\/05\/01\/1er-mai-les-syndicats-africains-fetent-aussi-le-travail\/\" \/>\n<meta property=\"og:locale\" content=\"fr_FR\" \/>\n<meta property=\"og:type\" content=\"article\" \/>\n<meta property=\"og:title\" content=\"1er-Mai: les syndicats africains f\u00eatent aussi le Travail | Guin\u00e9e Diversit\u00e9\" \/>\n<meta property=\"og:description\" content=\"A l&#039;occasion du 1er-Mai, RFI revient sur l&#039;histoire du syndicalisme en Afrique francophone. Un parcours qui au d&eacute;but du XXe si&egrave;cle se confond avec l&#039;histoire syndicale belge et fran&ccedil;aise. Mais si ce lundi, la f&ecirc;te du Travail est c&eacute;l&eacute;br&eacute;e un peu partout, chaque pays n&rsquo;a pas les m&ecirc;mes traditions syndicales et les m&ecirc;mes pr&eacute;occupations. Si [&hellip;]\" \/>\n<meta property=\"og:url\" content=\"https:\/\/guineediversite.com\/index.php\/2017\/05\/01\/1er-mai-les-syndicats-africains-fetent-aussi-le-travail\/\" \/>\n<meta property=\"og:site_name\" content=\"Guin\u00e9e Diversit\u00e9\" \/>\n<meta property=\"article:publisher\" content=\"https:\/\/www.facebook.com\/guineediversite\/\" \/>\n<meta property=\"article:published_time\" content=\"2017-04-30T22:00:00+00:00\" \/>\n<meta property=\"article:modified_time\" content=\"2017-06-02T16:59:35+00:00\" \/>\n<meta name=\"author\" content=\"Guin\u00e9e Diversit\u00e9\" \/>\n<meta name=\"twitter:card\" content=\"summary_large_image\" \/>\n<meta name=\"twitter:creator\" content=\"@GuineeDiversite\" \/>\n<meta name=\"twitter:site\" content=\"@GuineeDiversite\" \/>\n<meta name=\"twitter:label1\" content=\"\u00c9crit par\" \/>\n\t<meta name=\"twitter:data1\" content=\"Guin\u00e9e Diversit\u00e9\" \/>\n\t<meta name=\"twitter:label2\" content=\"Dur\u00e9e de lecture estim\u00e9e\" \/>\n\t<meta name=\"twitter:data2\" content=\"10 minutes\" \/>\n<script type=\"application\/ld+json\" class=\"yoast-schema-graph\">{\"@context\":\"https:\/\/schema.org\",\"@graph\":[{\"@type\":\"Article\",\"@id\":\"https:\/\/guineediversite.com\/index.php\/2017\/05\/01\/1er-mai-les-syndicats-africains-fetent-aussi-le-travail\/#article\",\"isPartOf\":{\"@id\":\"https:\/\/guineediversite.com\/index.php\/2017\/05\/01\/1er-mai-les-syndicats-africains-fetent-aussi-le-travail\/\"},\"author\":{\"name\":\"Guin\u00e9e Diversit\u00e9\",\"@id\":\"https:\/\/guineediversite.com\/#\/schema\/person\/afa08fb34e7fc6e1feafc892612bc836\"},\"headline\":\"1er-Mai: les syndicats africains f\u00eatent aussi le Travail\",\"datePublished\":\"2017-04-30T22:00:00+00:00\",\"dateModified\":\"2017-06-02T16:59:35+00:00\",\"mainEntityOfPage\":{\"@id\":\"https:\/\/guineediversite.com\/index.php\/2017\/05\/01\/1er-mai-les-syndicats-africains-fetent-aussi-le-travail\/\"},\"wordCount\":1937,\"commentCount\":0,\"publisher\":{\"@id\":\"https:\/\/guineediversite.com\/#organization\"},\"articleSection\":[\"International\"],\"inLanguage\":\"fr-FR\",\"potentialAction\":[{\"@type\":\"CommentAction\",\"name\":\"Comment\",\"target\":[\"https:\/\/guineediversite.com\/index.php\/2017\/05\/01\/1er-mai-les-syndicats-africains-fetent-aussi-le-travail\/#respond\"]}]},{\"@type\":\"WebPage\",\"@id\":\"https:\/\/guineediversite.com\/index.php\/2017\/05\/01\/1er-mai-les-syndicats-africains-fetent-aussi-le-travail\/\",\"url\":\"https:\/\/guineediversite.com\/index.php\/2017\/05\/01\/1er-mai-les-syndicats-africains-fetent-aussi-le-travail\/\",\"name\":\"1er-Mai: les syndicats africains f\u00eatent aussi le Travail | Guin\u00e9e Diversit\u00e9\",\"isPartOf\":{\"@id\":\"https:\/\/guineediversite.com\/#website\"},\"datePublished\":\"2017-04-30T22:00:00+00:00\",\"dateModified\":\"2017-06-02T16:59:35+00:00\",\"breadcrumb\":{\"@id\":\"https:\/\/guineediversite.com\/index.php\/2017\/05\/01\/1er-mai-les-syndicats-africains-fetent-aussi-le-travail\/#breadcrumb\"},\"inLanguage\":\"fr-FR\",\"potentialAction\":[{\"@type\":\"ReadAction\",\"target\":[\"https:\/\/guineediversite.com\/index.php\/2017\/05\/01\/1er-mai-les-syndicats-africains-fetent-aussi-le-travail\/\"]}]},{\"@type\":\"BreadcrumbList\",\"@id\":\"https:\/\/guineediversite.com\/index.php\/2017\/05\/01\/1er-mai-les-syndicats-africains-fetent-aussi-le-travail\/#breadcrumb\",\"itemListElement\":[{\"@type\":\"ListItem\",\"position\":1,\"name\":\"Accueil\",\"item\":\"https:\/\/guineediversite.com\/\"},{\"@type\":\"ListItem\",\"position\":2,\"name\":\"1er-Mai: les syndicats africains f\u00eatent aussi le Travail\"}]},{\"@type\":\"WebSite\",\"@id\":\"https:\/\/guineediversite.com\/#website\",\"url\":\"https:\/\/guineediversite.com\/\",\"name\":\"Guin\u00e9e Diversit\u00e9\",\"description\":\"L&#039;Info dans toute sa diversit\u00e9\",\"publisher\":{\"@id\":\"https:\/\/guineediversite.com\/#organization\"},\"potentialAction\":[{\"@type\":\"SearchAction\",\"target\":{\"@type\":\"EntryPoint\",\"urlTemplate\":\"https:\/\/guineediversite.com\/?s={search_term_string}\"},\"query-input\":{\"@type\":\"PropertyValueSpecification\",\"valueRequired\":true,\"valueName\":\"search_term_string\"}}],\"inLanguage\":\"fr-FR\"},{\"@type\":\"Organization\",\"@id\":\"https:\/\/guineediversite.com\/#organization\",\"name\":\"Guin\u00e9e Diversit\u00e9\",\"url\":\"https:\/\/guineediversite.com\/\",\"logo\":{\"@type\":\"ImageObject\",\"inLanguage\":\"fr-FR\",\"@id\":\"https:\/\/guineediversite.com\/#\/schema\/logo\/image\/\",\"url\":\"https:\/\/guineediversite.com\/wp-content\/uploads\/2017\/04\/cropped-1jojlxEOMkX9Wyqfhe43D6kjPOGqBBKmx3EwWJqZ0cMrFF54yM49.png\",\"contentUrl\":\"https:\/\/guineediversite.com\/wp-content\/uploads\/2017\/04\/cropped-1jojlxEOMkX9Wyqfhe43D6kjPOGqBBKmx3EwWJqZ0cMrFF54yM49.png\",\"width\":186,\"height\":112,\"caption\":\"Guin\u00e9e Diversit\u00e9\"},\"image\":{\"@id\":\"https:\/\/guineediversite.com\/#\/schema\/logo\/image\/\"},\"sameAs\":[\"https:\/\/www.facebook.com\/guineediversite\/\",\"https:\/\/x.com\/GuineeDiversite\",\"https:\/\/www.youtube.com\/channel\/UC8sUY16qelG5ge6_D5SB83g\"]},{\"@type\":\"Person\",\"@id\":\"https:\/\/guineediversite.com\/#\/schema\/person\/afa08fb34e7fc6e1feafc892612bc836\",\"name\":\"Guin\u00e9e Diversit\u00e9\",\"image\":{\"@type\":\"ImageObject\",\"inLanguage\":\"fr-FR\",\"@id\":\"https:\/\/guineediversite.com\/#\/schema\/person\/image\/\",\"url\":\"https:\/\/secure.gravatar.com\/avatar\/50d5eb5b390f8b65ac30ac6f898eb83a?s=96&d=mm&r=g\",\"contentUrl\":\"https:\/\/secure.gravatar.com\/avatar\/50d5eb5b390f8b65ac30ac6f898eb83a?s=96&d=mm&r=g\",\"caption\":\"Guin\u00e9e Diversit\u00e9\"},\"url\":\"https:\/\/guineediversite.com\/index.php\/author\/guineediversite\/\"}]}<\/script>\n<!-- \/ Yoast SEO plugin. -->","yoast_head_json":{"title":"1er-Mai: les syndicats africains f\u00eatent aussi le Travail | Guin\u00e9e Diversit\u00e9","robots":{"index":"index","follow":"follow","max-snippet":"max-snippet:-1","max-image-preview":"max-image-preview:large","max-video-preview":"max-video-preview:-1"},"canonical":"https:\/\/guineediversite.com\/index.php\/2017\/05\/01\/1er-mai-les-syndicats-africains-fetent-aussi-le-travail\/","og_locale":"fr_FR","og_type":"article","og_title":"1er-Mai: les syndicats africains f\u00eatent aussi le Travail | Guin\u00e9e Diversit\u00e9","og_description":"A l&#39;occasion du 1er-Mai, RFI revient sur l&#39;histoire du syndicalisme en Afrique francophone. Un parcours qui au d&eacute;but du XXe si&egrave;cle se confond avec l&#39;histoire syndicale belge et fran&ccedil;aise. Mais si ce lundi, la f&ecirc;te du Travail est c&eacute;l&eacute;br&eacute;e un peu partout, chaque pays n&rsquo;a pas les m&ecirc;mes traditions syndicales et les m&ecirc;mes pr&eacute;occupations. Si [&hellip;]","og_url":"https:\/\/guineediversite.com\/index.php\/2017\/05\/01\/1er-mai-les-syndicats-africains-fetent-aussi-le-travail\/","og_site_name":"Guin\u00e9e Diversit\u00e9","article_publisher":"https:\/\/www.facebook.com\/guineediversite\/","article_published_time":"2017-04-30T22:00:00+00:00","article_modified_time":"2017-06-02T16:59:35+00:00","author":"Guin\u00e9e Diversit\u00e9","twitter_card":"summary_large_image","twitter_creator":"@GuineeDiversite","twitter_site":"@GuineeDiversite","twitter_misc":{"\u00c9crit par":"Guin\u00e9e Diversit\u00e9","Dur\u00e9e de lecture estim\u00e9e":"10 minutes"},"schema":{"@context":"https:\/\/schema.org","@graph":[{"@type":"Article","@id":"https:\/\/guineediversite.com\/index.php\/2017\/05\/01\/1er-mai-les-syndicats-africains-fetent-aussi-le-travail\/#article","isPartOf":{"@id":"https:\/\/guineediversite.com\/index.php\/2017\/05\/01\/1er-mai-les-syndicats-africains-fetent-aussi-le-travail\/"},"author":{"name":"Guin\u00e9e Diversit\u00e9","@id":"https:\/\/guineediversite.com\/#\/schema\/person\/afa08fb34e7fc6e1feafc892612bc836"},"headline":"1er-Mai: les syndicats africains f\u00eatent aussi le Travail","datePublished":"2017-04-30T22:00:00+00:00","dateModified":"2017-06-02T16:59:35+00:00","mainEntityOfPage":{"@id":"https:\/\/guineediversite.com\/index.php\/2017\/05\/01\/1er-mai-les-syndicats-africains-fetent-aussi-le-travail\/"},"wordCount":1937,"commentCount":0,"publisher":{"@id":"https:\/\/guineediversite.com\/#organization"},"articleSection":["International"],"inLanguage":"fr-FR","potentialAction":[{"@type":"CommentAction","name":"Comment","target":["https:\/\/guineediversite.com\/index.php\/2017\/05\/01\/1er-mai-les-syndicats-africains-fetent-aussi-le-travail\/#respond"]}]},{"@type":"WebPage","@id":"https:\/\/guineediversite.com\/index.php\/2017\/05\/01\/1er-mai-les-syndicats-africains-fetent-aussi-le-travail\/","url":"https:\/\/guineediversite.com\/index.php\/2017\/05\/01\/1er-mai-les-syndicats-africains-fetent-aussi-le-travail\/","name":"1er-Mai: les syndicats africains f\u00eatent aussi le Travail | Guin\u00e9e Diversit\u00e9","isPartOf":{"@id":"https:\/\/guineediversite.com\/#website"},"datePublished":"2017-04-30T22:00:00+00:00","dateModified":"2017-06-02T16:59:35+00:00","breadcrumb":{"@id":"https:\/\/guineediversite.com\/index.php\/2017\/05\/01\/1er-mai-les-syndicats-africains-fetent-aussi-le-travail\/#breadcrumb"},"inLanguage":"fr-FR","potentialAction":[{"@type":"ReadAction","target":["https:\/\/guineediversite.com\/index.php\/2017\/05\/01\/1er-mai-les-syndicats-africains-fetent-aussi-le-travail\/"]}]},{"@type":"BreadcrumbList","@id":"https:\/\/guineediversite.com\/index.php\/2017\/05\/01\/1er-mai-les-syndicats-africains-fetent-aussi-le-travail\/#breadcrumb","itemListElement":[{"@type":"ListItem","position":1,"name":"Accueil","item":"https:\/\/guineediversite.com\/"},{"@type":"ListItem","position":2,"name":"1er-Mai: les syndicats africains f\u00eatent aussi le Travail"}]},{"@type":"WebSite","@id":"https:\/\/guineediversite.com\/#website","url":"https:\/\/guineediversite.com\/","name":"Guin\u00e9e Diversit\u00e9","description":"L&#039;Info dans toute sa diversit\u00e9","publisher":{"@id":"https:\/\/guineediversite.com\/#organization"},"potentialAction":[{"@type":"SearchAction","target":{"@type":"EntryPoint","urlTemplate":"https:\/\/guineediversite.com\/?s={search_term_string}"},"query-input":{"@type":"PropertyValueSpecification","valueRequired":true,"valueName":"search_term_string"}}],"inLanguage":"fr-FR"},{"@type":"Organization","@id":"https:\/\/guineediversite.com\/#organization","name":"Guin\u00e9e Diversit\u00e9","url":"https:\/\/guineediversite.com\/","logo":{"@type":"ImageObject","inLanguage":"fr-FR","@id":"https:\/\/guineediversite.com\/#\/schema\/logo\/image\/","url":"https:\/\/guineediversite.com\/wp-content\/uploads\/2017\/04\/cropped-1jojlxEOMkX9Wyqfhe43D6kjPOGqBBKmx3EwWJqZ0cMrFF54yM49.png","contentUrl":"https:\/\/guineediversite.com\/wp-content\/uploads\/2017\/04\/cropped-1jojlxEOMkX9Wyqfhe43D6kjPOGqBBKmx3EwWJqZ0cMrFF54yM49.png","width":186,"height":112,"caption":"Guin\u00e9e Diversit\u00e9"},"image":{"@id":"https:\/\/guineediversite.com\/#\/schema\/logo\/image\/"},"sameAs":["https:\/\/www.facebook.com\/guineediversite\/","https:\/\/x.com\/GuineeDiversite","https:\/\/www.youtube.com\/channel\/UC8sUY16qelG5ge6_D5SB83g"]},{"@type":"Person","@id":"https:\/\/guineediversite.com\/#\/schema\/person\/afa08fb34e7fc6e1feafc892612bc836","name":"Guin\u00e9e Diversit\u00e9","image":{"@type":"ImageObject","inLanguage":"fr-FR","@id":"https:\/\/guineediversite.com\/#\/schema\/person\/image\/","url":"https:\/\/secure.gravatar.com\/avatar\/50d5eb5b390f8b65ac30ac6f898eb83a?s=96&d=mm&r=g","contentUrl":"https:\/\/secure.gravatar.com\/avatar\/50d5eb5b390f8b65ac30ac6f898eb83a?s=96&d=mm&r=g","caption":"Guin\u00e9e Diversit\u00e9"},"url":"https:\/\/guineediversite.com\/index.php\/author\/guineediversite\/"}]}},"_links":{"self":[{"href":"https:\/\/guineediversite.com\/index.php\/wp-json\/wp\/v2\/posts\/19432"}],"collection":[{"href":"https:\/\/guineediversite.com\/index.php\/wp-json\/wp\/v2\/posts"}],"about":[{"href":"https:\/\/guineediversite.com\/index.php\/wp-json\/wp\/v2\/types\/post"}],"author":[{"embeddable":true,"href":"https:\/\/guineediversite.com\/index.php\/wp-json\/wp\/v2\/users\/12"}],"replies":[{"embeddable":true,"href":"https:\/\/guineediversite.com\/index.php\/wp-json\/wp\/v2\/comments?post=19432"}],"version-history":[{"count":0,"href":"https:\/\/guineediversite.com\/index.php\/wp-json\/wp\/v2\/posts\/19432\/revisions"}],"wp:attachment":[{"href":"https:\/\/guineediversite.com\/index.php\/wp-json\/wp\/v2\/media?parent=19432"}],"wp:term":[{"taxonomy":"category","embeddable":true,"href":"https:\/\/guineediversite.com\/index.php\/wp-json\/wp\/v2\/categories?post=19432"},{"taxonomy":"post_tag","embeddable":true,"href":"https:\/\/guineediversite.com\/index.php\/wp-json\/wp\/v2\/tags?post=19432"}],"curies":[{"name":"wp","href":"https:\/\/api.w.org\/{rel}","templated":true}]}}