{"id":19428,"date":"2017-05-01T00:00:00","date_gmt":"2017-04-30T22:00:00","guid":{"rendered":"https:\/\/www.guineediversite.com\/index.php\/2017\/05\/01\/italie-le-ghaneen-muntari-pescara-quitte-le-terrain-apres-des-cris-racistes\/"},"modified":"2017-06-02T19:00:05","modified_gmt":"2017-06-02T17:00:05","slug":"italie-le-ghaneen-muntari-pescara-quitte-le-terrain-apres-des-cris-racistes","status":"publish","type":"post","link":"https:\/\/guineediversite.com\/index.php\/2017\/05\/01\/italie-le-ghaneen-muntari-pescara-quitte-le-terrain-apres-des-cris-racistes\/","title":{"rendered":"Italie : le Ghan\u00e9en Muntari (Pescara) quitte le terrain apr\u00e8s des cris racistes"},"content":{"rendered":"<p>Le milieu de terrain ghan&eacute;en de Pescara Sulley Muntari a quitt&eacute; de son plein gr&eacute; la pelouse de Cagliari lors du match opposant dimanche les deux &eacute;quipes de Serie A apr&egrave;s avoir, selon son entra&icirc;neur, &eacute;t&eacute; la cible d&#39;insultes racistes.<\/p>\n<p>&laquo;&nbsp;Muntari a entendu des cris racistes et il a demand&eacute; &agrave; ce que quelqu&rsquo;un intervienne. Je pense qu&rsquo;il a eu raison, il a bien fait de quitter le terrain&nbsp;&raquo;, a d&eacute;clar&eacute; Zdenek Zeman, entra&icirc;neur de Pescara, apr&egrave;s le match, remport&eacute; 1-0 par Cagliari.<\/p>\n<p>Sur les images diffus&eacute;es par les cha&icirc;nes sportives italiennes, on voit Muntari parler &agrave; l&rsquo;arbitre du match, se plaignant manifestement de l&rsquo;attitude de certains supporters de Cagliari.<\/p>\n<p><strong>&laquo;&nbsp;Basta&nbsp;&raquo;<\/strong><\/p>\n<p>L&rsquo;arbitre semble &eacute;couter ses protestations puis lui adresse un carton jaune. Muntari quitte alors le terrain, r&eacute;p&eacute;tant &agrave; plusieurs reprises &laquo;&nbsp;stop&nbsp;&raquo; ou &laquo;&nbsp;basta&nbsp;&raquo; (&ccedil;a suffit, NDLR).<\/p>\n<p>A sa sortie du terrain, il s&rsquo;adresse &agrave; des supporters en leur montrant son bras et en disant &laquo;&nbsp;C&rsquo;est ma couleur, c&rsquo;est ma couleur&nbsp;&raquo;.<\/p>\n<p>Muntari, &acirc;g&eacute; de 32 ans et international &agrave; plus de 80 reprises, a fait l&rsquo;essentiel de sa carri&egrave;re en Italie, passant notamment par l&rsquo;AC Milan et l&rsquo;Inter Milan.<\/p>\n<p>JA<\/p>\n","protected":false},"excerpt":{"rendered":"<p>Le milieu de terrain ghan&eacute;en de Pescara Sulley Muntari a quitt&eacute; de son plein gr&eacute; la pelouse de Cagliari lors du match opposant dimanche les deux &eacute;quipes de Serie A apr&egrave;s avoir, selon son entra&icirc;neur, &eacute;t&eacute; la cible d&#39;insultes racistes. &laquo;&nbsp;Muntari a entendu des cris racistes et il a demand&eacute; &agrave; ce que quelqu&rsquo;un intervienne. [&hellip;]<\/p>\n","protected":false},"author":12,"featured_media":0,"comment_status":"open","ping_status":"open","sticky":false,"template":"","format":"standard","meta":{"_exactmetrics_skip_tracking":false,"_exactmetrics_sitenote_active":false,"_exactmetrics_sitenote_note":"","_exactmetrics_sitenote_category":0,"tdm_status":"","tdm_grid_status":"","footnotes":""},"categories":[21,18],"tags":[],"class_list":{"0":"post-19428","1":"post","2":"type-post","3":"status-publish","4":"format-standard","6":"category-international","7":"category-sport"},"yoast_head":"<!-- This site is optimized with the Yoast SEO plugin v24.2 - https:\/\/yoast.com\/wordpress\/plugins\/seo\/ -->\n<title>Italie : le Ghan\u00e9en Muntari (Pescara) quitte le terrain apr\u00e8s des cris racistes | Guin\u00e9e Diversit\u00e9<\/title>\n<meta name=\"robots\" content=\"index, follow, max-snippet:-1, max-image-preview:large, max-video-preview:-1\" \/>\n<link rel=\"canonical\" href=\"https:\/\/guineediversite.com\/index.php\/2017\/05\/01\/italie-le-ghaneen-muntari-pescara-quitte-le-terrain-apres-des-cris-racistes\/\" \/>\n<meta property=\"og:locale\" content=\"fr_FR\" \/>\n<meta property=\"og:type\" content=\"article\" \/>\n<meta property=\"og:title\" content=\"Italie : le Ghan\u00e9en Muntari (Pescara) quitte le terrain apr\u00e8s des cris racistes | Guin\u00e9e Diversit\u00e9\" \/>\n<meta property=\"og:description\" content=\"Le milieu de terrain ghan&eacute;en de Pescara Sulley Muntari a quitt&eacute; de son plein gr&eacute; la pelouse de Cagliari lors du match opposant dimanche les deux &eacute;quipes de Serie A apr&egrave;s avoir, selon son entra&icirc;neur, &eacute;t&eacute; la cible d&#039;insultes racistes. &laquo;&nbsp;Muntari a entendu des cris racistes et il a demand&eacute; &agrave; ce que quelqu&rsquo;un intervienne. [&hellip;]\" \/>\n<meta property=\"og:url\" content=\"https:\/\/guineediversite.com\/index.php\/2017\/05\/01\/italie-le-ghaneen-muntari-pescara-quitte-le-terrain-apres-des-cris-racistes\/\" \/>\n<meta property=\"og:site_name\" content=\"Guin\u00e9e Diversit\u00e9\" \/>\n<meta property=\"article:publisher\" content=\"https:\/\/www.facebook.com\/guineediversite\/\" \/>\n<meta property=\"article:published_time\" content=\"2017-04-30T22:00:00+00:00\" \/>\n<meta property=\"article:modified_time\" content=\"2017-06-02T17:00:05+00:00\" \/>\n<meta name=\"author\" content=\"Guin\u00e9e Diversit\u00e9\" \/>\n<meta name=\"twitter:card\" content=\"summary_large_image\" \/>\n<meta name=\"twitter:creator\" content=\"@GuineeDiversite\" \/>\n<meta name=\"twitter:site\" content=\"@GuineeDiversite\" \/>\n<meta name=\"twitter:label1\" content=\"\u00c9crit par\" \/>\n\t<meta name=\"twitter:data1\" content=\"Guin\u00e9e Diversit\u00e9\" \/>\n\t<meta name=\"twitter:label2\" content=\"Dur\u00e9e de lecture estim\u00e9e\" \/>\n\t<meta name=\"twitter:data2\" content=\"1 minute\" \/>\n<script type=\"application\/ld+json\" class=\"yoast-schema-graph\">{\"@context\":\"https:\/\/schema.org\",\"@graph\":[{\"@type\":\"Article\",\"@id\":\"https:\/\/guineediversite.com\/index.php\/2017\/05\/01\/italie-le-ghaneen-muntari-pescara-quitte-le-terrain-apres-des-cris-racistes\/#article\",\"isPartOf\":{\"@id\":\"https:\/\/guineediversite.com\/index.php\/2017\/05\/01\/italie-le-ghaneen-muntari-pescara-quitte-le-terrain-apres-des-cris-racistes\/\"},\"author\":{\"name\":\"Guin\u00e9e Diversit\u00e9\",\"@id\":\"https:\/\/guineediversite.com\/#\/schema\/person\/afa08fb34e7fc6e1feafc892612bc836\"},\"headline\":\"Italie : le Ghan\u00e9en Muntari (Pescara) quitte le terrain apr\u00e8s des cris racistes\",\"datePublished\":\"2017-04-30T22:00:00+00:00\",\"dateModified\":\"2017-06-02T17:00:05+00:00\",\"mainEntityOfPage\":{\"@id\":\"https:\/\/guineediversite.com\/index.php\/2017\/05\/01\/italie-le-ghaneen-muntari-pescara-quitte-le-terrain-apres-des-cris-racistes\/\"},\"wordCount\":279,\"commentCount\":0,\"publisher\":{\"@id\":\"https:\/\/guineediversite.com\/#organization\"},\"articleSection\":[\"International\",\"Sport\"],\"inLanguage\":\"fr-FR\",\"potentialAction\":[{\"@type\":\"CommentAction\",\"name\":\"Comment\",\"target\":[\"https:\/\/guineediversite.com\/index.php\/2017\/05\/01\/italie-le-ghaneen-muntari-pescara-quitte-le-terrain-apres-des-cris-racistes\/#respond\"]}]},{\"@type\":\"WebPage\",\"@id\":\"https:\/\/guineediversite.com\/index.php\/2017\/05\/01\/italie-le-ghaneen-muntari-pescara-quitte-le-terrain-apres-des-cris-racistes\/\",\"url\":\"https:\/\/guineediversite.com\/index.php\/2017\/05\/01\/italie-le-ghaneen-muntari-pescara-quitte-le-terrain-apres-des-cris-racistes\/\",\"name\":\"Italie : le Ghan\u00e9en Muntari (Pescara) quitte le terrain apr\u00e8s des cris racistes | Guin\u00e9e Diversit\u00e9\",\"isPartOf\":{\"@id\":\"https:\/\/guineediversite.com\/#website\"},\"datePublished\":\"2017-04-30T22:00:00+00:00\",\"dateModified\":\"2017-06-02T17:00:05+00:00\",\"breadcrumb\":{\"@id\":\"https:\/\/guineediversite.com\/index.php\/2017\/05\/01\/italie-le-ghaneen-muntari-pescara-quitte-le-terrain-apres-des-cris-racistes\/#breadcrumb\"},\"inLanguage\":\"fr-FR\",\"potentialAction\":[{\"@type\":\"ReadAction\",\"target\":[\"https:\/\/guineediversite.com\/index.php\/2017\/05\/01\/italie-le-ghaneen-muntari-pescara-quitte-le-terrain-apres-des-cris-racistes\/\"]}]},{\"@type\":\"BreadcrumbList\",\"@id\":\"https:\/\/guineediversite.com\/index.php\/2017\/05\/01\/italie-le-ghaneen-muntari-pescara-quitte-le-terrain-apres-des-cris-racistes\/#breadcrumb\",\"itemListElement\":[{\"@type\":\"ListItem\",\"position\":1,\"name\":\"Accueil\",\"item\":\"https:\/\/guineediversite.com\/\"},{\"@type\":\"ListItem\",\"position\":2,\"name\":\"Italie : le Ghan\u00e9en Muntari (Pescara) quitte le terrain apr\u00e8s des cris racistes\"}]},{\"@type\":\"WebSite\",\"@id\":\"https:\/\/guineediversite.com\/#website\",\"url\":\"https:\/\/guineediversite.com\/\",\"name\":\"Guin\u00e9e Diversit\u00e9\",\"description\":\"L&#039;Info dans toute sa diversit\u00e9\",\"publisher\":{\"@id\":\"https:\/\/guineediversite.com\/#organization\"},\"potentialAction\":[{\"@type\":\"SearchAction\",\"target\":{\"@type\":\"EntryPoint\",\"urlTemplate\":\"https:\/\/guineediversite.com\/?s={search_term_string}\"},\"query-input\":{\"@type\":\"PropertyValueSpecification\",\"valueRequired\":true,\"valueName\":\"search_term_string\"}}],\"inLanguage\":\"fr-FR\"},{\"@type\":\"Organization\",\"@id\":\"https:\/\/guineediversite.com\/#organization\",\"name\":\"Guin\u00e9e Diversit\u00e9\",\"url\":\"https:\/\/guineediversite.com\/\",\"logo\":{\"@type\":\"ImageObject\",\"inLanguage\":\"fr-FR\",\"@id\":\"https:\/\/guineediversite.com\/#\/schema\/logo\/image\/\",\"url\":\"https:\/\/guineediversite.com\/wp-content\/uploads\/2017\/04\/cropped-1jojlxEOMkX9Wyqfhe43D6kjPOGqBBKmx3EwWJqZ0cMrFF54yM49.png\",\"contentUrl\":\"https:\/\/guineediversite.com\/wp-content\/uploads\/2017\/04\/cropped-1jojlxEOMkX9Wyqfhe43D6kjPOGqBBKmx3EwWJqZ0cMrFF54yM49.png\",\"width\":186,\"height\":112,\"caption\":\"Guin\u00e9e Diversit\u00e9\"},\"image\":{\"@id\":\"https:\/\/guineediversite.com\/#\/schema\/logo\/image\/\"},\"sameAs\":[\"https:\/\/www.facebook.com\/guineediversite\/\",\"https:\/\/x.com\/GuineeDiversite\",\"https:\/\/www.youtube.com\/channel\/UC8sUY16qelG5ge6_D5SB83g\"]},{\"@type\":\"Person\",\"@id\":\"https:\/\/guineediversite.com\/#\/schema\/person\/afa08fb34e7fc6e1feafc892612bc836\",\"name\":\"Guin\u00e9e Diversit\u00e9\",\"image\":{\"@type\":\"ImageObject\",\"inLanguage\":\"fr-FR\",\"@id\":\"https:\/\/guineediversite.com\/#\/schema\/person\/image\/\",\"url\":\"https:\/\/secure.gravatar.com\/avatar\/50d5eb5b390f8b65ac30ac6f898eb83a?s=96&d=mm&r=g\",\"contentUrl\":\"https:\/\/secure.gravatar.com\/avatar\/50d5eb5b390f8b65ac30ac6f898eb83a?s=96&d=mm&r=g\",\"caption\":\"Guin\u00e9e Diversit\u00e9\"},\"url\":\"https:\/\/guineediversite.com\/index.php\/author\/guineediversite\/\"}]}<\/script>\n<!-- \/ Yoast SEO plugin. -->","yoast_head_json":{"title":"Italie : le Ghan\u00e9en Muntari (Pescara) quitte le terrain apr\u00e8s des cris racistes | Guin\u00e9e Diversit\u00e9","robots":{"index":"index","follow":"follow","max-snippet":"max-snippet:-1","max-image-preview":"max-image-preview:large","max-video-preview":"max-video-preview:-1"},"canonical":"https:\/\/guineediversite.com\/index.php\/2017\/05\/01\/italie-le-ghaneen-muntari-pescara-quitte-le-terrain-apres-des-cris-racistes\/","og_locale":"fr_FR","og_type":"article","og_title":"Italie : le Ghan\u00e9en Muntari (Pescara) quitte le terrain apr\u00e8s des cris racistes | Guin\u00e9e Diversit\u00e9","og_description":"Le milieu de terrain ghan&eacute;en de Pescara Sulley Muntari a quitt&eacute; de son plein gr&eacute; la pelouse de Cagliari lors du match opposant dimanche les deux &eacute;quipes de Serie A apr&egrave;s avoir, selon son entra&icirc;neur, &eacute;t&eacute; la cible d&#39;insultes racistes. &laquo;&nbsp;Muntari a entendu des cris racistes et il a demand&eacute; &agrave; ce que quelqu&rsquo;un intervienne. [&hellip;]","og_url":"https:\/\/guineediversite.com\/index.php\/2017\/05\/01\/italie-le-ghaneen-muntari-pescara-quitte-le-terrain-apres-des-cris-racistes\/","og_site_name":"Guin\u00e9e Diversit\u00e9","article_publisher":"https:\/\/www.facebook.com\/guineediversite\/","article_published_time":"2017-04-30T22:00:00+00:00","article_modified_time":"2017-06-02T17:00:05+00:00","author":"Guin\u00e9e Diversit\u00e9","twitter_card":"summary_large_image","twitter_creator":"@GuineeDiversite","twitter_site":"@GuineeDiversite","twitter_misc":{"\u00c9crit par":"Guin\u00e9e Diversit\u00e9","Dur\u00e9e de lecture estim\u00e9e":"1 minute"},"schema":{"@context":"https:\/\/schema.org","@graph":[{"@type":"Article","@id":"https:\/\/guineediversite.com\/index.php\/2017\/05\/01\/italie-le-ghaneen-muntari-pescara-quitte-le-terrain-apres-des-cris-racistes\/#article","isPartOf":{"@id":"https:\/\/guineediversite.com\/index.php\/2017\/05\/01\/italie-le-ghaneen-muntari-pescara-quitte-le-terrain-apres-des-cris-racistes\/"},"author":{"name":"Guin\u00e9e Diversit\u00e9","@id":"https:\/\/guineediversite.com\/#\/schema\/person\/afa08fb34e7fc6e1feafc892612bc836"},"headline":"Italie : le Ghan\u00e9en Muntari (Pescara) quitte le terrain apr\u00e8s des cris racistes","datePublished":"2017-04-30T22:00:00+00:00","dateModified":"2017-06-02T17:00:05+00:00","mainEntityOfPage":{"@id":"https:\/\/guineediversite.com\/index.php\/2017\/05\/01\/italie-le-ghaneen-muntari-pescara-quitte-le-terrain-apres-des-cris-racistes\/"},"wordCount":279,"commentCount":0,"publisher":{"@id":"https:\/\/guineediversite.com\/#organization"},"articleSection":["International","Sport"],"inLanguage":"fr-FR","potentialAction":[{"@type":"CommentAction","name":"Comment","target":["https:\/\/guineediversite.com\/index.php\/2017\/05\/01\/italie-le-ghaneen-muntari-pescara-quitte-le-terrain-apres-des-cris-racistes\/#respond"]}]},{"@type":"WebPage","@id":"https:\/\/guineediversite.com\/index.php\/2017\/05\/01\/italie-le-ghaneen-muntari-pescara-quitte-le-terrain-apres-des-cris-racistes\/","url":"https:\/\/guineediversite.com\/index.php\/2017\/05\/01\/italie-le-ghaneen-muntari-pescara-quitte-le-terrain-apres-des-cris-racistes\/","name":"Italie : le Ghan\u00e9en Muntari (Pescara) quitte le terrain apr\u00e8s des cris racistes | Guin\u00e9e Diversit\u00e9","isPartOf":{"@id":"https:\/\/guineediversite.com\/#website"},"datePublished":"2017-04-30T22:00:00+00:00","dateModified":"2017-06-02T17:00:05+00:00","breadcrumb":{"@id":"https:\/\/guineediversite.com\/index.php\/2017\/05\/01\/italie-le-ghaneen-muntari-pescara-quitte-le-terrain-apres-des-cris-racistes\/#breadcrumb"},"inLanguage":"fr-FR","potentialAction":[{"@type":"ReadAction","target":["https:\/\/guineediversite.com\/index.php\/2017\/05\/01\/italie-le-ghaneen-muntari-pescara-quitte-le-terrain-apres-des-cris-racistes\/"]}]},{"@type":"BreadcrumbList","@id":"https:\/\/guineediversite.com\/index.php\/2017\/05\/01\/italie-le-ghaneen-muntari-pescara-quitte-le-terrain-apres-des-cris-racistes\/#breadcrumb","itemListElement":[{"@type":"ListItem","position":1,"name":"Accueil","item":"https:\/\/guineediversite.com\/"},{"@type":"ListItem","position":2,"name":"Italie : le Ghan\u00e9en Muntari (Pescara) quitte le terrain apr\u00e8s des cris racistes"}]},{"@type":"WebSite","@id":"https:\/\/guineediversite.com\/#website","url":"https:\/\/guineediversite.com\/","name":"Guin\u00e9e Diversit\u00e9","description":"L&#039;Info dans toute sa diversit\u00e9","publisher":{"@id":"https:\/\/guineediversite.com\/#organization"},"potentialAction":[{"@type":"SearchAction","target":{"@type":"EntryPoint","urlTemplate":"https:\/\/guineediversite.com\/?s={search_term_string}"},"query-input":{"@type":"PropertyValueSpecification","valueRequired":true,"valueName":"search_term_string"}}],"inLanguage":"fr-FR"},{"@type":"Organization","@id":"https:\/\/guineediversite.com\/#organization","name":"Guin\u00e9e Diversit\u00e9","url":"https:\/\/guineediversite.com\/","logo":{"@type":"ImageObject","inLanguage":"fr-FR","@id":"https:\/\/guineediversite.com\/#\/schema\/logo\/image\/","url":"https:\/\/guineediversite.com\/wp-content\/uploads\/2017\/04\/cropped-1jojlxEOMkX9Wyqfhe43D6kjPOGqBBKmx3EwWJqZ0cMrFF54yM49.png","contentUrl":"https:\/\/guineediversite.com\/wp-content\/uploads\/2017\/04\/cropped-1jojlxEOMkX9Wyqfhe43D6kjPOGqBBKmx3EwWJqZ0cMrFF54yM49.png","width":186,"height":112,"caption":"Guin\u00e9e Diversit\u00e9"},"image":{"@id":"https:\/\/guineediversite.com\/#\/schema\/logo\/image\/"},"sameAs":["https:\/\/www.facebook.com\/guineediversite\/","https:\/\/x.com\/GuineeDiversite","https:\/\/www.youtube.com\/channel\/UC8sUY16qelG5ge6_D5SB83g"]},{"@type":"Person","@id":"https:\/\/guineediversite.com\/#\/schema\/person\/afa08fb34e7fc6e1feafc892612bc836","name":"Guin\u00e9e Diversit\u00e9","image":{"@type":"ImageObject","inLanguage":"fr-FR","@id":"https:\/\/guineediversite.com\/#\/schema\/person\/image\/","url":"https:\/\/secure.gravatar.com\/avatar\/50d5eb5b390f8b65ac30ac6f898eb83a?s=96&d=mm&r=g","contentUrl":"https:\/\/secure.gravatar.com\/avatar\/50d5eb5b390f8b65ac30ac6f898eb83a?s=96&d=mm&r=g","caption":"Guin\u00e9e Diversit\u00e9"},"url":"https:\/\/guineediversite.com\/index.php\/author\/guineediversite\/"}]}},"_links":{"self":[{"href":"https:\/\/guineediversite.com\/index.php\/wp-json\/wp\/v2\/posts\/19428"}],"collection":[{"href":"https:\/\/guineediversite.com\/index.php\/wp-json\/wp\/v2\/posts"}],"about":[{"href":"https:\/\/guineediversite.com\/index.php\/wp-json\/wp\/v2\/types\/post"}],"author":[{"embeddable":true,"href":"https:\/\/guineediversite.com\/index.php\/wp-json\/wp\/v2\/users\/12"}],"replies":[{"embeddable":true,"href":"https:\/\/guineediversite.com\/index.php\/wp-json\/wp\/v2\/comments?post=19428"}],"version-history":[{"count":0,"href":"https:\/\/guineediversite.com\/index.php\/wp-json\/wp\/v2\/posts\/19428\/revisions"}],"wp:attachment":[{"href":"https:\/\/guineediversite.com\/index.php\/wp-json\/wp\/v2\/media?parent=19428"}],"wp:term":[{"taxonomy":"category","embeddable":true,"href":"https:\/\/guineediversite.com\/index.php\/wp-json\/wp\/v2\/categories?post=19428"},{"taxonomy":"post_tag","embeddable":true,"href":"https:\/\/guineediversite.com\/index.php\/wp-json\/wp\/v2\/tags?post=19428"}],"curies":[{"name":"wp","href":"https:\/\/api.w.org\/{rel}","templated":true}]}}