{"id":19423,"date":"2017-04-29T00:00:00","date_gmt":"2017-04-28T22:00:00","guid":{"rendered":"https:\/\/www.guineediversite.com\/index.php\/2017\/04\/29\/sommet-de-conakry-sur-la-presentation-du-rapport-du-president-paul-kagame-sur-la-reforme-institutionnelle-de-lunion-africaine-communique-final\/"},"modified":"2017-04-29T00:00:00","modified_gmt":"2017-04-28T22:00:00","slug":"sommet-de-conakry-sur-la-presentation-du-rapport-du-president-paul-kagame-sur-la-reforme-institutionnelle-de-lunion-africaine-communique-final","status":"publish","type":"post","link":"https:\/\/guineediversite.com\/index.php\/2017\/04\/29\/sommet-de-conakry-sur-la-presentation-du-rapport-du-president-paul-kagame-sur-la-reforme-institutionnelle-de-lunion-africaine-communique-final\/","title":{"rendered":"Sommet de Conakry sur la pr\u00e9sentation du Rapport du Pr\u00e9sident Paul Kagam\u00e9 sur la r\u00e9forme institutionnelle de l\u2019Union Africaine : Communiqu\u00e9 final"},"content":{"rendered":"<p><strong>Conakry, le&nbsp; 24 Avril 2017<\/strong>&nbsp;&ndash; Sur invitation de Son Excellence Monsieur le Pr&eacute;sident en exercice de l&rsquo;Union Africaine, le Pr. Alpha Cond&eacute;, Pr&eacute;sident de la R&eacute;publique de Guin&eacute;e, un Sommet regroupant leurs Excellences Messieurs Idriss D&eacute;by Itno, Pr&eacute;sident de la R&eacute;publique du Tchad, en sa qualit&eacute; de Pr&eacute;sident en exercice sortant de l&rsquo;Union Africaine, Paul Kagam&eacute;, Pr&eacute;sident de la R&eacute;publique du Rwanda en charge de la r&eacute;forme de l&rsquo;Union Africaine, et Moussa Faki Mahamat, Pr&eacute;sident de la Commission de l&rsquo;Union Africaine, s&rsquo;est tenu ce jour 24 avril 2017 &agrave; Conakry un sommet de concertation sur la mise en &oelig;uvre de la D&eacute;cision 635 de janvier 2017 portant sur les R&eacute;formes de l&rsquo;Union Africaine.<\/p>\n<p>&nbsp;<\/p>\n<p>Les pr&eacute;sidents Idriss D&eacute;by Itno, Paul Kagam&eacute; et Moussa Faki Mahamat ont exprim&eacute; leurs vifs remerciements au Pr&eacute;sident de la R&eacute;publique de Guin&eacute;e, le Pr Alpha Cond&eacute;, au Gouvernement et au peuple guin&eacute;ens, pour l&rsquo;accueil chaleureux et l&rsquo;hospitalit&eacute; g&eacute;n&eacute;reuse qui leur ont &eacute;t&eacute; r&eacute;serv&eacute;s, ainsi que pour l&rsquo;initiative de la convocation de ce Sommet autour de la mise en &oelig;uvre de la r&eacute;forme.<\/p>\n<p>&nbsp;<\/p>\n<p>Les Participants &agrave; ce Sommet ont f&eacute;licit&eacute; chaleureusement le Pr&eacute;sident Paul Kagam&eacute;, pour la qualit&eacute; du rapport qu&rsquo;il a pr&eacute;sent&eacute; sur le sujet et pour son engagement personnel en faveur de la r&eacute;forme.<\/p>\n<p>&nbsp;<\/p>\n<p>Les participants ont soulign&eacute; avec force l&rsquo;urgente n&eacute;cessit&eacute; de mettre en &oelig;uvre le processus de r&eacute;forme de l&rsquo;Union Africaine et ont indiqu&eacute; que tout retard dans cette mise en &oelig;uvre porterait un grave pr&eacute;judice &agrave; l&rsquo;efficacit&eacute; interne de l&rsquo;Organisation Continentale et &agrave; sa cr&eacute;dibilit&eacute; internationale.<\/p>\n<p>&nbsp;<\/p>\n<p>Ils ont invit&eacute; Son Excellence Monsieur le Pr&eacute;sident Paul Kagam&eacute; et Monsieur Moussa Faki Mahamat, Pr&eacute;sident de la Commission de l&rsquo;Union Africaine &agrave; acc&eacute;l&eacute;rer l&rsquo;ex&eacute;cution des d&eacute;cisions &agrave; application imm&eacute;diate dont les principales ont &eacute;t&eacute; identifi&eacute;es &agrave; savoir :<\/p>\n<p>&nbsp;<\/p>\n<p>1- L&rsquo;affirmation du caract&egrave;re irr&eacute;versible de la D&eacute;cision de Kigali sur le pr&eacute;l&egrave;vement de 0,2% sur les importations &eacute;ligibles et l&rsquo;acc&eacute;l&eacute;ration de son ex&eacute;cution sans d&eacute;lai au niveau de tous les Etats membres ;<\/p>\n<p>&nbsp;<\/p>\n<p>2- La mise en place avant le Sommet de juillet 2017 au sein du Cabinet du Pr&eacute;sident de la Commission de l&rsquo;Union Africaine, de l&rsquo;Unit&eacute; de r&eacute;forme;<\/p>\n<p>&nbsp;<\/p>\n<p>3- La repr&eacute;sentation de l&rsquo;Afrique dans le cadre des partenariats strat&eacute;giques, sera faite par le Pr&eacute;sident en exercice de l&rsquo;Union, le Pr&eacute;sident de la Commission et les Cinq pr&eacute;sidents de Communaut&eacute;s Economiques R&eacute;gionales ;<\/p>\n<p>&nbsp;<\/p>\n<p>4- La participation au Sommet de l&rsquo;Union est au niveau des Chefs d&rsquo;Etat, &agrave; d&eacute;faut au niveau des Vice-pr&eacute;sidents ou Premiers Ministres.<\/p>\n<p>&nbsp;<\/p>\n<p>En outre, le Sommet a appel&eacute; l&rsquo;attention sur les points ci-apr&egrave;s:<\/p>\n<p>&nbsp;<\/p>\n<p>5- Dans l&rsquo;esprit de la d&eacute;cision portant mise en place du Fonds pour la paix, l&rsquo;Afrique s&rsquo;engage &agrave; jouer pleinement son r&ocirc;le dans la prise en charge des conflits sur le Contient avec l&rsquo;accompagnement de la Communaut&eacute; internationale ;<\/p>\n<p>&nbsp;<\/p>\n<p>6- Le soutien par le Conseil de S&eacute;curit&eacute; des Nations Unies de l&rsquo;op&eacute;rationnalisation rapide de la force r&eacute;gionale du G5 sahel ;<\/p>\n<p>&nbsp;<\/p>\n<p>7- La d&eacute;fense de la pertinence du consensus d&rsquo;Ezulweni et la D&eacute;claration de Syrte sur la position commune de l&rsquo;Afrique sur la r&eacute;forme du Conseil de S&eacute;curit&eacute; ;<\/p>\n<p>&nbsp;<\/p>\n<p>8- L&rsquo;appropriation et la vulgarisation du passeport africain par tous les Etats membres ;<\/p>\n<p>&nbsp;<\/p>\n<p>9- L&rsquo;acc&eacute;l&eacute;ration du processus de ratification du Protocole portant cr&eacute;ation de la Cour africaine de Justice et des Droits de l&rsquo;Homme ;<\/p>\n<p>&nbsp;<\/p>\n<p>10- L&rsquo;appr&eacute;ciation de l&rsquo;initiative visant &agrave; mandater des Leaders sur des th&eacute;matiques prioritaires et le rappel de la n&eacute;cessit&eacute; de la pr&eacute;sentation des rapports d&rsquo;&eacute;tape ;<\/p>\n<p>&nbsp;<\/p>\n<p>11- L&rsquo;&eacute;tablissement d&rsquo;une meilleure coordination entre les instances politiques de l&rsquo;Union, notamment entre le Pr&eacute;sident en exercice de l&rsquo;Union et le pr&eacute;sident de la Commission d&rsquo;une part, et entre le Pr&eacute;sident de la Commission et les Commissaires d&rsquo;autre part pour un fonctionnement efficient de l&rsquo;Organisation.<\/p>\n<p>&nbsp;<\/p>\n<p>Le Sommet a pris favorablement note de la tenue le 7 mai prochain &agrave; Kigali de la r&eacute;union d&rsquo;information destin&eacute;e au Conseil Ex&eacute;cutif et au Comit&eacute; des Repr&eacute;sentants Permanents de l&rsquo;Union Africaine. Aussi, l&rsquo;attention sera mise sur l&rsquo;information du public africain et recueillir sa contribution.<\/p>\n<p>&nbsp;<\/p>\n<p>Le Sommet a &eacute;galement pris note et f&eacute;licit&eacute; les Etats membres ayant engag&eacute; les proc&eacute;dures internes de mise en &oelig;uvre de la d&eacute;cision de Kigali sur le financement.<\/p>\n<p>&nbsp;<\/p>\n<p>Le Sommet a r&eacute;it&eacute;r&eacute; sa ferme volont&eacute; politique de rester saisi du dossier de la r&eacute;forme. Il a demand&eacute; aux Etats membres d&rsquo;assurer conform&eacute;ment aux d&eacute;cisions pertinentes le plein soutien &agrave; la mise en &oelig;uvre d&rsquo;une r&eacute;forme r&eacute;pondant aux imp&eacute;ratifs d&rsquo;efficacit&eacute; et d&rsquo;efficience de l&rsquo;Organisation, aux aspirations des peuples africains et de leurs leaders.<\/p>\n<p>&nbsp;<\/p>\n<p>Les Participants ont rendu hommage au Pr&eacute;sident de la R&eacute;publique du Tchad, S.E.M Idriss D&eacute;by Itno et l&rsquo;ont remerci&eacute; chaleureusement de sa contribution significative au lancement de la r&eacute;forme.<\/p>\n<p>&nbsp;<\/p>\n<p>Enfin, le Sommet a renouvel&eacute; son appr&eacute;ciation au leadership du Pr&eacute;sident de la R&eacute;publique de Guin&eacute;e, S.E.M Alpha Cond&eacute; et l&rsquo;a assur&eacute; de son plein soutien pour le succ&egrave;s de son mandat.<\/p>\n<p>&nbsp;<\/p>\n<p><strong>Transmis par la<\/strong><strong>&nbsp;Cellule de Communication du Gouvernement<\/strong><\/p>\n","protected":false},"excerpt":{"rendered":"<p>Conakry, le&nbsp; 24 Avril 2017&nbsp;&ndash; Sur invitation de Son Excellence Monsieur le Pr&eacute;sident en exercice de l&rsquo;Union Africaine, le Pr. Alpha Cond&eacute;, Pr&eacute;sident de la R&eacute;publique de Guin&eacute;e, un Sommet regroupant leurs Excellences Messieurs Idriss D&eacute;by Itno, Pr&eacute;sident de la R&eacute;publique du Tchad, en sa qualit&eacute; de Pr&eacute;sident en exercice sortant de l&rsquo;Union Africaine, Paul [&hellip;]<\/p>\n","protected":false},"author":12,"featured_media":0,"comment_status":"open","ping_status":"open","sticky":false,"template":"","format":"standard","meta":{"_exactmetrics_skip_tracking":false,"_exactmetrics_sitenote_active":false,"_exactmetrics_sitenote_note":"","_exactmetrics_sitenote_category":0,"tdm_status":"","tdm_grid_status":"","footnotes":""},"categories":[28],"tags":[],"class_list":{"0":"post-19423","1":"post","2":"type-post","3":"status-publish","4":"format-standard","6":"category-archives"},"yoast_head":"<!-- This site is optimized with the Yoast SEO plugin v24.2 - https:\/\/yoast.com\/wordpress\/plugins\/seo\/ -->\n<title>Sommet de Conakry sur la pr\u00e9sentation du Rapport du Pr\u00e9sident Paul Kagam\u00e9 sur la r\u00e9forme institutionnelle de l\u2019Union Africaine : Communiqu\u00e9 final | Guin\u00e9e Diversit\u00e9<\/title>\n<meta name=\"robots\" content=\"index, follow, max-snippet:-1, max-image-preview:large, max-video-preview:-1\" \/>\n<link rel=\"canonical\" href=\"https:\/\/guineediversite.com\/index.php\/2017\/04\/29\/sommet-de-conakry-sur-la-presentation-du-rapport-du-president-paul-kagame-sur-la-reforme-institutionnelle-de-lunion-africaine-communique-final\/\" \/>\n<meta property=\"og:locale\" content=\"fr_FR\" \/>\n<meta property=\"og:type\" content=\"article\" \/>\n<meta property=\"og:title\" content=\"Sommet de Conakry sur la pr\u00e9sentation du Rapport du Pr\u00e9sident Paul Kagam\u00e9 sur la r\u00e9forme institutionnelle de l\u2019Union Africaine : Communiqu\u00e9 final | Guin\u00e9e Diversit\u00e9\" \/>\n<meta property=\"og:description\" content=\"Conakry, le&nbsp; 24 Avril 2017&nbsp;&ndash; Sur invitation de Son Excellence Monsieur le Pr&eacute;sident en exercice de l&rsquo;Union Africaine, le Pr. Alpha Cond&eacute;, Pr&eacute;sident de la R&eacute;publique de Guin&eacute;e, un Sommet regroupant leurs Excellences Messieurs Idriss D&eacute;by Itno, Pr&eacute;sident de la R&eacute;publique du Tchad, en sa qualit&eacute; de Pr&eacute;sident en exercice sortant de l&rsquo;Union Africaine, Paul [&hellip;]\" \/>\n<meta property=\"og:url\" content=\"https:\/\/guineediversite.com\/index.php\/2017\/04\/29\/sommet-de-conakry-sur-la-presentation-du-rapport-du-president-paul-kagame-sur-la-reforme-institutionnelle-de-lunion-africaine-communique-final\/\" \/>\n<meta property=\"og:site_name\" content=\"Guin\u00e9e Diversit\u00e9\" \/>\n<meta property=\"article:publisher\" content=\"https:\/\/www.facebook.com\/guineediversite\/\" \/>\n<meta property=\"article:published_time\" content=\"2017-04-28T22:00:00+00:00\" \/>\n<meta name=\"author\" content=\"Guin\u00e9e Diversit\u00e9\" \/>\n<meta name=\"twitter:card\" content=\"summary_large_image\" \/>\n<meta name=\"twitter:creator\" content=\"@GuineeDiversite\" \/>\n<meta name=\"twitter:site\" content=\"@GuineeDiversite\" \/>\n<meta name=\"twitter:label1\" content=\"\u00c9crit par\" \/>\n\t<meta name=\"twitter:data1\" content=\"Guin\u00e9e Diversit\u00e9\" \/>\n\t<meta name=\"twitter:label2\" content=\"Dur\u00e9e de lecture estim\u00e9e\" \/>\n\t<meta name=\"twitter:data2\" content=\"6 minutes\" \/>\n<script type=\"application\/ld+json\" class=\"yoast-schema-graph\">{\"@context\":\"https:\/\/schema.org\",\"@graph\":[{\"@type\":\"Article\",\"@id\":\"https:\/\/guineediversite.com\/index.php\/2017\/04\/29\/sommet-de-conakry-sur-la-presentation-du-rapport-du-president-paul-kagame-sur-la-reforme-institutionnelle-de-lunion-africaine-communique-final\/#article\",\"isPartOf\":{\"@id\":\"https:\/\/guineediversite.com\/index.php\/2017\/04\/29\/sommet-de-conakry-sur-la-presentation-du-rapport-du-president-paul-kagame-sur-la-reforme-institutionnelle-de-lunion-africaine-communique-final\/\"},\"author\":{\"name\":\"Guin\u00e9e Diversit\u00e9\",\"@id\":\"https:\/\/guineediversite.com\/#\/schema\/person\/afa08fb34e7fc6e1feafc892612bc836\"},\"headline\":\"Sommet de Conakry sur la pr\u00e9sentation du Rapport du Pr\u00e9sident Paul Kagam\u00e9 sur la r\u00e9forme institutionnelle de l\u2019Union Africaine : Communiqu\u00e9 final\",\"datePublished\":\"2017-04-28T22:00:00+00:00\",\"dateModified\":\"2017-04-28T22:00:00+00:00\",\"mainEntityOfPage\":{\"@id\":\"https:\/\/guineediversite.com\/index.php\/2017\/04\/29\/sommet-de-conakry-sur-la-presentation-du-rapport-du-president-paul-kagame-sur-la-reforme-institutionnelle-de-lunion-africaine-communique-final\/\"},\"wordCount\":1221,\"commentCount\":0,\"publisher\":{\"@id\":\"https:\/\/guineediversite.com\/#organization\"},\"articleSection\":[\"Archives\"],\"inLanguage\":\"fr-FR\",\"potentialAction\":[{\"@type\":\"CommentAction\",\"name\":\"Comment\",\"target\":[\"https:\/\/guineediversite.com\/index.php\/2017\/04\/29\/sommet-de-conakry-sur-la-presentation-du-rapport-du-president-paul-kagame-sur-la-reforme-institutionnelle-de-lunion-africaine-communique-final\/#respond\"]}]},{\"@type\":\"WebPage\",\"@id\":\"https:\/\/guineediversite.com\/index.php\/2017\/04\/29\/sommet-de-conakry-sur-la-presentation-du-rapport-du-president-paul-kagame-sur-la-reforme-institutionnelle-de-lunion-africaine-communique-final\/\",\"url\":\"https:\/\/guineediversite.com\/index.php\/2017\/04\/29\/sommet-de-conakry-sur-la-presentation-du-rapport-du-president-paul-kagame-sur-la-reforme-institutionnelle-de-lunion-africaine-communique-final\/\",\"name\":\"Sommet de Conakry sur la pr\u00e9sentation du Rapport du Pr\u00e9sident Paul Kagam\u00e9 sur la r\u00e9forme institutionnelle de l\u2019Union Africaine : Communiqu\u00e9 final | Guin\u00e9e Diversit\u00e9\",\"isPartOf\":{\"@id\":\"https:\/\/guineediversite.com\/#website\"},\"datePublished\":\"2017-04-28T22:00:00+00:00\",\"dateModified\":\"2017-04-28T22:00:00+00:00\",\"breadcrumb\":{\"@id\":\"https:\/\/guineediversite.com\/index.php\/2017\/04\/29\/sommet-de-conakry-sur-la-presentation-du-rapport-du-president-paul-kagame-sur-la-reforme-institutionnelle-de-lunion-africaine-communique-final\/#breadcrumb\"},\"inLanguage\":\"fr-FR\",\"potentialAction\":[{\"@type\":\"ReadAction\",\"target\":[\"https:\/\/guineediversite.com\/index.php\/2017\/04\/29\/sommet-de-conakry-sur-la-presentation-du-rapport-du-president-paul-kagame-sur-la-reforme-institutionnelle-de-lunion-africaine-communique-final\/\"]}]},{\"@type\":\"BreadcrumbList\",\"@id\":\"https:\/\/guineediversite.com\/index.php\/2017\/04\/29\/sommet-de-conakry-sur-la-presentation-du-rapport-du-president-paul-kagame-sur-la-reforme-institutionnelle-de-lunion-africaine-communique-final\/#breadcrumb\",\"itemListElement\":[{\"@type\":\"ListItem\",\"position\":1,\"name\":\"Accueil\",\"item\":\"https:\/\/guineediversite.com\/\"},{\"@type\":\"ListItem\",\"position\":2,\"name\":\"Sommet de Conakry sur la pr\u00e9sentation du Rapport du Pr\u00e9sident Paul Kagam\u00e9 sur la r\u00e9forme institutionnelle de l\u2019Union Africaine : Communiqu\u00e9 final\"}]},{\"@type\":\"WebSite\",\"@id\":\"https:\/\/guineediversite.com\/#website\",\"url\":\"https:\/\/guineediversite.com\/\",\"name\":\"Guin\u00e9e Diversit\u00e9\",\"description\":\"L&#039;Info dans toute sa diversit\u00e9\",\"publisher\":{\"@id\":\"https:\/\/guineediversite.com\/#organization\"},\"potentialAction\":[{\"@type\":\"SearchAction\",\"target\":{\"@type\":\"EntryPoint\",\"urlTemplate\":\"https:\/\/guineediversite.com\/?s={search_term_string}\"},\"query-input\":{\"@type\":\"PropertyValueSpecification\",\"valueRequired\":true,\"valueName\":\"search_term_string\"}}],\"inLanguage\":\"fr-FR\"},{\"@type\":\"Organization\",\"@id\":\"https:\/\/guineediversite.com\/#organization\",\"name\":\"Guin\u00e9e Diversit\u00e9\",\"url\":\"https:\/\/guineediversite.com\/\",\"logo\":{\"@type\":\"ImageObject\",\"inLanguage\":\"fr-FR\",\"@id\":\"https:\/\/guineediversite.com\/#\/schema\/logo\/image\/\",\"url\":\"https:\/\/guineediversite.com\/wp-content\/uploads\/2017\/04\/cropped-1jojlxEOMkX9Wyqfhe43D6kjPOGqBBKmx3EwWJqZ0cMrFF54yM49.png\",\"contentUrl\":\"https:\/\/guineediversite.com\/wp-content\/uploads\/2017\/04\/cropped-1jojlxEOMkX9Wyqfhe43D6kjPOGqBBKmx3EwWJqZ0cMrFF54yM49.png\",\"width\":186,\"height\":112,\"caption\":\"Guin\u00e9e Diversit\u00e9\"},\"image\":{\"@id\":\"https:\/\/guineediversite.com\/#\/schema\/logo\/image\/\"},\"sameAs\":[\"https:\/\/www.facebook.com\/guineediversite\/\",\"https:\/\/x.com\/GuineeDiversite\",\"https:\/\/www.youtube.com\/channel\/UC8sUY16qelG5ge6_D5SB83g\"]},{\"@type\":\"Person\",\"@id\":\"https:\/\/guineediversite.com\/#\/schema\/person\/afa08fb34e7fc6e1feafc892612bc836\",\"name\":\"Guin\u00e9e Diversit\u00e9\",\"image\":{\"@type\":\"ImageObject\",\"inLanguage\":\"fr-FR\",\"@id\":\"https:\/\/guineediversite.com\/#\/schema\/person\/image\/\",\"url\":\"https:\/\/secure.gravatar.com\/avatar\/50d5eb5b390f8b65ac30ac6f898eb83a?s=96&d=mm&r=g\",\"contentUrl\":\"https:\/\/secure.gravatar.com\/avatar\/50d5eb5b390f8b65ac30ac6f898eb83a?s=96&d=mm&r=g\",\"caption\":\"Guin\u00e9e Diversit\u00e9\"},\"url\":\"https:\/\/guineediversite.com\/index.php\/author\/guineediversite\/\"}]}<\/script>\n<!-- \/ Yoast SEO plugin. -->","yoast_head_json":{"title":"Sommet de Conakry sur la pr\u00e9sentation du Rapport du Pr\u00e9sident Paul Kagam\u00e9 sur la r\u00e9forme institutionnelle de l\u2019Union Africaine : Communiqu\u00e9 final | Guin\u00e9e Diversit\u00e9","robots":{"index":"index","follow":"follow","max-snippet":"max-snippet:-1","max-image-preview":"max-image-preview:large","max-video-preview":"max-video-preview:-1"},"canonical":"https:\/\/guineediversite.com\/index.php\/2017\/04\/29\/sommet-de-conakry-sur-la-presentation-du-rapport-du-president-paul-kagame-sur-la-reforme-institutionnelle-de-lunion-africaine-communique-final\/","og_locale":"fr_FR","og_type":"article","og_title":"Sommet de Conakry sur la pr\u00e9sentation du Rapport du Pr\u00e9sident Paul Kagam\u00e9 sur la r\u00e9forme institutionnelle de l\u2019Union Africaine : Communiqu\u00e9 final | Guin\u00e9e Diversit\u00e9","og_description":"Conakry, le&nbsp; 24 Avril 2017&nbsp;&ndash; Sur invitation de Son Excellence Monsieur le Pr&eacute;sident en exercice de l&rsquo;Union Africaine, le Pr. Alpha Cond&eacute;, Pr&eacute;sident de la R&eacute;publique de Guin&eacute;e, un Sommet regroupant leurs Excellences Messieurs Idriss D&eacute;by Itno, Pr&eacute;sident de la R&eacute;publique du Tchad, en sa qualit&eacute; de Pr&eacute;sident en exercice sortant de l&rsquo;Union Africaine, Paul [&hellip;]","og_url":"https:\/\/guineediversite.com\/index.php\/2017\/04\/29\/sommet-de-conakry-sur-la-presentation-du-rapport-du-president-paul-kagame-sur-la-reforme-institutionnelle-de-lunion-africaine-communique-final\/","og_site_name":"Guin\u00e9e Diversit\u00e9","article_publisher":"https:\/\/www.facebook.com\/guineediversite\/","article_published_time":"2017-04-28T22:00:00+00:00","author":"Guin\u00e9e Diversit\u00e9","twitter_card":"summary_large_image","twitter_creator":"@GuineeDiversite","twitter_site":"@GuineeDiversite","twitter_misc":{"\u00c9crit par":"Guin\u00e9e Diversit\u00e9","Dur\u00e9e de lecture estim\u00e9e":"6 minutes"},"schema":{"@context":"https:\/\/schema.org","@graph":[{"@type":"Article","@id":"https:\/\/guineediversite.com\/index.php\/2017\/04\/29\/sommet-de-conakry-sur-la-presentation-du-rapport-du-president-paul-kagame-sur-la-reforme-institutionnelle-de-lunion-africaine-communique-final\/#article","isPartOf":{"@id":"https:\/\/guineediversite.com\/index.php\/2017\/04\/29\/sommet-de-conakry-sur-la-presentation-du-rapport-du-president-paul-kagame-sur-la-reforme-institutionnelle-de-lunion-africaine-communique-final\/"},"author":{"name":"Guin\u00e9e Diversit\u00e9","@id":"https:\/\/guineediversite.com\/#\/schema\/person\/afa08fb34e7fc6e1feafc892612bc836"},"headline":"Sommet de Conakry sur la pr\u00e9sentation du Rapport du Pr\u00e9sident Paul Kagam\u00e9 sur la r\u00e9forme institutionnelle de l\u2019Union Africaine : Communiqu\u00e9 final","datePublished":"2017-04-28T22:00:00+00:00","dateModified":"2017-04-28T22:00:00+00:00","mainEntityOfPage":{"@id":"https:\/\/guineediversite.com\/index.php\/2017\/04\/29\/sommet-de-conakry-sur-la-presentation-du-rapport-du-president-paul-kagame-sur-la-reforme-institutionnelle-de-lunion-africaine-communique-final\/"},"wordCount":1221,"commentCount":0,"publisher":{"@id":"https:\/\/guineediversite.com\/#organization"},"articleSection":["Archives"],"inLanguage":"fr-FR","potentialAction":[{"@type":"CommentAction","name":"Comment","target":["https:\/\/guineediversite.com\/index.php\/2017\/04\/29\/sommet-de-conakry-sur-la-presentation-du-rapport-du-president-paul-kagame-sur-la-reforme-institutionnelle-de-lunion-africaine-communique-final\/#respond"]}]},{"@type":"WebPage","@id":"https:\/\/guineediversite.com\/index.php\/2017\/04\/29\/sommet-de-conakry-sur-la-presentation-du-rapport-du-president-paul-kagame-sur-la-reforme-institutionnelle-de-lunion-africaine-communique-final\/","url":"https:\/\/guineediversite.com\/index.php\/2017\/04\/29\/sommet-de-conakry-sur-la-presentation-du-rapport-du-president-paul-kagame-sur-la-reforme-institutionnelle-de-lunion-africaine-communique-final\/","name":"Sommet de Conakry sur la pr\u00e9sentation du Rapport du Pr\u00e9sident Paul Kagam\u00e9 sur la r\u00e9forme institutionnelle de l\u2019Union Africaine : Communiqu\u00e9 final | Guin\u00e9e Diversit\u00e9","isPartOf":{"@id":"https:\/\/guineediversite.com\/#website"},"datePublished":"2017-04-28T22:00:00+00:00","dateModified":"2017-04-28T22:00:00+00:00","breadcrumb":{"@id":"https:\/\/guineediversite.com\/index.php\/2017\/04\/29\/sommet-de-conakry-sur-la-presentation-du-rapport-du-president-paul-kagame-sur-la-reforme-institutionnelle-de-lunion-africaine-communique-final\/#breadcrumb"},"inLanguage":"fr-FR","potentialAction":[{"@type":"ReadAction","target":["https:\/\/guineediversite.com\/index.php\/2017\/04\/29\/sommet-de-conakry-sur-la-presentation-du-rapport-du-president-paul-kagame-sur-la-reforme-institutionnelle-de-lunion-africaine-communique-final\/"]}]},{"@type":"BreadcrumbList","@id":"https:\/\/guineediversite.com\/index.php\/2017\/04\/29\/sommet-de-conakry-sur-la-presentation-du-rapport-du-president-paul-kagame-sur-la-reforme-institutionnelle-de-lunion-africaine-communique-final\/#breadcrumb","itemListElement":[{"@type":"ListItem","position":1,"name":"Accueil","item":"https:\/\/guineediversite.com\/"},{"@type":"ListItem","position":2,"name":"Sommet de Conakry sur la pr\u00e9sentation du Rapport du Pr\u00e9sident Paul Kagam\u00e9 sur la r\u00e9forme institutionnelle de l\u2019Union Africaine : Communiqu\u00e9 final"}]},{"@type":"WebSite","@id":"https:\/\/guineediversite.com\/#website","url":"https:\/\/guineediversite.com\/","name":"Guin\u00e9e Diversit\u00e9","description":"L&#039;Info dans toute sa diversit\u00e9","publisher":{"@id":"https:\/\/guineediversite.com\/#organization"},"potentialAction":[{"@type":"SearchAction","target":{"@type":"EntryPoint","urlTemplate":"https:\/\/guineediversite.com\/?s={search_term_string}"},"query-input":{"@type":"PropertyValueSpecification","valueRequired":true,"valueName":"search_term_string"}}],"inLanguage":"fr-FR"},{"@type":"Organization","@id":"https:\/\/guineediversite.com\/#organization","name":"Guin\u00e9e Diversit\u00e9","url":"https:\/\/guineediversite.com\/","logo":{"@type":"ImageObject","inLanguage":"fr-FR","@id":"https:\/\/guineediversite.com\/#\/schema\/logo\/image\/","url":"https:\/\/guineediversite.com\/wp-content\/uploads\/2017\/04\/cropped-1jojlxEOMkX9Wyqfhe43D6kjPOGqBBKmx3EwWJqZ0cMrFF54yM49.png","contentUrl":"https:\/\/guineediversite.com\/wp-content\/uploads\/2017\/04\/cropped-1jojlxEOMkX9Wyqfhe43D6kjPOGqBBKmx3EwWJqZ0cMrFF54yM49.png","width":186,"height":112,"caption":"Guin\u00e9e Diversit\u00e9"},"image":{"@id":"https:\/\/guineediversite.com\/#\/schema\/logo\/image\/"},"sameAs":["https:\/\/www.facebook.com\/guineediversite\/","https:\/\/x.com\/GuineeDiversite","https:\/\/www.youtube.com\/channel\/UC8sUY16qelG5ge6_D5SB83g"]},{"@type":"Person","@id":"https:\/\/guineediversite.com\/#\/schema\/person\/afa08fb34e7fc6e1feafc892612bc836","name":"Guin\u00e9e Diversit\u00e9","image":{"@type":"ImageObject","inLanguage":"fr-FR","@id":"https:\/\/guineediversite.com\/#\/schema\/person\/image\/","url":"https:\/\/secure.gravatar.com\/avatar\/50d5eb5b390f8b65ac30ac6f898eb83a?s=96&d=mm&r=g","contentUrl":"https:\/\/secure.gravatar.com\/avatar\/50d5eb5b390f8b65ac30ac6f898eb83a?s=96&d=mm&r=g","caption":"Guin\u00e9e Diversit\u00e9"},"url":"https:\/\/guineediversite.com\/index.php\/author\/guineediversite\/"}]}},"_links":{"self":[{"href":"https:\/\/guineediversite.com\/index.php\/wp-json\/wp\/v2\/posts\/19423"}],"collection":[{"href":"https:\/\/guineediversite.com\/index.php\/wp-json\/wp\/v2\/posts"}],"about":[{"href":"https:\/\/guineediversite.com\/index.php\/wp-json\/wp\/v2\/types\/post"}],"author":[{"embeddable":true,"href":"https:\/\/guineediversite.com\/index.php\/wp-json\/wp\/v2\/users\/12"}],"replies":[{"embeddable":true,"href":"https:\/\/guineediversite.com\/index.php\/wp-json\/wp\/v2\/comments?post=19423"}],"version-history":[{"count":0,"href":"https:\/\/guineediversite.com\/index.php\/wp-json\/wp\/v2\/posts\/19423\/revisions"}],"wp:attachment":[{"href":"https:\/\/guineediversite.com\/index.php\/wp-json\/wp\/v2\/media?parent=19423"}],"wp:term":[{"taxonomy":"category","embeddable":true,"href":"https:\/\/guineediversite.com\/index.php\/wp-json\/wp\/v2\/categories?post=19423"},{"taxonomy":"post_tag","embeddable":true,"href":"https:\/\/guineediversite.com\/index.php\/wp-json\/wp\/v2\/tags?post=19423"}],"curies":[{"name":"wp","href":"https:\/\/api.w.org\/{rel}","templated":true}]}}