{"id":19420,"date":"2017-04-27T00:00:00","date_gmt":"2017-04-26T22:00:00","guid":{"rendered":"https:\/\/www.guineediversite.com\/index.php\/2017\/04\/27\/culture-labe-au-coeur-de-lhumour-a-travers-la-deuxieme-edition-du-festival-des-arts-et-du-rire\/"},"modified":"2017-04-27T00:00:00","modified_gmt":"2017-04-26T22:00:00","slug":"culture-labe-au-coeur-de-lhumour-a-travers-la-deuxieme-edition-du-festival-des-arts-et-du-rire","status":"publish","type":"post","link":"https:\/\/guineediversite.com\/index.php\/2017\/04\/27\/culture-labe-au-coeur-de-lhumour-a-travers-la-deuxieme-edition-du-festival-des-arts-et-du-rire\/","title":{"rendered":"Culture : Lab\u00e9 au c\u0153ur de l\u2019humour \u00e0 travers la deuxi\u00e8me \u00e9dition du Festival des Arts et du Rire"},"content":{"rendered":"<p>L&rsquo;humour est entrain de s&rsquo;exprim&eacute; dans la ville de Karamoko Alpha Mo Lab&eacute; &agrave; travers la deuxi&egrave;me &eacute;dition du Festival des Arts et du Rire lanc&eacute;e, ce mercredi, 26 avril 2017.<\/p>\n<p>Cette deuxi&egrave;me &eacute;dition qui a pour th&egrave;me &lsquo;&rsquo;la lecture c&rsquo;est mon affaire&rsquo;&rsquo; a &eacute;t&eacute; lanc&eacute; &agrave; travers un carnaval g&eacute;ant, une conf&eacute;rence de presse tenue au gouvernorat de Lab&eacute; et un concert au cours duquel la structure Soudou Daardja Prod a d&eacute;cern&eacute; tout d&rsquo;abord quelques prix, dont le prix de l&rsquo;amiti&eacute; Kra Alain d&eacute;di&eacute;&nbsp;&nbsp;aux humoristes ivoiriens, Adama Dahico, le duo Marchal&nbsp;&nbsp;Zongo et Tao, &agrave; l&rsquo;inspectrice r&eacute;gionale de la culture, Hadja Zenab Koumantcho et au ministre de la culture, des sports et du patrimoine historique, Siaka Barry. Egalement le concours du jeune humoriste &lsquo;&rsquo;le prix Sow Bailo&rsquo;&rsquo; d&eacute;cern&eacute; &agrave; Mathieu Mansar&eacute; &lsquo;&rsquo;Commando Moustique&rsquo;&rsquo;<\/p>\n<p>&nbsp;<\/p>\n<p>A propos du th&egrave;me choisi pour cette deuxi&egrave;me &eacute;dition, &lsquo;&rsquo;la lecture, c&rsquo;est mon affaire&rsquo;&rsquo;, pour&nbsp;&nbsp;le directeur de ce festival,&nbsp;&nbsp;Mamadou Thug,&nbsp;&nbsp;c&rsquo;est une fa&ccedil;on pour lui et sa structure d&rsquo;accompagner l&rsquo;&eacute;v&eacute;nement &lsquo;&rsquo;Conakry Capitale Mondiale du Livre&rsquo;&rsquo; d&eacute;but&eacute;, le 22 avril 2017 pour prendre fin le 23 avril 2018. Car quant on parle de la culture, ce n&rsquo;est pas seulement que la musique.&nbsp;<\/p>\n<p>Concernant la pr&eacute;sence du duo africain, Marchal Zongo et Tao en Guin&eacute;e au compte de ce Festival des Arts et du Rire de Lab&eacute;, Mamadou Thug dira que c&rsquo;est une fiert&eacute; pour lui. Il a aussi mis l&rsquo;occasion &agrave; profit pour d&eacute;plorer le manque de soutien pour&nbsp;&nbsp;p&eacute;renniser ce projet. La Guin&eacute;e pionni&egrave;re de la culture africaine a du mal &agrave; joindre les deux bouts, mais avec l&rsquo;arriv&eacute;e de Siaka Barry cet obstacle sera d&eacute;cant&eacute;.&nbsp;<\/p>\n<p>Quant au gouverneur de la ville de Lab&eacute;, Sadou Keita, a soulign&eacute; l&rsquo;impact positif de ce festival&nbsp;dans le comportement&nbsp;&nbsp;des taxi-motards de Lab&eacute; &agrave; travers le th&egrave;me choisi lors de la premi&egrave;re &eacute;dition &lsquo;&rsquo;Tue la vitesse et assure ton business&rsquo;&rsquo;. Donc les initiateurs de ce projet ne se sont pas tromp&eacute;s de choisir sa pr&eacute;fecture pour ces festivit&eacute;s.<\/p>\n<p>De son c&ocirc;t&eacute;, le ministre de la culture, des sports et du patrimoine historique, Siaka Barry a fait savoir que le choix port&eacute; sur la lecture n&rsquo;est pas fortuit, car Lab&eacute; est un centre de pr&eacute;dilection de l&rsquo;&eacute;criture par excellence. &nbsp; &nbsp; &nbsp;<\/p>\n<p>Il faut noter que cette deuxi&egrave;me &eacute;dition prendra fin le dimanche, 30 avril prochain.&nbsp;<\/p>\n<p><strong>Aboubacar Bangoura<\/strong><\/p>\n","protected":false},"excerpt":{"rendered":"<p>L&rsquo;humour est entrain de s&rsquo;exprim&eacute; dans la ville de Karamoko Alpha Mo Lab&eacute; &agrave; travers la deuxi&egrave;me &eacute;dition du Festival des Arts et du Rire lanc&eacute;e, ce mercredi, 26 avril 2017. Cette deuxi&egrave;me &eacute;dition qui a pour th&egrave;me &lsquo;&rsquo;la lecture c&rsquo;est mon affaire&rsquo;&rsquo; a &eacute;t&eacute; lanc&eacute; &agrave; travers un carnaval g&eacute;ant, une conf&eacute;rence de presse [&hellip;]<\/p>\n","protected":false},"author":12,"featured_media":0,"comment_status":"open","ping_status":"open","sticky":false,"template":"","format":"standard","meta":{"_exactmetrics_skip_tracking":false,"_exactmetrics_sitenote_active":false,"_exactmetrics_sitenote_note":"","_exactmetrics_sitenote_category":0,"tdm_status":"","tdm_grid_status":"","footnotes":""},"categories":[28],"tags":[],"class_list":{"0":"post-19420","1":"post","2":"type-post","3":"status-publish","4":"format-standard","6":"category-archives"},"yoast_head":"<!-- This site is optimized with the Yoast SEO plugin v24.2 - https:\/\/yoast.com\/wordpress\/plugins\/seo\/ -->\n<title>Culture : Lab\u00e9 au c\u0153ur de l\u2019humour \u00e0 travers la deuxi\u00e8me \u00e9dition du Festival des Arts et du Rire | Guin\u00e9e Diversit\u00e9<\/title>\n<meta name=\"robots\" content=\"index, follow, max-snippet:-1, max-image-preview:large, max-video-preview:-1\" \/>\n<link rel=\"canonical\" href=\"https:\/\/guineediversite.com\/index.php\/2017\/04\/27\/culture-labe-au-coeur-de-lhumour-a-travers-la-deuxieme-edition-du-festival-des-arts-et-du-rire\/\" \/>\n<meta property=\"og:locale\" content=\"fr_FR\" \/>\n<meta property=\"og:type\" content=\"article\" \/>\n<meta property=\"og:title\" content=\"Culture : Lab\u00e9 au c\u0153ur de l\u2019humour \u00e0 travers la deuxi\u00e8me \u00e9dition du Festival des Arts et du Rire | Guin\u00e9e Diversit\u00e9\" \/>\n<meta property=\"og:description\" content=\"L&rsquo;humour est entrain de s&rsquo;exprim&eacute; dans la ville de Karamoko Alpha Mo Lab&eacute; &agrave; travers la deuxi&egrave;me &eacute;dition du Festival des Arts et du Rire lanc&eacute;e, ce mercredi, 26 avril 2017. Cette deuxi&egrave;me &eacute;dition qui a pour th&egrave;me &lsquo;&rsquo;la lecture c&rsquo;est mon affaire&rsquo;&rsquo; a &eacute;t&eacute; lanc&eacute; &agrave; travers un carnaval g&eacute;ant, une conf&eacute;rence de presse [&hellip;]\" \/>\n<meta property=\"og:url\" content=\"https:\/\/guineediversite.com\/index.php\/2017\/04\/27\/culture-labe-au-coeur-de-lhumour-a-travers-la-deuxieme-edition-du-festival-des-arts-et-du-rire\/\" \/>\n<meta property=\"og:site_name\" content=\"Guin\u00e9e Diversit\u00e9\" \/>\n<meta property=\"article:publisher\" content=\"https:\/\/www.facebook.com\/guineediversite\/\" \/>\n<meta property=\"article:published_time\" content=\"2017-04-26T22:00:00+00:00\" \/>\n<meta name=\"author\" content=\"Guin\u00e9e Diversit\u00e9\" \/>\n<meta name=\"twitter:card\" content=\"summary_large_image\" \/>\n<meta name=\"twitter:creator\" content=\"@GuineeDiversite\" \/>\n<meta name=\"twitter:site\" content=\"@GuineeDiversite\" \/>\n<meta name=\"twitter:label1\" content=\"\u00c9crit par\" \/>\n\t<meta name=\"twitter:data1\" content=\"Guin\u00e9e Diversit\u00e9\" \/>\n\t<meta name=\"twitter:label2\" content=\"Dur\u00e9e de lecture estim\u00e9e\" \/>\n\t<meta name=\"twitter:data2\" content=\"3 minutes\" \/>\n<script type=\"application\/ld+json\" class=\"yoast-schema-graph\">{\"@context\":\"https:\/\/schema.org\",\"@graph\":[{\"@type\":\"Article\",\"@id\":\"https:\/\/guineediversite.com\/index.php\/2017\/04\/27\/culture-labe-au-coeur-de-lhumour-a-travers-la-deuxieme-edition-du-festival-des-arts-et-du-rire\/#article\",\"isPartOf\":{\"@id\":\"https:\/\/guineediversite.com\/index.php\/2017\/04\/27\/culture-labe-au-coeur-de-lhumour-a-travers-la-deuxieme-edition-du-festival-des-arts-et-du-rire\/\"},\"author\":{\"name\":\"Guin\u00e9e Diversit\u00e9\",\"@id\":\"https:\/\/guineediversite.com\/#\/schema\/person\/afa08fb34e7fc6e1feafc892612bc836\"},\"headline\":\"Culture : Lab\u00e9 au c\u0153ur de l\u2019humour \u00e0 travers la deuxi\u00e8me \u00e9dition du Festival des Arts et du Rire\",\"datePublished\":\"2017-04-26T22:00:00+00:00\",\"dateModified\":\"2017-04-26T22:00:00+00:00\",\"mainEntityOfPage\":{\"@id\":\"https:\/\/guineediversite.com\/index.php\/2017\/04\/27\/culture-labe-au-coeur-de-lhumour-a-travers-la-deuxieme-edition-du-festival-des-arts-et-du-rire\/\"},\"wordCount\":571,\"commentCount\":0,\"publisher\":{\"@id\":\"https:\/\/guineediversite.com\/#organization\"},\"articleSection\":[\"Archives\"],\"inLanguage\":\"fr-FR\",\"potentialAction\":[{\"@type\":\"CommentAction\",\"name\":\"Comment\",\"target\":[\"https:\/\/guineediversite.com\/index.php\/2017\/04\/27\/culture-labe-au-coeur-de-lhumour-a-travers-la-deuxieme-edition-du-festival-des-arts-et-du-rire\/#respond\"]}]},{\"@type\":\"WebPage\",\"@id\":\"https:\/\/guineediversite.com\/index.php\/2017\/04\/27\/culture-labe-au-coeur-de-lhumour-a-travers-la-deuxieme-edition-du-festival-des-arts-et-du-rire\/\",\"url\":\"https:\/\/guineediversite.com\/index.php\/2017\/04\/27\/culture-labe-au-coeur-de-lhumour-a-travers-la-deuxieme-edition-du-festival-des-arts-et-du-rire\/\",\"name\":\"Culture : Lab\u00e9 au c\u0153ur de l\u2019humour \u00e0 travers la deuxi\u00e8me \u00e9dition du Festival des Arts et du Rire | Guin\u00e9e Diversit\u00e9\",\"isPartOf\":{\"@id\":\"https:\/\/guineediversite.com\/#website\"},\"datePublished\":\"2017-04-26T22:00:00+00:00\",\"dateModified\":\"2017-04-26T22:00:00+00:00\",\"breadcrumb\":{\"@id\":\"https:\/\/guineediversite.com\/index.php\/2017\/04\/27\/culture-labe-au-coeur-de-lhumour-a-travers-la-deuxieme-edition-du-festival-des-arts-et-du-rire\/#breadcrumb\"},\"inLanguage\":\"fr-FR\",\"potentialAction\":[{\"@type\":\"ReadAction\",\"target\":[\"https:\/\/guineediversite.com\/index.php\/2017\/04\/27\/culture-labe-au-coeur-de-lhumour-a-travers-la-deuxieme-edition-du-festival-des-arts-et-du-rire\/\"]}]},{\"@type\":\"BreadcrumbList\",\"@id\":\"https:\/\/guineediversite.com\/index.php\/2017\/04\/27\/culture-labe-au-coeur-de-lhumour-a-travers-la-deuxieme-edition-du-festival-des-arts-et-du-rire\/#breadcrumb\",\"itemListElement\":[{\"@type\":\"ListItem\",\"position\":1,\"name\":\"Accueil\",\"item\":\"https:\/\/guineediversite.com\/\"},{\"@type\":\"ListItem\",\"position\":2,\"name\":\"Culture : Lab\u00e9 au c\u0153ur de l\u2019humour \u00e0 travers la deuxi\u00e8me \u00e9dition du Festival des Arts et du Rire\"}]},{\"@type\":\"WebSite\",\"@id\":\"https:\/\/guineediversite.com\/#website\",\"url\":\"https:\/\/guineediversite.com\/\",\"name\":\"Guin\u00e9e Diversit\u00e9\",\"description\":\"L&#039;Info dans toute sa diversit\u00e9\",\"publisher\":{\"@id\":\"https:\/\/guineediversite.com\/#organization\"},\"potentialAction\":[{\"@type\":\"SearchAction\",\"target\":{\"@type\":\"EntryPoint\",\"urlTemplate\":\"https:\/\/guineediversite.com\/?s={search_term_string}\"},\"query-input\":{\"@type\":\"PropertyValueSpecification\",\"valueRequired\":true,\"valueName\":\"search_term_string\"}}],\"inLanguage\":\"fr-FR\"},{\"@type\":\"Organization\",\"@id\":\"https:\/\/guineediversite.com\/#organization\",\"name\":\"Guin\u00e9e Diversit\u00e9\",\"url\":\"https:\/\/guineediversite.com\/\",\"logo\":{\"@type\":\"ImageObject\",\"inLanguage\":\"fr-FR\",\"@id\":\"https:\/\/guineediversite.com\/#\/schema\/logo\/image\/\",\"url\":\"https:\/\/guineediversite.com\/wp-content\/uploads\/2017\/04\/cropped-1jojlxEOMkX9Wyqfhe43D6kjPOGqBBKmx3EwWJqZ0cMrFF54yM49.png\",\"contentUrl\":\"https:\/\/guineediversite.com\/wp-content\/uploads\/2017\/04\/cropped-1jojlxEOMkX9Wyqfhe43D6kjPOGqBBKmx3EwWJqZ0cMrFF54yM49.png\",\"width\":186,\"height\":112,\"caption\":\"Guin\u00e9e Diversit\u00e9\"},\"image\":{\"@id\":\"https:\/\/guineediversite.com\/#\/schema\/logo\/image\/\"},\"sameAs\":[\"https:\/\/www.facebook.com\/guineediversite\/\",\"https:\/\/x.com\/GuineeDiversite\",\"https:\/\/www.youtube.com\/channel\/UC8sUY16qelG5ge6_D5SB83g\"]},{\"@type\":\"Person\",\"@id\":\"https:\/\/guineediversite.com\/#\/schema\/person\/afa08fb34e7fc6e1feafc892612bc836\",\"name\":\"Guin\u00e9e Diversit\u00e9\",\"image\":{\"@type\":\"ImageObject\",\"inLanguage\":\"fr-FR\",\"@id\":\"https:\/\/guineediversite.com\/#\/schema\/person\/image\/\",\"url\":\"https:\/\/secure.gravatar.com\/avatar\/50d5eb5b390f8b65ac30ac6f898eb83a?s=96&d=mm&r=g\",\"contentUrl\":\"https:\/\/secure.gravatar.com\/avatar\/50d5eb5b390f8b65ac30ac6f898eb83a?s=96&d=mm&r=g\",\"caption\":\"Guin\u00e9e Diversit\u00e9\"},\"url\":\"https:\/\/guineediversite.com\/index.php\/author\/guineediversite\/\"}]}<\/script>\n<!-- \/ Yoast SEO plugin. -->","yoast_head_json":{"title":"Culture : Lab\u00e9 au c\u0153ur de l\u2019humour \u00e0 travers la deuxi\u00e8me \u00e9dition du Festival des Arts et du Rire | Guin\u00e9e Diversit\u00e9","robots":{"index":"index","follow":"follow","max-snippet":"max-snippet:-1","max-image-preview":"max-image-preview:large","max-video-preview":"max-video-preview:-1"},"canonical":"https:\/\/guineediversite.com\/index.php\/2017\/04\/27\/culture-labe-au-coeur-de-lhumour-a-travers-la-deuxieme-edition-du-festival-des-arts-et-du-rire\/","og_locale":"fr_FR","og_type":"article","og_title":"Culture : Lab\u00e9 au c\u0153ur de l\u2019humour \u00e0 travers la deuxi\u00e8me \u00e9dition du Festival des Arts et du Rire | Guin\u00e9e Diversit\u00e9","og_description":"L&rsquo;humour est entrain de s&rsquo;exprim&eacute; dans la ville de Karamoko Alpha Mo Lab&eacute; &agrave; travers la deuxi&egrave;me &eacute;dition du Festival des Arts et du Rire lanc&eacute;e, ce mercredi, 26 avril 2017. Cette deuxi&egrave;me &eacute;dition qui a pour th&egrave;me &lsquo;&rsquo;la lecture c&rsquo;est mon affaire&rsquo;&rsquo; a &eacute;t&eacute; lanc&eacute; &agrave; travers un carnaval g&eacute;ant, une conf&eacute;rence de presse [&hellip;]","og_url":"https:\/\/guineediversite.com\/index.php\/2017\/04\/27\/culture-labe-au-coeur-de-lhumour-a-travers-la-deuxieme-edition-du-festival-des-arts-et-du-rire\/","og_site_name":"Guin\u00e9e Diversit\u00e9","article_publisher":"https:\/\/www.facebook.com\/guineediversite\/","article_published_time":"2017-04-26T22:00:00+00:00","author":"Guin\u00e9e Diversit\u00e9","twitter_card":"summary_large_image","twitter_creator":"@GuineeDiversite","twitter_site":"@GuineeDiversite","twitter_misc":{"\u00c9crit par":"Guin\u00e9e Diversit\u00e9","Dur\u00e9e de lecture estim\u00e9e":"3 minutes"},"schema":{"@context":"https:\/\/schema.org","@graph":[{"@type":"Article","@id":"https:\/\/guineediversite.com\/index.php\/2017\/04\/27\/culture-labe-au-coeur-de-lhumour-a-travers-la-deuxieme-edition-du-festival-des-arts-et-du-rire\/#article","isPartOf":{"@id":"https:\/\/guineediversite.com\/index.php\/2017\/04\/27\/culture-labe-au-coeur-de-lhumour-a-travers-la-deuxieme-edition-du-festival-des-arts-et-du-rire\/"},"author":{"name":"Guin\u00e9e Diversit\u00e9","@id":"https:\/\/guineediversite.com\/#\/schema\/person\/afa08fb34e7fc6e1feafc892612bc836"},"headline":"Culture : Lab\u00e9 au c\u0153ur de l\u2019humour \u00e0 travers la deuxi\u00e8me \u00e9dition du Festival des Arts et du Rire","datePublished":"2017-04-26T22:00:00+00:00","dateModified":"2017-04-26T22:00:00+00:00","mainEntityOfPage":{"@id":"https:\/\/guineediversite.com\/index.php\/2017\/04\/27\/culture-labe-au-coeur-de-lhumour-a-travers-la-deuxieme-edition-du-festival-des-arts-et-du-rire\/"},"wordCount":571,"commentCount":0,"publisher":{"@id":"https:\/\/guineediversite.com\/#organization"},"articleSection":["Archives"],"inLanguage":"fr-FR","potentialAction":[{"@type":"CommentAction","name":"Comment","target":["https:\/\/guineediversite.com\/index.php\/2017\/04\/27\/culture-labe-au-coeur-de-lhumour-a-travers-la-deuxieme-edition-du-festival-des-arts-et-du-rire\/#respond"]}]},{"@type":"WebPage","@id":"https:\/\/guineediversite.com\/index.php\/2017\/04\/27\/culture-labe-au-coeur-de-lhumour-a-travers-la-deuxieme-edition-du-festival-des-arts-et-du-rire\/","url":"https:\/\/guineediversite.com\/index.php\/2017\/04\/27\/culture-labe-au-coeur-de-lhumour-a-travers-la-deuxieme-edition-du-festival-des-arts-et-du-rire\/","name":"Culture : Lab\u00e9 au c\u0153ur de l\u2019humour \u00e0 travers la deuxi\u00e8me \u00e9dition du Festival des Arts et du Rire | Guin\u00e9e Diversit\u00e9","isPartOf":{"@id":"https:\/\/guineediversite.com\/#website"},"datePublished":"2017-04-26T22:00:00+00:00","dateModified":"2017-04-26T22:00:00+00:00","breadcrumb":{"@id":"https:\/\/guineediversite.com\/index.php\/2017\/04\/27\/culture-labe-au-coeur-de-lhumour-a-travers-la-deuxieme-edition-du-festival-des-arts-et-du-rire\/#breadcrumb"},"inLanguage":"fr-FR","potentialAction":[{"@type":"ReadAction","target":["https:\/\/guineediversite.com\/index.php\/2017\/04\/27\/culture-labe-au-coeur-de-lhumour-a-travers-la-deuxieme-edition-du-festival-des-arts-et-du-rire\/"]}]},{"@type":"BreadcrumbList","@id":"https:\/\/guineediversite.com\/index.php\/2017\/04\/27\/culture-labe-au-coeur-de-lhumour-a-travers-la-deuxieme-edition-du-festival-des-arts-et-du-rire\/#breadcrumb","itemListElement":[{"@type":"ListItem","position":1,"name":"Accueil","item":"https:\/\/guineediversite.com\/"},{"@type":"ListItem","position":2,"name":"Culture : Lab\u00e9 au c\u0153ur de l\u2019humour \u00e0 travers la deuxi\u00e8me \u00e9dition du Festival des Arts et du Rire"}]},{"@type":"WebSite","@id":"https:\/\/guineediversite.com\/#website","url":"https:\/\/guineediversite.com\/","name":"Guin\u00e9e Diversit\u00e9","description":"L&#039;Info dans toute sa diversit\u00e9","publisher":{"@id":"https:\/\/guineediversite.com\/#organization"},"potentialAction":[{"@type":"SearchAction","target":{"@type":"EntryPoint","urlTemplate":"https:\/\/guineediversite.com\/?s={search_term_string}"},"query-input":{"@type":"PropertyValueSpecification","valueRequired":true,"valueName":"search_term_string"}}],"inLanguage":"fr-FR"},{"@type":"Organization","@id":"https:\/\/guineediversite.com\/#organization","name":"Guin\u00e9e Diversit\u00e9","url":"https:\/\/guineediversite.com\/","logo":{"@type":"ImageObject","inLanguage":"fr-FR","@id":"https:\/\/guineediversite.com\/#\/schema\/logo\/image\/","url":"https:\/\/guineediversite.com\/wp-content\/uploads\/2017\/04\/cropped-1jojlxEOMkX9Wyqfhe43D6kjPOGqBBKmx3EwWJqZ0cMrFF54yM49.png","contentUrl":"https:\/\/guineediversite.com\/wp-content\/uploads\/2017\/04\/cropped-1jojlxEOMkX9Wyqfhe43D6kjPOGqBBKmx3EwWJqZ0cMrFF54yM49.png","width":186,"height":112,"caption":"Guin\u00e9e Diversit\u00e9"},"image":{"@id":"https:\/\/guineediversite.com\/#\/schema\/logo\/image\/"},"sameAs":["https:\/\/www.facebook.com\/guineediversite\/","https:\/\/x.com\/GuineeDiversite","https:\/\/www.youtube.com\/channel\/UC8sUY16qelG5ge6_D5SB83g"]},{"@type":"Person","@id":"https:\/\/guineediversite.com\/#\/schema\/person\/afa08fb34e7fc6e1feafc892612bc836","name":"Guin\u00e9e Diversit\u00e9","image":{"@type":"ImageObject","inLanguage":"fr-FR","@id":"https:\/\/guineediversite.com\/#\/schema\/person\/image\/","url":"https:\/\/secure.gravatar.com\/avatar\/50d5eb5b390f8b65ac30ac6f898eb83a?s=96&d=mm&r=g","contentUrl":"https:\/\/secure.gravatar.com\/avatar\/50d5eb5b390f8b65ac30ac6f898eb83a?s=96&d=mm&r=g","caption":"Guin\u00e9e Diversit\u00e9"},"url":"https:\/\/guineediversite.com\/index.php\/author\/guineediversite\/"}]}},"_links":{"self":[{"href":"https:\/\/guineediversite.com\/index.php\/wp-json\/wp\/v2\/posts\/19420"}],"collection":[{"href":"https:\/\/guineediversite.com\/index.php\/wp-json\/wp\/v2\/posts"}],"about":[{"href":"https:\/\/guineediversite.com\/index.php\/wp-json\/wp\/v2\/types\/post"}],"author":[{"embeddable":true,"href":"https:\/\/guineediversite.com\/index.php\/wp-json\/wp\/v2\/users\/12"}],"replies":[{"embeddable":true,"href":"https:\/\/guineediversite.com\/index.php\/wp-json\/wp\/v2\/comments?post=19420"}],"version-history":[{"count":0,"href":"https:\/\/guineediversite.com\/index.php\/wp-json\/wp\/v2\/posts\/19420\/revisions"}],"wp:attachment":[{"href":"https:\/\/guineediversite.com\/index.php\/wp-json\/wp\/v2\/media?parent=19420"}],"wp:term":[{"taxonomy":"category","embeddable":true,"href":"https:\/\/guineediversite.com\/index.php\/wp-json\/wp\/v2\/categories?post=19420"},{"taxonomy":"post_tag","embeddable":true,"href":"https:\/\/guineediversite.com\/index.php\/wp-json\/wp\/v2\/tags?post=19420"}],"curies":[{"name":"wp","href":"https:\/\/api.w.org\/{rel}","templated":true}]}}