{"id":19413,"date":"2017-04-25T00:00:00","date_gmt":"2017-04-24T22:00:00","guid":{"rendered":"https:\/\/www.guineediversite.com\/index.php\/2017\/04\/25\/alpha-conde-choisit-addis-abeba-pour-le-29e-sommet-de-lunion-africaine\/"},"modified":"2017-04-25T00:00:00","modified_gmt":"2017-04-24T22:00:00","slug":"alpha-conde-choisit-addis-abeba-pour-le-29e-sommet-de-lunion-africaine","status":"publish","type":"post","link":"https:\/\/guineediversite.com\/index.php\/2017\/04\/25\/alpha-conde-choisit-addis-abeba-pour-le-29e-sommet-de-lunion-africaine\/","title":{"rendered":"Alpha Cond\u00e9 choisit Addis-Abeba pour le 29e sommet de l\u2019Union Africaine"},"content":{"rendered":"<p>Ce n&rsquo;est pas &agrave; Conakry mais &agrave; Addis-Abeba qu&rsquo;Alpha Cond&eacute;, le pr&eacute;sident en exercice de l&rsquo;Union africaine (UA), accueillera le 29e sommet de l&rsquo;organisation, qui se tiendra probablement les 3 et 4 juillet.<\/p>\n<p>&Agrave; l&rsquo;ordre du jour, l&rsquo;autonomie financi&egrave;re de l&rsquo;UA &ndash; aujourd&rsquo;hui largement subventionn&eacute;e par les Occidentaux.<\/p>\n<p>Pour pr&eacute;parer la rencontre, le Tchadien Idriss D&eacute;by Itno, qui a pr&eacute;c&eacute;d&eacute;&nbsp;<a href=\"http:\/\/www.jeuneafrique.com\/398568\/politique\/president-guineen-alpha-conde-devient-nouveau-president-de-lunion-africaine\/\">Alpha Cond&eacute; &agrave; la t&ecirc;te de l&rsquo;UA<\/a>, et le Rwandais Paul Kagame, qui s&rsquo;est entour&eacute; d&rsquo;une &eacute;quipe de neuf experts pour r&eacute;former l&rsquo;institution africaine, &eacute;taient attendus &agrave; Conakry le 24&nbsp;avril.<\/p>\n<p>Quelques jours apr&egrave;s ce 29e sommet, Alpha Cond&eacute; repr&eacute;sentera l&rsquo;Afrique au G20, pr&eacute;vu les 7 et 8&nbsp;juillet &agrave; Hambourg, en Allemagne.<\/p>\n<p>JA<\/p>\n","protected":false},"excerpt":{"rendered":"<p>Ce n&rsquo;est pas &agrave; Conakry mais &agrave; Addis-Abeba qu&rsquo;Alpha Cond&eacute;, le pr&eacute;sident en exercice de l&rsquo;Union africaine (UA), accueillera le 29e sommet de l&rsquo;organisation, qui se tiendra probablement les 3 et 4 juillet. &Agrave; l&rsquo;ordre du jour, l&rsquo;autonomie financi&egrave;re de l&rsquo;UA &ndash; aujourd&rsquo;hui largement subventionn&eacute;e par les Occidentaux. Pour pr&eacute;parer la rencontre, le Tchadien Idriss [&hellip;]<\/p>\n","protected":false},"author":12,"featured_media":0,"comment_status":"open","ping_status":"open","sticky":false,"template":"","format":"standard","meta":{"_exactmetrics_skip_tracking":false,"_exactmetrics_sitenote_active":false,"_exactmetrics_sitenote_note":"","_exactmetrics_sitenote_category":0,"tdm_status":"","tdm_grid_status":"","footnotes":""},"categories":[28],"tags":[],"class_list":{"0":"post-19413","1":"post","2":"type-post","3":"status-publish","4":"format-standard","6":"category-archives"},"yoast_head":"<!-- This site is optimized with the Yoast SEO plugin v24.2 - https:\/\/yoast.com\/wordpress\/plugins\/seo\/ -->\n<title>Alpha Cond\u00e9 choisit Addis-Abeba pour le 29e sommet de l\u2019Union Africaine | Guin\u00e9e Diversit\u00e9<\/title>\n<meta name=\"robots\" content=\"index, follow, max-snippet:-1, max-image-preview:large, max-video-preview:-1\" \/>\n<link rel=\"canonical\" href=\"https:\/\/guineediversite.com\/index.php\/2017\/04\/25\/alpha-conde-choisit-addis-abeba-pour-le-29e-sommet-de-lunion-africaine\/\" \/>\n<meta property=\"og:locale\" content=\"fr_FR\" \/>\n<meta property=\"og:type\" content=\"article\" \/>\n<meta property=\"og:title\" content=\"Alpha Cond\u00e9 choisit Addis-Abeba pour le 29e sommet de l\u2019Union Africaine | Guin\u00e9e Diversit\u00e9\" \/>\n<meta property=\"og:description\" content=\"Ce n&rsquo;est pas &agrave; Conakry mais &agrave; Addis-Abeba qu&rsquo;Alpha Cond&eacute;, le pr&eacute;sident en exercice de l&rsquo;Union africaine (UA), accueillera le 29e sommet de l&rsquo;organisation, qui se tiendra probablement les 3 et 4 juillet. &Agrave; l&rsquo;ordre du jour, l&rsquo;autonomie financi&egrave;re de l&rsquo;UA &ndash; aujourd&rsquo;hui largement subventionn&eacute;e par les Occidentaux. Pour pr&eacute;parer la rencontre, le Tchadien Idriss [&hellip;]\" \/>\n<meta property=\"og:url\" content=\"https:\/\/guineediversite.com\/index.php\/2017\/04\/25\/alpha-conde-choisit-addis-abeba-pour-le-29e-sommet-de-lunion-africaine\/\" \/>\n<meta property=\"og:site_name\" content=\"Guin\u00e9e Diversit\u00e9\" \/>\n<meta property=\"article:publisher\" content=\"https:\/\/www.facebook.com\/guineediversite\/\" \/>\n<meta property=\"article:published_time\" content=\"2017-04-24T22:00:00+00:00\" \/>\n<meta name=\"author\" content=\"Guin\u00e9e Diversit\u00e9\" \/>\n<meta name=\"twitter:card\" content=\"summary_large_image\" \/>\n<meta name=\"twitter:creator\" content=\"@GuineeDiversite\" \/>\n<meta name=\"twitter:site\" content=\"@GuineeDiversite\" \/>\n<meta name=\"twitter:label1\" content=\"\u00c9crit par\" \/>\n\t<meta name=\"twitter:data1\" content=\"Guin\u00e9e Diversit\u00e9\" \/>\n\t<meta name=\"twitter:label2\" content=\"Dur\u00e9e de lecture estim\u00e9e\" \/>\n\t<meta name=\"twitter:data2\" content=\"1 minute\" \/>\n<script type=\"application\/ld+json\" class=\"yoast-schema-graph\">{\"@context\":\"https:\/\/schema.org\",\"@graph\":[{\"@type\":\"Article\",\"@id\":\"https:\/\/guineediversite.com\/index.php\/2017\/04\/25\/alpha-conde-choisit-addis-abeba-pour-le-29e-sommet-de-lunion-africaine\/#article\",\"isPartOf\":{\"@id\":\"https:\/\/guineediversite.com\/index.php\/2017\/04\/25\/alpha-conde-choisit-addis-abeba-pour-le-29e-sommet-de-lunion-africaine\/\"},\"author\":{\"name\":\"Guin\u00e9e Diversit\u00e9\",\"@id\":\"https:\/\/guineediversite.com\/#\/schema\/person\/afa08fb34e7fc6e1feafc892612bc836\"},\"headline\":\"Alpha Cond\u00e9 choisit Addis-Abeba pour le 29e sommet de l\u2019Union Africaine\",\"datePublished\":\"2017-04-24T22:00:00+00:00\",\"dateModified\":\"2017-04-24T22:00:00+00:00\",\"mainEntityOfPage\":{\"@id\":\"https:\/\/guineediversite.com\/index.php\/2017\/04\/25\/alpha-conde-choisit-addis-abeba-pour-le-29e-sommet-de-lunion-africaine\/\"},\"wordCount\":181,\"commentCount\":0,\"publisher\":{\"@id\":\"https:\/\/guineediversite.com\/#organization\"},\"articleSection\":[\"Archives\"],\"inLanguage\":\"fr-FR\",\"potentialAction\":[{\"@type\":\"CommentAction\",\"name\":\"Comment\",\"target\":[\"https:\/\/guineediversite.com\/index.php\/2017\/04\/25\/alpha-conde-choisit-addis-abeba-pour-le-29e-sommet-de-lunion-africaine\/#respond\"]}]},{\"@type\":\"WebPage\",\"@id\":\"https:\/\/guineediversite.com\/index.php\/2017\/04\/25\/alpha-conde-choisit-addis-abeba-pour-le-29e-sommet-de-lunion-africaine\/\",\"url\":\"https:\/\/guineediversite.com\/index.php\/2017\/04\/25\/alpha-conde-choisit-addis-abeba-pour-le-29e-sommet-de-lunion-africaine\/\",\"name\":\"Alpha Cond\u00e9 choisit Addis-Abeba pour le 29e sommet de l\u2019Union Africaine | Guin\u00e9e Diversit\u00e9\",\"isPartOf\":{\"@id\":\"https:\/\/guineediversite.com\/#website\"},\"datePublished\":\"2017-04-24T22:00:00+00:00\",\"dateModified\":\"2017-04-24T22:00:00+00:00\",\"breadcrumb\":{\"@id\":\"https:\/\/guineediversite.com\/index.php\/2017\/04\/25\/alpha-conde-choisit-addis-abeba-pour-le-29e-sommet-de-lunion-africaine\/#breadcrumb\"},\"inLanguage\":\"fr-FR\",\"potentialAction\":[{\"@type\":\"ReadAction\",\"target\":[\"https:\/\/guineediversite.com\/index.php\/2017\/04\/25\/alpha-conde-choisit-addis-abeba-pour-le-29e-sommet-de-lunion-africaine\/\"]}]},{\"@type\":\"BreadcrumbList\",\"@id\":\"https:\/\/guineediversite.com\/index.php\/2017\/04\/25\/alpha-conde-choisit-addis-abeba-pour-le-29e-sommet-de-lunion-africaine\/#breadcrumb\",\"itemListElement\":[{\"@type\":\"ListItem\",\"position\":1,\"name\":\"Accueil\",\"item\":\"https:\/\/guineediversite.com\/\"},{\"@type\":\"ListItem\",\"position\":2,\"name\":\"Alpha Cond\u00e9 choisit Addis-Abeba pour le 29e sommet de l\u2019Union Africaine\"}]},{\"@type\":\"WebSite\",\"@id\":\"https:\/\/guineediversite.com\/#website\",\"url\":\"https:\/\/guineediversite.com\/\",\"name\":\"Guin\u00e9e Diversit\u00e9\",\"description\":\"L&#039;Info dans toute sa diversit\u00e9\",\"publisher\":{\"@id\":\"https:\/\/guineediversite.com\/#organization\"},\"potentialAction\":[{\"@type\":\"SearchAction\",\"target\":{\"@type\":\"EntryPoint\",\"urlTemplate\":\"https:\/\/guineediversite.com\/?s={search_term_string}\"},\"query-input\":{\"@type\":\"PropertyValueSpecification\",\"valueRequired\":true,\"valueName\":\"search_term_string\"}}],\"inLanguage\":\"fr-FR\"},{\"@type\":\"Organization\",\"@id\":\"https:\/\/guineediversite.com\/#organization\",\"name\":\"Guin\u00e9e Diversit\u00e9\",\"url\":\"https:\/\/guineediversite.com\/\",\"logo\":{\"@type\":\"ImageObject\",\"inLanguage\":\"fr-FR\",\"@id\":\"https:\/\/guineediversite.com\/#\/schema\/logo\/image\/\",\"url\":\"https:\/\/guineediversite.com\/wp-content\/uploads\/2017\/04\/cropped-1jojlxEOMkX9Wyqfhe43D6kjPOGqBBKmx3EwWJqZ0cMrFF54yM49.png\",\"contentUrl\":\"https:\/\/guineediversite.com\/wp-content\/uploads\/2017\/04\/cropped-1jojlxEOMkX9Wyqfhe43D6kjPOGqBBKmx3EwWJqZ0cMrFF54yM49.png\",\"width\":186,\"height\":112,\"caption\":\"Guin\u00e9e Diversit\u00e9\"},\"image\":{\"@id\":\"https:\/\/guineediversite.com\/#\/schema\/logo\/image\/\"},\"sameAs\":[\"https:\/\/www.facebook.com\/guineediversite\/\",\"https:\/\/x.com\/GuineeDiversite\",\"https:\/\/www.youtube.com\/channel\/UC8sUY16qelG5ge6_D5SB83g\"]},{\"@type\":\"Person\",\"@id\":\"https:\/\/guineediversite.com\/#\/schema\/person\/afa08fb34e7fc6e1feafc892612bc836\",\"name\":\"Guin\u00e9e Diversit\u00e9\",\"image\":{\"@type\":\"ImageObject\",\"inLanguage\":\"fr-FR\",\"@id\":\"https:\/\/guineediversite.com\/#\/schema\/person\/image\/\",\"url\":\"https:\/\/secure.gravatar.com\/avatar\/50d5eb5b390f8b65ac30ac6f898eb83a?s=96&d=mm&r=g\",\"contentUrl\":\"https:\/\/secure.gravatar.com\/avatar\/50d5eb5b390f8b65ac30ac6f898eb83a?s=96&d=mm&r=g\",\"caption\":\"Guin\u00e9e Diversit\u00e9\"},\"url\":\"https:\/\/guineediversite.com\/index.php\/author\/guineediversite\/\"}]}<\/script>\n<!-- \/ Yoast SEO plugin. -->","yoast_head_json":{"title":"Alpha Cond\u00e9 choisit Addis-Abeba pour le 29e sommet de l\u2019Union Africaine | Guin\u00e9e Diversit\u00e9","robots":{"index":"index","follow":"follow","max-snippet":"max-snippet:-1","max-image-preview":"max-image-preview:large","max-video-preview":"max-video-preview:-1"},"canonical":"https:\/\/guineediversite.com\/index.php\/2017\/04\/25\/alpha-conde-choisit-addis-abeba-pour-le-29e-sommet-de-lunion-africaine\/","og_locale":"fr_FR","og_type":"article","og_title":"Alpha Cond\u00e9 choisit Addis-Abeba pour le 29e sommet de l\u2019Union Africaine | Guin\u00e9e Diversit\u00e9","og_description":"Ce n&rsquo;est pas &agrave; Conakry mais &agrave; Addis-Abeba qu&rsquo;Alpha Cond&eacute;, le pr&eacute;sident en exercice de l&rsquo;Union africaine (UA), accueillera le 29e sommet de l&rsquo;organisation, qui se tiendra probablement les 3 et 4 juillet. &Agrave; l&rsquo;ordre du jour, l&rsquo;autonomie financi&egrave;re de l&rsquo;UA &ndash; aujourd&rsquo;hui largement subventionn&eacute;e par les Occidentaux. Pour pr&eacute;parer la rencontre, le Tchadien Idriss [&hellip;]","og_url":"https:\/\/guineediversite.com\/index.php\/2017\/04\/25\/alpha-conde-choisit-addis-abeba-pour-le-29e-sommet-de-lunion-africaine\/","og_site_name":"Guin\u00e9e Diversit\u00e9","article_publisher":"https:\/\/www.facebook.com\/guineediversite\/","article_published_time":"2017-04-24T22:00:00+00:00","author":"Guin\u00e9e Diversit\u00e9","twitter_card":"summary_large_image","twitter_creator":"@GuineeDiversite","twitter_site":"@GuineeDiversite","twitter_misc":{"\u00c9crit par":"Guin\u00e9e Diversit\u00e9","Dur\u00e9e de lecture estim\u00e9e":"1 minute"},"schema":{"@context":"https:\/\/schema.org","@graph":[{"@type":"Article","@id":"https:\/\/guineediversite.com\/index.php\/2017\/04\/25\/alpha-conde-choisit-addis-abeba-pour-le-29e-sommet-de-lunion-africaine\/#article","isPartOf":{"@id":"https:\/\/guineediversite.com\/index.php\/2017\/04\/25\/alpha-conde-choisit-addis-abeba-pour-le-29e-sommet-de-lunion-africaine\/"},"author":{"name":"Guin\u00e9e Diversit\u00e9","@id":"https:\/\/guineediversite.com\/#\/schema\/person\/afa08fb34e7fc6e1feafc892612bc836"},"headline":"Alpha Cond\u00e9 choisit Addis-Abeba pour le 29e sommet de l\u2019Union Africaine","datePublished":"2017-04-24T22:00:00+00:00","dateModified":"2017-04-24T22:00:00+00:00","mainEntityOfPage":{"@id":"https:\/\/guineediversite.com\/index.php\/2017\/04\/25\/alpha-conde-choisit-addis-abeba-pour-le-29e-sommet-de-lunion-africaine\/"},"wordCount":181,"commentCount":0,"publisher":{"@id":"https:\/\/guineediversite.com\/#organization"},"articleSection":["Archives"],"inLanguage":"fr-FR","potentialAction":[{"@type":"CommentAction","name":"Comment","target":["https:\/\/guineediversite.com\/index.php\/2017\/04\/25\/alpha-conde-choisit-addis-abeba-pour-le-29e-sommet-de-lunion-africaine\/#respond"]}]},{"@type":"WebPage","@id":"https:\/\/guineediversite.com\/index.php\/2017\/04\/25\/alpha-conde-choisit-addis-abeba-pour-le-29e-sommet-de-lunion-africaine\/","url":"https:\/\/guineediversite.com\/index.php\/2017\/04\/25\/alpha-conde-choisit-addis-abeba-pour-le-29e-sommet-de-lunion-africaine\/","name":"Alpha Cond\u00e9 choisit Addis-Abeba pour le 29e sommet de l\u2019Union Africaine | Guin\u00e9e Diversit\u00e9","isPartOf":{"@id":"https:\/\/guineediversite.com\/#website"},"datePublished":"2017-04-24T22:00:00+00:00","dateModified":"2017-04-24T22:00:00+00:00","breadcrumb":{"@id":"https:\/\/guineediversite.com\/index.php\/2017\/04\/25\/alpha-conde-choisit-addis-abeba-pour-le-29e-sommet-de-lunion-africaine\/#breadcrumb"},"inLanguage":"fr-FR","potentialAction":[{"@type":"ReadAction","target":["https:\/\/guineediversite.com\/index.php\/2017\/04\/25\/alpha-conde-choisit-addis-abeba-pour-le-29e-sommet-de-lunion-africaine\/"]}]},{"@type":"BreadcrumbList","@id":"https:\/\/guineediversite.com\/index.php\/2017\/04\/25\/alpha-conde-choisit-addis-abeba-pour-le-29e-sommet-de-lunion-africaine\/#breadcrumb","itemListElement":[{"@type":"ListItem","position":1,"name":"Accueil","item":"https:\/\/guineediversite.com\/"},{"@type":"ListItem","position":2,"name":"Alpha Cond\u00e9 choisit Addis-Abeba pour le 29e sommet de l\u2019Union Africaine"}]},{"@type":"WebSite","@id":"https:\/\/guineediversite.com\/#website","url":"https:\/\/guineediversite.com\/","name":"Guin\u00e9e Diversit\u00e9","description":"L&#039;Info dans toute sa diversit\u00e9","publisher":{"@id":"https:\/\/guineediversite.com\/#organization"},"potentialAction":[{"@type":"SearchAction","target":{"@type":"EntryPoint","urlTemplate":"https:\/\/guineediversite.com\/?s={search_term_string}"},"query-input":{"@type":"PropertyValueSpecification","valueRequired":true,"valueName":"search_term_string"}}],"inLanguage":"fr-FR"},{"@type":"Organization","@id":"https:\/\/guineediversite.com\/#organization","name":"Guin\u00e9e Diversit\u00e9","url":"https:\/\/guineediversite.com\/","logo":{"@type":"ImageObject","inLanguage":"fr-FR","@id":"https:\/\/guineediversite.com\/#\/schema\/logo\/image\/","url":"https:\/\/guineediversite.com\/wp-content\/uploads\/2017\/04\/cropped-1jojlxEOMkX9Wyqfhe43D6kjPOGqBBKmx3EwWJqZ0cMrFF54yM49.png","contentUrl":"https:\/\/guineediversite.com\/wp-content\/uploads\/2017\/04\/cropped-1jojlxEOMkX9Wyqfhe43D6kjPOGqBBKmx3EwWJqZ0cMrFF54yM49.png","width":186,"height":112,"caption":"Guin\u00e9e Diversit\u00e9"},"image":{"@id":"https:\/\/guineediversite.com\/#\/schema\/logo\/image\/"},"sameAs":["https:\/\/www.facebook.com\/guineediversite\/","https:\/\/x.com\/GuineeDiversite","https:\/\/www.youtube.com\/channel\/UC8sUY16qelG5ge6_D5SB83g"]},{"@type":"Person","@id":"https:\/\/guineediversite.com\/#\/schema\/person\/afa08fb34e7fc6e1feafc892612bc836","name":"Guin\u00e9e Diversit\u00e9","image":{"@type":"ImageObject","inLanguage":"fr-FR","@id":"https:\/\/guineediversite.com\/#\/schema\/person\/image\/","url":"https:\/\/secure.gravatar.com\/avatar\/50d5eb5b390f8b65ac30ac6f898eb83a?s=96&d=mm&r=g","contentUrl":"https:\/\/secure.gravatar.com\/avatar\/50d5eb5b390f8b65ac30ac6f898eb83a?s=96&d=mm&r=g","caption":"Guin\u00e9e Diversit\u00e9"},"url":"https:\/\/guineediversite.com\/index.php\/author\/guineediversite\/"}]}},"_links":{"self":[{"href":"https:\/\/guineediversite.com\/index.php\/wp-json\/wp\/v2\/posts\/19413"}],"collection":[{"href":"https:\/\/guineediversite.com\/index.php\/wp-json\/wp\/v2\/posts"}],"about":[{"href":"https:\/\/guineediversite.com\/index.php\/wp-json\/wp\/v2\/types\/post"}],"author":[{"embeddable":true,"href":"https:\/\/guineediversite.com\/index.php\/wp-json\/wp\/v2\/users\/12"}],"replies":[{"embeddable":true,"href":"https:\/\/guineediversite.com\/index.php\/wp-json\/wp\/v2\/comments?post=19413"}],"version-history":[{"count":0,"href":"https:\/\/guineediversite.com\/index.php\/wp-json\/wp\/v2\/posts\/19413\/revisions"}],"wp:attachment":[{"href":"https:\/\/guineediversite.com\/index.php\/wp-json\/wp\/v2\/media?parent=19413"}],"wp:term":[{"taxonomy":"category","embeddable":true,"href":"https:\/\/guineediversite.com\/index.php\/wp-json\/wp\/v2\/categories?post=19413"},{"taxonomy":"post_tag","embeddable":true,"href":"https:\/\/guineediversite.com\/index.php\/wp-json\/wp\/v2\/tags?post=19413"}],"curies":[{"name":"wp","href":"https:\/\/api.w.org\/{rel}","templated":true}]}}