{"id":19406,"date":"2017-04-24T00:00:00","date_gmt":"2017-04-23T22:00:00","guid":{"rendered":"https:\/\/www.guineediversite.com\/index.php\/2017\/04\/24\/conakry-capitale-mondiale-du-livre-17-la-guinee-prend-date\/"},"modified":"2017-04-24T00:00:00","modified_gmt":"2017-04-23T22:00:00","slug":"conakry-capitale-mondiale-du-livre-17-la-guinee-prend-date","status":"publish","type":"post","link":"https:\/\/guineediversite.com\/index.php\/2017\/04\/24\/conakry-capitale-mondiale-du-livre-17-la-guinee-prend-date\/","title":{"rendered":"CONAKRY CAPITALE MONDIALE DU LIVRE 17: LA GUINEE PREND DATE!"},"content":{"rendered":"<p>L&#39;ouverture officielle des activit&eacute;s&nbsp; du plus grand &eacute;v&egrave;nement culturel mondiale de l&rsquo;ann&eacute;e, &laquo; Conakry Capitale Mondiale du Livre 2017 &raquo; a eu lieu ce samedi 23 Avril &agrave; la Bluezone de Kaloum. C&rsquo;&eacute;tait en pr&eacute;sence du Pr&eacute;sident de la R&eacute;publique et de l&#39;ensemble du Gouvernement, les repr&eacute;sentants des institutions, les professionnels du Livre: &eacute;diteurs, libraires, &eacute;crivains, biblioth&eacute;caires, lecteurs, ainsi que de tr&egrave;s hautes personnalit&eacute;s venues de par le monde. Cette grande rencontre va permettre &agrave; la ville de Conakry non seulement de rayonner, mais surtout d&#39;&ecirc;tre au c&oelig;ur de la diplomatie litt&eacute;raire durant toute cette ann&eacute;e 2017.<\/p>\n<p>&nbsp;<\/p>\n<p>Ce grand &eacute;v&egrave;nement culturel se tient &agrave; une date particuli&egrave;rement symbolique, celle de la journ&eacute;e mondiale du livre et du droit d&rsquo;auteur. Il met en avant l&rsquo;importance que le Gouvernement Guin&eacute;en accorde &agrave; la promotion du livre et de l&rsquo;alphab&eacute;tisation des jeunes et adultes.<\/p>\n<p>&nbsp;<\/p>\n<p>Comme l&#39;a fait remarquer la Directrice g&eacute;n&eacute;rale de l&#39;UNESCO, Irina Bokova, en juillet 2015, je cite &laquo; le fort investissement de la R&eacute;publique de Guin&eacute;e dans la promotion des livres et de l&#39;alphab&eacute;tisation t&eacute;moigne d&#39;une vision claire de la culture et de l&#39;&eacute;ducation en tant que moteurs du d&eacute;veloppement, et l&#39;UNESCO est d&eacute;termin&eacute;e &agrave; soutenir ces efforts &raquo;, a-t-elle d&eacute;clar&eacute;. Fin de citation.<\/p>\n<p>&nbsp;<\/p>\n<p>Pronon&ccedil;ant&nbsp; son discours, le Ministre des Sports, de la Culture et du Patrimoine Historique, a d&eacute;clar&eacute; que cette distinction pour la Guin&eacute;e n&rsquo;est pas seulement un titre honorifique. Et pour maintenir ce cap, Siaka Barry a annonc&eacute;&nbsp; que son d&eacute;partement, &agrave; travers la direction nationale du livre et de la lecture public, travaille d&rsquo;arrache-pied pour la mise en place d&rsquo;une politique nationale du livre cadre unique contenant l&rsquo;ensemble&nbsp; des mesures concernant le livre.<\/p>\n<p>&nbsp;<\/p>\n<p>A son tour le Ministre de la Culture et de la Communication du S&eacute;n&eacute;gal, pays invit&eacute; d&rsquo;honneur, a d&rsquo;abord f&eacute;licit&eacute; la Guin&eacute;e pour cette distinction &agrave; juste titre: &laquo; nous ressentons une &eacute;gale fiert&eacute; pour ce choix port&eacute; sur Conakry par la qualit&eacute;, et l&rsquo;originalit&eacute; de son projet &raquo; dira-t-il. Mbagnick Ndiaye, a saisi cette occasion pour&nbsp; mettre l&#39;accent sur les relations de coop&eacute;ration et d&#39;amiti&eacute; entre la Guin&eacute;e et le S&eacute;n&eacute;gal. Dans cette perspective, il a r&eacute;it&eacute;r&eacute; l&rsquo;engagement du S&eacute;n&eacute;gal&nbsp; &agrave; accompagner le r&eacute;seau guin&eacute;en de lecture publique par le financement des points de lecture dans l&rsquo;une des communes de la capitale Conakry.<\/p>\n<p>&nbsp;<\/p>\n<p>L&rsquo;UNESCO fid&egrave;le &agrave; sa tradition de soutenir le secteur du livre, de la lecture, mais aussi une &eacute;ducation de qualit&eacute;, insiste sur le r&ocirc;le tr&egrave;s important du livre. Firmin Edouard Matoko Sous-Directeur G&eacute;n&eacute;ral, D&eacute;partement Afrique UNESCO, a pour sa part d&eacute;clar&eacute; qu&#39;&agrave; travers cet &eacute;v&egrave;nement qui se tient pour la premi&egrave;re fois en Afrique, Conakry pourrait devenir&nbsp; un FESPACO du livre. Et pour ce faire, l&rsquo;UNESCO s&rsquo;y engagera au c&ocirc;t&eacute; de tous les partenaires pour faire en sorte que ce r&ecirc;ve soit une r&eacute;alit&eacute;.<\/p>\n<p>&nbsp;<\/p>\n<p>Prenant la Parole, le Chef de l&rsquo;Etat a d&rsquo;abord soulign&eacute; l&rsquo;honneur pour notre pays d&rsquo;&ecirc;tre la Capitale Mondiale du Livre. Une opportunit&eacute; historique &agrave; saisir par notre peuple en vue d&rsquo;amorcer sa renaissance culturelle et prendre la place d&rsquo;entend&nbsp; dans l&rsquo;ar&egrave;ne culturelle africaine dira Alpha Cond&eacute;.<\/p>\n<p>&nbsp;<\/p>\n<p>Le Chef de l&rsquo;&Eacute;tat a Soulign&eacute; que cette opportunit&eacute; est particuli&egrave;rement ouverte &agrave; tous les professionnels de la culture en g&eacute;n&eacute;rale et du livre en particulier, qui devront en faire une source de cr&eacute;ation d&rsquo;emplois et de g&eacute;n&eacute;ration de revenus. Pour ce faire, le Pr&eacute;sident de la R&eacute;publique a lanc&eacute; un appel aux auteurs, Editeurs et distributeurs et &agrave; tous les acteurs de la chaine du livre guin&eacute;en, de s&rsquo;activer laborieusement et de faire de cette semaine un important &eacute;lan de d&eacute;veloppement culturel pour notre pays. En faisant du&nbsp; livre le meilleur compagnon&nbsp; de la jeunesse guin&eacute;enne dans sa marche vers le savoir, et le savoir-faire indispensable &agrave; tout processus de d&eacute;veloppement durable.<\/p>\n<p>&nbsp;<\/p>\n<p>Avant de terminer son allocution, le Chef de l&rsquo;Etat, a rassur&eacute; la Pologne, que le gouvernorat de la ville de Conakry saura faire honneur au Wroclaw qui vient de lui transmettre la prochaine ville choisie avec beaucoup plus de cas et de prestige. Il a remerci&eacute; particuli&egrave;rement la d&eacute;l&eacute;gation de l&rsquo;UNESCO, l&rsquo;OIF, et les Minist&egrave;res des Cultures venus des pays amis<\/p>\n<p>&nbsp;<\/p>\n<p>Etant la Capitale Mondiale du Livre, la ville de Conakry a d&eacute;cid&eacute; d&rsquo;assumer sa t&acirc;che avec cr&eacute;ativit&eacute;. Apr&egrave;s la remise officielle au Pr&eacute;sident de la r&eacute;publique,&nbsp; du pin&rsquo;s &laquo; Conakry Capitale Mondiale du Livre 2017 &raquo; par le Commissaire G&eacute;n&eacute;ral, Sansy Kaba Diakit&eacute; a pr&eacute;sent&eacute; un programme d&rsquo;activit&eacute; tr&egrave;s ambitieux &agrave; mener durant les 12 mois suivants. Un plan qui, sans doute laissera une empreinte durable dans le d&eacute;veloppement du livre et de la lecture non seulement &agrave; Conakry, mais dans l&rsquo;ensemble du pays.<\/p>\n<p>&nbsp;<\/p>\n<p>Notre pays reste ainsi fid&egrave;le &agrave; un message que ce programme s&rsquo;efforce de promouvoir : rappeler la place du livre dans &laquo; le processus de rapprochement des peuples et des communaut&eacute;s &raquo;. Pendant un an, la Guin&eacute;e doit s&rsquo;affirmer comme un lieu phare de diversit&eacute; culturelle, de dialogue et de tol&eacute;rance.<\/p>\n<p>&nbsp;<\/p>\n<p><strong>La Cellule de Communication du Gouvernement<\/strong><\/p>\n","protected":false},"excerpt":{"rendered":"<p>L&#39;ouverture officielle des activit&eacute;s&nbsp; du plus grand &eacute;v&egrave;nement culturel mondiale de l&rsquo;ann&eacute;e, &laquo; Conakry Capitale Mondiale du Livre 2017 &raquo; a eu lieu ce samedi 23 Avril &agrave; la Bluezone de Kaloum. C&rsquo;&eacute;tait en pr&eacute;sence du Pr&eacute;sident de la R&eacute;publique et de l&#39;ensemble du Gouvernement, les repr&eacute;sentants des institutions, les professionnels du Livre: &eacute;diteurs, libraires, [&hellip;]<\/p>\n","protected":false},"author":12,"featured_media":0,"comment_status":"open","ping_status":"open","sticky":false,"template":"","format":"standard","meta":{"_exactmetrics_skip_tracking":false,"_exactmetrics_sitenote_active":false,"_exactmetrics_sitenote_note":"","_exactmetrics_sitenote_category":0,"tdm_status":"","tdm_grid_status":"","footnotes":""},"categories":[28],"tags":[],"class_list":{"0":"post-19406","1":"post","2":"type-post","3":"status-publish","4":"format-standard","6":"category-archives"},"yoast_head":"<!-- This site is optimized with the Yoast SEO plugin v24.2 - https:\/\/yoast.com\/wordpress\/plugins\/seo\/ -->\n<title>CONAKRY CAPITALE MONDIALE DU LIVRE 17: LA GUINEE PREND DATE! | Guin\u00e9e Diversit\u00e9<\/title>\n<meta name=\"robots\" content=\"index, follow, max-snippet:-1, max-image-preview:large, max-video-preview:-1\" \/>\n<link rel=\"canonical\" href=\"https:\/\/guineediversite.com\/index.php\/2017\/04\/24\/conakry-capitale-mondiale-du-livre-17-la-guinee-prend-date\/\" \/>\n<meta property=\"og:locale\" content=\"fr_FR\" \/>\n<meta property=\"og:type\" content=\"article\" \/>\n<meta property=\"og:title\" content=\"CONAKRY CAPITALE MONDIALE DU LIVRE 17: LA GUINEE PREND DATE! | Guin\u00e9e Diversit\u00e9\" \/>\n<meta property=\"og:description\" content=\"L&#039;ouverture officielle des activit&eacute;s&nbsp; du plus grand &eacute;v&egrave;nement culturel mondiale de l&rsquo;ann&eacute;e, &laquo; Conakry Capitale Mondiale du Livre 2017 &raquo; a eu lieu ce samedi 23 Avril &agrave; la Bluezone de Kaloum. C&rsquo;&eacute;tait en pr&eacute;sence du Pr&eacute;sident de la R&eacute;publique et de l&#039;ensemble du Gouvernement, les repr&eacute;sentants des institutions, les professionnels du Livre: &eacute;diteurs, libraires, [&hellip;]\" \/>\n<meta property=\"og:url\" content=\"https:\/\/guineediversite.com\/index.php\/2017\/04\/24\/conakry-capitale-mondiale-du-livre-17-la-guinee-prend-date\/\" \/>\n<meta property=\"og:site_name\" content=\"Guin\u00e9e Diversit\u00e9\" \/>\n<meta property=\"article:publisher\" content=\"https:\/\/www.facebook.com\/guineediversite\/\" \/>\n<meta property=\"article:published_time\" content=\"2017-04-23T22:00:00+00:00\" \/>\n<meta name=\"author\" content=\"Guin\u00e9e Diversit\u00e9\" \/>\n<meta name=\"twitter:card\" content=\"summary_large_image\" \/>\n<meta name=\"twitter:creator\" content=\"@GuineeDiversite\" \/>\n<meta name=\"twitter:site\" content=\"@GuineeDiversite\" \/>\n<meta name=\"twitter:label1\" content=\"\u00c9crit par\" \/>\n\t<meta name=\"twitter:data1\" content=\"Guin\u00e9e Diversit\u00e9\" \/>\n\t<meta name=\"twitter:label2\" content=\"Dur\u00e9e de lecture estim\u00e9e\" \/>\n\t<meta name=\"twitter:data2\" content=\"6 minutes\" \/>\n<script type=\"application\/ld+json\" class=\"yoast-schema-graph\">{\"@context\":\"https:\/\/schema.org\",\"@graph\":[{\"@type\":\"Article\",\"@id\":\"https:\/\/guineediversite.com\/index.php\/2017\/04\/24\/conakry-capitale-mondiale-du-livre-17-la-guinee-prend-date\/#article\",\"isPartOf\":{\"@id\":\"https:\/\/guineediversite.com\/index.php\/2017\/04\/24\/conakry-capitale-mondiale-du-livre-17-la-guinee-prend-date\/\"},\"author\":{\"name\":\"Guin\u00e9e Diversit\u00e9\",\"@id\":\"https:\/\/guineediversite.com\/#\/schema\/person\/afa08fb34e7fc6e1feafc892612bc836\"},\"headline\":\"CONAKRY CAPITALE MONDIALE DU LIVRE 17: LA GUINEE PREND DATE!\",\"datePublished\":\"2017-04-23T22:00:00+00:00\",\"dateModified\":\"2017-04-23T22:00:00+00:00\",\"mainEntityOfPage\":{\"@id\":\"https:\/\/guineediversite.com\/index.php\/2017\/04\/24\/conakry-capitale-mondiale-du-livre-17-la-guinee-prend-date\/\"},\"wordCount\":1156,\"commentCount\":0,\"publisher\":{\"@id\":\"https:\/\/guineediversite.com\/#organization\"},\"articleSection\":[\"Archives\"],\"inLanguage\":\"fr-FR\",\"potentialAction\":[{\"@type\":\"CommentAction\",\"name\":\"Comment\",\"target\":[\"https:\/\/guineediversite.com\/index.php\/2017\/04\/24\/conakry-capitale-mondiale-du-livre-17-la-guinee-prend-date\/#respond\"]}]},{\"@type\":\"WebPage\",\"@id\":\"https:\/\/guineediversite.com\/index.php\/2017\/04\/24\/conakry-capitale-mondiale-du-livre-17-la-guinee-prend-date\/\",\"url\":\"https:\/\/guineediversite.com\/index.php\/2017\/04\/24\/conakry-capitale-mondiale-du-livre-17-la-guinee-prend-date\/\",\"name\":\"CONAKRY CAPITALE MONDIALE DU LIVRE 17: LA GUINEE PREND DATE! | Guin\u00e9e Diversit\u00e9\",\"isPartOf\":{\"@id\":\"https:\/\/guineediversite.com\/#website\"},\"datePublished\":\"2017-04-23T22:00:00+00:00\",\"dateModified\":\"2017-04-23T22:00:00+00:00\",\"breadcrumb\":{\"@id\":\"https:\/\/guineediversite.com\/index.php\/2017\/04\/24\/conakry-capitale-mondiale-du-livre-17-la-guinee-prend-date\/#breadcrumb\"},\"inLanguage\":\"fr-FR\",\"potentialAction\":[{\"@type\":\"ReadAction\",\"target\":[\"https:\/\/guineediversite.com\/index.php\/2017\/04\/24\/conakry-capitale-mondiale-du-livre-17-la-guinee-prend-date\/\"]}]},{\"@type\":\"BreadcrumbList\",\"@id\":\"https:\/\/guineediversite.com\/index.php\/2017\/04\/24\/conakry-capitale-mondiale-du-livre-17-la-guinee-prend-date\/#breadcrumb\",\"itemListElement\":[{\"@type\":\"ListItem\",\"position\":1,\"name\":\"Accueil\",\"item\":\"https:\/\/guineediversite.com\/\"},{\"@type\":\"ListItem\",\"position\":2,\"name\":\"CONAKRY CAPITALE MONDIALE DU LIVRE 17: LA GUINEE PREND DATE!\"}]},{\"@type\":\"WebSite\",\"@id\":\"https:\/\/guineediversite.com\/#website\",\"url\":\"https:\/\/guineediversite.com\/\",\"name\":\"Guin\u00e9e Diversit\u00e9\",\"description\":\"L&#039;Info dans toute sa diversit\u00e9\",\"publisher\":{\"@id\":\"https:\/\/guineediversite.com\/#organization\"},\"potentialAction\":[{\"@type\":\"SearchAction\",\"target\":{\"@type\":\"EntryPoint\",\"urlTemplate\":\"https:\/\/guineediversite.com\/?s={search_term_string}\"},\"query-input\":{\"@type\":\"PropertyValueSpecification\",\"valueRequired\":true,\"valueName\":\"search_term_string\"}}],\"inLanguage\":\"fr-FR\"},{\"@type\":\"Organization\",\"@id\":\"https:\/\/guineediversite.com\/#organization\",\"name\":\"Guin\u00e9e Diversit\u00e9\",\"url\":\"https:\/\/guineediversite.com\/\",\"logo\":{\"@type\":\"ImageObject\",\"inLanguage\":\"fr-FR\",\"@id\":\"https:\/\/guineediversite.com\/#\/schema\/logo\/image\/\",\"url\":\"https:\/\/guineediversite.com\/wp-content\/uploads\/2017\/04\/cropped-1jojlxEOMkX9Wyqfhe43D6kjPOGqBBKmx3EwWJqZ0cMrFF54yM49.png\",\"contentUrl\":\"https:\/\/guineediversite.com\/wp-content\/uploads\/2017\/04\/cropped-1jojlxEOMkX9Wyqfhe43D6kjPOGqBBKmx3EwWJqZ0cMrFF54yM49.png\",\"width\":186,\"height\":112,\"caption\":\"Guin\u00e9e Diversit\u00e9\"},\"image\":{\"@id\":\"https:\/\/guineediversite.com\/#\/schema\/logo\/image\/\"},\"sameAs\":[\"https:\/\/www.facebook.com\/guineediversite\/\",\"https:\/\/x.com\/GuineeDiversite\",\"https:\/\/www.youtube.com\/channel\/UC8sUY16qelG5ge6_D5SB83g\"]},{\"@type\":\"Person\",\"@id\":\"https:\/\/guineediversite.com\/#\/schema\/person\/afa08fb34e7fc6e1feafc892612bc836\",\"name\":\"Guin\u00e9e Diversit\u00e9\",\"image\":{\"@type\":\"ImageObject\",\"inLanguage\":\"fr-FR\",\"@id\":\"https:\/\/guineediversite.com\/#\/schema\/person\/image\/\",\"url\":\"https:\/\/secure.gravatar.com\/avatar\/50d5eb5b390f8b65ac30ac6f898eb83a?s=96&d=mm&r=g\",\"contentUrl\":\"https:\/\/secure.gravatar.com\/avatar\/50d5eb5b390f8b65ac30ac6f898eb83a?s=96&d=mm&r=g\",\"caption\":\"Guin\u00e9e Diversit\u00e9\"},\"url\":\"https:\/\/guineediversite.com\/index.php\/author\/guineediversite\/\"}]}<\/script>\n<!-- \/ Yoast SEO plugin. -->","yoast_head_json":{"title":"CONAKRY CAPITALE MONDIALE DU LIVRE 17: LA GUINEE PREND DATE! | Guin\u00e9e Diversit\u00e9","robots":{"index":"index","follow":"follow","max-snippet":"max-snippet:-1","max-image-preview":"max-image-preview:large","max-video-preview":"max-video-preview:-1"},"canonical":"https:\/\/guineediversite.com\/index.php\/2017\/04\/24\/conakry-capitale-mondiale-du-livre-17-la-guinee-prend-date\/","og_locale":"fr_FR","og_type":"article","og_title":"CONAKRY CAPITALE MONDIALE DU LIVRE 17: LA GUINEE PREND DATE! | Guin\u00e9e Diversit\u00e9","og_description":"L&#39;ouverture officielle des activit&eacute;s&nbsp; du plus grand &eacute;v&egrave;nement culturel mondiale de l&rsquo;ann&eacute;e, &laquo; Conakry Capitale Mondiale du Livre 2017 &raquo; a eu lieu ce samedi 23 Avril &agrave; la Bluezone de Kaloum. C&rsquo;&eacute;tait en pr&eacute;sence du Pr&eacute;sident de la R&eacute;publique et de l&#39;ensemble du Gouvernement, les repr&eacute;sentants des institutions, les professionnels du Livre: &eacute;diteurs, libraires, [&hellip;]","og_url":"https:\/\/guineediversite.com\/index.php\/2017\/04\/24\/conakry-capitale-mondiale-du-livre-17-la-guinee-prend-date\/","og_site_name":"Guin\u00e9e Diversit\u00e9","article_publisher":"https:\/\/www.facebook.com\/guineediversite\/","article_published_time":"2017-04-23T22:00:00+00:00","author":"Guin\u00e9e Diversit\u00e9","twitter_card":"summary_large_image","twitter_creator":"@GuineeDiversite","twitter_site":"@GuineeDiversite","twitter_misc":{"\u00c9crit par":"Guin\u00e9e Diversit\u00e9","Dur\u00e9e de lecture estim\u00e9e":"6 minutes"},"schema":{"@context":"https:\/\/schema.org","@graph":[{"@type":"Article","@id":"https:\/\/guineediversite.com\/index.php\/2017\/04\/24\/conakry-capitale-mondiale-du-livre-17-la-guinee-prend-date\/#article","isPartOf":{"@id":"https:\/\/guineediversite.com\/index.php\/2017\/04\/24\/conakry-capitale-mondiale-du-livre-17-la-guinee-prend-date\/"},"author":{"name":"Guin\u00e9e Diversit\u00e9","@id":"https:\/\/guineediversite.com\/#\/schema\/person\/afa08fb34e7fc6e1feafc892612bc836"},"headline":"CONAKRY CAPITALE MONDIALE DU LIVRE 17: LA GUINEE PREND DATE!","datePublished":"2017-04-23T22:00:00+00:00","dateModified":"2017-04-23T22:00:00+00:00","mainEntityOfPage":{"@id":"https:\/\/guineediversite.com\/index.php\/2017\/04\/24\/conakry-capitale-mondiale-du-livre-17-la-guinee-prend-date\/"},"wordCount":1156,"commentCount":0,"publisher":{"@id":"https:\/\/guineediversite.com\/#organization"},"articleSection":["Archives"],"inLanguage":"fr-FR","potentialAction":[{"@type":"CommentAction","name":"Comment","target":["https:\/\/guineediversite.com\/index.php\/2017\/04\/24\/conakry-capitale-mondiale-du-livre-17-la-guinee-prend-date\/#respond"]}]},{"@type":"WebPage","@id":"https:\/\/guineediversite.com\/index.php\/2017\/04\/24\/conakry-capitale-mondiale-du-livre-17-la-guinee-prend-date\/","url":"https:\/\/guineediversite.com\/index.php\/2017\/04\/24\/conakry-capitale-mondiale-du-livre-17-la-guinee-prend-date\/","name":"CONAKRY CAPITALE MONDIALE DU LIVRE 17: LA GUINEE PREND DATE! | Guin\u00e9e Diversit\u00e9","isPartOf":{"@id":"https:\/\/guineediversite.com\/#website"},"datePublished":"2017-04-23T22:00:00+00:00","dateModified":"2017-04-23T22:00:00+00:00","breadcrumb":{"@id":"https:\/\/guineediversite.com\/index.php\/2017\/04\/24\/conakry-capitale-mondiale-du-livre-17-la-guinee-prend-date\/#breadcrumb"},"inLanguage":"fr-FR","potentialAction":[{"@type":"ReadAction","target":["https:\/\/guineediversite.com\/index.php\/2017\/04\/24\/conakry-capitale-mondiale-du-livre-17-la-guinee-prend-date\/"]}]},{"@type":"BreadcrumbList","@id":"https:\/\/guineediversite.com\/index.php\/2017\/04\/24\/conakry-capitale-mondiale-du-livre-17-la-guinee-prend-date\/#breadcrumb","itemListElement":[{"@type":"ListItem","position":1,"name":"Accueil","item":"https:\/\/guineediversite.com\/"},{"@type":"ListItem","position":2,"name":"CONAKRY CAPITALE MONDIALE DU LIVRE 17: LA GUINEE PREND DATE!"}]},{"@type":"WebSite","@id":"https:\/\/guineediversite.com\/#website","url":"https:\/\/guineediversite.com\/","name":"Guin\u00e9e Diversit\u00e9","description":"L&#039;Info dans toute sa diversit\u00e9","publisher":{"@id":"https:\/\/guineediversite.com\/#organization"},"potentialAction":[{"@type":"SearchAction","target":{"@type":"EntryPoint","urlTemplate":"https:\/\/guineediversite.com\/?s={search_term_string}"},"query-input":{"@type":"PropertyValueSpecification","valueRequired":true,"valueName":"search_term_string"}}],"inLanguage":"fr-FR"},{"@type":"Organization","@id":"https:\/\/guineediversite.com\/#organization","name":"Guin\u00e9e Diversit\u00e9","url":"https:\/\/guineediversite.com\/","logo":{"@type":"ImageObject","inLanguage":"fr-FR","@id":"https:\/\/guineediversite.com\/#\/schema\/logo\/image\/","url":"https:\/\/guineediversite.com\/wp-content\/uploads\/2017\/04\/cropped-1jojlxEOMkX9Wyqfhe43D6kjPOGqBBKmx3EwWJqZ0cMrFF54yM49.png","contentUrl":"https:\/\/guineediversite.com\/wp-content\/uploads\/2017\/04\/cropped-1jojlxEOMkX9Wyqfhe43D6kjPOGqBBKmx3EwWJqZ0cMrFF54yM49.png","width":186,"height":112,"caption":"Guin\u00e9e Diversit\u00e9"},"image":{"@id":"https:\/\/guineediversite.com\/#\/schema\/logo\/image\/"},"sameAs":["https:\/\/www.facebook.com\/guineediversite\/","https:\/\/x.com\/GuineeDiversite","https:\/\/www.youtube.com\/channel\/UC8sUY16qelG5ge6_D5SB83g"]},{"@type":"Person","@id":"https:\/\/guineediversite.com\/#\/schema\/person\/afa08fb34e7fc6e1feafc892612bc836","name":"Guin\u00e9e Diversit\u00e9","image":{"@type":"ImageObject","inLanguage":"fr-FR","@id":"https:\/\/guineediversite.com\/#\/schema\/person\/image\/","url":"https:\/\/secure.gravatar.com\/avatar\/50d5eb5b390f8b65ac30ac6f898eb83a?s=96&d=mm&r=g","contentUrl":"https:\/\/secure.gravatar.com\/avatar\/50d5eb5b390f8b65ac30ac6f898eb83a?s=96&d=mm&r=g","caption":"Guin\u00e9e Diversit\u00e9"},"url":"https:\/\/guineediversite.com\/index.php\/author\/guineediversite\/"}]}},"_links":{"self":[{"href":"https:\/\/guineediversite.com\/index.php\/wp-json\/wp\/v2\/posts\/19406"}],"collection":[{"href":"https:\/\/guineediversite.com\/index.php\/wp-json\/wp\/v2\/posts"}],"about":[{"href":"https:\/\/guineediversite.com\/index.php\/wp-json\/wp\/v2\/types\/post"}],"author":[{"embeddable":true,"href":"https:\/\/guineediversite.com\/index.php\/wp-json\/wp\/v2\/users\/12"}],"replies":[{"embeddable":true,"href":"https:\/\/guineediversite.com\/index.php\/wp-json\/wp\/v2\/comments?post=19406"}],"version-history":[{"count":0,"href":"https:\/\/guineediversite.com\/index.php\/wp-json\/wp\/v2\/posts\/19406\/revisions"}],"wp:attachment":[{"href":"https:\/\/guineediversite.com\/index.php\/wp-json\/wp\/v2\/media?parent=19406"}],"wp:term":[{"taxonomy":"category","embeddable":true,"href":"https:\/\/guineediversite.com\/index.php\/wp-json\/wp\/v2\/categories?post=19406"},{"taxonomy":"post_tag","embeddable":true,"href":"https:\/\/guineediversite.com\/index.php\/wp-json\/wp\/v2\/tags?post=19406"}],"curies":[{"name":"wp","href":"https:\/\/api.w.org\/{rel}","templated":true}]}}