{"id":19402,"date":"2017-04-22T00:00:00","date_gmt":"2017-04-21T22:00:00","guid":{"rendered":"https:\/\/www.guineediversite.com\/index.php\/2017\/04\/22\/le-code-des-collectivites-locales-renvoyees-en-relecture-par-lexecutif-a-lassemble\/"},"modified":"2017-04-22T00:00:00","modified_gmt":"2017-04-21T22:00:00","slug":"le-code-des-collectivites-locales-renvoyees-en-relecture-par-lexecutif-a-lassemble","status":"publish","type":"post","link":"https:\/\/guineediversite.com\/index.php\/2017\/04\/22\/le-code-des-collectivites-locales-renvoyees-en-relecture-par-lexecutif-a-lassemble\/","title":{"rendered":"Le code des collectivit\u00e9s locales renvoy\u00e9es en relecture par l\u2019ex\u00e9cutif \u00e0 l\u2019Assemble\u2026"},"content":{"rendered":"<p>Les d&eacute;put&eacute;s pr&eacute;sents &agrave; cet inter commission ont pass&eacute; en revue ce code article par article. Ils ont discut&eacute;s et m&ecirc;me&nbsp; tomb&eacute;s d&#39;accord sur la formation des termes qui font l&#39;objet de d&eacute;bat. &nbsp;Le 2e vice pr&eacute;sident de la commission des lois de l&#39;assembl&eacute;e nationale honorable Amadou Diallo a pr&eacute;cis&eacute; que l&#39;ensemble des points soulev&eacute;s par le minist&egrave;re de l&#39;administration ont &eacute;t&eacute; d&eacute;j&agrave; revisit&eacute; lors de la session&nbsp;&nbsp; extra ordinaire du mois de f&eacute;vrier dernier. Ce qui explique l&#39;accord de part et d&#39;autres des camps &agrave; s&#39;accorder un consensus. Au cours de cette m&ecirc;me rencontre, les d&eacute;put&eacute;s devraient plancher sur le projet concernant la mise en place du haut conseil des collectivit&eacute;s locales.<\/p>\n<p>Mais face &agrave; certaines inqui&eacute;tudes, les &eacute;lus du peuple ont d&eacute;cid&eacute; de surseoir &agrave; l&#39;examen de ce projet. Selon le d&eacute;put&eacute; uninominal de Dinguiraye, honorable Fod&eacute; Marega , il faudrait d&#39;abord connaitre les crit&egrave;res et le mode &eacute;lectoral des membres devant composer cette nouvelle institution qui sera un organe consultatif destin&eacute; &agrave; faire des propositions au parlement dans le cadre du fonctionnement des structures d&eacute;centralis&eacute;es et d&eacute;concentr&eacute;es de notre pays. Si le d&eacute;bat devrait avoir lieu en inter commission &agrave; l&#39;assembl&eacute;e nationale sur ce sujet, ce rendez vous fera l&#39;objet d&#39;une d&eacute;cision de la conf&eacute;rence des pr&eacute;sidents du parlement selon la proc&eacute;dure l&eacute;gale.&nbsp;<br \/>\n<strong>Saint Lazare Bangoura.<\/strong><\/p>\n","protected":false},"excerpt":{"rendered":"<p>Les d&eacute;put&eacute;s pr&eacute;sents &agrave; cet inter commission ont pass&eacute; en revue ce code article par article. Ils ont discut&eacute;s et m&ecirc;me&nbsp; tomb&eacute;s d&#39;accord sur la formation des termes qui font l&#39;objet de d&eacute;bat. &nbsp;Le 2e vice pr&eacute;sident de la commission des lois de l&#39;assembl&eacute;e nationale honorable Amadou Diallo a pr&eacute;cis&eacute; que l&#39;ensemble des points soulev&eacute;s [&hellip;]<\/p>\n","protected":false},"author":12,"featured_media":0,"comment_status":"open","ping_status":"open","sticky":false,"template":"","format":"standard","meta":{"_exactmetrics_skip_tracking":false,"_exactmetrics_sitenote_active":false,"_exactmetrics_sitenote_note":"","_exactmetrics_sitenote_category":0,"tdm_status":"","tdm_grid_status":"","footnotes":""},"categories":[28],"tags":[],"class_list":{"0":"post-19402","1":"post","2":"type-post","3":"status-publish","4":"format-standard","6":"category-archives"},"yoast_head":"<!-- This site is optimized with the Yoast SEO plugin v24.2 - https:\/\/yoast.com\/wordpress\/plugins\/seo\/ -->\n<title>Le code des collectivit\u00e9s locales renvoy\u00e9es en relecture par l\u2019ex\u00e9cutif \u00e0 l\u2019Assemble\u2026 | Guin\u00e9e Diversit\u00e9<\/title>\n<meta name=\"robots\" content=\"index, follow, max-snippet:-1, max-image-preview:large, max-video-preview:-1\" \/>\n<link rel=\"canonical\" href=\"https:\/\/guineediversite.com\/index.php\/2017\/04\/22\/le-code-des-collectivites-locales-renvoyees-en-relecture-par-lexecutif-a-lassemble\/\" \/>\n<meta property=\"og:locale\" content=\"fr_FR\" \/>\n<meta property=\"og:type\" content=\"article\" \/>\n<meta property=\"og:title\" content=\"Le code des collectivit\u00e9s locales renvoy\u00e9es en relecture par l\u2019ex\u00e9cutif \u00e0 l\u2019Assemble\u2026 | Guin\u00e9e Diversit\u00e9\" \/>\n<meta property=\"og:description\" content=\"Les d&eacute;put&eacute;s pr&eacute;sents &agrave; cet inter commission ont pass&eacute; en revue ce code article par article. Ils ont discut&eacute;s et m&ecirc;me&nbsp; tomb&eacute;s d&#039;accord sur la formation des termes qui font l&#039;objet de d&eacute;bat. &nbsp;Le 2e vice pr&eacute;sident de la commission des lois de l&#039;assembl&eacute;e nationale honorable Amadou Diallo a pr&eacute;cis&eacute; que l&#039;ensemble des points soulev&eacute;s [&hellip;]\" \/>\n<meta property=\"og:url\" content=\"https:\/\/guineediversite.com\/index.php\/2017\/04\/22\/le-code-des-collectivites-locales-renvoyees-en-relecture-par-lexecutif-a-lassemble\/\" \/>\n<meta property=\"og:site_name\" content=\"Guin\u00e9e Diversit\u00e9\" \/>\n<meta property=\"article:publisher\" content=\"https:\/\/www.facebook.com\/guineediversite\/\" \/>\n<meta property=\"article:published_time\" content=\"2017-04-21T22:00:00+00:00\" \/>\n<meta name=\"author\" content=\"Guin\u00e9e Diversit\u00e9\" \/>\n<meta name=\"twitter:card\" content=\"summary_large_image\" \/>\n<meta name=\"twitter:creator\" content=\"@GuineeDiversite\" \/>\n<meta name=\"twitter:site\" content=\"@GuineeDiversite\" \/>\n<meta name=\"twitter:label1\" content=\"\u00c9crit par\" \/>\n\t<meta name=\"twitter:data1\" content=\"Guin\u00e9e Diversit\u00e9\" \/>\n\t<meta name=\"twitter:label2\" content=\"Dur\u00e9e de lecture estim\u00e9e\" \/>\n\t<meta name=\"twitter:data2\" content=\"2 minutes\" \/>\n<script type=\"application\/ld+json\" class=\"yoast-schema-graph\">{\"@context\":\"https:\/\/schema.org\",\"@graph\":[{\"@type\":\"Article\",\"@id\":\"https:\/\/guineediversite.com\/index.php\/2017\/04\/22\/le-code-des-collectivites-locales-renvoyees-en-relecture-par-lexecutif-a-lassemble\/#article\",\"isPartOf\":{\"@id\":\"https:\/\/guineediversite.com\/index.php\/2017\/04\/22\/le-code-des-collectivites-locales-renvoyees-en-relecture-par-lexecutif-a-lassemble\/\"},\"author\":{\"name\":\"Guin\u00e9e Diversit\u00e9\",\"@id\":\"https:\/\/guineediversite.com\/#\/schema\/person\/afa08fb34e7fc6e1feafc892612bc836\"},\"headline\":\"Le code des collectivit\u00e9s locales renvoy\u00e9es en relecture par l\u2019ex\u00e9cutif \u00e0 l\u2019Assemble\u2026\",\"datePublished\":\"2017-04-21T22:00:00+00:00\",\"dateModified\":\"2017-04-21T22:00:00+00:00\",\"mainEntityOfPage\":{\"@id\":\"https:\/\/guineediversite.com\/index.php\/2017\/04\/22\/le-code-des-collectivites-locales-renvoyees-en-relecture-par-lexecutif-a-lassemble\/\"},\"wordCount\":330,\"commentCount\":0,\"publisher\":{\"@id\":\"https:\/\/guineediversite.com\/#organization\"},\"articleSection\":[\"Archives\"],\"inLanguage\":\"fr-FR\",\"potentialAction\":[{\"@type\":\"CommentAction\",\"name\":\"Comment\",\"target\":[\"https:\/\/guineediversite.com\/index.php\/2017\/04\/22\/le-code-des-collectivites-locales-renvoyees-en-relecture-par-lexecutif-a-lassemble\/#respond\"]}]},{\"@type\":\"WebPage\",\"@id\":\"https:\/\/guineediversite.com\/index.php\/2017\/04\/22\/le-code-des-collectivites-locales-renvoyees-en-relecture-par-lexecutif-a-lassemble\/\",\"url\":\"https:\/\/guineediversite.com\/index.php\/2017\/04\/22\/le-code-des-collectivites-locales-renvoyees-en-relecture-par-lexecutif-a-lassemble\/\",\"name\":\"Le code des collectivit\u00e9s locales renvoy\u00e9es en relecture par l\u2019ex\u00e9cutif \u00e0 l\u2019Assemble\u2026 | Guin\u00e9e Diversit\u00e9\",\"isPartOf\":{\"@id\":\"https:\/\/guineediversite.com\/#website\"},\"datePublished\":\"2017-04-21T22:00:00+00:00\",\"dateModified\":\"2017-04-21T22:00:00+00:00\",\"breadcrumb\":{\"@id\":\"https:\/\/guineediversite.com\/index.php\/2017\/04\/22\/le-code-des-collectivites-locales-renvoyees-en-relecture-par-lexecutif-a-lassemble\/#breadcrumb\"},\"inLanguage\":\"fr-FR\",\"potentialAction\":[{\"@type\":\"ReadAction\",\"target\":[\"https:\/\/guineediversite.com\/index.php\/2017\/04\/22\/le-code-des-collectivites-locales-renvoyees-en-relecture-par-lexecutif-a-lassemble\/\"]}]},{\"@type\":\"BreadcrumbList\",\"@id\":\"https:\/\/guineediversite.com\/index.php\/2017\/04\/22\/le-code-des-collectivites-locales-renvoyees-en-relecture-par-lexecutif-a-lassemble\/#breadcrumb\",\"itemListElement\":[{\"@type\":\"ListItem\",\"position\":1,\"name\":\"Accueil\",\"item\":\"https:\/\/guineediversite.com\/\"},{\"@type\":\"ListItem\",\"position\":2,\"name\":\"Le code des collectivit\u00e9s locales renvoy\u00e9es en relecture par l\u2019ex\u00e9cutif \u00e0 l\u2019Assemble\u2026\"}]},{\"@type\":\"WebSite\",\"@id\":\"https:\/\/guineediversite.com\/#website\",\"url\":\"https:\/\/guineediversite.com\/\",\"name\":\"Guin\u00e9e Diversit\u00e9\",\"description\":\"L&#039;Info dans toute sa diversit\u00e9\",\"publisher\":{\"@id\":\"https:\/\/guineediversite.com\/#organization\"},\"potentialAction\":[{\"@type\":\"SearchAction\",\"target\":{\"@type\":\"EntryPoint\",\"urlTemplate\":\"https:\/\/guineediversite.com\/?s={search_term_string}\"},\"query-input\":{\"@type\":\"PropertyValueSpecification\",\"valueRequired\":true,\"valueName\":\"search_term_string\"}}],\"inLanguage\":\"fr-FR\"},{\"@type\":\"Organization\",\"@id\":\"https:\/\/guineediversite.com\/#organization\",\"name\":\"Guin\u00e9e Diversit\u00e9\",\"url\":\"https:\/\/guineediversite.com\/\",\"logo\":{\"@type\":\"ImageObject\",\"inLanguage\":\"fr-FR\",\"@id\":\"https:\/\/guineediversite.com\/#\/schema\/logo\/image\/\",\"url\":\"https:\/\/guineediversite.com\/wp-content\/uploads\/2017\/04\/cropped-1jojlxEOMkX9Wyqfhe43D6kjPOGqBBKmx3EwWJqZ0cMrFF54yM49.png\",\"contentUrl\":\"https:\/\/guineediversite.com\/wp-content\/uploads\/2017\/04\/cropped-1jojlxEOMkX9Wyqfhe43D6kjPOGqBBKmx3EwWJqZ0cMrFF54yM49.png\",\"width\":186,\"height\":112,\"caption\":\"Guin\u00e9e Diversit\u00e9\"},\"image\":{\"@id\":\"https:\/\/guineediversite.com\/#\/schema\/logo\/image\/\"},\"sameAs\":[\"https:\/\/www.facebook.com\/guineediversite\/\",\"https:\/\/x.com\/GuineeDiversite\",\"https:\/\/www.youtube.com\/channel\/UC8sUY16qelG5ge6_D5SB83g\"]},{\"@type\":\"Person\",\"@id\":\"https:\/\/guineediversite.com\/#\/schema\/person\/afa08fb34e7fc6e1feafc892612bc836\",\"name\":\"Guin\u00e9e Diversit\u00e9\",\"image\":{\"@type\":\"ImageObject\",\"inLanguage\":\"fr-FR\",\"@id\":\"https:\/\/guineediversite.com\/#\/schema\/person\/image\/\",\"url\":\"https:\/\/secure.gravatar.com\/avatar\/50d5eb5b390f8b65ac30ac6f898eb83a?s=96&d=mm&r=g\",\"contentUrl\":\"https:\/\/secure.gravatar.com\/avatar\/50d5eb5b390f8b65ac30ac6f898eb83a?s=96&d=mm&r=g\",\"caption\":\"Guin\u00e9e Diversit\u00e9\"},\"url\":\"https:\/\/guineediversite.com\/index.php\/author\/guineediversite\/\"}]}<\/script>\n<!-- \/ Yoast SEO plugin. -->","yoast_head_json":{"title":"Le code des collectivit\u00e9s locales renvoy\u00e9es en relecture par l\u2019ex\u00e9cutif \u00e0 l\u2019Assemble\u2026 | Guin\u00e9e Diversit\u00e9","robots":{"index":"index","follow":"follow","max-snippet":"max-snippet:-1","max-image-preview":"max-image-preview:large","max-video-preview":"max-video-preview:-1"},"canonical":"https:\/\/guineediversite.com\/index.php\/2017\/04\/22\/le-code-des-collectivites-locales-renvoyees-en-relecture-par-lexecutif-a-lassemble\/","og_locale":"fr_FR","og_type":"article","og_title":"Le code des collectivit\u00e9s locales renvoy\u00e9es en relecture par l\u2019ex\u00e9cutif \u00e0 l\u2019Assemble\u2026 | Guin\u00e9e Diversit\u00e9","og_description":"Les d&eacute;put&eacute;s pr&eacute;sents &agrave; cet inter commission ont pass&eacute; en revue ce code article par article. Ils ont discut&eacute;s et m&ecirc;me&nbsp; tomb&eacute;s d&#39;accord sur la formation des termes qui font l&#39;objet de d&eacute;bat. &nbsp;Le 2e vice pr&eacute;sident de la commission des lois de l&#39;assembl&eacute;e nationale honorable Amadou Diallo a pr&eacute;cis&eacute; que l&#39;ensemble des points soulev&eacute;s [&hellip;]","og_url":"https:\/\/guineediversite.com\/index.php\/2017\/04\/22\/le-code-des-collectivites-locales-renvoyees-en-relecture-par-lexecutif-a-lassemble\/","og_site_name":"Guin\u00e9e Diversit\u00e9","article_publisher":"https:\/\/www.facebook.com\/guineediversite\/","article_published_time":"2017-04-21T22:00:00+00:00","author":"Guin\u00e9e Diversit\u00e9","twitter_card":"summary_large_image","twitter_creator":"@GuineeDiversite","twitter_site":"@GuineeDiversite","twitter_misc":{"\u00c9crit par":"Guin\u00e9e Diversit\u00e9","Dur\u00e9e de lecture estim\u00e9e":"2 minutes"},"schema":{"@context":"https:\/\/schema.org","@graph":[{"@type":"Article","@id":"https:\/\/guineediversite.com\/index.php\/2017\/04\/22\/le-code-des-collectivites-locales-renvoyees-en-relecture-par-lexecutif-a-lassemble\/#article","isPartOf":{"@id":"https:\/\/guineediversite.com\/index.php\/2017\/04\/22\/le-code-des-collectivites-locales-renvoyees-en-relecture-par-lexecutif-a-lassemble\/"},"author":{"name":"Guin\u00e9e Diversit\u00e9","@id":"https:\/\/guineediversite.com\/#\/schema\/person\/afa08fb34e7fc6e1feafc892612bc836"},"headline":"Le code des collectivit\u00e9s locales renvoy\u00e9es en relecture par l\u2019ex\u00e9cutif \u00e0 l\u2019Assemble\u2026","datePublished":"2017-04-21T22:00:00+00:00","dateModified":"2017-04-21T22:00:00+00:00","mainEntityOfPage":{"@id":"https:\/\/guineediversite.com\/index.php\/2017\/04\/22\/le-code-des-collectivites-locales-renvoyees-en-relecture-par-lexecutif-a-lassemble\/"},"wordCount":330,"commentCount":0,"publisher":{"@id":"https:\/\/guineediversite.com\/#organization"},"articleSection":["Archives"],"inLanguage":"fr-FR","potentialAction":[{"@type":"CommentAction","name":"Comment","target":["https:\/\/guineediversite.com\/index.php\/2017\/04\/22\/le-code-des-collectivites-locales-renvoyees-en-relecture-par-lexecutif-a-lassemble\/#respond"]}]},{"@type":"WebPage","@id":"https:\/\/guineediversite.com\/index.php\/2017\/04\/22\/le-code-des-collectivites-locales-renvoyees-en-relecture-par-lexecutif-a-lassemble\/","url":"https:\/\/guineediversite.com\/index.php\/2017\/04\/22\/le-code-des-collectivites-locales-renvoyees-en-relecture-par-lexecutif-a-lassemble\/","name":"Le code des collectivit\u00e9s locales renvoy\u00e9es en relecture par l\u2019ex\u00e9cutif \u00e0 l\u2019Assemble\u2026 | Guin\u00e9e Diversit\u00e9","isPartOf":{"@id":"https:\/\/guineediversite.com\/#website"},"datePublished":"2017-04-21T22:00:00+00:00","dateModified":"2017-04-21T22:00:00+00:00","breadcrumb":{"@id":"https:\/\/guineediversite.com\/index.php\/2017\/04\/22\/le-code-des-collectivites-locales-renvoyees-en-relecture-par-lexecutif-a-lassemble\/#breadcrumb"},"inLanguage":"fr-FR","potentialAction":[{"@type":"ReadAction","target":["https:\/\/guineediversite.com\/index.php\/2017\/04\/22\/le-code-des-collectivites-locales-renvoyees-en-relecture-par-lexecutif-a-lassemble\/"]}]},{"@type":"BreadcrumbList","@id":"https:\/\/guineediversite.com\/index.php\/2017\/04\/22\/le-code-des-collectivites-locales-renvoyees-en-relecture-par-lexecutif-a-lassemble\/#breadcrumb","itemListElement":[{"@type":"ListItem","position":1,"name":"Accueil","item":"https:\/\/guineediversite.com\/"},{"@type":"ListItem","position":2,"name":"Le code des collectivit\u00e9s locales renvoy\u00e9es en relecture par l\u2019ex\u00e9cutif \u00e0 l\u2019Assemble\u2026"}]},{"@type":"WebSite","@id":"https:\/\/guineediversite.com\/#website","url":"https:\/\/guineediversite.com\/","name":"Guin\u00e9e Diversit\u00e9","description":"L&#039;Info dans toute sa diversit\u00e9","publisher":{"@id":"https:\/\/guineediversite.com\/#organization"},"potentialAction":[{"@type":"SearchAction","target":{"@type":"EntryPoint","urlTemplate":"https:\/\/guineediversite.com\/?s={search_term_string}"},"query-input":{"@type":"PropertyValueSpecification","valueRequired":true,"valueName":"search_term_string"}}],"inLanguage":"fr-FR"},{"@type":"Organization","@id":"https:\/\/guineediversite.com\/#organization","name":"Guin\u00e9e Diversit\u00e9","url":"https:\/\/guineediversite.com\/","logo":{"@type":"ImageObject","inLanguage":"fr-FR","@id":"https:\/\/guineediversite.com\/#\/schema\/logo\/image\/","url":"https:\/\/guineediversite.com\/wp-content\/uploads\/2017\/04\/cropped-1jojlxEOMkX9Wyqfhe43D6kjPOGqBBKmx3EwWJqZ0cMrFF54yM49.png","contentUrl":"https:\/\/guineediversite.com\/wp-content\/uploads\/2017\/04\/cropped-1jojlxEOMkX9Wyqfhe43D6kjPOGqBBKmx3EwWJqZ0cMrFF54yM49.png","width":186,"height":112,"caption":"Guin\u00e9e Diversit\u00e9"},"image":{"@id":"https:\/\/guineediversite.com\/#\/schema\/logo\/image\/"},"sameAs":["https:\/\/www.facebook.com\/guineediversite\/","https:\/\/x.com\/GuineeDiversite","https:\/\/www.youtube.com\/channel\/UC8sUY16qelG5ge6_D5SB83g"]},{"@type":"Person","@id":"https:\/\/guineediversite.com\/#\/schema\/person\/afa08fb34e7fc6e1feafc892612bc836","name":"Guin\u00e9e Diversit\u00e9","image":{"@type":"ImageObject","inLanguage":"fr-FR","@id":"https:\/\/guineediversite.com\/#\/schema\/person\/image\/","url":"https:\/\/secure.gravatar.com\/avatar\/50d5eb5b390f8b65ac30ac6f898eb83a?s=96&d=mm&r=g","contentUrl":"https:\/\/secure.gravatar.com\/avatar\/50d5eb5b390f8b65ac30ac6f898eb83a?s=96&d=mm&r=g","caption":"Guin\u00e9e Diversit\u00e9"},"url":"https:\/\/guineediversite.com\/index.php\/author\/guineediversite\/"}]}},"_links":{"self":[{"href":"https:\/\/guineediversite.com\/index.php\/wp-json\/wp\/v2\/posts\/19402"}],"collection":[{"href":"https:\/\/guineediversite.com\/index.php\/wp-json\/wp\/v2\/posts"}],"about":[{"href":"https:\/\/guineediversite.com\/index.php\/wp-json\/wp\/v2\/types\/post"}],"author":[{"embeddable":true,"href":"https:\/\/guineediversite.com\/index.php\/wp-json\/wp\/v2\/users\/12"}],"replies":[{"embeddable":true,"href":"https:\/\/guineediversite.com\/index.php\/wp-json\/wp\/v2\/comments?post=19402"}],"version-history":[{"count":0,"href":"https:\/\/guineediversite.com\/index.php\/wp-json\/wp\/v2\/posts\/19402\/revisions"}],"wp:attachment":[{"href":"https:\/\/guineediversite.com\/index.php\/wp-json\/wp\/v2\/media?parent=19402"}],"wp:term":[{"taxonomy":"category","embeddable":true,"href":"https:\/\/guineediversite.com\/index.php\/wp-json\/wp\/v2\/categories?post=19402"},{"taxonomy":"post_tag","embeddable":true,"href":"https:\/\/guineediversite.com\/index.php\/wp-json\/wp\/v2\/tags?post=19402"}],"curies":[{"name":"wp","href":"https:\/\/api.w.org\/{rel}","templated":true}]}}