{"id":19401,"date":"2017-04-21T00:00:00","date_gmt":"2017-04-20T22:00:00","guid":{"rendered":"https:\/\/www.guineediversite.com\/index.php\/2017\/04\/21\/terrorisme-en-france-bernard-cazeneuve-accuse-des-candidats-de-surenchere\/"},"modified":"2017-04-21T00:00:00","modified_gmt":"2017-04-20T22:00:00","slug":"terrorisme-en-france-bernard-cazeneuve-accuse-des-candidats-de-surenchere","status":"publish","type":"post","link":"https:\/\/guineediversite.com\/index.php\/2017\/04\/21\/terrorisme-en-france-bernard-cazeneuve-accuse-des-candidats-de-surenchere\/","title":{"rendered":"Terrorisme en France: Bernard Cazeneuve accuse des candidats de surench\u00e8re"},"content":{"rendered":"<p>A deux jours du premier tour de la pr&eacute;sidentielle, la campagne est boulevers&eacute;e par l&#39;attaque sur les Champs-Elys&eacute;es. Trois des onze candidats ont bouscul&eacute; leurs agendas et annul&eacute; des d&eacute;placements. Ce 21 avril au matin, au lendemain d&#39;une &eacute;mission politique, elle aussi chamboul&eacute;e, ils ont rivalis&eacute; de d&eacute;clarations martiales pour lutter contre le terrorisme, lors de conf&eacute;rences de presse.<\/p>\n<p>Dans les derni&egrave;res heures de la campagne, chacun, m&ecirc;me au risque d&#39;&ecirc;tre accus&eacute; de r&eacute;cup&eacute;ration, veut appara&icirc;tre comme le plus protecteur aux yeux des Fran&ccedil;ais.<\/p>\n<p>La premi&egrave;re, &agrave; 10h, a &eacute;t&eacute; la patronne du Front national (FN). Un discours muscl&eacute; pour Marine Le Pen qui sur notre antenne ce matin&nbsp;<a href=\"http:\/\/www.rfi.fr\/video\/20170421-marine-le-pen-nous-avons-plus-moyens-recevoir-etrangers\" target=\"_blank\"><strong>disait &laquo;<em>&nbsp;redouter un nouvel attentat&nbsp;<\/em>&raquo;&nbsp;<\/strong><\/a>avant le vote de dimanche. La candidate FN demande d&eacute;sormais au gouvernement &laquo;&nbsp;<em>d&#39;ordonner la restauration des fronti&egrave;res et l&#39;expulsion imm&eacute;diate des fich&eacute;s S &eacute;trangers<\/em>&nbsp;&raquo;.<\/p>\n<p>M&ecirc;me ton martial de la part de Fran&ccedil;ois Fillon, une heure plus tard. Il entend &laquo;&nbsp;<em>combattre d&#39;une main de fer<\/em>&nbsp;&raquo; le &laquo;&nbsp;<em>terrorisme islamiste&nbsp;<\/em>&raquo; et annonce que, lui pr&eacute;sident, il maintiendra entre autres l&#39;&eacute;tat d&#39;urgence et le contr&ocirc;le aux fronti&egrave;res.<\/p>\n<p>Enfin, Emmanuel Macron a affirm&eacute; d&egrave;s le soir de l&#39;attaque que la lutte contre le terrorisme devait &ecirc;tre &laquo;<em>&nbsp;la priorit&eacute;&nbsp;<\/em>&raquo; du futur chef de l&#39;Etat. &laquo;&nbsp;<em>Je serai implacable dans le combat pour votre s&eacute;curit&eacute;<\/em>&nbsp;&raquo;, a-t-il ainsi d&eacute;clar&eacute; dans une posture de chef de guerre. Il a aussi point&eacute; du doigt la faute commise par le gouvernement il y a dix ans, quand Fran&ccedil;ois Fillon &eacute;tait Premier ministre, en affaiblissant le renseignement territorial. Il a aussi expliqu&eacute; bien s&ucirc;r que lui le r&eacute;tablirait et cr&eacute;erait 10 000 postes dans les forces de l&rsquo;ordre et une &laquo;&nbsp;task force&nbsp;&raquo; d&eacute;di&eacute;e &agrave; la lutte contre le terrorisme.<\/p>\n<p><strong>Le Premier ministre Bernard Cazeneuve offensif<\/strong><\/p>\n<p>M&ecirc;me si Emmanuel Macron a aussi affirm&eacute; qu&rsquo;il ne fallait pas c&eacute;der &agrave; la surench&egrave;re, on voit bien que se joue aujourd&rsquo;hui par d&eacute;claration interpos&eacute;e le dernier match de ce premier tour avec Fran&ccedil;ois Fillon et Marine Le Pen.<\/p>\n<p>Ces derniers jours, dans l&rsquo;entourage d&rsquo;Emmanuel Macron, on craignait d&rsquo;ailleurs une situation comme celle qui vient de se produire, analyse notre journaliste<strong>&nbsp;Val&eacute;rie Gas<\/strong>, une attaque terroriste qui pourrait perturber la fin de la campagne.<\/p>\n<p>Pour le candidat d&rsquo;En Marche ! qui n&rsquo;a pas d&rsquo;exp&eacute;rience sur les sujets r&eacute;galiens de d&eacute;fense, de s&eacute;curit&eacute;, il fallait donc montrer ou essayer de montrer qu&rsquo;il est &agrave; la hauteur, cr&eacute;dible et capable, lui aussi, de lutter contre le terrorisme, pour ne pas laisser un Fran&ccedil;ois Fillon ou une Marine Le Pen profiter de la situation.<\/p>\n<p>Bernard Cazeneuve a pris la parole &agrave; l&#39;Elys&eacute;e &agrave; la mi-journ&eacute;e.&nbsp;Le Premier ministre leur a s&egrave;chement r&eacute;pondu, les accusant d&#39;avoir choisi l&#39;outrance et la division. &laquo;&nbsp;<em>Quand Mme Le Pen demande la restauration imm&eacute;diate de nos fronti&egrave;res nationales, elle fait mine d&#39;ignorer que c&#39;est ce gouvernement qui a r&eacute;tabli le contr&ocirc;le aux fronti&egrave;res<\/em>&nbsp;&raquo;, a-t-il d&eacute;clar&eacute;.<\/p>\n<p>&laquo;<em>&nbsp;La plus grande fermet&eacute; pr&eacute;vaut donc en la mati&egrave;re, sans arbitraire,<\/em>&nbsp;a ajout&eacute; le locataire de la place Beauvau.&nbsp;<em>La facilit&eacute; n&#39;est pas la fermet&eacute;, ni l&#39;outrance le gage de la fermet&eacute;&nbsp;<\/em>&raquo;.<\/p>\n<p><strong>Campagne chamboul&eacute;e<\/strong><\/p>\n<p><a href=\"http:\/\/www.rfi.fr\/emission\/20170421-attaque-champs-elysees-paris-daech-frappe-presidentielle\" target=\"_blank\"><strong>L&#39;attaque&nbsp;<\/strong><\/a>des Champs-Elys&eacute;es a boulevers&eacute; les agendas des candidats pour la derni&egrave;re journ&eacute;e. Fran&ccedil;ois Fillon, Marine Le Pen et Emmanuel Macron ont tous trois annul&eacute; leurs d&eacute;placements pr&eacute;vus aujourd&#39;hui au profit, donc, de conf&eacute;rences de presse. D&#39;autres candidats ont choisi de poursuivre leur campagne.<\/p>\n<p>Jean-Luc M&eacute;lenchon doit ainsi rencontrer &agrave; Paris leader de Podemos dans l&#39;apr&egrave;s-midi. Beno&icirc;t Hamon maitient sa visite sur les terres de Jaur&egrave;s &agrave; Carmaux au m&ecirc;me moment. Ce vendredi matin, il a jug&eacute; sordide la surench&egrave;re politique autour de l&#39;attaque.<\/p>\n<p>La campagne se poursuit donc pour quelques heures encore jusqu&rsquo;&agrave; minuit ce soir. Difficile de mesurer quel impact cet attentat aura ou pas sur le vote des Fran&ccedil;ais, alors que les quatre candidats donn&eacute;s favoris dans les sondages se tiennent toujours au coude-&agrave;-coude selon les m&ecirc;mes instituts de sondage.<\/p>\n<p>RFI<\/p>\n","protected":false},"excerpt":{"rendered":"<p>A deux jours du premier tour de la pr&eacute;sidentielle, la campagne est boulevers&eacute;e par l&#39;attaque sur les Champs-Elys&eacute;es. Trois des onze candidats ont bouscul&eacute; leurs agendas et annul&eacute; des d&eacute;placements. Ce 21 avril au matin, au lendemain d&#39;une &eacute;mission politique, elle aussi chamboul&eacute;e, ils ont rivalis&eacute; de d&eacute;clarations martiales pour lutter contre le terrorisme, lors [&hellip;]<\/p>\n","protected":false},"author":12,"featured_media":0,"comment_status":"open","ping_status":"open","sticky":false,"template":"","format":"standard","meta":{"_exactmetrics_skip_tracking":false,"_exactmetrics_sitenote_active":false,"_exactmetrics_sitenote_note":"","_exactmetrics_sitenote_category":0,"tdm_status":"","tdm_grid_status":"","footnotes":""},"categories":[28],"tags":[],"class_list":{"0":"post-19401","1":"post","2":"type-post","3":"status-publish","4":"format-standard","6":"category-archives"},"yoast_head":"<!-- This site is optimized with the Yoast SEO plugin v24.2 - https:\/\/yoast.com\/wordpress\/plugins\/seo\/ -->\n<title>Terrorisme en France: Bernard Cazeneuve accuse des candidats de surench\u00e8re | Guin\u00e9e Diversit\u00e9<\/title>\n<meta name=\"robots\" content=\"index, follow, max-snippet:-1, max-image-preview:large, max-video-preview:-1\" \/>\n<link rel=\"canonical\" href=\"https:\/\/guineediversite.com\/index.php\/2017\/04\/21\/terrorisme-en-france-bernard-cazeneuve-accuse-des-candidats-de-surenchere\/\" \/>\n<meta property=\"og:locale\" content=\"fr_FR\" \/>\n<meta property=\"og:type\" content=\"article\" \/>\n<meta property=\"og:title\" content=\"Terrorisme en France: Bernard Cazeneuve accuse des candidats de surench\u00e8re | Guin\u00e9e Diversit\u00e9\" \/>\n<meta property=\"og:description\" content=\"A deux jours du premier tour de la pr&eacute;sidentielle, la campagne est boulevers&eacute;e par l&#039;attaque sur les Champs-Elys&eacute;es. Trois des onze candidats ont bouscul&eacute; leurs agendas et annul&eacute; des d&eacute;placements. Ce 21 avril au matin, au lendemain d&#039;une &eacute;mission politique, elle aussi chamboul&eacute;e, ils ont rivalis&eacute; de d&eacute;clarations martiales pour lutter contre le terrorisme, lors [&hellip;]\" \/>\n<meta property=\"og:url\" content=\"https:\/\/guineediversite.com\/index.php\/2017\/04\/21\/terrorisme-en-france-bernard-cazeneuve-accuse-des-candidats-de-surenchere\/\" \/>\n<meta property=\"og:site_name\" content=\"Guin\u00e9e Diversit\u00e9\" \/>\n<meta property=\"article:publisher\" content=\"https:\/\/www.facebook.com\/guineediversite\/\" \/>\n<meta property=\"article:published_time\" content=\"2017-04-20T22:00:00+00:00\" \/>\n<meta name=\"author\" content=\"Guin\u00e9e Diversit\u00e9\" \/>\n<meta name=\"twitter:card\" content=\"summary_large_image\" \/>\n<meta name=\"twitter:creator\" content=\"@GuineeDiversite\" \/>\n<meta name=\"twitter:site\" content=\"@GuineeDiversite\" \/>\n<meta name=\"twitter:label1\" content=\"\u00c9crit par\" \/>\n\t<meta name=\"twitter:data1\" content=\"Guin\u00e9e Diversit\u00e9\" \/>\n\t<meta name=\"twitter:label2\" content=\"Dur\u00e9e de lecture estim\u00e9e\" \/>\n\t<meta name=\"twitter:data2\" content=\"5 minutes\" \/>\n<script type=\"application\/ld+json\" class=\"yoast-schema-graph\">{\"@context\":\"https:\/\/schema.org\",\"@graph\":[{\"@type\":\"Article\",\"@id\":\"https:\/\/guineediversite.com\/index.php\/2017\/04\/21\/terrorisme-en-france-bernard-cazeneuve-accuse-des-candidats-de-surenchere\/#article\",\"isPartOf\":{\"@id\":\"https:\/\/guineediversite.com\/index.php\/2017\/04\/21\/terrorisme-en-france-bernard-cazeneuve-accuse-des-candidats-de-surenchere\/\"},\"author\":{\"name\":\"Guin\u00e9e Diversit\u00e9\",\"@id\":\"https:\/\/guineediversite.com\/#\/schema\/person\/afa08fb34e7fc6e1feafc892612bc836\"},\"headline\":\"Terrorisme en France: Bernard Cazeneuve accuse des candidats de surench\u00e8re\",\"datePublished\":\"2017-04-20T22:00:00+00:00\",\"dateModified\":\"2017-04-20T22:00:00+00:00\",\"mainEntityOfPage\":{\"@id\":\"https:\/\/guineediversite.com\/index.php\/2017\/04\/21\/terrorisme-en-france-bernard-cazeneuve-accuse-des-candidats-de-surenchere\/\"},\"wordCount\":914,\"commentCount\":0,\"publisher\":{\"@id\":\"https:\/\/guineediversite.com\/#organization\"},\"articleSection\":[\"Archives\"],\"inLanguage\":\"fr-FR\",\"potentialAction\":[{\"@type\":\"CommentAction\",\"name\":\"Comment\",\"target\":[\"https:\/\/guineediversite.com\/index.php\/2017\/04\/21\/terrorisme-en-france-bernard-cazeneuve-accuse-des-candidats-de-surenchere\/#respond\"]}]},{\"@type\":\"WebPage\",\"@id\":\"https:\/\/guineediversite.com\/index.php\/2017\/04\/21\/terrorisme-en-france-bernard-cazeneuve-accuse-des-candidats-de-surenchere\/\",\"url\":\"https:\/\/guineediversite.com\/index.php\/2017\/04\/21\/terrorisme-en-france-bernard-cazeneuve-accuse-des-candidats-de-surenchere\/\",\"name\":\"Terrorisme en France: Bernard Cazeneuve accuse des candidats de surench\u00e8re | Guin\u00e9e Diversit\u00e9\",\"isPartOf\":{\"@id\":\"https:\/\/guineediversite.com\/#website\"},\"datePublished\":\"2017-04-20T22:00:00+00:00\",\"dateModified\":\"2017-04-20T22:00:00+00:00\",\"breadcrumb\":{\"@id\":\"https:\/\/guineediversite.com\/index.php\/2017\/04\/21\/terrorisme-en-france-bernard-cazeneuve-accuse-des-candidats-de-surenchere\/#breadcrumb\"},\"inLanguage\":\"fr-FR\",\"potentialAction\":[{\"@type\":\"ReadAction\",\"target\":[\"https:\/\/guineediversite.com\/index.php\/2017\/04\/21\/terrorisme-en-france-bernard-cazeneuve-accuse-des-candidats-de-surenchere\/\"]}]},{\"@type\":\"BreadcrumbList\",\"@id\":\"https:\/\/guineediversite.com\/index.php\/2017\/04\/21\/terrorisme-en-france-bernard-cazeneuve-accuse-des-candidats-de-surenchere\/#breadcrumb\",\"itemListElement\":[{\"@type\":\"ListItem\",\"position\":1,\"name\":\"Accueil\",\"item\":\"https:\/\/guineediversite.com\/\"},{\"@type\":\"ListItem\",\"position\":2,\"name\":\"Terrorisme en France: Bernard Cazeneuve accuse des candidats de surench\u00e8re\"}]},{\"@type\":\"WebSite\",\"@id\":\"https:\/\/guineediversite.com\/#website\",\"url\":\"https:\/\/guineediversite.com\/\",\"name\":\"Guin\u00e9e Diversit\u00e9\",\"description\":\"L&#039;Info dans toute sa diversit\u00e9\",\"publisher\":{\"@id\":\"https:\/\/guineediversite.com\/#organization\"},\"potentialAction\":[{\"@type\":\"SearchAction\",\"target\":{\"@type\":\"EntryPoint\",\"urlTemplate\":\"https:\/\/guineediversite.com\/?s={search_term_string}\"},\"query-input\":{\"@type\":\"PropertyValueSpecification\",\"valueRequired\":true,\"valueName\":\"search_term_string\"}}],\"inLanguage\":\"fr-FR\"},{\"@type\":\"Organization\",\"@id\":\"https:\/\/guineediversite.com\/#organization\",\"name\":\"Guin\u00e9e Diversit\u00e9\",\"url\":\"https:\/\/guineediversite.com\/\",\"logo\":{\"@type\":\"ImageObject\",\"inLanguage\":\"fr-FR\",\"@id\":\"https:\/\/guineediversite.com\/#\/schema\/logo\/image\/\",\"url\":\"https:\/\/guineediversite.com\/wp-content\/uploads\/2017\/04\/cropped-1jojlxEOMkX9Wyqfhe43D6kjPOGqBBKmx3EwWJqZ0cMrFF54yM49.png\",\"contentUrl\":\"https:\/\/guineediversite.com\/wp-content\/uploads\/2017\/04\/cropped-1jojlxEOMkX9Wyqfhe43D6kjPOGqBBKmx3EwWJqZ0cMrFF54yM49.png\",\"width\":186,\"height\":112,\"caption\":\"Guin\u00e9e Diversit\u00e9\"},\"image\":{\"@id\":\"https:\/\/guineediversite.com\/#\/schema\/logo\/image\/\"},\"sameAs\":[\"https:\/\/www.facebook.com\/guineediversite\/\",\"https:\/\/x.com\/GuineeDiversite\",\"https:\/\/www.youtube.com\/channel\/UC8sUY16qelG5ge6_D5SB83g\"]},{\"@type\":\"Person\",\"@id\":\"https:\/\/guineediversite.com\/#\/schema\/person\/afa08fb34e7fc6e1feafc892612bc836\",\"name\":\"Guin\u00e9e Diversit\u00e9\",\"image\":{\"@type\":\"ImageObject\",\"inLanguage\":\"fr-FR\",\"@id\":\"https:\/\/guineediversite.com\/#\/schema\/person\/image\/\",\"url\":\"https:\/\/secure.gravatar.com\/avatar\/50d5eb5b390f8b65ac30ac6f898eb83a?s=96&d=mm&r=g\",\"contentUrl\":\"https:\/\/secure.gravatar.com\/avatar\/50d5eb5b390f8b65ac30ac6f898eb83a?s=96&d=mm&r=g\",\"caption\":\"Guin\u00e9e Diversit\u00e9\"},\"url\":\"https:\/\/guineediversite.com\/index.php\/author\/guineediversite\/\"}]}<\/script>\n<!-- \/ Yoast SEO plugin. -->","yoast_head_json":{"title":"Terrorisme en France: Bernard Cazeneuve accuse des candidats de surench\u00e8re | Guin\u00e9e Diversit\u00e9","robots":{"index":"index","follow":"follow","max-snippet":"max-snippet:-1","max-image-preview":"max-image-preview:large","max-video-preview":"max-video-preview:-1"},"canonical":"https:\/\/guineediversite.com\/index.php\/2017\/04\/21\/terrorisme-en-france-bernard-cazeneuve-accuse-des-candidats-de-surenchere\/","og_locale":"fr_FR","og_type":"article","og_title":"Terrorisme en France: Bernard Cazeneuve accuse des candidats de surench\u00e8re | Guin\u00e9e Diversit\u00e9","og_description":"A deux jours du premier tour de la pr&eacute;sidentielle, la campagne est boulevers&eacute;e par l&#39;attaque sur les Champs-Elys&eacute;es. Trois des onze candidats ont bouscul&eacute; leurs agendas et annul&eacute; des d&eacute;placements. Ce 21 avril au matin, au lendemain d&#39;une &eacute;mission politique, elle aussi chamboul&eacute;e, ils ont rivalis&eacute; de d&eacute;clarations martiales pour lutter contre le terrorisme, lors [&hellip;]","og_url":"https:\/\/guineediversite.com\/index.php\/2017\/04\/21\/terrorisme-en-france-bernard-cazeneuve-accuse-des-candidats-de-surenchere\/","og_site_name":"Guin\u00e9e Diversit\u00e9","article_publisher":"https:\/\/www.facebook.com\/guineediversite\/","article_published_time":"2017-04-20T22:00:00+00:00","author":"Guin\u00e9e Diversit\u00e9","twitter_card":"summary_large_image","twitter_creator":"@GuineeDiversite","twitter_site":"@GuineeDiversite","twitter_misc":{"\u00c9crit par":"Guin\u00e9e Diversit\u00e9","Dur\u00e9e de lecture estim\u00e9e":"5 minutes"},"schema":{"@context":"https:\/\/schema.org","@graph":[{"@type":"Article","@id":"https:\/\/guineediversite.com\/index.php\/2017\/04\/21\/terrorisme-en-france-bernard-cazeneuve-accuse-des-candidats-de-surenchere\/#article","isPartOf":{"@id":"https:\/\/guineediversite.com\/index.php\/2017\/04\/21\/terrorisme-en-france-bernard-cazeneuve-accuse-des-candidats-de-surenchere\/"},"author":{"name":"Guin\u00e9e Diversit\u00e9","@id":"https:\/\/guineediversite.com\/#\/schema\/person\/afa08fb34e7fc6e1feafc892612bc836"},"headline":"Terrorisme en France: Bernard Cazeneuve accuse des candidats de surench\u00e8re","datePublished":"2017-04-20T22:00:00+00:00","dateModified":"2017-04-20T22:00:00+00:00","mainEntityOfPage":{"@id":"https:\/\/guineediversite.com\/index.php\/2017\/04\/21\/terrorisme-en-france-bernard-cazeneuve-accuse-des-candidats-de-surenchere\/"},"wordCount":914,"commentCount":0,"publisher":{"@id":"https:\/\/guineediversite.com\/#organization"},"articleSection":["Archives"],"inLanguage":"fr-FR","potentialAction":[{"@type":"CommentAction","name":"Comment","target":["https:\/\/guineediversite.com\/index.php\/2017\/04\/21\/terrorisme-en-france-bernard-cazeneuve-accuse-des-candidats-de-surenchere\/#respond"]}]},{"@type":"WebPage","@id":"https:\/\/guineediversite.com\/index.php\/2017\/04\/21\/terrorisme-en-france-bernard-cazeneuve-accuse-des-candidats-de-surenchere\/","url":"https:\/\/guineediversite.com\/index.php\/2017\/04\/21\/terrorisme-en-france-bernard-cazeneuve-accuse-des-candidats-de-surenchere\/","name":"Terrorisme en France: Bernard Cazeneuve accuse des candidats de surench\u00e8re | Guin\u00e9e Diversit\u00e9","isPartOf":{"@id":"https:\/\/guineediversite.com\/#website"},"datePublished":"2017-04-20T22:00:00+00:00","dateModified":"2017-04-20T22:00:00+00:00","breadcrumb":{"@id":"https:\/\/guineediversite.com\/index.php\/2017\/04\/21\/terrorisme-en-france-bernard-cazeneuve-accuse-des-candidats-de-surenchere\/#breadcrumb"},"inLanguage":"fr-FR","potentialAction":[{"@type":"ReadAction","target":["https:\/\/guineediversite.com\/index.php\/2017\/04\/21\/terrorisme-en-france-bernard-cazeneuve-accuse-des-candidats-de-surenchere\/"]}]},{"@type":"BreadcrumbList","@id":"https:\/\/guineediversite.com\/index.php\/2017\/04\/21\/terrorisme-en-france-bernard-cazeneuve-accuse-des-candidats-de-surenchere\/#breadcrumb","itemListElement":[{"@type":"ListItem","position":1,"name":"Accueil","item":"https:\/\/guineediversite.com\/"},{"@type":"ListItem","position":2,"name":"Terrorisme en France: Bernard Cazeneuve accuse des candidats de surench\u00e8re"}]},{"@type":"WebSite","@id":"https:\/\/guineediversite.com\/#website","url":"https:\/\/guineediversite.com\/","name":"Guin\u00e9e Diversit\u00e9","description":"L&#039;Info dans toute sa diversit\u00e9","publisher":{"@id":"https:\/\/guineediversite.com\/#organization"},"potentialAction":[{"@type":"SearchAction","target":{"@type":"EntryPoint","urlTemplate":"https:\/\/guineediversite.com\/?s={search_term_string}"},"query-input":{"@type":"PropertyValueSpecification","valueRequired":true,"valueName":"search_term_string"}}],"inLanguage":"fr-FR"},{"@type":"Organization","@id":"https:\/\/guineediversite.com\/#organization","name":"Guin\u00e9e Diversit\u00e9","url":"https:\/\/guineediversite.com\/","logo":{"@type":"ImageObject","inLanguage":"fr-FR","@id":"https:\/\/guineediversite.com\/#\/schema\/logo\/image\/","url":"https:\/\/guineediversite.com\/wp-content\/uploads\/2017\/04\/cropped-1jojlxEOMkX9Wyqfhe43D6kjPOGqBBKmx3EwWJqZ0cMrFF54yM49.png","contentUrl":"https:\/\/guineediversite.com\/wp-content\/uploads\/2017\/04\/cropped-1jojlxEOMkX9Wyqfhe43D6kjPOGqBBKmx3EwWJqZ0cMrFF54yM49.png","width":186,"height":112,"caption":"Guin\u00e9e Diversit\u00e9"},"image":{"@id":"https:\/\/guineediversite.com\/#\/schema\/logo\/image\/"},"sameAs":["https:\/\/www.facebook.com\/guineediversite\/","https:\/\/x.com\/GuineeDiversite","https:\/\/www.youtube.com\/channel\/UC8sUY16qelG5ge6_D5SB83g"]},{"@type":"Person","@id":"https:\/\/guineediversite.com\/#\/schema\/person\/afa08fb34e7fc6e1feafc892612bc836","name":"Guin\u00e9e Diversit\u00e9","image":{"@type":"ImageObject","inLanguage":"fr-FR","@id":"https:\/\/guineediversite.com\/#\/schema\/person\/image\/","url":"https:\/\/secure.gravatar.com\/avatar\/50d5eb5b390f8b65ac30ac6f898eb83a?s=96&d=mm&r=g","contentUrl":"https:\/\/secure.gravatar.com\/avatar\/50d5eb5b390f8b65ac30ac6f898eb83a?s=96&d=mm&r=g","caption":"Guin\u00e9e Diversit\u00e9"},"url":"https:\/\/guineediversite.com\/index.php\/author\/guineediversite\/"}]}},"_links":{"self":[{"href":"https:\/\/guineediversite.com\/index.php\/wp-json\/wp\/v2\/posts\/19401"}],"collection":[{"href":"https:\/\/guineediversite.com\/index.php\/wp-json\/wp\/v2\/posts"}],"about":[{"href":"https:\/\/guineediversite.com\/index.php\/wp-json\/wp\/v2\/types\/post"}],"author":[{"embeddable":true,"href":"https:\/\/guineediversite.com\/index.php\/wp-json\/wp\/v2\/users\/12"}],"replies":[{"embeddable":true,"href":"https:\/\/guineediversite.com\/index.php\/wp-json\/wp\/v2\/comments?post=19401"}],"version-history":[{"count":0,"href":"https:\/\/guineediversite.com\/index.php\/wp-json\/wp\/v2\/posts\/19401\/revisions"}],"wp:attachment":[{"href":"https:\/\/guineediversite.com\/index.php\/wp-json\/wp\/v2\/media?parent=19401"}],"wp:term":[{"taxonomy":"category","embeddable":true,"href":"https:\/\/guineediversite.com\/index.php\/wp-json\/wp\/v2\/categories?post=19401"},{"taxonomy":"post_tag","embeddable":true,"href":"https:\/\/guineediversite.com\/index.php\/wp-json\/wp\/v2\/tags?post=19401"}],"curies":[{"name":"wp","href":"https:\/\/api.w.org\/{rel}","templated":true}]}}