{"id":19394,"date":"2017-04-19T00:00:00","date_gmt":"2017-04-18T22:00:00","guid":{"rendered":"https:\/\/www.guineediversite.com\/index.php\/2017\/04\/19\/burkina-six-mois-ferme-requis-contre-un-militaire-francais-juge-pour-agressions-sexuelles-sur-des-mineures\/"},"modified":"2017-04-19T00:00:00","modified_gmt":"2017-04-18T22:00:00","slug":"burkina-six-mois-ferme-requis-contre-un-militaire-francais-juge-pour-agressions-sexuelles-sur-des-mineures","status":"publish","type":"post","link":"https:\/\/guineediversite.com\/index.php\/2017\/04\/19\/burkina-six-mois-ferme-requis-contre-un-militaire-francais-juge-pour-agressions-sexuelles-sur-des-mineures\/","title":{"rendered":"Burkina : six mois ferme requis contre un militaire fran\u00e7ais jug\u00e9 pour agressions sexuelles sur des mineures"},"content":{"rendered":"<p>Le Parquet a requis mardi deux ans de prison, dont 18 mois de sursis avec mise &agrave; l&#39;&eacute;preuve, contre un militaire fran&ccedil;ais jug&eacute; pour agressions sexuelles sur deux fillettes en 2015 au Burkina Faso, o&ugrave; il &eacute;tait en mission.<\/p>\n<p>S&eacute;bastien L., 40 ans, a comparu&nbsp;<a href=\"http:\/\/www.jeuneafrique.com\/depeches\/430416\/politique\/militaire-francais-juge-mardi-agressions-sexuelles-burkina\/\" target=\"_blank\">mardi 18 avril devant le tribunal correctionnel de Paris&nbsp;<\/a>pour attouchements sexuels sur deux&nbsp;fillettes franco-burkinab&egrave;, alors &acirc;g&eacute;es de trois et cinq ans, ainsi que pour avoir film&eacute; ces agressions dans la piscine d&rsquo;un grand h&ocirc;tel de Ouagadougou.<\/p>\n<p>Le militaire s&rsquo;est dit &laquo;&nbsp;incapable d&rsquo;expliquer&nbsp;&raquo; ses gestes, qu&rsquo;il met sur le compte de l&rsquo;alcool et du stress de sa mission.<\/p>\n<p><strong>L&rsquo;alcool ne peut tout expliquer<\/strong><\/p>\n<p>Pendant l&rsquo;enqu&ecirc;te, il avait commenc&eacute; par nier les faits, affirmant ne pas s&rsquo;en souvenir car il avait beaucoup bu, puis avait reconnu certains attouchements, confront&eacute; aux images qu&rsquo;il avait lui-m&ecirc;me tourn&eacute;es.<\/p>\n<p>Pour la procureure, &laquo;&nbsp;l&rsquo;alcool ne peut tout expliquer&nbsp;&raquo; et ce proc&egrave;s &laquo;&nbsp;n&rsquo;aura pas permis de comprendre ce passage &agrave; l&rsquo;acte&nbsp;&raquo; chez un militaire des forces sp&eacute;ciales, certes stress&eacute; mais sans ant&eacute;c&eacute;dents judiciaires. Elle a &eacute;galement requis une obligation de soins, psychologiques et concernant l&rsquo;alcool.<\/p>\n<p>Op&eacute;ration Barkhane<\/p>\n<p>Les faits remontent au 28 juin 2015. Ce jour-l&agrave;, le pr&eacute;venu et un de ses coll&egrave;gues des forces sp&eacute;ciales alors d&eacute;ploy&eacute;es au Burkina pour participer &agrave;&nbsp;<a href=\"http:\/\/www.jeuneafrique.com\/tags\/operation-barkhane\/\">l&rsquo;op&eacute;ration militaire fran&ccedil;aise Barkhane<\/a>, se d&eacute;tendent au bord de la piscine d&rsquo;un grand h&ocirc;tel de Ouagadougou o&ugrave; ils rencontrent une Fran&ccedil;aise, expatri&eacute;e au Burkina, venue se baigner avec sa fille et une autre enfant.<\/p>\n<p>Ils sympathisent, passent la journ&eacute;e ensemble, S&eacute;bastien L. passant la plupart du temps &agrave; jouer avec les fillettes dans la piscine. La Fran&ccedil;aise les convie ensuite &agrave; manger des cr&ecirc;pes chez elle. Elle surprend le pr&eacute;venu sortant de la chambre de sa fille o&ugrave; il avait pr&eacute;text&eacute; la consoler d&rsquo;un cauchemar.<\/p>\n<p>Ce n&rsquo;est que le lendemain que la m&egrave;re d&eacute;couvre que l&rsquo;un des deux hommes a oubli&eacute; une cam&eacute;ra portative GoPro. Elle visionne les images et d&eacute;couvre des sc&egrave;nes film&eacute;es sous l&rsquo;eau o&ugrave; l&rsquo;on voit des attouchements sexuels sur chacune des fillettes. Elle se rend alors &agrave; l&rsquo;ambassade de France pour y d&eacute;noncer les faits.<\/p>\n<p>Les deux soldats sont imm&eacute;diatement suspendus et rapatri&eacute;s en France les jours suivants avec l&rsquo;accord des autorit&eacute;s burkinab&egrave;. Le coll&egrave;gue du pr&eacute;venu est tr&egrave;s vite mis hors de cause et n&rsquo;est pas poursuivi.<\/p>\n<p>JA<\/p>\n","protected":false},"excerpt":{"rendered":"<p>Le Parquet a requis mardi deux ans de prison, dont 18 mois de sursis avec mise &agrave; l&#39;&eacute;preuve, contre un militaire fran&ccedil;ais jug&eacute; pour agressions sexuelles sur deux fillettes en 2015 au Burkina Faso, o&ugrave; il &eacute;tait en mission. S&eacute;bastien L., 40 ans, a comparu&nbsp;mardi 18 avril devant le tribunal correctionnel de Paris&nbsp;pour attouchements sexuels [&hellip;]<\/p>\n","protected":false},"author":12,"featured_media":0,"comment_status":"open","ping_status":"open","sticky":false,"template":"","format":"standard","meta":{"_exactmetrics_skip_tracking":false,"_exactmetrics_sitenote_active":false,"_exactmetrics_sitenote_note":"","_exactmetrics_sitenote_category":0,"tdm_status":"","tdm_grid_status":"","footnotes":""},"categories":[28],"tags":[],"class_list":{"0":"post-19394","1":"post","2":"type-post","3":"status-publish","4":"format-standard","6":"category-archives"},"yoast_head":"<!-- This site is optimized with the Yoast SEO plugin v24.2 - https:\/\/yoast.com\/wordpress\/plugins\/seo\/ -->\n<title>Burkina : six mois ferme requis contre un militaire fran\u00e7ais jug\u00e9 pour agressions sexuelles sur des mineures | Guin\u00e9e Diversit\u00e9<\/title>\n<meta name=\"robots\" content=\"index, follow, max-snippet:-1, max-image-preview:large, max-video-preview:-1\" \/>\n<link rel=\"canonical\" href=\"https:\/\/guineediversite.com\/index.php\/2017\/04\/19\/burkina-six-mois-ferme-requis-contre-un-militaire-francais-juge-pour-agressions-sexuelles-sur-des-mineures\/\" \/>\n<meta property=\"og:locale\" content=\"fr_FR\" \/>\n<meta property=\"og:type\" content=\"article\" \/>\n<meta property=\"og:title\" content=\"Burkina : six mois ferme requis contre un militaire fran\u00e7ais jug\u00e9 pour agressions sexuelles sur des mineures | Guin\u00e9e Diversit\u00e9\" \/>\n<meta property=\"og:description\" content=\"Le Parquet a requis mardi deux ans de prison, dont 18 mois de sursis avec mise &agrave; l&#039;&eacute;preuve, contre un militaire fran&ccedil;ais jug&eacute; pour agressions sexuelles sur deux fillettes en 2015 au Burkina Faso, o&ugrave; il &eacute;tait en mission. S&eacute;bastien L., 40 ans, a comparu&nbsp;mardi 18 avril devant le tribunal correctionnel de Paris&nbsp;pour attouchements sexuels [&hellip;]\" \/>\n<meta property=\"og:url\" content=\"https:\/\/guineediversite.com\/index.php\/2017\/04\/19\/burkina-six-mois-ferme-requis-contre-un-militaire-francais-juge-pour-agressions-sexuelles-sur-des-mineures\/\" \/>\n<meta property=\"og:site_name\" content=\"Guin\u00e9e Diversit\u00e9\" \/>\n<meta property=\"article:publisher\" content=\"https:\/\/www.facebook.com\/guineediversite\/\" \/>\n<meta property=\"article:published_time\" content=\"2017-04-18T22:00:00+00:00\" \/>\n<meta name=\"author\" content=\"Guin\u00e9e Diversit\u00e9\" \/>\n<meta name=\"twitter:card\" content=\"summary_large_image\" \/>\n<meta name=\"twitter:creator\" content=\"@GuineeDiversite\" \/>\n<meta name=\"twitter:site\" content=\"@GuineeDiversite\" \/>\n<meta name=\"twitter:label1\" content=\"\u00c9crit par\" \/>\n\t<meta name=\"twitter:data1\" content=\"Guin\u00e9e Diversit\u00e9\" \/>\n\t<meta name=\"twitter:label2\" content=\"Dur\u00e9e de lecture estim\u00e9e\" \/>\n\t<meta name=\"twitter:data2\" content=\"3 minutes\" \/>\n<script type=\"application\/ld+json\" class=\"yoast-schema-graph\">{\"@context\":\"https:\/\/schema.org\",\"@graph\":[{\"@type\":\"Article\",\"@id\":\"https:\/\/guineediversite.com\/index.php\/2017\/04\/19\/burkina-six-mois-ferme-requis-contre-un-militaire-francais-juge-pour-agressions-sexuelles-sur-des-mineures\/#article\",\"isPartOf\":{\"@id\":\"https:\/\/guineediversite.com\/index.php\/2017\/04\/19\/burkina-six-mois-ferme-requis-contre-un-militaire-francais-juge-pour-agressions-sexuelles-sur-des-mineures\/\"},\"author\":{\"name\":\"Guin\u00e9e Diversit\u00e9\",\"@id\":\"https:\/\/guineediversite.com\/#\/schema\/person\/afa08fb34e7fc6e1feafc892612bc836\"},\"headline\":\"Burkina : six mois ferme requis contre un militaire fran\u00e7ais jug\u00e9 pour agressions sexuelles sur des mineures\",\"datePublished\":\"2017-04-18T22:00:00+00:00\",\"dateModified\":\"2017-04-18T22:00:00+00:00\",\"mainEntityOfPage\":{\"@id\":\"https:\/\/guineediversite.com\/index.php\/2017\/04\/19\/burkina-six-mois-ferme-requis-contre-un-militaire-francais-juge-pour-agressions-sexuelles-sur-des-mineures\/\"},\"wordCount\":561,\"commentCount\":0,\"publisher\":{\"@id\":\"https:\/\/guineediversite.com\/#organization\"},\"articleSection\":[\"Archives\"],\"inLanguage\":\"fr-FR\",\"potentialAction\":[{\"@type\":\"CommentAction\",\"name\":\"Comment\",\"target\":[\"https:\/\/guineediversite.com\/index.php\/2017\/04\/19\/burkina-six-mois-ferme-requis-contre-un-militaire-francais-juge-pour-agressions-sexuelles-sur-des-mineures\/#respond\"]}]},{\"@type\":\"WebPage\",\"@id\":\"https:\/\/guineediversite.com\/index.php\/2017\/04\/19\/burkina-six-mois-ferme-requis-contre-un-militaire-francais-juge-pour-agressions-sexuelles-sur-des-mineures\/\",\"url\":\"https:\/\/guineediversite.com\/index.php\/2017\/04\/19\/burkina-six-mois-ferme-requis-contre-un-militaire-francais-juge-pour-agressions-sexuelles-sur-des-mineures\/\",\"name\":\"Burkina : six mois ferme requis contre un militaire fran\u00e7ais jug\u00e9 pour agressions sexuelles sur des mineures | Guin\u00e9e Diversit\u00e9\",\"isPartOf\":{\"@id\":\"https:\/\/guineediversite.com\/#website\"},\"datePublished\":\"2017-04-18T22:00:00+00:00\",\"dateModified\":\"2017-04-18T22:00:00+00:00\",\"breadcrumb\":{\"@id\":\"https:\/\/guineediversite.com\/index.php\/2017\/04\/19\/burkina-six-mois-ferme-requis-contre-un-militaire-francais-juge-pour-agressions-sexuelles-sur-des-mineures\/#breadcrumb\"},\"inLanguage\":\"fr-FR\",\"potentialAction\":[{\"@type\":\"ReadAction\",\"target\":[\"https:\/\/guineediversite.com\/index.php\/2017\/04\/19\/burkina-six-mois-ferme-requis-contre-un-militaire-francais-juge-pour-agressions-sexuelles-sur-des-mineures\/\"]}]},{\"@type\":\"BreadcrumbList\",\"@id\":\"https:\/\/guineediversite.com\/index.php\/2017\/04\/19\/burkina-six-mois-ferme-requis-contre-un-militaire-francais-juge-pour-agressions-sexuelles-sur-des-mineures\/#breadcrumb\",\"itemListElement\":[{\"@type\":\"ListItem\",\"position\":1,\"name\":\"Accueil\",\"item\":\"https:\/\/guineediversite.com\/\"},{\"@type\":\"ListItem\",\"position\":2,\"name\":\"Burkina : six mois ferme requis contre un militaire fran\u00e7ais jug\u00e9 pour agressions sexuelles sur des mineures\"}]},{\"@type\":\"WebSite\",\"@id\":\"https:\/\/guineediversite.com\/#website\",\"url\":\"https:\/\/guineediversite.com\/\",\"name\":\"Guin\u00e9e Diversit\u00e9\",\"description\":\"L&#039;Info dans toute sa diversit\u00e9\",\"publisher\":{\"@id\":\"https:\/\/guineediversite.com\/#organization\"},\"potentialAction\":[{\"@type\":\"SearchAction\",\"target\":{\"@type\":\"EntryPoint\",\"urlTemplate\":\"https:\/\/guineediversite.com\/?s={search_term_string}\"},\"query-input\":{\"@type\":\"PropertyValueSpecification\",\"valueRequired\":true,\"valueName\":\"search_term_string\"}}],\"inLanguage\":\"fr-FR\"},{\"@type\":\"Organization\",\"@id\":\"https:\/\/guineediversite.com\/#organization\",\"name\":\"Guin\u00e9e Diversit\u00e9\",\"url\":\"https:\/\/guineediversite.com\/\",\"logo\":{\"@type\":\"ImageObject\",\"inLanguage\":\"fr-FR\",\"@id\":\"https:\/\/guineediversite.com\/#\/schema\/logo\/image\/\",\"url\":\"https:\/\/guineediversite.com\/wp-content\/uploads\/2017\/04\/cropped-1jojlxEOMkX9Wyqfhe43D6kjPOGqBBKmx3EwWJqZ0cMrFF54yM49.png\",\"contentUrl\":\"https:\/\/guineediversite.com\/wp-content\/uploads\/2017\/04\/cropped-1jojlxEOMkX9Wyqfhe43D6kjPOGqBBKmx3EwWJqZ0cMrFF54yM49.png\",\"width\":186,\"height\":112,\"caption\":\"Guin\u00e9e Diversit\u00e9\"},\"image\":{\"@id\":\"https:\/\/guineediversite.com\/#\/schema\/logo\/image\/\"},\"sameAs\":[\"https:\/\/www.facebook.com\/guineediversite\/\",\"https:\/\/x.com\/GuineeDiversite\",\"https:\/\/www.youtube.com\/channel\/UC8sUY16qelG5ge6_D5SB83g\"]},{\"@type\":\"Person\",\"@id\":\"https:\/\/guineediversite.com\/#\/schema\/person\/afa08fb34e7fc6e1feafc892612bc836\",\"name\":\"Guin\u00e9e Diversit\u00e9\",\"image\":{\"@type\":\"ImageObject\",\"inLanguage\":\"fr-FR\",\"@id\":\"https:\/\/guineediversite.com\/#\/schema\/person\/image\/\",\"url\":\"https:\/\/secure.gravatar.com\/avatar\/50d5eb5b390f8b65ac30ac6f898eb83a?s=96&d=mm&r=g\",\"contentUrl\":\"https:\/\/secure.gravatar.com\/avatar\/50d5eb5b390f8b65ac30ac6f898eb83a?s=96&d=mm&r=g\",\"caption\":\"Guin\u00e9e Diversit\u00e9\"},\"url\":\"https:\/\/guineediversite.com\/index.php\/author\/guineediversite\/\"}]}<\/script>\n<!-- \/ Yoast SEO plugin. -->","yoast_head_json":{"title":"Burkina : six mois ferme requis contre un militaire fran\u00e7ais jug\u00e9 pour agressions sexuelles sur des mineures | Guin\u00e9e Diversit\u00e9","robots":{"index":"index","follow":"follow","max-snippet":"max-snippet:-1","max-image-preview":"max-image-preview:large","max-video-preview":"max-video-preview:-1"},"canonical":"https:\/\/guineediversite.com\/index.php\/2017\/04\/19\/burkina-six-mois-ferme-requis-contre-un-militaire-francais-juge-pour-agressions-sexuelles-sur-des-mineures\/","og_locale":"fr_FR","og_type":"article","og_title":"Burkina : six mois ferme requis contre un militaire fran\u00e7ais jug\u00e9 pour agressions sexuelles sur des mineures | Guin\u00e9e Diversit\u00e9","og_description":"Le Parquet a requis mardi deux ans de prison, dont 18 mois de sursis avec mise &agrave; l&#39;&eacute;preuve, contre un militaire fran&ccedil;ais jug&eacute; pour agressions sexuelles sur deux fillettes en 2015 au Burkina Faso, o&ugrave; il &eacute;tait en mission. S&eacute;bastien L., 40 ans, a comparu&nbsp;mardi 18 avril devant le tribunal correctionnel de Paris&nbsp;pour attouchements sexuels [&hellip;]","og_url":"https:\/\/guineediversite.com\/index.php\/2017\/04\/19\/burkina-six-mois-ferme-requis-contre-un-militaire-francais-juge-pour-agressions-sexuelles-sur-des-mineures\/","og_site_name":"Guin\u00e9e Diversit\u00e9","article_publisher":"https:\/\/www.facebook.com\/guineediversite\/","article_published_time":"2017-04-18T22:00:00+00:00","author":"Guin\u00e9e Diversit\u00e9","twitter_card":"summary_large_image","twitter_creator":"@GuineeDiversite","twitter_site":"@GuineeDiversite","twitter_misc":{"\u00c9crit par":"Guin\u00e9e Diversit\u00e9","Dur\u00e9e de lecture estim\u00e9e":"3 minutes"},"schema":{"@context":"https:\/\/schema.org","@graph":[{"@type":"Article","@id":"https:\/\/guineediversite.com\/index.php\/2017\/04\/19\/burkina-six-mois-ferme-requis-contre-un-militaire-francais-juge-pour-agressions-sexuelles-sur-des-mineures\/#article","isPartOf":{"@id":"https:\/\/guineediversite.com\/index.php\/2017\/04\/19\/burkina-six-mois-ferme-requis-contre-un-militaire-francais-juge-pour-agressions-sexuelles-sur-des-mineures\/"},"author":{"name":"Guin\u00e9e Diversit\u00e9","@id":"https:\/\/guineediversite.com\/#\/schema\/person\/afa08fb34e7fc6e1feafc892612bc836"},"headline":"Burkina : six mois ferme requis contre un militaire fran\u00e7ais jug\u00e9 pour agressions sexuelles sur des mineures","datePublished":"2017-04-18T22:00:00+00:00","dateModified":"2017-04-18T22:00:00+00:00","mainEntityOfPage":{"@id":"https:\/\/guineediversite.com\/index.php\/2017\/04\/19\/burkina-six-mois-ferme-requis-contre-un-militaire-francais-juge-pour-agressions-sexuelles-sur-des-mineures\/"},"wordCount":561,"commentCount":0,"publisher":{"@id":"https:\/\/guineediversite.com\/#organization"},"articleSection":["Archives"],"inLanguage":"fr-FR","potentialAction":[{"@type":"CommentAction","name":"Comment","target":["https:\/\/guineediversite.com\/index.php\/2017\/04\/19\/burkina-six-mois-ferme-requis-contre-un-militaire-francais-juge-pour-agressions-sexuelles-sur-des-mineures\/#respond"]}]},{"@type":"WebPage","@id":"https:\/\/guineediversite.com\/index.php\/2017\/04\/19\/burkina-six-mois-ferme-requis-contre-un-militaire-francais-juge-pour-agressions-sexuelles-sur-des-mineures\/","url":"https:\/\/guineediversite.com\/index.php\/2017\/04\/19\/burkina-six-mois-ferme-requis-contre-un-militaire-francais-juge-pour-agressions-sexuelles-sur-des-mineures\/","name":"Burkina : six mois ferme requis contre un militaire fran\u00e7ais jug\u00e9 pour agressions sexuelles sur des mineures | Guin\u00e9e Diversit\u00e9","isPartOf":{"@id":"https:\/\/guineediversite.com\/#website"},"datePublished":"2017-04-18T22:00:00+00:00","dateModified":"2017-04-18T22:00:00+00:00","breadcrumb":{"@id":"https:\/\/guineediversite.com\/index.php\/2017\/04\/19\/burkina-six-mois-ferme-requis-contre-un-militaire-francais-juge-pour-agressions-sexuelles-sur-des-mineures\/#breadcrumb"},"inLanguage":"fr-FR","potentialAction":[{"@type":"ReadAction","target":["https:\/\/guineediversite.com\/index.php\/2017\/04\/19\/burkina-six-mois-ferme-requis-contre-un-militaire-francais-juge-pour-agressions-sexuelles-sur-des-mineures\/"]}]},{"@type":"BreadcrumbList","@id":"https:\/\/guineediversite.com\/index.php\/2017\/04\/19\/burkina-six-mois-ferme-requis-contre-un-militaire-francais-juge-pour-agressions-sexuelles-sur-des-mineures\/#breadcrumb","itemListElement":[{"@type":"ListItem","position":1,"name":"Accueil","item":"https:\/\/guineediversite.com\/"},{"@type":"ListItem","position":2,"name":"Burkina : six mois ferme requis contre un militaire fran\u00e7ais jug\u00e9 pour agressions sexuelles sur des mineures"}]},{"@type":"WebSite","@id":"https:\/\/guineediversite.com\/#website","url":"https:\/\/guineediversite.com\/","name":"Guin\u00e9e Diversit\u00e9","description":"L&#039;Info dans toute sa diversit\u00e9","publisher":{"@id":"https:\/\/guineediversite.com\/#organization"},"potentialAction":[{"@type":"SearchAction","target":{"@type":"EntryPoint","urlTemplate":"https:\/\/guineediversite.com\/?s={search_term_string}"},"query-input":{"@type":"PropertyValueSpecification","valueRequired":true,"valueName":"search_term_string"}}],"inLanguage":"fr-FR"},{"@type":"Organization","@id":"https:\/\/guineediversite.com\/#organization","name":"Guin\u00e9e Diversit\u00e9","url":"https:\/\/guineediversite.com\/","logo":{"@type":"ImageObject","inLanguage":"fr-FR","@id":"https:\/\/guineediversite.com\/#\/schema\/logo\/image\/","url":"https:\/\/guineediversite.com\/wp-content\/uploads\/2017\/04\/cropped-1jojlxEOMkX9Wyqfhe43D6kjPOGqBBKmx3EwWJqZ0cMrFF54yM49.png","contentUrl":"https:\/\/guineediversite.com\/wp-content\/uploads\/2017\/04\/cropped-1jojlxEOMkX9Wyqfhe43D6kjPOGqBBKmx3EwWJqZ0cMrFF54yM49.png","width":186,"height":112,"caption":"Guin\u00e9e Diversit\u00e9"},"image":{"@id":"https:\/\/guineediversite.com\/#\/schema\/logo\/image\/"},"sameAs":["https:\/\/www.facebook.com\/guineediversite\/","https:\/\/x.com\/GuineeDiversite","https:\/\/www.youtube.com\/channel\/UC8sUY16qelG5ge6_D5SB83g"]},{"@type":"Person","@id":"https:\/\/guineediversite.com\/#\/schema\/person\/afa08fb34e7fc6e1feafc892612bc836","name":"Guin\u00e9e Diversit\u00e9","image":{"@type":"ImageObject","inLanguage":"fr-FR","@id":"https:\/\/guineediversite.com\/#\/schema\/person\/image\/","url":"https:\/\/secure.gravatar.com\/avatar\/50d5eb5b390f8b65ac30ac6f898eb83a?s=96&d=mm&r=g","contentUrl":"https:\/\/secure.gravatar.com\/avatar\/50d5eb5b390f8b65ac30ac6f898eb83a?s=96&d=mm&r=g","caption":"Guin\u00e9e Diversit\u00e9"},"url":"https:\/\/guineediversite.com\/index.php\/author\/guineediversite\/"}]}},"_links":{"self":[{"href":"https:\/\/guineediversite.com\/index.php\/wp-json\/wp\/v2\/posts\/19394"}],"collection":[{"href":"https:\/\/guineediversite.com\/index.php\/wp-json\/wp\/v2\/posts"}],"about":[{"href":"https:\/\/guineediversite.com\/index.php\/wp-json\/wp\/v2\/types\/post"}],"author":[{"embeddable":true,"href":"https:\/\/guineediversite.com\/index.php\/wp-json\/wp\/v2\/users\/12"}],"replies":[{"embeddable":true,"href":"https:\/\/guineediversite.com\/index.php\/wp-json\/wp\/v2\/comments?post=19394"}],"version-history":[{"count":0,"href":"https:\/\/guineediversite.com\/index.php\/wp-json\/wp\/v2\/posts\/19394\/revisions"}],"wp:attachment":[{"href":"https:\/\/guineediversite.com\/index.php\/wp-json\/wp\/v2\/media?parent=19394"}],"wp:term":[{"taxonomy":"category","embeddable":true,"href":"https:\/\/guineediversite.com\/index.php\/wp-json\/wp\/v2\/categories?post=19394"},{"taxonomy":"post_tag","embeddable":true,"href":"https:\/\/guineediversite.com\/index.php\/wp-json\/wp\/v2\/tags?post=19394"}],"curies":[{"name":"wp","href":"https:\/\/api.w.org\/{rel}","templated":true}]}}