{"id":19389,"date":"2017-04-18T00:00:00","date_gmt":"2017-04-17T22:00:00","guid":{"rendered":"https:\/\/www.guineediversite.com\/index.php\/2017\/04\/18\/affaire-countigui-el-hadj-sekhouna-deverse-sa-colere\/"},"modified":"2017-04-18T00:00:00","modified_gmt":"2017-04-17T22:00:00","slug":"affaire-countigui-el-hadj-sekhouna-deverse-sa-colere","status":"publish","type":"post","link":"https:\/\/guineediversite.com\/index.php\/2017\/04\/18\/affaire-countigui-el-hadj-sekhouna-deverse-sa-colere\/","title":{"rendered":"Affaire countigui : El hadj Sekhouna d\u00e9verse sa col\u00e8re"},"content":{"rendered":"<p>Quelque jour apr&egrave;s la d&eacute;signation d&rsquo;un nouveau countigui de la basse c&ocirc;te par quelque ressortissant. El hadj Sekhouna qui est aussi countigui de la basse c&ocirc;te n&rsquo;a pas tard&eacute; &agrave; r&eacute;agir lors d&rsquo;une rencontre &agrave; Tan&egrave;n&egrave;. Il affirme&nbsp;: &laquo;&nbsp;le motif de notre rencontre ici est d&rsquo;aider les ressortissant de la base c&ocirc;te &agrave; se connaitre et &agrave; garder l&rsquo;harmonie.&nbsp;&raquo;<\/p>\n<p>Poursuivant il ajoute ceci, &laquo;&nbsp;la basse Guin&eacute;e est le fond de la Guin&eacute;e, au temps coloniale la basse &eacute;tait beaucoup plus repr&eacute;senter dans l&rsquo;administration coloniale, alors c&rsquo;est la basse Guin&eacute;e qui est la source du pays. Et aujourd&rsquo;hui quand nous voyons des &eacute;trangers s&rsquo;immiscer dans nos affaires, nous allons les maudire, moi mon destin se trouve dans les mains de Dieu, j&rsquo;ai travaill&eacute; avec S&eacute;kou Tour&eacute;, Lansana Cont&eacute;, et aujourd&rsquo;hui je suis avec le pr&eacute;sident Alpha Cond&eacute;, moi j&rsquo;ai &eacute;t&eacute; le pr&eacute;sident des CRD de toute la Guin&eacute;e et &ccedil;a gr&acirc;ce &agrave; mon comportement.&nbsp;&raquo;<\/p>\n<p>Il a aussi pr&eacute;cis&eacute; que&nbsp;: &laquo;&nbsp; affaire de countigui, ce qui parle comme &ccedil;a ne s&rsquo;y connaisse pas, ils parlent tous de la politique, puisque ce dont j&rsquo;ai &eacute;cout&eacute; entrain de parler du tr&ocirc;ne de countigui ce sont des politiciens, je tiens &agrave; pr&eacute;ciser une chose, aujourd&rsquo;hui suis countigui et Alpha cond&eacute; est le pr&eacute;sident de la r&eacute;publique et donc pour d&eacute;fendre l&rsquo;int&eacute;r&ecirc;t de la jeunesse il me faut me concerter avec le gouvernement&nbsp;&raquo;.<\/p>\n<p>Concernant la d&eacute;signation d&rsquo;un countigui par quelques ressortissants, il indique&nbsp;: &laquo;&nbsp;moi j&rsquo;ai &eacute;t&eacute; d&eacute;sign&eacute; par les sages et les vrais ressortissants, ce qui veulent d&eacute;truire la Guin&eacute;e en d&eacute;signant un autre countigui, nous on ne les &eacute;coutera point, Allah les r&eacute;pondra bient&ocirc;t. En plus dans l&rsquo;affaire de countigui de la basse cote le peulh, le Malink&eacute; et les forestiers n&rsquo;ont rien &agrave; voir dedans, ce sont les ressortissants de la basse Guin&eacute;e qui doivent parler de cela. Moi, suis pas un countigui mendiant, qui s&rsquo;assoit et a attend l&rsquo;aide des gens. Mamoudou soumah qu&rsquo;ils ont d&eacute;sign&eacute; ce n&rsquo;est pas lui qui est a l&rsquo;UFR et ce n&rsquo;est pas Mamadou Sylla qui est dans la politique qui pourrait se permettre de d&eacute;sign&eacute; un countigui sur son v&eacute;randa. Et quant &agrave; Fod&eacute; Oussou Fofana c&rsquo;est un Malink&eacute; et il est du parti de l&rsquo;UFDG et lui c&rsquo;est Dieu qui va lui r&eacute;pondre.&nbsp;&raquo;<\/p>\n<p><strong>Morcir&eacute; Camara<\/strong><\/p>\n","protected":false},"excerpt":{"rendered":"<p>Quelque jour apr&egrave;s la d&eacute;signation d&rsquo;un nouveau countigui de la basse c&ocirc;te par quelque ressortissant. El hadj Sekhouna qui est aussi countigui de la basse c&ocirc;te n&rsquo;a pas tard&eacute; &agrave; r&eacute;agir lors d&rsquo;une rencontre &agrave; Tan&egrave;n&egrave;. Il affirme&nbsp;: &laquo;&nbsp;le motif de notre rencontre ici est d&rsquo;aider les ressortissant de la base c&ocirc;te &agrave; se connaitre [&hellip;]<\/p>\n","protected":false},"author":12,"featured_media":0,"comment_status":"open","ping_status":"open","sticky":false,"template":"","format":"standard","meta":{"_exactmetrics_skip_tracking":false,"_exactmetrics_sitenote_active":false,"_exactmetrics_sitenote_note":"","_exactmetrics_sitenote_category":0,"tdm_status":"","tdm_grid_status":"","footnotes":""},"categories":[28],"tags":[],"class_list":{"0":"post-19389","1":"post","2":"type-post","3":"status-publish","4":"format-standard","6":"category-archives"},"yoast_head":"<!-- This site is optimized with the Yoast SEO plugin v24.2 - https:\/\/yoast.com\/wordpress\/plugins\/seo\/ -->\n<title>Affaire countigui : El hadj Sekhouna d\u00e9verse sa col\u00e8re | Guin\u00e9e Diversit\u00e9<\/title>\n<meta name=\"robots\" content=\"index, follow, max-snippet:-1, max-image-preview:large, max-video-preview:-1\" \/>\n<link rel=\"canonical\" href=\"https:\/\/guineediversite.com\/index.php\/2017\/04\/18\/affaire-countigui-el-hadj-sekhouna-deverse-sa-colere\/\" \/>\n<meta property=\"og:locale\" content=\"fr_FR\" \/>\n<meta property=\"og:type\" content=\"article\" \/>\n<meta property=\"og:title\" content=\"Affaire countigui : El hadj Sekhouna d\u00e9verse sa col\u00e8re | Guin\u00e9e Diversit\u00e9\" \/>\n<meta property=\"og:description\" content=\"Quelque jour apr&egrave;s la d&eacute;signation d&rsquo;un nouveau countigui de la basse c&ocirc;te par quelque ressortissant. El hadj Sekhouna qui est aussi countigui de la basse c&ocirc;te n&rsquo;a pas tard&eacute; &agrave; r&eacute;agir lors d&rsquo;une rencontre &agrave; Tan&egrave;n&egrave;. Il affirme&nbsp;: &laquo;&nbsp;le motif de notre rencontre ici est d&rsquo;aider les ressortissant de la base c&ocirc;te &agrave; se connaitre [&hellip;]\" \/>\n<meta property=\"og:url\" content=\"https:\/\/guineediversite.com\/index.php\/2017\/04\/18\/affaire-countigui-el-hadj-sekhouna-deverse-sa-colere\/\" \/>\n<meta property=\"og:site_name\" content=\"Guin\u00e9e Diversit\u00e9\" \/>\n<meta property=\"article:publisher\" content=\"https:\/\/www.facebook.com\/guineediversite\/\" \/>\n<meta property=\"article:published_time\" content=\"2017-04-17T22:00:00+00:00\" \/>\n<meta name=\"author\" content=\"Guin\u00e9e Diversit\u00e9\" \/>\n<meta name=\"twitter:card\" content=\"summary_large_image\" \/>\n<meta name=\"twitter:creator\" content=\"@GuineeDiversite\" \/>\n<meta name=\"twitter:site\" content=\"@GuineeDiversite\" \/>\n<meta name=\"twitter:label1\" content=\"\u00c9crit par\" \/>\n\t<meta name=\"twitter:data1\" content=\"Guin\u00e9e Diversit\u00e9\" \/>\n\t<meta name=\"twitter:label2\" content=\"Dur\u00e9e de lecture estim\u00e9e\" \/>\n\t<meta name=\"twitter:data2\" content=\"3 minutes\" \/>\n<script type=\"application\/ld+json\" class=\"yoast-schema-graph\">{\"@context\":\"https:\/\/schema.org\",\"@graph\":[{\"@type\":\"Article\",\"@id\":\"https:\/\/guineediversite.com\/index.php\/2017\/04\/18\/affaire-countigui-el-hadj-sekhouna-deverse-sa-colere\/#article\",\"isPartOf\":{\"@id\":\"https:\/\/guineediversite.com\/index.php\/2017\/04\/18\/affaire-countigui-el-hadj-sekhouna-deverse-sa-colere\/\"},\"author\":{\"name\":\"Guin\u00e9e Diversit\u00e9\",\"@id\":\"https:\/\/guineediversite.com\/#\/schema\/person\/afa08fb34e7fc6e1feafc892612bc836\"},\"headline\":\"Affaire countigui : El hadj Sekhouna d\u00e9verse sa col\u00e8re\",\"datePublished\":\"2017-04-17T22:00:00+00:00\",\"dateModified\":\"2017-04-17T22:00:00+00:00\",\"mainEntityOfPage\":{\"@id\":\"https:\/\/guineediversite.com\/index.php\/2017\/04\/18\/affaire-countigui-el-hadj-sekhouna-deverse-sa-colere\/\"},\"wordCount\":563,\"commentCount\":0,\"publisher\":{\"@id\":\"https:\/\/guineediversite.com\/#organization\"},\"articleSection\":[\"Archives\"],\"inLanguage\":\"fr-FR\",\"potentialAction\":[{\"@type\":\"CommentAction\",\"name\":\"Comment\",\"target\":[\"https:\/\/guineediversite.com\/index.php\/2017\/04\/18\/affaire-countigui-el-hadj-sekhouna-deverse-sa-colere\/#respond\"]}]},{\"@type\":\"WebPage\",\"@id\":\"https:\/\/guineediversite.com\/index.php\/2017\/04\/18\/affaire-countigui-el-hadj-sekhouna-deverse-sa-colere\/\",\"url\":\"https:\/\/guineediversite.com\/index.php\/2017\/04\/18\/affaire-countigui-el-hadj-sekhouna-deverse-sa-colere\/\",\"name\":\"Affaire countigui : El hadj Sekhouna d\u00e9verse sa col\u00e8re | Guin\u00e9e Diversit\u00e9\",\"isPartOf\":{\"@id\":\"https:\/\/guineediversite.com\/#website\"},\"datePublished\":\"2017-04-17T22:00:00+00:00\",\"dateModified\":\"2017-04-17T22:00:00+00:00\",\"breadcrumb\":{\"@id\":\"https:\/\/guineediversite.com\/index.php\/2017\/04\/18\/affaire-countigui-el-hadj-sekhouna-deverse-sa-colere\/#breadcrumb\"},\"inLanguage\":\"fr-FR\",\"potentialAction\":[{\"@type\":\"ReadAction\",\"target\":[\"https:\/\/guineediversite.com\/index.php\/2017\/04\/18\/affaire-countigui-el-hadj-sekhouna-deverse-sa-colere\/\"]}]},{\"@type\":\"BreadcrumbList\",\"@id\":\"https:\/\/guineediversite.com\/index.php\/2017\/04\/18\/affaire-countigui-el-hadj-sekhouna-deverse-sa-colere\/#breadcrumb\",\"itemListElement\":[{\"@type\":\"ListItem\",\"position\":1,\"name\":\"Accueil\",\"item\":\"https:\/\/guineediversite.com\/\"},{\"@type\":\"ListItem\",\"position\":2,\"name\":\"Affaire countigui : El hadj Sekhouna d\u00e9verse sa col\u00e8re\"}]},{\"@type\":\"WebSite\",\"@id\":\"https:\/\/guineediversite.com\/#website\",\"url\":\"https:\/\/guineediversite.com\/\",\"name\":\"Guin\u00e9e Diversit\u00e9\",\"description\":\"L&#039;Info dans toute sa diversit\u00e9\",\"publisher\":{\"@id\":\"https:\/\/guineediversite.com\/#organization\"},\"potentialAction\":[{\"@type\":\"SearchAction\",\"target\":{\"@type\":\"EntryPoint\",\"urlTemplate\":\"https:\/\/guineediversite.com\/?s={search_term_string}\"},\"query-input\":{\"@type\":\"PropertyValueSpecification\",\"valueRequired\":true,\"valueName\":\"search_term_string\"}}],\"inLanguage\":\"fr-FR\"},{\"@type\":\"Organization\",\"@id\":\"https:\/\/guineediversite.com\/#organization\",\"name\":\"Guin\u00e9e Diversit\u00e9\",\"url\":\"https:\/\/guineediversite.com\/\",\"logo\":{\"@type\":\"ImageObject\",\"inLanguage\":\"fr-FR\",\"@id\":\"https:\/\/guineediversite.com\/#\/schema\/logo\/image\/\",\"url\":\"https:\/\/guineediversite.com\/wp-content\/uploads\/2017\/04\/cropped-1jojlxEOMkX9Wyqfhe43D6kjPOGqBBKmx3EwWJqZ0cMrFF54yM49.png\",\"contentUrl\":\"https:\/\/guineediversite.com\/wp-content\/uploads\/2017\/04\/cropped-1jojlxEOMkX9Wyqfhe43D6kjPOGqBBKmx3EwWJqZ0cMrFF54yM49.png\",\"width\":186,\"height\":112,\"caption\":\"Guin\u00e9e Diversit\u00e9\"},\"image\":{\"@id\":\"https:\/\/guineediversite.com\/#\/schema\/logo\/image\/\"},\"sameAs\":[\"https:\/\/www.facebook.com\/guineediversite\/\",\"https:\/\/x.com\/GuineeDiversite\",\"https:\/\/www.youtube.com\/channel\/UC8sUY16qelG5ge6_D5SB83g\"]},{\"@type\":\"Person\",\"@id\":\"https:\/\/guineediversite.com\/#\/schema\/person\/afa08fb34e7fc6e1feafc892612bc836\",\"name\":\"Guin\u00e9e Diversit\u00e9\",\"image\":{\"@type\":\"ImageObject\",\"inLanguage\":\"fr-FR\",\"@id\":\"https:\/\/guineediversite.com\/#\/schema\/person\/image\/\",\"url\":\"https:\/\/secure.gravatar.com\/avatar\/50d5eb5b390f8b65ac30ac6f898eb83a?s=96&d=mm&r=g\",\"contentUrl\":\"https:\/\/secure.gravatar.com\/avatar\/50d5eb5b390f8b65ac30ac6f898eb83a?s=96&d=mm&r=g\",\"caption\":\"Guin\u00e9e Diversit\u00e9\"},\"url\":\"https:\/\/guineediversite.com\/index.php\/author\/guineediversite\/\"}]}<\/script>\n<!-- \/ Yoast SEO plugin. -->","yoast_head_json":{"title":"Affaire countigui : El hadj Sekhouna d\u00e9verse sa col\u00e8re | Guin\u00e9e Diversit\u00e9","robots":{"index":"index","follow":"follow","max-snippet":"max-snippet:-1","max-image-preview":"max-image-preview:large","max-video-preview":"max-video-preview:-1"},"canonical":"https:\/\/guineediversite.com\/index.php\/2017\/04\/18\/affaire-countigui-el-hadj-sekhouna-deverse-sa-colere\/","og_locale":"fr_FR","og_type":"article","og_title":"Affaire countigui : El hadj Sekhouna d\u00e9verse sa col\u00e8re | Guin\u00e9e Diversit\u00e9","og_description":"Quelque jour apr&egrave;s la d&eacute;signation d&rsquo;un nouveau countigui de la basse c&ocirc;te par quelque ressortissant. El hadj Sekhouna qui est aussi countigui de la basse c&ocirc;te n&rsquo;a pas tard&eacute; &agrave; r&eacute;agir lors d&rsquo;une rencontre &agrave; Tan&egrave;n&egrave;. Il affirme&nbsp;: &laquo;&nbsp;le motif de notre rencontre ici est d&rsquo;aider les ressortissant de la base c&ocirc;te &agrave; se connaitre [&hellip;]","og_url":"https:\/\/guineediversite.com\/index.php\/2017\/04\/18\/affaire-countigui-el-hadj-sekhouna-deverse-sa-colere\/","og_site_name":"Guin\u00e9e Diversit\u00e9","article_publisher":"https:\/\/www.facebook.com\/guineediversite\/","article_published_time":"2017-04-17T22:00:00+00:00","author":"Guin\u00e9e Diversit\u00e9","twitter_card":"summary_large_image","twitter_creator":"@GuineeDiversite","twitter_site":"@GuineeDiversite","twitter_misc":{"\u00c9crit par":"Guin\u00e9e Diversit\u00e9","Dur\u00e9e de lecture estim\u00e9e":"3 minutes"},"schema":{"@context":"https:\/\/schema.org","@graph":[{"@type":"Article","@id":"https:\/\/guineediversite.com\/index.php\/2017\/04\/18\/affaire-countigui-el-hadj-sekhouna-deverse-sa-colere\/#article","isPartOf":{"@id":"https:\/\/guineediversite.com\/index.php\/2017\/04\/18\/affaire-countigui-el-hadj-sekhouna-deverse-sa-colere\/"},"author":{"name":"Guin\u00e9e Diversit\u00e9","@id":"https:\/\/guineediversite.com\/#\/schema\/person\/afa08fb34e7fc6e1feafc892612bc836"},"headline":"Affaire countigui : El hadj Sekhouna d\u00e9verse sa col\u00e8re","datePublished":"2017-04-17T22:00:00+00:00","dateModified":"2017-04-17T22:00:00+00:00","mainEntityOfPage":{"@id":"https:\/\/guineediversite.com\/index.php\/2017\/04\/18\/affaire-countigui-el-hadj-sekhouna-deverse-sa-colere\/"},"wordCount":563,"commentCount":0,"publisher":{"@id":"https:\/\/guineediversite.com\/#organization"},"articleSection":["Archives"],"inLanguage":"fr-FR","potentialAction":[{"@type":"CommentAction","name":"Comment","target":["https:\/\/guineediversite.com\/index.php\/2017\/04\/18\/affaire-countigui-el-hadj-sekhouna-deverse-sa-colere\/#respond"]}]},{"@type":"WebPage","@id":"https:\/\/guineediversite.com\/index.php\/2017\/04\/18\/affaire-countigui-el-hadj-sekhouna-deverse-sa-colere\/","url":"https:\/\/guineediversite.com\/index.php\/2017\/04\/18\/affaire-countigui-el-hadj-sekhouna-deverse-sa-colere\/","name":"Affaire countigui : El hadj Sekhouna d\u00e9verse sa col\u00e8re | Guin\u00e9e Diversit\u00e9","isPartOf":{"@id":"https:\/\/guineediversite.com\/#website"},"datePublished":"2017-04-17T22:00:00+00:00","dateModified":"2017-04-17T22:00:00+00:00","breadcrumb":{"@id":"https:\/\/guineediversite.com\/index.php\/2017\/04\/18\/affaire-countigui-el-hadj-sekhouna-deverse-sa-colere\/#breadcrumb"},"inLanguage":"fr-FR","potentialAction":[{"@type":"ReadAction","target":["https:\/\/guineediversite.com\/index.php\/2017\/04\/18\/affaire-countigui-el-hadj-sekhouna-deverse-sa-colere\/"]}]},{"@type":"BreadcrumbList","@id":"https:\/\/guineediversite.com\/index.php\/2017\/04\/18\/affaire-countigui-el-hadj-sekhouna-deverse-sa-colere\/#breadcrumb","itemListElement":[{"@type":"ListItem","position":1,"name":"Accueil","item":"https:\/\/guineediversite.com\/"},{"@type":"ListItem","position":2,"name":"Affaire countigui : El hadj Sekhouna d\u00e9verse sa col\u00e8re"}]},{"@type":"WebSite","@id":"https:\/\/guineediversite.com\/#website","url":"https:\/\/guineediversite.com\/","name":"Guin\u00e9e Diversit\u00e9","description":"L&#039;Info dans toute sa diversit\u00e9","publisher":{"@id":"https:\/\/guineediversite.com\/#organization"},"potentialAction":[{"@type":"SearchAction","target":{"@type":"EntryPoint","urlTemplate":"https:\/\/guineediversite.com\/?s={search_term_string}"},"query-input":{"@type":"PropertyValueSpecification","valueRequired":true,"valueName":"search_term_string"}}],"inLanguage":"fr-FR"},{"@type":"Organization","@id":"https:\/\/guineediversite.com\/#organization","name":"Guin\u00e9e Diversit\u00e9","url":"https:\/\/guineediversite.com\/","logo":{"@type":"ImageObject","inLanguage":"fr-FR","@id":"https:\/\/guineediversite.com\/#\/schema\/logo\/image\/","url":"https:\/\/guineediversite.com\/wp-content\/uploads\/2017\/04\/cropped-1jojlxEOMkX9Wyqfhe43D6kjPOGqBBKmx3EwWJqZ0cMrFF54yM49.png","contentUrl":"https:\/\/guineediversite.com\/wp-content\/uploads\/2017\/04\/cropped-1jojlxEOMkX9Wyqfhe43D6kjPOGqBBKmx3EwWJqZ0cMrFF54yM49.png","width":186,"height":112,"caption":"Guin\u00e9e Diversit\u00e9"},"image":{"@id":"https:\/\/guineediversite.com\/#\/schema\/logo\/image\/"},"sameAs":["https:\/\/www.facebook.com\/guineediversite\/","https:\/\/x.com\/GuineeDiversite","https:\/\/www.youtube.com\/channel\/UC8sUY16qelG5ge6_D5SB83g"]},{"@type":"Person","@id":"https:\/\/guineediversite.com\/#\/schema\/person\/afa08fb34e7fc6e1feafc892612bc836","name":"Guin\u00e9e Diversit\u00e9","image":{"@type":"ImageObject","inLanguage":"fr-FR","@id":"https:\/\/guineediversite.com\/#\/schema\/person\/image\/","url":"https:\/\/secure.gravatar.com\/avatar\/50d5eb5b390f8b65ac30ac6f898eb83a?s=96&d=mm&r=g","contentUrl":"https:\/\/secure.gravatar.com\/avatar\/50d5eb5b390f8b65ac30ac6f898eb83a?s=96&d=mm&r=g","caption":"Guin\u00e9e Diversit\u00e9"},"url":"https:\/\/guineediversite.com\/index.php\/author\/guineediversite\/"}]}},"_links":{"self":[{"href":"https:\/\/guineediversite.com\/index.php\/wp-json\/wp\/v2\/posts\/19389"}],"collection":[{"href":"https:\/\/guineediversite.com\/index.php\/wp-json\/wp\/v2\/posts"}],"about":[{"href":"https:\/\/guineediversite.com\/index.php\/wp-json\/wp\/v2\/types\/post"}],"author":[{"embeddable":true,"href":"https:\/\/guineediversite.com\/index.php\/wp-json\/wp\/v2\/users\/12"}],"replies":[{"embeddable":true,"href":"https:\/\/guineediversite.com\/index.php\/wp-json\/wp\/v2\/comments?post=19389"}],"version-history":[{"count":0,"href":"https:\/\/guineediversite.com\/index.php\/wp-json\/wp\/v2\/posts\/19389\/revisions"}],"wp:attachment":[{"href":"https:\/\/guineediversite.com\/index.php\/wp-json\/wp\/v2\/media?parent=19389"}],"wp:term":[{"taxonomy":"category","embeddable":true,"href":"https:\/\/guineediversite.com\/index.php\/wp-json\/wp\/v2\/categories?post=19389"},{"taxonomy":"post_tag","embeddable":true,"href":"https:\/\/guineediversite.com\/index.php\/wp-json\/wp\/v2\/tags?post=19389"}],"curies":[{"name":"wp","href":"https:\/\/api.w.org\/{rel}","templated":true}]}}