{"id":19388,"date":"2017-04-17T00:00:00","date_gmt":"2017-04-16T22:00:00","guid":{"rendered":"https:\/\/www.guineediversite.com\/index.php\/2017\/04\/17\/mali-les-radios-privees-contre-la-fermeture-de-47-dentre-elles\/"},"modified":"2017-04-17T00:00:00","modified_gmt":"2017-04-16T22:00:00","slug":"mali-les-radios-privees-contre-la-fermeture-de-47-dentre-elles","status":"publish","type":"post","link":"https:\/\/guineediversite.com\/index.php\/2017\/04\/17\/mali-les-radios-privees-contre-la-fermeture-de-47-dentre-elles\/","title":{"rendered":"Mali : les radios priv\u00e9es contre la fermeture de 47 d\u2019entre elles"},"content":{"rendered":"<p>La principale association des m&eacute;dias audiovisuels priv&eacute;s au Mali s&#39;est insurg&eacute;e contre la fermeture annonc&eacute;e par les autorit&eacute;s de 47 radios priv&eacute;es, demandant un d&eacute;lai pour qu&#39;elle se conforme &agrave; la r&eacute;glementation.<\/p>\n<p>&laquo;&nbsp;Il faut donner le temps &agrave; ces radios de se conformer &agrave; la loi. On ne ferme pas une radio comme on ferme une boutique, et il faut &eacute;viter le +deux poids, deux mesures+&nbsp;&raquo;, a d&eacute;clar&eacute; &agrave; la presse dimanche Bandiougou Dant&eacute;, pr&eacute;sident de l&rsquo;union des radios et t&eacute;l&eacute;visions libres du Mali (Urtel).<\/p>\n<p>Jeudi, la Haute autorit&eacute; de la Communication (HAC), charg&eacute;e de r&eacute;guler le secteur des m&eacute;dias au Mali, avait annonc&eacute; la fermeture prochaine de 47 radios priv&eacute;e pour &laquo;&nbsp;non respect de la loi&nbsp;&raquo;.<\/p>\n<p>&laquo;&nbsp;Des mises en demeure (&hellip;) ont &eacute;t&eacute; envoy&eacute;es &agrave; des radios qui ne respectent pas les r&egrave;gles&nbsp;&raquo;, avait d&eacute;clar&eacute; jeudi le pr&eacute;sident de la HAC Fodi&eacute; Tour&eacute;. Faute de s&rsquo;&ecirc;tre conform&eacute;es &agrave; la r&eacute;glementation, malgr&eacute; ces mises en demeure, &laquo;&nbsp;47 radios priv&eacute;es ont re&ccedil;u l&rsquo;ordre de fermer&nbsp;&raquo;, avait-il pr&eacute;cis&eacute; devant la presse.<\/p>\n<p>Selon le pr&eacute;sident de l&rsquo;Urtel, les radios vis&eacute;es par ces ordres de fermeture, n&rsquo;ont pas d&rsquo;autorisation d?&eacute;mettre ou ont une autorisation provisoire.<\/p>\n<p>&laquo;&nbsp;Le probl&egrave;me est que des radios &agrave; l&rsquo;int&eacute;rieur du pays (n&rsquo;)ont (qu&rsquo;)une autorisation provisoire et sont utiles aux populations locales&nbsp;&raquo;, a-t-il expliqu&eacute;, d&eacute;non&ccedil;ant le &laquo;&nbsp;piston&nbsp;&raquo; ayant permis &agrave; d&rsquo;autres d&rsquo;avoir des autorisations d&eacute;finitives.<\/p>\n<p>&laquo;&nbsp;Ca fait deux poids, deux mesures et ce n&rsquo;est pas normal&nbsp;&raquo;, s&rsquo;est insurg&eacute; M. Dant&eacute;.<\/p>\n<p>&laquo;&nbsp;Nous voulons aider &agrave; r&eacute;guler le secteur, &agrave; lutter contre les radios qui ne respectent pas la d&eacute;ontologie, mais de gr&acirc;ce, qu&rsquo;on aide les radios &agrave; +grandir+&nbsp;&raquo;, a ajout&eacute; le pr&eacute;sident de l&rsquo;Urtel, qui r&eacute;unit pr&egrave;s de 400 radios libres r&eacute;parties sur le territoire.<\/p>\n<p>JA<\/p>\n","protected":false},"excerpt":{"rendered":"<p>La principale association des m&eacute;dias audiovisuels priv&eacute;s au Mali s&#39;est insurg&eacute;e contre la fermeture annonc&eacute;e par les autorit&eacute;s de 47 radios priv&eacute;es, demandant un d&eacute;lai pour qu&#39;elle se conforme &agrave; la r&eacute;glementation. &laquo;&nbsp;Il faut donner le temps &agrave; ces radios de se conformer &agrave; la loi. On ne ferme pas une radio comme on ferme [&hellip;]<\/p>\n","protected":false},"author":12,"featured_media":0,"comment_status":"open","ping_status":"open","sticky":false,"template":"","format":"standard","meta":{"_exactmetrics_skip_tracking":false,"_exactmetrics_sitenote_active":false,"_exactmetrics_sitenote_note":"","_exactmetrics_sitenote_category":0,"tdm_status":"","tdm_grid_status":"","footnotes":""},"categories":[28],"tags":[],"class_list":{"0":"post-19388","1":"post","2":"type-post","3":"status-publish","4":"format-standard","6":"category-archives"},"yoast_head":"<!-- This site is optimized with the Yoast SEO plugin v24.2 - https:\/\/yoast.com\/wordpress\/plugins\/seo\/ -->\n<title>Mali : les radios priv\u00e9es contre la fermeture de 47 d\u2019entre elles | Guin\u00e9e Diversit\u00e9<\/title>\n<meta name=\"robots\" content=\"index, follow, max-snippet:-1, max-image-preview:large, max-video-preview:-1\" \/>\n<link rel=\"canonical\" href=\"https:\/\/guineediversite.com\/index.php\/2017\/04\/17\/mali-les-radios-privees-contre-la-fermeture-de-47-dentre-elles\/\" \/>\n<meta property=\"og:locale\" content=\"fr_FR\" \/>\n<meta property=\"og:type\" content=\"article\" \/>\n<meta property=\"og:title\" content=\"Mali : les radios priv\u00e9es contre la fermeture de 47 d\u2019entre elles | Guin\u00e9e Diversit\u00e9\" \/>\n<meta property=\"og:description\" content=\"La principale association des m&eacute;dias audiovisuels priv&eacute;s au Mali s&#039;est insurg&eacute;e contre la fermeture annonc&eacute;e par les autorit&eacute;s de 47 radios priv&eacute;es, demandant un d&eacute;lai pour qu&#039;elle se conforme &agrave; la r&eacute;glementation. &laquo;&nbsp;Il faut donner le temps &agrave; ces radios de se conformer &agrave; la loi. On ne ferme pas une radio comme on ferme [&hellip;]\" \/>\n<meta property=\"og:url\" content=\"https:\/\/guineediversite.com\/index.php\/2017\/04\/17\/mali-les-radios-privees-contre-la-fermeture-de-47-dentre-elles\/\" \/>\n<meta property=\"og:site_name\" content=\"Guin\u00e9e Diversit\u00e9\" \/>\n<meta property=\"article:publisher\" content=\"https:\/\/www.facebook.com\/guineediversite\/\" \/>\n<meta property=\"article:published_time\" content=\"2017-04-16T22:00:00+00:00\" \/>\n<meta name=\"author\" content=\"Guin\u00e9e Diversit\u00e9\" \/>\n<meta name=\"twitter:card\" content=\"summary_large_image\" \/>\n<meta name=\"twitter:creator\" content=\"@GuineeDiversite\" \/>\n<meta name=\"twitter:site\" content=\"@GuineeDiversite\" \/>\n<meta name=\"twitter:label1\" content=\"\u00c9crit par\" \/>\n\t<meta name=\"twitter:data1\" content=\"Guin\u00e9e Diversit\u00e9\" \/>\n\t<meta name=\"twitter:label2\" content=\"Dur\u00e9e de lecture estim\u00e9e\" \/>\n\t<meta name=\"twitter:data2\" content=\"2 minutes\" \/>\n<script type=\"application\/ld+json\" class=\"yoast-schema-graph\">{\"@context\":\"https:\/\/schema.org\",\"@graph\":[{\"@type\":\"Article\",\"@id\":\"https:\/\/guineediversite.com\/index.php\/2017\/04\/17\/mali-les-radios-privees-contre-la-fermeture-de-47-dentre-elles\/#article\",\"isPartOf\":{\"@id\":\"https:\/\/guineediversite.com\/index.php\/2017\/04\/17\/mali-les-radios-privees-contre-la-fermeture-de-47-dentre-elles\/\"},\"author\":{\"name\":\"Guin\u00e9e Diversit\u00e9\",\"@id\":\"https:\/\/guineediversite.com\/#\/schema\/person\/afa08fb34e7fc6e1feafc892612bc836\"},\"headline\":\"Mali : les radios priv\u00e9es contre la fermeture de 47 d\u2019entre elles\",\"datePublished\":\"2017-04-16T22:00:00+00:00\",\"dateModified\":\"2017-04-16T22:00:00+00:00\",\"mainEntityOfPage\":{\"@id\":\"https:\/\/guineediversite.com\/index.php\/2017\/04\/17\/mali-les-radios-privees-contre-la-fermeture-de-47-dentre-elles\/\"},\"wordCount\":453,\"commentCount\":0,\"publisher\":{\"@id\":\"https:\/\/guineediversite.com\/#organization\"},\"articleSection\":[\"Archives\"],\"inLanguage\":\"fr-FR\",\"potentialAction\":[{\"@type\":\"CommentAction\",\"name\":\"Comment\",\"target\":[\"https:\/\/guineediversite.com\/index.php\/2017\/04\/17\/mali-les-radios-privees-contre-la-fermeture-de-47-dentre-elles\/#respond\"]}]},{\"@type\":\"WebPage\",\"@id\":\"https:\/\/guineediversite.com\/index.php\/2017\/04\/17\/mali-les-radios-privees-contre-la-fermeture-de-47-dentre-elles\/\",\"url\":\"https:\/\/guineediversite.com\/index.php\/2017\/04\/17\/mali-les-radios-privees-contre-la-fermeture-de-47-dentre-elles\/\",\"name\":\"Mali : les radios priv\u00e9es contre la fermeture de 47 d\u2019entre elles | Guin\u00e9e Diversit\u00e9\",\"isPartOf\":{\"@id\":\"https:\/\/guineediversite.com\/#website\"},\"datePublished\":\"2017-04-16T22:00:00+00:00\",\"dateModified\":\"2017-04-16T22:00:00+00:00\",\"breadcrumb\":{\"@id\":\"https:\/\/guineediversite.com\/index.php\/2017\/04\/17\/mali-les-radios-privees-contre-la-fermeture-de-47-dentre-elles\/#breadcrumb\"},\"inLanguage\":\"fr-FR\",\"potentialAction\":[{\"@type\":\"ReadAction\",\"target\":[\"https:\/\/guineediversite.com\/index.php\/2017\/04\/17\/mali-les-radios-privees-contre-la-fermeture-de-47-dentre-elles\/\"]}]},{\"@type\":\"BreadcrumbList\",\"@id\":\"https:\/\/guineediversite.com\/index.php\/2017\/04\/17\/mali-les-radios-privees-contre-la-fermeture-de-47-dentre-elles\/#breadcrumb\",\"itemListElement\":[{\"@type\":\"ListItem\",\"position\":1,\"name\":\"Accueil\",\"item\":\"https:\/\/guineediversite.com\/\"},{\"@type\":\"ListItem\",\"position\":2,\"name\":\"Mali : les radios priv\u00e9es contre la fermeture de 47 d\u2019entre elles\"}]},{\"@type\":\"WebSite\",\"@id\":\"https:\/\/guineediversite.com\/#website\",\"url\":\"https:\/\/guineediversite.com\/\",\"name\":\"Guin\u00e9e Diversit\u00e9\",\"description\":\"L&#039;Info dans toute sa diversit\u00e9\",\"publisher\":{\"@id\":\"https:\/\/guineediversite.com\/#organization\"},\"potentialAction\":[{\"@type\":\"SearchAction\",\"target\":{\"@type\":\"EntryPoint\",\"urlTemplate\":\"https:\/\/guineediversite.com\/?s={search_term_string}\"},\"query-input\":{\"@type\":\"PropertyValueSpecification\",\"valueRequired\":true,\"valueName\":\"search_term_string\"}}],\"inLanguage\":\"fr-FR\"},{\"@type\":\"Organization\",\"@id\":\"https:\/\/guineediversite.com\/#organization\",\"name\":\"Guin\u00e9e Diversit\u00e9\",\"url\":\"https:\/\/guineediversite.com\/\",\"logo\":{\"@type\":\"ImageObject\",\"inLanguage\":\"fr-FR\",\"@id\":\"https:\/\/guineediversite.com\/#\/schema\/logo\/image\/\",\"url\":\"https:\/\/guineediversite.com\/wp-content\/uploads\/2017\/04\/cropped-1jojlxEOMkX9Wyqfhe43D6kjPOGqBBKmx3EwWJqZ0cMrFF54yM49.png\",\"contentUrl\":\"https:\/\/guineediversite.com\/wp-content\/uploads\/2017\/04\/cropped-1jojlxEOMkX9Wyqfhe43D6kjPOGqBBKmx3EwWJqZ0cMrFF54yM49.png\",\"width\":186,\"height\":112,\"caption\":\"Guin\u00e9e Diversit\u00e9\"},\"image\":{\"@id\":\"https:\/\/guineediversite.com\/#\/schema\/logo\/image\/\"},\"sameAs\":[\"https:\/\/www.facebook.com\/guineediversite\/\",\"https:\/\/x.com\/GuineeDiversite\",\"https:\/\/www.youtube.com\/channel\/UC8sUY16qelG5ge6_D5SB83g\"]},{\"@type\":\"Person\",\"@id\":\"https:\/\/guineediversite.com\/#\/schema\/person\/afa08fb34e7fc6e1feafc892612bc836\",\"name\":\"Guin\u00e9e Diversit\u00e9\",\"image\":{\"@type\":\"ImageObject\",\"inLanguage\":\"fr-FR\",\"@id\":\"https:\/\/guineediversite.com\/#\/schema\/person\/image\/\",\"url\":\"https:\/\/secure.gravatar.com\/avatar\/50d5eb5b390f8b65ac30ac6f898eb83a?s=96&d=mm&r=g\",\"contentUrl\":\"https:\/\/secure.gravatar.com\/avatar\/50d5eb5b390f8b65ac30ac6f898eb83a?s=96&d=mm&r=g\",\"caption\":\"Guin\u00e9e Diversit\u00e9\"},\"url\":\"https:\/\/guineediversite.com\/index.php\/author\/guineediversite\/\"}]}<\/script>\n<!-- \/ Yoast SEO plugin. -->","yoast_head_json":{"title":"Mali : les radios priv\u00e9es contre la fermeture de 47 d\u2019entre elles | Guin\u00e9e Diversit\u00e9","robots":{"index":"index","follow":"follow","max-snippet":"max-snippet:-1","max-image-preview":"max-image-preview:large","max-video-preview":"max-video-preview:-1"},"canonical":"https:\/\/guineediversite.com\/index.php\/2017\/04\/17\/mali-les-radios-privees-contre-la-fermeture-de-47-dentre-elles\/","og_locale":"fr_FR","og_type":"article","og_title":"Mali : les radios priv\u00e9es contre la fermeture de 47 d\u2019entre elles | Guin\u00e9e Diversit\u00e9","og_description":"La principale association des m&eacute;dias audiovisuels priv&eacute;s au Mali s&#39;est insurg&eacute;e contre la fermeture annonc&eacute;e par les autorit&eacute;s de 47 radios priv&eacute;es, demandant un d&eacute;lai pour qu&#39;elle se conforme &agrave; la r&eacute;glementation. &laquo;&nbsp;Il faut donner le temps &agrave; ces radios de se conformer &agrave; la loi. On ne ferme pas une radio comme on ferme [&hellip;]","og_url":"https:\/\/guineediversite.com\/index.php\/2017\/04\/17\/mali-les-radios-privees-contre-la-fermeture-de-47-dentre-elles\/","og_site_name":"Guin\u00e9e Diversit\u00e9","article_publisher":"https:\/\/www.facebook.com\/guineediversite\/","article_published_time":"2017-04-16T22:00:00+00:00","author":"Guin\u00e9e Diversit\u00e9","twitter_card":"summary_large_image","twitter_creator":"@GuineeDiversite","twitter_site":"@GuineeDiversite","twitter_misc":{"\u00c9crit par":"Guin\u00e9e Diversit\u00e9","Dur\u00e9e de lecture estim\u00e9e":"2 minutes"},"schema":{"@context":"https:\/\/schema.org","@graph":[{"@type":"Article","@id":"https:\/\/guineediversite.com\/index.php\/2017\/04\/17\/mali-les-radios-privees-contre-la-fermeture-de-47-dentre-elles\/#article","isPartOf":{"@id":"https:\/\/guineediversite.com\/index.php\/2017\/04\/17\/mali-les-radios-privees-contre-la-fermeture-de-47-dentre-elles\/"},"author":{"name":"Guin\u00e9e Diversit\u00e9","@id":"https:\/\/guineediversite.com\/#\/schema\/person\/afa08fb34e7fc6e1feafc892612bc836"},"headline":"Mali : les radios priv\u00e9es contre la fermeture de 47 d\u2019entre elles","datePublished":"2017-04-16T22:00:00+00:00","dateModified":"2017-04-16T22:00:00+00:00","mainEntityOfPage":{"@id":"https:\/\/guineediversite.com\/index.php\/2017\/04\/17\/mali-les-radios-privees-contre-la-fermeture-de-47-dentre-elles\/"},"wordCount":453,"commentCount":0,"publisher":{"@id":"https:\/\/guineediversite.com\/#organization"},"articleSection":["Archives"],"inLanguage":"fr-FR","potentialAction":[{"@type":"CommentAction","name":"Comment","target":["https:\/\/guineediversite.com\/index.php\/2017\/04\/17\/mali-les-radios-privees-contre-la-fermeture-de-47-dentre-elles\/#respond"]}]},{"@type":"WebPage","@id":"https:\/\/guineediversite.com\/index.php\/2017\/04\/17\/mali-les-radios-privees-contre-la-fermeture-de-47-dentre-elles\/","url":"https:\/\/guineediversite.com\/index.php\/2017\/04\/17\/mali-les-radios-privees-contre-la-fermeture-de-47-dentre-elles\/","name":"Mali : les radios priv\u00e9es contre la fermeture de 47 d\u2019entre elles | Guin\u00e9e Diversit\u00e9","isPartOf":{"@id":"https:\/\/guineediversite.com\/#website"},"datePublished":"2017-04-16T22:00:00+00:00","dateModified":"2017-04-16T22:00:00+00:00","breadcrumb":{"@id":"https:\/\/guineediversite.com\/index.php\/2017\/04\/17\/mali-les-radios-privees-contre-la-fermeture-de-47-dentre-elles\/#breadcrumb"},"inLanguage":"fr-FR","potentialAction":[{"@type":"ReadAction","target":["https:\/\/guineediversite.com\/index.php\/2017\/04\/17\/mali-les-radios-privees-contre-la-fermeture-de-47-dentre-elles\/"]}]},{"@type":"BreadcrumbList","@id":"https:\/\/guineediversite.com\/index.php\/2017\/04\/17\/mali-les-radios-privees-contre-la-fermeture-de-47-dentre-elles\/#breadcrumb","itemListElement":[{"@type":"ListItem","position":1,"name":"Accueil","item":"https:\/\/guineediversite.com\/"},{"@type":"ListItem","position":2,"name":"Mali : les radios priv\u00e9es contre la fermeture de 47 d\u2019entre elles"}]},{"@type":"WebSite","@id":"https:\/\/guineediversite.com\/#website","url":"https:\/\/guineediversite.com\/","name":"Guin\u00e9e Diversit\u00e9","description":"L&#039;Info dans toute sa diversit\u00e9","publisher":{"@id":"https:\/\/guineediversite.com\/#organization"},"potentialAction":[{"@type":"SearchAction","target":{"@type":"EntryPoint","urlTemplate":"https:\/\/guineediversite.com\/?s={search_term_string}"},"query-input":{"@type":"PropertyValueSpecification","valueRequired":true,"valueName":"search_term_string"}}],"inLanguage":"fr-FR"},{"@type":"Organization","@id":"https:\/\/guineediversite.com\/#organization","name":"Guin\u00e9e Diversit\u00e9","url":"https:\/\/guineediversite.com\/","logo":{"@type":"ImageObject","inLanguage":"fr-FR","@id":"https:\/\/guineediversite.com\/#\/schema\/logo\/image\/","url":"https:\/\/guineediversite.com\/wp-content\/uploads\/2017\/04\/cropped-1jojlxEOMkX9Wyqfhe43D6kjPOGqBBKmx3EwWJqZ0cMrFF54yM49.png","contentUrl":"https:\/\/guineediversite.com\/wp-content\/uploads\/2017\/04\/cropped-1jojlxEOMkX9Wyqfhe43D6kjPOGqBBKmx3EwWJqZ0cMrFF54yM49.png","width":186,"height":112,"caption":"Guin\u00e9e Diversit\u00e9"},"image":{"@id":"https:\/\/guineediversite.com\/#\/schema\/logo\/image\/"},"sameAs":["https:\/\/www.facebook.com\/guineediversite\/","https:\/\/x.com\/GuineeDiversite","https:\/\/www.youtube.com\/channel\/UC8sUY16qelG5ge6_D5SB83g"]},{"@type":"Person","@id":"https:\/\/guineediversite.com\/#\/schema\/person\/afa08fb34e7fc6e1feafc892612bc836","name":"Guin\u00e9e Diversit\u00e9","image":{"@type":"ImageObject","inLanguage":"fr-FR","@id":"https:\/\/guineediversite.com\/#\/schema\/person\/image\/","url":"https:\/\/secure.gravatar.com\/avatar\/50d5eb5b390f8b65ac30ac6f898eb83a?s=96&d=mm&r=g","contentUrl":"https:\/\/secure.gravatar.com\/avatar\/50d5eb5b390f8b65ac30ac6f898eb83a?s=96&d=mm&r=g","caption":"Guin\u00e9e Diversit\u00e9"},"url":"https:\/\/guineediversite.com\/index.php\/author\/guineediversite\/"}]}},"_links":{"self":[{"href":"https:\/\/guineediversite.com\/index.php\/wp-json\/wp\/v2\/posts\/19388"}],"collection":[{"href":"https:\/\/guineediversite.com\/index.php\/wp-json\/wp\/v2\/posts"}],"about":[{"href":"https:\/\/guineediversite.com\/index.php\/wp-json\/wp\/v2\/types\/post"}],"author":[{"embeddable":true,"href":"https:\/\/guineediversite.com\/index.php\/wp-json\/wp\/v2\/users\/12"}],"replies":[{"embeddable":true,"href":"https:\/\/guineediversite.com\/index.php\/wp-json\/wp\/v2\/comments?post=19388"}],"version-history":[{"count":0,"href":"https:\/\/guineediversite.com\/index.php\/wp-json\/wp\/v2\/posts\/19388\/revisions"}],"wp:attachment":[{"href":"https:\/\/guineediversite.com\/index.php\/wp-json\/wp\/v2\/media?parent=19388"}],"wp:term":[{"taxonomy":"category","embeddable":true,"href":"https:\/\/guineediversite.com\/index.php\/wp-json\/wp\/v2\/categories?post=19388"},{"taxonomy":"post_tag","embeddable":true,"href":"https:\/\/guineediversite.com\/index.php\/wp-json\/wp\/v2\/tags?post=19388"}],"curies":[{"name":"wp","href":"https:\/\/api.w.org\/{rel}","templated":true}]}}