{"id":19379,"date":"2017-04-11T00:00:00","date_gmt":"2017-04-10T22:00:00","guid":{"rendered":"https:\/\/www.guineediversite.com\/index.php\/2017\/04\/11\/france-le-president-guineen-alpha-conde-en-visite-officielle\/"},"modified":"2017-04-11T00:00:00","modified_gmt":"2017-04-10T22:00:00","slug":"france-le-president-guineen-alpha-conde-en-visite-officielle","status":"publish","type":"post","link":"https:\/\/guineediversite.com\/index.php\/2017\/04\/11\/france-le-president-guineen-alpha-conde-en-visite-officielle\/","title":{"rendered":"France: le pr\u00e9sident guin\u00e9en Alpha Cond\u00e9 en visite officielle"},"content":{"rendered":"<h2>Le drapeau vert, jaune, rouge flotte sur les Champs-Elys&eacute;es &agrave; Paris, ce mardi 11&nbsp;avril, pour la visite officielle d&#39;Alpha Cond&eacute; en France, la premi&egrave;re d&#39;un chef d&#39;Etat guin&eacute;en depuis 35 ans. Alpha Cond&eacute; est l&#39;invit&eacute; d&#39;honneur de Fran&ccedil;ois Hollande pendant 48h.<\/h2>\n<p>Le pr&eacute;sident fran&ccedil;ais, qui termine son mandat dans quelques semaines, a soulign&eacute; la port&eacute;e symbolique de cette rencontre. Car les relations entre Paris et Conakry, qui a proclam&eacute;&nbsp;<a href=\"http:\/\/www1.rfi.fr\/actufr\/articles\/108\/article_76439.asp\" target=\"_blank\"><strong>son ind&eacute;pendance d&egrave;s 1958<\/strong><\/a>, ont longtemps &eacute;t&eacute; &laquo;&nbsp;<em>tumultueuses&nbsp;<\/em>&raquo;, a-t-il rappel&eacute;.<\/p>\n<p>&laquo;&nbsp;<em>La France n&rsquo;intervient pas pour g&eacute;rer ses propres int&eacute;r&ecirc;ts,&nbsp;<\/em>assure Fran&ccedil;ois Hollande.<em>&nbsp;Elle a &agrave; faire valoir la qualit&eacute; de ses entreprises. La France n&rsquo;intervient pas pour faire infl&eacute;chir ou faire changer des r&egrave;gles politiques ou des r&eacute;gimes &eacute;lectoraux. La France, elle est en soutien de l&rsquo;Afrique parce qu&rsquo;elle pense que ce continent a un grand potentiel, mais aussi des difficult&eacute;s qu&rsquo;il faut r&eacute;gler et que ce qui se passe en Afrique a des cons&eacute;quences en Europe, ne serait-ce que l&rsquo;immigration, le terrorisme, l&rsquo;instabilit&eacute;. Donc notre int&eacute;r&ecirc;t commun &#8211; la France, l&rsquo;Europe, l&rsquo;Afrique &#8211; c&rsquo;est d&rsquo;agir pour le d&eacute;veloppement, pour la paix et pour la s&eacute;curit&eacute;. Et c&rsquo;est pourquoi il &eacute;tait si important que le pr&eacute;sident de l&rsquo;Union africaine vienne ici. C&rsquo;est la derni&egrave;re visite d&rsquo;Etat que j&rsquo;organise et j&rsquo;ai souhait&eacute; que ce soit &agrave; la fois pour Alpha Cond&eacute;, pour la Guin&eacute;e et pour l&rsquo;Union africaine.<\/em>&nbsp;&raquo;<\/p>\n<p><strong>&laquo;&nbsp;La Guin&eacute;e doit trouver sa propre voie&nbsp;&raquo;<\/strong><\/p>\n<p>De son c&ocirc;t&eacute;, Alpha Cond&eacute; a soulign&eacute; l&#39;&eacute;volution des relations entre les deux pays. &laquo;&nbsp;<em>La Guin&eacute;e comme l&#39;Union africaine, doit trouver sa propre voie<\/em>&nbsp;&raquo;, a d&eacute;clar&eacute; le pr&eacute;sident guin&eacute;en&nbsp;:<\/p>\n<p>&laquo;&nbsp;<em>L&rsquo;Union africaine ne s&rsquo;autofinan&ccedil;ait pas, c&rsquo;&eacute;tait souvent l&rsquo;Europe. Or, nous avons d&eacute;cid&eacute; &agrave; partir de Kigali de consacrer 0,2 % de nos importations au financement pour &ecirc;tre autonomes. Mais surtout que les probl&egrave;mes africains soient d&eacute;sormais r&eacute;solus par les Africains et je pense que c&rsquo;est le point de vue du pr&eacute;sident Hollande.&nbsp;J&rsquo;esp&egrave;re que &ccedil;a continuera &agrave; &ecirc;tre le point de vue des dirigeants fran&ccedil;ais, parce qu&rsquo;aujourd&rsquo;hui nous sommes d&eacute;termin&eacute;s. Nous voulons coop&eacute;rer avec les autres pays, mais en tant que pays majeur. C&rsquo;est-&agrave;-dire coop&eacute;ration d&rsquo;Etat &agrave; Etat et avec int&eacute;r&ecirc;ts r&eacute;ciproques, op&eacute;ration gagnant-gagnant. Pour cela donc, il faut qu&rsquo;on accepte que l&rsquo;Afrique d&eacute;finisse sa voie pour le d&eacute;veloppement et sa voie d&eacute;mocratique. Bien s&ucirc;r, il y a des principes universels de la d&eacute;mocratie, mais il faut qu&rsquo;on cesse de prendre l&rsquo;Afrique comme un seul Etat, il y a beaucoup d&rsquo;Etats avec des diff&eacute;rences, donc il y a moins de dogmatisme. Et qu&rsquo;on nous laisse d&eacute;finir nos voies parce que s&rsquo;il n&rsquo;y a pas de stabilit&eacute; de continuit&eacute; nous ne pourrons pas nous d&eacute;velopper.<\/em>&nbsp;&raquo;<\/p>\n<p>Alpha Cond&eacute; sera de retour &agrave; l&#39;Elys&eacute;e ce mardi soir pour un d&icirc;ner d&#39;Etat.<\/p>\n<p>RFI<\/p>\n","protected":false},"excerpt":{"rendered":"<p>Le drapeau vert, jaune, rouge flotte sur les Champs-Elys&eacute;es &agrave; Paris, ce mardi 11&nbsp;avril, pour la visite officielle d&#39;Alpha Cond&eacute; en France, la premi&egrave;re d&#39;un chef d&#39;Etat guin&eacute;en depuis 35 ans. Alpha Cond&eacute; est l&#39;invit&eacute; d&#39;honneur de Fran&ccedil;ois Hollande pendant 48h. Le pr&eacute;sident fran&ccedil;ais, qui termine son mandat dans quelques semaines, a soulign&eacute; la port&eacute;e [&hellip;]<\/p>\n","protected":false},"author":12,"featured_media":0,"comment_status":"open","ping_status":"open","sticky":false,"template":"","format":"standard","meta":{"_exactmetrics_skip_tracking":false,"_exactmetrics_sitenote_active":false,"_exactmetrics_sitenote_note":"","_exactmetrics_sitenote_category":0,"tdm_status":"","tdm_grid_status":"","footnotes":""},"categories":[28],"tags":[],"class_list":{"0":"post-19379","1":"post","2":"type-post","3":"status-publish","4":"format-standard","6":"category-archives"},"yoast_head":"<!-- This site is optimized with the Yoast SEO plugin v24.2 - https:\/\/yoast.com\/wordpress\/plugins\/seo\/ -->\n<title>France: le pr\u00e9sident guin\u00e9en Alpha Cond\u00e9 en visite officielle | Guin\u00e9e Diversit\u00e9<\/title>\n<meta name=\"robots\" content=\"index, follow, max-snippet:-1, max-image-preview:large, max-video-preview:-1\" \/>\n<link rel=\"canonical\" href=\"https:\/\/guineediversite.com\/index.php\/2017\/04\/11\/france-le-president-guineen-alpha-conde-en-visite-officielle\/\" \/>\n<meta property=\"og:locale\" content=\"fr_FR\" \/>\n<meta property=\"og:type\" content=\"article\" \/>\n<meta property=\"og:title\" content=\"France: le pr\u00e9sident guin\u00e9en Alpha Cond\u00e9 en visite officielle | Guin\u00e9e Diversit\u00e9\" \/>\n<meta property=\"og:description\" content=\"Le drapeau vert, jaune, rouge flotte sur les Champs-Elys&eacute;es &agrave; Paris, ce mardi 11&nbsp;avril, pour la visite officielle d&#039;Alpha Cond&eacute; en France, la premi&egrave;re d&#039;un chef d&#039;Etat guin&eacute;en depuis 35 ans. Alpha Cond&eacute; est l&#039;invit&eacute; d&#039;honneur de Fran&ccedil;ois Hollande pendant 48h. Le pr&eacute;sident fran&ccedil;ais, qui termine son mandat dans quelques semaines, a soulign&eacute; la port&eacute;e [&hellip;]\" \/>\n<meta property=\"og:url\" content=\"https:\/\/guineediversite.com\/index.php\/2017\/04\/11\/france-le-president-guineen-alpha-conde-en-visite-officielle\/\" \/>\n<meta property=\"og:site_name\" content=\"Guin\u00e9e Diversit\u00e9\" \/>\n<meta property=\"article:publisher\" content=\"https:\/\/www.facebook.com\/guineediversite\/\" \/>\n<meta property=\"article:published_time\" content=\"2017-04-10T22:00:00+00:00\" \/>\n<meta name=\"author\" content=\"Guin\u00e9e Diversit\u00e9\" \/>\n<meta name=\"twitter:card\" content=\"summary_large_image\" \/>\n<meta name=\"twitter:creator\" content=\"@GuineeDiversite\" \/>\n<meta name=\"twitter:site\" content=\"@GuineeDiversite\" \/>\n<meta name=\"twitter:label1\" content=\"\u00c9crit par\" \/>\n\t<meta name=\"twitter:data1\" content=\"Guin\u00e9e Diversit\u00e9\" \/>\n\t<meta name=\"twitter:label2\" content=\"Dur\u00e9e de lecture estim\u00e9e\" \/>\n\t<meta name=\"twitter:data2\" content=\"4 minutes\" \/>\n<script type=\"application\/ld+json\" class=\"yoast-schema-graph\">{\"@context\":\"https:\/\/schema.org\",\"@graph\":[{\"@type\":\"Article\",\"@id\":\"https:\/\/guineediversite.com\/index.php\/2017\/04\/11\/france-le-president-guineen-alpha-conde-en-visite-officielle\/#article\",\"isPartOf\":{\"@id\":\"https:\/\/guineediversite.com\/index.php\/2017\/04\/11\/france-le-president-guineen-alpha-conde-en-visite-officielle\/\"},\"author\":{\"name\":\"Guin\u00e9e Diversit\u00e9\",\"@id\":\"https:\/\/guineediversite.com\/#\/schema\/person\/afa08fb34e7fc6e1feafc892612bc836\"},\"headline\":\"France: le pr\u00e9sident guin\u00e9en Alpha Cond\u00e9 en visite officielle\",\"datePublished\":\"2017-04-10T22:00:00+00:00\",\"dateModified\":\"2017-04-10T22:00:00+00:00\",\"mainEntityOfPage\":{\"@id\":\"https:\/\/guineediversite.com\/index.php\/2017\/04\/11\/france-le-president-guineen-alpha-conde-en-visite-officielle\/\"},\"wordCount\":711,\"commentCount\":0,\"publisher\":{\"@id\":\"https:\/\/guineediversite.com\/#organization\"},\"articleSection\":[\"Archives\"],\"inLanguage\":\"fr-FR\",\"potentialAction\":[{\"@type\":\"CommentAction\",\"name\":\"Comment\",\"target\":[\"https:\/\/guineediversite.com\/index.php\/2017\/04\/11\/france-le-president-guineen-alpha-conde-en-visite-officielle\/#respond\"]}]},{\"@type\":\"WebPage\",\"@id\":\"https:\/\/guineediversite.com\/index.php\/2017\/04\/11\/france-le-president-guineen-alpha-conde-en-visite-officielle\/\",\"url\":\"https:\/\/guineediversite.com\/index.php\/2017\/04\/11\/france-le-president-guineen-alpha-conde-en-visite-officielle\/\",\"name\":\"France: le pr\u00e9sident guin\u00e9en Alpha Cond\u00e9 en visite officielle | Guin\u00e9e Diversit\u00e9\",\"isPartOf\":{\"@id\":\"https:\/\/guineediversite.com\/#website\"},\"datePublished\":\"2017-04-10T22:00:00+00:00\",\"dateModified\":\"2017-04-10T22:00:00+00:00\",\"breadcrumb\":{\"@id\":\"https:\/\/guineediversite.com\/index.php\/2017\/04\/11\/france-le-president-guineen-alpha-conde-en-visite-officielle\/#breadcrumb\"},\"inLanguage\":\"fr-FR\",\"potentialAction\":[{\"@type\":\"ReadAction\",\"target\":[\"https:\/\/guineediversite.com\/index.php\/2017\/04\/11\/france-le-president-guineen-alpha-conde-en-visite-officielle\/\"]}]},{\"@type\":\"BreadcrumbList\",\"@id\":\"https:\/\/guineediversite.com\/index.php\/2017\/04\/11\/france-le-president-guineen-alpha-conde-en-visite-officielle\/#breadcrumb\",\"itemListElement\":[{\"@type\":\"ListItem\",\"position\":1,\"name\":\"Accueil\",\"item\":\"https:\/\/guineediversite.com\/\"},{\"@type\":\"ListItem\",\"position\":2,\"name\":\"France: le pr\u00e9sident guin\u00e9en Alpha Cond\u00e9 en visite officielle\"}]},{\"@type\":\"WebSite\",\"@id\":\"https:\/\/guineediversite.com\/#website\",\"url\":\"https:\/\/guineediversite.com\/\",\"name\":\"Guin\u00e9e Diversit\u00e9\",\"description\":\"L&#039;Info dans toute sa diversit\u00e9\",\"publisher\":{\"@id\":\"https:\/\/guineediversite.com\/#organization\"},\"potentialAction\":[{\"@type\":\"SearchAction\",\"target\":{\"@type\":\"EntryPoint\",\"urlTemplate\":\"https:\/\/guineediversite.com\/?s={search_term_string}\"},\"query-input\":{\"@type\":\"PropertyValueSpecification\",\"valueRequired\":true,\"valueName\":\"search_term_string\"}}],\"inLanguage\":\"fr-FR\"},{\"@type\":\"Organization\",\"@id\":\"https:\/\/guineediversite.com\/#organization\",\"name\":\"Guin\u00e9e Diversit\u00e9\",\"url\":\"https:\/\/guineediversite.com\/\",\"logo\":{\"@type\":\"ImageObject\",\"inLanguage\":\"fr-FR\",\"@id\":\"https:\/\/guineediversite.com\/#\/schema\/logo\/image\/\",\"url\":\"https:\/\/guineediversite.com\/wp-content\/uploads\/2017\/04\/cropped-1jojlxEOMkX9Wyqfhe43D6kjPOGqBBKmx3EwWJqZ0cMrFF54yM49.png\",\"contentUrl\":\"https:\/\/guineediversite.com\/wp-content\/uploads\/2017\/04\/cropped-1jojlxEOMkX9Wyqfhe43D6kjPOGqBBKmx3EwWJqZ0cMrFF54yM49.png\",\"width\":186,\"height\":112,\"caption\":\"Guin\u00e9e Diversit\u00e9\"},\"image\":{\"@id\":\"https:\/\/guineediversite.com\/#\/schema\/logo\/image\/\"},\"sameAs\":[\"https:\/\/www.facebook.com\/guineediversite\/\",\"https:\/\/x.com\/GuineeDiversite\",\"https:\/\/www.youtube.com\/channel\/UC8sUY16qelG5ge6_D5SB83g\"]},{\"@type\":\"Person\",\"@id\":\"https:\/\/guineediversite.com\/#\/schema\/person\/afa08fb34e7fc6e1feafc892612bc836\",\"name\":\"Guin\u00e9e Diversit\u00e9\",\"image\":{\"@type\":\"ImageObject\",\"inLanguage\":\"fr-FR\",\"@id\":\"https:\/\/guineediversite.com\/#\/schema\/person\/image\/\",\"url\":\"https:\/\/secure.gravatar.com\/avatar\/50d5eb5b390f8b65ac30ac6f898eb83a?s=96&d=mm&r=g\",\"contentUrl\":\"https:\/\/secure.gravatar.com\/avatar\/50d5eb5b390f8b65ac30ac6f898eb83a?s=96&d=mm&r=g\",\"caption\":\"Guin\u00e9e Diversit\u00e9\"},\"url\":\"https:\/\/guineediversite.com\/index.php\/author\/guineediversite\/\"}]}<\/script>\n<!-- \/ Yoast SEO plugin. -->","yoast_head_json":{"title":"France: le pr\u00e9sident guin\u00e9en Alpha Cond\u00e9 en visite officielle | Guin\u00e9e Diversit\u00e9","robots":{"index":"index","follow":"follow","max-snippet":"max-snippet:-1","max-image-preview":"max-image-preview:large","max-video-preview":"max-video-preview:-1"},"canonical":"https:\/\/guineediversite.com\/index.php\/2017\/04\/11\/france-le-president-guineen-alpha-conde-en-visite-officielle\/","og_locale":"fr_FR","og_type":"article","og_title":"France: le pr\u00e9sident guin\u00e9en Alpha Cond\u00e9 en visite officielle | Guin\u00e9e Diversit\u00e9","og_description":"Le drapeau vert, jaune, rouge flotte sur les Champs-Elys&eacute;es &agrave; Paris, ce mardi 11&nbsp;avril, pour la visite officielle d&#39;Alpha Cond&eacute; en France, la premi&egrave;re d&#39;un chef d&#39;Etat guin&eacute;en depuis 35 ans. Alpha Cond&eacute; est l&#39;invit&eacute; d&#39;honneur de Fran&ccedil;ois Hollande pendant 48h. Le pr&eacute;sident fran&ccedil;ais, qui termine son mandat dans quelques semaines, a soulign&eacute; la port&eacute;e [&hellip;]","og_url":"https:\/\/guineediversite.com\/index.php\/2017\/04\/11\/france-le-president-guineen-alpha-conde-en-visite-officielle\/","og_site_name":"Guin\u00e9e Diversit\u00e9","article_publisher":"https:\/\/www.facebook.com\/guineediversite\/","article_published_time":"2017-04-10T22:00:00+00:00","author":"Guin\u00e9e Diversit\u00e9","twitter_card":"summary_large_image","twitter_creator":"@GuineeDiversite","twitter_site":"@GuineeDiversite","twitter_misc":{"\u00c9crit par":"Guin\u00e9e Diversit\u00e9","Dur\u00e9e de lecture estim\u00e9e":"4 minutes"},"schema":{"@context":"https:\/\/schema.org","@graph":[{"@type":"Article","@id":"https:\/\/guineediversite.com\/index.php\/2017\/04\/11\/france-le-president-guineen-alpha-conde-en-visite-officielle\/#article","isPartOf":{"@id":"https:\/\/guineediversite.com\/index.php\/2017\/04\/11\/france-le-president-guineen-alpha-conde-en-visite-officielle\/"},"author":{"name":"Guin\u00e9e Diversit\u00e9","@id":"https:\/\/guineediversite.com\/#\/schema\/person\/afa08fb34e7fc6e1feafc892612bc836"},"headline":"France: le pr\u00e9sident guin\u00e9en Alpha Cond\u00e9 en visite officielle","datePublished":"2017-04-10T22:00:00+00:00","dateModified":"2017-04-10T22:00:00+00:00","mainEntityOfPage":{"@id":"https:\/\/guineediversite.com\/index.php\/2017\/04\/11\/france-le-president-guineen-alpha-conde-en-visite-officielle\/"},"wordCount":711,"commentCount":0,"publisher":{"@id":"https:\/\/guineediversite.com\/#organization"},"articleSection":["Archives"],"inLanguage":"fr-FR","potentialAction":[{"@type":"CommentAction","name":"Comment","target":["https:\/\/guineediversite.com\/index.php\/2017\/04\/11\/france-le-president-guineen-alpha-conde-en-visite-officielle\/#respond"]}]},{"@type":"WebPage","@id":"https:\/\/guineediversite.com\/index.php\/2017\/04\/11\/france-le-president-guineen-alpha-conde-en-visite-officielle\/","url":"https:\/\/guineediversite.com\/index.php\/2017\/04\/11\/france-le-president-guineen-alpha-conde-en-visite-officielle\/","name":"France: le pr\u00e9sident guin\u00e9en Alpha Cond\u00e9 en visite officielle | Guin\u00e9e Diversit\u00e9","isPartOf":{"@id":"https:\/\/guineediversite.com\/#website"},"datePublished":"2017-04-10T22:00:00+00:00","dateModified":"2017-04-10T22:00:00+00:00","breadcrumb":{"@id":"https:\/\/guineediversite.com\/index.php\/2017\/04\/11\/france-le-president-guineen-alpha-conde-en-visite-officielle\/#breadcrumb"},"inLanguage":"fr-FR","potentialAction":[{"@type":"ReadAction","target":["https:\/\/guineediversite.com\/index.php\/2017\/04\/11\/france-le-president-guineen-alpha-conde-en-visite-officielle\/"]}]},{"@type":"BreadcrumbList","@id":"https:\/\/guineediversite.com\/index.php\/2017\/04\/11\/france-le-president-guineen-alpha-conde-en-visite-officielle\/#breadcrumb","itemListElement":[{"@type":"ListItem","position":1,"name":"Accueil","item":"https:\/\/guineediversite.com\/"},{"@type":"ListItem","position":2,"name":"France: le pr\u00e9sident guin\u00e9en Alpha Cond\u00e9 en visite officielle"}]},{"@type":"WebSite","@id":"https:\/\/guineediversite.com\/#website","url":"https:\/\/guineediversite.com\/","name":"Guin\u00e9e Diversit\u00e9","description":"L&#039;Info dans toute sa diversit\u00e9","publisher":{"@id":"https:\/\/guineediversite.com\/#organization"},"potentialAction":[{"@type":"SearchAction","target":{"@type":"EntryPoint","urlTemplate":"https:\/\/guineediversite.com\/?s={search_term_string}"},"query-input":{"@type":"PropertyValueSpecification","valueRequired":true,"valueName":"search_term_string"}}],"inLanguage":"fr-FR"},{"@type":"Organization","@id":"https:\/\/guineediversite.com\/#organization","name":"Guin\u00e9e Diversit\u00e9","url":"https:\/\/guineediversite.com\/","logo":{"@type":"ImageObject","inLanguage":"fr-FR","@id":"https:\/\/guineediversite.com\/#\/schema\/logo\/image\/","url":"https:\/\/guineediversite.com\/wp-content\/uploads\/2017\/04\/cropped-1jojlxEOMkX9Wyqfhe43D6kjPOGqBBKmx3EwWJqZ0cMrFF54yM49.png","contentUrl":"https:\/\/guineediversite.com\/wp-content\/uploads\/2017\/04\/cropped-1jojlxEOMkX9Wyqfhe43D6kjPOGqBBKmx3EwWJqZ0cMrFF54yM49.png","width":186,"height":112,"caption":"Guin\u00e9e Diversit\u00e9"},"image":{"@id":"https:\/\/guineediversite.com\/#\/schema\/logo\/image\/"},"sameAs":["https:\/\/www.facebook.com\/guineediversite\/","https:\/\/x.com\/GuineeDiversite","https:\/\/www.youtube.com\/channel\/UC8sUY16qelG5ge6_D5SB83g"]},{"@type":"Person","@id":"https:\/\/guineediversite.com\/#\/schema\/person\/afa08fb34e7fc6e1feafc892612bc836","name":"Guin\u00e9e Diversit\u00e9","image":{"@type":"ImageObject","inLanguage":"fr-FR","@id":"https:\/\/guineediversite.com\/#\/schema\/person\/image\/","url":"https:\/\/secure.gravatar.com\/avatar\/50d5eb5b390f8b65ac30ac6f898eb83a?s=96&d=mm&r=g","contentUrl":"https:\/\/secure.gravatar.com\/avatar\/50d5eb5b390f8b65ac30ac6f898eb83a?s=96&d=mm&r=g","caption":"Guin\u00e9e Diversit\u00e9"},"url":"https:\/\/guineediversite.com\/index.php\/author\/guineediversite\/"}]}},"_links":{"self":[{"href":"https:\/\/guineediversite.com\/index.php\/wp-json\/wp\/v2\/posts\/19379"}],"collection":[{"href":"https:\/\/guineediversite.com\/index.php\/wp-json\/wp\/v2\/posts"}],"about":[{"href":"https:\/\/guineediversite.com\/index.php\/wp-json\/wp\/v2\/types\/post"}],"author":[{"embeddable":true,"href":"https:\/\/guineediversite.com\/index.php\/wp-json\/wp\/v2\/users\/12"}],"replies":[{"embeddable":true,"href":"https:\/\/guineediversite.com\/index.php\/wp-json\/wp\/v2\/comments?post=19379"}],"version-history":[{"count":0,"href":"https:\/\/guineediversite.com\/index.php\/wp-json\/wp\/v2\/posts\/19379\/revisions"}],"wp:attachment":[{"href":"https:\/\/guineediversite.com\/index.php\/wp-json\/wp\/v2\/media?parent=19379"}],"wp:term":[{"taxonomy":"category","embeddable":true,"href":"https:\/\/guineediversite.com\/index.php\/wp-json\/wp\/v2\/categories?post=19379"},{"taxonomy":"post_tag","embeddable":true,"href":"https:\/\/guineediversite.com\/index.php\/wp-json\/wp\/v2\/tags?post=19379"}],"curies":[{"name":"wp","href":"https:\/\/api.w.org\/{rel}","templated":true}]}}