{"id":19373,"date":"2017-04-10T00:00:00","date_gmt":"2017-04-09T22:00:00","guid":{"rendered":"https:\/\/www.guineediversite.com\/index.php\/2017\/04\/10\/lancement-de-la-feuille-de-route-de-lunion-africaine-17-a-conakry\/"},"modified":"2017-04-10T00:00:00","modified_gmt":"2017-04-09T22:00:00","slug":"lancement-de-la-feuille-de-route-de-lunion-africaine-17-a-conakry","status":"publish","type":"post","link":"https:\/\/guineediversite.com\/index.php\/2017\/04\/10\/lancement-de-la-feuille-de-route-de-lunion-africaine-17-a-conakry\/","title":{"rendered":"Lancement de la feuille de route  de l\u2019union africaine 17 \u00e0 Conakry"},"content":{"rendered":"<p>La Guin&eacute;e &agrave; proc&eacute;der ce samedi au lancement de la feuille de route de l&rsquo;Union Africaine 2017 a Conakry. Une feuille de route sous le th&egrave;me&nbsp;: Tirer pleinement profit du dividende d&eacute;mographique en investissant dans les jeunesses.<\/p>\n<p>C&rsquo;est dans une salle pleine des jeunes venus des divers pays, notamment la cote d&rsquo;ivoire, le mali et le Burkina Faso, que la c&eacute;r&eacute;monie s&rsquo;est d&eacute;roul&eacute; investir.<\/p>\n<p>Makal&eacute; Camara ministre des affaires &eacute;trang&egrave;res et des guin&eacute;ens de l&rsquo;&eacute;tranger indique&nbsp;: &laquo;&nbsp;la feuille de route de l&rsquo;union africaine constitue l&rsquo;une des priorit&eacute;s de nos dirigeants au plus haut niveau, enqu&ecirc;te de l&rsquo;autonomisation de la jeunesse, de promotion de la femme et pour un d&eacute;veloppement durable pour l&rsquo;Afrique dans le cadre de sa mise en &oelig;uvre effective. Le gouvernement guin&eacute;en s&rsquo;est engag&eacute; dans un processus vivant &agrave; identifier les actions prioritaires.&nbsp;&raquo;<\/p>\n<p>Mohamed Traor&eacute;, repr&eacute;sentant de la jeunesse de Guin&eacute;e, se dit optimiste &agrave; propos de cette feuille de route de l&rsquo;union africaine tout en soulignant ceci&nbsp;&laquo;&nbsp;nous sommes rassurer Mr le pr&eacute;sident que la th&eacute;matique de la feuille de route de l&rsquo; union africaine &agrave; savoir tirer pleinement profit du dividende d&eacute;mographique en investissant dans les jeunesse, doit &ecirc;tre conduite par les actions concr&egrave;tes pour et par les jeunes de Guin&eacute;e et d&rsquo;Afrique. La mise en &oelig;uvre des principales activit&eacute;s de l&rsquo;union africaine interpelle les jeunes entant que b&eacute;n&eacute;ficiaires mais d&rsquo;abord acteur des r&eacute;sultats escompt&eacute;s.&nbsp;&raquo;<\/p>\n<p>Alpha Cond&eacute; pr&eacute;sident en exercice de l&rsquo;union africaine, a interpel&eacute; ses paires &agrave; favoriser l&rsquo;investissement dans la jeunesse, il affirme&nbsp;: &laquo;&nbsp;aujourd&rsquo;hui tous nos dirigeants africain sont interpel&eacute;, nous voyons nos jeunes mourir dans le d&eacute;sert de la Lybie ou dans les eaux de la m&eacute;diterran&eacute;es, c&rsquo;est pourquoi l&rsquo;union africaine conscient de l&rsquo;importance de la jeunesse, car la jeunesse 70% de la jeunesse en Afrique &agrave; moins de 30 ans, cela est une grande chance &agrave; condition que nous puisions investir dans cette jeunesse au niveau de l&rsquo;&eacute;ducation, la sant&eacute;, l&rsquo;&eacute;nergie et l&rsquo;agro-industrie.&nbsp;&raquo;<\/p>\n<p>Il &agrave; &eacute;galement &eacute;clairci la lanterne de la population sur le discours qu&rsquo;il avait tenu en cote d&rsquo;ivoire, lors du sommet de l&rsquo;union africaine, il indique &laquo;&nbsp;quand je dis au pays francophone de couper le cordon ombilicale, &ccedil;a veut dire quoi&nbsp;? Lorsque vous avez le cordon ombilical vous &ecirc;tes encore b&eacute;b&eacute; et d&egrave;s qu&rsquo;on le coupe tu deviens majeur, vous devez comprendre que nous devrons agir en tant que pays souverain face &agrave; nos amis sur la base de nos&nbsp; int&eacute;r&ecirc;ts r&eacute;ciproque, donc il faut que nous d&eacute;fendons nos int&eacute;r&ecirc;ts et que nous d&eacute;veloppons nos pays.&nbsp;&raquo;<\/p>\n<p>Au cours de cette c&eacute;r&eacute;monie, Alpha cond&eacute;, pr&eacute;sident en exercice de l&rsquo;union africaine, a abord&eacute; la question du terrorisme, avant de donner quelque pistes de solution &laquo;&nbsp; je m&rsquo;adresse aux jeunes du Burkina Faso, du Mali, et du Niger, vos gouvernement sont oblig&eacute;s de distraire une partie du budget pour faire face au terrorisme au lieu que le budget soit consacr&eacute; au d&eacute;veloppement du pays, ils sont obliger d&rsquo;achet&eacute; des armes , ce qui affaiblit leurs capacit&eacute;s d&rsquo;investissement. Donc il faut qu&rsquo;on soit solidaire envers vous pour vaincre le terrorisme, mais on ne peut pas vaincre le terrorisme par les armes, par ce que le terrorisme &eacute;volue sur la pauvret&eacute; et l&rsquo;injustice c&rsquo;est pourquoi donc la premi&egrave;re n&eacute;cessit&eacute; pour vaincre le terrorisme c&rsquo;est de lutter contre la pauvret&eacute; et l&rsquo;injustice&nbsp;&raquo;.<\/p>\n<p>Et selon lui, les ressources du pays doivent &ecirc;tre &eacute;quitablement repartis, afin d&rsquo;&eacute;viter le terrorisme a &ndash; t &ndash; il martel&eacute;.<\/p>\n<p><strong>Morcir&eacute; Camara<\/strong><\/p>\n<p>&nbsp;<\/p>\n","protected":false},"excerpt":{"rendered":"<p>La Guin&eacute;e &agrave; proc&eacute;der ce samedi au lancement de la feuille de route de l&rsquo;Union Africaine 2017 a Conakry. Une feuille de route sous le th&egrave;me&nbsp;: Tirer pleinement profit du dividende d&eacute;mographique en investissant dans les jeunesses. C&rsquo;est dans une salle pleine des jeunes venus des divers pays, notamment la cote d&rsquo;ivoire, le mali et [&hellip;]<\/p>\n","protected":false},"author":12,"featured_media":0,"comment_status":"open","ping_status":"open","sticky":false,"template":"","format":"standard","meta":{"_exactmetrics_skip_tracking":false,"_exactmetrics_sitenote_active":false,"_exactmetrics_sitenote_note":"","_exactmetrics_sitenote_category":0,"tdm_status":"","tdm_grid_status":"","footnotes":""},"categories":[28],"tags":[],"class_list":{"0":"post-19373","1":"post","2":"type-post","3":"status-publish","4":"format-standard","6":"category-archives"},"yoast_head":"<!-- This site is optimized with the Yoast SEO plugin v24.2 - https:\/\/yoast.com\/wordpress\/plugins\/seo\/ -->\n<title>Lancement de la feuille de route de l\u2019union africaine 17 \u00e0 Conakry | Guin\u00e9e Diversit\u00e9<\/title>\n<meta name=\"robots\" content=\"index, follow, max-snippet:-1, max-image-preview:large, max-video-preview:-1\" \/>\n<link rel=\"canonical\" href=\"https:\/\/guineediversite.com\/index.php\/2017\/04\/10\/lancement-de-la-feuille-de-route-de-lunion-africaine-17-a-conakry\/\" \/>\n<meta property=\"og:locale\" content=\"fr_FR\" \/>\n<meta property=\"og:type\" content=\"article\" \/>\n<meta property=\"og:title\" content=\"Lancement de la feuille de route de l\u2019union africaine 17 \u00e0 Conakry | Guin\u00e9e Diversit\u00e9\" \/>\n<meta property=\"og:description\" content=\"La Guin&eacute;e &agrave; proc&eacute;der ce samedi au lancement de la feuille de route de l&rsquo;Union Africaine 2017 a Conakry. Une feuille de route sous le th&egrave;me&nbsp;: Tirer pleinement profit du dividende d&eacute;mographique en investissant dans les jeunesses. C&rsquo;est dans une salle pleine des jeunes venus des divers pays, notamment la cote d&rsquo;ivoire, le mali et [&hellip;]\" \/>\n<meta property=\"og:url\" content=\"https:\/\/guineediversite.com\/index.php\/2017\/04\/10\/lancement-de-la-feuille-de-route-de-lunion-africaine-17-a-conakry\/\" \/>\n<meta property=\"og:site_name\" content=\"Guin\u00e9e Diversit\u00e9\" \/>\n<meta property=\"article:publisher\" content=\"https:\/\/www.facebook.com\/guineediversite\/\" \/>\n<meta property=\"article:published_time\" content=\"2017-04-09T22:00:00+00:00\" \/>\n<meta name=\"author\" content=\"Guin\u00e9e Diversit\u00e9\" \/>\n<meta name=\"twitter:card\" content=\"summary_large_image\" \/>\n<meta name=\"twitter:creator\" content=\"@GuineeDiversite\" \/>\n<meta name=\"twitter:site\" content=\"@GuineeDiversite\" \/>\n<meta name=\"twitter:label1\" content=\"\u00c9crit par\" \/>\n\t<meta name=\"twitter:data1\" content=\"Guin\u00e9e Diversit\u00e9\" \/>\n\t<meta name=\"twitter:label2\" content=\"Dur\u00e9e de lecture estim\u00e9e\" \/>\n\t<meta name=\"twitter:data2\" content=\"4 minutes\" \/>\n<script type=\"application\/ld+json\" class=\"yoast-schema-graph\">{\"@context\":\"https:\/\/schema.org\",\"@graph\":[{\"@type\":\"Article\",\"@id\":\"https:\/\/guineediversite.com\/index.php\/2017\/04\/10\/lancement-de-la-feuille-de-route-de-lunion-africaine-17-a-conakry\/#article\",\"isPartOf\":{\"@id\":\"https:\/\/guineediversite.com\/index.php\/2017\/04\/10\/lancement-de-la-feuille-de-route-de-lunion-africaine-17-a-conakry\/\"},\"author\":{\"name\":\"Guin\u00e9e Diversit\u00e9\",\"@id\":\"https:\/\/guineediversite.com\/#\/schema\/person\/afa08fb34e7fc6e1feafc892612bc836\"},\"headline\":\"Lancement de la feuille de route de l\u2019union africaine 17 \u00e0 Conakry\",\"datePublished\":\"2017-04-09T22:00:00+00:00\",\"dateModified\":\"2017-04-09T22:00:00+00:00\",\"mainEntityOfPage\":{\"@id\":\"https:\/\/guineediversite.com\/index.php\/2017\/04\/10\/lancement-de-la-feuille-de-route-de-lunion-africaine-17-a-conakry\/\"},\"wordCount\":803,\"commentCount\":0,\"publisher\":{\"@id\":\"https:\/\/guineediversite.com\/#organization\"},\"articleSection\":[\"Archives\"],\"inLanguage\":\"fr-FR\",\"potentialAction\":[{\"@type\":\"CommentAction\",\"name\":\"Comment\",\"target\":[\"https:\/\/guineediversite.com\/index.php\/2017\/04\/10\/lancement-de-la-feuille-de-route-de-lunion-africaine-17-a-conakry\/#respond\"]}]},{\"@type\":\"WebPage\",\"@id\":\"https:\/\/guineediversite.com\/index.php\/2017\/04\/10\/lancement-de-la-feuille-de-route-de-lunion-africaine-17-a-conakry\/\",\"url\":\"https:\/\/guineediversite.com\/index.php\/2017\/04\/10\/lancement-de-la-feuille-de-route-de-lunion-africaine-17-a-conakry\/\",\"name\":\"Lancement de la feuille de route de l\u2019union africaine 17 \u00e0 Conakry | Guin\u00e9e Diversit\u00e9\",\"isPartOf\":{\"@id\":\"https:\/\/guineediversite.com\/#website\"},\"datePublished\":\"2017-04-09T22:00:00+00:00\",\"dateModified\":\"2017-04-09T22:00:00+00:00\",\"breadcrumb\":{\"@id\":\"https:\/\/guineediversite.com\/index.php\/2017\/04\/10\/lancement-de-la-feuille-de-route-de-lunion-africaine-17-a-conakry\/#breadcrumb\"},\"inLanguage\":\"fr-FR\",\"potentialAction\":[{\"@type\":\"ReadAction\",\"target\":[\"https:\/\/guineediversite.com\/index.php\/2017\/04\/10\/lancement-de-la-feuille-de-route-de-lunion-africaine-17-a-conakry\/\"]}]},{\"@type\":\"BreadcrumbList\",\"@id\":\"https:\/\/guineediversite.com\/index.php\/2017\/04\/10\/lancement-de-la-feuille-de-route-de-lunion-africaine-17-a-conakry\/#breadcrumb\",\"itemListElement\":[{\"@type\":\"ListItem\",\"position\":1,\"name\":\"Accueil\",\"item\":\"https:\/\/guineediversite.com\/\"},{\"@type\":\"ListItem\",\"position\":2,\"name\":\"Lancement de la feuille de route de l\u2019union africaine 17 \u00e0 Conakry\"}]},{\"@type\":\"WebSite\",\"@id\":\"https:\/\/guineediversite.com\/#website\",\"url\":\"https:\/\/guineediversite.com\/\",\"name\":\"Guin\u00e9e Diversit\u00e9\",\"description\":\"L&#039;Info dans toute sa diversit\u00e9\",\"publisher\":{\"@id\":\"https:\/\/guineediversite.com\/#organization\"},\"potentialAction\":[{\"@type\":\"SearchAction\",\"target\":{\"@type\":\"EntryPoint\",\"urlTemplate\":\"https:\/\/guineediversite.com\/?s={search_term_string}\"},\"query-input\":{\"@type\":\"PropertyValueSpecification\",\"valueRequired\":true,\"valueName\":\"search_term_string\"}}],\"inLanguage\":\"fr-FR\"},{\"@type\":\"Organization\",\"@id\":\"https:\/\/guineediversite.com\/#organization\",\"name\":\"Guin\u00e9e Diversit\u00e9\",\"url\":\"https:\/\/guineediversite.com\/\",\"logo\":{\"@type\":\"ImageObject\",\"inLanguage\":\"fr-FR\",\"@id\":\"https:\/\/guineediversite.com\/#\/schema\/logo\/image\/\",\"url\":\"https:\/\/guineediversite.com\/wp-content\/uploads\/2017\/04\/cropped-1jojlxEOMkX9Wyqfhe43D6kjPOGqBBKmx3EwWJqZ0cMrFF54yM49.png\",\"contentUrl\":\"https:\/\/guineediversite.com\/wp-content\/uploads\/2017\/04\/cropped-1jojlxEOMkX9Wyqfhe43D6kjPOGqBBKmx3EwWJqZ0cMrFF54yM49.png\",\"width\":186,\"height\":112,\"caption\":\"Guin\u00e9e Diversit\u00e9\"},\"image\":{\"@id\":\"https:\/\/guineediversite.com\/#\/schema\/logo\/image\/\"},\"sameAs\":[\"https:\/\/www.facebook.com\/guineediversite\/\",\"https:\/\/x.com\/GuineeDiversite\",\"https:\/\/www.youtube.com\/channel\/UC8sUY16qelG5ge6_D5SB83g\"]},{\"@type\":\"Person\",\"@id\":\"https:\/\/guineediversite.com\/#\/schema\/person\/afa08fb34e7fc6e1feafc892612bc836\",\"name\":\"Guin\u00e9e Diversit\u00e9\",\"image\":{\"@type\":\"ImageObject\",\"inLanguage\":\"fr-FR\",\"@id\":\"https:\/\/guineediversite.com\/#\/schema\/person\/image\/\",\"url\":\"https:\/\/secure.gravatar.com\/avatar\/50d5eb5b390f8b65ac30ac6f898eb83a?s=96&d=mm&r=g\",\"contentUrl\":\"https:\/\/secure.gravatar.com\/avatar\/50d5eb5b390f8b65ac30ac6f898eb83a?s=96&d=mm&r=g\",\"caption\":\"Guin\u00e9e Diversit\u00e9\"},\"url\":\"https:\/\/guineediversite.com\/index.php\/author\/guineediversite\/\"}]}<\/script>\n<!-- \/ Yoast SEO plugin. -->","yoast_head_json":{"title":"Lancement de la feuille de route de l\u2019union africaine 17 \u00e0 Conakry | Guin\u00e9e Diversit\u00e9","robots":{"index":"index","follow":"follow","max-snippet":"max-snippet:-1","max-image-preview":"max-image-preview:large","max-video-preview":"max-video-preview:-1"},"canonical":"https:\/\/guineediversite.com\/index.php\/2017\/04\/10\/lancement-de-la-feuille-de-route-de-lunion-africaine-17-a-conakry\/","og_locale":"fr_FR","og_type":"article","og_title":"Lancement de la feuille de route de l\u2019union africaine 17 \u00e0 Conakry | Guin\u00e9e Diversit\u00e9","og_description":"La Guin&eacute;e &agrave; proc&eacute;der ce samedi au lancement de la feuille de route de l&rsquo;Union Africaine 2017 a Conakry. Une feuille de route sous le th&egrave;me&nbsp;: Tirer pleinement profit du dividende d&eacute;mographique en investissant dans les jeunesses. C&rsquo;est dans une salle pleine des jeunes venus des divers pays, notamment la cote d&rsquo;ivoire, le mali et [&hellip;]","og_url":"https:\/\/guineediversite.com\/index.php\/2017\/04\/10\/lancement-de-la-feuille-de-route-de-lunion-africaine-17-a-conakry\/","og_site_name":"Guin\u00e9e Diversit\u00e9","article_publisher":"https:\/\/www.facebook.com\/guineediversite\/","article_published_time":"2017-04-09T22:00:00+00:00","author":"Guin\u00e9e Diversit\u00e9","twitter_card":"summary_large_image","twitter_creator":"@GuineeDiversite","twitter_site":"@GuineeDiversite","twitter_misc":{"\u00c9crit par":"Guin\u00e9e Diversit\u00e9","Dur\u00e9e de lecture estim\u00e9e":"4 minutes"},"schema":{"@context":"https:\/\/schema.org","@graph":[{"@type":"Article","@id":"https:\/\/guineediversite.com\/index.php\/2017\/04\/10\/lancement-de-la-feuille-de-route-de-lunion-africaine-17-a-conakry\/#article","isPartOf":{"@id":"https:\/\/guineediversite.com\/index.php\/2017\/04\/10\/lancement-de-la-feuille-de-route-de-lunion-africaine-17-a-conakry\/"},"author":{"name":"Guin\u00e9e Diversit\u00e9","@id":"https:\/\/guineediversite.com\/#\/schema\/person\/afa08fb34e7fc6e1feafc892612bc836"},"headline":"Lancement de la feuille de route de l\u2019union africaine 17 \u00e0 Conakry","datePublished":"2017-04-09T22:00:00+00:00","dateModified":"2017-04-09T22:00:00+00:00","mainEntityOfPage":{"@id":"https:\/\/guineediversite.com\/index.php\/2017\/04\/10\/lancement-de-la-feuille-de-route-de-lunion-africaine-17-a-conakry\/"},"wordCount":803,"commentCount":0,"publisher":{"@id":"https:\/\/guineediversite.com\/#organization"},"articleSection":["Archives"],"inLanguage":"fr-FR","potentialAction":[{"@type":"CommentAction","name":"Comment","target":["https:\/\/guineediversite.com\/index.php\/2017\/04\/10\/lancement-de-la-feuille-de-route-de-lunion-africaine-17-a-conakry\/#respond"]}]},{"@type":"WebPage","@id":"https:\/\/guineediversite.com\/index.php\/2017\/04\/10\/lancement-de-la-feuille-de-route-de-lunion-africaine-17-a-conakry\/","url":"https:\/\/guineediversite.com\/index.php\/2017\/04\/10\/lancement-de-la-feuille-de-route-de-lunion-africaine-17-a-conakry\/","name":"Lancement de la feuille de route de l\u2019union africaine 17 \u00e0 Conakry | Guin\u00e9e Diversit\u00e9","isPartOf":{"@id":"https:\/\/guineediversite.com\/#website"},"datePublished":"2017-04-09T22:00:00+00:00","dateModified":"2017-04-09T22:00:00+00:00","breadcrumb":{"@id":"https:\/\/guineediversite.com\/index.php\/2017\/04\/10\/lancement-de-la-feuille-de-route-de-lunion-africaine-17-a-conakry\/#breadcrumb"},"inLanguage":"fr-FR","potentialAction":[{"@type":"ReadAction","target":["https:\/\/guineediversite.com\/index.php\/2017\/04\/10\/lancement-de-la-feuille-de-route-de-lunion-africaine-17-a-conakry\/"]}]},{"@type":"BreadcrumbList","@id":"https:\/\/guineediversite.com\/index.php\/2017\/04\/10\/lancement-de-la-feuille-de-route-de-lunion-africaine-17-a-conakry\/#breadcrumb","itemListElement":[{"@type":"ListItem","position":1,"name":"Accueil","item":"https:\/\/guineediversite.com\/"},{"@type":"ListItem","position":2,"name":"Lancement de la feuille de route de l\u2019union africaine 17 \u00e0 Conakry"}]},{"@type":"WebSite","@id":"https:\/\/guineediversite.com\/#website","url":"https:\/\/guineediversite.com\/","name":"Guin\u00e9e Diversit\u00e9","description":"L&#039;Info dans toute sa diversit\u00e9","publisher":{"@id":"https:\/\/guineediversite.com\/#organization"},"potentialAction":[{"@type":"SearchAction","target":{"@type":"EntryPoint","urlTemplate":"https:\/\/guineediversite.com\/?s={search_term_string}"},"query-input":{"@type":"PropertyValueSpecification","valueRequired":true,"valueName":"search_term_string"}}],"inLanguage":"fr-FR"},{"@type":"Organization","@id":"https:\/\/guineediversite.com\/#organization","name":"Guin\u00e9e Diversit\u00e9","url":"https:\/\/guineediversite.com\/","logo":{"@type":"ImageObject","inLanguage":"fr-FR","@id":"https:\/\/guineediversite.com\/#\/schema\/logo\/image\/","url":"https:\/\/guineediversite.com\/wp-content\/uploads\/2017\/04\/cropped-1jojlxEOMkX9Wyqfhe43D6kjPOGqBBKmx3EwWJqZ0cMrFF54yM49.png","contentUrl":"https:\/\/guineediversite.com\/wp-content\/uploads\/2017\/04\/cropped-1jojlxEOMkX9Wyqfhe43D6kjPOGqBBKmx3EwWJqZ0cMrFF54yM49.png","width":186,"height":112,"caption":"Guin\u00e9e Diversit\u00e9"},"image":{"@id":"https:\/\/guineediversite.com\/#\/schema\/logo\/image\/"},"sameAs":["https:\/\/www.facebook.com\/guineediversite\/","https:\/\/x.com\/GuineeDiversite","https:\/\/www.youtube.com\/channel\/UC8sUY16qelG5ge6_D5SB83g"]},{"@type":"Person","@id":"https:\/\/guineediversite.com\/#\/schema\/person\/afa08fb34e7fc6e1feafc892612bc836","name":"Guin\u00e9e Diversit\u00e9","image":{"@type":"ImageObject","inLanguage":"fr-FR","@id":"https:\/\/guineediversite.com\/#\/schema\/person\/image\/","url":"https:\/\/secure.gravatar.com\/avatar\/50d5eb5b390f8b65ac30ac6f898eb83a?s=96&d=mm&r=g","contentUrl":"https:\/\/secure.gravatar.com\/avatar\/50d5eb5b390f8b65ac30ac6f898eb83a?s=96&d=mm&r=g","caption":"Guin\u00e9e Diversit\u00e9"},"url":"https:\/\/guineediversite.com\/index.php\/author\/guineediversite\/"}]}},"_links":{"self":[{"href":"https:\/\/guineediversite.com\/index.php\/wp-json\/wp\/v2\/posts\/19373"}],"collection":[{"href":"https:\/\/guineediversite.com\/index.php\/wp-json\/wp\/v2\/posts"}],"about":[{"href":"https:\/\/guineediversite.com\/index.php\/wp-json\/wp\/v2\/types\/post"}],"author":[{"embeddable":true,"href":"https:\/\/guineediversite.com\/index.php\/wp-json\/wp\/v2\/users\/12"}],"replies":[{"embeddable":true,"href":"https:\/\/guineediversite.com\/index.php\/wp-json\/wp\/v2\/comments?post=19373"}],"version-history":[{"count":0,"href":"https:\/\/guineediversite.com\/index.php\/wp-json\/wp\/v2\/posts\/19373\/revisions"}],"wp:attachment":[{"href":"https:\/\/guineediversite.com\/index.php\/wp-json\/wp\/v2\/media?parent=19373"}],"wp:term":[{"taxonomy":"category","embeddable":true,"href":"https:\/\/guineediversite.com\/index.php\/wp-json\/wp\/v2\/categories?post=19373"},{"taxonomy":"post_tag","embeddable":true,"href":"https:\/\/guineediversite.com\/index.php\/wp-json\/wp\/v2\/tags?post=19373"}],"curies":[{"name":"wp","href":"https:\/\/api.w.org\/{rel}","templated":true}]}}