{"id":19369,"date":"2017-04-10T00:00:00","date_gmt":"2017-04-09T22:00:00","guid":{"rendered":"https:\/\/www.guineediversite.com\/index.php\/2017\/04\/10\/seminaire-gouvernemental-des-7-et-8-avril-17-communique-final\/"},"modified":"2017-04-10T00:00:00","modified_gmt":"2017-04-09T22:00:00","slug":"seminaire-gouvernemental-des-7-et-8-avril-17-communique-final","status":"publish","type":"post","link":"https:\/\/guineediversite.com\/index.php\/2017\/04\/10\/seminaire-gouvernemental-des-7-et-8-avril-17-communique-final\/","title":{"rendered":"SEMINAIRE GOUVERNEMENTAL DES 7 ET 8 AVRIL 17: COMMUNIQUE FINAL"},"content":{"rendered":"<p>Sous la Pr&eacute;sidence effective de Monsieur Mamady Youla, Premier Ministre, Chef du Gouvernement, un S&eacute;minaire gouvernemental s&rsquo;est d&eacute;roul&eacute;&nbsp;&nbsp;dans la salle de conf&eacute;rence de l&rsquo;h&ocirc;tel Noom&nbsp;&nbsp;&agrave;&nbsp;&nbsp;Conakry,&nbsp;&nbsp;les&nbsp;&nbsp;7 et 8 Avril 2017, sur le th&egrave;me :&nbsp;<strong>&nbsp;&nbsp;&laquo;&nbsp;Evaluation des acquis 2016 et pr&eacute;sentation des priorit&eacute;s et perspectives gouvernementales pour 2017&nbsp;&raquo;.<\/strong><\/p>\n<p>&nbsp;<\/p>\n<p>Le S&eacute;minaire a connu la participation des membres du Gouvernement, accompagn&eacute;s des hauts cadres de l&rsquo;administration.&nbsp;<\/p>\n<p>&nbsp;<\/p>\n<p>Les travaux du s&eacute;minaire se sont d&eacute;roul&eacute;s en&nbsp;&nbsp;sessions reparties sur 2&nbsp;&nbsp;journ&eacute;es.&nbsp;La premi&egrave;re journ&eacute;e a &eacute;t&eacute; consacr&eacute;e au&nbsp;&nbsp;bilan de l&rsquo;action gouvernementale en 2016, et aux principales r&eacute;alisations. La seconde journ&eacute;e a port&eacute; sur les perspectives, les orientations majeures en 2017, et la programmation des actions prioritaires, en lien avec le Plan National de D&eacute;veloppement&nbsp;&nbsp;&Eacute;conomique et Social&nbsp;&nbsp;( PNDES ).<\/p>\n<p>&nbsp;<\/p>\n<p>Les sessions de&nbsp;&nbsp;la premi&egrave;re journ&eacute;e se sont&nbsp;&nbsp;d&eacute;roul&eacute;es selon le programme suivant :&nbsp;&nbsp;<\/p>\n<p>1.&nbsp;&nbsp;&nbsp;&nbsp;La c&eacute;r&eacute;monie d&rsquo;ouverture&nbsp; pr&eacute;sid&eacute;e par Monsieur le Premier Ministre, Chef du Gouvernement;<\/p>\n<p>2.&nbsp;&nbsp;&nbsp;&nbsp;L&rsquo;intervention du Facilitateur&nbsp;&nbsp;Monsieur le Premier Ministre Loum ;<\/p>\n<p>3.&nbsp;&nbsp;&nbsp;&nbsp;Les pr&eacute;sentations du bilan et des r&eacute;alisations par les ministres des d&eacute;partements;&nbsp;&nbsp;&nbsp;<\/p>\n<p>4.&nbsp;&nbsp;&nbsp;&nbsp;La synth&egrave;se des&nbsp;&nbsp;r&eacute;alisations marquantes de l&rsquo;ann&eacute;e 2016, par les ministres en travaux de groupe;<\/p>\n<p>5.&nbsp;&nbsp;&nbsp;&nbsp;Les observations et orientations de Monsieur le Premier Ministre.<\/p>\n<p>Les travaux de la deuxi&egrave;me journ&eacute;e se sont d&eacute;roul&eacute;s selon le programme ci-apr&egrave;s:<\/p>\n<ol>\n<li>La pr&eacute;sentation du PNDES par Madame la ministre du Plan et de la Coop&eacute;ration Internationale;<\/li>\n<\/ol>\n<p>2.&nbsp;&nbsp;&nbsp;&nbsp;Les pr&eacute;sentations des priorit&eacute;s et des&nbsp;&nbsp;actions phares de 2017,&nbsp;&nbsp;par les ministres&nbsp;&nbsp;des d&eacute;partements;<\/p>\n<p>3.&nbsp;&nbsp;&nbsp;&nbsp;La synth&egrave;se des&nbsp;&nbsp;priorit&eacute;s et des actions phares de 2017;<\/p>\n<p>4.&nbsp;&nbsp;&nbsp;&nbsp;Les observations et orientations de Monsieur le Premier Ministre.<\/p>\n<p>&nbsp;<\/p>\n<p><strong>Compte rendu des sessions&nbsp;&nbsp;de la&nbsp;&nbsp;journ&eacute;e&nbsp;&nbsp;du&nbsp;&nbsp;Vendredi&nbsp;&nbsp;7&nbsp;&nbsp;Avril&nbsp;&nbsp;2017<\/strong><\/p>\n<p>&nbsp;<\/p>\n<p>Chaque Ministre a pr&eacute;sent&eacute; son bilan au titre de l&rsquo;ann&eacute;e 2016 et d&eacute;gag&eacute; les r&eacute;alisations phares de son d&eacute;partement. Le Premier Ministre, Chef du Gouvernement a proc&eacute;d&eacute; &agrave; la restitution de l&rsquo;&eacute;valuation de la performance des D&eacute;partements Minist&eacute;riels.<\/p>\n<p>&nbsp;<\/p>\n<p>A la suite de cette restitution,&nbsp;&nbsp;les ministres se sont retrouv&eacute;s en travaux&nbsp;&nbsp;de groupe,&nbsp;en vue de&nbsp;&nbsp;proc&eacute;der &agrave; la s&eacute;lection des&nbsp;&nbsp;100 r&eacute;alisations les plus significatives&nbsp;&nbsp;et&nbsp;&nbsp;les plus&nbsp;&nbsp;marquantes de l&rsquo;ann&eacute;e 2016.<\/p>\n<p>&nbsp;<\/p>\n<p>Les r&eacute;sultats et synth&egrave;se des groupes de travail, portant sur&nbsp;&nbsp;les 100 r&eacute;alisations de l&rsquo;ann&eacute;e&nbsp;&nbsp;2016,&nbsp;&nbsp;ont &eacute;t&eacute; ensuite&nbsp;&nbsp;pr&eacute;sent&eacute;s et valid&eacute;s&nbsp;&nbsp;en pl&eacute;ni&egrave;re, &agrave; la suite des d&eacute;bats et&nbsp;&nbsp;des &eacute;changes. A l&rsquo;issue des d&eacute;bats, Monsieur le Premier Ministre a fait ses remarques et observations finales.<\/p>\n<p>&nbsp;<\/p>\n<p><strong>Compte rendu des sessions&nbsp;&nbsp;de la journ&eacute;e&nbsp;&nbsp;du&nbsp;&nbsp;Samedi&nbsp;&nbsp;8&nbsp;&nbsp;Avril&nbsp;&nbsp;2017<\/strong><\/p>\n<p>&nbsp;<\/p>\n<ol>\n<li><strong>Synth&egrave;se des&nbsp;&nbsp;objectifs prioritaires et des actions phares de 2017<\/strong>.<\/li>\n<\/ol>\n<p>&nbsp;<\/p>\n<p>Des &eacute;changes et&nbsp;&nbsp;d&eacute;bats ont suivi&nbsp;&nbsp;les&nbsp;&nbsp;sessions de pr&eacute;sentations par les minist&egrave;res &oelig;uvrant dans le cadre des&nbsp;&nbsp;diff&eacute;rents&nbsp;&nbsp;piliers du PNDES.<\/p>\n<p>&nbsp;<\/p>\n<p>Ces observations et commentaires ont permis aux Ministres de poser des questions, de faire des commentaires, et d&rsquo;apporter des &eacute;l&eacute;ments de r&eacute;ponses aux pr&eacute;occupations exprim&eacute;es.<\/p>\n<p>Les r&eacute;sultats consolid&eacute;s&nbsp;&nbsp;et la liste&nbsp;&nbsp;de 100&nbsp;&nbsp;actions&nbsp;&nbsp;phares pr&eacute;vues pour&nbsp;&nbsp;l&rsquo;ann&eacute;e&nbsp;2017,&nbsp;&nbsp;ont &eacute;t&eacute; ensuite&nbsp;&nbsp;valid&eacute;s&nbsp;&nbsp;en pl&eacute;ni&egrave;re, au terme de ces d&eacute;bats et&nbsp;&nbsp;&eacute;changes.<\/p>\n<p>&nbsp;<\/p>\n<p>A l&rsquo;issue des d&eacute;bats,&nbsp;&nbsp;Monsieur le Premier Ministre a fait&nbsp;&nbsp;des remarques et des observations et donn&eacute; des orientations sur&nbsp;&nbsp;les actions prioritaires pr&eacute;vus&nbsp;&nbsp;pour&nbsp;l&rsquo;ann&eacute;e 2017.&nbsp;&nbsp;<\/p>\n<p>&nbsp;<\/p>\n<p>&nbsp;<\/p>\n<ol>\n<li><strong>C&eacute;r&eacute;monie de Cl&ocirc;ture<\/strong><\/li>\n<\/ol>\n<p>&nbsp;<\/p>\n<p>A l&rsquo;issue des travaux, Monsieur le Premier Ministre a remerci&eacute; les membres du Gouvernement pour la qualit&eacute; des pr&eacute;sentations et la richesse des &eacute;changes effectu&eacute;s pendant les deux journ&eacute;es.<\/p>\n<p>&nbsp;<\/p>\n<p>Il a relev&eacute; que chaque Ministre a pu exposer et donner des &eacute;claircissements sur les r&eacute;alisations de 2016, et sur les chantiers phares pr&eacute;vus pour&nbsp;&nbsp;2017,&nbsp;&nbsp;en se basant sur les objectifs strat&eacute;giques d&eacute;clin&eacute;s dans le PNDES.<\/p>\n<p>&nbsp;<\/p>\n<p>Chaque membre du Gouvernement poss&egrave;de ainsi une meilleure compr&eacute;hension des enjeux et des diff&eacute;rents plans d&rsquo;actions minist&eacute;riels et a pu se rendre compte du caract&egrave;re interminist&eacute;riel d&rsquo;un nombre important de mesures expos&eacute;es et qui requi&egrave;rent donc la mise en place de plateformes adapt&eacute;es de collaboration commune &agrave; tous les niveaux hi&eacute;rarchiques.<\/p>\n<p>&nbsp;<\/p>\n<p>Monsieur le Premier Ministre a r&eacute;it&eacute;r&eacute; sa volont&eacute; de&nbsp;&nbsp;poursuivre&nbsp;&nbsp;l&rsquo;organisation de S&eacute;minaires gouvernementaux de ce type,&nbsp;&nbsp;en d&eacute;but d&rsquo;ann&eacute;e,&nbsp;&nbsp;afin&nbsp;&nbsp;de&nbsp;&nbsp;faire&nbsp;&nbsp;le bilan de l&rsquo;ann&eacute;e &eacute;coul&eacute;e et de dresser le programme de travail de l&rsquo;ann&eacute;e en cours, sur une base consensuelle&nbsp;; puis en milieu d&rsquo;ann&eacute;e, d&rsquo;&eacute;valuer &agrave; mi-parcours les performances gouvernementales, et de lever les handicaps qui peuvent se pr&eacute;senter en cours de route.<\/p>\n<p>&nbsp;<\/p>\n<p>Monsieur le Premier Ministre a f&eacute;licit&eacute; les membres du Gouvernement pour les performances atteintes pour l&rsquo;ann&eacute;e 2016 et les a invit&eacute; &agrave; redoubler d&rsquo;effort pour l&rsquo;ann&eacute;e 2017 pour mieux r&eacute;pondre aux attentes pressantes des populations.<\/p>\n<p>&nbsp;<\/p>\n<p>Monsieur le Premier Ministre a invit&eacute; les membres du Gouvernement a veiller &agrave; la prise en charge de l&rsquo;int&eacute;gralit&eacute; des actions pr&eacute;vues par les D&eacute;partements au titre de l&rsquo;ann&eacute;e 2017 pour faire face aux avanc&eacute;es et progr&egrave;s attendus par nos concitoyens dans tous les secteurs et compartiments de vie socio-&eacute;conomique de notre pays.<\/p>\n<p>&nbsp;<\/p>\n<p>Il a &eacute;galement demand&eacute; aux membres du Gouvernement d&rsquo;assurer la bonne communication sur l&rsquo;action Gouvernementale en g&eacute;n&eacute;ral et en particulier de publier les 100 r&eacute;alisations phares de l&rsquo;ann&eacute;e 2016 ainsi que les 100 actions phares attendues au titre de l&rsquo;ann&eacute;e 2017.<\/p>\n<p>Monsieur le Premier Ministre a remerci&eacute; les D&eacute;partements et le Comit&eacute; d&rsquo;organisation pour la qualit&eacute; du travail de pr&eacute;paration et pour leurs contributions significatives &agrave; la r&eacute;ussite du s&eacute;minaire.<\/p>\n<p>&nbsp;<\/p>\n<p>Il a enfin remerci&eacute; la presse pour sa mobilisation et son implication active pour relayer l&rsquo;information tout au long du d&eacute;roulement du s&eacute;minaire.<\/p>\n<p>&nbsp;<\/p>\n<p>&nbsp;<\/p>\n<p><strong>Transmis par la Cellule de Communication du Gouvernement<\/strong><\/p>\n","protected":false},"excerpt":{"rendered":"<p>Sous la Pr&eacute;sidence effective de Monsieur Mamady Youla, Premier Ministre, Chef du Gouvernement, un S&eacute;minaire gouvernemental s&rsquo;est d&eacute;roul&eacute;&nbsp;&nbsp;dans la salle de conf&eacute;rence de l&rsquo;h&ocirc;tel Noom&nbsp;&nbsp;&agrave;&nbsp;&nbsp;Conakry,&nbsp;&nbsp;les&nbsp;&nbsp;7 et 8 Avril 2017, sur le th&egrave;me :&nbsp;&nbsp;&nbsp;&laquo;&nbsp;Evaluation des acquis 2016 et pr&eacute;sentation des priorit&eacute;s et perspectives gouvernementales pour 2017&nbsp;&raquo;. &nbsp; Le S&eacute;minaire a connu la participation des membres du [&hellip;]<\/p>\n","protected":false},"author":12,"featured_media":0,"comment_status":"open","ping_status":"open","sticky":false,"template":"","format":"standard","meta":{"_exactmetrics_skip_tracking":false,"_exactmetrics_sitenote_active":false,"_exactmetrics_sitenote_note":"","_exactmetrics_sitenote_category":0,"tdm_status":"","tdm_grid_status":"","footnotes":""},"categories":[28],"tags":[],"class_list":{"0":"post-19369","1":"post","2":"type-post","3":"status-publish","4":"format-standard","6":"category-archives"},"yoast_head":"<!-- This site is optimized with the Yoast SEO plugin v24.2 - https:\/\/yoast.com\/wordpress\/plugins\/seo\/ -->\n<title>SEMINAIRE GOUVERNEMENTAL DES 7 ET 8 AVRIL 17: COMMUNIQUE FINAL | Guin\u00e9e Diversit\u00e9<\/title>\n<meta name=\"robots\" content=\"index, follow, max-snippet:-1, max-image-preview:large, max-video-preview:-1\" \/>\n<link rel=\"canonical\" href=\"https:\/\/guineediversite.com\/index.php\/2017\/04\/10\/seminaire-gouvernemental-des-7-et-8-avril-17-communique-final\/\" \/>\n<meta property=\"og:locale\" content=\"fr_FR\" \/>\n<meta property=\"og:type\" content=\"article\" \/>\n<meta property=\"og:title\" content=\"SEMINAIRE GOUVERNEMENTAL DES 7 ET 8 AVRIL 17: COMMUNIQUE FINAL | Guin\u00e9e Diversit\u00e9\" \/>\n<meta property=\"og:description\" content=\"Sous la Pr&eacute;sidence effective de Monsieur Mamady Youla, Premier Ministre, Chef du Gouvernement, un S&eacute;minaire gouvernemental s&rsquo;est d&eacute;roul&eacute;&nbsp;&nbsp;dans la salle de conf&eacute;rence de l&rsquo;h&ocirc;tel Noom&nbsp;&nbsp;&agrave;&nbsp;&nbsp;Conakry,&nbsp;&nbsp;les&nbsp;&nbsp;7 et 8 Avril 2017, sur le th&egrave;me :&nbsp;&nbsp;&nbsp;&laquo;&nbsp;Evaluation des acquis 2016 et pr&eacute;sentation des priorit&eacute;s et perspectives gouvernementales pour 2017&nbsp;&raquo;. &nbsp; Le S&eacute;minaire a connu la participation des membres du [&hellip;]\" \/>\n<meta property=\"og:url\" content=\"https:\/\/guineediversite.com\/index.php\/2017\/04\/10\/seminaire-gouvernemental-des-7-et-8-avril-17-communique-final\/\" \/>\n<meta property=\"og:site_name\" content=\"Guin\u00e9e Diversit\u00e9\" \/>\n<meta property=\"article:publisher\" content=\"https:\/\/www.facebook.com\/guineediversite\/\" \/>\n<meta property=\"article:published_time\" content=\"2017-04-09T22:00:00+00:00\" \/>\n<meta name=\"author\" content=\"Guin\u00e9e Diversit\u00e9\" \/>\n<meta name=\"twitter:card\" content=\"summary_large_image\" \/>\n<meta name=\"twitter:creator\" content=\"@GuineeDiversite\" \/>\n<meta name=\"twitter:site\" content=\"@GuineeDiversite\" \/>\n<meta name=\"twitter:label1\" content=\"\u00c9crit par\" \/>\n\t<meta name=\"twitter:data1\" content=\"Guin\u00e9e Diversit\u00e9\" \/>\n\t<meta name=\"twitter:label2\" content=\"Dur\u00e9e de lecture estim\u00e9e\" \/>\n\t<meta name=\"twitter:data2\" content=\"7 minutes\" \/>\n<script type=\"application\/ld+json\" class=\"yoast-schema-graph\">{\"@context\":\"https:\/\/schema.org\",\"@graph\":[{\"@type\":\"Article\",\"@id\":\"https:\/\/guineediversite.com\/index.php\/2017\/04\/10\/seminaire-gouvernemental-des-7-et-8-avril-17-communique-final\/#article\",\"isPartOf\":{\"@id\":\"https:\/\/guineediversite.com\/index.php\/2017\/04\/10\/seminaire-gouvernemental-des-7-et-8-avril-17-communique-final\/\"},\"author\":{\"name\":\"Guin\u00e9e Diversit\u00e9\",\"@id\":\"https:\/\/guineediversite.com\/#\/schema\/person\/afa08fb34e7fc6e1feafc892612bc836\"},\"headline\":\"SEMINAIRE GOUVERNEMENTAL DES 7 ET 8 AVRIL 17: COMMUNIQUE FINAL\",\"datePublished\":\"2017-04-09T22:00:00+00:00\",\"dateModified\":\"2017-04-09T22:00:00+00:00\",\"mainEntityOfPage\":{\"@id\":\"https:\/\/guineediversite.com\/index.php\/2017\/04\/10\/seminaire-gouvernemental-des-7-et-8-avril-17-communique-final\/\"},\"wordCount\":1483,\"commentCount\":0,\"publisher\":{\"@id\":\"https:\/\/guineediversite.com\/#organization\"},\"articleSection\":[\"Archives\"],\"inLanguage\":\"fr-FR\",\"potentialAction\":[{\"@type\":\"CommentAction\",\"name\":\"Comment\",\"target\":[\"https:\/\/guineediversite.com\/index.php\/2017\/04\/10\/seminaire-gouvernemental-des-7-et-8-avril-17-communique-final\/#respond\"]}]},{\"@type\":\"WebPage\",\"@id\":\"https:\/\/guineediversite.com\/index.php\/2017\/04\/10\/seminaire-gouvernemental-des-7-et-8-avril-17-communique-final\/\",\"url\":\"https:\/\/guineediversite.com\/index.php\/2017\/04\/10\/seminaire-gouvernemental-des-7-et-8-avril-17-communique-final\/\",\"name\":\"SEMINAIRE GOUVERNEMENTAL DES 7 ET 8 AVRIL 17: COMMUNIQUE FINAL | Guin\u00e9e Diversit\u00e9\",\"isPartOf\":{\"@id\":\"https:\/\/guineediversite.com\/#website\"},\"datePublished\":\"2017-04-09T22:00:00+00:00\",\"dateModified\":\"2017-04-09T22:00:00+00:00\",\"breadcrumb\":{\"@id\":\"https:\/\/guineediversite.com\/index.php\/2017\/04\/10\/seminaire-gouvernemental-des-7-et-8-avril-17-communique-final\/#breadcrumb\"},\"inLanguage\":\"fr-FR\",\"potentialAction\":[{\"@type\":\"ReadAction\",\"target\":[\"https:\/\/guineediversite.com\/index.php\/2017\/04\/10\/seminaire-gouvernemental-des-7-et-8-avril-17-communique-final\/\"]}]},{\"@type\":\"BreadcrumbList\",\"@id\":\"https:\/\/guineediversite.com\/index.php\/2017\/04\/10\/seminaire-gouvernemental-des-7-et-8-avril-17-communique-final\/#breadcrumb\",\"itemListElement\":[{\"@type\":\"ListItem\",\"position\":1,\"name\":\"Accueil\",\"item\":\"https:\/\/guineediversite.com\/\"},{\"@type\":\"ListItem\",\"position\":2,\"name\":\"SEMINAIRE GOUVERNEMENTAL DES 7 ET 8 AVRIL 17: COMMUNIQUE FINAL\"}]},{\"@type\":\"WebSite\",\"@id\":\"https:\/\/guineediversite.com\/#website\",\"url\":\"https:\/\/guineediversite.com\/\",\"name\":\"Guin\u00e9e Diversit\u00e9\",\"description\":\"L&#039;Info dans toute sa diversit\u00e9\",\"publisher\":{\"@id\":\"https:\/\/guineediversite.com\/#organization\"},\"potentialAction\":[{\"@type\":\"SearchAction\",\"target\":{\"@type\":\"EntryPoint\",\"urlTemplate\":\"https:\/\/guineediversite.com\/?s={search_term_string}\"},\"query-input\":{\"@type\":\"PropertyValueSpecification\",\"valueRequired\":true,\"valueName\":\"search_term_string\"}}],\"inLanguage\":\"fr-FR\"},{\"@type\":\"Organization\",\"@id\":\"https:\/\/guineediversite.com\/#organization\",\"name\":\"Guin\u00e9e Diversit\u00e9\",\"url\":\"https:\/\/guineediversite.com\/\",\"logo\":{\"@type\":\"ImageObject\",\"inLanguage\":\"fr-FR\",\"@id\":\"https:\/\/guineediversite.com\/#\/schema\/logo\/image\/\",\"url\":\"https:\/\/guineediversite.com\/wp-content\/uploads\/2017\/04\/cropped-1jojlxEOMkX9Wyqfhe43D6kjPOGqBBKmx3EwWJqZ0cMrFF54yM49.png\",\"contentUrl\":\"https:\/\/guineediversite.com\/wp-content\/uploads\/2017\/04\/cropped-1jojlxEOMkX9Wyqfhe43D6kjPOGqBBKmx3EwWJqZ0cMrFF54yM49.png\",\"width\":186,\"height\":112,\"caption\":\"Guin\u00e9e Diversit\u00e9\"},\"image\":{\"@id\":\"https:\/\/guineediversite.com\/#\/schema\/logo\/image\/\"},\"sameAs\":[\"https:\/\/www.facebook.com\/guineediversite\/\",\"https:\/\/x.com\/GuineeDiversite\",\"https:\/\/www.youtube.com\/channel\/UC8sUY16qelG5ge6_D5SB83g\"]},{\"@type\":\"Person\",\"@id\":\"https:\/\/guineediversite.com\/#\/schema\/person\/afa08fb34e7fc6e1feafc892612bc836\",\"name\":\"Guin\u00e9e Diversit\u00e9\",\"image\":{\"@type\":\"ImageObject\",\"inLanguage\":\"fr-FR\",\"@id\":\"https:\/\/guineediversite.com\/#\/schema\/person\/image\/\",\"url\":\"https:\/\/secure.gravatar.com\/avatar\/50d5eb5b390f8b65ac30ac6f898eb83a?s=96&d=mm&r=g\",\"contentUrl\":\"https:\/\/secure.gravatar.com\/avatar\/50d5eb5b390f8b65ac30ac6f898eb83a?s=96&d=mm&r=g\",\"caption\":\"Guin\u00e9e Diversit\u00e9\"},\"url\":\"https:\/\/guineediversite.com\/index.php\/author\/guineediversite\/\"}]}<\/script>\n<!-- \/ Yoast SEO plugin. -->","yoast_head_json":{"title":"SEMINAIRE GOUVERNEMENTAL DES 7 ET 8 AVRIL 17: COMMUNIQUE FINAL | Guin\u00e9e Diversit\u00e9","robots":{"index":"index","follow":"follow","max-snippet":"max-snippet:-1","max-image-preview":"max-image-preview:large","max-video-preview":"max-video-preview:-1"},"canonical":"https:\/\/guineediversite.com\/index.php\/2017\/04\/10\/seminaire-gouvernemental-des-7-et-8-avril-17-communique-final\/","og_locale":"fr_FR","og_type":"article","og_title":"SEMINAIRE GOUVERNEMENTAL DES 7 ET 8 AVRIL 17: COMMUNIQUE FINAL | Guin\u00e9e Diversit\u00e9","og_description":"Sous la Pr&eacute;sidence effective de Monsieur Mamady Youla, Premier Ministre, Chef du Gouvernement, un S&eacute;minaire gouvernemental s&rsquo;est d&eacute;roul&eacute;&nbsp;&nbsp;dans la salle de conf&eacute;rence de l&rsquo;h&ocirc;tel Noom&nbsp;&nbsp;&agrave;&nbsp;&nbsp;Conakry,&nbsp;&nbsp;les&nbsp;&nbsp;7 et 8 Avril 2017, sur le th&egrave;me :&nbsp;&nbsp;&nbsp;&laquo;&nbsp;Evaluation des acquis 2016 et pr&eacute;sentation des priorit&eacute;s et perspectives gouvernementales pour 2017&nbsp;&raquo;. &nbsp; Le S&eacute;minaire a connu la participation des membres du [&hellip;]","og_url":"https:\/\/guineediversite.com\/index.php\/2017\/04\/10\/seminaire-gouvernemental-des-7-et-8-avril-17-communique-final\/","og_site_name":"Guin\u00e9e Diversit\u00e9","article_publisher":"https:\/\/www.facebook.com\/guineediversite\/","article_published_time":"2017-04-09T22:00:00+00:00","author":"Guin\u00e9e Diversit\u00e9","twitter_card":"summary_large_image","twitter_creator":"@GuineeDiversite","twitter_site":"@GuineeDiversite","twitter_misc":{"\u00c9crit par":"Guin\u00e9e Diversit\u00e9","Dur\u00e9e de lecture estim\u00e9e":"7 minutes"},"schema":{"@context":"https:\/\/schema.org","@graph":[{"@type":"Article","@id":"https:\/\/guineediversite.com\/index.php\/2017\/04\/10\/seminaire-gouvernemental-des-7-et-8-avril-17-communique-final\/#article","isPartOf":{"@id":"https:\/\/guineediversite.com\/index.php\/2017\/04\/10\/seminaire-gouvernemental-des-7-et-8-avril-17-communique-final\/"},"author":{"name":"Guin\u00e9e Diversit\u00e9","@id":"https:\/\/guineediversite.com\/#\/schema\/person\/afa08fb34e7fc6e1feafc892612bc836"},"headline":"SEMINAIRE GOUVERNEMENTAL DES 7 ET 8 AVRIL 17: COMMUNIQUE FINAL","datePublished":"2017-04-09T22:00:00+00:00","dateModified":"2017-04-09T22:00:00+00:00","mainEntityOfPage":{"@id":"https:\/\/guineediversite.com\/index.php\/2017\/04\/10\/seminaire-gouvernemental-des-7-et-8-avril-17-communique-final\/"},"wordCount":1483,"commentCount":0,"publisher":{"@id":"https:\/\/guineediversite.com\/#organization"},"articleSection":["Archives"],"inLanguage":"fr-FR","potentialAction":[{"@type":"CommentAction","name":"Comment","target":["https:\/\/guineediversite.com\/index.php\/2017\/04\/10\/seminaire-gouvernemental-des-7-et-8-avril-17-communique-final\/#respond"]}]},{"@type":"WebPage","@id":"https:\/\/guineediversite.com\/index.php\/2017\/04\/10\/seminaire-gouvernemental-des-7-et-8-avril-17-communique-final\/","url":"https:\/\/guineediversite.com\/index.php\/2017\/04\/10\/seminaire-gouvernemental-des-7-et-8-avril-17-communique-final\/","name":"SEMINAIRE GOUVERNEMENTAL DES 7 ET 8 AVRIL 17: COMMUNIQUE FINAL | Guin\u00e9e Diversit\u00e9","isPartOf":{"@id":"https:\/\/guineediversite.com\/#website"},"datePublished":"2017-04-09T22:00:00+00:00","dateModified":"2017-04-09T22:00:00+00:00","breadcrumb":{"@id":"https:\/\/guineediversite.com\/index.php\/2017\/04\/10\/seminaire-gouvernemental-des-7-et-8-avril-17-communique-final\/#breadcrumb"},"inLanguage":"fr-FR","potentialAction":[{"@type":"ReadAction","target":["https:\/\/guineediversite.com\/index.php\/2017\/04\/10\/seminaire-gouvernemental-des-7-et-8-avril-17-communique-final\/"]}]},{"@type":"BreadcrumbList","@id":"https:\/\/guineediversite.com\/index.php\/2017\/04\/10\/seminaire-gouvernemental-des-7-et-8-avril-17-communique-final\/#breadcrumb","itemListElement":[{"@type":"ListItem","position":1,"name":"Accueil","item":"https:\/\/guineediversite.com\/"},{"@type":"ListItem","position":2,"name":"SEMINAIRE GOUVERNEMENTAL DES 7 ET 8 AVRIL 17: COMMUNIQUE FINAL"}]},{"@type":"WebSite","@id":"https:\/\/guineediversite.com\/#website","url":"https:\/\/guineediversite.com\/","name":"Guin\u00e9e Diversit\u00e9","description":"L&#039;Info dans toute sa diversit\u00e9","publisher":{"@id":"https:\/\/guineediversite.com\/#organization"},"potentialAction":[{"@type":"SearchAction","target":{"@type":"EntryPoint","urlTemplate":"https:\/\/guineediversite.com\/?s={search_term_string}"},"query-input":{"@type":"PropertyValueSpecification","valueRequired":true,"valueName":"search_term_string"}}],"inLanguage":"fr-FR"},{"@type":"Organization","@id":"https:\/\/guineediversite.com\/#organization","name":"Guin\u00e9e Diversit\u00e9","url":"https:\/\/guineediversite.com\/","logo":{"@type":"ImageObject","inLanguage":"fr-FR","@id":"https:\/\/guineediversite.com\/#\/schema\/logo\/image\/","url":"https:\/\/guineediversite.com\/wp-content\/uploads\/2017\/04\/cropped-1jojlxEOMkX9Wyqfhe43D6kjPOGqBBKmx3EwWJqZ0cMrFF54yM49.png","contentUrl":"https:\/\/guineediversite.com\/wp-content\/uploads\/2017\/04\/cropped-1jojlxEOMkX9Wyqfhe43D6kjPOGqBBKmx3EwWJqZ0cMrFF54yM49.png","width":186,"height":112,"caption":"Guin\u00e9e Diversit\u00e9"},"image":{"@id":"https:\/\/guineediversite.com\/#\/schema\/logo\/image\/"},"sameAs":["https:\/\/www.facebook.com\/guineediversite\/","https:\/\/x.com\/GuineeDiversite","https:\/\/www.youtube.com\/channel\/UC8sUY16qelG5ge6_D5SB83g"]},{"@type":"Person","@id":"https:\/\/guineediversite.com\/#\/schema\/person\/afa08fb34e7fc6e1feafc892612bc836","name":"Guin\u00e9e Diversit\u00e9","image":{"@type":"ImageObject","inLanguage":"fr-FR","@id":"https:\/\/guineediversite.com\/#\/schema\/person\/image\/","url":"https:\/\/secure.gravatar.com\/avatar\/50d5eb5b390f8b65ac30ac6f898eb83a?s=96&d=mm&r=g","contentUrl":"https:\/\/secure.gravatar.com\/avatar\/50d5eb5b390f8b65ac30ac6f898eb83a?s=96&d=mm&r=g","caption":"Guin\u00e9e Diversit\u00e9"},"url":"https:\/\/guineediversite.com\/index.php\/author\/guineediversite\/"}]}},"_links":{"self":[{"href":"https:\/\/guineediversite.com\/index.php\/wp-json\/wp\/v2\/posts\/19369"}],"collection":[{"href":"https:\/\/guineediversite.com\/index.php\/wp-json\/wp\/v2\/posts"}],"about":[{"href":"https:\/\/guineediversite.com\/index.php\/wp-json\/wp\/v2\/types\/post"}],"author":[{"embeddable":true,"href":"https:\/\/guineediversite.com\/index.php\/wp-json\/wp\/v2\/users\/12"}],"replies":[{"embeddable":true,"href":"https:\/\/guineediversite.com\/index.php\/wp-json\/wp\/v2\/comments?post=19369"}],"version-history":[{"count":0,"href":"https:\/\/guineediversite.com\/index.php\/wp-json\/wp\/v2\/posts\/19369\/revisions"}],"wp:attachment":[{"href":"https:\/\/guineediversite.com\/index.php\/wp-json\/wp\/v2\/media?parent=19369"}],"wp:term":[{"taxonomy":"category","embeddable":true,"href":"https:\/\/guineediversite.com\/index.php\/wp-json\/wp\/v2\/categories?post=19369"},{"taxonomy":"post_tag","embeddable":true,"href":"https:\/\/guineediversite.com\/index.php\/wp-json\/wp\/v2\/tags?post=19369"}],"curies":[{"name":"wp","href":"https:\/\/api.w.org\/{rel}","templated":true}]}}