{"id":18561,"date":"2015-10-22T00:00:00","date_gmt":"2015-10-21T22:00:00","guid":{"rendered":"https:\/\/www.guineediversite.com\/index.php\/2015\/10\/22\/justice-le-ministre-cheick-sako-a-preside-mercredi-la-premiere-session-du-comite-de-pilotage-du-parju\/"},"modified":"2015-10-22T00:00:00","modified_gmt":"2015-10-21T22:00:00","slug":"justice-le-ministre-cheick-sako-a-preside-mercredi-la-premiere-session-du-comite-de-pilotage-du-parju","status":"publish","type":"post","link":"https:\/\/guineediversite.com\/index.php\/2015\/10\/22\/justice-le-ministre-cheick-sako-a-preside-mercredi-la-premiere-session-du-comite-de-pilotage-du-parju\/","title":{"rendered":"Justice: le ministre Cheick Sako a pr\u00e9sid\u00e9 mercredi la premi\u00e8re session du comit\u00e9 de pilotage du \u00ab PARJU \u00bb"},"content":{"rendered":"<p>Conakry, le 21 Octobre 2015 &ndash; Dans le cadre de la mise en &oelig;uvre des activit&eacute;s du Programme d&rsquo;Appui &agrave; la R&eacute;forme du secteur de la Justice (PARJU) financ&eacute; par l&rsquo;Union Europ&eacute;enne, le Ministre d&rsquo;Etat, Ministre de la Justice, Cheick Sako, a organis&eacute; ce mercredi 21 octobre 2015, la premi&egrave;re session du comit&eacute; de pilotage dudit programme &agrave; Conakry.<\/p>\n<p>Le PARJU a pour objectif d&rsquo;appuyer les efforts du gouvernement guin&eacute;en en mati&egrave;re de consolidation de l&rsquo;Etat de droit, de gouvernance, de promotion des principes d&eacute;mocratiques et de respect des droits humains, en particulier dans le domaine de la justice et de la lutte contre l&rsquo;impunit&eacute;.<\/p>\n<p>Pour le repr&eacute;sentant de la d&eacute;l&eacute;gation de l&rsquo;Union Europ&eacute;enne, Gerardus Gielen, la tenue de cette premi&egrave;re session du comit&eacute; de pilotage du PARJU marque une &eacute;tape d&eacute;cisive dans la marche du projet qui va contribuer :<\/p>\n<p>&ndash; &agrave; la modernisation et au renforcement de plusieurs volets du secteur de la justice ;<\/p>\n<p>&ndash; &agrave; la valorisation et &agrave; la formation des acteurs judiciaires ;<\/p>\n<p>&ndash; &agrave; l&rsquo;am&eacute;lioration des infrastructures et des &eacute;quipements ;<\/p>\n<p>&ndash; &agrave; la professionnalisation des m&eacute;canismes du fonctionnement judiciaire ;<\/p>\n<p>&ndash; et &agrave; la modernisation du secteur p&eacute;nitentiaire.<\/p>\n<p>Outre ces volets, le programme vise aussi le renforcement du r&ocirc;le de la soci&eacute;t&eacute; civile pour l&rsquo;assistance des citoyens en demande de justice et la lutte contre l&rsquo;impunit&eacute; en Guin&eacute;e.<\/p>\n<p>Le repr&eacute;sentant de l&rsquo;Union Europ&eacute;enne en Guin&eacute;e a aussi assur&eacute; que le PARJU a l&rsquo;ambition de contribuer au c&ocirc;t&eacute; du d&eacute;partement de la Justice &agrave; la construction d&rsquo;une maison de justice solide et la mise en place d&rsquo;institutions p&eacute;rennes permettant de rapprocher la justice des justiciables et de s&eacute;curiser l&rsquo;environnement des affaires.<\/p>\n<p>Malgr&eacute; le retard accus&eacute; dans l&rsquo;ex&eacute;cution de ce programme financ&eacute; par le 10&egrave;me Fonds Europ&eacute;en de D&eacute;veloppement (FED), le Gouvernement guin&eacute;en, &agrave; travers Cheick Sako, se r&eacute;jouit de l&rsquo;accompagnement de l&rsquo;Union Europ&eacute;enne qui est &laquo; tr&egrave;s important pour le pays &raquo;. Selon le Ministre Cheick Sako cet accompagnement permet de rentrer de plein pied dans l&rsquo;Etat de droit pour pallier aux insuffisances que la Guin&eacute;e a connu ces derni&egrave;res ann&eacute;es au niveau des infrastructures et du travail quotidien des magistrats.<\/p>\n<p>Poursuivant, Cheick Sako dira que la tenue de cette premi&egrave;re session est tout autant importante et d&eacute;cisive pour la mise en &oelig;uvre du programme de r&eacute;forme de la justice guin&eacute;enne.<\/p>\n<p>Pour finir, le ministre d&rsquo;Etat et Garde des sceaux a tenu &agrave; inviter tous les acteurs concern&eacute;s par ce projet de bien vouloir s&rsquo;activer sur le terrain pour l&rsquo;aboutissement de ce programme d&rsquo;appui &ocirc; combien capital pour notre pays.<\/p>\n<p>A noter que cette session s&rsquo;est tenue en pr&eacute;sence de nombreux membres du Gouvernement notamment Madame Sanaba Kaba, Messieurs Ansoumane Cond&eacute;, Khalifa Gassama Diaby, Mahmoud Ciss&eacute; et Bailo Teliwel Diallo.<\/p>\n<p>La Cellule de Communication du Gouvernement<\/p>\n","protected":false},"excerpt":{"rendered":"<p>Conakry, le 21 Octobre 2015 &ndash; Dans le cadre de la mise en &oelig;uvre des activit&eacute;s du Programme d&rsquo;Appui &agrave; la R&eacute;forme du secteur de la Justice (PARJU) financ&eacute; par l&rsquo;Union Europ&eacute;enne, le Ministre d&rsquo;Etat, Ministre de la Justice, Cheick Sako, a organis&eacute; ce mercredi 21 octobre 2015, la premi&egrave;re session du comit&eacute; de pilotage [&hellip;]<\/p>\n","protected":false},"author":12,"featured_media":0,"comment_status":"open","ping_status":"open","sticky":false,"template":"","format":"standard","meta":{"_exactmetrics_skip_tracking":false,"_exactmetrics_sitenote_active":false,"_exactmetrics_sitenote_note":"","_exactmetrics_sitenote_category":0,"tdm_status":"","tdm_grid_status":"","footnotes":""},"categories":[28],"tags":[],"class_list":{"0":"post-18561","1":"post","2":"type-post","3":"status-publish","4":"format-standard","6":"category-archives"},"yoast_head":"<!-- This site is optimized with the Yoast SEO plugin v24.2 - https:\/\/yoast.com\/wordpress\/plugins\/seo\/ -->\n<title>Justice: le ministre Cheick Sako a pr\u00e9sid\u00e9 mercredi la premi\u00e8re session du comit\u00e9 de pilotage du \u00ab PARJU \u00bb | Guin\u00e9e Diversit\u00e9<\/title>\n<meta name=\"robots\" content=\"index, follow, max-snippet:-1, max-image-preview:large, max-video-preview:-1\" \/>\n<link rel=\"canonical\" href=\"https:\/\/guineediversite.com\/index.php\/2015\/10\/22\/justice-le-ministre-cheick-sako-a-preside-mercredi-la-premiere-session-du-comite-de-pilotage-du-parju\/\" \/>\n<meta property=\"og:locale\" content=\"fr_FR\" \/>\n<meta property=\"og:type\" content=\"article\" \/>\n<meta property=\"og:title\" content=\"Justice: le ministre Cheick Sako a pr\u00e9sid\u00e9 mercredi la premi\u00e8re session du comit\u00e9 de pilotage du \u00ab PARJU \u00bb | Guin\u00e9e Diversit\u00e9\" \/>\n<meta property=\"og:description\" content=\"Conakry, le 21 Octobre 2015 &ndash; Dans le cadre de la mise en &oelig;uvre des activit&eacute;s du Programme d&rsquo;Appui &agrave; la R&eacute;forme du secteur de la Justice (PARJU) financ&eacute; par l&rsquo;Union Europ&eacute;enne, le Ministre d&rsquo;Etat, Ministre de la Justice, Cheick Sako, a organis&eacute; ce mercredi 21 octobre 2015, la premi&egrave;re session du comit&eacute; de pilotage [&hellip;]\" \/>\n<meta property=\"og:url\" content=\"https:\/\/guineediversite.com\/index.php\/2015\/10\/22\/justice-le-ministre-cheick-sako-a-preside-mercredi-la-premiere-session-du-comite-de-pilotage-du-parju\/\" \/>\n<meta property=\"og:site_name\" content=\"Guin\u00e9e Diversit\u00e9\" \/>\n<meta property=\"article:publisher\" content=\"https:\/\/www.facebook.com\/guineediversite\/\" \/>\n<meta property=\"article:published_time\" content=\"2015-10-21T22:00:00+00:00\" \/>\n<meta name=\"author\" content=\"Guin\u00e9e Diversit\u00e9\" \/>\n<meta name=\"twitter:card\" content=\"summary_large_image\" \/>\n<meta name=\"twitter:creator\" content=\"@GuineeDiversite\" \/>\n<meta name=\"twitter:site\" content=\"@GuineeDiversite\" \/>\n<meta name=\"twitter:label1\" content=\"\u00c9crit par\" \/>\n\t<meta name=\"twitter:data1\" content=\"Guin\u00e9e Diversit\u00e9\" \/>\n\t<meta name=\"twitter:label2\" content=\"Dur\u00e9e de lecture estim\u00e9e\" \/>\n\t<meta name=\"twitter:data2\" content=\"3 minutes\" \/>\n<script type=\"application\/ld+json\" class=\"yoast-schema-graph\">{\"@context\":\"https:\/\/schema.org\",\"@graph\":[{\"@type\":\"Article\",\"@id\":\"https:\/\/guineediversite.com\/index.php\/2015\/10\/22\/justice-le-ministre-cheick-sako-a-preside-mercredi-la-premiere-session-du-comite-de-pilotage-du-parju\/#article\",\"isPartOf\":{\"@id\":\"https:\/\/guineediversite.com\/index.php\/2015\/10\/22\/justice-le-ministre-cheick-sako-a-preside-mercredi-la-premiere-session-du-comite-de-pilotage-du-parju\/\"},\"author\":{\"name\":\"Guin\u00e9e Diversit\u00e9\",\"@id\":\"https:\/\/guineediversite.com\/#\/schema\/person\/afa08fb34e7fc6e1feafc892612bc836\"},\"headline\":\"Justice: le ministre Cheick Sako a pr\u00e9sid\u00e9 mercredi la premi\u00e8re session du comit\u00e9 de pilotage du \u00ab PARJU \u00bb\",\"datePublished\":\"2015-10-21T22:00:00+00:00\",\"dateModified\":\"2015-10-21T22:00:00+00:00\",\"mainEntityOfPage\":{\"@id\":\"https:\/\/guineediversite.com\/index.php\/2015\/10\/22\/justice-le-ministre-cheick-sako-a-preside-mercredi-la-premiere-session-du-comite-de-pilotage-du-parju\/\"},\"wordCount\":624,\"commentCount\":0,\"publisher\":{\"@id\":\"https:\/\/guineediversite.com\/#organization\"},\"articleSection\":[\"Archives\"],\"inLanguage\":\"fr-FR\",\"potentialAction\":[{\"@type\":\"CommentAction\",\"name\":\"Comment\",\"target\":[\"https:\/\/guineediversite.com\/index.php\/2015\/10\/22\/justice-le-ministre-cheick-sako-a-preside-mercredi-la-premiere-session-du-comite-de-pilotage-du-parju\/#respond\"]}]},{\"@type\":\"WebPage\",\"@id\":\"https:\/\/guineediversite.com\/index.php\/2015\/10\/22\/justice-le-ministre-cheick-sako-a-preside-mercredi-la-premiere-session-du-comite-de-pilotage-du-parju\/\",\"url\":\"https:\/\/guineediversite.com\/index.php\/2015\/10\/22\/justice-le-ministre-cheick-sako-a-preside-mercredi-la-premiere-session-du-comite-de-pilotage-du-parju\/\",\"name\":\"Justice: le ministre Cheick Sako a pr\u00e9sid\u00e9 mercredi la premi\u00e8re session du comit\u00e9 de pilotage du \u00ab PARJU \u00bb | Guin\u00e9e Diversit\u00e9\",\"isPartOf\":{\"@id\":\"https:\/\/guineediversite.com\/#website\"},\"datePublished\":\"2015-10-21T22:00:00+00:00\",\"dateModified\":\"2015-10-21T22:00:00+00:00\",\"breadcrumb\":{\"@id\":\"https:\/\/guineediversite.com\/index.php\/2015\/10\/22\/justice-le-ministre-cheick-sako-a-preside-mercredi-la-premiere-session-du-comite-de-pilotage-du-parju\/#breadcrumb\"},\"inLanguage\":\"fr-FR\",\"potentialAction\":[{\"@type\":\"ReadAction\",\"target\":[\"https:\/\/guineediversite.com\/index.php\/2015\/10\/22\/justice-le-ministre-cheick-sako-a-preside-mercredi-la-premiere-session-du-comite-de-pilotage-du-parju\/\"]}]},{\"@type\":\"BreadcrumbList\",\"@id\":\"https:\/\/guineediversite.com\/index.php\/2015\/10\/22\/justice-le-ministre-cheick-sako-a-preside-mercredi-la-premiere-session-du-comite-de-pilotage-du-parju\/#breadcrumb\",\"itemListElement\":[{\"@type\":\"ListItem\",\"position\":1,\"name\":\"Accueil\",\"item\":\"https:\/\/guineediversite.com\/\"},{\"@type\":\"ListItem\",\"position\":2,\"name\":\"Justice: le ministre Cheick Sako a pr\u00e9sid\u00e9 mercredi la premi\u00e8re session du comit\u00e9 de pilotage du \u00ab PARJU \u00bb\"}]},{\"@type\":\"WebSite\",\"@id\":\"https:\/\/guineediversite.com\/#website\",\"url\":\"https:\/\/guineediversite.com\/\",\"name\":\"Guin\u00e9e Diversit\u00e9\",\"description\":\"L&#039;Info dans toute sa diversit\u00e9\",\"publisher\":{\"@id\":\"https:\/\/guineediversite.com\/#organization\"},\"potentialAction\":[{\"@type\":\"SearchAction\",\"target\":{\"@type\":\"EntryPoint\",\"urlTemplate\":\"https:\/\/guineediversite.com\/?s={search_term_string}\"},\"query-input\":{\"@type\":\"PropertyValueSpecification\",\"valueRequired\":true,\"valueName\":\"search_term_string\"}}],\"inLanguage\":\"fr-FR\"},{\"@type\":\"Organization\",\"@id\":\"https:\/\/guineediversite.com\/#organization\",\"name\":\"Guin\u00e9e Diversit\u00e9\",\"url\":\"https:\/\/guineediversite.com\/\",\"logo\":{\"@type\":\"ImageObject\",\"inLanguage\":\"fr-FR\",\"@id\":\"https:\/\/guineediversite.com\/#\/schema\/logo\/image\/\",\"url\":\"https:\/\/guineediversite.com\/wp-content\/uploads\/2017\/04\/cropped-1jojlxEOMkX9Wyqfhe43D6kjPOGqBBKmx3EwWJqZ0cMrFF54yM49.png\",\"contentUrl\":\"https:\/\/guineediversite.com\/wp-content\/uploads\/2017\/04\/cropped-1jojlxEOMkX9Wyqfhe43D6kjPOGqBBKmx3EwWJqZ0cMrFF54yM49.png\",\"width\":186,\"height\":112,\"caption\":\"Guin\u00e9e Diversit\u00e9\"},\"image\":{\"@id\":\"https:\/\/guineediversite.com\/#\/schema\/logo\/image\/\"},\"sameAs\":[\"https:\/\/www.facebook.com\/guineediversite\/\",\"https:\/\/x.com\/GuineeDiversite\",\"https:\/\/www.youtube.com\/channel\/UC8sUY16qelG5ge6_D5SB83g\"]},{\"@type\":\"Person\",\"@id\":\"https:\/\/guineediversite.com\/#\/schema\/person\/afa08fb34e7fc6e1feafc892612bc836\",\"name\":\"Guin\u00e9e Diversit\u00e9\",\"image\":{\"@type\":\"ImageObject\",\"inLanguage\":\"fr-FR\",\"@id\":\"https:\/\/guineediversite.com\/#\/schema\/person\/image\/\",\"url\":\"https:\/\/secure.gravatar.com\/avatar\/50d5eb5b390f8b65ac30ac6f898eb83a?s=96&d=mm&r=g\",\"contentUrl\":\"https:\/\/secure.gravatar.com\/avatar\/50d5eb5b390f8b65ac30ac6f898eb83a?s=96&d=mm&r=g\",\"caption\":\"Guin\u00e9e Diversit\u00e9\"},\"url\":\"https:\/\/guineediversite.com\/index.php\/author\/guineediversite\/\"}]}<\/script>\n<!-- \/ Yoast SEO plugin. -->","yoast_head_json":{"title":"Justice: le ministre Cheick Sako a pr\u00e9sid\u00e9 mercredi la premi\u00e8re session du comit\u00e9 de pilotage du \u00ab PARJU \u00bb | Guin\u00e9e Diversit\u00e9","robots":{"index":"index","follow":"follow","max-snippet":"max-snippet:-1","max-image-preview":"max-image-preview:large","max-video-preview":"max-video-preview:-1"},"canonical":"https:\/\/guineediversite.com\/index.php\/2015\/10\/22\/justice-le-ministre-cheick-sako-a-preside-mercredi-la-premiere-session-du-comite-de-pilotage-du-parju\/","og_locale":"fr_FR","og_type":"article","og_title":"Justice: le ministre Cheick Sako a pr\u00e9sid\u00e9 mercredi la premi\u00e8re session du comit\u00e9 de pilotage du \u00ab PARJU \u00bb | Guin\u00e9e Diversit\u00e9","og_description":"Conakry, le 21 Octobre 2015 &ndash; Dans le cadre de la mise en &oelig;uvre des activit&eacute;s du Programme d&rsquo;Appui &agrave; la R&eacute;forme du secteur de la Justice (PARJU) financ&eacute; par l&rsquo;Union Europ&eacute;enne, le Ministre d&rsquo;Etat, Ministre de la Justice, Cheick Sako, a organis&eacute; ce mercredi 21 octobre 2015, la premi&egrave;re session du comit&eacute; de pilotage [&hellip;]","og_url":"https:\/\/guineediversite.com\/index.php\/2015\/10\/22\/justice-le-ministre-cheick-sako-a-preside-mercredi-la-premiere-session-du-comite-de-pilotage-du-parju\/","og_site_name":"Guin\u00e9e Diversit\u00e9","article_publisher":"https:\/\/www.facebook.com\/guineediversite\/","article_published_time":"2015-10-21T22:00:00+00:00","author":"Guin\u00e9e Diversit\u00e9","twitter_card":"summary_large_image","twitter_creator":"@GuineeDiversite","twitter_site":"@GuineeDiversite","twitter_misc":{"\u00c9crit par":"Guin\u00e9e Diversit\u00e9","Dur\u00e9e de lecture estim\u00e9e":"3 minutes"},"schema":{"@context":"https:\/\/schema.org","@graph":[{"@type":"Article","@id":"https:\/\/guineediversite.com\/index.php\/2015\/10\/22\/justice-le-ministre-cheick-sako-a-preside-mercredi-la-premiere-session-du-comite-de-pilotage-du-parju\/#article","isPartOf":{"@id":"https:\/\/guineediversite.com\/index.php\/2015\/10\/22\/justice-le-ministre-cheick-sako-a-preside-mercredi-la-premiere-session-du-comite-de-pilotage-du-parju\/"},"author":{"name":"Guin\u00e9e Diversit\u00e9","@id":"https:\/\/guineediversite.com\/#\/schema\/person\/afa08fb34e7fc6e1feafc892612bc836"},"headline":"Justice: le ministre Cheick Sako a pr\u00e9sid\u00e9 mercredi la premi\u00e8re session du comit\u00e9 de pilotage du \u00ab PARJU \u00bb","datePublished":"2015-10-21T22:00:00+00:00","dateModified":"2015-10-21T22:00:00+00:00","mainEntityOfPage":{"@id":"https:\/\/guineediversite.com\/index.php\/2015\/10\/22\/justice-le-ministre-cheick-sako-a-preside-mercredi-la-premiere-session-du-comite-de-pilotage-du-parju\/"},"wordCount":624,"commentCount":0,"publisher":{"@id":"https:\/\/guineediversite.com\/#organization"},"articleSection":["Archives"],"inLanguage":"fr-FR","potentialAction":[{"@type":"CommentAction","name":"Comment","target":["https:\/\/guineediversite.com\/index.php\/2015\/10\/22\/justice-le-ministre-cheick-sako-a-preside-mercredi-la-premiere-session-du-comite-de-pilotage-du-parju\/#respond"]}]},{"@type":"WebPage","@id":"https:\/\/guineediversite.com\/index.php\/2015\/10\/22\/justice-le-ministre-cheick-sako-a-preside-mercredi-la-premiere-session-du-comite-de-pilotage-du-parju\/","url":"https:\/\/guineediversite.com\/index.php\/2015\/10\/22\/justice-le-ministre-cheick-sako-a-preside-mercredi-la-premiere-session-du-comite-de-pilotage-du-parju\/","name":"Justice: le ministre Cheick Sako a pr\u00e9sid\u00e9 mercredi la premi\u00e8re session du comit\u00e9 de pilotage du \u00ab PARJU \u00bb | Guin\u00e9e Diversit\u00e9","isPartOf":{"@id":"https:\/\/guineediversite.com\/#website"},"datePublished":"2015-10-21T22:00:00+00:00","dateModified":"2015-10-21T22:00:00+00:00","breadcrumb":{"@id":"https:\/\/guineediversite.com\/index.php\/2015\/10\/22\/justice-le-ministre-cheick-sako-a-preside-mercredi-la-premiere-session-du-comite-de-pilotage-du-parju\/#breadcrumb"},"inLanguage":"fr-FR","potentialAction":[{"@type":"ReadAction","target":["https:\/\/guineediversite.com\/index.php\/2015\/10\/22\/justice-le-ministre-cheick-sako-a-preside-mercredi-la-premiere-session-du-comite-de-pilotage-du-parju\/"]}]},{"@type":"BreadcrumbList","@id":"https:\/\/guineediversite.com\/index.php\/2015\/10\/22\/justice-le-ministre-cheick-sako-a-preside-mercredi-la-premiere-session-du-comite-de-pilotage-du-parju\/#breadcrumb","itemListElement":[{"@type":"ListItem","position":1,"name":"Accueil","item":"https:\/\/guineediversite.com\/"},{"@type":"ListItem","position":2,"name":"Justice: le ministre Cheick Sako a pr\u00e9sid\u00e9 mercredi la premi\u00e8re session du comit\u00e9 de pilotage du \u00ab PARJU \u00bb"}]},{"@type":"WebSite","@id":"https:\/\/guineediversite.com\/#website","url":"https:\/\/guineediversite.com\/","name":"Guin\u00e9e Diversit\u00e9","description":"L&#039;Info dans toute sa diversit\u00e9","publisher":{"@id":"https:\/\/guineediversite.com\/#organization"},"potentialAction":[{"@type":"SearchAction","target":{"@type":"EntryPoint","urlTemplate":"https:\/\/guineediversite.com\/?s={search_term_string}"},"query-input":{"@type":"PropertyValueSpecification","valueRequired":true,"valueName":"search_term_string"}}],"inLanguage":"fr-FR"},{"@type":"Organization","@id":"https:\/\/guineediversite.com\/#organization","name":"Guin\u00e9e Diversit\u00e9","url":"https:\/\/guineediversite.com\/","logo":{"@type":"ImageObject","inLanguage":"fr-FR","@id":"https:\/\/guineediversite.com\/#\/schema\/logo\/image\/","url":"https:\/\/guineediversite.com\/wp-content\/uploads\/2017\/04\/cropped-1jojlxEOMkX9Wyqfhe43D6kjPOGqBBKmx3EwWJqZ0cMrFF54yM49.png","contentUrl":"https:\/\/guineediversite.com\/wp-content\/uploads\/2017\/04\/cropped-1jojlxEOMkX9Wyqfhe43D6kjPOGqBBKmx3EwWJqZ0cMrFF54yM49.png","width":186,"height":112,"caption":"Guin\u00e9e Diversit\u00e9"},"image":{"@id":"https:\/\/guineediversite.com\/#\/schema\/logo\/image\/"},"sameAs":["https:\/\/www.facebook.com\/guineediversite\/","https:\/\/x.com\/GuineeDiversite","https:\/\/www.youtube.com\/channel\/UC8sUY16qelG5ge6_D5SB83g"]},{"@type":"Person","@id":"https:\/\/guineediversite.com\/#\/schema\/person\/afa08fb34e7fc6e1feafc892612bc836","name":"Guin\u00e9e Diversit\u00e9","image":{"@type":"ImageObject","inLanguage":"fr-FR","@id":"https:\/\/guineediversite.com\/#\/schema\/person\/image\/","url":"https:\/\/secure.gravatar.com\/avatar\/50d5eb5b390f8b65ac30ac6f898eb83a?s=96&d=mm&r=g","contentUrl":"https:\/\/secure.gravatar.com\/avatar\/50d5eb5b390f8b65ac30ac6f898eb83a?s=96&d=mm&r=g","caption":"Guin\u00e9e Diversit\u00e9"},"url":"https:\/\/guineediversite.com\/index.php\/author\/guineediversite\/"}]}},"_links":{"self":[{"href":"https:\/\/guineediversite.com\/index.php\/wp-json\/wp\/v2\/posts\/18561"}],"collection":[{"href":"https:\/\/guineediversite.com\/index.php\/wp-json\/wp\/v2\/posts"}],"about":[{"href":"https:\/\/guineediversite.com\/index.php\/wp-json\/wp\/v2\/types\/post"}],"author":[{"embeddable":true,"href":"https:\/\/guineediversite.com\/index.php\/wp-json\/wp\/v2\/users\/12"}],"replies":[{"embeddable":true,"href":"https:\/\/guineediversite.com\/index.php\/wp-json\/wp\/v2\/comments?post=18561"}],"version-history":[{"count":0,"href":"https:\/\/guineediversite.com\/index.php\/wp-json\/wp\/v2\/posts\/18561\/revisions"}],"wp:attachment":[{"href":"https:\/\/guineediversite.com\/index.php\/wp-json\/wp\/v2\/media?parent=18561"}],"wp:term":[{"taxonomy":"category","embeddable":true,"href":"https:\/\/guineediversite.com\/index.php\/wp-json\/wp\/v2\/categories?post=18561"},{"taxonomy":"post_tag","embeddable":true,"href":"https:\/\/guineediversite.com\/index.php\/wp-json\/wp\/v2\/tags?post=18561"}],"curies":[{"name":"wp","href":"https:\/\/api.w.org\/{rel}","templated":true}]}}