{"id":18553,"date":"2015-10-16T00:00:00","date_gmt":"2015-10-15T22:00:00","guid":{"rendered":"https:\/\/www.guineediversite.com\/index.php\/2015\/10\/16\/presidentielle-du-11-octobre-15-la-mission-dobservation-electorale-de-lunion-europeenne-na-pas-valide-lelection\/"},"modified":"2015-10-16T00:00:00","modified_gmt":"2015-10-15T22:00:00","slug":"presidentielle-du-11-octobre-15-la-mission-dobservation-electorale-de-lunion-europeenne-na-pas-valide-lelection","status":"publish","type":"post","link":"https:\/\/guineediversite.com\/index.php\/2015\/10\/16\/presidentielle-du-11-octobre-15-la-mission-dobservation-electorale-de-lunion-europeenne-na-pas-valide-lelection\/","title":{"rendered":"Pr\u00e9sidentielle du 11 octobre 15: la Mission d&#039;observation \u00e9l\u00e9ctorale de l&#039;Union Europ\u00e9enne n&#039;a pas valid\u00e9 l&#039;\u00e9lection"},"content":{"rendered":"<p>La Mission d&rsquo;observation &eacute;lectorale de l&rsquo;Union Europ&eacute;enne a dans une lettre adress&eacute;e aux leaders politiques en course pour le fauteuil pr&eacute;sidentiel affirm&eacute; qu&rsquo;elle n&rsquo;a pas valid&eacute; l&rsquo;&eacute;lection pr&eacute;sidentielle du 11 octobre 2015.<\/p>\n<p>Pour Frank Engel chef de MOE-UE cela ne rel&egrave;ve pas de leur comp&eacute;tence.<\/p>\n<p>Voici la lettre que la mission a adress&eacute;e aux leaders politiques.<\/p>\n<p>&nbsp;<\/p>\n<p>Lettre du Chef observateur de la MOE UE &agrave; l&rsquo;attention des acteurs du processus &eacute;lectoral<\/p>\n<p>Madame\/Monsieur<\/p>\n<p>Formule de politesse (&hellip;)<\/p>\n<p>&nbsp;&nbsp;&nbsp;&nbsp;&nbsp;&nbsp;&nbsp;&nbsp;&nbsp;&nbsp;&nbsp;&nbsp;&nbsp;&nbsp;&nbsp;&nbsp;&nbsp;&nbsp;&nbsp;&nbsp;&nbsp;&nbsp;&nbsp;&nbsp;&nbsp;&nbsp;&nbsp;&nbsp;&nbsp;&nbsp;&nbsp;&nbsp;&nbsp;&nbsp;&nbsp;&nbsp;&nbsp;&nbsp;&nbsp;&nbsp;&nbsp;&nbsp;&nbsp;&nbsp;&nbsp;&nbsp;&nbsp;&nbsp;&nbsp;&nbsp;&nbsp;&nbsp;&nbsp;&nbsp;&nbsp;&nbsp;&nbsp;&nbsp;&nbsp;&nbsp;&nbsp;&nbsp;&nbsp;&nbsp;&nbsp;&nbsp;&nbsp;&nbsp;&nbsp;&nbsp;&nbsp;&nbsp;&nbsp;&nbsp;&nbsp;&nbsp;&nbsp;&nbsp;&nbsp;&nbsp;&nbsp;&nbsp;&nbsp;&nbsp;&nbsp;&nbsp;&nbsp;&nbsp;&nbsp;&nbsp;&nbsp;&nbsp;&nbsp;&nbsp;&nbsp;&nbsp;&nbsp;&nbsp;&nbsp;&nbsp;&nbsp;&nbsp;&nbsp;&nbsp;&nbsp;&nbsp;&nbsp;&nbsp;&nbsp;&nbsp;&nbsp;&nbsp;&nbsp;&nbsp;&nbsp;&nbsp;&nbsp;&nbsp;&nbsp;&nbsp;&nbsp;&nbsp;&nbsp;&nbsp;&nbsp;&nbsp;&nbsp;&nbsp;&nbsp;&nbsp;&nbsp;&nbsp;&nbsp;&nbsp;&nbsp;&nbsp;&nbsp;&nbsp;&nbsp;&nbsp;&nbsp;&nbsp;&nbsp;&nbsp;&nbsp;&nbsp;&nbsp;&nbsp;&nbsp;&nbsp;&nbsp;&nbsp;&nbsp;&nbsp;&nbsp;&nbsp;&nbsp;&nbsp;&nbsp;&nbsp;&nbsp;&nbsp;&nbsp;&nbsp;&nbsp;&nbsp;&nbsp; Conakry, le 14 octobre 2015<\/p>\n<p>Madame\/Monsieur (&hellip;),<\/p>\n<p>&nbsp;&nbsp;&nbsp;&nbsp;&nbsp;&nbsp; &nbsp; &nbsp; J&rsquo;ai le plaisir de vous faire parvenir la d&eacute;claration pr&eacute;liminaire de la Mission d&rsquo;observation &eacute;lectorale de l&rsquo;Union europ&eacute;enne pour l&rsquo;&eacute;lection pr&eacute;sidentielle du 11 octobre 2015 en R&eacute;publique de Guin&eacute;e.<\/p>\n<p>&nbsp;&nbsp;&nbsp;&nbsp;&nbsp;&nbsp;&nbsp;&nbsp; Je profite de l&rsquo;occasion pour souligner que notre Mission n&rsquo;a pas valid&eacute; l&rsquo;&eacute;lection du 11 octobre dernier. Cela ne rel&egrave;ve pas de notre mandat, mandat qui interdit m&ecirc;me officiellement de le faire. Il appartient aux seules institutions et autorit&eacute;s de la R&eacute;publique de Guin&eacute;e de proclamer les r&eacute;sultats de cette &eacute;lection et de conna&icirc;tre d&rsquo;&eacute;ventuelles contestations. Toute affirmation contraire est d&eacute;mentie par le contenu de la d&eacute;claration pr&eacute;liminaire, comme vous le constaterez &agrave; sa lecture, ainsi qu&rsquo;aux propos que j&rsquo;ai tenus le 13 octobre lors de la pr&eacute;sentation de la d&eacute;claration &agrave; la presse. La couverture int&eacute;grale de cette conf&eacute;rence de presse est d&rsquo;ailleurs disponible sur les r&eacute;seaux sociaux de la Mission : (https:\/\/soundcloud.com\/user-130880928\/declaration-preliminaire-allocution-du-chefobservateur- m-frank-engel).<\/p>\n<p>&nbsp;&nbsp;&nbsp;&nbsp;&nbsp; J&rsquo;ajoute que notre Mission restera en Guin&eacute;e jusqu&rsquo;&agrave; la conclusion d&eacute;finitive du processus &eacute;lectoral, y compris le suivi d&rsquo;&eacute;ventuelles contestations. Si, et quand elle l&rsquo;estime utile, voire n&eacute;cessaire, la Mission ne manquera pas de reprendre la parole publiquement. &Agrave; cet effet, je serai pr&eacute;sent en Guin&eacute;e aussi souvent que cela pourra &ecirc;tre requis par les circonstances, jusqu&rsquo;&agrave; la fin de l&rsquo;ensemble du processus &eacute;lectoral.<\/p>\n<p>&nbsp;&nbsp;&nbsp;&nbsp;&nbsp; En vous remerciant de l&rsquo;attention que vous porterez &agrave; la pr&eacute;sente ainsi qu&rsquo;&agrave; notre d&eacute;claration pr&eacute;liminaire, je vous prie d&rsquo;agr&eacute;er, Madame\/Monsieur, l&rsquo;expression de ma haute consid&eacute;ration.<\/p>\n<p>Signature (&hellip;)<\/p>\n<p>Frank Engel<\/p>\n<p>Chef observateur de la Mission d&rsquo;observation &eacute;lectorale en R&eacute;publique de Guin&eacute;e<\/p>\n","protected":false},"excerpt":{"rendered":"<p>La Mission d&rsquo;observation &eacute;lectorale de l&rsquo;Union Europ&eacute;enne a dans une lettre adress&eacute;e aux leaders politiques en course pour le fauteuil pr&eacute;sidentiel affirm&eacute; qu&rsquo;elle n&rsquo;a pas valid&eacute; l&rsquo;&eacute;lection pr&eacute;sidentielle du 11 octobre 2015. Pour Frank Engel chef de MOE-UE cela ne rel&egrave;ve pas de leur comp&eacute;tence. Voici la lettre que la mission a adress&eacute;e aux leaders [&hellip;]<\/p>\n","protected":false},"author":12,"featured_media":0,"comment_status":"open","ping_status":"open","sticky":false,"template":"","format":"standard","meta":{"_exactmetrics_skip_tracking":false,"_exactmetrics_sitenote_active":false,"_exactmetrics_sitenote_note":"","_exactmetrics_sitenote_category":0,"tdm_status":"","tdm_grid_status":"","footnotes":""},"categories":[28],"tags":[],"class_list":{"0":"post-18553","1":"post","2":"type-post","3":"status-publish","4":"format-standard","6":"category-archives"},"yoast_head":"<!-- This site is optimized with the Yoast SEO plugin v24.2 - https:\/\/yoast.com\/wordpress\/plugins\/seo\/ -->\n<title>Pr\u00e9sidentielle du 11 octobre 15: la Mission d&#039;observation \u00e9l\u00e9ctorale de l&#039;Union Europ\u00e9enne n&#039;a pas valid\u00e9 l&#039;\u00e9lection | Guin\u00e9e Diversit\u00e9<\/title>\n<meta name=\"robots\" content=\"index, follow, max-snippet:-1, max-image-preview:large, max-video-preview:-1\" \/>\n<link rel=\"canonical\" href=\"https:\/\/guineediversite.com\/index.php\/2015\/10\/16\/presidentielle-du-11-octobre-15-la-mission-dobservation-electorale-de-lunion-europeenne-na-pas-valide-lelection\/\" \/>\n<meta property=\"og:locale\" content=\"fr_FR\" \/>\n<meta property=\"og:type\" content=\"article\" \/>\n<meta property=\"og:title\" content=\"Pr\u00e9sidentielle du 11 octobre 15: la Mission d&#039;observation \u00e9l\u00e9ctorale de l&#039;Union Europ\u00e9enne n&#039;a pas valid\u00e9 l&#039;\u00e9lection | Guin\u00e9e Diversit\u00e9\" \/>\n<meta property=\"og:description\" content=\"La Mission d&rsquo;observation &eacute;lectorale de l&rsquo;Union Europ&eacute;enne a dans une lettre adress&eacute;e aux leaders politiques en course pour le fauteuil pr&eacute;sidentiel affirm&eacute; qu&rsquo;elle n&rsquo;a pas valid&eacute; l&rsquo;&eacute;lection pr&eacute;sidentielle du 11 octobre 2015. Pour Frank Engel chef de MOE-UE cela ne rel&egrave;ve pas de leur comp&eacute;tence. Voici la lettre que la mission a adress&eacute;e aux leaders [&hellip;]\" \/>\n<meta property=\"og:url\" content=\"https:\/\/guineediversite.com\/index.php\/2015\/10\/16\/presidentielle-du-11-octobre-15-la-mission-dobservation-electorale-de-lunion-europeenne-na-pas-valide-lelection\/\" \/>\n<meta property=\"og:site_name\" content=\"Guin\u00e9e Diversit\u00e9\" \/>\n<meta property=\"article:publisher\" content=\"https:\/\/www.facebook.com\/guineediversite\/\" \/>\n<meta property=\"article:published_time\" content=\"2015-10-15T22:00:00+00:00\" \/>\n<meta name=\"author\" content=\"Guin\u00e9e Diversit\u00e9\" \/>\n<meta name=\"twitter:card\" content=\"summary_large_image\" \/>\n<meta name=\"twitter:creator\" content=\"@GuineeDiversite\" \/>\n<meta name=\"twitter:site\" content=\"@GuineeDiversite\" \/>\n<meta name=\"twitter:label1\" content=\"\u00c9crit par\" \/>\n\t<meta name=\"twitter:data1\" content=\"Guin\u00e9e Diversit\u00e9\" \/>\n\t<meta name=\"twitter:label2\" content=\"Dur\u00e9e de lecture estim\u00e9e\" \/>\n\t<meta name=\"twitter:data2\" content=\"3 minutes\" \/>\n<script type=\"application\/ld+json\" class=\"yoast-schema-graph\">{\"@context\":\"https:\/\/schema.org\",\"@graph\":[{\"@type\":\"Article\",\"@id\":\"https:\/\/guineediversite.com\/index.php\/2015\/10\/16\/presidentielle-du-11-octobre-15-la-mission-dobservation-electorale-de-lunion-europeenne-na-pas-valide-lelection\/#article\",\"isPartOf\":{\"@id\":\"https:\/\/guineediversite.com\/index.php\/2015\/10\/16\/presidentielle-du-11-octobre-15-la-mission-dobservation-electorale-de-lunion-europeenne-na-pas-valide-lelection\/\"},\"author\":{\"name\":\"Guin\u00e9e Diversit\u00e9\",\"@id\":\"https:\/\/guineediversite.com\/#\/schema\/person\/afa08fb34e7fc6e1feafc892612bc836\"},\"headline\":\"Pr\u00e9sidentielle du 11 octobre 15: la Mission d&#039;observation \u00e9l\u00e9ctorale de l&#039;Union Europ\u00e9enne n&#039;a pas valid\u00e9 l&#039;\u00e9lection\",\"datePublished\":\"2015-10-15T22:00:00+00:00\",\"dateModified\":\"2015-10-15T22:00:00+00:00\",\"mainEntityOfPage\":{\"@id\":\"https:\/\/guineediversite.com\/index.php\/2015\/10\/16\/presidentielle-du-11-octobre-15-la-mission-dobservation-electorale-de-lunion-europeenne-na-pas-valide-lelection\/\"},\"wordCount\":697,\"commentCount\":0,\"publisher\":{\"@id\":\"https:\/\/guineediversite.com\/#organization\"},\"articleSection\":[\"Archives\"],\"inLanguage\":\"fr-FR\",\"potentialAction\":[{\"@type\":\"CommentAction\",\"name\":\"Comment\",\"target\":[\"https:\/\/guineediversite.com\/index.php\/2015\/10\/16\/presidentielle-du-11-octobre-15-la-mission-dobservation-electorale-de-lunion-europeenne-na-pas-valide-lelection\/#respond\"]}]},{\"@type\":\"WebPage\",\"@id\":\"https:\/\/guineediversite.com\/index.php\/2015\/10\/16\/presidentielle-du-11-octobre-15-la-mission-dobservation-electorale-de-lunion-europeenne-na-pas-valide-lelection\/\",\"url\":\"https:\/\/guineediversite.com\/index.php\/2015\/10\/16\/presidentielle-du-11-octobre-15-la-mission-dobservation-electorale-de-lunion-europeenne-na-pas-valide-lelection\/\",\"name\":\"Pr\u00e9sidentielle du 11 octobre 15: la Mission d&#039;observation \u00e9l\u00e9ctorale de l&#039;Union Europ\u00e9enne n&#039;a pas valid\u00e9 l&#039;\u00e9lection | Guin\u00e9e Diversit\u00e9\",\"isPartOf\":{\"@id\":\"https:\/\/guineediversite.com\/#website\"},\"datePublished\":\"2015-10-15T22:00:00+00:00\",\"dateModified\":\"2015-10-15T22:00:00+00:00\",\"breadcrumb\":{\"@id\":\"https:\/\/guineediversite.com\/index.php\/2015\/10\/16\/presidentielle-du-11-octobre-15-la-mission-dobservation-electorale-de-lunion-europeenne-na-pas-valide-lelection\/#breadcrumb\"},\"inLanguage\":\"fr-FR\",\"potentialAction\":[{\"@type\":\"ReadAction\",\"target\":[\"https:\/\/guineediversite.com\/index.php\/2015\/10\/16\/presidentielle-du-11-octobre-15-la-mission-dobservation-electorale-de-lunion-europeenne-na-pas-valide-lelection\/\"]}]},{\"@type\":\"BreadcrumbList\",\"@id\":\"https:\/\/guineediversite.com\/index.php\/2015\/10\/16\/presidentielle-du-11-octobre-15-la-mission-dobservation-electorale-de-lunion-europeenne-na-pas-valide-lelection\/#breadcrumb\",\"itemListElement\":[{\"@type\":\"ListItem\",\"position\":1,\"name\":\"Accueil\",\"item\":\"https:\/\/guineediversite.com\/\"},{\"@type\":\"ListItem\",\"position\":2,\"name\":\"Pr\u00e9sidentielle du 11 octobre 15: la Mission d&#039;observation \u00e9l\u00e9ctorale de l&#039;Union Europ\u00e9enne n&#039;a pas valid\u00e9 l&#039;\u00e9lection\"}]},{\"@type\":\"WebSite\",\"@id\":\"https:\/\/guineediversite.com\/#website\",\"url\":\"https:\/\/guineediversite.com\/\",\"name\":\"Guin\u00e9e Diversit\u00e9\",\"description\":\"L&#039;Info dans toute sa diversit\u00e9\",\"publisher\":{\"@id\":\"https:\/\/guineediversite.com\/#organization\"},\"potentialAction\":[{\"@type\":\"SearchAction\",\"target\":{\"@type\":\"EntryPoint\",\"urlTemplate\":\"https:\/\/guineediversite.com\/?s={search_term_string}\"},\"query-input\":{\"@type\":\"PropertyValueSpecification\",\"valueRequired\":true,\"valueName\":\"search_term_string\"}}],\"inLanguage\":\"fr-FR\"},{\"@type\":\"Organization\",\"@id\":\"https:\/\/guineediversite.com\/#organization\",\"name\":\"Guin\u00e9e Diversit\u00e9\",\"url\":\"https:\/\/guineediversite.com\/\",\"logo\":{\"@type\":\"ImageObject\",\"inLanguage\":\"fr-FR\",\"@id\":\"https:\/\/guineediversite.com\/#\/schema\/logo\/image\/\",\"url\":\"https:\/\/guineediversite.com\/wp-content\/uploads\/2017\/04\/cropped-1jojlxEOMkX9Wyqfhe43D6kjPOGqBBKmx3EwWJqZ0cMrFF54yM49.png\",\"contentUrl\":\"https:\/\/guineediversite.com\/wp-content\/uploads\/2017\/04\/cropped-1jojlxEOMkX9Wyqfhe43D6kjPOGqBBKmx3EwWJqZ0cMrFF54yM49.png\",\"width\":186,\"height\":112,\"caption\":\"Guin\u00e9e Diversit\u00e9\"},\"image\":{\"@id\":\"https:\/\/guineediversite.com\/#\/schema\/logo\/image\/\"},\"sameAs\":[\"https:\/\/www.facebook.com\/guineediversite\/\",\"https:\/\/x.com\/GuineeDiversite\",\"https:\/\/www.youtube.com\/channel\/UC8sUY16qelG5ge6_D5SB83g\"]},{\"@type\":\"Person\",\"@id\":\"https:\/\/guineediversite.com\/#\/schema\/person\/afa08fb34e7fc6e1feafc892612bc836\",\"name\":\"Guin\u00e9e Diversit\u00e9\",\"image\":{\"@type\":\"ImageObject\",\"inLanguage\":\"fr-FR\",\"@id\":\"https:\/\/guineediversite.com\/#\/schema\/person\/image\/\",\"url\":\"https:\/\/secure.gravatar.com\/avatar\/50d5eb5b390f8b65ac30ac6f898eb83a?s=96&d=mm&r=g\",\"contentUrl\":\"https:\/\/secure.gravatar.com\/avatar\/50d5eb5b390f8b65ac30ac6f898eb83a?s=96&d=mm&r=g\",\"caption\":\"Guin\u00e9e Diversit\u00e9\"},\"url\":\"https:\/\/guineediversite.com\/index.php\/author\/guineediversite\/\"}]}<\/script>\n<!-- \/ Yoast SEO plugin. -->","yoast_head_json":{"title":"Pr\u00e9sidentielle du 11 octobre 15: la Mission d&#039;observation \u00e9l\u00e9ctorale de l&#039;Union Europ\u00e9enne n&#039;a pas valid\u00e9 l&#039;\u00e9lection | Guin\u00e9e Diversit\u00e9","robots":{"index":"index","follow":"follow","max-snippet":"max-snippet:-1","max-image-preview":"max-image-preview:large","max-video-preview":"max-video-preview:-1"},"canonical":"https:\/\/guineediversite.com\/index.php\/2015\/10\/16\/presidentielle-du-11-octobre-15-la-mission-dobservation-electorale-de-lunion-europeenne-na-pas-valide-lelection\/","og_locale":"fr_FR","og_type":"article","og_title":"Pr\u00e9sidentielle du 11 octobre 15: la Mission d&#039;observation \u00e9l\u00e9ctorale de l&#039;Union Europ\u00e9enne n&#039;a pas valid\u00e9 l&#039;\u00e9lection | Guin\u00e9e Diversit\u00e9","og_description":"La Mission d&rsquo;observation &eacute;lectorale de l&rsquo;Union Europ&eacute;enne a dans une lettre adress&eacute;e aux leaders politiques en course pour le fauteuil pr&eacute;sidentiel affirm&eacute; qu&rsquo;elle n&rsquo;a pas valid&eacute; l&rsquo;&eacute;lection pr&eacute;sidentielle du 11 octobre 2015. Pour Frank Engel chef de MOE-UE cela ne rel&egrave;ve pas de leur comp&eacute;tence. Voici la lettre que la mission a adress&eacute;e aux leaders [&hellip;]","og_url":"https:\/\/guineediversite.com\/index.php\/2015\/10\/16\/presidentielle-du-11-octobre-15-la-mission-dobservation-electorale-de-lunion-europeenne-na-pas-valide-lelection\/","og_site_name":"Guin\u00e9e Diversit\u00e9","article_publisher":"https:\/\/www.facebook.com\/guineediversite\/","article_published_time":"2015-10-15T22:00:00+00:00","author":"Guin\u00e9e Diversit\u00e9","twitter_card":"summary_large_image","twitter_creator":"@GuineeDiversite","twitter_site":"@GuineeDiversite","twitter_misc":{"\u00c9crit par":"Guin\u00e9e Diversit\u00e9","Dur\u00e9e de lecture estim\u00e9e":"3 minutes"},"schema":{"@context":"https:\/\/schema.org","@graph":[{"@type":"Article","@id":"https:\/\/guineediversite.com\/index.php\/2015\/10\/16\/presidentielle-du-11-octobre-15-la-mission-dobservation-electorale-de-lunion-europeenne-na-pas-valide-lelection\/#article","isPartOf":{"@id":"https:\/\/guineediversite.com\/index.php\/2015\/10\/16\/presidentielle-du-11-octobre-15-la-mission-dobservation-electorale-de-lunion-europeenne-na-pas-valide-lelection\/"},"author":{"name":"Guin\u00e9e Diversit\u00e9","@id":"https:\/\/guineediversite.com\/#\/schema\/person\/afa08fb34e7fc6e1feafc892612bc836"},"headline":"Pr\u00e9sidentielle du 11 octobre 15: la Mission d&#039;observation \u00e9l\u00e9ctorale de l&#039;Union Europ\u00e9enne n&#039;a pas valid\u00e9 l&#039;\u00e9lection","datePublished":"2015-10-15T22:00:00+00:00","dateModified":"2015-10-15T22:00:00+00:00","mainEntityOfPage":{"@id":"https:\/\/guineediversite.com\/index.php\/2015\/10\/16\/presidentielle-du-11-octobre-15-la-mission-dobservation-electorale-de-lunion-europeenne-na-pas-valide-lelection\/"},"wordCount":697,"commentCount":0,"publisher":{"@id":"https:\/\/guineediversite.com\/#organization"},"articleSection":["Archives"],"inLanguage":"fr-FR","potentialAction":[{"@type":"CommentAction","name":"Comment","target":["https:\/\/guineediversite.com\/index.php\/2015\/10\/16\/presidentielle-du-11-octobre-15-la-mission-dobservation-electorale-de-lunion-europeenne-na-pas-valide-lelection\/#respond"]}]},{"@type":"WebPage","@id":"https:\/\/guineediversite.com\/index.php\/2015\/10\/16\/presidentielle-du-11-octobre-15-la-mission-dobservation-electorale-de-lunion-europeenne-na-pas-valide-lelection\/","url":"https:\/\/guineediversite.com\/index.php\/2015\/10\/16\/presidentielle-du-11-octobre-15-la-mission-dobservation-electorale-de-lunion-europeenne-na-pas-valide-lelection\/","name":"Pr\u00e9sidentielle du 11 octobre 15: la Mission d&#039;observation \u00e9l\u00e9ctorale de l&#039;Union Europ\u00e9enne n&#039;a pas valid\u00e9 l&#039;\u00e9lection | Guin\u00e9e Diversit\u00e9","isPartOf":{"@id":"https:\/\/guineediversite.com\/#website"},"datePublished":"2015-10-15T22:00:00+00:00","dateModified":"2015-10-15T22:00:00+00:00","breadcrumb":{"@id":"https:\/\/guineediversite.com\/index.php\/2015\/10\/16\/presidentielle-du-11-octobre-15-la-mission-dobservation-electorale-de-lunion-europeenne-na-pas-valide-lelection\/#breadcrumb"},"inLanguage":"fr-FR","potentialAction":[{"@type":"ReadAction","target":["https:\/\/guineediversite.com\/index.php\/2015\/10\/16\/presidentielle-du-11-octobre-15-la-mission-dobservation-electorale-de-lunion-europeenne-na-pas-valide-lelection\/"]}]},{"@type":"BreadcrumbList","@id":"https:\/\/guineediversite.com\/index.php\/2015\/10\/16\/presidentielle-du-11-octobre-15-la-mission-dobservation-electorale-de-lunion-europeenne-na-pas-valide-lelection\/#breadcrumb","itemListElement":[{"@type":"ListItem","position":1,"name":"Accueil","item":"https:\/\/guineediversite.com\/"},{"@type":"ListItem","position":2,"name":"Pr\u00e9sidentielle du 11 octobre 15: la Mission d&#039;observation \u00e9l\u00e9ctorale de l&#039;Union Europ\u00e9enne n&#039;a pas valid\u00e9 l&#039;\u00e9lection"}]},{"@type":"WebSite","@id":"https:\/\/guineediversite.com\/#website","url":"https:\/\/guineediversite.com\/","name":"Guin\u00e9e Diversit\u00e9","description":"L&#039;Info dans toute sa diversit\u00e9","publisher":{"@id":"https:\/\/guineediversite.com\/#organization"},"potentialAction":[{"@type":"SearchAction","target":{"@type":"EntryPoint","urlTemplate":"https:\/\/guineediversite.com\/?s={search_term_string}"},"query-input":{"@type":"PropertyValueSpecification","valueRequired":true,"valueName":"search_term_string"}}],"inLanguage":"fr-FR"},{"@type":"Organization","@id":"https:\/\/guineediversite.com\/#organization","name":"Guin\u00e9e Diversit\u00e9","url":"https:\/\/guineediversite.com\/","logo":{"@type":"ImageObject","inLanguage":"fr-FR","@id":"https:\/\/guineediversite.com\/#\/schema\/logo\/image\/","url":"https:\/\/guineediversite.com\/wp-content\/uploads\/2017\/04\/cropped-1jojlxEOMkX9Wyqfhe43D6kjPOGqBBKmx3EwWJqZ0cMrFF54yM49.png","contentUrl":"https:\/\/guineediversite.com\/wp-content\/uploads\/2017\/04\/cropped-1jojlxEOMkX9Wyqfhe43D6kjPOGqBBKmx3EwWJqZ0cMrFF54yM49.png","width":186,"height":112,"caption":"Guin\u00e9e Diversit\u00e9"},"image":{"@id":"https:\/\/guineediversite.com\/#\/schema\/logo\/image\/"},"sameAs":["https:\/\/www.facebook.com\/guineediversite\/","https:\/\/x.com\/GuineeDiversite","https:\/\/www.youtube.com\/channel\/UC8sUY16qelG5ge6_D5SB83g"]},{"@type":"Person","@id":"https:\/\/guineediversite.com\/#\/schema\/person\/afa08fb34e7fc6e1feafc892612bc836","name":"Guin\u00e9e Diversit\u00e9","image":{"@type":"ImageObject","inLanguage":"fr-FR","@id":"https:\/\/guineediversite.com\/#\/schema\/person\/image\/","url":"https:\/\/secure.gravatar.com\/avatar\/50d5eb5b390f8b65ac30ac6f898eb83a?s=96&d=mm&r=g","contentUrl":"https:\/\/secure.gravatar.com\/avatar\/50d5eb5b390f8b65ac30ac6f898eb83a?s=96&d=mm&r=g","caption":"Guin\u00e9e Diversit\u00e9"},"url":"https:\/\/guineediversite.com\/index.php\/author\/guineediversite\/"}]}},"_links":{"self":[{"href":"https:\/\/guineediversite.com\/index.php\/wp-json\/wp\/v2\/posts\/18553"}],"collection":[{"href":"https:\/\/guineediversite.com\/index.php\/wp-json\/wp\/v2\/posts"}],"about":[{"href":"https:\/\/guineediversite.com\/index.php\/wp-json\/wp\/v2\/types\/post"}],"author":[{"embeddable":true,"href":"https:\/\/guineediversite.com\/index.php\/wp-json\/wp\/v2\/users\/12"}],"replies":[{"embeddable":true,"href":"https:\/\/guineediversite.com\/index.php\/wp-json\/wp\/v2\/comments?post=18553"}],"version-history":[{"count":0,"href":"https:\/\/guineediversite.com\/index.php\/wp-json\/wp\/v2\/posts\/18553\/revisions"}],"wp:attachment":[{"href":"https:\/\/guineediversite.com\/index.php\/wp-json\/wp\/v2\/media?parent=18553"}],"wp:term":[{"taxonomy":"category","embeddable":true,"href":"https:\/\/guineediversite.com\/index.php\/wp-json\/wp\/v2\/categories?post=18553"},{"taxonomy":"post_tag","embeddable":true,"href":"https:\/\/guineediversite.com\/index.php\/wp-json\/wp\/v2\/tags?post=18553"}],"curies":[{"name":"wp","href":"https:\/\/api.w.org\/{rel}","templated":true}]}}