{"id":18543,"date":"2015-10-14T00:00:00","date_gmt":"2015-10-13T22:00:00","guid":{"rendered":"https:\/\/www.guineediversite.com\/index.php\/2015\/10\/14\/crise-politique-le-ministre-de-la-justice-sexprime\/"},"modified":"2015-10-14T00:00:00","modified_gmt":"2015-10-13T22:00:00","slug":"crise-politique-le-ministre-de-la-justice-sexprime","status":"publish","type":"post","link":"https:\/\/guineediversite.com\/index.php\/2015\/10\/14\/crise-politique-le-ministre-de-la-justice-sexprime\/","title":{"rendered":"Crise politique: le Ministre de la justice  s&#039;exprime"},"content":{"rendered":"<p>Conakry, le 13 Octobre 2015 &ndash; Au nom de la R&eacute;publique que nous aimons tous, je tiens &agrave; rappeler certains principes indispensables que tout citoyen doit respecter et surtout les responsables politiques, &agrave; savoir : L&rsquo;interdiction de tout appel &agrave; la violence, notamment les man&oelig;uvres et actes de nature &agrave; compromettre la s&eacute;curit&eacute; publique ou &agrave; occasionner les troubles politiques graves tendant &agrave; jeter le discr&eacute;dit sur les institutions constitutionnelles, ou &agrave; enfreindre les lois du pays. De tels agissements sont pr&eacute;vus et punis par les dispositions des articles 86, 93, 94, 110 et suivants du code p&eacute;nal. En cons&eacute;quence, en ma qualit&eacute; de Ministre de la justice et gardien de la Loi dans notre pays, je demande &agrave; chacun, quel que soit sa position sociale ou politique de s&rsquo;abstenir de faire un tel appel. A d&eacute;faut, les contrevenants s&rsquo;exposent &agrave; la sanction de la loi. Je sais compter sur l&rsquo;esprit patriotique et le sens de responsabilit&eacute; de chacun afin que la qui&eacute;tude soit pr&eacute;serv&eacute;e dans notre pays. Enfin, je rappelle aux responsables politiques que toute contestation partielle ou totale des &eacute;lections en cours doit se faire par les voies l&eacute;gales pr&eacute;vues &agrave; cet effet devant la cour constitutionnelle.<\/p>\n<p>Ministre d&#39;Etat&nbsp; Ministre de la Justice et Garde&nbsp; des Sceaux<\/p>\n<p>Maitre&nbsp; Cheick Sacko<\/p>\n","protected":false},"excerpt":{"rendered":"<p>Conakry, le 13 Octobre 2015 &ndash; Au nom de la R&eacute;publique que nous aimons tous, je tiens &agrave; rappeler certains principes indispensables que tout citoyen doit respecter et surtout les responsables politiques, &agrave; savoir : L&rsquo;interdiction de tout appel &agrave; la violence, notamment les man&oelig;uvres et actes de nature &agrave; compromettre la s&eacute;curit&eacute; publique ou [&hellip;]<\/p>\n","protected":false},"author":12,"featured_media":0,"comment_status":"open","ping_status":"open","sticky":false,"template":"","format":"standard","meta":{"_exactmetrics_skip_tracking":false,"_exactmetrics_sitenote_active":false,"_exactmetrics_sitenote_note":"","_exactmetrics_sitenote_category":0,"tdm_status":"","tdm_grid_status":"","footnotes":""},"categories":[28],"tags":[],"class_list":{"0":"post-18543","1":"post","2":"type-post","3":"status-publish","4":"format-standard","6":"category-archives"},"yoast_head":"<!-- This site is optimized with the Yoast SEO plugin v24.2 - https:\/\/yoast.com\/wordpress\/plugins\/seo\/ -->\n<title>Crise politique: le Ministre de la justice s&#039;exprime | Guin\u00e9e Diversit\u00e9<\/title>\n<meta name=\"robots\" content=\"index, follow, max-snippet:-1, max-image-preview:large, max-video-preview:-1\" \/>\n<link rel=\"canonical\" href=\"https:\/\/guineediversite.com\/index.php\/2015\/10\/14\/crise-politique-le-ministre-de-la-justice-sexprime\/\" \/>\n<meta property=\"og:locale\" content=\"fr_FR\" \/>\n<meta property=\"og:type\" content=\"article\" \/>\n<meta property=\"og:title\" content=\"Crise politique: le Ministre de la justice s&#039;exprime | Guin\u00e9e Diversit\u00e9\" \/>\n<meta property=\"og:description\" content=\"Conakry, le 13 Octobre 2015 &ndash; Au nom de la R&eacute;publique que nous aimons tous, je tiens &agrave; rappeler certains principes indispensables que tout citoyen doit respecter et surtout les responsables politiques, &agrave; savoir : L&rsquo;interdiction de tout appel &agrave; la violence, notamment les man&oelig;uvres et actes de nature &agrave; compromettre la s&eacute;curit&eacute; publique ou [&hellip;]\" \/>\n<meta property=\"og:url\" content=\"https:\/\/guineediversite.com\/index.php\/2015\/10\/14\/crise-politique-le-ministre-de-la-justice-sexprime\/\" \/>\n<meta property=\"og:site_name\" content=\"Guin\u00e9e Diversit\u00e9\" \/>\n<meta property=\"article:publisher\" content=\"https:\/\/www.facebook.com\/guineediversite\/\" \/>\n<meta property=\"article:published_time\" content=\"2015-10-13T22:00:00+00:00\" \/>\n<meta name=\"author\" content=\"Guin\u00e9e Diversit\u00e9\" \/>\n<meta name=\"twitter:card\" content=\"summary_large_image\" \/>\n<meta name=\"twitter:creator\" content=\"@GuineeDiversite\" \/>\n<meta name=\"twitter:site\" content=\"@GuineeDiversite\" \/>\n<meta name=\"twitter:label1\" content=\"\u00c9crit par\" \/>\n\t<meta name=\"twitter:data1\" content=\"Guin\u00e9e Diversit\u00e9\" \/>\n\t<meta name=\"twitter:label2\" content=\"Dur\u00e9e de lecture estim\u00e9e\" \/>\n\t<meta name=\"twitter:data2\" content=\"1 minute\" \/>\n<script type=\"application\/ld+json\" class=\"yoast-schema-graph\">{\"@context\":\"https:\/\/schema.org\",\"@graph\":[{\"@type\":\"Article\",\"@id\":\"https:\/\/guineediversite.com\/index.php\/2015\/10\/14\/crise-politique-le-ministre-de-la-justice-sexprime\/#article\",\"isPartOf\":{\"@id\":\"https:\/\/guineediversite.com\/index.php\/2015\/10\/14\/crise-politique-le-ministre-de-la-justice-sexprime\/\"},\"author\":{\"name\":\"Guin\u00e9e Diversit\u00e9\",\"@id\":\"https:\/\/guineediversite.com\/#\/schema\/person\/afa08fb34e7fc6e1feafc892612bc836\"},\"headline\":\"Crise politique: le Ministre de la justice s&#039;exprime\",\"datePublished\":\"2015-10-13T22:00:00+00:00\",\"dateModified\":\"2015-10-13T22:00:00+00:00\",\"mainEntityOfPage\":{\"@id\":\"https:\/\/guineediversite.com\/index.php\/2015\/10\/14\/crise-politique-le-ministre-de-la-justice-sexprime\/\"},\"wordCount\":256,\"commentCount\":0,\"publisher\":{\"@id\":\"https:\/\/guineediversite.com\/#organization\"},\"articleSection\":[\"Archives\"],\"inLanguage\":\"fr-FR\",\"potentialAction\":[{\"@type\":\"CommentAction\",\"name\":\"Comment\",\"target\":[\"https:\/\/guineediversite.com\/index.php\/2015\/10\/14\/crise-politique-le-ministre-de-la-justice-sexprime\/#respond\"]}]},{\"@type\":\"WebPage\",\"@id\":\"https:\/\/guineediversite.com\/index.php\/2015\/10\/14\/crise-politique-le-ministre-de-la-justice-sexprime\/\",\"url\":\"https:\/\/guineediversite.com\/index.php\/2015\/10\/14\/crise-politique-le-ministre-de-la-justice-sexprime\/\",\"name\":\"Crise politique: le Ministre de la justice s&#039;exprime | Guin\u00e9e Diversit\u00e9\",\"isPartOf\":{\"@id\":\"https:\/\/guineediversite.com\/#website\"},\"datePublished\":\"2015-10-13T22:00:00+00:00\",\"dateModified\":\"2015-10-13T22:00:00+00:00\",\"breadcrumb\":{\"@id\":\"https:\/\/guineediversite.com\/index.php\/2015\/10\/14\/crise-politique-le-ministre-de-la-justice-sexprime\/#breadcrumb\"},\"inLanguage\":\"fr-FR\",\"potentialAction\":[{\"@type\":\"ReadAction\",\"target\":[\"https:\/\/guineediversite.com\/index.php\/2015\/10\/14\/crise-politique-le-ministre-de-la-justice-sexprime\/\"]}]},{\"@type\":\"BreadcrumbList\",\"@id\":\"https:\/\/guineediversite.com\/index.php\/2015\/10\/14\/crise-politique-le-ministre-de-la-justice-sexprime\/#breadcrumb\",\"itemListElement\":[{\"@type\":\"ListItem\",\"position\":1,\"name\":\"Accueil\",\"item\":\"https:\/\/guineediversite.com\/\"},{\"@type\":\"ListItem\",\"position\":2,\"name\":\"Crise politique: le Ministre de la justice s&#039;exprime\"}]},{\"@type\":\"WebSite\",\"@id\":\"https:\/\/guineediversite.com\/#website\",\"url\":\"https:\/\/guineediversite.com\/\",\"name\":\"Guin\u00e9e Diversit\u00e9\",\"description\":\"L&#039;Info dans toute sa diversit\u00e9\",\"publisher\":{\"@id\":\"https:\/\/guineediversite.com\/#organization\"},\"potentialAction\":[{\"@type\":\"SearchAction\",\"target\":{\"@type\":\"EntryPoint\",\"urlTemplate\":\"https:\/\/guineediversite.com\/?s={search_term_string}\"},\"query-input\":{\"@type\":\"PropertyValueSpecification\",\"valueRequired\":true,\"valueName\":\"search_term_string\"}}],\"inLanguage\":\"fr-FR\"},{\"@type\":\"Organization\",\"@id\":\"https:\/\/guineediversite.com\/#organization\",\"name\":\"Guin\u00e9e Diversit\u00e9\",\"url\":\"https:\/\/guineediversite.com\/\",\"logo\":{\"@type\":\"ImageObject\",\"inLanguage\":\"fr-FR\",\"@id\":\"https:\/\/guineediversite.com\/#\/schema\/logo\/image\/\",\"url\":\"https:\/\/guineediversite.com\/wp-content\/uploads\/2017\/04\/cropped-1jojlxEOMkX9Wyqfhe43D6kjPOGqBBKmx3EwWJqZ0cMrFF54yM49.png\",\"contentUrl\":\"https:\/\/guineediversite.com\/wp-content\/uploads\/2017\/04\/cropped-1jojlxEOMkX9Wyqfhe43D6kjPOGqBBKmx3EwWJqZ0cMrFF54yM49.png\",\"width\":186,\"height\":112,\"caption\":\"Guin\u00e9e Diversit\u00e9\"},\"image\":{\"@id\":\"https:\/\/guineediversite.com\/#\/schema\/logo\/image\/\"},\"sameAs\":[\"https:\/\/www.facebook.com\/guineediversite\/\",\"https:\/\/x.com\/GuineeDiversite\",\"https:\/\/www.youtube.com\/channel\/UC8sUY16qelG5ge6_D5SB83g\"]},{\"@type\":\"Person\",\"@id\":\"https:\/\/guineediversite.com\/#\/schema\/person\/afa08fb34e7fc6e1feafc892612bc836\",\"name\":\"Guin\u00e9e Diversit\u00e9\",\"image\":{\"@type\":\"ImageObject\",\"inLanguage\":\"fr-FR\",\"@id\":\"https:\/\/guineediversite.com\/#\/schema\/person\/image\/\",\"url\":\"https:\/\/secure.gravatar.com\/avatar\/50d5eb5b390f8b65ac30ac6f898eb83a?s=96&d=mm&r=g\",\"contentUrl\":\"https:\/\/secure.gravatar.com\/avatar\/50d5eb5b390f8b65ac30ac6f898eb83a?s=96&d=mm&r=g\",\"caption\":\"Guin\u00e9e Diversit\u00e9\"},\"url\":\"https:\/\/guineediversite.com\/index.php\/author\/guineediversite\/\"}]}<\/script>\n<!-- \/ Yoast SEO plugin. -->","yoast_head_json":{"title":"Crise politique: le Ministre de la justice s&#039;exprime | Guin\u00e9e Diversit\u00e9","robots":{"index":"index","follow":"follow","max-snippet":"max-snippet:-1","max-image-preview":"max-image-preview:large","max-video-preview":"max-video-preview:-1"},"canonical":"https:\/\/guineediversite.com\/index.php\/2015\/10\/14\/crise-politique-le-ministre-de-la-justice-sexprime\/","og_locale":"fr_FR","og_type":"article","og_title":"Crise politique: le Ministre de la justice s&#039;exprime | Guin\u00e9e Diversit\u00e9","og_description":"Conakry, le 13 Octobre 2015 &ndash; Au nom de la R&eacute;publique que nous aimons tous, je tiens &agrave; rappeler certains principes indispensables que tout citoyen doit respecter et surtout les responsables politiques, &agrave; savoir : L&rsquo;interdiction de tout appel &agrave; la violence, notamment les man&oelig;uvres et actes de nature &agrave; compromettre la s&eacute;curit&eacute; publique ou [&hellip;]","og_url":"https:\/\/guineediversite.com\/index.php\/2015\/10\/14\/crise-politique-le-ministre-de-la-justice-sexprime\/","og_site_name":"Guin\u00e9e Diversit\u00e9","article_publisher":"https:\/\/www.facebook.com\/guineediversite\/","article_published_time":"2015-10-13T22:00:00+00:00","author":"Guin\u00e9e Diversit\u00e9","twitter_card":"summary_large_image","twitter_creator":"@GuineeDiversite","twitter_site":"@GuineeDiversite","twitter_misc":{"\u00c9crit par":"Guin\u00e9e Diversit\u00e9","Dur\u00e9e de lecture estim\u00e9e":"1 minute"},"schema":{"@context":"https:\/\/schema.org","@graph":[{"@type":"Article","@id":"https:\/\/guineediversite.com\/index.php\/2015\/10\/14\/crise-politique-le-ministre-de-la-justice-sexprime\/#article","isPartOf":{"@id":"https:\/\/guineediversite.com\/index.php\/2015\/10\/14\/crise-politique-le-ministre-de-la-justice-sexprime\/"},"author":{"name":"Guin\u00e9e Diversit\u00e9","@id":"https:\/\/guineediversite.com\/#\/schema\/person\/afa08fb34e7fc6e1feafc892612bc836"},"headline":"Crise politique: le Ministre de la justice s&#039;exprime","datePublished":"2015-10-13T22:00:00+00:00","dateModified":"2015-10-13T22:00:00+00:00","mainEntityOfPage":{"@id":"https:\/\/guineediversite.com\/index.php\/2015\/10\/14\/crise-politique-le-ministre-de-la-justice-sexprime\/"},"wordCount":256,"commentCount":0,"publisher":{"@id":"https:\/\/guineediversite.com\/#organization"},"articleSection":["Archives"],"inLanguage":"fr-FR","potentialAction":[{"@type":"CommentAction","name":"Comment","target":["https:\/\/guineediversite.com\/index.php\/2015\/10\/14\/crise-politique-le-ministre-de-la-justice-sexprime\/#respond"]}]},{"@type":"WebPage","@id":"https:\/\/guineediversite.com\/index.php\/2015\/10\/14\/crise-politique-le-ministre-de-la-justice-sexprime\/","url":"https:\/\/guineediversite.com\/index.php\/2015\/10\/14\/crise-politique-le-ministre-de-la-justice-sexprime\/","name":"Crise politique: le Ministre de la justice s&#039;exprime | Guin\u00e9e Diversit\u00e9","isPartOf":{"@id":"https:\/\/guineediversite.com\/#website"},"datePublished":"2015-10-13T22:00:00+00:00","dateModified":"2015-10-13T22:00:00+00:00","breadcrumb":{"@id":"https:\/\/guineediversite.com\/index.php\/2015\/10\/14\/crise-politique-le-ministre-de-la-justice-sexprime\/#breadcrumb"},"inLanguage":"fr-FR","potentialAction":[{"@type":"ReadAction","target":["https:\/\/guineediversite.com\/index.php\/2015\/10\/14\/crise-politique-le-ministre-de-la-justice-sexprime\/"]}]},{"@type":"BreadcrumbList","@id":"https:\/\/guineediversite.com\/index.php\/2015\/10\/14\/crise-politique-le-ministre-de-la-justice-sexprime\/#breadcrumb","itemListElement":[{"@type":"ListItem","position":1,"name":"Accueil","item":"https:\/\/guineediversite.com\/"},{"@type":"ListItem","position":2,"name":"Crise politique: le Ministre de la justice s&#039;exprime"}]},{"@type":"WebSite","@id":"https:\/\/guineediversite.com\/#website","url":"https:\/\/guineediversite.com\/","name":"Guin\u00e9e Diversit\u00e9","description":"L&#039;Info dans toute sa diversit\u00e9","publisher":{"@id":"https:\/\/guineediversite.com\/#organization"},"potentialAction":[{"@type":"SearchAction","target":{"@type":"EntryPoint","urlTemplate":"https:\/\/guineediversite.com\/?s={search_term_string}"},"query-input":{"@type":"PropertyValueSpecification","valueRequired":true,"valueName":"search_term_string"}}],"inLanguage":"fr-FR"},{"@type":"Organization","@id":"https:\/\/guineediversite.com\/#organization","name":"Guin\u00e9e Diversit\u00e9","url":"https:\/\/guineediversite.com\/","logo":{"@type":"ImageObject","inLanguage":"fr-FR","@id":"https:\/\/guineediversite.com\/#\/schema\/logo\/image\/","url":"https:\/\/guineediversite.com\/wp-content\/uploads\/2017\/04\/cropped-1jojlxEOMkX9Wyqfhe43D6kjPOGqBBKmx3EwWJqZ0cMrFF54yM49.png","contentUrl":"https:\/\/guineediversite.com\/wp-content\/uploads\/2017\/04\/cropped-1jojlxEOMkX9Wyqfhe43D6kjPOGqBBKmx3EwWJqZ0cMrFF54yM49.png","width":186,"height":112,"caption":"Guin\u00e9e Diversit\u00e9"},"image":{"@id":"https:\/\/guineediversite.com\/#\/schema\/logo\/image\/"},"sameAs":["https:\/\/www.facebook.com\/guineediversite\/","https:\/\/x.com\/GuineeDiversite","https:\/\/www.youtube.com\/channel\/UC8sUY16qelG5ge6_D5SB83g"]},{"@type":"Person","@id":"https:\/\/guineediversite.com\/#\/schema\/person\/afa08fb34e7fc6e1feafc892612bc836","name":"Guin\u00e9e Diversit\u00e9","image":{"@type":"ImageObject","inLanguage":"fr-FR","@id":"https:\/\/guineediversite.com\/#\/schema\/person\/image\/","url":"https:\/\/secure.gravatar.com\/avatar\/50d5eb5b390f8b65ac30ac6f898eb83a?s=96&d=mm&r=g","contentUrl":"https:\/\/secure.gravatar.com\/avatar\/50d5eb5b390f8b65ac30ac6f898eb83a?s=96&d=mm&r=g","caption":"Guin\u00e9e Diversit\u00e9"},"url":"https:\/\/guineediversite.com\/index.php\/author\/guineediversite\/"}]}},"_links":{"self":[{"href":"https:\/\/guineediversite.com\/index.php\/wp-json\/wp\/v2\/posts\/18543"}],"collection":[{"href":"https:\/\/guineediversite.com\/index.php\/wp-json\/wp\/v2\/posts"}],"about":[{"href":"https:\/\/guineediversite.com\/index.php\/wp-json\/wp\/v2\/types\/post"}],"author":[{"embeddable":true,"href":"https:\/\/guineediversite.com\/index.php\/wp-json\/wp\/v2\/users\/12"}],"replies":[{"embeddable":true,"href":"https:\/\/guineediversite.com\/index.php\/wp-json\/wp\/v2\/comments?post=18543"}],"version-history":[{"count":0,"href":"https:\/\/guineediversite.com\/index.php\/wp-json\/wp\/v2\/posts\/18543\/revisions"}],"wp:attachment":[{"href":"https:\/\/guineediversite.com\/index.php\/wp-json\/wp\/v2\/media?parent=18543"}],"wp:term":[{"taxonomy":"category","embeddable":true,"href":"https:\/\/guineediversite.com\/index.php\/wp-json\/wp\/v2\/categories?post=18543"},{"taxonomy":"post_tag","embeddable":true,"href":"https:\/\/guineediversite.com\/index.php\/wp-json\/wp\/v2\/tags?post=18543"}],"curies":[{"name":"wp","href":"https:\/\/api.w.org\/{rel}","templated":true}]}}