{"id":18518,"date":"2015-10-06T00:00:00","date_gmt":"2015-10-05T22:00:00","guid":{"rendered":"https:\/\/www.guineediversite.com\/index.php\/2015\/10\/06\/declaration-guineematin-sindigne-de-lagression-de-son-journaliste-conakry-05-octobre-15\/"},"modified":"2015-10-06T00:00:00","modified_gmt":"2015-10-05T22:00:00","slug":"declaration-guineematin-sindigne-de-lagression-de-son-journaliste-conakry-05-octobre-15","status":"publish","type":"post","link":"https:\/\/guineediversite.com\/index.php\/2015\/10\/06\/declaration-guineematin-sindigne-de-lagression-de-son-journaliste-conakry-05-octobre-15\/","title":{"rendered":"D\u00e9claration : Guineematin s\u2019indigne de l\u2019agression de son journaliste Conakry, 05 octobre 15"},"content":{"rendered":"<p>L&rsquo;administration g&eacute;n&eacute;rale de www.guineematin.com et l&rsquo;ensemble de son personnel sont choqu&eacute;s et indign&eacute;s de l&rsquo;agression de Thierno Amadou CAMARA, journaliste de notre quotidien d&rsquo;information en ligne. Thierno Amadou CAMARA a &eacute;t&eacute; violemment agress&eacute; par des militants du parti au pouvoir, le RPG Arc-en-ciel, alors qu&rsquo;il faisait son travail. Les faits sont se d&eacute;roul&eacute;s dans la matin&eacute;e de ce lundi 05 octobre 2015 &agrave; la commune urbaine de Siguiri, &agrave; plus de 600 km &agrave; l&rsquo;est de Conakry. Le journaliste s&rsquo;&eacute;tait rendu sur place pour couvrir la crise qui oppose la f&eacute;d&eacute;ration locale du RPG Arc-en-ciel et le bureau national du parti au sujet de la recomposition du Conseil communal de Siguiri. Alors que notre journaliste &eacute;tait en entretien avec le maire au centre de la pol&eacute;mique, M. Aboubacar Sidiki TRAORE, un groupe de jeunes arm&eacute;s de pierres et de gourdins a fait irruption dans les locaux de la mairie sommant tout le monde &agrave; quitter les lieux. Thierno Amadou CAMARA s&rsquo;est pr&eacute;sent&eacute; comme journaliste et a sollicit&eacute; en savoir plus sur les motivations des jeunes en col&egrave;re. C&rsquo;est &agrave; ce moment qu&rsquo;il a &eacute;t&eacute; violemment pris &agrave; parti par plusieurs &eacute;l&eacute;ments surexcit&eacute;s qui l&rsquo;ont terrass&eacute;, brutalis&eacute; et rou&eacute; des coups. Ils lui ont retir&eacute; sa cam&eacute;ra, le couvrant d&rsquo;injures et de menaces, y compris de mort. Le journaliste a r&eacute;ussi &agrave; s&rsquo;extirper pour se mettre en s&eacute;curit&eacute;. Heureusement, Thierno Amadou CAMARA n&rsquo;a pas &eacute;t&eacute; bless&eacute; physiquement mais se trouve dans un tr&egrave;s grand choc psychologique. L&rsquo;administration de Guineematin a imm&eacute;diatement d&eacute;cid&eacute; de mettre fin &agrave; sa mission &agrave; Siguiri et &agrave; l&rsquo;exfiltrer d&rsquo;autant plus que des menaces de mort ont &eacute;t&eacute; clairement prof&eacute;r&eacute; &agrave; son encontre s&rsquo;il ne quittait pas la ville. Guineematin proteste vigoureusement aupr&egrave;s des responsables du Rpg Arc en ciel contre ce traitement d&eacute;gradant et inacceptable dont a &eacute;t&eacute; victime son journaliste. Nous demandons aux autorit&eacute;s judicaires l&rsquo;ouverture rapide d&rsquo;une enqu&ecirc;te pour situer les responsabilit&eacute;s et punir les coupables de cette agression injuste sur un journaliste en plein exercice. Nous avons le sentiment que Guineematin.com fait l&rsquo;objet d&rsquo;acharnement. Nos journalistes sont r&eacute;guli&egrave;rement victimes d&rsquo;agression de la part des forces de s&eacute;curit&eacute; ou des activistes politiques comme cette fois-ci. Depuis le d&eacute;but de l&rsquo;ann&eacute;e, c&rsquo;est la quatri&egrave;me agression physique que nous enregistrons : &#8211; Le 25 f&eacute;vrier, Abdoulaye Oumou Sow a &eacute;t&eacute; agress&eacute; et bless&eacute; par un gendarme au palais du peuple, alors qu&rsquo;il couvrait une manifestation de la soci&eacute;t&eacute; civile contre l&rsquo;ins&eacute;curit&eacute; ; &#8211; Le 7 mai, Ibrahima Sory Diallo a &eacute;t&eacute; s&eacute;v&egrave;rement molest&eacute; par des agents de la police, alors qu&rsquo;il couvrait une manifestation de l&rsquo;opposition &agrave; Cosa ; &#8211; Le 29 juillet, Thierno Amadou Camara a &eacute;t&eacute; molest&eacute; et s&eacute;questr&eacute; par des agents de la police, alors qu&rsquo;il couvrait le congr&egrave;s du pup &#8211; Et, le cas de ce lundi 5 octobre 2015 &agrave; Siguiri Nous rappelons les autorit&eacute;s leur responsabilit&eacute; de garantir la s&eacute;curit&eacute; des journalistes et des citoyens car ces agressions r&eacute;p&eacute;t&eacute;es et cibl&eacute;es doivent cesser. En tous les cas, Guineematin et ses journalistes sont r&eacute;solument engag&eacute;s &agrave; poursuivre leur travail d&rsquo;informer objectivement, professionnellement et impartialement leurs lecteurs. Loin de nous intimider et de nous d&eacute;courager, ceux qui nous agressent renforcent notre conviction que le travail que nous faisons professionnellement d&eacute;range. Contre la force aveugle de ces ennemis de la libert&eacute; d&rsquo;expression et de presse, nous dressons notre plume en bouclier, pr&ecirc;te &agrave; dire toute la v&eacute;rit&eacute;, rien que la v&eacute;rit&eacute;. Nouhou BALDE Fondateur et Administrateur G&eacute;n&eacute;ral<\/p>\n","protected":false},"excerpt":{"rendered":"<p>L&rsquo;administration g&eacute;n&eacute;rale de www.guineematin.com et l&rsquo;ensemble de son personnel sont choqu&eacute;s et indign&eacute;s de l&rsquo;agression de Thierno Amadou CAMARA, journaliste de notre quotidien d&rsquo;information en ligne. Thierno Amadou CAMARA a &eacute;t&eacute; violemment agress&eacute; par des militants du parti au pouvoir, le RPG Arc-en-ciel, alors qu&rsquo;il faisait son travail. Les faits sont se d&eacute;roul&eacute;s dans la [&hellip;]<\/p>\n","protected":false},"author":12,"featured_media":0,"comment_status":"open","ping_status":"open","sticky":false,"template":"","format":"standard","meta":{"_exactmetrics_skip_tracking":false,"_exactmetrics_sitenote_active":false,"_exactmetrics_sitenote_note":"","_exactmetrics_sitenote_category":0,"tdm_status":"","tdm_grid_status":"","footnotes":""},"categories":[28],"tags":[],"class_list":{"0":"post-18518","1":"post","2":"type-post","3":"status-publish","4":"format-standard","6":"category-archives"},"yoast_head":"<!-- This site is optimized with the Yoast SEO plugin v24.2 - https:\/\/yoast.com\/wordpress\/plugins\/seo\/ -->\n<title>D\u00e9claration : Guineematin s\u2019indigne de l\u2019agression de son journaliste Conakry, 05 octobre 15 | Guin\u00e9e Diversit\u00e9<\/title>\n<meta name=\"robots\" content=\"index, follow, max-snippet:-1, max-image-preview:large, max-video-preview:-1\" \/>\n<link rel=\"canonical\" href=\"https:\/\/guineediversite.com\/index.php\/2015\/10\/06\/declaration-guineematin-sindigne-de-lagression-de-son-journaliste-conakry-05-octobre-15\/\" \/>\n<meta property=\"og:locale\" content=\"fr_FR\" \/>\n<meta property=\"og:type\" content=\"article\" \/>\n<meta property=\"og:title\" content=\"D\u00e9claration : Guineematin s\u2019indigne de l\u2019agression de son journaliste Conakry, 05 octobre 15 | Guin\u00e9e Diversit\u00e9\" \/>\n<meta property=\"og:description\" content=\"L&rsquo;administration g&eacute;n&eacute;rale de www.guineematin.com et l&rsquo;ensemble de son personnel sont choqu&eacute;s et indign&eacute;s de l&rsquo;agression de Thierno Amadou CAMARA, journaliste de notre quotidien d&rsquo;information en ligne. Thierno Amadou CAMARA a &eacute;t&eacute; violemment agress&eacute; par des militants du parti au pouvoir, le RPG Arc-en-ciel, alors qu&rsquo;il faisait son travail. Les faits sont se d&eacute;roul&eacute;s dans la [&hellip;]\" \/>\n<meta property=\"og:url\" content=\"https:\/\/guineediversite.com\/index.php\/2015\/10\/06\/declaration-guineematin-sindigne-de-lagression-de-son-journaliste-conakry-05-octobre-15\/\" \/>\n<meta property=\"og:site_name\" content=\"Guin\u00e9e Diversit\u00e9\" \/>\n<meta property=\"article:publisher\" content=\"https:\/\/www.facebook.com\/guineediversite\/\" \/>\n<meta property=\"article:published_time\" content=\"2015-10-05T22:00:00+00:00\" \/>\n<meta name=\"author\" content=\"Guin\u00e9e Diversit\u00e9\" \/>\n<meta name=\"twitter:card\" content=\"summary_large_image\" \/>\n<meta name=\"twitter:creator\" content=\"@GuineeDiversite\" \/>\n<meta name=\"twitter:site\" content=\"@GuineeDiversite\" \/>\n<meta name=\"twitter:label1\" content=\"\u00c9crit par\" \/>\n\t<meta name=\"twitter:data1\" content=\"Guin\u00e9e Diversit\u00e9\" \/>\n\t<meta name=\"twitter:label2\" content=\"Dur\u00e9e de lecture estim\u00e9e\" \/>\n\t<meta name=\"twitter:data2\" content=\"4 minutes\" \/>\n<script type=\"application\/ld+json\" class=\"yoast-schema-graph\">{\"@context\":\"https:\/\/schema.org\",\"@graph\":[{\"@type\":\"Article\",\"@id\":\"https:\/\/guineediversite.com\/index.php\/2015\/10\/06\/declaration-guineematin-sindigne-de-lagression-de-son-journaliste-conakry-05-octobre-15\/#article\",\"isPartOf\":{\"@id\":\"https:\/\/guineediversite.com\/index.php\/2015\/10\/06\/declaration-guineematin-sindigne-de-lagression-de-son-journaliste-conakry-05-octobre-15\/\"},\"author\":{\"name\":\"Guin\u00e9e Diversit\u00e9\",\"@id\":\"https:\/\/guineediversite.com\/#\/schema\/person\/afa08fb34e7fc6e1feafc892612bc836\"},\"headline\":\"D\u00e9claration : Guineematin s\u2019indigne de l\u2019agression de son journaliste Conakry, 05 octobre 15\",\"datePublished\":\"2015-10-05T22:00:00+00:00\",\"dateModified\":\"2015-10-05T22:00:00+00:00\",\"mainEntityOfPage\":{\"@id\":\"https:\/\/guineediversite.com\/index.php\/2015\/10\/06\/declaration-guineematin-sindigne-de-lagression-de-son-journaliste-conakry-05-octobre-15\/\"},\"wordCount\":796,\"commentCount\":0,\"publisher\":{\"@id\":\"https:\/\/guineediversite.com\/#organization\"},\"articleSection\":[\"Archives\"],\"inLanguage\":\"fr-FR\",\"potentialAction\":[{\"@type\":\"CommentAction\",\"name\":\"Comment\",\"target\":[\"https:\/\/guineediversite.com\/index.php\/2015\/10\/06\/declaration-guineematin-sindigne-de-lagression-de-son-journaliste-conakry-05-octobre-15\/#respond\"]}]},{\"@type\":\"WebPage\",\"@id\":\"https:\/\/guineediversite.com\/index.php\/2015\/10\/06\/declaration-guineematin-sindigne-de-lagression-de-son-journaliste-conakry-05-octobre-15\/\",\"url\":\"https:\/\/guineediversite.com\/index.php\/2015\/10\/06\/declaration-guineematin-sindigne-de-lagression-de-son-journaliste-conakry-05-octobre-15\/\",\"name\":\"D\u00e9claration : Guineematin s\u2019indigne de l\u2019agression de son journaliste Conakry, 05 octobre 15 | Guin\u00e9e Diversit\u00e9\",\"isPartOf\":{\"@id\":\"https:\/\/guineediversite.com\/#website\"},\"datePublished\":\"2015-10-05T22:00:00+00:00\",\"dateModified\":\"2015-10-05T22:00:00+00:00\",\"breadcrumb\":{\"@id\":\"https:\/\/guineediversite.com\/index.php\/2015\/10\/06\/declaration-guineematin-sindigne-de-lagression-de-son-journaliste-conakry-05-octobre-15\/#breadcrumb\"},\"inLanguage\":\"fr-FR\",\"potentialAction\":[{\"@type\":\"ReadAction\",\"target\":[\"https:\/\/guineediversite.com\/index.php\/2015\/10\/06\/declaration-guineematin-sindigne-de-lagression-de-son-journaliste-conakry-05-octobre-15\/\"]}]},{\"@type\":\"BreadcrumbList\",\"@id\":\"https:\/\/guineediversite.com\/index.php\/2015\/10\/06\/declaration-guineematin-sindigne-de-lagression-de-son-journaliste-conakry-05-octobre-15\/#breadcrumb\",\"itemListElement\":[{\"@type\":\"ListItem\",\"position\":1,\"name\":\"Accueil\",\"item\":\"https:\/\/guineediversite.com\/\"},{\"@type\":\"ListItem\",\"position\":2,\"name\":\"D\u00e9claration : Guineematin s\u2019indigne de l\u2019agression de son journaliste Conakry, 05 octobre 15\"}]},{\"@type\":\"WebSite\",\"@id\":\"https:\/\/guineediversite.com\/#website\",\"url\":\"https:\/\/guineediversite.com\/\",\"name\":\"Guin\u00e9e Diversit\u00e9\",\"description\":\"L&#039;Info dans toute sa diversit\u00e9\",\"publisher\":{\"@id\":\"https:\/\/guineediversite.com\/#organization\"},\"potentialAction\":[{\"@type\":\"SearchAction\",\"target\":{\"@type\":\"EntryPoint\",\"urlTemplate\":\"https:\/\/guineediversite.com\/?s={search_term_string}\"},\"query-input\":{\"@type\":\"PropertyValueSpecification\",\"valueRequired\":true,\"valueName\":\"search_term_string\"}}],\"inLanguage\":\"fr-FR\"},{\"@type\":\"Organization\",\"@id\":\"https:\/\/guineediversite.com\/#organization\",\"name\":\"Guin\u00e9e Diversit\u00e9\",\"url\":\"https:\/\/guineediversite.com\/\",\"logo\":{\"@type\":\"ImageObject\",\"inLanguage\":\"fr-FR\",\"@id\":\"https:\/\/guineediversite.com\/#\/schema\/logo\/image\/\",\"url\":\"https:\/\/guineediversite.com\/wp-content\/uploads\/2017\/04\/cropped-1jojlxEOMkX9Wyqfhe43D6kjPOGqBBKmx3EwWJqZ0cMrFF54yM49.png\",\"contentUrl\":\"https:\/\/guineediversite.com\/wp-content\/uploads\/2017\/04\/cropped-1jojlxEOMkX9Wyqfhe43D6kjPOGqBBKmx3EwWJqZ0cMrFF54yM49.png\",\"width\":186,\"height\":112,\"caption\":\"Guin\u00e9e Diversit\u00e9\"},\"image\":{\"@id\":\"https:\/\/guineediversite.com\/#\/schema\/logo\/image\/\"},\"sameAs\":[\"https:\/\/www.facebook.com\/guineediversite\/\",\"https:\/\/x.com\/GuineeDiversite\",\"https:\/\/www.youtube.com\/channel\/UC8sUY16qelG5ge6_D5SB83g\"]},{\"@type\":\"Person\",\"@id\":\"https:\/\/guineediversite.com\/#\/schema\/person\/afa08fb34e7fc6e1feafc892612bc836\",\"name\":\"Guin\u00e9e Diversit\u00e9\",\"image\":{\"@type\":\"ImageObject\",\"inLanguage\":\"fr-FR\",\"@id\":\"https:\/\/guineediversite.com\/#\/schema\/person\/image\/\",\"url\":\"https:\/\/secure.gravatar.com\/avatar\/50d5eb5b390f8b65ac30ac6f898eb83a?s=96&d=mm&r=g\",\"contentUrl\":\"https:\/\/secure.gravatar.com\/avatar\/50d5eb5b390f8b65ac30ac6f898eb83a?s=96&d=mm&r=g\",\"caption\":\"Guin\u00e9e Diversit\u00e9\"},\"url\":\"https:\/\/guineediversite.com\/index.php\/author\/guineediversite\/\"}]}<\/script>\n<!-- \/ Yoast SEO plugin. -->","yoast_head_json":{"title":"D\u00e9claration : Guineematin s\u2019indigne de l\u2019agression de son journaliste Conakry, 05 octobre 15 | Guin\u00e9e Diversit\u00e9","robots":{"index":"index","follow":"follow","max-snippet":"max-snippet:-1","max-image-preview":"max-image-preview:large","max-video-preview":"max-video-preview:-1"},"canonical":"https:\/\/guineediversite.com\/index.php\/2015\/10\/06\/declaration-guineematin-sindigne-de-lagression-de-son-journaliste-conakry-05-octobre-15\/","og_locale":"fr_FR","og_type":"article","og_title":"D\u00e9claration : Guineematin s\u2019indigne de l\u2019agression de son journaliste Conakry, 05 octobre 15 | Guin\u00e9e Diversit\u00e9","og_description":"L&rsquo;administration g&eacute;n&eacute;rale de www.guineematin.com et l&rsquo;ensemble de son personnel sont choqu&eacute;s et indign&eacute;s de l&rsquo;agression de Thierno Amadou CAMARA, journaliste de notre quotidien d&rsquo;information en ligne. Thierno Amadou CAMARA a &eacute;t&eacute; violemment agress&eacute; par des militants du parti au pouvoir, le RPG Arc-en-ciel, alors qu&rsquo;il faisait son travail. Les faits sont se d&eacute;roul&eacute;s dans la [&hellip;]","og_url":"https:\/\/guineediversite.com\/index.php\/2015\/10\/06\/declaration-guineematin-sindigne-de-lagression-de-son-journaliste-conakry-05-octobre-15\/","og_site_name":"Guin\u00e9e Diversit\u00e9","article_publisher":"https:\/\/www.facebook.com\/guineediversite\/","article_published_time":"2015-10-05T22:00:00+00:00","author":"Guin\u00e9e Diversit\u00e9","twitter_card":"summary_large_image","twitter_creator":"@GuineeDiversite","twitter_site":"@GuineeDiversite","twitter_misc":{"\u00c9crit par":"Guin\u00e9e Diversit\u00e9","Dur\u00e9e de lecture estim\u00e9e":"4 minutes"},"schema":{"@context":"https:\/\/schema.org","@graph":[{"@type":"Article","@id":"https:\/\/guineediversite.com\/index.php\/2015\/10\/06\/declaration-guineematin-sindigne-de-lagression-de-son-journaliste-conakry-05-octobre-15\/#article","isPartOf":{"@id":"https:\/\/guineediversite.com\/index.php\/2015\/10\/06\/declaration-guineematin-sindigne-de-lagression-de-son-journaliste-conakry-05-octobre-15\/"},"author":{"name":"Guin\u00e9e Diversit\u00e9","@id":"https:\/\/guineediversite.com\/#\/schema\/person\/afa08fb34e7fc6e1feafc892612bc836"},"headline":"D\u00e9claration : Guineematin s\u2019indigne de l\u2019agression de son journaliste Conakry, 05 octobre 15","datePublished":"2015-10-05T22:00:00+00:00","dateModified":"2015-10-05T22:00:00+00:00","mainEntityOfPage":{"@id":"https:\/\/guineediversite.com\/index.php\/2015\/10\/06\/declaration-guineematin-sindigne-de-lagression-de-son-journaliste-conakry-05-octobre-15\/"},"wordCount":796,"commentCount":0,"publisher":{"@id":"https:\/\/guineediversite.com\/#organization"},"articleSection":["Archives"],"inLanguage":"fr-FR","potentialAction":[{"@type":"CommentAction","name":"Comment","target":["https:\/\/guineediversite.com\/index.php\/2015\/10\/06\/declaration-guineematin-sindigne-de-lagression-de-son-journaliste-conakry-05-octobre-15\/#respond"]}]},{"@type":"WebPage","@id":"https:\/\/guineediversite.com\/index.php\/2015\/10\/06\/declaration-guineematin-sindigne-de-lagression-de-son-journaliste-conakry-05-octobre-15\/","url":"https:\/\/guineediversite.com\/index.php\/2015\/10\/06\/declaration-guineematin-sindigne-de-lagression-de-son-journaliste-conakry-05-octobre-15\/","name":"D\u00e9claration : Guineematin s\u2019indigne de l\u2019agression de son journaliste Conakry, 05 octobre 15 | Guin\u00e9e Diversit\u00e9","isPartOf":{"@id":"https:\/\/guineediversite.com\/#website"},"datePublished":"2015-10-05T22:00:00+00:00","dateModified":"2015-10-05T22:00:00+00:00","breadcrumb":{"@id":"https:\/\/guineediversite.com\/index.php\/2015\/10\/06\/declaration-guineematin-sindigne-de-lagression-de-son-journaliste-conakry-05-octobre-15\/#breadcrumb"},"inLanguage":"fr-FR","potentialAction":[{"@type":"ReadAction","target":["https:\/\/guineediversite.com\/index.php\/2015\/10\/06\/declaration-guineematin-sindigne-de-lagression-de-son-journaliste-conakry-05-octobre-15\/"]}]},{"@type":"BreadcrumbList","@id":"https:\/\/guineediversite.com\/index.php\/2015\/10\/06\/declaration-guineematin-sindigne-de-lagression-de-son-journaliste-conakry-05-octobre-15\/#breadcrumb","itemListElement":[{"@type":"ListItem","position":1,"name":"Accueil","item":"https:\/\/guineediversite.com\/"},{"@type":"ListItem","position":2,"name":"D\u00e9claration : Guineematin s\u2019indigne de l\u2019agression de son journaliste Conakry, 05 octobre 15"}]},{"@type":"WebSite","@id":"https:\/\/guineediversite.com\/#website","url":"https:\/\/guineediversite.com\/","name":"Guin\u00e9e Diversit\u00e9","description":"L&#039;Info dans toute sa diversit\u00e9","publisher":{"@id":"https:\/\/guineediversite.com\/#organization"},"potentialAction":[{"@type":"SearchAction","target":{"@type":"EntryPoint","urlTemplate":"https:\/\/guineediversite.com\/?s={search_term_string}"},"query-input":{"@type":"PropertyValueSpecification","valueRequired":true,"valueName":"search_term_string"}}],"inLanguage":"fr-FR"},{"@type":"Organization","@id":"https:\/\/guineediversite.com\/#organization","name":"Guin\u00e9e Diversit\u00e9","url":"https:\/\/guineediversite.com\/","logo":{"@type":"ImageObject","inLanguage":"fr-FR","@id":"https:\/\/guineediversite.com\/#\/schema\/logo\/image\/","url":"https:\/\/guineediversite.com\/wp-content\/uploads\/2017\/04\/cropped-1jojlxEOMkX9Wyqfhe43D6kjPOGqBBKmx3EwWJqZ0cMrFF54yM49.png","contentUrl":"https:\/\/guineediversite.com\/wp-content\/uploads\/2017\/04\/cropped-1jojlxEOMkX9Wyqfhe43D6kjPOGqBBKmx3EwWJqZ0cMrFF54yM49.png","width":186,"height":112,"caption":"Guin\u00e9e Diversit\u00e9"},"image":{"@id":"https:\/\/guineediversite.com\/#\/schema\/logo\/image\/"},"sameAs":["https:\/\/www.facebook.com\/guineediversite\/","https:\/\/x.com\/GuineeDiversite","https:\/\/www.youtube.com\/channel\/UC8sUY16qelG5ge6_D5SB83g"]},{"@type":"Person","@id":"https:\/\/guineediversite.com\/#\/schema\/person\/afa08fb34e7fc6e1feafc892612bc836","name":"Guin\u00e9e Diversit\u00e9","image":{"@type":"ImageObject","inLanguage":"fr-FR","@id":"https:\/\/guineediversite.com\/#\/schema\/person\/image\/","url":"https:\/\/secure.gravatar.com\/avatar\/50d5eb5b390f8b65ac30ac6f898eb83a?s=96&d=mm&r=g","contentUrl":"https:\/\/secure.gravatar.com\/avatar\/50d5eb5b390f8b65ac30ac6f898eb83a?s=96&d=mm&r=g","caption":"Guin\u00e9e Diversit\u00e9"},"url":"https:\/\/guineediversite.com\/index.php\/author\/guineediversite\/"}]}},"_links":{"self":[{"href":"https:\/\/guineediversite.com\/index.php\/wp-json\/wp\/v2\/posts\/18518"}],"collection":[{"href":"https:\/\/guineediversite.com\/index.php\/wp-json\/wp\/v2\/posts"}],"about":[{"href":"https:\/\/guineediversite.com\/index.php\/wp-json\/wp\/v2\/types\/post"}],"author":[{"embeddable":true,"href":"https:\/\/guineediversite.com\/index.php\/wp-json\/wp\/v2\/users\/12"}],"replies":[{"embeddable":true,"href":"https:\/\/guineediversite.com\/index.php\/wp-json\/wp\/v2\/comments?post=18518"}],"version-history":[{"count":0,"href":"https:\/\/guineediversite.com\/index.php\/wp-json\/wp\/v2\/posts\/18518\/revisions"}],"wp:attachment":[{"href":"https:\/\/guineediversite.com\/index.php\/wp-json\/wp\/v2\/media?parent=18518"}],"wp:term":[{"taxonomy":"category","embeddable":true,"href":"https:\/\/guineediversite.com\/index.php\/wp-json\/wp\/v2\/categories?post=18518"},{"taxonomy":"post_tag","embeddable":true,"href":"https:\/\/guineediversite.com\/index.php\/wp-json\/wp\/v2\/tags?post=18518"}],"curies":[{"name":"wp","href":"https:\/\/api.w.org\/{rel}","templated":true}]}}