{"id":18517,"date":"2015-10-05T00:00:00","date_gmt":"2015-10-04T22:00:00","guid":{"rendered":"https:\/\/www.guineediversite.com\/index.php\/2015\/10\/05\/la-sous-prefecture-de-kanfarande-victime-dun-vent-violent\/"},"modified":"2015-10-05T00:00:00","modified_gmt":"2015-10-04T22:00:00","slug":"la-sous-prefecture-de-kanfarande-victime-dun-vent-violent","status":"publish","type":"post","link":"https:\/\/guineediversite.com\/index.php\/2015\/10\/05\/la-sous-prefecture-de-kanfarande-victime-dun-vent-violent\/","title":{"rendered":"La sous-pr\u00e9fecture de Kanfarand\u00e9 victime d\u2019un vent violent !"},"content":{"rendered":"<p>La sous-pr&eacute;fecture de Kanfarand&eacute; situ&eacute;e &agrave; 45 km de la pr&eacute;fecture de Bok&eacute; a &eacute;t&eacute; victime ce weekend d&rsquo;un vent violent. Ainsi causant d&rsquo;&eacute;normes d&eacute;g&acirc;ts mat&eacute;riels dont plusieurs maisons ravag&eacute;es mais, pas de perte en vue humaine. Joint au t&eacute;l&eacute;phone, le sous-pr&eacute;fet de cette localit&eacute; Mamoudou Yakha Camara apr&egrave;s avoir fait le bilan des d&eacute;g&acirc;ts a lanc&eacute; un appel aux autorit&eacute;s et aux personnes de bonnes volont&eacute;s afin de venir en aide &agrave; ses populations. &laquo; C&rsquo;est aux environs de 18h que ce vent violent s&rsquo;est produit &agrave; Kanfarand&eacute; en ravageant plus de 70 maisons ,18 maisons d&eacute;coiff&eacute;es plus une &eacute;cole selon le premier responsable de la localit&eacute;. L&rsquo;enqu&ecirc;te suit son cours normal et nous sommes sur le terrain pour faire le constat. Il y&rsquo;a eu aussi des arbres fruitiers qui sont tomb&eacute;s sur certaines maisons notamment chez l&rsquo;ex maire de la commune rurale qui a perdu toutes ces concessions. Nous avons attir&eacute; l&rsquo;attention du pr&eacute;fet de Bok&eacute; et ce dernier nous a demand&eacute; de faire un rapport &raquo; d&eacute;clare le sous-pr&eacute;fet. Avec 15 districts qui composent La sous-pr&eacute;fecture de Kanfarand&eacute;, la localit&eacute; a donc besoin d&rsquo;un SOS de l&rsquo;Etat et des bonnes volont&eacute;s.<\/p>\n<p>Nous y reviendrons<\/p>\n<p>Bilguissa Diallo<\/p>\n<p>622815832<\/p>\n","protected":false},"excerpt":{"rendered":"<p>La sous-pr&eacute;fecture de Kanfarand&eacute; situ&eacute;e &agrave; 45 km de la pr&eacute;fecture de Bok&eacute; a &eacute;t&eacute; victime ce weekend d&rsquo;un vent violent. Ainsi causant d&rsquo;&eacute;normes d&eacute;g&acirc;ts mat&eacute;riels dont plusieurs maisons ravag&eacute;es mais, pas de perte en vue humaine. Joint au t&eacute;l&eacute;phone, le sous-pr&eacute;fet de cette localit&eacute; Mamoudou Yakha Camara apr&egrave;s avoir fait le bilan des d&eacute;g&acirc;ts [&hellip;]<\/p>\n","protected":false},"author":12,"featured_media":0,"comment_status":"open","ping_status":"open","sticky":false,"template":"","format":"standard","meta":{"_exactmetrics_skip_tracking":false,"_exactmetrics_sitenote_active":false,"_exactmetrics_sitenote_note":"","_exactmetrics_sitenote_category":0,"tdm_status":"","tdm_grid_status":"","footnotes":""},"categories":[28],"tags":[],"class_list":{"0":"post-18517","1":"post","2":"type-post","3":"status-publish","4":"format-standard","6":"category-archives"},"yoast_head":"<!-- This site is optimized with the Yoast SEO plugin v24.2 - https:\/\/yoast.com\/wordpress\/plugins\/seo\/ -->\n<title>La sous-pr\u00e9fecture de Kanfarand\u00e9 victime d\u2019un vent violent ! | Guin\u00e9e Diversit\u00e9<\/title>\n<meta name=\"robots\" content=\"index, follow, max-snippet:-1, max-image-preview:large, max-video-preview:-1\" \/>\n<link rel=\"canonical\" href=\"https:\/\/guineediversite.com\/index.php\/2015\/10\/05\/la-sous-prefecture-de-kanfarande-victime-dun-vent-violent\/\" \/>\n<meta property=\"og:locale\" content=\"fr_FR\" \/>\n<meta property=\"og:type\" content=\"article\" \/>\n<meta property=\"og:title\" content=\"La sous-pr\u00e9fecture de Kanfarand\u00e9 victime d\u2019un vent violent ! | Guin\u00e9e Diversit\u00e9\" \/>\n<meta property=\"og:description\" content=\"La sous-pr&eacute;fecture de Kanfarand&eacute; situ&eacute;e &agrave; 45 km de la pr&eacute;fecture de Bok&eacute; a &eacute;t&eacute; victime ce weekend d&rsquo;un vent violent. Ainsi causant d&rsquo;&eacute;normes d&eacute;g&acirc;ts mat&eacute;riels dont plusieurs maisons ravag&eacute;es mais, pas de perte en vue humaine. Joint au t&eacute;l&eacute;phone, le sous-pr&eacute;fet de cette localit&eacute; Mamoudou Yakha Camara apr&egrave;s avoir fait le bilan des d&eacute;g&acirc;ts [&hellip;]\" \/>\n<meta property=\"og:url\" content=\"https:\/\/guineediversite.com\/index.php\/2015\/10\/05\/la-sous-prefecture-de-kanfarande-victime-dun-vent-violent\/\" \/>\n<meta property=\"og:site_name\" content=\"Guin\u00e9e Diversit\u00e9\" \/>\n<meta property=\"article:publisher\" content=\"https:\/\/www.facebook.com\/guineediversite\/\" \/>\n<meta property=\"article:published_time\" content=\"2015-10-04T22:00:00+00:00\" \/>\n<meta name=\"author\" content=\"Guin\u00e9e Diversit\u00e9\" \/>\n<meta name=\"twitter:card\" content=\"summary_large_image\" \/>\n<meta name=\"twitter:creator\" content=\"@GuineeDiversite\" \/>\n<meta name=\"twitter:site\" content=\"@GuineeDiversite\" \/>\n<meta name=\"twitter:label1\" content=\"\u00c9crit par\" \/>\n\t<meta name=\"twitter:data1\" content=\"Guin\u00e9e Diversit\u00e9\" \/>\n\t<meta name=\"twitter:label2\" content=\"Dur\u00e9e de lecture estim\u00e9e\" \/>\n\t<meta name=\"twitter:data2\" content=\"1 minute\" \/>\n<script type=\"application\/ld+json\" class=\"yoast-schema-graph\">{\"@context\":\"https:\/\/schema.org\",\"@graph\":[{\"@type\":\"Article\",\"@id\":\"https:\/\/guineediversite.com\/index.php\/2015\/10\/05\/la-sous-prefecture-de-kanfarande-victime-dun-vent-violent\/#article\",\"isPartOf\":{\"@id\":\"https:\/\/guineediversite.com\/index.php\/2015\/10\/05\/la-sous-prefecture-de-kanfarande-victime-dun-vent-violent\/\"},\"author\":{\"name\":\"Guin\u00e9e Diversit\u00e9\",\"@id\":\"https:\/\/guineediversite.com\/#\/schema\/person\/afa08fb34e7fc6e1feafc892612bc836\"},\"headline\":\"La sous-pr\u00e9fecture de Kanfarand\u00e9 victime d\u2019un vent violent !\",\"datePublished\":\"2015-10-04T22:00:00+00:00\",\"dateModified\":\"2015-10-04T22:00:00+00:00\",\"mainEntityOfPage\":{\"@id\":\"https:\/\/guineediversite.com\/index.php\/2015\/10\/05\/la-sous-prefecture-de-kanfarande-victime-dun-vent-violent\/\"},\"wordCount\":288,\"commentCount\":0,\"publisher\":{\"@id\":\"https:\/\/guineediversite.com\/#organization\"},\"articleSection\":[\"Archives\"],\"inLanguage\":\"fr-FR\",\"potentialAction\":[{\"@type\":\"CommentAction\",\"name\":\"Comment\",\"target\":[\"https:\/\/guineediversite.com\/index.php\/2015\/10\/05\/la-sous-prefecture-de-kanfarande-victime-dun-vent-violent\/#respond\"]}]},{\"@type\":\"WebPage\",\"@id\":\"https:\/\/guineediversite.com\/index.php\/2015\/10\/05\/la-sous-prefecture-de-kanfarande-victime-dun-vent-violent\/\",\"url\":\"https:\/\/guineediversite.com\/index.php\/2015\/10\/05\/la-sous-prefecture-de-kanfarande-victime-dun-vent-violent\/\",\"name\":\"La sous-pr\u00e9fecture de Kanfarand\u00e9 victime d\u2019un vent violent ! | Guin\u00e9e Diversit\u00e9\",\"isPartOf\":{\"@id\":\"https:\/\/guineediversite.com\/#website\"},\"datePublished\":\"2015-10-04T22:00:00+00:00\",\"dateModified\":\"2015-10-04T22:00:00+00:00\",\"breadcrumb\":{\"@id\":\"https:\/\/guineediversite.com\/index.php\/2015\/10\/05\/la-sous-prefecture-de-kanfarande-victime-dun-vent-violent\/#breadcrumb\"},\"inLanguage\":\"fr-FR\",\"potentialAction\":[{\"@type\":\"ReadAction\",\"target\":[\"https:\/\/guineediversite.com\/index.php\/2015\/10\/05\/la-sous-prefecture-de-kanfarande-victime-dun-vent-violent\/\"]}]},{\"@type\":\"BreadcrumbList\",\"@id\":\"https:\/\/guineediversite.com\/index.php\/2015\/10\/05\/la-sous-prefecture-de-kanfarande-victime-dun-vent-violent\/#breadcrumb\",\"itemListElement\":[{\"@type\":\"ListItem\",\"position\":1,\"name\":\"Accueil\",\"item\":\"https:\/\/guineediversite.com\/\"},{\"@type\":\"ListItem\",\"position\":2,\"name\":\"La sous-pr\u00e9fecture de Kanfarand\u00e9 victime d\u2019un vent violent !\"}]},{\"@type\":\"WebSite\",\"@id\":\"https:\/\/guineediversite.com\/#website\",\"url\":\"https:\/\/guineediversite.com\/\",\"name\":\"Guin\u00e9e Diversit\u00e9\",\"description\":\"L&#039;Info dans toute sa diversit\u00e9\",\"publisher\":{\"@id\":\"https:\/\/guineediversite.com\/#organization\"},\"potentialAction\":[{\"@type\":\"SearchAction\",\"target\":{\"@type\":\"EntryPoint\",\"urlTemplate\":\"https:\/\/guineediversite.com\/?s={search_term_string}\"},\"query-input\":{\"@type\":\"PropertyValueSpecification\",\"valueRequired\":true,\"valueName\":\"search_term_string\"}}],\"inLanguage\":\"fr-FR\"},{\"@type\":\"Organization\",\"@id\":\"https:\/\/guineediversite.com\/#organization\",\"name\":\"Guin\u00e9e Diversit\u00e9\",\"url\":\"https:\/\/guineediversite.com\/\",\"logo\":{\"@type\":\"ImageObject\",\"inLanguage\":\"fr-FR\",\"@id\":\"https:\/\/guineediversite.com\/#\/schema\/logo\/image\/\",\"url\":\"https:\/\/guineediversite.com\/wp-content\/uploads\/2017\/04\/cropped-1jojlxEOMkX9Wyqfhe43D6kjPOGqBBKmx3EwWJqZ0cMrFF54yM49.png\",\"contentUrl\":\"https:\/\/guineediversite.com\/wp-content\/uploads\/2017\/04\/cropped-1jojlxEOMkX9Wyqfhe43D6kjPOGqBBKmx3EwWJqZ0cMrFF54yM49.png\",\"width\":186,\"height\":112,\"caption\":\"Guin\u00e9e Diversit\u00e9\"},\"image\":{\"@id\":\"https:\/\/guineediversite.com\/#\/schema\/logo\/image\/\"},\"sameAs\":[\"https:\/\/www.facebook.com\/guineediversite\/\",\"https:\/\/x.com\/GuineeDiversite\",\"https:\/\/www.youtube.com\/channel\/UC8sUY16qelG5ge6_D5SB83g\"]},{\"@type\":\"Person\",\"@id\":\"https:\/\/guineediversite.com\/#\/schema\/person\/afa08fb34e7fc6e1feafc892612bc836\",\"name\":\"Guin\u00e9e Diversit\u00e9\",\"image\":{\"@type\":\"ImageObject\",\"inLanguage\":\"fr-FR\",\"@id\":\"https:\/\/guineediversite.com\/#\/schema\/person\/image\/\",\"url\":\"https:\/\/secure.gravatar.com\/avatar\/50d5eb5b390f8b65ac30ac6f898eb83a?s=96&d=mm&r=g\",\"contentUrl\":\"https:\/\/secure.gravatar.com\/avatar\/50d5eb5b390f8b65ac30ac6f898eb83a?s=96&d=mm&r=g\",\"caption\":\"Guin\u00e9e Diversit\u00e9\"},\"url\":\"https:\/\/guineediversite.com\/index.php\/author\/guineediversite\/\"}]}<\/script>\n<!-- \/ Yoast SEO plugin. -->","yoast_head_json":{"title":"La sous-pr\u00e9fecture de Kanfarand\u00e9 victime d\u2019un vent violent ! | Guin\u00e9e Diversit\u00e9","robots":{"index":"index","follow":"follow","max-snippet":"max-snippet:-1","max-image-preview":"max-image-preview:large","max-video-preview":"max-video-preview:-1"},"canonical":"https:\/\/guineediversite.com\/index.php\/2015\/10\/05\/la-sous-prefecture-de-kanfarande-victime-dun-vent-violent\/","og_locale":"fr_FR","og_type":"article","og_title":"La sous-pr\u00e9fecture de Kanfarand\u00e9 victime d\u2019un vent violent ! | Guin\u00e9e Diversit\u00e9","og_description":"La sous-pr&eacute;fecture de Kanfarand&eacute; situ&eacute;e &agrave; 45 km de la pr&eacute;fecture de Bok&eacute; a &eacute;t&eacute; victime ce weekend d&rsquo;un vent violent. Ainsi causant d&rsquo;&eacute;normes d&eacute;g&acirc;ts mat&eacute;riels dont plusieurs maisons ravag&eacute;es mais, pas de perte en vue humaine. Joint au t&eacute;l&eacute;phone, le sous-pr&eacute;fet de cette localit&eacute; Mamoudou Yakha Camara apr&egrave;s avoir fait le bilan des d&eacute;g&acirc;ts [&hellip;]","og_url":"https:\/\/guineediversite.com\/index.php\/2015\/10\/05\/la-sous-prefecture-de-kanfarande-victime-dun-vent-violent\/","og_site_name":"Guin\u00e9e Diversit\u00e9","article_publisher":"https:\/\/www.facebook.com\/guineediversite\/","article_published_time":"2015-10-04T22:00:00+00:00","author":"Guin\u00e9e Diversit\u00e9","twitter_card":"summary_large_image","twitter_creator":"@GuineeDiversite","twitter_site":"@GuineeDiversite","twitter_misc":{"\u00c9crit par":"Guin\u00e9e Diversit\u00e9","Dur\u00e9e de lecture estim\u00e9e":"1 minute"},"schema":{"@context":"https:\/\/schema.org","@graph":[{"@type":"Article","@id":"https:\/\/guineediversite.com\/index.php\/2015\/10\/05\/la-sous-prefecture-de-kanfarande-victime-dun-vent-violent\/#article","isPartOf":{"@id":"https:\/\/guineediversite.com\/index.php\/2015\/10\/05\/la-sous-prefecture-de-kanfarande-victime-dun-vent-violent\/"},"author":{"name":"Guin\u00e9e Diversit\u00e9","@id":"https:\/\/guineediversite.com\/#\/schema\/person\/afa08fb34e7fc6e1feafc892612bc836"},"headline":"La sous-pr\u00e9fecture de Kanfarand\u00e9 victime d\u2019un vent violent !","datePublished":"2015-10-04T22:00:00+00:00","dateModified":"2015-10-04T22:00:00+00:00","mainEntityOfPage":{"@id":"https:\/\/guineediversite.com\/index.php\/2015\/10\/05\/la-sous-prefecture-de-kanfarande-victime-dun-vent-violent\/"},"wordCount":288,"commentCount":0,"publisher":{"@id":"https:\/\/guineediversite.com\/#organization"},"articleSection":["Archives"],"inLanguage":"fr-FR","potentialAction":[{"@type":"CommentAction","name":"Comment","target":["https:\/\/guineediversite.com\/index.php\/2015\/10\/05\/la-sous-prefecture-de-kanfarande-victime-dun-vent-violent\/#respond"]}]},{"@type":"WebPage","@id":"https:\/\/guineediversite.com\/index.php\/2015\/10\/05\/la-sous-prefecture-de-kanfarande-victime-dun-vent-violent\/","url":"https:\/\/guineediversite.com\/index.php\/2015\/10\/05\/la-sous-prefecture-de-kanfarande-victime-dun-vent-violent\/","name":"La sous-pr\u00e9fecture de Kanfarand\u00e9 victime d\u2019un vent violent ! | Guin\u00e9e Diversit\u00e9","isPartOf":{"@id":"https:\/\/guineediversite.com\/#website"},"datePublished":"2015-10-04T22:00:00+00:00","dateModified":"2015-10-04T22:00:00+00:00","breadcrumb":{"@id":"https:\/\/guineediversite.com\/index.php\/2015\/10\/05\/la-sous-prefecture-de-kanfarande-victime-dun-vent-violent\/#breadcrumb"},"inLanguage":"fr-FR","potentialAction":[{"@type":"ReadAction","target":["https:\/\/guineediversite.com\/index.php\/2015\/10\/05\/la-sous-prefecture-de-kanfarande-victime-dun-vent-violent\/"]}]},{"@type":"BreadcrumbList","@id":"https:\/\/guineediversite.com\/index.php\/2015\/10\/05\/la-sous-prefecture-de-kanfarande-victime-dun-vent-violent\/#breadcrumb","itemListElement":[{"@type":"ListItem","position":1,"name":"Accueil","item":"https:\/\/guineediversite.com\/"},{"@type":"ListItem","position":2,"name":"La sous-pr\u00e9fecture de Kanfarand\u00e9 victime d\u2019un vent violent !"}]},{"@type":"WebSite","@id":"https:\/\/guineediversite.com\/#website","url":"https:\/\/guineediversite.com\/","name":"Guin\u00e9e Diversit\u00e9","description":"L&#039;Info dans toute sa diversit\u00e9","publisher":{"@id":"https:\/\/guineediversite.com\/#organization"},"potentialAction":[{"@type":"SearchAction","target":{"@type":"EntryPoint","urlTemplate":"https:\/\/guineediversite.com\/?s={search_term_string}"},"query-input":{"@type":"PropertyValueSpecification","valueRequired":true,"valueName":"search_term_string"}}],"inLanguage":"fr-FR"},{"@type":"Organization","@id":"https:\/\/guineediversite.com\/#organization","name":"Guin\u00e9e Diversit\u00e9","url":"https:\/\/guineediversite.com\/","logo":{"@type":"ImageObject","inLanguage":"fr-FR","@id":"https:\/\/guineediversite.com\/#\/schema\/logo\/image\/","url":"https:\/\/guineediversite.com\/wp-content\/uploads\/2017\/04\/cropped-1jojlxEOMkX9Wyqfhe43D6kjPOGqBBKmx3EwWJqZ0cMrFF54yM49.png","contentUrl":"https:\/\/guineediversite.com\/wp-content\/uploads\/2017\/04\/cropped-1jojlxEOMkX9Wyqfhe43D6kjPOGqBBKmx3EwWJqZ0cMrFF54yM49.png","width":186,"height":112,"caption":"Guin\u00e9e Diversit\u00e9"},"image":{"@id":"https:\/\/guineediversite.com\/#\/schema\/logo\/image\/"},"sameAs":["https:\/\/www.facebook.com\/guineediversite\/","https:\/\/x.com\/GuineeDiversite","https:\/\/www.youtube.com\/channel\/UC8sUY16qelG5ge6_D5SB83g"]},{"@type":"Person","@id":"https:\/\/guineediversite.com\/#\/schema\/person\/afa08fb34e7fc6e1feafc892612bc836","name":"Guin\u00e9e Diversit\u00e9","image":{"@type":"ImageObject","inLanguage":"fr-FR","@id":"https:\/\/guineediversite.com\/#\/schema\/person\/image\/","url":"https:\/\/secure.gravatar.com\/avatar\/50d5eb5b390f8b65ac30ac6f898eb83a?s=96&d=mm&r=g","contentUrl":"https:\/\/secure.gravatar.com\/avatar\/50d5eb5b390f8b65ac30ac6f898eb83a?s=96&d=mm&r=g","caption":"Guin\u00e9e Diversit\u00e9"},"url":"https:\/\/guineediversite.com\/index.php\/author\/guineediversite\/"}]}},"_links":{"self":[{"href":"https:\/\/guineediversite.com\/index.php\/wp-json\/wp\/v2\/posts\/18517"}],"collection":[{"href":"https:\/\/guineediversite.com\/index.php\/wp-json\/wp\/v2\/posts"}],"about":[{"href":"https:\/\/guineediversite.com\/index.php\/wp-json\/wp\/v2\/types\/post"}],"author":[{"embeddable":true,"href":"https:\/\/guineediversite.com\/index.php\/wp-json\/wp\/v2\/users\/12"}],"replies":[{"embeddable":true,"href":"https:\/\/guineediversite.com\/index.php\/wp-json\/wp\/v2\/comments?post=18517"}],"version-history":[{"count":0,"href":"https:\/\/guineediversite.com\/index.php\/wp-json\/wp\/v2\/posts\/18517\/revisions"}],"wp:attachment":[{"href":"https:\/\/guineediversite.com\/index.php\/wp-json\/wp\/v2\/media?parent=18517"}],"wp:term":[{"taxonomy":"category","embeddable":true,"href":"https:\/\/guineediversite.com\/index.php\/wp-json\/wp\/v2\/categories?post=18517"},{"taxonomy":"post_tag","embeddable":true,"href":"https:\/\/guineediversite.com\/index.php\/wp-json\/wp\/v2\/tags?post=18517"}],"curies":[{"name":"wp","href":"https:\/\/api.w.org\/{rel}","templated":true}]}}