{"id":18510,"date":"2015-09-30T00:00:00","date_gmt":"2015-09-29T22:00:00","guid":{"rendered":"https:\/\/www.guineediversite.com\/index.php\/2015\/09\/30\/burkina-faso-allo-ici-francois-hollande\/"},"modified":"2015-09-30T00:00:00","modified_gmt":"2015-09-29T22:00:00","slug":"burkina-faso-allo-ici-francois-hollande","status":"publish","type":"post","link":"https:\/\/guineediversite.com\/index.php\/2015\/09\/30\/burkina-faso-allo-ici-francois-hollande\/","title":{"rendered":"Burkina Faso : All\u00f4 ! Ici Fran\u00e7ois Hollande"},"content":{"rendered":"<p>&laquo;Pour Fran&ccedil;ois Hollande, le Burkina Faso est un mod&egrave;le de transition d&eacute;mocratique ; il a suivi de tr&egrave;s pr&egrave;s le cours des &eacute;v&eacute;nements &raquo;, confie l&#39;un de ses proches.<\/p>\n<p>De fait, depuis octobre 2014, &agrave; chaque fois qu&rsquo;il prononce un discours en Afrique, le pr&eacute;sident fran&ccedil;ais brandit&nbsp;<a href=\"http:\/\/www.jeuneafrique.com\/39108\/politique\/burkina-le-r-cit-de-la-chute-de-compaor-heure-par-heure\/\">la r&eacute;volution burkinab&egrave;<\/a>&nbsp;comme un totem. Aussi ce 17 septembre &ndash; d&egrave;s le lendemain du&nbsp;<a href=\"http:\/\/www.jeuneafrique.com\/265387\/politique\/coup-detat-burkina-faso-savoir-jour-general-diendere-a-pris-pouvoir\/\">putsch<\/a>&nbsp;-, le pr&eacute;sident fran&ccedil;ais a logiquement condamn&eacute; le coup d&rsquo;&Eacute;tat et exig&eacute; &laquo; la remise en place des institutions &raquo;. Le 20, &agrave; l&rsquo;annonce des propositions de la Cedeao, il est de ceux qui les ont jug&eacute;es trop favorables aux putschistes.<\/p>\n<p>Le 21, il a t&eacute;l&eacute;phon&eacute; &agrave; l&rsquo;un des deux m&eacute;diateurs, le S&eacute;n&eacute;galais Macky Sall, ainsi qu&rsquo;&agrave; l&rsquo;Ivoirien Alassane Dramane Ouattara. Objectif : encourager les chefs d&rsquo;&Eacute;tat de la Cedeao &agrave; adopter le lendemain, lors de&nbsp;<a href=\"http:\/\/www.jeuneafrique.com\/265938\/politique\/burkina-la-mediation-propose-un-retour-a-une-transition-dirigee-par-michel-kafando\/\">leur sommet extraordinaire &agrave; Abuja<\/a>, la position la plus ferme possible face aux mutins. Ce m&ecirc;me jour, le pr&eacute;sident fran&ccedil;ais a durci le ton.<\/p>\n<p>Dans un communiqu&eacute;, il s&rsquo;est dit pr&ecirc;t &agrave; demander &agrave; l&rsquo;Union europ&eacute;enne de prendre des sanctions &eacute;conomiques contre le Burkina au cas o&ugrave; les putschistes s&rsquo;ent&ecirc;teraient. D&egrave;s que&nbsp;<a href=\"http:\/\/www.jeuneafrique.com\/267173\/politique\/burkina-michel-kafando-retrouve-officiellement-son-poste-de-president-de-la-transition\/\">Michel Kafando a &eacute;t&eacute; lib&eacute;r&eacute;<\/a>, Fran&ccedil;ois Hollande l&rsquo;a appel&eacute;. Selon un diplomate fran&ccedil;ais, ce coup de fil a &laquo; regonfl&eacute; le moral &raquo; du chef de l&rsquo;&Eacute;tat burkinab&egrave;.<\/p>\n<p>Avec JA<\/p>\n","protected":false},"excerpt":{"rendered":"<p>&laquo;Pour Fran&ccedil;ois Hollande, le Burkina Faso est un mod&egrave;le de transition d&eacute;mocratique ; il a suivi de tr&egrave;s pr&egrave;s le cours des &eacute;v&eacute;nements &raquo;, confie l&#39;un de ses proches. De fait, depuis octobre 2014, &agrave; chaque fois qu&rsquo;il prononce un discours en Afrique, le pr&eacute;sident fran&ccedil;ais brandit&nbsp;la r&eacute;volution burkinab&egrave;&nbsp;comme un totem. Aussi ce 17 septembre [&hellip;]<\/p>\n","protected":false},"author":12,"featured_media":0,"comment_status":"open","ping_status":"open","sticky":false,"template":"","format":"standard","meta":{"_exactmetrics_skip_tracking":false,"_exactmetrics_sitenote_active":false,"_exactmetrics_sitenote_note":"","_exactmetrics_sitenote_category":0,"tdm_status":"","tdm_grid_status":"","footnotes":""},"categories":[28],"tags":[],"class_list":{"0":"post-18510","1":"post","2":"type-post","3":"status-publish","4":"format-standard","6":"category-archives"},"yoast_head":"<!-- This site is optimized with the Yoast SEO plugin v24.2 - https:\/\/yoast.com\/wordpress\/plugins\/seo\/ -->\n<title>Burkina Faso : All\u00f4 ! Ici Fran\u00e7ois Hollande | Guin\u00e9e Diversit\u00e9<\/title>\n<meta name=\"robots\" content=\"index, follow, max-snippet:-1, max-image-preview:large, max-video-preview:-1\" \/>\n<link rel=\"canonical\" href=\"https:\/\/guineediversite.com\/index.php\/2015\/09\/30\/burkina-faso-allo-ici-francois-hollande\/\" \/>\n<meta property=\"og:locale\" content=\"fr_FR\" \/>\n<meta property=\"og:type\" content=\"article\" \/>\n<meta property=\"og:title\" content=\"Burkina Faso : All\u00f4 ! Ici Fran\u00e7ois Hollande | Guin\u00e9e Diversit\u00e9\" \/>\n<meta property=\"og:description\" content=\"&laquo;Pour Fran&ccedil;ois Hollande, le Burkina Faso est un mod&egrave;le de transition d&eacute;mocratique ; il a suivi de tr&egrave;s pr&egrave;s le cours des &eacute;v&eacute;nements &raquo;, confie l&#039;un de ses proches. De fait, depuis octobre 2014, &agrave; chaque fois qu&rsquo;il prononce un discours en Afrique, le pr&eacute;sident fran&ccedil;ais brandit&nbsp;la r&eacute;volution burkinab&egrave;&nbsp;comme un totem. Aussi ce 17 septembre [&hellip;]\" \/>\n<meta property=\"og:url\" content=\"https:\/\/guineediversite.com\/index.php\/2015\/09\/30\/burkina-faso-allo-ici-francois-hollande\/\" \/>\n<meta property=\"og:site_name\" content=\"Guin\u00e9e Diversit\u00e9\" \/>\n<meta property=\"article:publisher\" content=\"https:\/\/www.facebook.com\/guineediversite\/\" \/>\n<meta property=\"article:published_time\" content=\"2015-09-29T22:00:00+00:00\" \/>\n<meta name=\"author\" content=\"Guin\u00e9e Diversit\u00e9\" \/>\n<meta name=\"twitter:card\" content=\"summary_large_image\" \/>\n<meta name=\"twitter:creator\" content=\"@GuineeDiversite\" \/>\n<meta name=\"twitter:site\" content=\"@GuineeDiversite\" \/>\n<meta name=\"twitter:label1\" content=\"\u00c9crit par\" \/>\n\t<meta name=\"twitter:data1\" content=\"Guin\u00e9e Diversit\u00e9\" \/>\n\t<meta name=\"twitter:label2\" content=\"Dur\u00e9e de lecture estim\u00e9e\" \/>\n\t<meta name=\"twitter:data2\" content=\"2 minutes\" \/>\n<script type=\"application\/ld+json\" class=\"yoast-schema-graph\">{\"@context\":\"https:\/\/schema.org\",\"@graph\":[{\"@type\":\"Article\",\"@id\":\"https:\/\/guineediversite.com\/index.php\/2015\/09\/30\/burkina-faso-allo-ici-francois-hollande\/#article\",\"isPartOf\":{\"@id\":\"https:\/\/guineediversite.com\/index.php\/2015\/09\/30\/burkina-faso-allo-ici-francois-hollande\/\"},\"author\":{\"name\":\"Guin\u00e9e Diversit\u00e9\",\"@id\":\"https:\/\/guineediversite.com\/#\/schema\/person\/afa08fb34e7fc6e1feafc892612bc836\"},\"headline\":\"Burkina Faso : All\u00f4 ! Ici Fran\u00e7ois Hollande\",\"datePublished\":\"2015-09-29T22:00:00+00:00\",\"dateModified\":\"2015-09-29T22:00:00+00:00\",\"mainEntityOfPage\":{\"@id\":\"https:\/\/guineediversite.com\/index.php\/2015\/09\/30\/burkina-faso-allo-ici-francois-hollande\/\"},\"wordCount\":327,\"commentCount\":0,\"publisher\":{\"@id\":\"https:\/\/guineediversite.com\/#organization\"},\"articleSection\":[\"Archives\"],\"inLanguage\":\"fr-FR\",\"potentialAction\":[{\"@type\":\"CommentAction\",\"name\":\"Comment\",\"target\":[\"https:\/\/guineediversite.com\/index.php\/2015\/09\/30\/burkina-faso-allo-ici-francois-hollande\/#respond\"]}]},{\"@type\":\"WebPage\",\"@id\":\"https:\/\/guineediversite.com\/index.php\/2015\/09\/30\/burkina-faso-allo-ici-francois-hollande\/\",\"url\":\"https:\/\/guineediversite.com\/index.php\/2015\/09\/30\/burkina-faso-allo-ici-francois-hollande\/\",\"name\":\"Burkina Faso : All\u00f4 ! Ici Fran\u00e7ois Hollande | Guin\u00e9e Diversit\u00e9\",\"isPartOf\":{\"@id\":\"https:\/\/guineediversite.com\/#website\"},\"datePublished\":\"2015-09-29T22:00:00+00:00\",\"dateModified\":\"2015-09-29T22:00:00+00:00\",\"breadcrumb\":{\"@id\":\"https:\/\/guineediversite.com\/index.php\/2015\/09\/30\/burkina-faso-allo-ici-francois-hollande\/#breadcrumb\"},\"inLanguage\":\"fr-FR\",\"potentialAction\":[{\"@type\":\"ReadAction\",\"target\":[\"https:\/\/guineediversite.com\/index.php\/2015\/09\/30\/burkina-faso-allo-ici-francois-hollande\/\"]}]},{\"@type\":\"BreadcrumbList\",\"@id\":\"https:\/\/guineediversite.com\/index.php\/2015\/09\/30\/burkina-faso-allo-ici-francois-hollande\/#breadcrumb\",\"itemListElement\":[{\"@type\":\"ListItem\",\"position\":1,\"name\":\"Accueil\",\"item\":\"https:\/\/guineediversite.com\/\"},{\"@type\":\"ListItem\",\"position\":2,\"name\":\"Burkina Faso : All\u00f4 ! Ici Fran\u00e7ois Hollande\"}]},{\"@type\":\"WebSite\",\"@id\":\"https:\/\/guineediversite.com\/#website\",\"url\":\"https:\/\/guineediversite.com\/\",\"name\":\"Guin\u00e9e Diversit\u00e9\",\"description\":\"L&#039;Info dans toute sa diversit\u00e9\",\"publisher\":{\"@id\":\"https:\/\/guineediversite.com\/#organization\"},\"potentialAction\":[{\"@type\":\"SearchAction\",\"target\":{\"@type\":\"EntryPoint\",\"urlTemplate\":\"https:\/\/guineediversite.com\/?s={search_term_string}\"},\"query-input\":{\"@type\":\"PropertyValueSpecification\",\"valueRequired\":true,\"valueName\":\"search_term_string\"}}],\"inLanguage\":\"fr-FR\"},{\"@type\":\"Organization\",\"@id\":\"https:\/\/guineediversite.com\/#organization\",\"name\":\"Guin\u00e9e Diversit\u00e9\",\"url\":\"https:\/\/guineediversite.com\/\",\"logo\":{\"@type\":\"ImageObject\",\"inLanguage\":\"fr-FR\",\"@id\":\"https:\/\/guineediversite.com\/#\/schema\/logo\/image\/\",\"url\":\"https:\/\/guineediversite.com\/wp-content\/uploads\/2017\/04\/cropped-1jojlxEOMkX9Wyqfhe43D6kjPOGqBBKmx3EwWJqZ0cMrFF54yM49.png\",\"contentUrl\":\"https:\/\/guineediversite.com\/wp-content\/uploads\/2017\/04\/cropped-1jojlxEOMkX9Wyqfhe43D6kjPOGqBBKmx3EwWJqZ0cMrFF54yM49.png\",\"width\":186,\"height\":112,\"caption\":\"Guin\u00e9e Diversit\u00e9\"},\"image\":{\"@id\":\"https:\/\/guineediversite.com\/#\/schema\/logo\/image\/\"},\"sameAs\":[\"https:\/\/www.facebook.com\/guineediversite\/\",\"https:\/\/x.com\/GuineeDiversite\",\"https:\/\/www.youtube.com\/channel\/UC8sUY16qelG5ge6_D5SB83g\"]},{\"@type\":\"Person\",\"@id\":\"https:\/\/guineediversite.com\/#\/schema\/person\/afa08fb34e7fc6e1feafc892612bc836\",\"name\":\"Guin\u00e9e Diversit\u00e9\",\"image\":{\"@type\":\"ImageObject\",\"inLanguage\":\"fr-FR\",\"@id\":\"https:\/\/guineediversite.com\/#\/schema\/person\/image\/\",\"url\":\"https:\/\/secure.gravatar.com\/avatar\/50d5eb5b390f8b65ac30ac6f898eb83a?s=96&d=mm&r=g\",\"contentUrl\":\"https:\/\/secure.gravatar.com\/avatar\/50d5eb5b390f8b65ac30ac6f898eb83a?s=96&d=mm&r=g\",\"caption\":\"Guin\u00e9e Diversit\u00e9\"},\"url\":\"https:\/\/guineediversite.com\/index.php\/author\/guineediversite\/\"}]}<\/script>\n<!-- \/ Yoast SEO plugin. -->","yoast_head_json":{"title":"Burkina Faso : All\u00f4 ! Ici Fran\u00e7ois Hollande | Guin\u00e9e Diversit\u00e9","robots":{"index":"index","follow":"follow","max-snippet":"max-snippet:-1","max-image-preview":"max-image-preview:large","max-video-preview":"max-video-preview:-1"},"canonical":"https:\/\/guineediversite.com\/index.php\/2015\/09\/30\/burkina-faso-allo-ici-francois-hollande\/","og_locale":"fr_FR","og_type":"article","og_title":"Burkina Faso : All\u00f4 ! Ici Fran\u00e7ois Hollande | Guin\u00e9e Diversit\u00e9","og_description":"&laquo;Pour Fran&ccedil;ois Hollande, le Burkina Faso est un mod&egrave;le de transition d&eacute;mocratique ; il a suivi de tr&egrave;s pr&egrave;s le cours des &eacute;v&eacute;nements &raquo;, confie l&#39;un de ses proches. De fait, depuis octobre 2014, &agrave; chaque fois qu&rsquo;il prononce un discours en Afrique, le pr&eacute;sident fran&ccedil;ais brandit&nbsp;la r&eacute;volution burkinab&egrave;&nbsp;comme un totem. Aussi ce 17 septembre [&hellip;]","og_url":"https:\/\/guineediversite.com\/index.php\/2015\/09\/30\/burkina-faso-allo-ici-francois-hollande\/","og_site_name":"Guin\u00e9e Diversit\u00e9","article_publisher":"https:\/\/www.facebook.com\/guineediversite\/","article_published_time":"2015-09-29T22:00:00+00:00","author":"Guin\u00e9e Diversit\u00e9","twitter_card":"summary_large_image","twitter_creator":"@GuineeDiversite","twitter_site":"@GuineeDiversite","twitter_misc":{"\u00c9crit par":"Guin\u00e9e Diversit\u00e9","Dur\u00e9e de lecture estim\u00e9e":"2 minutes"},"schema":{"@context":"https:\/\/schema.org","@graph":[{"@type":"Article","@id":"https:\/\/guineediversite.com\/index.php\/2015\/09\/30\/burkina-faso-allo-ici-francois-hollande\/#article","isPartOf":{"@id":"https:\/\/guineediversite.com\/index.php\/2015\/09\/30\/burkina-faso-allo-ici-francois-hollande\/"},"author":{"name":"Guin\u00e9e Diversit\u00e9","@id":"https:\/\/guineediversite.com\/#\/schema\/person\/afa08fb34e7fc6e1feafc892612bc836"},"headline":"Burkina Faso : All\u00f4 ! Ici Fran\u00e7ois Hollande","datePublished":"2015-09-29T22:00:00+00:00","dateModified":"2015-09-29T22:00:00+00:00","mainEntityOfPage":{"@id":"https:\/\/guineediversite.com\/index.php\/2015\/09\/30\/burkina-faso-allo-ici-francois-hollande\/"},"wordCount":327,"commentCount":0,"publisher":{"@id":"https:\/\/guineediversite.com\/#organization"},"articleSection":["Archives"],"inLanguage":"fr-FR","potentialAction":[{"@type":"CommentAction","name":"Comment","target":["https:\/\/guineediversite.com\/index.php\/2015\/09\/30\/burkina-faso-allo-ici-francois-hollande\/#respond"]}]},{"@type":"WebPage","@id":"https:\/\/guineediversite.com\/index.php\/2015\/09\/30\/burkina-faso-allo-ici-francois-hollande\/","url":"https:\/\/guineediversite.com\/index.php\/2015\/09\/30\/burkina-faso-allo-ici-francois-hollande\/","name":"Burkina Faso : All\u00f4 ! Ici Fran\u00e7ois Hollande | Guin\u00e9e Diversit\u00e9","isPartOf":{"@id":"https:\/\/guineediversite.com\/#website"},"datePublished":"2015-09-29T22:00:00+00:00","dateModified":"2015-09-29T22:00:00+00:00","breadcrumb":{"@id":"https:\/\/guineediversite.com\/index.php\/2015\/09\/30\/burkina-faso-allo-ici-francois-hollande\/#breadcrumb"},"inLanguage":"fr-FR","potentialAction":[{"@type":"ReadAction","target":["https:\/\/guineediversite.com\/index.php\/2015\/09\/30\/burkina-faso-allo-ici-francois-hollande\/"]}]},{"@type":"BreadcrumbList","@id":"https:\/\/guineediversite.com\/index.php\/2015\/09\/30\/burkina-faso-allo-ici-francois-hollande\/#breadcrumb","itemListElement":[{"@type":"ListItem","position":1,"name":"Accueil","item":"https:\/\/guineediversite.com\/"},{"@type":"ListItem","position":2,"name":"Burkina Faso : All\u00f4 ! Ici Fran\u00e7ois Hollande"}]},{"@type":"WebSite","@id":"https:\/\/guineediversite.com\/#website","url":"https:\/\/guineediversite.com\/","name":"Guin\u00e9e Diversit\u00e9","description":"L&#039;Info dans toute sa diversit\u00e9","publisher":{"@id":"https:\/\/guineediversite.com\/#organization"},"potentialAction":[{"@type":"SearchAction","target":{"@type":"EntryPoint","urlTemplate":"https:\/\/guineediversite.com\/?s={search_term_string}"},"query-input":{"@type":"PropertyValueSpecification","valueRequired":true,"valueName":"search_term_string"}}],"inLanguage":"fr-FR"},{"@type":"Organization","@id":"https:\/\/guineediversite.com\/#organization","name":"Guin\u00e9e Diversit\u00e9","url":"https:\/\/guineediversite.com\/","logo":{"@type":"ImageObject","inLanguage":"fr-FR","@id":"https:\/\/guineediversite.com\/#\/schema\/logo\/image\/","url":"https:\/\/guineediversite.com\/wp-content\/uploads\/2017\/04\/cropped-1jojlxEOMkX9Wyqfhe43D6kjPOGqBBKmx3EwWJqZ0cMrFF54yM49.png","contentUrl":"https:\/\/guineediversite.com\/wp-content\/uploads\/2017\/04\/cropped-1jojlxEOMkX9Wyqfhe43D6kjPOGqBBKmx3EwWJqZ0cMrFF54yM49.png","width":186,"height":112,"caption":"Guin\u00e9e Diversit\u00e9"},"image":{"@id":"https:\/\/guineediversite.com\/#\/schema\/logo\/image\/"},"sameAs":["https:\/\/www.facebook.com\/guineediversite\/","https:\/\/x.com\/GuineeDiversite","https:\/\/www.youtube.com\/channel\/UC8sUY16qelG5ge6_D5SB83g"]},{"@type":"Person","@id":"https:\/\/guineediversite.com\/#\/schema\/person\/afa08fb34e7fc6e1feafc892612bc836","name":"Guin\u00e9e Diversit\u00e9","image":{"@type":"ImageObject","inLanguage":"fr-FR","@id":"https:\/\/guineediversite.com\/#\/schema\/person\/image\/","url":"https:\/\/secure.gravatar.com\/avatar\/50d5eb5b390f8b65ac30ac6f898eb83a?s=96&d=mm&r=g","contentUrl":"https:\/\/secure.gravatar.com\/avatar\/50d5eb5b390f8b65ac30ac6f898eb83a?s=96&d=mm&r=g","caption":"Guin\u00e9e Diversit\u00e9"},"url":"https:\/\/guineediversite.com\/index.php\/author\/guineediversite\/"}]}},"_links":{"self":[{"href":"https:\/\/guineediversite.com\/index.php\/wp-json\/wp\/v2\/posts\/18510"}],"collection":[{"href":"https:\/\/guineediversite.com\/index.php\/wp-json\/wp\/v2\/posts"}],"about":[{"href":"https:\/\/guineediversite.com\/index.php\/wp-json\/wp\/v2\/types\/post"}],"author":[{"embeddable":true,"href":"https:\/\/guineediversite.com\/index.php\/wp-json\/wp\/v2\/users\/12"}],"replies":[{"embeddable":true,"href":"https:\/\/guineediversite.com\/index.php\/wp-json\/wp\/v2\/comments?post=18510"}],"version-history":[{"count":0,"href":"https:\/\/guineediversite.com\/index.php\/wp-json\/wp\/v2\/posts\/18510\/revisions"}],"wp:attachment":[{"href":"https:\/\/guineediversite.com\/index.php\/wp-json\/wp\/v2\/media?parent=18510"}],"wp:term":[{"taxonomy":"category","embeddable":true,"href":"https:\/\/guineediversite.com\/index.php\/wp-json\/wp\/v2\/categories?post=18510"},{"taxonomy":"post_tag","embeddable":true,"href":"https:\/\/guineediversite.com\/index.php\/wp-json\/wp\/v2\/tags?post=18510"}],"curies":[{"name":"wp","href":"https:\/\/api.w.org\/{rel}","templated":true}]}}