{"id":18508,"date":"2015-09-29T00:00:00","date_gmt":"2015-09-28T22:00:00","guid":{"rendered":"https:\/\/www.guineediversite.com\/index.php\/2015\/09\/29\/guinee-alpha-conde-inaugure-le-barrage-hydroelectrique-de-kaleta\/"},"modified":"2015-09-29T00:00:00","modified_gmt":"2015-09-28T22:00:00","slug":"guinee-alpha-conde-inaugure-le-barrage-hydroelectrique-de-kaleta","status":"publish","type":"post","link":"https:\/\/guineediversite.com\/index.php\/2015\/09\/29\/guinee-alpha-conde-inaugure-le-barrage-hydroelectrique-de-kaleta\/","title":{"rendered":"Guin\u00e9e : Alpha Cond\u00e9 inaugure le barrage hydro\u00e9lectrique de Kal\u00e9ta"},"content":{"rendered":"<p>Le barrage de Kal&eacute;ta a &eacute;t&eacute; inaugur&eacute; lundi par le pr&eacute;sident Alpha Cond&eacute; en pr&eacute;sence des chefs d&#39;&Eacute;tat nig&eacute;rien et congolais. La Guin&eacute;e attend beaucoup de cette centrale, qui devrait permettre de combler une partie du d&eacute;ficit &eacute;lectrique du pays.<\/p>\n<p>Le pr&eacute;sident guin&eacute;en, en compagnie de ses homologues nig&eacute;rien, Mahamadou Issoufou, et congolais, Denis Sassou Nguesso, a inaugur&eacute;, lundi 28 septembre 2015,&nbsp;<a href=\"http:\/\/www.jeuneafrique.com\/234394\/economie\/guinee-la-turbine-de-kaleta-met-le-turbo\/\">le barrage hydro&eacute;lectrique de Kal&eacute;ta, sur le fleuve Konkour&eacute;<\/a>, &agrave; 150 km au nord-est de Conakry, dans la pr&eacute;fecture de Dubr&eacute;ka.<\/p>\n<p>L&rsquo;ouvrage d&rsquo;une capacit&eacute; de 240 m&eacute;gawatts (MW)&nbsp;a co&ucirc;t&eacute; 446 millions de dollars conjointement financ&eacute;s par l&rsquo;&Eacute;tat guin&eacute;en &agrave; 25 % et China Exim Bank &agrave; 75 %. Cette centrale&nbsp;devrait permettre de r&eacute;sorber une bonne partie du d&eacute;ficit &eacute;nerg&eacute;tique du pays, estim&eacute; &agrave; 400 MW.<\/p>\n<p>L&rsquo;entreprise China International Water and Electric a d&ucirc; ramener le d&eacute;lai d&rsquo;ex&eacute;cution des travaux lanc&eacute;s en avril 2012 de quatre &agrave; trois ans, &agrave; la&nbsp;demande d&rsquo;Alpha Cond&eacute;, expliquent les autorit&eacute;s guin&eacute;ennes. &laquo; Jamais un barrage d&rsquo;une telle capacit&eacute; n&rsquo;a &eacute;t&eacute; r&eacute;alis&eacute; en un temps pareil&nbsp;&raquo;, a affirm&eacute;&nbsp;le ministre de l&rsquo;&Eacute;nergie et de l&rsquo;hydraulique, Cheick Taliby Sylla, qui pr&eacute;cise que &laquo;&nbsp;2 500 jeunes Guin&eacute;ens et 850 Chinois ont travaill&eacute; sur ce chantier&nbsp;&raquo;.<\/p>\n<p><strong>Paradoxe guin&eacute;en<\/strong><\/p>\n<p>&laquo; On dit que la Guin&eacute;e est un scandale g&eacute;ologique, agricole, le ch&acirc;teau d&rsquo;eau de l&rsquo;Afrique de l&rsquo;Ouest. Mais paradoxalement, nous n&rsquo;avons ni eau ni &eacute;lectricit&eacute;. Ce paradoxe ne pouvait pas continuer &raquo;, a constat&eacute; le pr&eacute;sident Cond&eacute; dans une br&egrave;ve allocution interrompue par une averse.<\/p>\n<p>&laquo; L&rsquo;&eacute;lectricit&eacute; est tr&egrave;s importante pour l&rsquo;Afrique, a-t-il ajout&eacute;. C&rsquo;est pourquoi nous sommes tr&egrave;s heureux du projet de notre ami et fr&egrave;re, Jean-Louis Borloo. [&hellip;]&nbsp;Je suis certain que tous les chefs d&rsquo;&Eacute;tat ou leurs repr&eacute;sentants pr&eacute;sents, mon cher Jean-Louis Borloo, vont vous accompagner pour faire de votre projet une r&eacute;alit&eacute; &raquo;, a-t-il d&eacute;clar&eacute; &agrave; l&rsquo;adresse de l&rsquo;ancien ministre de l&rsquo;&Eacute;cologie de Nicolas Sarkozy,&nbsp;<a href=\"http:\/\/www.jeuneafrique.com\/227464\/economie\/le-plan-borloo-pour-lelectrification-de-lafrique-un-projet-en-clair-obscur\/\">porteur de l&rsquo;initiative &laquo; &Eacute;nergies pour l&rsquo;Afrique &raquo;<\/a>.<\/p>\n<p>En r&eacute;ponse, le dirigeant fran&ccedil;ais&nbsp;s&rsquo;est r&eacute;joui que la Guin&eacute;e ait d&eacute;cid&eacute; &laquo; de doubler l&rsquo;acc&egrave;s &agrave; l&rsquo;&eacute;nergie. C&rsquo;est un &eacute;v&eacute;nement mondial. Je f&eacute;licite mon fr&egrave;re et ami, le pr&eacute;sident Alpha Cond&eacute;, et lui dis que c&rsquo;est le projet de la parole tenue, qui change la vie de quatre millions de Guin&eacute;ens&hellip;&raquo;.<\/p>\n<p><strong>Des localit&eacute;s d&eacute;senclav&eacute;es<\/strong><\/p>\n<p>Au-del&agrave; de Conakry et de huit autres pr&eacute;fectures de la basse et moyenne Guin&eacute;e qui devraient b&eacute;n&eacute;ficier du projet, la r&eacute;alisation du barrage de Kal&eacute;ta a permis de d&eacute;senclaver les sous-pr&eacute;fectures riveraines de Badi et de Tondon.<\/p>\n<p>Une route de 72 km qui m&egrave;ne au site a &eacute;t&eacute; am&eacute;nag&eacute;e et sera bitum&eacute;e d&egrave;s octobre, apr&egrave;s la p&eacute;riode des grandes pluies, a assur&eacute; Cheick Taliby Sylla. Un pont d&rsquo;une centaine de m&egrave;tres construit sur le fleuve Badi facilite d&eacute;sormais la travers&eacute;e qui se faisait par pirogue avec des risques de naufrage, s&rsquo;est r&eacute;joui&nbsp;Aboubacar Bamba, maire de la commune rurale de Tondon.<\/p>\n<p><strong>Une&nbsp;odeur de campagne &eacute;lectorale<\/strong><\/p>\n<p>Le choix de la p&eacute;riode (&agrave; moins de deux semaines du scrutin pr&eacute;sidentiel du 11 octobre) et de la date de l&rsquo;inauguration de ce projet phare du quinquennat d&rsquo;Alpha Cond&eacute; (<a href=\"http:\/\/www.jeuneafrique.com\/132294\/archives-thematique\/la-guin-e-proclame-son-ind-pendance\/\">le 28 septembre marque l&rsquo;anniversaire du &laquo; non &raquo; de Sekou Tour&eacute; au G&eacute;n&eacute;ral de Gaulle<\/a>, en 1958) ne semblent &eacute;videmment pas fortuits. T&ocirc;t le matin, les militants du RPG Arc-en-ciel ont pris d&rsquo;assaut le site, v&ecirc;tus aux couleurs de leur parti et entonnant des slogans favorables au pr&eacute;sident sortant.<\/p>\n<p>En 2010, Alpha Cond&eacute;, alors candidat, avait promis du courant aux Guin&eacute;ens en trois mois. D&egrave;s son investiture, il s&rsquo;y est attel&eacute; sans grand r&eacute;sultat. &laquo; Nous avons fait une erreur grave, en achetant les centrales thermiques, avait-il admis devant la presse, le 27 ao&ucirc;t 2015 au palais pr&eacute;sidentiel S&eacute;khoutour&eacute;ya. Les 120 millions de dollars qui ont &eacute;t&eacute; consacr&eacute;s &agrave; l&rsquo;achat de nouvelles centrales thermiques auraient pu &ecirc;tre utilis&eacute;s par l&rsquo;&Eacute;tat pour am&eacute;liorer le r&eacute;seau de transport et de distribution du courant. J&rsquo;aurais d&ucirc; laisser les [op&eacute;rateurs] priv&eacute;s acheter les centrales, pour qu&rsquo;ils vendent ensuite leurs productions &agrave; l&rsquo;EDG [&Eacute;lectricit&eacute; de Guin&eacute;e, NDLR] &raquo;.<\/p>\n<p><strong>D&eacute;fis<\/strong><\/p>\n<p>Le d&eacute;fi pour le candidat du RPG Arc-en-ciel est de convaincre les &eacute;lecteurs r&eacute;ticents que le courant de Kal&eacute;ta ne d&eacute;sertera pas les foyers&nbsp;pendant la saison s&egrave;che, comme le soutiennent ses opposants qui pointent du doigt Garafiri. L&rsquo;autre barrage hydro&eacute;lectrique sur le m&ecirc;me fleuve Konkour&eacute;, inaugur&eacute; en grande pompe en 1999 par le d&eacute;funt pr&eacute;sident Lansana Cont&eacute;, en pr&eacute;sence de l&rsquo;ex-pr&eacute;sident fran&ccedil;ais, Jacques Chirac,&nbsp;<a href=\"http:\/\/www.jeuneafrique.com\/193941\/archives-thematique\/les-travaux-d-hercule\/\">n&rsquo;avait pas tenu toutes ses promesses<\/a>.<\/p>\n<p>Avec JA<\/p>\n","protected":false},"excerpt":{"rendered":"<p>Le barrage de Kal&eacute;ta a &eacute;t&eacute; inaugur&eacute; lundi par le pr&eacute;sident Alpha Cond&eacute; en pr&eacute;sence des chefs d&#39;&Eacute;tat nig&eacute;rien et congolais. La Guin&eacute;e attend beaucoup de cette centrale, qui devrait permettre de combler une partie du d&eacute;ficit &eacute;lectrique du pays. Le pr&eacute;sident guin&eacute;en, en compagnie de ses homologues nig&eacute;rien, Mahamadou Issoufou, et congolais, Denis Sassou [&hellip;]<\/p>\n","protected":false},"author":12,"featured_media":0,"comment_status":"open","ping_status":"open","sticky":false,"template":"","format":"standard","meta":{"_exactmetrics_skip_tracking":false,"_exactmetrics_sitenote_active":false,"_exactmetrics_sitenote_note":"","_exactmetrics_sitenote_category":0,"tdm_status":"","tdm_grid_status":"","footnotes":""},"categories":[28],"tags":[],"class_list":{"0":"post-18508","1":"post","2":"type-post","3":"status-publish","4":"format-standard","6":"category-archives"},"yoast_head":"<!-- This site is optimized with the Yoast SEO plugin v24.2 - https:\/\/yoast.com\/wordpress\/plugins\/seo\/ -->\n<title>Guin\u00e9e : Alpha Cond\u00e9 inaugure le barrage hydro\u00e9lectrique de Kal\u00e9ta | Guin\u00e9e Diversit\u00e9<\/title>\n<meta name=\"robots\" content=\"index, follow, max-snippet:-1, max-image-preview:large, max-video-preview:-1\" \/>\n<link rel=\"canonical\" href=\"https:\/\/guineediversite.com\/index.php\/2015\/09\/29\/guinee-alpha-conde-inaugure-le-barrage-hydroelectrique-de-kaleta\/\" \/>\n<meta property=\"og:locale\" content=\"fr_FR\" \/>\n<meta property=\"og:type\" content=\"article\" \/>\n<meta property=\"og:title\" content=\"Guin\u00e9e : Alpha Cond\u00e9 inaugure le barrage hydro\u00e9lectrique de Kal\u00e9ta | Guin\u00e9e Diversit\u00e9\" \/>\n<meta property=\"og:description\" content=\"Le barrage de Kal&eacute;ta a &eacute;t&eacute; inaugur&eacute; lundi par le pr&eacute;sident Alpha Cond&eacute; en pr&eacute;sence des chefs d&#039;&Eacute;tat nig&eacute;rien et congolais. La Guin&eacute;e attend beaucoup de cette centrale, qui devrait permettre de combler une partie du d&eacute;ficit &eacute;lectrique du pays. Le pr&eacute;sident guin&eacute;en, en compagnie de ses homologues nig&eacute;rien, Mahamadou Issoufou, et congolais, Denis Sassou [&hellip;]\" \/>\n<meta property=\"og:url\" content=\"https:\/\/guineediversite.com\/index.php\/2015\/09\/29\/guinee-alpha-conde-inaugure-le-barrage-hydroelectrique-de-kaleta\/\" \/>\n<meta property=\"og:site_name\" content=\"Guin\u00e9e Diversit\u00e9\" \/>\n<meta property=\"article:publisher\" content=\"https:\/\/www.facebook.com\/guineediversite\/\" \/>\n<meta property=\"article:published_time\" content=\"2015-09-28T22:00:00+00:00\" \/>\n<meta name=\"author\" content=\"Guin\u00e9e Diversit\u00e9\" \/>\n<meta name=\"twitter:card\" content=\"summary_large_image\" \/>\n<meta name=\"twitter:creator\" content=\"@GuineeDiversite\" \/>\n<meta name=\"twitter:site\" content=\"@GuineeDiversite\" \/>\n<meta name=\"twitter:label1\" content=\"\u00c9crit par\" \/>\n\t<meta name=\"twitter:data1\" content=\"Guin\u00e9e Diversit\u00e9\" \/>\n\t<meta name=\"twitter:label2\" content=\"Dur\u00e9e de lecture estim\u00e9e\" \/>\n\t<meta name=\"twitter:data2\" content=\"6 minutes\" \/>\n<script type=\"application\/ld+json\" class=\"yoast-schema-graph\">{\"@context\":\"https:\/\/schema.org\",\"@graph\":[{\"@type\":\"Article\",\"@id\":\"https:\/\/guineediversite.com\/index.php\/2015\/09\/29\/guinee-alpha-conde-inaugure-le-barrage-hydroelectrique-de-kaleta\/#article\",\"isPartOf\":{\"@id\":\"https:\/\/guineediversite.com\/index.php\/2015\/09\/29\/guinee-alpha-conde-inaugure-le-barrage-hydroelectrique-de-kaleta\/\"},\"author\":{\"name\":\"Guin\u00e9e Diversit\u00e9\",\"@id\":\"https:\/\/guineediversite.com\/#\/schema\/person\/afa08fb34e7fc6e1feafc892612bc836\"},\"headline\":\"Guin\u00e9e : Alpha Cond\u00e9 inaugure le barrage hydro\u00e9lectrique de Kal\u00e9ta\",\"datePublished\":\"2015-09-28T22:00:00+00:00\",\"dateModified\":\"2015-09-28T22:00:00+00:00\",\"mainEntityOfPage\":{\"@id\":\"https:\/\/guineediversite.com\/index.php\/2015\/09\/29\/guinee-alpha-conde-inaugure-le-barrage-hydroelectrique-de-kaleta\/\"},\"wordCount\":1112,\"commentCount\":0,\"publisher\":{\"@id\":\"https:\/\/guineediversite.com\/#organization\"},\"articleSection\":[\"Archives\"],\"inLanguage\":\"fr-FR\",\"potentialAction\":[{\"@type\":\"CommentAction\",\"name\":\"Comment\",\"target\":[\"https:\/\/guineediversite.com\/index.php\/2015\/09\/29\/guinee-alpha-conde-inaugure-le-barrage-hydroelectrique-de-kaleta\/#respond\"]}]},{\"@type\":\"WebPage\",\"@id\":\"https:\/\/guineediversite.com\/index.php\/2015\/09\/29\/guinee-alpha-conde-inaugure-le-barrage-hydroelectrique-de-kaleta\/\",\"url\":\"https:\/\/guineediversite.com\/index.php\/2015\/09\/29\/guinee-alpha-conde-inaugure-le-barrage-hydroelectrique-de-kaleta\/\",\"name\":\"Guin\u00e9e : Alpha Cond\u00e9 inaugure le barrage hydro\u00e9lectrique de Kal\u00e9ta | Guin\u00e9e Diversit\u00e9\",\"isPartOf\":{\"@id\":\"https:\/\/guineediversite.com\/#website\"},\"datePublished\":\"2015-09-28T22:00:00+00:00\",\"dateModified\":\"2015-09-28T22:00:00+00:00\",\"breadcrumb\":{\"@id\":\"https:\/\/guineediversite.com\/index.php\/2015\/09\/29\/guinee-alpha-conde-inaugure-le-barrage-hydroelectrique-de-kaleta\/#breadcrumb\"},\"inLanguage\":\"fr-FR\",\"potentialAction\":[{\"@type\":\"ReadAction\",\"target\":[\"https:\/\/guineediversite.com\/index.php\/2015\/09\/29\/guinee-alpha-conde-inaugure-le-barrage-hydroelectrique-de-kaleta\/\"]}]},{\"@type\":\"BreadcrumbList\",\"@id\":\"https:\/\/guineediversite.com\/index.php\/2015\/09\/29\/guinee-alpha-conde-inaugure-le-barrage-hydroelectrique-de-kaleta\/#breadcrumb\",\"itemListElement\":[{\"@type\":\"ListItem\",\"position\":1,\"name\":\"Accueil\",\"item\":\"https:\/\/guineediversite.com\/\"},{\"@type\":\"ListItem\",\"position\":2,\"name\":\"Guin\u00e9e : Alpha Cond\u00e9 inaugure le barrage hydro\u00e9lectrique de Kal\u00e9ta\"}]},{\"@type\":\"WebSite\",\"@id\":\"https:\/\/guineediversite.com\/#website\",\"url\":\"https:\/\/guineediversite.com\/\",\"name\":\"Guin\u00e9e Diversit\u00e9\",\"description\":\"L&#039;Info dans toute sa diversit\u00e9\",\"publisher\":{\"@id\":\"https:\/\/guineediversite.com\/#organization\"},\"potentialAction\":[{\"@type\":\"SearchAction\",\"target\":{\"@type\":\"EntryPoint\",\"urlTemplate\":\"https:\/\/guineediversite.com\/?s={search_term_string}\"},\"query-input\":{\"@type\":\"PropertyValueSpecification\",\"valueRequired\":true,\"valueName\":\"search_term_string\"}}],\"inLanguage\":\"fr-FR\"},{\"@type\":\"Organization\",\"@id\":\"https:\/\/guineediversite.com\/#organization\",\"name\":\"Guin\u00e9e Diversit\u00e9\",\"url\":\"https:\/\/guineediversite.com\/\",\"logo\":{\"@type\":\"ImageObject\",\"inLanguage\":\"fr-FR\",\"@id\":\"https:\/\/guineediversite.com\/#\/schema\/logo\/image\/\",\"url\":\"https:\/\/guineediversite.com\/wp-content\/uploads\/2017\/04\/cropped-1jojlxEOMkX9Wyqfhe43D6kjPOGqBBKmx3EwWJqZ0cMrFF54yM49.png\",\"contentUrl\":\"https:\/\/guineediversite.com\/wp-content\/uploads\/2017\/04\/cropped-1jojlxEOMkX9Wyqfhe43D6kjPOGqBBKmx3EwWJqZ0cMrFF54yM49.png\",\"width\":186,\"height\":112,\"caption\":\"Guin\u00e9e Diversit\u00e9\"},\"image\":{\"@id\":\"https:\/\/guineediversite.com\/#\/schema\/logo\/image\/\"},\"sameAs\":[\"https:\/\/www.facebook.com\/guineediversite\/\",\"https:\/\/x.com\/GuineeDiversite\",\"https:\/\/www.youtube.com\/channel\/UC8sUY16qelG5ge6_D5SB83g\"]},{\"@type\":\"Person\",\"@id\":\"https:\/\/guineediversite.com\/#\/schema\/person\/afa08fb34e7fc6e1feafc892612bc836\",\"name\":\"Guin\u00e9e Diversit\u00e9\",\"image\":{\"@type\":\"ImageObject\",\"inLanguage\":\"fr-FR\",\"@id\":\"https:\/\/guineediversite.com\/#\/schema\/person\/image\/\",\"url\":\"https:\/\/secure.gravatar.com\/avatar\/50d5eb5b390f8b65ac30ac6f898eb83a?s=96&d=mm&r=g\",\"contentUrl\":\"https:\/\/secure.gravatar.com\/avatar\/50d5eb5b390f8b65ac30ac6f898eb83a?s=96&d=mm&r=g\",\"caption\":\"Guin\u00e9e Diversit\u00e9\"},\"url\":\"https:\/\/guineediversite.com\/index.php\/author\/guineediversite\/\"}]}<\/script>\n<!-- \/ Yoast SEO plugin. -->","yoast_head_json":{"title":"Guin\u00e9e : Alpha Cond\u00e9 inaugure le barrage hydro\u00e9lectrique de Kal\u00e9ta | Guin\u00e9e Diversit\u00e9","robots":{"index":"index","follow":"follow","max-snippet":"max-snippet:-1","max-image-preview":"max-image-preview:large","max-video-preview":"max-video-preview:-1"},"canonical":"https:\/\/guineediversite.com\/index.php\/2015\/09\/29\/guinee-alpha-conde-inaugure-le-barrage-hydroelectrique-de-kaleta\/","og_locale":"fr_FR","og_type":"article","og_title":"Guin\u00e9e : Alpha Cond\u00e9 inaugure le barrage hydro\u00e9lectrique de Kal\u00e9ta | Guin\u00e9e Diversit\u00e9","og_description":"Le barrage de Kal&eacute;ta a &eacute;t&eacute; inaugur&eacute; lundi par le pr&eacute;sident Alpha Cond&eacute; en pr&eacute;sence des chefs d&#39;&Eacute;tat nig&eacute;rien et congolais. La Guin&eacute;e attend beaucoup de cette centrale, qui devrait permettre de combler une partie du d&eacute;ficit &eacute;lectrique du pays. Le pr&eacute;sident guin&eacute;en, en compagnie de ses homologues nig&eacute;rien, Mahamadou Issoufou, et congolais, Denis Sassou [&hellip;]","og_url":"https:\/\/guineediversite.com\/index.php\/2015\/09\/29\/guinee-alpha-conde-inaugure-le-barrage-hydroelectrique-de-kaleta\/","og_site_name":"Guin\u00e9e Diversit\u00e9","article_publisher":"https:\/\/www.facebook.com\/guineediversite\/","article_published_time":"2015-09-28T22:00:00+00:00","author":"Guin\u00e9e Diversit\u00e9","twitter_card":"summary_large_image","twitter_creator":"@GuineeDiversite","twitter_site":"@GuineeDiversite","twitter_misc":{"\u00c9crit par":"Guin\u00e9e Diversit\u00e9","Dur\u00e9e de lecture estim\u00e9e":"6 minutes"},"schema":{"@context":"https:\/\/schema.org","@graph":[{"@type":"Article","@id":"https:\/\/guineediversite.com\/index.php\/2015\/09\/29\/guinee-alpha-conde-inaugure-le-barrage-hydroelectrique-de-kaleta\/#article","isPartOf":{"@id":"https:\/\/guineediversite.com\/index.php\/2015\/09\/29\/guinee-alpha-conde-inaugure-le-barrage-hydroelectrique-de-kaleta\/"},"author":{"name":"Guin\u00e9e Diversit\u00e9","@id":"https:\/\/guineediversite.com\/#\/schema\/person\/afa08fb34e7fc6e1feafc892612bc836"},"headline":"Guin\u00e9e : Alpha Cond\u00e9 inaugure le barrage hydro\u00e9lectrique de Kal\u00e9ta","datePublished":"2015-09-28T22:00:00+00:00","dateModified":"2015-09-28T22:00:00+00:00","mainEntityOfPage":{"@id":"https:\/\/guineediversite.com\/index.php\/2015\/09\/29\/guinee-alpha-conde-inaugure-le-barrage-hydroelectrique-de-kaleta\/"},"wordCount":1112,"commentCount":0,"publisher":{"@id":"https:\/\/guineediversite.com\/#organization"},"articleSection":["Archives"],"inLanguage":"fr-FR","potentialAction":[{"@type":"CommentAction","name":"Comment","target":["https:\/\/guineediversite.com\/index.php\/2015\/09\/29\/guinee-alpha-conde-inaugure-le-barrage-hydroelectrique-de-kaleta\/#respond"]}]},{"@type":"WebPage","@id":"https:\/\/guineediversite.com\/index.php\/2015\/09\/29\/guinee-alpha-conde-inaugure-le-barrage-hydroelectrique-de-kaleta\/","url":"https:\/\/guineediversite.com\/index.php\/2015\/09\/29\/guinee-alpha-conde-inaugure-le-barrage-hydroelectrique-de-kaleta\/","name":"Guin\u00e9e : Alpha Cond\u00e9 inaugure le barrage hydro\u00e9lectrique de Kal\u00e9ta | Guin\u00e9e Diversit\u00e9","isPartOf":{"@id":"https:\/\/guineediversite.com\/#website"},"datePublished":"2015-09-28T22:00:00+00:00","dateModified":"2015-09-28T22:00:00+00:00","breadcrumb":{"@id":"https:\/\/guineediversite.com\/index.php\/2015\/09\/29\/guinee-alpha-conde-inaugure-le-barrage-hydroelectrique-de-kaleta\/#breadcrumb"},"inLanguage":"fr-FR","potentialAction":[{"@type":"ReadAction","target":["https:\/\/guineediversite.com\/index.php\/2015\/09\/29\/guinee-alpha-conde-inaugure-le-barrage-hydroelectrique-de-kaleta\/"]}]},{"@type":"BreadcrumbList","@id":"https:\/\/guineediversite.com\/index.php\/2015\/09\/29\/guinee-alpha-conde-inaugure-le-barrage-hydroelectrique-de-kaleta\/#breadcrumb","itemListElement":[{"@type":"ListItem","position":1,"name":"Accueil","item":"https:\/\/guineediversite.com\/"},{"@type":"ListItem","position":2,"name":"Guin\u00e9e : Alpha Cond\u00e9 inaugure le barrage hydro\u00e9lectrique de Kal\u00e9ta"}]},{"@type":"WebSite","@id":"https:\/\/guineediversite.com\/#website","url":"https:\/\/guineediversite.com\/","name":"Guin\u00e9e Diversit\u00e9","description":"L&#039;Info dans toute sa diversit\u00e9","publisher":{"@id":"https:\/\/guineediversite.com\/#organization"},"potentialAction":[{"@type":"SearchAction","target":{"@type":"EntryPoint","urlTemplate":"https:\/\/guineediversite.com\/?s={search_term_string}"},"query-input":{"@type":"PropertyValueSpecification","valueRequired":true,"valueName":"search_term_string"}}],"inLanguage":"fr-FR"},{"@type":"Organization","@id":"https:\/\/guineediversite.com\/#organization","name":"Guin\u00e9e Diversit\u00e9","url":"https:\/\/guineediversite.com\/","logo":{"@type":"ImageObject","inLanguage":"fr-FR","@id":"https:\/\/guineediversite.com\/#\/schema\/logo\/image\/","url":"https:\/\/guineediversite.com\/wp-content\/uploads\/2017\/04\/cropped-1jojlxEOMkX9Wyqfhe43D6kjPOGqBBKmx3EwWJqZ0cMrFF54yM49.png","contentUrl":"https:\/\/guineediversite.com\/wp-content\/uploads\/2017\/04\/cropped-1jojlxEOMkX9Wyqfhe43D6kjPOGqBBKmx3EwWJqZ0cMrFF54yM49.png","width":186,"height":112,"caption":"Guin\u00e9e Diversit\u00e9"},"image":{"@id":"https:\/\/guineediversite.com\/#\/schema\/logo\/image\/"},"sameAs":["https:\/\/www.facebook.com\/guineediversite\/","https:\/\/x.com\/GuineeDiversite","https:\/\/www.youtube.com\/channel\/UC8sUY16qelG5ge6_D5SB83g"]},{"@type":"Person","@id":"https:\/\/guineediversite.com\/#\/schema\/person\/afa08fb34e7fc6e1feafc892612bc836","name":"Guin\u00e9e Diversit\u00e9","image":{"@type":"ImageObject","inLanguage":"fr-FR","@id":"https:\/\/guineediversite.com\/#\/schema\/person\/image\/","url":"https:\/\/secure.gravatar.com\/avatar\/50d5eb5b390f8b65ac30ac6f898eb83a?s=96&d=mm&r=g","contentUrl":"https:\/\/secure.gravatar.com\/avatar\/50d5eb5b390f8b65ac30ac6f898eb83a?s=96&d=mm&r=g","caption":"Guin\u00e9e Diversit\u00e9"},"url":"https:\/\/guineediversite.com\/index.php\/author\/guineediversite\/"}]}},"_links":{"self":[{"href":"https:\/\/guineediversite.com\/index.php\/wp-json\/wp\/v2\/posts\/18508"}],"collection":[{"href":"https:\/\/guineediversite.com\/index.php\/wp-json\/wp\/v2\/posts"}],"about":[{"href":"https:\/\/guineediversite.com\/index.php\/wp-json\/wp\/v2\/types\/post"}],"author":[{"embeddable":true,"href":"https:\/\/guineediversite.com\/index.php\/wp-json\/wp\/v2\/users\/12"}],"replies":[{"embeddable":true,"href":"https:\/\/guineediversite.com\/index.php\/wp-json\/wp\/v2\/comments?post=18508"}],"version-history":[{"count":0,"href":"https:\/\/guineediversite.com\/index.php\/wp-json\/wp\/v2\/posts\/18508\/revisions"}],"wp:attachment":[{"href":"https:\/\/guineediversite.com\/index.php\/wp-json\/wp\/v2\/media?parent=18508"}],"wp:term":[{"taxonomy":"category","embeddable":true,"href":"https:\/\/guineediversite.com\/index.php\/wp-json\/wp\/v2\/categories?post=18508"},{"taxonomy":"post_tag","embeddable":true,"href":"https:\/\/guineediversite.com\/index.php\/wp-json\/wp\/v2\/tags?post=18508"}],"curies":[{"name":"wp","href":"https:\/\/api.w.org\/{rel}","templated":true}]}}