{"id":18503,"date":"2015-09-28T00:00:00","date_gmt":"2015-09-27T22:00:00","guid":{"rendered":"https:\/\/www.guineediversite.com\/index.php\/2015\/09\/28\/guinee-les-responsables-du-massacre-du-28-septembre-2009-seront-ils-bientot-juges\/"},"modified":"2015-09-28T00:00:00","modified_gmt":"2015-09-27T22:00:00","slug":"guinee-les-responsables-du-massacre-du-28-septembre-2009-seront-ils-bientot-juges","status":"publish","type":"post","link":"https:\/\/guineediversite.com\/index.php\/2015\/09\/28\/guinee-les-responsables-du-massacre-du-28-septembre-2009-seront-ils-bientot-juges\/","title":{"rendered":"Guin\u00e9e : les responsables du massacre du 28 septembre 2009 seront-ils bient\u00f4t jug\u00e9s ?"},"content":{"rendered":"<h2>C&rsquo;&eacute;tait il y a six ans. Le 28&nbsp;septembre 2009, des militaires, sans doute ivres d&rsquo;un&nbsp;<a href=\"http:\/\/conjugaison.lemonde.fr\/conjugaison\/troisieme-groupe\/pouvoir\/\" target=\"_blank\">pouvoir<\/a>&nbsp;confisqu&eacute; trop longtemps, ont ouvert le feu sur une foule de manifestants pacifiques r&eacute;unis au stade de Conakry. Ils ont tu&eacute; 157 personnes. Au c&oelig;ur de la capitale guin&eacute;enne, ils ont aussi bless&eacute; et viol&eacute; une centaine de femmes, dont certaines ont &eacute;t&eacute; emmen&eacute;es de force et r&eacute;duites &agrave; l&rsquo;esclavage sexuel pendant plusieurs semaines.<\/h2>\n<p>Mon fils, Mohamed Ali Conte, professeur d&rsquo;<a href=\"http:\/\/www.lemonde.fr\/histoire\/\">histoire<\/a>, &eacute;tait parmi ceux qui avaient choisi de&nbsp;<a href=\"http:\/\/conjugaison.lemonde.fr\/conjugaison\/troisieme-groupe\/sortir\/\" target=\"_blank\">sortir<\/a>&nbsp;dans la rue pour&nbsp;<a href=\"http:\/\/conjugaison.lemonde.fr\/conjugaison\/premier-groupe\/rappeler\/\" target=\"_blank\">rappeler<\/a>&nbsp;&agrave; un homme, le capitaine Moussa Dadis Camara, sa promesse de ne pas se&nbsp;<a href=\"http:\/\/conjugaison.lemonde.fr\/conjugaison\/premier-groupe\/pr%C3%A9senter\/\" target=\"_blank\">pr&eacute;senter<\/a>&nbsp;&agrave; l&rsquo;&eacute;lection pr&eacute;sidentielle, une &eacute;lection attendue par l&rsquo;ensemble de la&nbsp;<a href=\"http:\/\/www.lemonde.fr\/demographie\/\">population<\/a>&nbsp;apr&egrave;s cinquante ans de dictature.<\/p>\n<p>Le 2&nbsp;octobre 2009, son corps nous a &eacute;t&eacute; remis parmi plusieurs dizaines d&rsquo;autres, un sac en plastique autour du coup dissimulant mal l&rsquo;impact de la balle qui l&rsquo;avait frapp&eacute;. Tr&egrave;s vite, pourtant, mes pens&eacute;es sont all&eacute;es vers tous ceux qui n&rsquo;ont jamais &eacute;t&eacute; retrouv&eacute;s, probablement enfouis &agrave; la h&acirc;te dans quelque terrain vague ou camp militaire de la capitale, pour&nbsp;<a href=\"http:\/\/conjugaison.lemonde.fr\/conjugaison\/premier-groupe\/tenter\/\" target=\"_blank\">tenter<\/a>d&rsquo;amoindrir un bilan terrifiant.<\/p>\n<h2>Quatorze inculp&eacute;s<\/h2>\n<p>Depuis, le combat pour la v&eacute;rit&eacute; et la&nbsp;<a href=\"http:\/\/www.lemonde.fr\/justice\/\">justice<\/a>&nbsp;est devenu le quotidien partag&eacute; des victimes, des avocats et des associations engag&eacute;es &agrave; leurs c&ocirc;t&eacute;s. Avec le soutien de la F&eacute;d&eacute;ration internationale des droits de l&rsquo;Homme (FIDH) et de l&rsquo;Organisation guin&eacute;enne de&nbsp;<a href=\"http:\/\/www.lemonde.fr\/defense\/\">d&eacute;fense<\/a>&nbsp;des droits de l&rsquo;Homme (OGDH), nous avons accompagn&eacute; quatre cents victimes devant les trois juges d&rsquo;instruction charg&eacute;s d&rsquo;&eacute;tablir les faits. Ensemble, nous avons pu&nbsp;<a href=\"http:\/\/conjugaison.lemonde.fr\/conjugaison\/premier-groupe\/rassembler\/\" target=\"_blank\">rassembler<\/a>et&nbsp;<a href=\"http:\/\/conjugaison.lemonde.fr\/conjugaison\/troisieme-groupe\/transmettre\/\" target=\"_blank\">transmettre<\/a>&nbsp;de tr&egrave;s nombreux t&eacute;moignages et informations qui devront<a href=\"http:\/\/conjugaison.lemonde.fr\/conjugaison\/troisieme-groupe\/permettre\/\" target=\"_blank\">permettre<\/a>&nbsp;&agrave; la justice de&nbsp;<a href=\"http:\/\/conjugaison.lemonde.fr\/conjugaison\/deuxieme-groupe\/remplir\/\" target=\"_blank\">remplir<\/a>&nbsp;sa mission.<\/p>\n<p>Si l&rsquo;instruction a longtemps &eacute;t&eacute; laborieuse, l&rsquo;impulsion du nouveau ministre de la justice, Cheick Sako, a permis des progr&egrave;s importants et quatorze personnes sont d&eacute;sormais inculp&eacute;es, dont l&rsquo;ancien chef de l&rsquo;Etat putschiste Moussa Dadis Camara, aujourd&rsquo;hui au&nbsp;<a href=\"http:\/\/www.lemonde.fr\/burkina-faso\/\">Burkina Faso<\/a>&nbsp;dans un exil qui ne dit pas son nom.<\/p>\n<p>Officier subalterne, celui-ci avait r&eacute;ussi, &agrave; la mort de Lansana Cont&eacute; en&nbsp;2008, &agrave;&nbsp;<a href=\"http:\/\/conjugaison.lemonde.fr\/conjugaison\/premier-groupe\/passer\/\" target=\"_blank\">passer<\/a>&nbsp;en quelques heures du ravitaillement en essence de l&rsquo;<a href=\"http:\/\/www.lemonde.fr\/armee\/\">arm&eacute;e<\/a>&nbsp;&agrave; la t&ecirc;te d&rsquo;une junte militaire h&eacute;t&eacute;roclite, dont le massacre du 28&nbsp;septembre 2009 restera le principal fait d&rsquo;armes. Alors que l&rsquo;&eacute;tau judiciaire s&rsquo;est consid&eacute;rablement resserr&eacute; au cours des derniers mois, Moussa Dadis Camara a annonc&eacute; dans un m&ecirc;me &eacute;lan son retour en&nbsp;<a href=\"http:\/\/www.lemonde.fr\/guinee\/\">Guin&eacute;e<\/a>et sa candidature &agrave; l&rsquo;&eacute;lection pr&eacute;sidentielle du 11&nbsp;octobre.<\/p>\n<p>L&rsquo;un comme l&rsquo;autre ont &eacute;t&eacute; contrari&eacute;s, en d&eacute;pit d&rsquo;une alliance scabreuse avec un parti&nbsp;<a href=\"http:\/\/www.lemonde.fr\/politique\/\">politique<\/a>&nbsp;dont les militants avaient pourtant pay&eacute; un lourd tribut au stade de Conakry. Moussa Dadis Camara semble donc&nbsp;<a href=\"http:\/\/conjugaison.lemonde.fr\/conjugaison\/auxiliaire\/avoir\/\" target=\"_blank\">avoir<\/a>&nbsp;abattu sa derni&egrave;re carte, en laquelle il comptait pour&nbsp;<a href=\"http:\/\/conjugaison.lemonde.fr\/conjugaison\/premier-groupe\/n%C3%A9gocier\/\" target=\"_blank\">n&eacute;gocier<\/a>&nbsp;son impunit&eacute;.<\/p>\n<h2>Pr&eacute;sidentielle en octobre<\/h2>\n<p>A&nbsp;<a href=\"http:\/\/www.lemonde.fr\/bourse\/nyse-euronext-paris-equities\/ses\/\">ses<\/a>&nbsp;c&ocirc;t&eacute;s parmi les personnes inculp&eacute;es figurent de hauts responsables militaires, comme le g&eacute;n&eacute;ral Mamadouba Toto Camara, ancien num&eacute;ro deux de la junte, ou le lieutenant-colonel Claude Pivi, chef de la s&eacute;curit&eacute; pr&eacute;sidentielle, mais aussi plusieurs soldats du rang, de sorte qu&rsquo;un proc&egrave;s appara&icirc;t aujourd&rsquo;hui envisageable &agrave; br&egrave;ve &eacute;ch&eacute;ance. Un&nbsp;<a href=\"http:\/\/www.lemonde.fr\/proces\/\">proc&egrave;s<\/a>&nbsp;dont la port&eacute;e symbolique exc&eacute;dera largement le seul 28&nbsp;septembre 2009, dans un pays o&ugrave; l&rsquo;<a href=\"http:\/\/www.lemonde.fr\/arm\/\">arm<\/a>&eacute;e a longtemps &eacute;t&eacute; l&rsquo;instrument de la violence&nbsp;<a href=\"http:\/\/www.lemonde.fr\/afrique-politique\/\">politique<\/a>, et la violation des droits humains un&nbsp;<a href=\"http:\/\/www.lemonde.fr\/m-mode\/\">mode<\/a>&nbsp;de gouvernance, des crimes commis au camp Boiro &agrave; la sanglante r&eacute;pression du mouvement de janvier et f&eacute;vrier&nbsp;2007.<\/p>\n<p>Fatou Bensouda, procureure de la Cour p&eacute;nale internationale o&ugrave; la Guin&eacute;e fait l&rsquo;objet d&rsquo;un examen pr&eacute;liminaire depuis 2009, nous confiait lors de sa derni&egrave;re visite en Guin&eacute;e son impatience de&nbsp;<a href=\"http:\/\/conjugaison.lemonde.fr\/conjugaison\/troisieme-groupe\/voir\/\" target=\"_blank\">voir<\/a>&nbsp;la proc&eacute;dure&nbsp;<a href=\"http:\/\/conjugaison.lemonde.fr\/conjugaison\/deuxieme-groupe\/aboutir\/\" target=\"_blank\">aboutir<\/a>&nbsp;&agrave; Conakry.&nbsp;<em>&laquo;&nbsp;La Guin&eacute;e peut<\/em>&nbsp;<em><a href=\"http:\/\/conjugaison.lemonde.fr\/conjugaison\/auxiliaire\/%C3%AAtre\/\" target=\"_blank\">&ecirc;tre<\/a><\/em>&nbsp;<em>un exemple pour l&rsquo;<a href=\"http:\/\/www.lemonde.fr\/afrique\/\">Afrique<\/a><\/em>&nbsp;<em>et pour<\/em>&nbsp;<em><a href=\"http:\/\/www.lemonde.fr\/le-monde\/\">le monde<\/a>. Elle doit<\/em>&nbsp;<em><a href=\"http:\/\/conjugaison.lemonde.fr\/conjugaison\/premier-groupe\/montrer\/\" target=\"_blank\">montrer<\/a><\/em>&nbsp;<em>que la lutte contre l&rsquo;impunit&eacute; est avant tout une affaire nationale, et que les Etats africains peuvent<\/em>&nbsp;<em><a href=\"http:\/\/conjugaison.lemonde.fr\/conjugaison\/premier-groupe\/juger\/\" target=\"_blank\">juger<\/a><\/em>&nbsp;<em>par eux-m&ecirc;mes les responsables des crimes les plus graves, y compris quand ils ont occup&eacute; les fonctions les plus hautes. Dans le cas contraire, la Cour p&eacute;nale internationale devra s&rsquo;en charger&nbsp;&raquo;<\/em>, d&eacute;clarait-elle.<\/p>\n<p>Le proc&egrave;s en cours d&rsquo;Hiss&egrave;ne Habr&eacute; au&nbsp;<a href=\"http:\/\/www.lemonde.fr\/senegal\/\">S&eacute;n&eacute;gal<\/a>&nbsp;a montr&eacute; la voie et la Guin&eacute;e, en organisant par elle-m&ecirc;me un proc&egrave;s satisfaisant aux exigences internationales d&rsquo;&eacute;quit&eacute; et d&rsquo;impartialit&eacute;, a l&rsquo;occasion de&nbsp;<a href=\"http:\/\/conjugaison.lemonde.fr\/conjugaison\/troisieme-groupe\/faire\/\" target=\"_blank\">faire<\/a>&nbsp;un pas de plus dans cette direction&nbsp;: le temps o&ugrave; l&rsquo;Afrique juge elle-m&ecirc;me ses bourreaux.<\/p>\n<p>D&rsquo;ici l&agrave;, la Guin&eacute;e devra passer l&rsquo;&eacute;tape du scrutin pr&eacute;sidentiel qui s&rsquo;ouvrira le 11&nbsp;octobre et que toute la soci&eacute;t&eacute; civile esp&egrave;re apais&eacute;, malgr&eacute; les tensions qui n&rsquo;ont pas manqu&eacute; d&rsquo;accompagner le processus &eacute;lectoral. Au-del&agrave; de l&rsquo;&eacute;lection du pr&eacute;sident de la R&eacute;publique, l&rsquo;enjeu du scrutin r&eacute;side dans la consolidation des acquis d&eacute;mocratiques et le renforcement d&rsquo;un Etat de droit encore &agrave;&nbsp;<a href=\"http:\/\/conjugaison.lemonde.fr\/conjugaison\/troisieme-groupe\/construire\/\" target=\"_blank\">construire<\/a>. Le nouveau gouvernement devra faire de la justice sa priorit&eacute;, tant pour les victimes en attente de justice que pour&nbsp;<a href=\"http:\/\/conjugaison.lemonde.fr\/conjugaison\/premier-groupe\/l%C3%A9gitimer\/\" target=\"_blank\">l&eacute;gitimer<\/a>&nbsp;une institution longtemps malmen&eacute;e.<\/p>\n<p><em>&laquo;&nbsp;Quand une ch&egrave;vre est pr&eacute;sente, nul ne peut<\/em>&nbsp;<em><a href=\"http:\/\/conjugaison.lemonde.fr\/conjugaison\/premier-groupe\/b%C3%AAler\/\" target=\"_blank\">b&ecirc;ler<\/a><\/em>&nbsp;<em>&agrave; sa place&nbsp;&raquo;<\/em>, dit un proverbe guin&eacute;en. Les autorit&eacute;s nationales devront s&rsquo;en&nbsp;<a href=\"http:\/\/conjugaison.lemonde.fr\/conjugaison\/premier-groupe\/inspirer\/\" target=\"_blank\">inspirer<\/a>&nbsp;et&nbsp;<a href=\"http:\/\/conjugaison.lemonde.fr\/conjugaison\/deuxieme-groupe\/garantir\/\" target=\"_blank\">garantir<\/a> que Moussa Dadis Camara, tout comme son&nbsp;<a href=\"http:\/\/www.lemonde.fr\/services-aux-internautes\/\">aide<\/a>&nbsp;de camp Toumba Diakit&eacute;, introuvable bien que vis&eacute; par un mandat d&rsquo;arr&ecirc;t&nbsp;<a href=\"http:\/\/www.lemonde.fr\/international\/\">international<\/a>&nbsp;depuis cinq ans, soient jug&eacute;s en Guin&eacute;e aux c&ocirc;t&eacute;s de l&rsquo;ensemble des personnes mises en cause. C&rsquo;est le moins qui puisse &ecirc;tre fait pour nous, les victimes de ces crimes, et ce n&rsquo;est que par la justice et la fin de l&rsquo;impunit&eacute; que l&rsquo;Etat guin&eacute;en pourra s&rsquo;assurer de la stabilit&eacute; et de la paix sociale qui lui ont tant fait d&eacute;faut par le pass&eacute;.<\/p>\n<p>Avec le Monde<\/p>\n<p>&nbsp;<\/p>\n","protected":false},"excerpt":{"rendered":"<p>C&rsquo;&eacute;tait il y a six ans. Le 28&nbsp;septembre 2009, des militaires, sans doute ivres d&rsquo;un&nbsp;pouvoir&nbsp;confisqu&eacute; trop longtemps, ont ouvert le feu sur une foule de manifestants pacifiques r&eacute;unis au stade de Conakry. Ils ont tu&eacute; 157 personnes. Au c&oelig;ur de la capitale guin&eacute;enne, ils ont aussi bless&eacute; et viol&eacute; une centaine de femmes, dont certaines [&hellip;]<\/p>\n","protected":false},"author":12,"featured_media":0,"comment_status":"open","ping_status":"open","sticky":false,"template":"","format":"standard","meta":{"_exactmetrics_skip_tracking":false,"_exactmetrics_sitenote_active":false,"_exactmetrics_sitenote_note":"","_exactmetrics_sitenote_category":0,"tdm_status":"","tdm_grid_status":"","footnotes":""},"categories":[28],"tags":[],"class_list":{"0":"post-18503","1":"post","2":"type-post","3":"status-publish","4":"format-standard","6":"category-archives"},"yoast_head":"<!-- This site is optimized with the Yoast SEO plugin v24.2 - https:\/\/yoast.com\/wordpress\/plugins\/seo\/ -->\n<title>Guin\u00e9e : les responsables du massacre du 28 septembre 2009 seront-ils bient\u00f4t jug\u00e9s ? | Guin\u00e9e Diversit\u00e9<\/title>\n<meta name=\"robots\" content=\"index, follow, max-snippet:-1, max-image-preview:large, max-video-preview:-1\" \/>\n<link rel=\"canonical\" href=\"https:\/\/guineediversite.com\/index.php\/2015\/09\/28\/guinee-les-responsables-du-massacre-du-28-septembre-2009-seront-ils-bientot-juges\/\" \/>\n<meta property=\"og:locale\" content=\"fr_FR\" \/>\n<meta property=\"og:type\" content=\"article\" \/>\n<meta property=\"og:title\" content=\"Guin\u00e9e : les responsables du massacre du 28 septembre 2009 seront-ils bient\u00f4t jug\u00e9s ? | Guin\u00e9e Diversit\u00e9\" \/>\n<meta property=\"og:description\" content=\"C&rsquo;&eacute;tait il y a six ans. Le 28&nbsp;septembre 2009, des militaires, sans doute ivres d&rsquo;un&nbsp;pouvoir&nbsp;confisqu&eacute; trop longtemps, ont ouvert le feu sur une foule de manifestants pacifiques r&eacute;unis au stade de Conakry. Ils ont tu&eacute; 157 personnes. Au c&oelig;ur de la capitale guin&eacute;enne, ils ont aussi bless&eacute; et viol&eacute; une centaine de femmes, dont certaines [&hellip;]\" \/>\n<meta property=\"og:url\" content=\"https:\/\/guineediversite.com\/index.php\/2015\/09\/28\/guinee-les-responsables-du-massacre-du-28-septembre-2009-seront-ils-bientot-juges\/\" \/>\n<meta property=\"og:site_name\" content=\"Guin\u00e9e Diversit\u00e9\" \/>\n<meta property=\"article:publisher\" content=\"https:\/\/www.facebook.com\/guineediversite\/\" \/>\n<meta property=\"article:published_time\" content=\"2015-09-27T22:00:00+00:00\" \/>\n<meta name=\"author\" content=\"Guin\u00e9e Diversit\u00e9\" \/>\n<meta name=\"twitter:card\" content=\"summary_large_image\" \/>\n<meta name=\"twitter:creator\" content=\"@GuineeDiversite\" \/>\n<meta name=\"twitter:site\" content=\"@GuineeDiversite\" \/>\n<meta name=\"twitter:label1\" content=\"\u00c9crit par\" \/>\n\t<meta name=\"twitter:data1\" content=\"Guin\u00e9e Diversit\u00e9\" \/>\n\t<meta name=\"twitter:label2\" content=\"Dur\u00e9e de lecture estim\u00e9e\" \/>\n\t<meta name=\"twitter:data2\" content=\"7 minutes\" \/>\n<script type=\"application\/ld+json\" class=\"yoast-schema-graph\">{\"@context\":\"https:\/\/schema.org\",\"@graph\":[{\"@type\":\"Article\",\"@id\":\"https:\/\/guineediversite.com\/index.php\/2015\/09\/28\/guinee-les-responsables-du-massacre-du-28-septembre-2009-seront-ils-bientot-juges\/#article\",\"isPartOf\":{\"@id\":\"https:\/\/guineediversite.com\/index.php\/2015\/09\/28\/guinee-les-responsables-du-massacre-du-28-septembre-2009-seront-ils-bientot-juges\/\"},\"author\":{\"name\":\"Guin\u00e9e Diversit\u00e9\",\"@id\":\"https:\/\/guineediversite.com\/#\/schema\/person\/afa08fb34e7fc6e1feafc892612bc836\"},\"headline\":\"Guin\u00e9e : les responsables du massacre du 28 septembre 2009 seront-ils bient\u00f4t jug\u00e9s ?\",\"datePublished\":\"2015-09-27T22:00:00+00:00\",\"dateModified\":\"2015-09-27T22:00:00+00:00\",\"mainEntityOfPage\":{\"@id\":\"https:\/\/guineediversite.com\/index.php\/2015\/09\/28\/guinee-les-responsables-du-massacre-du-28-septembre-2009-seront-ils-bientot-juges\/\"},\"wordCount\":1364,\"commentCount\":0,\"publisher\":{\"@id\":\"https:\/\/guineediversite.com\/#organization\"},\"articleSection\":[\"Archives\"],\"inLanguage\":\"fr-FR\",\"potentialAction\":[{\"@type\":\"CommentAction\",\"name\":\"Comment\",\"target\":[\"https:\/\/guineediversite.com\/index.php\/2015\/09\/28\/guinee-les-responsables-du-massacre-du-28-septembre-2009-seront-ils-bientot-juges\/#respond\"]}]},{\"@type\":\"WebPage\",\"@id\":\"https:\/\/guineediversite.com\/index.php\/2015\/09\/28\/guinee-les-responsables-du-massacre-du-28-septembre-2009-seront-ils-bientot-juges\/\",\"url\":\"https:\/\/guineediversite.com\/index.php\/2015\/09\/28\/guinee-les-responsables-du-massacre-du-28-septembre-2009-seront-ils-bientot-juges\/\",\"name\":\"Guin\u00e9e : les responsables du massacre du 28 septembre 2009 seront-ils bient\u00f4t jug\u00e9s ? | Guin\u00e9e Diversit\u00e9\",\"isPartOf\":{\"@id\":\"https:\/\/guineediversite.com\/#website\"},\"datePublished\":\"2015-09-27T22:00:00+00:00\",\"dateModified\":\"2015-09-27T22:00:00+00:00\",\"breadcrumb\":{\"@id\":\"https:\/\/guineediversite.com\/index.php\/2015\/09\/28\/guinee-les-responsables-du-massacre-du-28-septembre-2009-seront-ils-bientot-juges\/#breadcrumb\"},\"inLanguage\":\"fr-FR\",\"potentialAction\":[{\"@type\":\"ReadAction\",\"target\":[\"https:\/\/guineediversite.com\/index.php\/2015\/09\/28\/guinee-les-responsables-du-massacre-du-28-septembre-2009-seront-ils-bientot-juges\/\"]}]},{\"@type\":\"BreadcrumbList\",\"@id\":\"https:\/\/guineediversite.com\/index.php\/2015\/09\/28\/guinee-les-responsables-du-massacre-du-28-septembre-2009-seront-ils-bientot-juges\/#breadcrumb\",\"itemListElement\":[{\"@type\":\"ListItem\",\"position\":1,\"name\":\"Accueil\",\"item\":\"https:\/\/guineediversite.com\/\"},{\"@type\":\"ListItem\",\"position\":2,\"name\":\"Guin\u00e9e : les responsables du massacre du 28 septembre 2009 seront-ils bient\u00f4t jug\u00e9s ?\"}]},{\"@type\":\"WebSite\",\"@id\":\"https:\/\/guineediversite.com\/#website\",\"url\":\"https:\/\/guineediversite.com\/\",\"name\":\"Guin\u00e9e Diversit\u00e9\",\"description\":\"L&#039;Info dans toute sa diversit\u00e9\",\"publisher\":{\"@id\":\"https:\/\/guineediversite.com\/#organization\"},\"potentialAction\":[{\"@type\":\"SearchAction\",\"target\":{\"@type\":\"EntryPoint\",\"urlTemplate\":\"https:\/\/guineediversite.com\/?s={search_term_string}\"},\"query-input\":{\"@type\":\"PropertyValueSpecification\",\"valueRequired\":true,\"valueName\":\"search_term_string\"}}],\"inLanguage\":\"fr-FR\"},{\"@type\":\"Organization\",\"@id\":\"https:\/\/guineediversite.com\/#organization\",\"name\":\"Guin\u00e9e Diversit\u00e9\",\"url\":\"https:\/\/guineediversite.com\/\",\"logo\":{\"@type\":\"ImageObject\",\"inLanguage\":\"fr-FR\",\"@id\":\"https:\/\/guineediversite.com\/#\/schema\/logo\/image\/\",\"url\":\"https:\/\/guineediversite.com\/wp-content\/uploads\/2017\/04\/cropped-1jojlxEOMkX9Wyqfhe43D6kjPOGqBBKmx3EwWJqZ0cMrFF54yM49.png\",\"contentUrl\":\"https:\/\/guineediversite.com\/wp-content\/uploads\/2017\/04\/cropped-1jojlxEOMkX9Wyqfhe43D6kjPOGqBBKmx3EwWJqZ0cMrFF54yM49.png\",\"width\":186,\"height\":112,\"caption\":\"Guin\u00e9e Diversit\u00e9\"},\"image\":{\"@id\":\"https:\/\/guineediversite.com\/#\/schema\/logo\/image\/\"},\"sameAs\":[\"https:\/\/www.facebook.com\/guineediversite\/\",\"https:\/\/x.com\/GuineeDiversite\",\"https:\/\/www.youtube.com\/channel\/UC8sUY16qelG5ge6_D5SB83g\"]},{\"@type\":\"Person\",\"@id\":\"https:\/\/guineediversite.com\/#\/schema\/person\/afa08fb34e7fc6e1feafc892612bc836\",\"name\":\"Guin\u00e9e Diversit\u00e9\",\"image\":{\"@type\":\"ImageObject\",\"inLanguage\":\"fr-FR\",\"@id\":\"https:\/\/guineediversite.com\/#\/schema\/person\/image\/\",\"url\":\"https:\/\/secure.gravatar.com\/avatar\/50d5eb5b390f8b65ac30ac6f898eb83a?s=96&d=mm&r=g\",\"contentUrl\":\"https:\/\/secure.gravatar.com\/avatar\/50d5eb5b390f8b65ac30ac6f898eb83a?s=96&d=mm&r=g\",\"caption\":\"Guin\u00e9e Diversit\u00e9\"},\"url\":\"https:\/\/guineediversite.com\/index.php\/author\/guineediversite\/\"}]}<\/script>\n<!-- \/ Yoast SEO plugin. -->","yoast_head_json":{"title":"Guin\u00e9e : les responsables du massacre du 28 septembre 2009 seront-ils bient\u00f4t jug\u00e9s ? | Guin\u00e9e Diversit\u00e9","robots":{"index":"index","follow":"follow","max-snippet":"max-snippet:-1","max-image-preview":"max-image-preview:large","max-video-preview":"max-video-preview:-1"},"canonical":"https:\/\/guineediversite.com\/index.php\/2015\/09\/28\/guinee-les-responsables-du-massacre-du-28-septembre-2009-seront-ils-bientot-juges\/","og_locale":"fr_FR","og_type":"article","og_title":"Guin\u00e9e : les responsables du massacre du 28 septembre 2009 seront-ils bient\u00f4t jug\u00e9s ? | Guin\u00e9e Diversit\u00e9","og_description":"C&rsquo;&eacute;tait il y a six ans. Le 28&nbsp;septembre 2009, des militaires, sans doute ivres d&rsquo;un&nbsp;pouvoir&nbsp;confisqu&eacute; trop longtemps, ont ouvert le feu sur une foule de manifestants pacifiques r&eacute;unis au stade de Conakry. Ils ont tu&eacute; 157 personnes. Au c&oelig;ur de la capitale guin&eacute;enne, ils ont aussi bless&eacute; et viol&eacute; une centaine de femmes, dont certaines [&hellip;]","og_url":"https:\/\/guineediversite.com\/index.php\/2015\/09\/28\/guinee-les-responsables-du-massacre-du-28-septembre-2009-seront-ils-bientot-juges\/","og_site_name":"Guin\u00e9e Diversit\u00e9","article_publisher":"https:\/\/www.facebook.com\/guineediversite\/","article_published_time":"2015-09-27T22:00:00+00:00","author":"Guin\u00e9e Diversit\u00e9","twitter_card":"summary_large_image","twitter_creator":"@GuineeDiversite","twitter_site":"@GuineeDiversite","twitter_misc":{"\u00c9crit par":"Guin\u00e9e Diversit\u00e9","Dur\u00e9e de lecture estim\u00e9e":"7 minutes"},"schema":{"@context":"https:\/\/schema.org","@graph":[{"@type":"Article","@id":"https:\/\/guineediversite.com\/index.php\/2015\/09\/28\/guinee-les-responsables-du-massacre-du-28-septembre-2009-seront-ils-bientot-juges\/#article","isPartOf":{"@id":"https:\/\/guineediversite.com\/index.php\/2015\/09\/28\/guinee-les-responsables-du-massacre-du-28-septembre-2009-seront-ils-bientot-juges\/"},"author":{"name":"Guin\u00e9e Diversit\u00e9","@id":"https:\/\/guineediversite.com\/#\/schema\/person\/afa08fb34e7fc6e1feafc892612bc836"},"headline":"Guin\u00e9e : les responsables du massacre du 28 septembre 2009 seront-ils bient\u00f4t jug\u00e9s ?","datePublished":"2015-09-27T22:00:00+00:00","dateModified":"2015-09-27T22:00:00+00:00","mainEntityOfPage":{"@id":"https:\/\/guineediversite.com\/index.php\/2015\/09\/28\/guinee-les-responsables-du-massacre-du-28-septembre-2009-seront-ils-bientot-juges\/"},"wordCount":1364,"commentCount":0,"publisher":{"@id":"https:\/\/guineediversite.com\/#organization"},"articleSection":["Archives"],"inLanguage":"fr-FR","potentialAction":[{"@type":"CommentAction","name":"Comment","target":["https:\/\/guineediversite.com\/index.php\/2015\/09\/28\/guinee-les-responsables-du-massacre-du-28-septembre-2009-seront-ils-bientot-juges\/#respond"]}]},{"@type":"WebPage","@id":"https:\/\/guineediversite.com\/index.php\/2015\/09\/28\/guinee-les-responsables-du-massacre-du-28-septembre-2009-seront-ils-bientot-juges\/","url":"https:\/\/guineediversite.com\/index.php\/2015\/09\/28\/guinee-les-responsables-du-massacre-du-28-septembre-2009-seront-ils-bientot-juges\/","name":"Guin\u00e9e : les responsables du massacre du 28 septembre 2009 seront-ils bient\u00f4t jug\u00e9s ? | Guin\u00e9e Diversit\u00e9","isPartOf":{"@id":"https:\/\/guineediversite.com\/#website"},"datePublished":"2015-09-27T22:00:00+00:00","dateModified":"2015-09-27T22:00:00+00:00","breadcrumb":{"@id":"https:\/\/guineediversite.com\/index.php\/2015\/09\/28\/guinee-les-responsables-du-massacre-du-28-septembre-2009-seront-ils-bientot-juges\/#breadcrumb"},"inLanguage":"fr-FR","potentialAction":[{"@type":"ReadAction","target":["https:\/\/guineediversite.com\/index.php\/2015\/09\/28\/guinee-les-responsables-du-massacre-du-28-septembre-2009-seront-ils-bientot-juges\/"]}]},{"@type":"BreadcrumbList","@id":"https:\/\/guineediversite.com\/index.php\/2015\/09\/28\/guinee-les-responsables-du-massacre-du-28-septembre-2009-seront-ils-bientot-juges\/#breadcrumb","itemListElement":[{"@type":"ListItem","position":1,"name":"Accueil","item":"https:\/\/guineediversite.com\/"},{"@type":"ListItem","position":2,"name":"Guin\u00e9e : les responsables du massacre du 28 septembre 2009 seront-ils bient\u00f4t jug\u00e9s ?"}]},{"@type":"WebSite","@id":"https:\/\/guineediversite.com\/#website","url":"https:\/\/guineediversite.com\/","name":"Guin\u00e9e Diversit\u00e9","description":"L&#039;Info dans toute sa diversit\u00e9","publisher":{"@id":"https:\/\/guineediversite.com\/#organization"},"potentialAction":[{"@type":"SearchAction","target":{"@type":"EntryPoint","urlTemplate":"https:\/\/guineediversite.com\/?s={search_term_string}"},"query-input":{"@type":"PropertyValueSpecification","valueRequired":true,"valueName":"search_term_string"}}],"inLanguage":"fr-FR"},{"@type":"Organization","@id":"https:\/\/guineediversite.com\/#organization","name":"Guin\u00e9e Diversit\u00e9","url":"https:\/\/guineediversite.com\/","logo":{"@type":"ImageObject","inLanguage":"fr-FR","@id":"https:\/\/guineediversite.com\/#\/schema\/logo\/image\/","url":"https:\/\/guineediversite.com\/wp-content\/uploads\/2017\/04\/cropped-1jojlxEOMkX9Wyqfhe43D6kjPOGqBBKmx3EwWJqZ0cMrFF54yM49.png","contentUrl":"https:\/\/guineediversite.com\/wp-content\/uploads\/2017\/04\/cropped-1jojlxEOMkX9Wyqfhe43D6kjPOGqBBKmx3EwWJqZ0cMrFF54yM49.png","width":186,"height":112,"caption":"Guin\u00e9e Diversit\u00e9"},"image":{"@id":"https:\/\/guineediversite.com\/#\/schema\/logo\/image\/"},"sameAs":["https:\/\/www.facebook.com\/guineediversite\/","https:\/\/x.com\/GuineeDiversite","https:\/\/www.youtube.com\/channel\/UC8sUY16qelG5ge6_D5SB83g"]},{"@type":"Person","@id":"https:\/\/guineediversite.com\/#\/schema\/person\/afa08fb34e7fc6e1feafc892612bc836","name":"Guin\u00e9e Diversit\u00e9","image":{"@type":"ImageObject","inLanguage":"fr-FR","@id":"https:\/\/guineediversite.com\/#\/schema\/person\/image\/","url":"https:\/\/secure.gravatar.com\/avatar\/50d5eb5b390f8b65ac30ac6f898eb83a?s=96&d=mm&r=g","contentUrl":"https:\/\/secure.gravatar.com\/avatar\/50d5eb5b390f8b65ac30ac6f898eb83a?s=96&d=mm&r=g","caption":"Guin\u00e9e Diversit\u00e9"},"url":"https:\/\/guineediversite.com\/index.php\/author\/guineediversite\/"}]}},"_links":{"self":[{"href":"https:\/\/guineediversite.com\/index.php\/wp-json\/wp\/v2\/posts\/18503"}],"collection":[{"href":"https:\/\/guineediversite.com\/index.php\/wp-json\/wp\/v2\/posts"}],"about":[{"href":"https:\/\/guineediversite.com\/index.php\/wp-json\/wp\/v2\/types\/post"}],"author":[{"embeddable":true,"href":"https:\/\/guineediversite.com\/index.php\/wp-json\/wp\/v2\/users\/12"}],"replies":[{"embeddable":true,"href":"https:\/\/guineediversite.com\/index.php\/wp-json\/wp\/v2\/comments?post=18503"}],"version-history":[{"count":0,"href":"https:\/\/guineediversite.com\/index.php\/wp-json\/wp\/v2\/posts\/18503\/revisions"}],"wp:attachment":[{"href":"https:\/\/guineediversite.com\/index.php\/wp-json\/wp\/v2\/media?parent=18503"}],"wp:term":[{"taxonomy":"category","embeddable":true,"href":"https:\/\/guineediversite.com\/index.php\/wp-json\/wp\/v2\/categories?post=18503"},{"taxonomy":"post_tag","embeddable":true,"href":"https:\/\/guineediversite.com\/index.php\/wp-json\/wp\/v2\/tags?post=18503"}],"curies":[{"name":"wp","href":"https:\/\/api.w.org\/{rel}","templated":true}]}}