{"id":18485,"date":"2015-09-19T00:00:00","date_gmt":"2015-09-18T22:00:00","guid":{"rendered":"https:\/\/www.guineediversite.com\/index.php\/2015\/09\/19\/journal-de-campagne-du-18-septembre-15-ce-soir-zoom-sur-la-marche-vers-lautosuffisance-alimentaire-entamee-par-alpha-conde\/"},"modified":"2015-09-19T00:00:00","modified_gmt":"2015-09-18T22:00:00","slug":"journal-de-campagne-du-18-septembre-15-ce-soir-zoom-sur-la-marche-vers-lautosuffisance-alimentaire-entamee-par-alpha-conde","status":"publish","type":"post","link":"https:\/\/guineediversite.com\/index.php\/2015\/09\/19\/journal-de-campagne-du-18-septembre-15-ce-soir-zoom-sur-la-marche-vers-lautosuffisance-alimentaire-entamee-par-alpha-conde\/","title":{"rendered":"Journal de Campagne du 18 Septembre 15 &#8211; Ce soir, zoom sur la marche vers l&#039;autosuffisance alimentaire entam\u00e9e par Alpha Cond\u00e9."},"content":{"rendered":"<p>Conakry 19 Septembre 2015 &#8211; Souvenez-vous, en 2010 l&rsquo;&eacute;tat des lieux dans le secteur agricole se pr&eacute;sentait comme suit :&nbsp;<\/p>\n<p>&middot;&nbsp;&nbsp;&nbsp;&nbsp;&nbsp;&nbsp;faible niveau d&rsquo;approvisionnement en intrants avec une moyenne d&rsquo;utilisation de 4 Kg d&rsquo;engrais par hectare;&nbsp;<\/p>\n<p>&middot;&nbsp;&nbsp;&nbsp;&nbsp;&nbsp;&nbsp;seulement 3% des parcelles cultiv&eacute;es b&eacute;n&eacute;ficiaient de traitements phytosanitaires ;&nbsp;<\/p>\n<p>&middot;&nbsp;&nbsp;&nbsp;&nbsp;&nbsp;&nbsp;moins de 8% des superficies emblav&eacute;es recevaient des semences am&eacute;lior&eacute;es par hectare et par an ;&nbsp;<\/p>\n<p>&middot;&nbsp;&nbsp;&nbsp;&nbsp;&nbsp;&nbsp;insuffisance et inadaptation de la m&eacute;canisation agricole : -14 charrues pour 100 exploitations et 6 tracteurs pour 1 000 exploitations;&nbsp;&nbsp;<\/p>\n<p>&middot;&nbsp;&nbsp;&nbsp;&nbsp;&nbsp;&nbsp;production agricole g&eacute;n&eacute;ralement atomis&eacute;e sur moins de 3ha et caract&eacute;ris&eacute;e essentiellement par l&rsquo;augmentation des superficies et un manque de structuration&nbsp; des fili&egrave;res ;&nbsp;<\/p>\n<p>&middot;&nbsp;&nbsp;&nbsp;&nbsp;&nbsp;&nbsp;tr&egrave;s faible niveau (3%) de la contribution du&nbsp; budget national dans l&rsquo;investissement du secteur ;&nbsp;<\/p>\n<p>&middot;&nbsp;&nbsp;&nbsp;&nbsp;&nbsp;&nbsp;dysfonctionnement notoire des services agricoles, notamment ceux d&rsquo;appui au monde rural.&nbsp;<\/p>\n<p>Ainsi, au titre des r&eacute;alisations de ce quinquennat, on peut noter la consolidation des acquis du secteur agricole&nbsp;&nbsp;et la poursuite des actions entreprises,&nbsp; notamment :<\/p>\n<p>&middot;&nbsp;&nbsp;&nbsp;&nbsp;&nbsp;&nbsp;le soutien du Gouvernement&nbsp;&nbsp;&agrave; la campagne agricole, au b&eacute;n&eacute;fice des exploitants agricoles,&nbsp;&nbsp;restent de mise pour acc&eacute;l&eacute;rer la dynamique&nbsp;&nbsp;d&rsquo;autosuffisance alimentaire en Guin&eacute;e.&nbsp;<\/p>\n<p>&middot;&nbsp;&nbsp;&nbsp;&nbsp;&nbsp;&nbsp;La nouvelle performance de notre agriculture vise sa modernisation dans le but de faire de notre pays, une puissance agricole &eacute;mergente.&nbsp;<\/p>\n<p>&nbsp;<\/p>\n<p>Dans cette optique, les priorit&eacute;s formul&eacute;es se focalisent&nbsp;&nbsp;sur le d&eacute;veloppement des agropoles dans les diff&eacute;rents bassins agricoles pour la promotion des agroindustries.&nbsp;&nbsp;<\/p>\n<p>&nbsp;<\/p>\n<p>Ce programme f&eacute;d&eacute;rateur int&egrave;gre&nbsp;&nbsp;entre autres:&nbsp;<\/p>\n<p>&middot;&nbsp;&nbsp;&nbsp;&nbsp;&nbsp;&nbsp;des projets d&rsquo;am&eacute;nagement en maitrise totale de l&rsquo;eau de 5 000 ha sur 5 ans ; le d&eacute;veloppement des autres cultures vivri&egrave;res ainsi que des cultures de:<\/p>\n<p>&middot;&nbsp;&nbsp;&nbsp;&nbsp;&nbsp;&nbsp;rente, agroindustrielles et d&rsquo;exportation ;&nbsp;&nbsp;<\/p>\n<p>&middot;&nbsp;&nbsp;&nbsp;&nbsp;&nbsp;&nbsp;la cr&eacute;ation des centres d&rsquo;appui &agrave; la m&eacute;canisation agricole et de formation pour les jeunes ;&nbsp;<\/p>\n<p>&middot;&nbsp;&nbsp;&nbsp;&nbsp;&nbsp;&nbsp;l&rsquo;appui au d&eacute;veloppement du secteur priv&eacute; agricole pour la promotion des petites et moyennes entreprises, en faveur des jeunes.&nbsp;<\/p>\n<p>&middot;&nbsp;&nbsp;&nbsp;&nbsp;&nbsp;&nbsp;la mise en &oelig;uvre de p&ocirc;les de d&eacute;veloppement tenant compte des potentialit&eacute;s et des fili&egrave;res de production afin de soutenir la cr&eacute;ation de valeurs ajout&eacute;es pour soutenir les efforts d&rsquo;industrialisation &agrave; travers l&rsquo;Agro business ;&nbsp;<\/p>\n<p>&middot;&nbsp;&nbsp;&nbsp;&nbsp;&nbsp;&nbsp;la promotion des cultures fruiti&egrave;res (ananas, mangues, bananes, haricot vert, melon, past&egrave;que etc.) et des cultures maraich&egrave;res (tomates, gombo, etc.) ;&nbsp;<\/p>\n<p>&middot;&nbsp;&nbsp;&nbsp;&nbsp;&nbsp;&nbsp;la promotion de cultures de rente et ou d&rsquo;exportation (acajou, caf&eacute;, cacao, coton&hellip;) ;&nbsp;<\/p>\n<p>&middot;&nbsp;&nbsp;&nbsp;&nbsp;&nbsp;&nbsp;la cr&eacute;ation et le d&eacute;veloppement des p&ocirc;les agricoles identifi&eacute;s comme pr&eacute;alable &agrave; la redynamisation des chaines de valeur agro-industrielles &agrave; l&rsquo;image de la Soci&eacute;t&eacute; Guin&eacute;enne des Palmiers &agrave; Huile (SOGUIPAH) ;&nbsp;<\/p>\n<p>&middot;&nbsp;&nbsp;&nbsp;&nbsp;&nbsp;&nbsp;la mobilisation de capitaux priv&eacute;s pour valoriser le patrimoine agricole guin&eacute;en, en particulier avec des soci&eacute;t&eacute;s issues des pays dits des &laquo; BRICS&raquo; (Br&eacute;sil, Russie, Inde, Chine, Afrique du Sud) et associ&eacute;s (Malaisie, Tha&iuml;lande&hellip;) ;&nbsp;<\/p>\n<p>&middot;&nbsp;&nbsp;&nbsp;&nbsp;&nbsp;&nbsp;le soutien &agrave; la relance du secteur ou&nbsp;&nbsp;fili&egrave;res agricoles dans les zones les plus touch&eacute;es par l&rsquo;&eacute;pid&eacute;mie EBOLA et\/ou affect&eacute;es par ses cons&eacute;quences.&nbsp;<\/p>\n<p>&nbsp;<\/p>\n<p>Vid&eacute;o int&eacute;grale &agrave; d&eacute;couvrir&nbsp;<a href=\"https:\/\/www.youtube.com\/channel\/UC1206fazxerBSporR-QNLow\/videos\" target=\"_blank\">ici<\/a>&nbsp;et visible sur la Radio T&eacute;l&eacute;vision Guin&eacute;enne aux environs de 21H.&nbsp;<\/p>\n<p><img decoding=\"async\" alt=\"https:\/\/ssl.gstatic.com\/ui\/v1\/icons\/mail\/images\/cleardot.gif\" src=\"file:\/\/\/C:UsersdellAppDataLocalTempmsohtmlclip11clip_image001.gif\" style=\"height:1px; width:1px\" \/><\/p>\n<p>&nbsp;<\/p>\n","protected":false},"excerpt":{"rendered":"<p>Conakry 19 Septembre 2015 &#8211; Souvenez-vous, en 2010 l&rsquo;&eacute;tat des lieux dans le secteur agricole se pr&eacute;sentait comme suit :&nbsp; &middot;&nbsp;&nbsp;&nbsp;&nbsp;&nbsp;&nbsp;faible niveau d&rsquo;approvisionnement en intrants avec une moyenne d&rsquo;utilisation de 4 Kg d&rsquo;engrais par hectare;&nbsp; &middot;&nbsp;&nbsp;&nbsp;&nbsp;&nbsp;&nbsp;seulement 3% des parcelles cultiv&eacute;es b&eacute;n&eacute;ficiaient de traitements phytosanitaires ;&nbsp; &middot;&nbsp;&nbsp;&nbsp;&nbsp;&nbsp;&nbsp;moins de 8% des superficies emblav&eacute;es recevaient des semences am&eacute;lior&eacute;es [&hellip;]<\/p>\n","protected":false},"author":12,"featured_media":0,"comment_status":"open","ping_status":"open","sticky":false,"template":"","format":"standard","meta":{"_exactmetrics_skip_tracking":false,"_exactmetrics_sitenote_active":false,"_exactmetrics_sitenote_note":"","_exactmetrics_sitenote_category":0,"tdm_status":"","tdm_grid_status":"","footnotes":""},"categories":[28],"tags":[],"class_list":{"0":"post-18485","1":"post","2":"type-post","3":"status-publish","4":"format-standard","6":"category-archives"},"yoast_head":"<!-- This site is optimized with the Yoast SEO plugin v24.2 - https:\/\/yoast.com\/wordpress\/plugins\/seo\/ -->\n<title>Journal de Campagne du 18 Septembre 15 - Ce soir, zoom sur la marche vers l&#039;autosuffisance alimentaire entam\u00e9e par Alpha Cond\u00e9. | Guin\u00e9e Diversit\u00e9<\/title>\n<meta name=\"robots\" content=\"index, follow, max-snippet:-1, max-image-preview:large, max-video-preview:-1\" \/>\n<link rel=\"canonical\" href=\"https:\/\/guineediversite.com\/index.php\/2015\/09\/19\/journal-de-campagne-du-18-septembre-15-ce-soir-zoom-sur-la-marche-vers-lautosuffisance-alimentaire-entamee-par-alpha-conde\/\" \/>\n<meta property=\"og:locale\" content=\"fr_FR\" \/>\n<meta property=\"og:type\" content=\"article\" \/>\n<meta property=\"og:title\" content=\"Journal de Campagne du 18 Septembre 15 - Ce soir, zoom sur la marche vers l&#039;autosuffisance alimentaire entam\u00e9e par Alpha Cond\u00e9. | Guin\u00e9e Diversit\u00e9\" \/>\n<meta property=\"og:description\" content=\"Conakry 19 Septembre 2015 &#8211; Souvenez-vous, en 2010 l&rsquo;&eacute;tat des lieux dans le secteur agricole se pr&eacute;sentait comme suit :&nbsp; &middot;&nbsp;&nbsp;&nbsp;&nbsp;&nbsp;&nbsp;faible niveau d&rsquo;approvisionnement en intrants avec une moyenne d&rsquo;utilisation de 4 Kg d&rsquo;engrais par hectare;&nbsp; &middot;&nbsp;&nbsp;&nbsp;&nbsp;&nbsp;&nbsp;seulement 3% des parcelles cultiv&eacute;es b&eacute;n&eacute;ficiaient de traitements phytosanitaires ;&nbsp; &middot;&nbsp;&nbsp;&nbsp;&nbsp;&nbsp;&nbsp;moins de 8% des superficies emblav&eacute;es recevaient des semences am&eacute;lior&eacute;es [&hellip;]\" \/>\n<meta property=\"og:url\" content=\"https:\/\/guineediversite.com\/index.php\/2015\/09\/19\/journal-de-campagne-du-18-septembre-15-ce-soir-zoom-sur-la-marche-vers-lautosuffisance-alimentaire-entamee-par-alpha-conde\/\" \/>\n<meta property=\"og:site_name\" content=\"Guin\u00e9e Diversit\u00e9\" \/>\n<meta property=\"article:publisher\" content=\"https:\/\/www.facebook.com\/guineediversite\/\" \/>\n<meta property=\"article:published_time\" content=\"2015-09-18T22:00:00+00:00\" \/>\n<meta property=\"og:image\" content=\"\" \/>\n<meta name=\"author\" content=\"Guin\u00e9e Diversit\u00e9\" \/>\n<meta name=\"twitter:card\" content=\"summary_large_image\" \/>\n<meta name=\"twitter:creator\" content=\"@GuineeDiversite\" \/>\n<meta name=\"twitter:site\" content=\"@GuineeDiversite\" \/>\n<meta name=\"twitter:label1\" content=\"\u00c9crit par\" \/>\n\t<meta name=\"twitter:data1\" content=\"Guin\u00e9e Diversit\u00e9\" \/>\n\t<meta name=\"twitter:label2\" content=\"Dur\u00e9e de lecture estim\u00e9e\" \/>\n\t<meta name=\"twitter:data2\" content=\"4 minutes\" \/>\n<script type=\"application\/ld+json\" class=\"yoast-schema-graph\">{\"@context\":\"https:\/\/schema.org\",\"@graph\":[{\"@type\":\"Article\",\"@id\":\"https:\/\/guineediversite.com\/index.php\/2015\/09\/19\/journal-de-campagne-du-18-septembre-15-ce-soir-zoom-sur-la-marche-vers-lautosuffisance-alimentaire-entamee-par-alpha-conde\/#article\",\"isPartOf\":{\"@id\":\"https:\/\/guineediversite.com\/index.php\/2015\/09\/19\/journal-de-campagne-du-18-septembre-15-ce-soir-zoom-sur-la-marche-vers-lautosuffisance-alimentaire-entamee-par-alpha-conde\/\"},\"author\":{\"name\":\"Guin\u00e9e Diversit\u00e9\",\"@id\":\"https:\/\/guineediversite.com\/#\/schema\/person\/afa08fb34e7fc6e1feafc892612bc836\"},\"headline\":\"Journal de Campagne du 18 Septembre 15 &#8211; Ce soir, zoom sur la marche vers l&#039;autosuffisance alimentaire entam\u00e9e par Alpha Cond\u00e9.\",\"datePublished\":\"2015-09-18T22:00:00+00:00\",\"dateModified\":\"2015-09-18T22:00:00+00:00\",\"mainEntityOfPage\":{\"@id\":\"https:\/\/guineediversite.com\/index.php\/2015\/09\/19\/journal-de-campagne-du-18-septembre-15-ce-soir-zoom-sur-la-marche-vers-lautosuffisance-alimentaire-entamee-par-alpha-conde\/\"},\"wordCount\":829,\"commentCount\":0,\"publisher\":{\"@id\":\"https:\/\/guineediversite.com\/#organization\"},\"image\":{\"@id\":\"https:\/\/guineediversite.com\/index.php\/2015\/09\/19\/journal-de-campagne-du-18-septembre-15-ce-soir-zoom-sur-la-marche-vers-lautosuffisance-alimentaire-entamee-par-alpha-conde\/#primaryimage\"},\"thumbnailUrl\":\"file:\/\/\/C:UsersdellAppDataLocalTempmsohtmlclip11clip_image001.gif\",\"articleSection\":[\"Archives\"],\"inLanguage\":\"fr-FR\",\"potentialAction\":[{\"@type\":\"CommentAction\",\"name\":\"Comment\",\"target\":[\"https:\/\/guineediversite.com\/index.php\/2015\/09\/19\/journal-de-campagne-du-18-septembre-15-ce-soir-zoom-sur-la-marche-vers-lautosuffisance-alimentaire-entamee-par-alpha-conde\/#respond\"]}]},{\"@type\":\"WebPage\",\"@id\":\"https:\/\/guineediversite.com\/index.php\/2015\/09\/19\/journal-de-campagne-du-18-septembre-15-ce-soir-zoom-sur-la-marche-vers-lautosuffisance-alimentaire-entamee-par-alpha-conde\/\",\"url\":\"https:\/\/guineediversite.com\/index.php\/2015\/09\/19\/journal-de-campagne-du-18-septembre-15-ce-soir-zoom-sur-la-marche-vers-lautosuffisance-alimentaire-entamee-par-alpha-conde\/\",\"name\":\"Journal de Campagne du 18 Septembre 15 - Ce soir, zoom sur la marche vers l&#039;autosuffisance alimentaire entam\u00e9e par Alpha Cond\u00e9. | Guin\u00e9e Diversit\u00e9\",\"isPartOf\":{\"@id\":\"https:\/\/guineediversite.com\/#website\"},\"primaryImageOfPage\":{\"@id\":\"https:\/\/guineediversite.com\/index.php\/2015\/09\/19\/journal-de-campagne-du-18-septembre-15-ce-soir-zoom-sur-la-marche-vers-lautosuffisance-alimentaire-entamee-par-alpha-conde\/#primaryimage\"},\"image\":{\"@id\":\"https:\/\/guineediversite.com\/index.php\/2015\/09\/19\/journal-de-campagne-du-18-septembre-15-ce-soir-zoom-sur-la-marche-vers-lautosuffisance-alimentaire-entamee-par-alpha-conde\/#primaryimage\"},\"thumbnailUrl\":\"file:\/\/\/C:UsersdellAppDataLocalTempmsohtmlclip11clip_image001.gif\",\"datePublished\":\"2015-09-18T22:00:00+00:00\",\"dateModified\":\"2015-09-18T22:00:00+00:00\",\"breadcrumb\":{\"@id\":\"https:\/\/guineediversite.com\/index.php\/2015\/09\/19\/journal-de-campagne-du-18-septembre-15-ce-soir-zoom-sur-la-marche-vers-lautosuffisance-alimentaire-entamee-par-alpha-conde\/#breadcrumb\"},\"inLanguage\":\"fr-FR\",\"potentialAction\":[{\"@type\":\"ReadAction\",\"target\":[\"https:\/\/guineediversite.com\/index.php\/2015\/09\/19\/journal-de-campagne-du-18-septembre-15-ce-soir-zoom-sur-la-marche-vers-lautosuffisance-alimentaire-entamee-par-alpha-conde\/\"]}]},{\"@type\":\"ImageObject\",\"inLanguage\":\"fr-FR\",\"@id\":\"https:\/\/guineediversite.com\/index.php\/2015\/09\/19\/journal-de-campagne-du-18-septembre-15-ce-soir-zoom-sur-la-marche-vers-lautosuffisance-alimentaire-entamee-par-alpha-conde\/#primaryimage\",\"url\":\"file:\/\/\/C:UsersdellAppDataLocalTempmsohtmlclip11clip_image001.gif\",\"contentUrl\":\"file:\/\/\/C:UsersdellAppDataLocalTempmsohtmlclip11clip_image001.gif\"},{\"@type\":\"BreadcrumbList\",\"@id\":\"https:\/\/guineediversite.com\/index.php\/2015\/09\/19\/journal-de-campagne-du-18-septembre-15-ce-soir-zoom-sur-la-marche-vers-lautosuffisance-alimentaire-entamee-par-alpha-conde\/#breadcrumb\",\"itemListElement\":[{\"@type\":\"ListItem\",\"position\":1,\"name\":\"Accueil\",\"item\":\"https:\/\/guineediversite.com\/\"},{\"@type\":\"ListItem\",\"position\":2,\"name\":\"Journal de Campagne du 18 Septembre 15 &#8211; Ce soir, zoom sur la marche vers l&#039;autosuffisance alimentaire entam\u00e9e par Alpha Cond\u00e9.\"}]},{\"@type\":\"WebSite\",\"@id\":\"https:\/\/guineediversite.com\/#website\",\"url\":\"https:\/\/guineediversite.com\/\",\"name\":\"Guin\u00e9e Diversit\u00e9\",\"description\":\"L&#039;Info dans toute sa diversit\u00e9\",\"publisher\":{\"@id\":\"https:\/\/guineediversite.com\/#organization\"},\"potentialAction\":[{\"@type\":\"SearchAction\",\"target\":{\"@type\":\"EntryPoint\",\"urlTemplate\":\"https:\/\/guineediversite.com\/?s={search_term_string}\"},\"query-input\":{\"@type\":\"PropertyValueSpecification\",\"valueRequired\":true,\"valueName\":\"search_term_string\"}}],\"inLanguage\":\"fr-FR\"},{\"@type\":\"Organization\",\"@id\":\"https:\/\/guineediversite.com\/#organization\",\"name\":\"Guin\u00e9e Diversit\u00e9\",\"url\":\"https:\/\/guineediversite.com\/\",\"logo\":{\"@type\":\"ImageObject\",\"inLanguage\":\"fr-FR\",\"@id\":\"https:\/\/guineediversite.com\/#\/schema\/logo\/image\/\",\"url\":\"https:\/\/guineediversite.com\/wp-content\/uploads\/2017\/04\/cropped-1jojlxEOMkX9Wyqfhe43D6kjPOGqBBKmx3EwWJqZ0cMrFF54yM49.png\",\"contentUrl\":\"https:\/\/guineediversite.com\/wp-content\/uploads\/2017\/04\/cropped-1jojlxEOMkX9Wyqfhe43D6kjPOGqBBKmx3EwWJqZ0cMrFF54yM49.png\",\"width\":186,\"height\":112,\"caption\":\"Guin\u00e9e Diversit\u00e9\"},\"image\":{\"@id\":\"https:\/\/guineediversite.com\/#\/schema\/logo\/image\/\"},\"sameAs\":[\"https:\/\/www.facebook.com\/guineediversite\/\",\"https:\/\/x.com\/GuineeDiversite\",\"https:\/\/www.youtube.com\/channel\/UC8sUY16qelG5ge6_D5SB83g\"]},{\"@type\":\"Person\",\"@id\":\"https:\/\/guineediversite.com\/#\/schema\/person\/afa08fb34e7fc6e1feafc892612bc836\",\"name\":\"Guin\u00e9e Diversit\u00e9\",\"image\":{\"@type\":\"ImageObject\",\"inLanguage\":\"fr-FR\",\"@id\":\"https:\/\/guineediversite.com\/#\/schema\/person\/image\/\",\"url\":\"https:\/\/secure.gravatar.com\/avatar\/50d5eb5b390f8b65ac30ac6f898eb83a?s=96&d=mm&r=g\",\"contentUrl\":\"https:\/\/secure.gravatar.com\/avatar\/50d5eb5b390f8b65ac30ac6f898eb83a?s=96&d=mm&r=g\",\"caption\":\"Guin\u00e9e Diversit\u00e9\"},\"url\":\"https:\/\/guineediversite.com\/index.php\/author\/guineediversite\/\"}]}<\/script>\n<!-- \/ Yoast SEO plugin. -->","yoast_head_json":{"title":"Journal de Campagne du 18 Septembre 15 - Ce soir, zoom sur la marche vers l&#039;autosuffisance alimentaire entam\u00e9e par Alpha Cond\u00e9. | Guin\u00e9e Diversit\u00e9","robots":{"index":"index","follow":"follow","max-snippet":"max-snippet:-1","max-image-preview":"max-image-preview:large","max-video-preview":"max-video-preview:-1"},"canonical":"https:\/\/guineediversite.com\/index.php\/2015\/09\/19\/journal-de-campagne-du-18-septembre-15-ce-soir-zoom-sur-la-marche-vers-lautosuffisance-alimentaire-entamee-par-alpha-conde\/","og_locale":"fr_FR","og_type":"article","og_title":"Journal de Campagne du 18 Septembre 15 - Ce soir, zoom sur la marche vers l&#039;autosuffisance alimentaire entam\u00e9e par Alpha Cond\u00e9. | Guin\u00e9e Diversit\u00e9","og_description":"Conakry 19 Septembre 2015 &#8211; Souvenez-vous, en 2010 l&rsquo;&eacute;tat des lieux dans le secteur agricole se pr&eacute;sentait comme suit :&nbsp; &middot;&nbsp;&nbsp;&nbsp;&nbsp;&nbsp;&nbsp;faible niveau d&rsquo;approvisionnement en intrants avec une moyenne d&rsquo;utilisation de 4 Kg d&rsquo;engrais par hectare;&nbsp; &middot;&nbsp;&nbsp;&nbsp;&nbsp;&nbsp;&nbsp;seulement 3% des parcelles cultiv&eacute;es b&eacute;n&eacute;ficiaient de traitements phytosanitaires ;&nbsp; &middot;&nbsp;&nbsp;&nbsp;&nbsp;&nbsp;&nbsp;moins de 8% des superficies emblav&eacute;es recevaient des semences am&eacute;lior&eacute;es [&hellip;]","og_url":"https:\/\/guineediversite.com\/index.php\/2015\/09\/19\/journal-de-campagne-du-18-septembre-15-ce-soir-zoom-sur-la-marche-vers-lautosuffisance-alimentaire-entamee-par-alpha-conde\/","og_site_name":"Guin\u00e9e Diversit\u00e9","article_publisher":"https:\/\/www.facebook.com\/guineediversite\/","article_published_time":"2015-09-18T22:00:00+00:00","og_image":[{"url":"file:\/\/\/C:UsersdellAppDataLocalTempmsohtmlclip11clip_image001.gif","type":"","width":"","height":""}],"author":"Guin\u00e9e Diversit\u00e9","twitter_card":"summary_large_image","twitter_creator":"@GuineeDiversite","twitter_site":"@GuineeDiversite","twitter_misc":{"\u00c9crit par":"Guin\u00e9e Diversit\u00e9","Dur\u00e9e de lecture estim\u00e9e":"4 minutes"},"schema":{"@context":"https:\/\/schema.org","@graph":[{"@type":"Article","@id":"https:\/\/guineediversite.com\/index.php\/2015\/09\/19\/journal-de-campagne-du-18-septembre-15-ce-soir-zoom-sur-la-marche-vers-lautosuffisance-alimentaire-entamee-par-alpha-conde\/#article","isPartOf":{"@id":"https:\/\/guineediversite.com\/index.php\/2015\/09\/19\/journal-de-campagne-du-18-septembre-15-ce-soir-zoom-sur-la-marche-vers-lautosuffisance-alimentaire-entamee-par-alpha-conde\/"},"author":{"name":"Guin\u00e9e Diversit\u00e9","@id":"https:\/\/guineediversite.com\/#\/schema\/person\/afa08fb34e7fc6e1feafc892612bc836"},"headline":"Journal de Campagne du 18 Septembre 15 &#8211; Ce soir, zoom sur la marche vers l&#039;autosuffisance alimentaire entam\u00e9e par Alpha Cond\u00e9.","datePublished":"2015-09-18T22:00:00+00:00","dateModified":"2015-09-18T22:00:00+00:00","mainEntityOfPage":{"@id":"https:\/\/guineediversite.com\/index.php\/2015\/09\/19\/journal-de-campagne-du-18-septembre-15-ce-soir-zoom-sur-la-marche-vers-lautosuffisance-alimentaire-entamee-par-alpha-conde\/"},"wordCount":829,"commentCount":0,"publisher":{"@id":"https:\/\/guineediversite.com\/#organization"},"image":{"@id":"https:\/\/guineediversite.com\/index.php\/2015\/09\/19\/journal-de-campagne-du-18-septembre-15-ce-soir-zoom-sur-la-marche-vers-lautosuffisance-alimentaire-entamee-par-alpha-conde\/#primaryimage"},"thumbnailUrl":"file:\/\/\/C:UsersdellAppDataLocalTempmsohtmlclip11clip_image001.gif","articleSection":["Archives"],"inLanguage":"fr-FR","potentialAction":[{"@type":"CommentAction","name":"Comment","target":["https:\/\/guineediversite.com\/index.php\/2015\/09\/19\/journal-de-campagne-du-18-septembre-15-ce-soir-zoom-sur-la-marche-vers-lautosuffisance-alimentaire-entamee-par-alpha-conde\/#respond"]}]},{"@type":"WebPage","@id":"https:\/\/guineediversite.com\/index.php\/2015\/09\/19\/journal-de-campagne-du-18-septembre-15-ce-soir-zoom-sur-la-marche-vers-lautosuffisance-alimentaire-entamee-par-alpha-conde\/","url":"https:\/\/guineediversite.com\/index.php\/2015\/09\/19\/journal-de-campagne-du-18-septembre-15-ce-soir-zoom-sur-la-marche-vers-lautosuffisance-alimentaire-entamee-par-alpha-conde\/","name":"Journal de Campagne du 18 Septembre 15 - Ce soir, zoom sur la marche vers l&#039;autosuffisance alimentaire entam\u00e9e par Alpha Cond\u00e9. | Guin\u00e9e Diversit\u00e9","isPartOf":{"@id":"https:\/\/guineediversite.com\/#website"},"primaryImageOfPage":{"@id":"https:\/\/guineediversite.com\/index.php\/2015\/09\/19\/journal-de-campagne-du-18-septembre-15-ce-soir-zoom-sur-la-marche-vers-lautosuffisance-alimentaire-entamee-par-alpha-conde\/#primaryimage"},"image":{"@id":"https:\/\/guineediversite.com\/index.php\/2015\/09\/19\/journal-de-campagne-du-18-septembre-15-ce-soir-zoom-sur-la-marche-vers-lautosuffisance-alimentaire-entamee-par-alpha-conde\/#primaryimage"},"thumbnailUrl":"file:\/\/\/C:UsersdellAppDataLocalTempmsohtmlclip11clip_image001.gif","datePublished":"2015-09-18T22:00:00+00:00","dateModified":"2015-09-18T22:00:00+00:00","breadcrumb":{"@id":"https:\/\/guineediversite.com\/index.php\/2015\/09\/19\/journal-de-campagne-du-18-septembre-15-ce-soir-zoom-sur-la-marche-vers-lautosuffisance-alimentaire-entamee-par-alpha-conde\/#breadcrumb"},"inLanguage":"fr-FR","potentialAction":[{"@type":"ReadAction","target":["https:\/\/guineediversite.com\/index.php\/2015\/09\/19\/journal-de-campagne-du-18-septembre-15-ce-soir-zoom-sur-la-marche-vers-lautosuffisance-alimentaire-entamee-par-alpha-conde\/"]}]},{"@type":"ImageObject","inLanguage":"fr-FR","@id":"https:\/\/guineediversite.com\/index.php\/2015\/09\/19\/journal-de-campagne-du-18-septembre-15-ce-soir-zoom-sur-la-marche-vers-lautosuffisance-alimentaire-entamee-par-alpha-conde\/#primaryimage","url":"file:\/\/\/C:UsersdellAppDataLocalTempmsohtmlclip11clip_image001.gif","contentUrl":"file:\/\/\/C:UsersdellAppDataLocalTempmsohtmlclip11clip_image001.gif"},{"@type":"BreadcrumbList","@id":"https:\/\/guineediversite.com\/index.php\/2015\/09\/19\/journal-de-campagne-du-18-septembre-15-ce-soir-zoom-sur-la-marche-vers-lautosuffisance-alimentaire-entamee-par-alpha-conde\/#breadcrumb","itemListElement":[{"@type":"ListItem","position":1,"name":"Accueil","item":"https:\/\/guineediversite.com\/"},{"@type":"ListItem","position":2,"name":"Journal de Campagne du 18 Septembre 15 &#8211; Ce soir, zoom sur la marche vers l&#039;autosuffisance alimentaire entam\u00e9e par Alpha Cond\u00e9."}]},{"@type":"WebSite","@id":"https:\/\/guineediversite.com\/#website","url":"https:\/\/guineediversite.com\/","name":"Guin\u00e9e Diversit\u00e9","description":"L&#039;Info dans toute sa diversit\u00e9","publisher":{"@id":"https:\/\/guineediversite.com\/#organization"},"potentialAction":[{"@type":"SearchAction","target":{"@type":"EntryPoint","urlTemplate":"https:\/\/guineediversite.com\/?s={search_term_string}"},"query-input":{"@type":"PropertyValueSpecification","valueRequired":true,"valueName":"search_term_string"}}],"inLanguage":"fr-FR"},{"@type":"Organization","@id":"https:\/\/guineediversite.com\/#organization","name":"Guin\u00e9e Diversit\u00e9","url":"https:\/\/guineediversite.com\/","logo":{"@type":"ImageObject","inLanguage":"fr-FR","@id":"https:\/\/guineediversite.com\/#\/schema\/logo\/image\/","url":"https:\/\/guineediversite.com\/wp-content\/uploads\/2017\/04\/cropped-1jojlxEOMkX9Wyqfhe43D6kjPOGqBBKmx3EwWJqZ0cMrFF54yM49.png","contentUrl":"https:\/\/guineediversite.com\/wp-content\/uploads\/2017\/04\/cropped-1jojlxEOMkX9Wyqfhe43D6kjPOGqBBKmx3EwWJqZ0cMrFF54yM49.png","width":186,"height":112,"caption":"Guin\u00e9e Diversit\u00e9"},"image":{"@id":"https:\/\/guineediversite.com\/#\/schema\/logo\/image\/"},"sameAs":["https:\/\/www.facebook.com\/guineediversite\/","https:\/\/x.com\/GuineeDiversite","https:\/\/www.youtube.com\/channel\/UC8sUY16qelG5ge6_D5SB83g"]},{"@type":"Person","@id":"https:\/\/guineediversite.com\/#\/schema\/person\/afa08fb34e7fc6e1feafc892612bc836","name":"Guin\u00e9e Diversit\u00e9","image":{"@type":"ImageObject","inLanguage":"fr-FR","@id":"https:\/\/guineediversite.com\/#\/schema\/person\/image\/","url":"https:\/\/secure.gravatar.com\/avatar\/50d5eb5b390f8b65ac30ac6f898eb83a?s=96&d=mm&r=g","contentUrl":"https:\/\/secure.gravatar.com\/avatar\/50d5eb5b390f8b65ac30ac6f898eb83a?s=96&d=mm&r=g","caption":"Guin\u00e9e Diversit\u00e9"},"url":"https:\/\/guineediversite.com\/index.php\/author\/guineediversite\/"}]}},"_links":{"self":[{"href":"https:\/\/guineediversite.com\/index.php\/wp-json\/wp\/v2\/posts\/18485"}],"collection":[{"href":"https:\/\/guineediversite.com\/index.php\/wp-json\/wp\/v2\/posts"}],"about":[{"href":"https:\/\/guineediversite.com\/index.php\/wp-json\/wp\/v2\/types\/post"}],"author":[{"embeddable":true,"href":"https:\/\/guineediversite.com\/index.php\/wp-json\/wp\/v2\/users\/12"}],"replies":[{"embeddable":true,"href":"https:\/\/guineediversite.com\/index.php\/wp-json\/wp\/v2\/comments?post=18485"}],"version-history":[{"count":0,"href":"https:\/\/guineediversite.com\/index.php\/wp-json\/wp\/v2\/posts\/18485\/revisions"}],"wp:attachment":[{"href":"https:\/\/guineediversite.com\/index.php\/wp-json\/wp\/v2\/media?parent=18485"}],"wp:term":[{"taxonomy":"category","embeddable":true,"href":"https:\/\/guineediversite.com\/index.php\/wp-json\/wp\/v2\/categories?post=18485"},{"taxonomy":"post_tag","embeddable":true,"href":"https:\/\/guineediversite.com\/index.php\/wp-json\/wp\/v2\/tags?post=18485"}],"curies":[{"name":"wp","href":"https:\/\/api.w.org\/{rel}","templated":true}]}}