{"id":18474,"date":"2015-09-15T00:00:00","date_gmt":"2015-09-14T22:00:00","guid":{"rendered":"https:\/\/www.guineediversite.com\/index.php\/2015\/09\/15\/communique-du-ministere-des-mines-et-de-la-geologie-sur-les-evenements-survenus-dans-le-village-de-kolonkalan-prefecture-de-boffa\/"},"modified":"2015-09-15T00:00:00","modified_gmt":"2015-09-14T22:00:00","slug":"communique-du-ministere-des-mines-et-de-la-geologie-sur-les-evenements-survenus-dans-le-village-de-kolonkalan-prefecture-de-boffa","status":"publish","type":"post","link":"https:\/\/guineediversite.com\/index.php\/2015\/09\/15\/communique-du-ministere-des-mines-et-de-la-geologie-sur-les-evenements-survenus-dans-le-village-de-kolonkalan-prefecture-de-boffa\/","title":{"rendered":"Communiqu\u00e9 du Minist\u00e8re des Mines et de la G\u00e9ologie sur les \u00e9v\u00e8nements survenus dans le village de Kolonkalan (Pr\u00e9fecture de Boffa)."},"content":{"rendered":"<p>Conakry, le 14 Septembre 2015 &ndash; Le dimanche 6 septembre 2015 &agrave; 21 heures, s&rsquo;est produit un ph&eacute;nom&egrave;ne naturel &agrave; Kolonkalan, village d&rsquo;environ 420 habitants r&eacute;partis en 69 m&eacute;nages, situ&eacute; dans la Sous-Pr&eacute;fecture de Tougnifily, Pr&eacute;fecture de Boffa.<\/p>\n<p>&nbsp;<\/p>\n<p>Le village a &eacute;t&eacute; affect&eacute; par un glissement subite d&#39;importants d&eacute;p&ocirc;ts d&#39;argile en provenance du toit de la montagne qui le surplombe.<\/p>\n<p>&nbsp;<\/p>\n<p>En termes de d&eacute;g&acirc;ts, on note la perte de cinq (5) de nos compatriotes, deux (2) disparus et seize (16) bless&eacute;s graves.<\/p>\n<p>&nbsp;<\/p>\n<p>Il est aussi important de signaler la destruction d&#39;une bonne partie des habitats et autres constructions du village, due au glissement de cette&nbsp; grande masse de terre qui a ras&eacute; tout dans son passage le long du versant de la montagne jusqu&#39;au village et m&ecirc;me au del&agrave;.<\/p>\n<p>&nbsp;<\/p>\n<p>Sur le plan visuel, on constate que le village est presque compl&egrave;tement coul&eacute; d&rsquo;argile graveleuse.<\/p>\n<p>&nbsp;<\/p>\n<p>D&egrave;s la survenance du sinistre &agrave; Kolonkalan, le Pr&eacute;sident de la R&eacute;publique, Chef de l&rsquo;Etat, le Professeur Alpha COND&Eacute; a d&eacute;p&ecirc;ch&eacute; sur les lieux, une mission gouvernementale conduite par le Premier Ministre. Cette mission, compos&eacute;e des Ministres des Mines, de la P&ecirc;che celui de la Sant&eacute;, ainsi que de nombreux techniciens, avait pour objectif de constater les faits, comprendre les causes du sinistre mais aussi et surtout exprimer la solidarit&eacute; du Gouvernement aux populations sinistr&eacute;es.<\/p>\n<p>&nbsp;<\/p>\n<p>Il ressort des premi&egrave;res conclusions &eacute;tablies par les experts du Minist&egrave;re des Mines et de la G&eacute;ologie qui ont accompagn&eacute; la d&eacute;l&eacute;gation gouvernementale, que contrairement aux all&eacute;gations des personnes non inform&eacute;es et de certains m&eacute;dias, le village de Kolonkalan a &eacute;t&eacute; victime d&rsquo;un glissement de terrain provoqu&eacute; par les grandes pluies diluviennes qui ont d&rsquo;ailleurs caus&eacute; des d&eacute;g&acirc;ts sur des maisons situ&eacute;es en dehors de la zone sinistr&eacute;e.<\/p>\n<p>&nbsp;<\/p>\n<p>Il ne s&rsquo;agit ni d&rsquo;un tremblement de terre ou s&eacute;isme, ni d&rsquo;un effondrement, ni d&rsquo;un &eacute;boulement ni d&rsquo;un affaissement, mais un glissement de terrain intervenu au niveau du flanc de la montagne de Kolonkalan.<\/p>\n<p>&nbsp;<\/p>\n<p>Le glissement de terrain est un ph&eacute;nom&egrave;ne naturel par lequel un cisaillement de terre fortement remani&eacute;e&nbsp; par l&#39;eau (en g&eacute;n&eacute;ral argileuse) se d&eacute;tache et se d&eacute;place en couches importantes dans la direction d&#39;une pente abrupte. Dans le cas pr&eacute;sent, cette pente &eacute;tait orient&eacute;e vers le village. Le mouvement est soudain et rapide et la grande quantit&eacute; de d&eacute;bris qui en r&eacute;sultent cause des dommages majeurs voire meurtriers.<\/p>\n<p>&nbsp;<\/p>\n<p>Il s&rsquo;agit de ph&eacute;nom&egrave;nes qui surviennent g&eacute;n&eacute;ralement en saison pluvieuse lorsque la pression d&rsquo;eau est critique pour la stabilit&eacute; des talus. L&rsquo;augmentation de la pression de l&rsquo;eau dans le sol avec les grandes pluies provoque, en effet, la rupture et occasionne le mouvement des sols vers le bas.<\/p>\n<p>&nbsp;<\/p>\n<p>Au regard de ce qui pr&eacute;c&egrave;de, il est pr&eacute;matur&eacute; d&rsquo;affirmer sans une preuve qu&rsquo;il s&rsquo;agit de la cons&eacute;quence d&rsquo;un forage ou autres travaux d&rsquo;une quelconque soci&eacute;t&eacute; mini&egrave;re.<\/p>\n<p>&nbsp;<\/p>\n<p>Des &eacute;tudes plus d&eacute;taill&eacute;es seront men&eacute;es sur le terrain dans les jours &agrave; venir pour approfondir les premi&egrave;res analyses en vue de prendre les mesures n&eacute;cessaires pour assurer la s&eacute;curit&eacute; des occupants du village sinistr&eacute; et environnants.<\/p>\n<p>&nbsp;<\/p>\n<p>Au nom du Pr&eacute;sident de la R&eacute;publique, chef de l&rsquo;Etat, le Professeur Alpha COND&Eacute;, et du Chef de Gouvernement, nous pr&eacute;sentons les condol&eacute;ances les plus attrist&eacute;es aux familles &eacute;plor&eacute;es.&nbsp;<\/p>\n<p>&nbsp;<\/p>\n<p>Enfin, le Gouvernement compte saisir cette malheureuse occasion pour attirer l&rsquo;attention des populations guin&eacute;ennes que le d&eacute;boisement des pentes et versants et la construction des maisons d&rsquo;habitation sur les flancs et au bas des montages peuvent avoir des cons&eacute;quences tr&egrave;s graves et irr&eacute;versibles. &nbsp;<\/p>\n","protected":false},"excerpt":{"rendered":"<p>Conakry, le 14 Septembre 2015 &ndash; Le dimanche 6 septembre 2015 &agrave; 21 heures, s&rsquo;est produit un ph&eacute;nom&egrave;ne naturel &agrave; Kolonkalan, village d&rsquo;environ 420 habitants r&eacute;partis en 69 m&eacute;nages, situ&eacute; dans la Sous-Pr&eacute;fecture de Tougnifily, Pr&eacute;fecture de Boffa. &nbsp; Le village a &eacute;t&eacute; affect&eacute; par un glissement subite d&#39;importants d&eacute;p&ocirc;ts d&#39;argile en provenance du toit [&hellip;]<\/p>\n","protected":false},"author":12,"featured_media":0,"comment_status":"open","ping_status":"open","sticky":false,"template":"","format":"standard","meta":{"_exactmetrics_skip_tracking":false,"_exactmetrics_sitenote_active":false,"_exactmetrics_sitenote_note":"","_exactmetrics_sitenote_category":0,"tdm_status":"","tdm_grid_status":"","footnotes":""},"categories":[28],"tags":[],"class_list":{"0":"post-18474","1":"post","2":"type-post","3":"status-publish","4":"format-standard","6":"category-archives"},"yoast_head":"<!-- This site is optimized with the Yoast SEO plugin v24.2 - https:\/\/yoast.com\/wordpress\/plugins\/seo\/ -->\n<title>Communiqu\u00e9 du Minist\u00e8re des Mines et de la G\u00e9ologie sur les \u00e9v\u00e8nements survenus dans le village de Kolonkalan (Pr\u00e9fecture de Boffa). | Guin\u00e9e Diversit\u00e9<\/title>\n<meta name=\"robots\" content=\"index, follow, max-snippet:-1, max-image-preview:large, max-video-preview:-1\" \/>\n<link rel=\"canonical\" href=\"https:\/\/guineediversite.com\/index.php\/2015\/09\/15\/communique-du-ministere-des-mines-et-de-la-geologie-sur-les-evenements-survenus-dans-le-village-de-kolonkalan-prefecture-de-boffa\/\" \/>\n<meta property=\"og:locale\" content=\"fr_FR\" \/>\n<meta property=\"og:type\" content=\"article\" \/>\n<meta property=\"og:title\" content=\"Communiqu\u00e9 du Minist\u00e8re des Mines et de la G\u00e9ologie sur les \u00e9v\u00e8nements survenus dans le village de Kolonkalan (Pr\u00e9fecture de Boffa). | Guin\u00e9e Diversit\u00e9\" \/>\n<meta property=\"og:description\" content=\"Conakry, le 14 Septembre 2015 &ndash; Le dimanche 6 septembre 2015 &agrave; 21 heures, s&rsquo;est produit un ph&eacute;nom&egrave;ne naturel &agrave; Kolonkalan, village d&rsquo;environ 420 habitants r&eacute;partis en 69 m&eacute;nages, situ&eacute; dans la Sous-Pr&eacute;fecture de Tougnifily, Pr&eacute;fecture de Boffa. &nbsp; Le village a &eacute;t&eacute; affect&eacute; par un glissement subite d&#039;importants d&eacute;p&ocirc;ts d&#039;argile en provenance du toit [&hellip;]\" \/>\n<meta property=\"og:url\" content=\"https:\/\/guineediversite.com\/index.php\/2015\/09\/15\/communique-du-ministere-des-mines-et-de-la-geologie-sur-les-evenements-survenus-dans-le-village-de-kolonkalan-prefecture-de-boffa\/\" \/>\n<meta property=\"og:site_name\" content=\"Guin\u00e9e Diversit\u00e9\" \/>\n<meta property=\"article:publisher\" content=\"https:\/\/www.facebook.com\/guineediversite\/\" \/>\n<meta property=\"article:published_time\" content=\"2015-09-14T22:00:00+00:00\" \/>\n<meta name=\"author\" content=\"Guin\u00e9e Diversit\u00e9\" \/>\n<meta name=\"twitter:card\" content=\"summary_large_image\" \/>\n<meta name=\"twitter:creator\" content=\"@GuineeDiversite\" \/>\n<meta name=\"twitter:site\" content=\"@GuineeDiversite\" \/>\n<meta name=\"twitter:label1\" content=\"\u00c9crit par\" \/>\n\t<meta name=\"twitter:data1\" content=\"Guin\u00e9e Diversit\u00e9\" \/>\n\t<meta name=\"twitter:label2\" content=\"Dur\u00e9e de lecture estim\u00e9e\" \/>\n\t<meta name=\"twitter:data2\" content=\"4 minutes\" \/>\n<script type=\"application\/ld+json\" class=\"yoast-schema-graph\">{\"@context\":\"https:\/\/schema.org\",\"@graph\":[{\"@type\":\"Article\",\"@id\":\"https:\/\/guineediversite.com\/index.php\/2015\/09\/15\/communique-du-ministere-des-mines-et-de-la-geologie-sur-les-evenements-survenus-dans-le-village-de-kolonkalan-prefecture-de-boffa\/#article\",\"isPartOf\":{\"@id\":\"https:\/\/guineediversite.com\/index.php\/2015\/09\/15\/communique-du-ministere-des-mines-et-de-la-geologie-sur-les-evenements-survenus-dans-le-village-de-kolonkalan-prefecture-de-boffa\/\"},\"author\":{\"name\":\"Guin\u00e9e Diversit\u00e9\",\"@id\":\"https:\/\/guineediversite.com\/#\/schema\/person\/afa08fb34e7fc6e1feafc892612bc836\"},\"headline\":\"Communiqu\u00e9 du Minist\u00e8re des Mines et de la G\u00e9ologie sur les \u00e9v\u00e8nements survenus dans le village de Kolonkalan (Pr\u00e9fecture de Boffa).\",\"datePublished\":\"2015-09-14T22:00:00+00:00\",\"dateModified\":\"2015-09-14T22:00:00+00:00\",\"mainEntityOfPage\":{\"@id\":\"https:\/\/guineediversite.com\/index.php\/2015\/09\/15\/communique-du-ministere-des-mines-et-de-la-geologie-sur-les-evenements-survenus-dans-le-village-de-kolonkalan-prefecture-de-boffa\/\"},\"wordCount\":828,\"commentCount\":0,\"publisher\":{\"@id\":\"https:\/\/guineediversite.com\/#organization\"},\"articleSection\":[\"Archives\"],\"inLanguage\":\"fr-FR\",\"potentialAction\":[{\"@type\":\"CommentAction\",\"name\":\"Comment\",\"target\":[\"https:\/\/guineediversite.com\/index.php\/2015\/09\/15\/communique-du-ministere-des-mines-et-de-la-geologie-sur-les-evenements-survenus-dans-le-village-de-kolonkalan-prefecture-de-boffa\/#respond\"]}]},{\"@type\":\"WebPage\",\"@id\":\"https:\/\/guineediversite.com\/index.php\/2015\/09\/15\/communique-du-ministere-des-mines-et-de-la-geologie-sur-les-evenements-survenus-dans-le-village-de-kolonkalan-prefecture-de-boffa\/\",\"url\":\"https:\/\/guineediversite.com\/index.php\/2015\/09\/15\/communique-du-ministere-des-mines-et-de-la-geologie-sur-les-evenements-survenus-dans-le-village-de-kolonkalan-prefecture-de-boffa\/\",\"name\":\"Communiqu\u00e9 du Minist\u00e8re des Mines et de la G\u00e9ologie sur les \u00e9v\u00e8nements survenus dans le village de Kolonkalan (Pr\u00e9fecture de Boffa). | Guin\u00e9e Diversit\u00e9\",\"isPartOf\":{\"@id\":\"https:\/\/guineediversite.com\/#website\"},\"datePublished\":\"2015-09-14T22:00:00+00:00\",\"dateModified\":\"2015-09-14T22:00:00+00:00\",\"breadcrumb\":{\"@id\":\"https:\/\/guineediversite.com\/index.php\/2015\/09\/15\/communique-du-ministere-des-mines-et-de-la-geologie-sur-les-evenements-survenus-dans-le-village-de-kolonkalan-prefecture-de-boffa\/#breadcrumb\"},\"inLanguage\":\"fr-FR\",\"potentialAction\":[{\"@type\":\"ReadAction\",\"target\":[\"https:\/\/guineediversite.com\/index.php\/2015\/09\/15\/communique-du-ministere-des-mines-et-de-la-geologie-sur-les-evenements-survenus-dans-le-village-de-kolonkalan-prefecture-de-boffa\/\"]}]},{\"@type\":\"BreadcrumbList\",\"@id\":\"https:\/\/guineediversite.com\/index.php\/2015\/09\/15\/communique-du-ministere-des-mines-et-de-la-geologie-sur-les-evenements-survenus-dans-le-village-de-kolonkalan-prefecture-de-boffa\/#breadcrumb\",\"itemListElement\":[{\"@type\":\"ListItem\",\"position\":1,\"name\":\"Accueil\",\"item\":\"https:\/\/guineediversite.com\/\"},{\"@type\":\"ListItem\",\"position\":2,\"name\":\"Communiqu\u00e9 du Minist\u00e8re des Mines et de la G\u00e9ologie sur les \u00e9v\u00e8nements survenus dans le village de Kolonkalan (Pr\u00e9fecture de Boffa).\"}]},{\"@type\":\"WebSite\",\"@id\":\"https:\/\/guineediversite.com\/#website\",\"url\":\"https:\/\/guineediversite.com\/\",\"name\":\"Guin\u00e9e Diversit\u00e9\",\"description\":\"L&#039;Info dans toute sa diversit\u00e9\",\"publisher\":{\"@id\":\"https:\/\/guineediversite.com\/#organization\"},\"potentialAction\":[{\"@type\":\"SearchAction\",\"target\":{\"@type\":\"EntryPoint\",\"urlTemplate\":\"https:\/\/guineediversite.com\/?s={search_term_string}\"},\"query-input\":{\"@type\":\"PropertyValueSpecification\",\"valueRequired\":true,\"valueName\":\"search_term_string\"}}],\"inLanguage\":\"fr-FR\"},{\"@type\":\"Organization\",\"@id\":\"https:\/\/guineediversite.com\/#organization\",\"name\":\"Guin\u00e9e Diversit\u00e9\",\"url\":\"https:\/\/guineediversite.com\/\",\"logo\":{\"@type\":\"ImageObject\",\"inLanguage\":\"fr-FR\",\"@id\":\"https:\/\/guineediversite.com\/#\/schema\/logo\/image\/\",\"url\":\"https:\/\/guineediversite.com\/wp-content\/uploads\/2017\/04\/cropped-1jojlxEOMkX9Wyqfhe43D6kjPOGqBBKmx3EwWJqZ0cMrFF54yM49.png\",\"contentUrl\":\"https:\/\/guineediversite.com\/wp-content\/uploads\/2017\/04\/cropped-1jojlxEOMkX9Wyqfhe43D6kjPOGqBBKmx3EwWJqZ0cMrFF54yM49.png\",\"width\":186,\"height\":112,\"caption\":\"Guin\u00e9e Diversit\u00e9\"},\"image\":{\"@id\":\"https:\/\/guineediversite.com\/#\/schema\/logo\/image\/\"},\"sameAs\":[\"https:\/\/www.facebook.com\/guineediversite\/\",\"https:\/\/x.com\/GuineeDiversite\",\"https:\/\/www.youtube.com\/channel\/UC8sUY16qelG5ge6_D5SB83g\"]},{\"@type\":\"Person\",\"@id\":\"https:\/\/guineediversite.com\/#\/schema\/person\/afa08fb34e7fc6e1feafc892612bc836\",\"name\":\"Guin\u00e9e Diversit\u00e9\",\"image\":{\"@type\":\"ImageObject\",\"inLanguage\":\"fr-FR\",\"@id\":\"https:\/\/guineediversite.com\/#\/schema\/person\/image\/\",\"url\":\"https:\/\/secure.gravatar.com\/avatar\/50d5eb5b390f8b65ac30ac6f898eb83a?s=96&d=mm&r=g\",\"contentUrl\":\"https:\/\/secure.gravatar.com\/avatar\/50d5eb5b390f8b65ac30ac6f898eb83a?s=96&d=mm&r=g\",\"caption\":\"Guin\u00e9e Diversit\u00e9\"},\"url\":\"https:\/\/guineediversite.com\/index.php\/author\/guineediversite\/\"}]}<\/script>\n<!-- \/ Yoast SEO plugin. -->","yoast_head_json":{"title":"Communiqu\u00e9 du Minist\u00e8re des Mines et de la G\u00e9ologie sur les \u00e9v\u00e8nements survenus dans le village de Kolonkalan (Pr\u00e9fecture de Boffa). | Guin\u00e9e Diversit\u00e9","robots":{"index":"index","follow":"follow","max-snippet":"max-snippet:-1","max-image-preview":"max-image-preview:large","max-video-preview":"max-video-preview:-1"},"canonical":"https:\/\/guineediversite.com\/index.php\/2015\/09\/15\/communique-du-ministere-des-mines-et-de-la-geologie-sur-les-evenements-survenus-dans-le-village-de-kolonkalan-prefecture-de-boffa\/","og_locale":"fr_FR","og_type":"article","og_title":"Communiqu\u00e9 du Minist\u00e8re des Mines et de la G\u00e9ologie sur les \u00e9v\u00e8nements survenus dans le village de Kolonkalan (Pr\u00e9fecture de Boffa). | Guin\u00e9e Diversit\u00e9","og_description":"Conakry, le 14 Septembre 2015 &ndash; Le dimanche 6 septembre 2015 &agrave; 21 heures, s&rsquo;est produit un ph&eacute;nom&egrave;ne naturel &agrave; Kolonkalan, village d&rsquo;environ 420 habitants r&eacute;partis en 69 m&eacute;nages, situ&eacute; dans la Sous-Pr&eacute;fecture de Tougnifily, Pr&eacute;fecture de Boffa. &nbsp; Le village a &eacute;t&eacute; affect&eacute; par un glissement subite d&#39;importants d&eacute;p&ocirc;ts d&#39;argile en provenance du toit [&hellip;]","og_url":"https:\/\/guineediversite.com\/index.php\/2015\/09\/15\/communique-du-ministere-des-mines-et-de-la-geologie-sur-les-evenements-survenus-dans-le-village-de-kolonkalan-prefecture-de-boffa\/","og_site_name":"Guin\u00e9e Diversit\u00e9","article_publisher":"https:\/\/www.facebook.com\/guineediversite\/","article_published_time":"2015-09-14T22:00:00+00:00","author":"Guin\u00e9e Diversit\u00e9","twitter_card":"summary_large_image","twitter_creator":"@GuineeDiversite","twitter_site":"@GuineeDiversite","twitter_misc":{"\u00c9crit par":"Guin\u00e9e Diversit\u00e9","Dur\u00e9e de lecture estim\u00e9e":"4 minutes"},"schema":{"@context":"https:\/\/schema.org","@graph":[{"@type":"Article","@id":"https:\/\/guineediversite.com\/index.php\/2015\/09\/15\/communique-du-ministere-des-mines-et-de-la-geologie-sur-les-evenements-survenus-dans-le-village-de-kolonkalan-prefecture-de-boffa\/#article","isPartOf":{"@id":"https:\/\/guineediversite.com\/index.php\/2015\/09\/15\/communique-du-ministere-des-mines-et-de-la-geologie-sur-les-evenements-survenus-dans-le-village-de-kolonkalan-prefecture-de-boffa\/"},"author":{"name":"Guin\u00e9e Diversit\u00e9","@id":"https:\/\/guineediversite.com\/#\/schema\/person\/afa08fb34e7fc6e1feafc892612bc836"},"headline":"Communiqu\u00e9 du Minist\u00e8re des Mines et de la G\u00e9ologie sur les \u00e9v\u00e8nements survenus dans le village de Kolonkalan (Pr\u00e9fecture de Boffa).","datePublished":"2015-09-14T22:00:00+00:00","dateModified":"2015-09-14T22:00:00+00:00","mainEntityOfPage":{"@id":"https:\/\/guineediversite.com\/index.php\/2015\/09\/15\/communique-du-ministere-des-mines-et-de-la-geologie-sur-les-evenements-survenus-dans-le-village-de-kolonkalan-prefecture-de-boffa\/"},"wordCount":828,"commentCount":0,"publisher":{"@id":"https:\/\/guineediversite.com\/#organization"},"articleSection":["Archives"],"inLanguage":"fr-FR","potentialAction":[{"@type":"CommentAction","name":"Comment","target":["https:\/\/guineediversite.com\/index.php\/2015\/09\/15\/communique-du-ministere-des-mines-et-de-la-geologie-sur-les-evenements-survenus-dans-le-village-de-kolonkalan-prefecture-de-boffa\/#respond"]}]},{"@type":"WebPage","@id":"https:\/\/guineediversite.com\/index.php\/2015\/09\/15\/communique-du-ministere-des-mines-et-de-la-geologie-sur-les-evenements-survenus-dans-le-village-de-kolonkalan-prefecture-de-boffa\/","url":"https:\/\/guineediversite.com\/index.php\/2015\/09\/15\/communique-du-ministere-des-mines-et-de-la-geologie-sur-les-evenements-survenus-dans-le-village-de-kolonkalan-prefecture-de-boffa\/","name":"Communiqu\u00e9 du Minist\u00e8re des Mines et de la G\u00e9ologie sur les \u00e9v\u00e8nements survenus dans le village de Kolonkalan (Pr\u00e9fecture de Boffa). | Guin\u00e9e Diversit\u00e9","isPartOf":{"@id":"https:\/\/guineediversite.com\/#website"},"datePublished":"2015-09-14T22:00:00+00:00","dateModified":"2015-09-14T22:00:00+00:00","breadcrumb":{"@id":"https:\/\/guineediversite.com\/index.php\/2015\/09\/15\/communique-du-ministere-des-mines-et-de-la-geologie-sur-les-evenements-survenus-dans-le-village-de-kolonkalan-prefecture-de-boffa\/#breadcrumb"},"inLanguage":"fr-FR","potentialAction":[{"@type":"ReadAction","target":["https:\/\/guineediversite.com\/index.php\/2015\/09\/15\/communique-du-ministere-des-mines-et-de-la-geologie-sur-les-evenements-survenus-dans-le-village-de-kolonkalan-prefecture-de-boffa\/"]}]},{"@type":"BreadcrumbList","@id":"https:\/\/guineediversite.com\/index.php\/2015\/09\/15\/communique-du-ministere-des-mines-et-de-la-geologie-sur-les-evenements-survenus-dans-le-village-de-kolonkalan-prefecture-de-boffa\/#breadcrumb","itemListElement":[{"@type":"ListItem","position":1,"name":"Accueil","item":"https:\/\/guineediversite.com\/"},{"@type":"ListItem","position":2,"name":"Communiqu\u00e9 du Minist\u00e8re des Mines et de la G\u00e9ologie sur les \u00e9v\u00e8nements survenus dans le village de Kolonkalan (Pr\u00e9fecture de Boffa)."}]},{"@type":"WebSite","@id":"https:\/\/guineediversite.com\/#website","url":"https:\/\/guineediversite.com\/","name":"Guin\u00e9e Diversit\u00e9","description":"L&#039;Info dans toute sa diversit\u00e9","publisher":{"@id":"https:\/\/guineediversite.com\/#organization"},"potentialAction":[{"@type":"SearchAction","target":{"@type":"EntryPoint","urlTemplate":"https:\/\/guineediversite.com\/?s={search_term_string}"},"query-input":{"@type":"PropertyValueSpecification","valueRequired":true,"valueName":"search_term_string"}}],"inLanguage":"fr-FR"},{"@type":"Organization","@id":"https:\/\/guineediversite.com\/#organization","name":"Guin\u00e9e Diversit\u00e9","url":"https:\/\/guineediversite.com\/","logo":{"@type":"ImageObject","inLanguage":"fr-FR","@id":"https:\/\/guineediversite.com\/#\/schema\/logo\/image\/","url":"https:\/\/guineediversite.com\/wp-content\/uploads\/2017\/04\/cropped-1jojlxEOMkX9Wyqfhe43D6kjPOGqBBKmx3EwWJqZ0cMrFF54yM49.png","contentUrl":"https:\/\/guineediversite.com\/wp-content\/uploads\/2017\/04\/cropped-1jojlxEOMkX9Wyqfhe43D6kjPOGqBBKmx3EwWJqZ0cMrFF54yM49.png","width":186,"height":112,"caption":"Guin\u00e9e Diversit\u00e9"},"image":{"@id":"https:\/\/guineediversite.com\/#\/schema\/logo\/image\/"},"sameAs":["https:\/\/www.facebook.com\/guineediversite\/","https:\/\/x.com\/GuineeDiversite","https:\/\/www.youtube.com\/channel\/UC8sUY16qelG5ge6_D5SB83g"]},{"@type":"Person","@id":"https:\/\/guineediversite.com\/#\/schema\/person\/afa08fb34e7fc6e1feafc892612bc836","name":"Guin\u00e9e Diversit\u00e9","image":{"@type":"ImageObject","inLanguage":"fr-FR","@id":"https:\/\/guineediversite.com\/#\/schema\/person\/image\/","url":"https:\/\/secure.gravatar.com\/avatar\/50d5eb5b390f8b65ac30ac6f898eb83a?s=96&d=mm&r=g","contentUrl":"https:\/\/secure.gravatar.com\/avatar\/50d5eb5b390f8b65ac30ac6f898eb83a?s=96&d=mm&r=g","caption":"Guin\u00e9e Diversit\u00e9"},"url":"https:\/\/guineediversite.com\/index.php\/author\/guineediversite\/"}]}},"_links":{"self":[{"href":"https:\/\/guineediversite.com\/index.php\/wp-json\/wp\/v2\/posts\/18474"}],"collection":[{"href":"https:\/\/guineediversite.com\/index.php\/wp-json\/wp\/v2\/posts"}],"about":[{"href":"https:\/\/guineediversite.com\/index.php\/wp-json\/wp\/v2\/types\/post"}],"author":[{"embeddable":true,"href":"https:\/\/guineediversite.com\/index.php\/wp-json\/wp\/v2\/users\/12"}],"replies":[{"embeddable":true,"href":"https:\/\/guineediversite.com\/index.php\/wp-json\/wp\/v2\/comments?post=18474"}],"version-history":[{"count":0,"href":"https:\/\/guineediversite.com\/index.php\/wp-json\/wp\/v2\/posts\/18474\/revisions"}],"wp:attachment":[{"href":"https:\/\/guineediversite.com\/index.php\/wp-json\/wp\/v2\/media?parent=18474"}],"wp:term":[{"taxonomy":"category","embeddable":true,"href":"https:\/\/guineediversite.com\/index.php\/wp-json\/wp\/v2\/categories?post=18474"},{"taxonomy":"post_tag","embeddable":true,"href":"https:\/\/guineediversite.com\/index.php\/wp-json\/wp\/v2\/tags?post=18474"}],"curies":[{"name":"wp","href":"https:\/\/api.w.org\/{rel}","templated":true}]}}