{"id":18470,"date":"2015-09-13T00:00:00","date_gmt":"2015-09-12T22:00:00","guid":{"rendered":"https:\/\/www.guineediversite.com\/index.php\/2015\/09\/13\/mjej-les-rideaux-sont-tombes-sur-la-reunion-sous-regionale-autonomisation-des-jeunes-et-le-dividende-demographique\/"},"modified":"2015-09-13T00:00:00","modified_gmt":"2015-09-12T22:00:00","slug":"mjej-les-rideaux-sont-tombes-sur-la-reunion-sous-regionale-autonomisation-des-jeunes-et-le-dividende-demographique","status":"publish","type":"post","link":"https:\/\/guineediversite.com\/index.php\/2015\/09\/13\/mjej-les-rideaux-sont-tombes-sur-la-reunion-sous-regionale-autonomisation-des-jeunes-et-le-dividende-demographique\/","title":{"rendered":"MJEJ &#8211; Les rideaux sont tombes sur la r\u00e9union sous r\u00e9gionale \u00abAUTONOMISATION DES JEUNES ET LE DIVIDENDE DEMOGRAPHIQUE \u00bb."},"content":{"rendered":"<p>Sous l&rsquo;&eacute;gide du Fonds des Nations Unies pour la Population (UNFPA), les Ministres de la Jeunesse du Lib&eacute;ria, de la Sierra Leone et de la Guin&eacute;e &eacute;taient en conclave le vendredi 11 septembre 2015 &agrave; l&rsquo;H&ocirc;tel Palm Camayenne pour la prise de d&eacute;cisions en faveur des jeunes de l&rsquo;Union du Fleuve Mano.<\/p>\n<p><img decoding=\"async\" alt=\"les-rideaux-sont-tombes-sur-la-runion-sous-rgionale\" src=\"file:\/\/\/C:UsersabdulaiAppDataLocalTempmsohtmlclip1 1clip_image002.jpg\" style=\"height:240px; width:410px\" \/><\/p>\n<p>\nC&rsquo;est Mr Damantang Albert CAMARA, Ministre Guin&eacute;en de l&rsquo;Enseignement Technique, de la Formation Professionnelle, de l&rsquo;Emploi et du Travail qui a pr&eacute;sid&eacute; la cl&ocirc;ture de cette rencontre des pays touch&eacute;s par la maladie &agrave; virus Ebola. Tous les travaux des repr&eacute;sentants de ces pays &eacute;taient sous la coordination des trois ministres de la jeunesse, de la Secr&eacute;taire Ex&eacute;cutive de la Mano River Union et de Mr le Directeur R&eacute;gional de l&rsquo;UNFPA bas&eacute; &agrave; Dakar.<br \/>\nIl a &eacute;t&eacute; question au cours de cette c&eacute;r&eacute;monie, de proc&eacute;der &agrave; la pr&eacute;sentation de la note conceptuelle du programme, de la feuille de route et des documents de mobilisation des ressources avant les interventions des Ministres et le mot des participants.<\/p>\n<p>\nTour &agrave; tour, les trois Ministres ont exprim&eacute; leurs satisfactions pour la tenue d&rsquo;une telle rencontre de haut niveau en faveur des jeunes de leurs pays respectifs. Ils ont r&eacute;affirm&eacute; leurs engagements et leurs volont&eacute;s politiques &agrave; accompagner ce processus en vue de r&eacute;pondre favorablement aux diff&eacute;rents d&eacute;fis dont la couche juv&eacute;nile est confront&eacute;e.<\/p>\n<p>\nDans son discours de cl&ocirc;ture, Mr le Ministre de l&rsquo;Enseignement Technique, de la Formation Professionnelle, de l&rsquo;Emploi et du Travail a d&rsquo;abord, transmis les sinc&egrave;res salutations de Mr le Pr&eacute;sident de la R&eacute;publique, Professeur Alpha CONDE qui partage les m&ecirc;mes aspirations et les m&ecirc;mes volont&eacute;s politiques avec ses pairs de la Mano River Union pour cr&eacute;er des conditions favorables pour une int&eacute;gration socio&eacute;conomique en faveur des jeunes. Ensuite, Mr le Porte-parole du gouvernement Guin&eacute;en a invit&eacute; Messieurs les Ministres de l&rsquo;Union du fleuve Mano, de s&rsquo;investir &agrave; mobiliser des ressources pour la mise en &oelig;uvre de cette feuille de route qui engage les trois pays.<\/p>\n<p>\nIl a mis l&rsquo;occasion &agrave; profit pour demander les gouvernements respectifs, de mettre en place un fonds pour rendre effectives les actions planifi&eacute;es. Au nom de Mr le Pr&eacute;sident de la R&eacute;publique, il a enfin, adress&eacute; ses vifs remerciements &agrave; messieurs les Ministres de la Jeunesse pour cette initiative, &agrave; l&rsquo;UNFPA pour son appui technique et financier, son engagement au plus haut de ses dirigeants et au Secr&eacute;tariat Ex&eacute;cutif de la mano river union pour son dynamisme dans la mobilisation et la coordination de l&rsquo;ensemble du processus.<\/p>\n<p>\nA signaler que cette c&eacute;r&eacute;monie a &eacute;t&eacute; rehauss&eacute;e par la pr&eacute;sence de Mr le Premier Vice-Pr&eacute;sident de l&rsquo;Assembl&eacute;e Nationale Guin&eacute;enne.<\/p>\n<p>\n<strong>Cellule de Communication MJEJ.<\/strong><\/p>\n","protected":false},"excerpt":{"rendered":"<p>Sous l&rsquo;&eacute;gide du Fonds des Nations Unies pour la Population (UNFPA), les Ministres de la Jeunesse du Lib&eacute;ria, de la Sierra Leone et de la Guin&eacute;e &eacute;taient en conclave le vendredi 11 septembre 2015 &agrave; l&rsquo;H&ocirc;tel Palm Camayenne pour la prise de d&eacute;cisions en faveur des jeunes de l&rsquo;Union du Fleuve Mano. C&rsquo;est Mr Damantang [&hellip;]<\/p>\n","protected":false},"author":12,"featured_media":0,"comment_status":"open","ping_status":"open","sticky":false,"template":"","format":"standard","meta":{"_exactmetrics_skip_tracking":false,"_exactmetrics_sitenote_active":false,"_exactmetrics_sitenote_note":"","_exactmetrics_sitenote_category":0,"tdm_status":"","tdm_grid_status":"","footnotes":""},"categories":[28],"tags":[],"class_list":{"0":"post-18470","1":"post","2":"type-post","3":"status-publish","4":"format-standard","6":"category-archives"},"yoast_head":"<!-- This site is optimized with the Yoast SEO plugin v24.2 - https:\/\/yoast.com\/wordpress\/plugins\/seo\/ -->\n<title>MJEJ - Les rideaux sont tombes sur la r\u00e9union sous r\u00e9gionale \u00abAUTONOMISATION DES JEUNES ET LE DIVIDENDE DEMOGRAPHIQUE \u00bb. | Guin\u00e9e Diversit\u00e9<\/title>\n<meta name=\"robots\" content=\"index, follow, max-snippet:-1, max-image-preview:large, max-video-preview:-1\" \/>\n<link rel=\"canonical\" href=\"https:\/\/guineediversite.com\/index.php\/2015\/09\/13\/mjej-les-rideaux-sont-tombes-sur-la-reunion-sous-regionale-autonomisation-des-jeunes-et-le-dividende-demographique\/\" \/>\n<meta property=\"og:locale\" content=\"fr_FR\" \/>\n<meta property=\"og:type\" content=\"article\" \/>\n<meta property=\"og:title\" content=\"MJEJ - Les rideaux sont tombes sur la r\u00e9union sous r\u00e9gionale \u00abAUTONOMISATION DES JEUNES ET LE DIVIDENDE DEMOGRAPHIQUE \u00bb. | Guin\u00e9e Diversit\u00e9\" \/>\n<meta property=\"og:description\" content=\"Sous l&rsquo;&eacute;gide du Fonds des Nations Unies pour la Population (UNFPA), les Ministres de la Jeunesse du Lib&eacute;ria, de la Sierra Leone et de la Guin&eacute;e &eacute;taient en conclave le vendredi 11 septembre 2015 &agrave; l&rsquo;H&ocirc;tel Palm Camayenne pour la prise de d&eacute;cisions en faveur des jeunes de l&rsquo;Union du Fleuve Mano. C&rsquo;est Mr Damantang [&hellip;]\" \/>\n<meta property=\"og:url\" content=\"https:\/\/guineediversite.com\/index.php\/2015\/09\/13\/mjej-les-rideaux-sont-tombes-sur-la-reunion-sous-regionale-autonomisation-des-jeunes-et-le-dividende-demographique\/\" \/>\n<meta property=\"og:site_name\" content=\"Guin\u00e9e Diversit\u00e9\" \/>\n<meta property=\"article:publisher\" content=\"https:\/\/www.facebook.com\/guineediversite\/\" \/>\n<meta property=\"article:published_time\" content=\"2015-09-12T22:00:00+00:00\" \/>\n<meta name=\"author\" content=\"Guin\u00e9e Diversit\u00e9\" \/>\n<meta name=\"twitter:card\" content=\"summary_large_image\" \/>\n<meta name=\"twitter:creator\" content=\"@GuineeDiversite\" \/>\n<meta name=\"twitter:site\" content=\"@GuineeDiversite\" \/>\n<meta name=\"twitter:label1\" content=\"\u00c9crit par\" \/>\n\t<meta name=\"twitter:data1\" content=\"Guin\u00e9e Diversit\u00e9\" \/>\n\t<meta name=\"twitter:label2\" content=\"Dur\u00e9e de lecture estim\u00e9e\" \/>\n\t<meta name=\"twitter:data2\" content=\"3 minutes\" \/>\n<script type=\"application\/ld+json\" class=\"yoast-schema-graph\">{\"@context\":\"https:\/\/schema.org\",\"@graph\":[{\"@type\":\"Article\",\"@id\":\"https:\/\/guineediversite.com\/index.php\/2015\/09\/13\/mjej-les-rideaux-sont-tombes-sur-la-reunion-sous-regionale-autonomisation-des-jeunes-et-le-dividende-demographique\/#article\",\"isPartOf\":{\"@id\":\"https:\/\/guineediversite.com\/index.php\/2015\/09\/13\/mjej-les-rideaux-sont-tombes-sur-la-reunion-sous-regionale-autonomisation-des-jeunes-et-le-dividende-demographique\/\"},\"author\":{\"name\":\"Guin\u00e9e Diversit\u00e9\",\"@id\":\"https:\/\/guineediversite.com\/#\/schema\/person\/afa08fb34e7fc6e1feafc892612bc836\"},\"headline\":\"MJEJ &#8211; Les rideaux sont tombes sur la r\u00e9union sous r\u00e9gionale \u00abAUTONOMISATION DES JEUNES ET LE DIVIDENDE DEMOGRAPHIQUE \u00bb.\",\"datePublished\":\"2015-09-12T22:00:00+00:00\",\"dateModified\":\"2015-09-12T22:00:00+00:00\",\"mainEntityOfPage\":{\"@id\":\"https:\/\/guineediversite.com\/index.php\/2015\/09\/13\/mjej-les-rideaux-sont-tombes-sur-la-reunion-sous-regionale-autonomisation-des-jeunes-et-le-dividende-demographique\/\"},\"wordCount\":596,\"commentCount\":0,\"publisher\":{\"@id\":\"https:\/\/guineediversite.com\/#organization\"},\"articleSection\":[\"Archives\"],\"inLanguage\":\"fr-FR\",\"potentialAction\":[{\"@type\":\"CommentAction\",\"name\":\"Comment\",\"target\":[\"https:\/\/guineediversite.com\/index.php\/2015\/09\/13\/mjej-les-rideaux-sont-tombes-sur-la-reunion-sous-regionale-autonomisation-des-jeunes-et-le-dividende-demographique\/#respond\"]}]},{\"@type\":\"WebPage\",\"@id\":\"https:\/\/guineediversite.com\/index.php\/2015\/09\/13\/mjej-les-rideaux-sont-tombes-sur-la-reunion-sous-regionale-autonomisation-des-jeunes-et-le-dividende-demographique\/\",\"url\":\"https:\/\/guineediversite.com\/index.php\/2015\/09\/13\/mjej-les-rideaux-sont-tombes-sur-la-reunion-sous-regionale-autonomisation-des-jeunes-et-le-dividende-demographique\/\",\"name\":\"MJEJ - Les rideaux sont tombes sur la r\u00e9union sous r\u00e9gionale \u00abAUTONOMISATION DES JEUNES ET LE DIVIDENDE DEMOGRAPHIQUE \u00bb. | Guin\u00e9e Diversit\u00e9\",\"isPartOf\":{\"@id\":\"https:\/\/guineediversite.com\/#website\"},\"datePublished\":\"2015-09-12T22:00:00+00:00\",\"dateModified\":\"2015-09-12T22:00:00+00:00\",\"breadcrumb\":{\"@id\":\"https:\/\/guineediversite.com\/index.php\/2015\/09\/13\/mjej-les-rideaux-sont-tombes-sur-la-reunion-sous-regionale-autonomisation-des-jeunes-et-le-dividende-demographique\/#breadcrumb\"},\"inLanguage\":\"fr-FR\",\"potentialAction\":[{\"@type\":\"ReadAction\",\"target\":[\"https:\/\/guineediversite.com\/index.php\/2015\/09\/13\/mjej-les-rideaux-sont-tombes-sur-la-reunion-sous-regionale-autonomisation-des-jeunes-et-le-dividende-demographique\/\"]}]},{\"@type\":\"BreadcrumbList\",\"@id\":\"https:\/\/guineediversite.com\/index.php\/2015\/09\/13\/mjej-les-rideaux-sont-tombes-sur-la-reunion-sous-regionale-autonomisation-des-jeunes-et-le-dividende-demographique\/#breadcrumb\",\"itemListElement\":[{\"@type\":\"ListItem\",\"position\":1,\"name\":\"Accueil\",\"item\":\"https:\/\/guineediversite.com\/\"},{\"@type\":\"ListItem\",\"position\":2,\"name\":\"MJEJ &#8211; Les rideaux sont tombes sur la r\u00e9union sous r\u00e9gionale \u00abAUTONOMISATION DES JEUNES ET LE DIVIDENDE DEMOGRAPHIQUE \u00bb.\"}]},{\"@type\":\"WebSite\",\"@id\":\"https:\/\/guineediversite.com\/#website\",\"url\":\"https:\/\/guineediversite.com\/\",\"name\":\"Guin\u00e9e Diversit\u00e9\",\"description\":\"L&#039;Info dans toute sa diversit\u00e9\",\"publisher\":{\"@id\":\"https:\/\/guineediversite.com\/#organization\"},\"potentialAction\":[{\"@type\":\"SearchAction\",\"target\":{\"@type\":\"EntryPoint\",\"urlTemplate\":\"https:\/\/guineediversite.com\/?s={search_term_string}\"},\"query-input\":{\"@type\":\"PropertyValueSpecification\",\"valueRequired\":true,\"valueName\":\"search_term_string\"}}],\"inLanguage\":\"fr-FR\"},{\"@type\":\"Organization\",\"@id\":\"https:\/\/guineediversite.com\/#organization\",\"name\":\"Guin\u00e9e Diversit\u00e9\",\"url\":\"https:\/\/guineediversite.com\/\",\"logo\":{\"@type\":\"ImageObject\",\"inLanguage\":\"fr-FR\",\"@id\":\"https:\/\/guineediversite.com\/#\/schema\/logo\/image\/\",\"url\":\"https:\/\/guineediversite.com\/wp-content\/uploads\/2017\/04\/cropped-1jojlxEOMkX9Wyqfhe43D6kjPOGqBBKmx3EwWJqZ0cMrFF54yM49.png\",\"contentUrl\":\"https:\/\/guineediversite.com\/wp-content\/uploads\/2017\/04\/cropped-1jojlxEOMkX9Wyqfhe43D6kjPOGqBBKmx3EwWJqZ0cMrFF54yM49.png\",\"width\":186,\"height\":112,\"caption\":\"Guin\u00e9e Diversit\u00e9\"},\"image\":{\"@id\":\"https:\/\/guineediversite.com\/#\/schema\/logo\/image\/\"},\"sameAs\":[\"https:\/\/www.facebook.com\/guineediversite\/\",\"https:\/\/x.com\/GuineeDiversite\",\"https:\/\/www.youtube.com\/channel\/UC8sUY16qelG5ge6_D5SB83g\"]},{\"@type\":\"Person\",\"@id\":\"https:\/\/guineediversite.com\/#\/schema\/person\/afa08fb34e7fc6e1feafc892612bc836\",\"name\":\"Guin\u00e9e Diversit\u00e9\",\"image\":{\"@type\":\"ImageObject\",\"inLanguage\":\"fr-FR\",\"@id\":\"https:\/\/guineediversite.com\/#\/schema\/person\/image\/\",\"url\":\"https:\/\/secure.gravatar.com\/avatar\/50d5eb5b390f8b65ac30ac6f898eb83a?s=96&d=mm&r=g\",\"contentUrl\":\"https:\/\/secure.gravatar.com\/avatar\/50d5eb5b390f8b65ac30ac6f898eb83a?s=96&d=mm&r=g\",\"caption\":\"Guin\u00e9e Diversit\u00e9\"},\"url\":\"https:\/\/guineediversite.com\/index.php\/author\/guineediversite\/\"}]}<\/script>\n<!-- \/ Yoast SEO plugin. -->","yoast_head_json":{"title":"MJEJ - Les rideaux sont tombes sur la r\u00e9union sous r\u00e9gionale \u00abAUTONOMISATION DES JEUNES ET LE DIVIDENDE DEMOGRAPHIQUE \u00bb. | Guin\u00e9e Diversit\u00e9","robots":{"index":"index","follow":"follow","max-snippet":"max-snippet:-1","max-image-preview":"max-image-preview:large","max-video-preview":"max-video-preview:-1"},"canonical":"https:\/\/guineediversite.com\/index.php\/2015\/09\/13\/mjej-les-rideaux-sont-tombes-sur-la-reunion-sous-regionale-autonomisation-des-jeunes-et-le-dividende-demographique\/","og_locale":"fr_FR","og_type":"article","og_title":"MJEJ - Les rideaux sont tombes sur la r\u00e9union sous r\u00e9gionale \u00abAUTONOMISATION DES JEUNES ET LE DIVIDENDE DEMOGRAPHIQUE \u00bb. | Guin\u00e9e Diversit\u00e9","og_description":"Sous l&rsquo;&eacute;gide du Fonds des Nations Unies pour la Population (UNFPA), les Ministres de la Jeunesse du Lib&eacute;ria, de la Sierra Leone et de la Guin&eacute;e &eacute;taient en conclave le vendredi 11 septembre 2015 &agrave; l&rsquo;H&ocirc;tel Palm Camayenne pour la prise de d&eacute;cisions en faveur des jeunes de l&rsquo;Union du Fleuve Mano. C&rsquo;est Mr Damantang [&hellip;]","og_url":"https:\/\/guineediversite.com\/index.php\/2015\/09\/13\/mjej-les-rideaux-sont-tombes-sur-la-reunion-sous-regionale-autonomisation-des-jeunes-et-le-dividende-demographique\/","og_site_name":"Guin\u00e9e Diversit\u00e9","article_publisher":"https:\/\/www.facebook.com\/guineediversite\/","article_published_time":"2015-09-12T22:00:00+00:00","author":"Guin\u00e9e Diversit\u00e9","twitter_card":"summary_large_image","twitter_creator":"@GuineeDiversite","twitter_site":"@GuineeDiversite","twitter_misc":{"\u00c9crit par":"Guin\u00e9e Diversit\u00e9","Dur\u00e9e de lecture estim\u00e9e":"3 minutes"},"schema":{"@context":"https:\/\/schema.org","@graph":[{"@type":"Article","@id":"https:\/\/guineediversite.com\/index.php\/2015\/09\/13\/mjej-les-rideaux-sont-tombes-sur-la-reunion-sous-regionale-autonomisation-des-jeunes-et-le-dividende-demographique\/#article","isPartOf":{"@id":"https:\/\/guineediversite.com\/index.php\/2015\/09\/13\/mjej-les-rideaux-sont-tombes-sur-la-reunion-sous-regionale-autonomisation-des-jeunes-et-le-dividende-demographique\/"},"author":{"name":"Guin\u00e9e Diversit\u00e9","@id":"https:\/\/guineediversite.com\/#\/schema\/person\/afa08fb34e7fc6e1feafc892612bc836"},"headline":"MJEJ &#8211; Les rideaux sont tombes sur la r\u00e9union sous r\u00e9gionale \u00abAUTONOMISATION DES JEUNES ET LE DIVIDENDE DEMOGRAPHIQUE \u00bb.","datePublished":"2015-09-12T22:00:00+00:00","dateModified":"2015-09-12T22:00:00+00:00","mainEntityOfPage":{"@id":"https:\/\/guineediversite.com\/index.php\/2015\/09\/13\/mjej-les-rideaux-sont-tombes-sur-la-reunion-sous-regionale-autonomisation-des-jeunes-et-le-dividende-demographique\/"},"wordCount":596,"commentCount":0,"publisher":{"@id":"https:\/\/guineediversite.com\/#organization"},"articleSection":["Archives"],"inLanguage":"fr-FR","potentialAction":[{"@type":"CommentAction","name":"Comment","target":["https:\/\/guineediversite.com\/index.php\/2015\/09\/13\/mjej-les-rideaux-sont-tombes-sur-la-reunion-sous-regionale-autonomisation-des-jeunes-et-le-dividende-demographique\/#respond"]}]},{"@type":"WebPage","@id":"https:\/\/guineediversite.com\/index.php\/2015\/09\/13\/mjej-les-rideaux-sont-tombes-sur-la-reunion-sous-regionale-autonomisation-des-jeunes-et-le-dividende-demographique\/","url":"https:\/\/guineediversite.com\/index.php\/2015\/09\/13\/mjej-les-rideaux-sont-tombes-sur-la-reunion-sous-regionale-autonomisation-des-jeunes-et-le-dividende-demographique\/","name":"MJEJ - Les rideaux sont tombes sur la r\u00e9union sous r\u00e9gionale \u00abAUTONOMISATION DES JEUNES ET LE DIVIDENDE DEMOGRAPHIQUE \u00bb. | Guin\u00e9e Diversit\u00e9","isPartOf":{"@id":"https:\/\/guineediversite.com\/#website"},"datePublished":"2015-09-12T22:00:00+00:00","dateModified":"2015-09-12T22:00:00+00:00","breadcrumb":{"@id":"https:\/\/guineediversite.com\/index.php\/2015\/09\/13\/mjej-les-rideaux-sont-tombes-sur-la-reunion-sous-regionale-autonomisation-des-jeunes-et-le-dividende-demographique\/#breadcrumb"},"inLanguage":"fr-FR","potentialAction":[{"@type":"ReadAction","target":["https:\/\/guineediversite.com\/index.php\/2015\/09\/13\/mjej-les-rideaux-sont-tombes-sur-la-reunion-sous-regionale-autonomisation-des-jeunes-et-le-dividende-demographique\/"]}]},{"@type":"BreadcrumbList","@id":"https:\/\/guineediversite.com\/index.php\/2015\/09\/13\/mjej-les-rideaux-sont-tombes-sur-la-reunion-sous-regionale-autonomisation-des-jeunes-et-le-dividende-demographique\/#breadcrumb","itemListElement":[{"@type":"ListItem","position":1,"name":"Accueil","item":"https:\/\/guineediversite.com\/"},{"@type":"ListItem","position":2,"name":"MJEJ &#8211; Les rideaux sont tombes sur la r\u00e9union sous r\u00e9gionale \u00abAUTONOMISATION DES JEUNES ET LE DIVIDENDE DEMOGRAPHIQUE \u00bb."}]},{"@type":"WebSite","@id":"https:\/\/guineediversite.com\/#website","url":"https:\/\/guineediversite.com\/","name":"Guin\u00e9e Diversit\u00e9","description":"L&#039;Info dans toute sa diversit\u00e9","publisher":{"@id":"https:\/\/guineediversite.com\/#organization"},"potentialAction":[{"@type":"SearchAction","target":{"@type":"EntryPoint","urlTemplate":"https:\/\/guineediversite.com\/?s={search_term_string}"},"query-input":{"@type":"PropertyValueSpecification","valueRequired":true,"valueName":"search_term_string"}}],"inLanguage":"fr-FR"},{"@type":"Organization","@id":"https:\/\/guineediversite.com\/#organization","name":"Guin\u00e9e Diversit\u00e9","url":"https:\/\/guineediversite.com\/","logo":{"@type":"ImageObject","inLanguage":"fr-FR","@id":"https:\/\/guineediversite.com\/#\/schema\/logo\/image\/","url":"https:\/\/guineediversite.com\/wp-content\/uploads\/2017\/04\/cropped-1jojlxEOMkX9Wyqfhe43D6kjPOGqBBKmx3EwWJqZ0cMrFF54yM49.png","contentUrl":"https:\/\/guineediversite.com\/wp-content\/uploads\/2017\/04\/cropped-1jojlxEOMkX9Wyqfhe43D6kjPOGqBBKmx3EwWJqZ0cMrFF54yM49.png","width":186,"height":112,"caption":"Guin\u00e9e Diversit\u00e9"},"image":{"@id":"https:\/\/guineediversite.com\/#\/schema\/logo\/image\/"},"sameAs":["https:\/\/www.facebook.com\/guineediversite\/","https:\/\/x.com\/GuineeDiversite","https:\/\/www.youtube.com\/channel\/UC8sUY16qelG5ge6_D5SB83g"]},{"@type":"Person","@id":"https:\/\/guineediversite.com\/#\/schema\/person\/afa08fb34e7fc6e1feafc892612bc836","name":"Guin\u00e9e Diversit\u00e9","image":{"@type":"ImageObject","inLanguage":"fr-FR","@id":"https:\/\/guineediversite.com\/#\/schema\/person\/image\/","url":"https:\/\/secure.gravatar.com\/avatar\/50d5eb5b390f8b65ac30ac6f898eb83a?s=96&d=mm&r=g","contentUrl":"https:\/\/secure.gravatar.com\/avatar\/50d5eb5b390f8b65ac30ac6f898eb83a?s=96&d=mm&r=g","caption":"Guin\u00e9e Diversit\u00e9"},"url":"https:\/\/guineediversite.com\/index.php\/author\/guineediversite\/"}]}},"_links":{"self":[{"href":"https:\/\/guineediversite.com\/index.php\/wp-json\/wp\/v2\/posts\/18470"}],"collection":[{"href":"https:\/\/guineediversite.com\/index.php\/wp-json\/wp\/v2\/posts"}],"about":[{"href":"https:\/\/guineediversite.com\/index.php\/wp-json\/wp\/v2\/types\/post"}],"author":[{"embeddable":true,"href":"https:\/\/guineediversite.com\/index.php\/wp-json\/wp\/v2\/users\/12"}],"replies":[{"embeddable":true,"href":"https:\/\/guineediversite.com\/index.php\/wp-json\/wp\/v2\/comments?post=18470"}],"version-history":[{"count":0,"href":"https:\/\/guineediversite.com\/index.php\/wp-json\/wp\/v2\/posts\/18470\/revisions"}],"wp:attachment":[{"href":"https:\/\/guineediversite.com\/index.php\/wp-json\/wp\/v2\/media?parent=18470"}],"wp:term":[{"taxonomy":"category","embeddable":true,"href":"https:\/\/guineediversite.com\/index.php\/wp-json\/wp\/v2\/categories?post=18470"},{"taxonomy":"post_tag","embeddable":true,"href":"https:\/\/guineediversite.com\/index.php\/wp-json\/wp\/v2\/tags?post=18470"}],"curies":[{"name":"wp","href":"https:\/\/api.w.org\/{rel}","templated":true}]}}