{"id":18467,"date":"2015-09-11T00:00:00","date_gmt":"2015-09-10T22:00:00","guid":{"rendered":"https:\/\/www.guineediversite.com\/index.php\/2015\/09\/11\/campagne-presidentielle-lintegralite-du-premier-discours-du-candidat-de-lufdg\/"},"modified":"2015-09-11T00:00:00","modified_gmt":"2015-09-10T22:00:00","slug":"campagne-presidentielle-lintegralite-du-premier-discours-du-candidat-de-lufdg","status":"publish","type":"post","link":"https:\/\/guineediversite.com\/index.php\/2015\/09\/11\/campagne-presidentielle-lintegralite-du-premier-discours-du-candidat-de-lufdg\/","title":{"rendered":"Campagne pr\u00e9sidentielle : L\u2019int\u00e9gralit\u00e9 du premier discours du candidat de l&#039;UFDG"},"content":{"rendered":"<p>Le Candidat de l&#39;Union des Forces D&eacute;mocratiques de Guin&eacute;e UFDG a livr&eacute; ce 11 septembre son premier discours de campagne sur&nbsp; les antennes des medias d&#39;Etat au compte de la deuxi&egrave;me s&eacute;ance&nbsp; appel&eacute; journal de campagne.<\/p>\n<p>Un discours qui parle de l&#39;unit&eacute; nationale, de la coh&eacute;sion sociale&nbsp; de la lutte contre la corruption et la gabegie financi&egrave;re les d&eacute;rives du pouvoir en place .Rien n&#39;a &eacute;t&eacute; occult&eacute;&nbsp; par Elhadj Cellou Dalein Diallo.<\/p>\n<p>Le site d&#39;information&nbsp;<a href=\"https:\/\/guineediversite.com.bwjx4292.odns.fr\/\" target=\"_blank\">www.guineediversite.com<\/a>&nbsp;vous propose l&#39;int&eacute;gralit&eacute; de ce discours.<\/p>\n<p>&nbsp;<\/p>\n<p><strong>Guin&eacute;ennes, Guin&eacute;ens,<\/strong><\/p>\n<p>&nbsp;<\/p>\n<p><strong>Mes s&oelig;urs et mes fr&egrave;res,<\/strong><\/p>\n<p>Je suis heureux de vous retrouver aujourd&rsquo;hui.<\/p>\n<p>Ici c&rsquo;est bien &agrave; notre nation enti&egrave;re que je m&rsquo;adresse.<\/p>\n<p>C&rsquo;est &agrave; elle que je me pr&eacute;sente humblement.<\/p>\n<p>Depuis de nombreux mois, j&rsquo;ai exhort&eacute; notre peuple au rassemblement, pour sauver notre pays des forces de division de la nation.<\/p>\n<p>C&rsquo;est dans la m&ecirc;me intention que je me livre &agrave; vous.<\/p>\n<p>Le 11 Octobre prochain, pour &eacute;lire le Pr&eacute;sident de la R&eacute;publique, nous aurons &agrave; soutenir le Guin&eacute;en que nous estimons.<\/p>\n<p>C&rsquo;est en toute conscience que nous choisirons le plus digne de repr&eacute;senter la Guin&eacute;e.<\/p>\n<p>C&rsquo;est en toute conscience que nous d&eacute;ciderons de celui qui provoquera le destin et donnera la couleur de l&rsquo;avenir de notre Guin&eacute;e, pour les 5 prochaines ann&eacute;es.<\/p>\n<p>Le Pr&eacute;sident de la R&eacute;publique incarne la nation tout enti&egrave;re.<\/p>\n<p>Il doit exprimer et servir le seul int&eacute;r&ecirc;t national. C&rsquo;est &agrave; ce titre et pour cette raison que je suis devant vous aujourd&rsquo;hui.<\/p>\n<p><strong>Mes chers concitoyens,<\/strong><\/p>\n<p>Moi, Cellou Dalein Diallo, comme beaucoup d&rsquo;entre vous le savent, je suis n&eacute; dans un village appel&eacute; Dalein,&nbsp;dans la r&eacute;gion de Lab&eacute;.<\/p>\n<p>Si, de par ma naissance et par la force du destin, je suis&nbsp; peulh et fier de l&rsquo;&ecirc;tre comme chacun de vous l&rsquo;est de ses racines, je suis avant tout Guin&eacute;en.<\/p>\n<p>La Guin&eacute;e est notre patrie &agrave; tous et notre lien &eacute;ternel.<\/p>\n<p>Ni le temps ni nos diff&eacute;rents choix dans la vie ne peuvent l&rsquo;entamer ou en nier l&rsquo;existence.<\/p>\n<p>Comme vous, j&rsquo;aime la Guin&eacute;e.<\/p>\n<p>J&rsquo;y ai toujours v&eacute;cu avec vous et parmi vous.<\/p>\n<p>Je n&rsquo;ai jamais d&eacute;sesp&eacute;r&eacute; de notre patrie, je ne l&rsquo;ai jamais abandonn&eacute;e.<\/p>\n<p>Je suis fier d&rsquo;avoir toujours assum&eacute; mes responsabilit&eacute;s, au service de tous les Guin&eacute;ens.<\/p>\n<p>Avec beaucoup d&rsquo;entre vous, j&rsquo;ai une histoire, des liens forts &agrave; travers mon parcours personnel ou mon engagement politique.<\/p>\n<p>Depuis de nombreuses&nbsp;ann&eacute;es nous partageons les m&ecirc;mes joies et les m&ecirc;mes peines&nbsp;; nous avons appris &agrave; nous aimer et &agrave; nous faire confiance en nous c&ocirc;toyant &agrave; l&rsquo;&eacute;cole, dans l&rsquo;administration, dans la vie de tous les jours.<\/p>\n<p>Pour moi et vous le savez, les hommes se distinguent par leurs talents, leurs comp&eacute;tences, leur intelligence, leur moralit&eacute;.<\/p>\n<p>Ils se rencontrent autour des valeurs qu&rsquo;ils ont en partage.<\/p>\n<p>L&rsquo;origine, l&rsquo;ethnie, le statut social n&rsquo;ont jamais &eacute;t&eacute; pour moi des crit&egrave;res d&eacute;terminants de jugement.<\/p>\n<p>Au contraire, il s&rsquo;agit de prismes r&eacute;ducteurs qui sont, comme on le voit aujourd&rsquo;hui dans la soci&eacute;t&eacute; guin&eacute;enne, des sources de frustrations et de ranc&oelig;urs, donc de conflits, de violences et de stagnation.<\/p>\n<p>Mon action politique quotidienne, mes voyages dans le monde, mes rencontres de tous les jours avec les citoyens de Guin&eacute;e, m&rsquo;ont appris depuis longtemps que l&rsquo;injustice, l&rsquo;exclusion, la haine et la peur de l&rsquo;autre d&eacute;truisent l&rsquo;unit&eacute;.<\/p>\n<p>Elle nuit au progr&egrave;s d&rsquo;un pays, &agrave; l&rsquo;harmonie au sein de toutes les soci&eacute;t&eacute;s humaines et dans tous les Etats du monde.<\/p>\n<p>J&rsquo;en ai tir&eacute; la conviction comme Saint Exupery que&nbsp;&nbsp;&raquo; le plus noble m&eacute;tier de l&rsquo;homme est le m&eacute;tier d&rsquo;unir les hommes&nbsp;&raquo;.<\/p>\n<p><strong>Mes amis, mes s&oelig;urs et mes fr&egrave;res,<\/strong><\/p>\n<p>Mes adversaires politiques m&rsquo;accusent de d&eacute;fendre la cause des peuls.<\/p>\n<p>En m&ecirc;me temps, ils me reprochent d&rsquo;avoir oubli&eacute; le Foutah lorsque j&rsquo;ai assum&eacute; d&rsquo;&ecirc;tre Premier ministre et d&rsquo;essayer dans cette responsabilit&eacute; de servir tous les Guin&eacute;ens et l&rsquo;Etat.<\/p>\n<p>Je sais trop bien comment ces gens r&eacute;fl&eacute;chissent&nbsp;:<\/p>\n<p>Pour eux, c&rsquo;est&nbsp; &nbsp;&raquo;la m&egrave;re avant la patrie&nbsp;&raquo;.<\/p>\n<p>Pour moi, la Patrie est notre m&egrave;re &agrave; chacun.<\/p>\n<p>Le respect que nous lui devons tient au fait que tous ses enfants que nous sommes ont les m&ecirc;mes obligations mais aussi les m&ecirc;mes droits.<\/p>\n<p>La Guin&eacute;e, c&rsquo;est la maison commune&nbsp;: chacun doit avoir sa place. Les r&eacute;gions doivent &ecirc;tre trait&eacute;es sur le m&ecirc;me pied, de m&ecirc;me que&nbsp;les citoyens ont droit &agrave; une &eacute;galit&eacute; des chances.<\/p>\n<p>C&rsquo;est ma conception de l&rsquo;Etat et ma vision de notre soci&eacute;t&eacute;.<\/p>\n<p>Je sais le sentiment de beaucoup d&rsquo;entre nous qui reprochent aux dirigeants politiques de Guin&eacute;e d&rsquo;&ecirc;tre les premiers responsables de la division du peuple de Guin&eacute;e.<\/p>\n<p>Je sais leur sentiment de souffrance lorsqu&rsquo;ils voient les uns accaparer le pouvoir au b&eacute;n&eacute;fice d&rsquo;un clan et les autres tuer pour conserver le pouvoir.<\/p>\n<p>Je sais ce sentiment car je n&rsquo;ai jamais fui la Guin&eacute;e et c&rsquo;est avec vous que j&rsquo;ai souffert de cette haine.<\/p>\n<p>Je sais ce sentiment car c&rsquo;est avec cette blessure au c&oelig;ur que j&rsquo;ai choisi d&rsquo;accepter les r&eacute;sultats de 2010 alors que tout le monde sait qu&rsquo;ils ont &eacute;t&eacute; vol&eacute;s.<\/p>\n<p><strong>Mes s&oelig;urs, mes fr&egrave;res,<\/strong><\/p>\n<p>Aujourd&rsquo;hui, la Guin&eacute;e est en danger.<\/p>\n<p>Nous qui avons toujours &eacute;t&eacute;&nbsp;unis et fiers d&rsquo;appartenir &agrave; un m&ecirc;me pays, malgr&eacute; tous les espoirs d&eacute;&ccedil;us et les ranc&oelig;urs tout au long de notre&nbsp;histoire, nous voil&agrave; oppos&eacute;s les uns aux autres, s&eacute;par&eacute;s par des barri&egrave;res&nbsp;politiques et ethniques qui ne s&rsquo;expliquent pas et ne se justifient gu&egrave;re.<\/p>\n<p>O&ugrave; est pass&eacute;e l&rsquo;unit&eacute; sacr&eacute;e de la nation qui nous a tant rempli de fiert&eacute; et permis de franchir des &eacute;tapes difficiles de notre histoire ?<\/p>\n<p>O&ugrave; est pass&eacute;e la solidarit&eacute; entre Guin&eacute;ens qui est fond&eacute;e sur notre foi et nos valeurs ?<\/p>\n<p>Le conflit ethnique est un conflit mortif&egrave;re pour toute soci&eacute;t&eacute;.<\/p>\n<p>La Guin&eacute;e nous appartient &agrave; tous&nbsp;! Elle appartient &agrave; tous ceux qui chaque jour se l&egrave;ve pour son labeur, pour sa famille, pour sa fiert&eacute;&nbsp;!<\/p>\n<p>Elle appartient &agrave; notre belle jeunesse. A notre jeunesse, &agrave; nos enfants, qui r&ecirc;vent d&rsquo;une Guin&eacute;e unie et en paix.<\/p>\n<p>Elle appartient &agrave; cette jeunesse qui invente et qui r&ecirc;ve la Guin&eacute;e tous les matins.<\/p>\n<p>Le 11 Octobre, la Guin&eacute;e vous appartient !<\/p>\n<p>Et parce qu&rsquo;elle vous appartient, vous citoyens, je n&rsquo;accepterai plus qu&rsquo;on vous vole votre d&eacute;cision&nbsp;!<\/p>\n<p>Je n&rsquo;accepterai plus que la nation se rendorme&nbsp;!<\/p>\n<p>Je n&rsquo;accepterai pas que le petit roi qui a provoqu&eacute; en 2010 le conflit ethnique puisse continuer de l&rsquo;entretenir et de s&rsquo;en servir pour se maintenir au pouvoir et faire oublier les espoirs que nous avions tous dans le nouveau processus d&eacute;mocratique que la Guin&eacute;e pouvait prendre. Il a vendu ces espoirs&nbsp;!<\/p>\n<p>Il est le seul responsable de cette situation&nbsp;!<\/p>\n<p><strong>Guin&eacute;ennes, Guin&eacute;ens, mes amis,<\/strong><\/p>\n<p>De ci, de l&agrave;, je ne vois que de petits arrangements du pouvoir.<\/p>\n<p>Au dernier moment, je vois l&agrave; une route faite tr&egrave;s vite, et qui s&rsquo;effondre &agrave; la premi&egrave;re pluie.<\/p>\n<p>Je vois ces sacs de riz abandonn&eacute;s, sans un regard, &agrave; des femmes, des enfants, des familles appauvries.<\/p>\n<p>Je vois ce petit roi distribuer des paquets de liquide lors de ses d&eacute;placements.<\/p>\n<p>Des paquets de billets qu&rsquo;il distribue avec l&rsquo;argent de la R&eacute;publique&nbsp;! de la Guin&eacute;e&nbsp;!<\/p>\n<p>Ces sortes de cadeaux nous r&eacute;duisent, nous Guin&eacute;ens, &agrave; un statut de mendiants&nbsp;! Voulons-nous d&rsquo;un petit roi&nbsp;qui dilapide l&rsquo;argent de la Guin&eacute;e? Non.<\/p>\n<p>C&rsquo;est en citoyen que nous d&eacute;cidons de notre avenir commun&nbsp;!<\/p>\n<p>Notre conscience ne s&rsquo;ach&egrave;te pas&nbsp;!<\/p>\n<p>Notre dignit&eacute; de citoyen ne s&rsquo;ach&egrave;te pas&nbsp;!<\/p>\n<p>Nous Guin&eacute;ens nous devons mettre fin, le 11 octobre, &agrave; ce syst&egrave;me!<\/p>\n<p><strong>Mes chers concitoyens,<\/strong><\/p>\n<p>Le 11 octobre, c&rsquo;est le temps du choix&nbsp;! Notre choix &agrave; tous pour un autre avenir.<\/p>\n<p>Le 11 octobre, soit nous laisserons la Guin&eacute;e continuer &agrave; d&eacute;river dans l&rsquo;injustice, l&rsquo;ins&eacute;curit&eacute;, la gabegie et la pauvret&eacute;.<\/p>\n<p>Soit nous dessinons ensemble un autre Avenir pour la jeune et belle Guin&eacute;e&nbsp;!<\/p>\n<p>Une Guin&eacute;e fi&egrave;re et digne.<\/p>\n<p>Une Guin&eacute;e de nouveau debout, investissant dans sa jeunesse, exploitant ses richesses pour le progr&egrave;s de son peuple.<\/p>\n<p>Le 11 octobre, nous pouvons redresser ensemble la Guin&eacute;e.<\/p>\n<p><strong>Mes chers concitoyens,<\/strong><\/p>\n<p>C&rsquo;est &agrave; toute la jeunesse de Guin&eacute;e que je vais d&eacute;vouer mon mandat.<\/p>\n<p>Elle a &eacute;t&eacute; tout au long du quinquennat qui s&rsquo;ach&egrave;ve provoqu&eacute;e, stigmatis&eacute;e, bless&eacute;e, meurtrie.<\/p>\n<p>Le petit roi se penche seulement aujourd&rsquo;hui vers cette jeunesse. Il l&rsquo;invite &agrave; lui remettre &laquo;&nbsp;des dol&eacute;ances&nbsp;&raquo;, comme si notre jeunesse devait faire la cour aupr&egrave;s de lui pour obtenir quelque chose&nbsp;!<\/p>\n<p>Regardons la v&eacute;rit&eacute;&nbsp;en face&nbsp;! Ne c&eacute;dons pas &agrave; la propagande de ce petit roi!<\/p>\n<p>La v&eacute;rit&eacute;, c&rsquo;est que le petit roi, en 2015, a gonfl&eacute; le budget de sa Pr&eacute;sidence.<\/p>\n<p>Ce budget repr&eacute;sente 4 fois ceux de la justice et de l&rsquo;enseignement technique r&eacute;unis.<\/p>\n<p>Il a aussi r&eacute;duit le budget de l&rsquo;&eacute;ducation nationale. Est ce la une vision pour les g&eacute;n&eacute;rations futures&nbsp;??<\/p>\n<p>La v&eacute;rit&eacute;, c&rsquo;est que le budget allou&eacute;&nbsp;&agrave; l&rsquo;&eacute;ducation &eacute;tait d&eacute;j&agrave; l&rsquo;un des plus faible de l&rsquo;Afrique, 12% seulement des d&eacute;penses de l&rsquo;Etat.<\/p>\n<p>La v&eacute;rit&eacute;, c&rsquo;est que le petit roi fait fermer des universit&eacute;s comme l&rsquo;universit&eacute; d&rsquo;Agronomie de Boke alors que nous avons tant besoin d&rsquo;agronomes&nbsp;!<\/p>\n<p>La v&eacute;rit&eacute;, c&rsquo;est que le petit roi n&rsquo;a pas tenu une seule de ses promesses&nbsp;!<\/p>\n<p>Un seul exemple le d&eacute;montre.<\/p>\n<p>Nos &eacute;tudiants re&ccedil;oivent 95 000 francs guin&eacute;ens par mois de bourse, ce qui ne paie m&ecirc;me pas le transport !<\/p>\n<p>Le petit professeur placarde de grandes affiches ces derniers mois, juste avant l&rsquo;&eacute;lection, pour promettre une tablette par &eacute;tudiant&nbsp;!<\/p>\n<p>Mais il faudrait que l&rsquo;&eacute;tudiant paye sa tablette avec un emprunt aupr&egrave;s d&rsquo;une banque avec 95000 francs&nbsp;par mois???<\/p>\n<p>Voila la v&eacute;rit&eacute; des promesses non tenues&nbsp;! Voila la preuve de la tromperie&nbsp;!<\/p>\n<p><strong>Mes amis,<\/strong><\/p>\n<p>Cette jeunesse qui r&ecirc;ve et invente notre Guin&eacute;e, je veux lui donner les moyens, l&rsquo;emploi et le soutien financier pour r&eacute;aliser ses projets&nbsp;!<\/p>\n<p>Je veux lui donner une &eacute;ducation &agrave; la hauteur de ses ambitions, lui donner une qualit&eacute; d&rsquo;enseignement enfin digne d&rsquo;un pays moderne&nbsp;!<\/p>\n<p>Parce qu&rsquo;elle est l&rsquo;enjeu de notre coh&eacute;sion nationale.<\/p>\n<p>Parce qu&rsquo;elle est notre avenir commun&nbsp;!<\/p>\n<p>Cette jeunesse, par la diversit&eacute; de ses origines et de ses conditions est le levier du rassemblement national et de la r&eacute;conciliation dont nous avons besoin.<\/p>\n<p>Je prends l&rsquo;engagement d&rsquo;investir dans l&rsquo;enseignement primaire pour tous les enfants de la Guin&eacute;e.<\/p>\n<p>Je prends l&rsquo;engagement de doubler le nombre de places dans les &eacute;coles et donc de construire de nouveaux &eacute;tablissements.<\/p>\n<p>Je prends l&rsquo;engagement d&rsquo;investir dans la formation de nos professeurs et enseignants et de leur garantir un salaire &agrave; la hauteur de leur place dans la nation et de leur implication au service du peuple.<\/p>\n<p>Je prends l&rsquo;engagement de donner les moyens pour r&eacute;duire l&rsquo;&eacute;chec scolaire<\/p>\n<p>Je prends l&rsquo;engagement de r&eacute;tablir l&rsquo;&eacute;galit&eacute;&nbsp;des chances par les concours nationaux<\/p>\n<p>Je prends enfin l&rsquo;engagement aupr&egrave;s de notre jeunesse de cr&eacute;er un concours national pour l&rsquo;entr&eacute;e dans l&rsquo;Arm&eacute;e.<\/p>\n<p>Ce seront les piliers de la r&eacute;forme du syst&egrave;me &eacute;ducatif.<\/p>\n<p>Mon engagement c&rsquo;est de donner une &eacute;galit&eacute; des chances &agrave; tous les enfants de notre pays.<\/p>\n<p>C&rsquo;est une exigence pour l&rsquo;avenir, c&rsquo;est une exigence pour notre d&eacute;mocratie.<\/p>\n<p>C&rsquo;est la promesse de l&rsquo;&eacute;cole de la R&eacute;publique&nbsp;!<\/p>\n<p><strong>Guin&eacute;ennes, Guin&eacute;ens,<\/strong><\/p>\n<p>Notre jeunesse souffre aussi du manque d&rsquo;emploi. Elle est frapp&eacute;e de plein fouet par le ch&ocirc;mage et la pauvret&eacute;.<\/p>\n<p>Notre jeunesse est encore trop souvent oblig&eacute;e de rester avec la famille sans pouvoir la soutenir.<\/p>\n<p>Notre &eacute;conomie est &agrave; genou, en r&eacute;cession.<\/p>\n<p>Les grandes entreprises internationales qui voulaient investir en Guin&eacute;e ont fui depuis 2010.<\/p>\n<p>Les partenaires internationaux se d&eacute;tournent de la Guin&eacute;e parce qu&rsquo;ils ne peuvent pas avoir confiance dans l&rsquo;administration du petit professeur et de la gabegie g&eacute;n&eacute;ralis&eacute;e, des petits arrangements entre amis qui prennent directement les march&eacute;s publiques.<\/p>\n<p>Qui pourraient reprocher &agrave; nos partenaires internationaux de ne pas avoir confiance&nbsp;?<\/p>\n<p>Lorsque l&rsquo;on voit par exemple un gouvernement de 80 Ministres pay&eacute;s par l&rsquo;Etat pour un peuple de 11 Millions d&rsquo;habitants<\/p>\n<p>C&rsquo;est une gabegie g&eacute;n&eacute;ralis&eacute;e, sur le dos des Guin&eacute;ens.<\/p>\n<p>Qui pourrait avoir confiance dans une pr&eacute;sidence dont le budget est 4 fois sup&eacute;rieur au budget de la Justice et de l&rsquo;enseignement technique&nbsp;?<\/p>\n<p>Oui 4 fois plus d&rsquo;argent que d&eacute;pense le petit roi que ce qui est disponible pour notre jeunesse!<\/p>\n<p>Personne ne peut avoir confiance.<\/p>\n<p>Aucun Guin&eacute;en ne peut avoir confiance dans cet Etat l&agrave;.<\/p>\n<p>Aucun Guin&eacute;en ne peut faire confiance au petit palais.<\/p>\n<p><strong>Mes s&oelig;urs, mes fr&egrave;res,<\/strong><\/p>\n<p>C&rsquo;est pourquoi d&egrave;s les premiers moments de ma pr&eacute;sidence,&nbsp; je compte prendre des actions fortes pour cr&eacute;er un choc de confiance en direction de l&rsquo;&eacute;tranger,&nbsp; entre les guin&eacute;ens,&nbsp; entre les guin&eacute;ens et l&rsquo;Etat.<\/p>\n<p>Ces actions porteront notamment sur une d&eacute;claration solennelle du respect de la constitution et&nbsp; de l&rsquo;&eacute;tat de droit, l&rsquo;ind&eacute;pendance de la justice,&nbsp; de la r&eacute;forme de&nbsp; l&rsquo;Administration.<\/p>\n<p>L&rsquo;effet escompt&eacute; de ce retour de la confiance est la relance des investissements&nbsp; productifs dans l&rsquo;agriculture et l&rsquo;agro-industrie, l&rsquo;industrie manufacturi&egrave;re et mini&egrave;re, la construction et les services y compris le num&eacute;rique.<\/p>\n<p>Les effets sur l&rsquo;emploi seront soutenus et amplifi&eacute;s par la r&eacute;alisation d&rsquo;un programme d&rsquo;infrastructures dans les domaines &eacute;nerg&eacute;tiques, de travaux publics et d&rsquo;autres constructions d&rsquo;ouvrages publics.<\/p>\n<p><strong>Mes chers concitoyens,<\/strong><\/p>\n<p>Je vois d&eacute;j&agrave; le petit roi et ses courtisans appel&eacute;s conseillers venir dire &agrave; la radio que ce n&rsquo;est pas possible.<\/p>\n<p>C&rsquo;est s&ucirc;r qu&rsquo;il faut &ecirc;tre autre chose qu&rsquo;un petit professeur pour comprendre l&rsquo;&eacute;conomie.<\/p>\n<p>C&rsquo;est s&ucirc;r qu&rsquo;il faut avoir l&rsquo;exp&eacute;rience des organisations internationales pour diriger une politique &eacute;conomique.<\/p>\n<p>C&rsquo;est s&ucirc;r qu&rsquo;il faut&nbsp; l&rsquo;exp&eacute;rience de l&rsquo;Etat et la confiance en son peuple pour redresser notre &eacute;conomie.<\/p>\n<p>Mais le petit roi doit le savoir maintenant&nbsp;: la pr&eacute;sidence n&rsquo;est pas un centre d&rsquo;accueil pour apprenti&nbsp;!<\/p>\n<p>La cr&eacute;ation de l&rsquo;emploi doit d&rsquo;abord b&eacute;n&eacute;ficier &agrave; notre jeunesse.<\/p>\n<p>Pour cela il faut la pr&eacute;parer et lui donner sa chance.<\/p>\n<p>Pour cela, je prends l&rsquo;engagement de prioriser l&rsquo;enseignement professionnel en cr&eacute;ant un lyc&eacute;e de fili&egrave;res technologiques et professionnelles dans chaque r&eacute;gion administrative et des centres de formation professionnelle dans chaque pr&eacute;fecture.<\/p>\n<p>L&rsquo;emploi pour nos jeunes, c&rsquo;est aussi ceux qui cr&eacute;ent des entreprises pour cr&eacute;er des emplois.<\/p>\n<p>Je veux une partie du budget de l&rsquo;Etat consacr&eacute; &agrave; soutenir, &agrave; financer les projets de notre jeunesse.<\/p>\n<p>Je veux cr&eacute;er un tissu de Petites et Moyennes Entreprises, qui est le lieu par excellence de cr&eacute;ation d&rsquo;emploi.<\/p>\n<p><strong>Mes amis,<\/strong><\/p>\n<p>Savez vous seulement que le petit roi vient encore d&rsquo;augmenter le budget de la Pr&eacute;sidence. C&rsquo;est 1 MILLIARDS de FRANCS par jour&nbsp;!!<\/p>\n<p>Ce Milliard par jour pour tenter d&rsquo;acheter les citoyens de Guin&eacute;e. Mes s&oelig;urs, mes fr&egrave;res, imaginez ce que notre jeunesse pourrait cr&eacute;er chaque jour avec cet argent&nbsp;!<\/p>\n<p>Imaginez les entreprises que nous tous pourrions aider &agrave; cr&eacute;er&nbsp;!<\/p>\n<p>Imaginez les champs, les cultures, les bas-fonds que nous pourrions am&eacute;nager, valoriser&nbsp;!<\/p>\n<p>Je veux voir pour notre pays, enfin, fier de ses projets&nbsp;! Fier de ses r&eacute;alisations&nbsp;!<\/p>\n<p>Cet argent servira &agrave; alimenter un fond de soutien aux projets de chacun de nos jeunes!<\/p>\n<p>Nous le savons c&rsquo;est possible&nbsp;!<\/p>\n<p>Je veux soutenir le jeune m&eacute;decin &agrave; ouvrir son cabinet m&eacute;dical dans sa ville d&rsquo;origine, le jeune agronome &agrave; d&eacute;velopper une activit&eacute; agricole moderne dans son village, le jeune dipl&ocirc;m&eacute; dans les nouvelles technologies &agrave; investir dans le num&eacute;rique.<\/p>\n<p>C&rsquo;est cette Guin&eacute;e debout et fi&egrave;re que je vous demande de cr&eacute;er avec moi&nbsp;!<\/p>\n<p>Pour r&eacute;ussir, il nous faudra &eacute;tudier la possibilit&eacute; de cr&eacute;er un fonds de garantie des pr&ecirc;ts bancaires aux projets envisag&eacute;s, un fonds de prise de participation pour pallier la faible capacit&eacute; d&rsquo;apport en capital des promoteurs ou une banque d&rsquo;investissement b&eacute;n&eacute;ficiant de ressources adapt&eacute;es au financement du moyen terme.<\/p>\n<p><strong>Mes s&oelig;urs, mes fr&egrave;res,<\/strong><\/p>\n<p>Je sais la d&eacute;ception, l&rsquo;&eacute;puisement de tous les Guin&eacute;ens, des Guin&eacute;ens de toutes les pr&eacute;fectures face &agrave; l&rsquo;Etat tel qu&rsquo;il est aujourd&rsquo;hui.<\/p>\n<p>Je sais les blessures de ces derni&egrave;res ann&eacute;es et de ces derniers mois que chacun a v&eacute;cu dans sa chair et dans sa conscience.<\/p>\n<p>L&rsquo;Etat est aujourd&rsquo;hui arbitraire.<\/p>\n<p>L&rsquo;Etat du petit roi et de sa petite cour est injuste.<\/p>\n<p>L&rsquo;Etat a abandonn&eacute; ceux qu&rsquo;il doit servir.<\/p>\n<p>L&rsquo;Etat a abandonn&eacute; ses citoyens.<\/p>\n<p>Je veux me souvenir maintenant, mais aussi chaque jour encore de chacun de nos s&oelig;urs et fr&egrave;res morts depuis 2010 &agrave; Conakry, mais aussi &agrave; tous ceux morts en r&eacute;gion&nbsp; foresti&egrave;re. Ce sont des centaines de morts.<\/p>\n<p>Ces citoyens sont morts alors qu&rsquo;ils exprimaient leurs opinions.<\/p>\n<p>Ils sont morts parce qu&rsquo;ils ne voulaient pas s&rsquo;endormir face &agrave; l&rsquo;arbitraire du petit roi et &agrave; sa politique de division du peuple.<\/p>\n<p>Je veux aussi r&eacute;affirmer ici que l&rsquo;&eacute;chec de l&rsquo;Etat face &agrave; la terreur d&rsquo;Ebola est un &eacute;chec impardonnable.<\/p>\n<p>Trop de nos parents ont &eacute;t&eacute; victimes de ce fl&eacute;au. Nous leur devons la m&eacute;moire.<\/p>\n<p>Nous leur devons d&rsquo;emp&ecirc;cher que puisse se reproduire dans le silence et l&rsquo;amateurisme.<\/p>\n<p>Je veux rendre hommage aux m&eacute;decins, pharmaciens, infirmiers qui combattent la peste que le petit roi n&rsquo;a pas voulu m&ecirc;me consid&eacute;rer.<\/p>\n<p>Cach&eacute; dans son petit palais l&rsquo;avez vous m&ecirc;me entendu parler&nbsp;au peuple de Guin&eacute;e meurtri?<\/p>\n<p>M&ecirc;me pas un mot. M&ecirc;me pas un discours.<\/p>\n<p>L&rsquo;Etat a abandonn&eacute; ses citoyens.<\/p>\n<p>&nbsp;<\/p>\n<p>Nous devons dire une autre v&eacute;rit&eacute;. Nous devons dire la v&eacute;rit&eacute; de l&rsquo;abaissement de l&rsquo;Etat depuis 2010.<\/p>\n<p>L&rsquo;ins&eacute;curit&eacute; grandit partout malheureusement, et d&rsquo;abord dans les centres urbains et &agrave; Conakry. Pourtant le petit professeur r&eacute;duit en 2015 le budget de la s&eacute;curit&eacute; de 12%.<\/p>\n<p>Nous devons dire la v&eacute;rit&eacute; sur l&rsquo;injustice de l&rsquo;utilisation de l&rsquo;argent de notre Etat.<\/p>\n<p>Un exemple dit beaucoup plus que de grands discours tortueux.<\/p>\n<p>Cette ann&eacute;e, en 2015, le Budget National de D&eacute;veloppement, vous savez cette partie de notre budget qui doit &ecirc;tre consacr&eacute; au d&eacute;veloppement de la Guin&eacute;e.<\/p>\n<p>Et bien 61% de ce budget est envoy&eacute; &agrave; la seule r&eacute;gion administrative de KANKAN.<\/p>\n<p>Oui 61%&nbsp;!<\/p>\n<p>Alors que toute la Guin&eacute;e manque de route, d&rsquo;&eacute;nergie, de soutien au projet de d&eacute;veloppement.<\/p>\n<p>Alors que l&rsquo;on devrait am&eacute;nager les bas-fonds.<\/p>\n<p>Alors que l&rsquo;on devrait promouvoir la foresterie, l&rsquo;exportation du Cacao, du caf&eacute;, de l&rsquo;H&eacute;v&eacute;a et du coton, le petit roi distribue &agrave; une seule r&eacute;gion 61% de ce budget de d&eacute;veloppement.<\/p>\n<p><strong>Mes amis,<\/strong><\/p>\n<p>Pour pr&eacute;parer un autre avenir &agrave; la Guin&eacute;e, nous devrons ensemble redresser la Nation et l&rsquo;Etat.<\/p>\n<p>Nous devrons l&agrave; aussi provoquer un choc de confiance entre l&rsquo;Etat et les Guin&eacute;ens.<\/p>\n<p>Nous r&eacute;duirons fortement le budget de la pr&eacute;sidence, aujourd&rsquo;hui faramineux, pour investir dans l&rsquo;&eacute;ducation, la s&eacute;curit&eacute; et la Justice.<\/p>\n<p>Devant vous aujourd&rsquo;hui, je prends l&rsquo;engagement de&nbsp; cr&eacute;er une Haute Commission de Lutte contre la Corruption.<\/p>\n<p>Elle sera install&eacute;e par le Parlement, c&rsquo;est &agrave; dire par tous les partis politiques, et non par la pr&eacute;sidence.<\/p>\n<p>Cette haute autorit&eacute; int&eacute;grera avec voix consultative des repr&eacute;sentants de la soci&eacute;t&eacute; civile guin&eacute;ennes et des ONG reconnues internationales.<\/p>\n<p>C&rsquo;est sous le regard et le contr&ocirc;le des Guin&eacute;ens et de nos partenaires internationaux qu&rsquo;elle traquera la corruption.<\/p>\n<p>C&rsquo;est sous ce regard qu&rsquo;elle permettra de traduire en Justice ceux qui volent l&rsquo;argent de la R&eacute;publique, de la Nation et de tous les Guin&eacute;ens.<\/p>\n<p>Un Etat plus juste c&rsquo;est aussi un Etat qui s&rsquo;appuie sur une d&eacute;mocratie &agrave; tous les niveaux.<\/p>\n<p>Un Etat juste c&rsquo;est Etat qui repr&eacute;sente tous les citoyens de son territoire.<\/p>\n<p>Je prends l&rsquo;engagement d&rsquo;ici &agrave; 2020 de permettre l&rsquo;&eacute;lection des gouverneurs de r&eacute;gion au suffrage universel.<\/p>\n<p>Et devant vous &eacute;galement, je prends l&rsquo;engagement de tout faire pour mettre en place un gouvernement d&rsquo;unit&eacute; national d&egrave;s le lendemain du scrutin.<\/p>\n<p><strong>Citoyens de Guin&eacute;e&nbsp;!<\/strong><\/p>\n<p>Ma fiert&eacute; et mon bonheur seront de r&eacute;ussir &agrave; int&eacute;grer &agrave; nouveau toutes les communaut&eacute;s de notre pays dans un pacte social et r&eacute;publicain pour la construction d&rsquo;un Etat fort et enfin digne et respectueux de tous.<\/p>\n<p>Je veux un Etat fort et une Nation redress&eacute;e&nbsp;!<\/p>\n<p>Un Etat fort est celui qui r&eacute;serve un traitement &eacute;gal aux citoyens.<\/p>\n<p>Un Etat fort est celui dans lequel se reconnaissent tous les citoyens.<\/p>\n<p>Un Chef d&rsquo;Etat heureux est celui qui b&eacute;n&eacute;ficie de l&rsquo;estime de toutes les communaut&eacute;s parce qu&rsquo;il aura fait preuve de justice sociale.<\/p>\n<p>Parce qu&rsquo;il s&rsquo;est montr&eacute; digne de ses fonctions en honorant son serment de respecter la Constitution et les lois de la R&eacute;publique.<\/p>\n<p>Parce qu&rsquo;il a r&eacute;ussi &agrave; mettre la Guin&eacute;e sur le chemin d&rsquo;une soci&eacute;t&eacute; ouverte &agrave; tous, plus solidaire.<\/p>\n<p>C&rsquo;est ce Pr&eacute;sident que je serai pour vous afin que vous retrouviez la fiert&eacute; d&rsquo;&ecirc;tre Guin&eacute;en mais aussi que vous vous sentiez libres dans un Etat s&ucirc;r et juste.<\/p>\n<p><strong>Mes s&oelig;urs, mes fr&egrave;res,<\/strong><\/p>\n<p>Je veux ouvrir les chemins de l&rsquo;avenir pour notre jeunesse.<\/p>\n<p>Je veux redresser l&rsquo;Etat et la Nation.<\/p>\n<p>Je veux r&eacute;tablir la Justice et la confiance.<\/p>\n<p>Je veux r&eacute;ussir le rassemblement que je ne cesse d&rsquo;appeler de mes v&oelig;ux.<\/p>\n<p>Les taches &agrave; accomplir sont immenses. Les d&eacute;fis sont nombreux et complexes.<\/p>\n<p>J&rsquo;ai besoin de vous&nbsp;!<\/p>\n<p>J&rsquo;ai besoin de chacun et chacune&nbsp;!<\/p>\n<p>J&rsquo;ai besoin de votre &eacute;nergie&nbsp;!<\/p>\n<p>J&rsquo;ai besoin de votre imagination&nbsp;!<\/p>\n<p>J&rsquo;ai besoin de votre d&eacute;termination&nbsp;!<\/p>\n<p>Je suis pr&ecirc;t &agrave; conduire la Nation dans cette voie de l&rsquo;apaisement et du progr&egrave;s.<\/p>\n<p>Le 11 Octobre prochain, je vous demande de refuser qu&rsquo;un petit roi continue de r&eacute;gner en Guin&eacute;e.<\/p>\n<p>Je vous demande de refuser un avenir sombre pour nos enfants.<\/p>\n<p>Je vous demande de refuser une Guin&eacute;e faite d&rsquo;injustice, d&rsquo;ins&eacute;curit&eacute; et de pauvret&eacute;.<\/p>\n<p>Le 11 octobre, je vous demande de changer notre avenir &agrave; tous.<\/p>\n<p>Le 11 octobre, ensemble nous choisirons de redresser notre belle et jeune Guin&eacute;e.<\/p>\n<p>Le 11 octobre, notre Nation se rel&egrave;vera&nbsp;! Le peuple de Guin&eacute;e se dressera pour dire qu&rsquo;il veut un autre avenir&nbsp;!<\/p>\n<p>La Guin&eacute;e vit&nbsp;! La Guin&eacute;e vivra&nbsp;! Vive le peuple de Guin&eacute;e&nbsp;! Vive la R&eacute;publique de Guin&eacute;e&nbsp;!<\/p>\n","protected":false},"excerpt":{"rendered":"<p>Le Candidat de l&#39;Union des Forces D&eacute;mocratiques de Guin&eacute;e UFDG a livr&eacute; ce 11 septembre son premier discours de campagne sur&nbsp; les antennes des medias d&#39;Etat au compte de la deuxi&egrave;me s&eacute;ance&nbsp; appel&eacute; journal de campagne. Un discours qui parle de l&#39;unit&eacute; nationale, de la coh&eacute;sion sociale&nbsp; de la lutte contre la corruption et la [&hellip;]<\/p>\n","protected":false},"author":12,"featured_media":0,"comment_status":"open","ping_status":"open","sticky":false,"template":"","format":"standard","meta":{"_exactmetrics_skip_tracking":false,"_exactmetrics_sitenote_active":false,"_exactmetrics_sitenote_note":"","_exactmetrics_sitenote_category":0,"tdm_status":"","tdm_grid_status":"","footnotes":""},"categories":[28],"tags":[],"class_list":{"0":"post-18467","1":"post","2":"type-post","3":"status-publish","4":"format-standard","6":"category-archives"},"yoast_head":"<!-- This site is optimized with the Yoast SEO plugin v24.2 - https:\/\/yoast.com\/wordpress\/plugins\/seo\/ -->\n<title>Campagne pr\u00e9sidentielle : L\u2019int\u00e9gralit\u00e9 du premier discours du candidat de l&#039;UFDG | Guin\u00e9e Diversit\u00e9<\/title>\n<meta name=\"robots\" content=\"index, follow, max-snippet:-1, max-image-preview:large, max-video-preview:-1\" \/>\n<link rel=\"canonical\" href=\"https:\/\/guineediversite.com\/index.php\/2015\/09\/11\/campagne-presidentielle-lintegralite-du-premier-discours-du-candidat-de-lufdg\/\" \/>\n<meta property=\"og:locale\" content=\"fr_FR\" \/>\n<meta property=\"og:type\" content=\"article\" \/>\n<meta property=\"og:title\" content=\"Campagne pr\u00e9sidentielle : L\u2019int\u00e9gralit\u00e9 du premier discours du candidat de l&#039;UFDG | Guin\u00e9e Diversit\u00e9\" \/>\n<meta property=\"og:description\" content=\"Le Candidat de l&#039;Union des Forces D&eacute;mocratiques de Guin&eacute;e UFDG a livr&eacute; ce 11 septembre son premier discours de campagne sur&nbsp; les antennes des medias d&#039;Etat au compte de la deuxi&egrave;me s&eacute;ance&nbsp; appel&eacute; journal de campagne. Un discours qui parle de l&#039;unit&eacute; nationale, de la coh&eacute;sion sociale&nbsp; de la lutte contre la corruption et la [&hellip;]\" \/>\n<meta property=\"og:url\" content=\"https:\/\/guineediversite.com\/index.php\/2015\/09\/11\/campagne-presidentielle-lintegralite-du-premier-discours-du-candidat-de-lufdg\/\" \/>\n<meta property=\"og:site_name\" content=\"Guin\u00e9e Diversit\u00e9\" \/>\n<meta property=\"article:publisher\" content=\"https:\/\/www.facebook.com\/guineediversite\/\" \/>\n<meta property=\"article:published_time\" content=\"2015-09-10T22:00:00+00:00\" \/>\n<meta name=\"author\" content=\"Guin\u00e9e Diversit\u00e9\" \/>\n<meta name=\"twitter:card\" content=\"summary_large_image\" \/>\n<meta name=\"twitter:creator\" content=\"@GuineeDiversite\" \/>\n<meta name=\"twitter:site\" content=\"@GuineeDiversite\" \/>\n<meta name=\"twitter:label1\" content=\"\u00c9crit par\" \/>\n\t<meta name=\"twitter:data1\" content=\"Guin\u00e9e Diversit\u00e9\" \/>\n\t<meta name=\"twitter:label2\" content=\"Dur\u00e9e de lecture estim\u00e9e\" \/>\n\t<meta name=\"twitter:data2\" content=\"25 minutes\" \/>\n<script type=\"application\/ld+json\" class=\"yoast-schema-graph\">{\"@context\":\"https:\/\/schema.org\",\"@graph\":[{\"@type\":\"Article\",\"@id\":\"https:\/\/guineediversite.com\/index.php\/2015\/09\/11\/campagne-presidentielle-lintegralite-du-premier-discours-du-candidat-de-lufdg\/#article\",\"isPartOf\":{\"@id\":\"https:\/\/guineediversite.com\/index.php\/2015\/09\/11\/campagne-presidentielle-lintegralite-du-premier-discours-du-candidat-de-lufdg\/\"},\"author\":{\"name\":\"Guin\u00e9e Diversit\u00e9\",\"@id\":\"https:\/\/guineediversite.com\/#\/schema\/person\/afa08fb34e7fc6e1feafc892612bc836\"},\"headline\":\"Campagne pr\u00e9sidentielle : L\u2019int\u00e9gralit\u00e9 du premier discours du candidat de l&#039;UFDG\",\"datePublished\":\"2015-09-10T22:00:00+00:00\",\"dateModified\":\"2015-09-10T22:00:00+00:00\",\"mainEntityOfPage\":{\"@id\":\"https:\/\/guineediversite.com\/index.php\/2015\/09\/11\/campagne-presidentielle-lintegralite-du-premier-discours-du-candidat-de-lufdg\/\"},\"wordCount\":4980,\"commentCount\":0,\"publisher\":{\"@id\":\"https:\/\/guineediversite.com\/#organization\"},\"articleSection\":[\"Archives\"],\"inLanguage\":\"fr-FR\",\"potentialAction\":[{\"@type\":\"CommentAction\",\"name\":\"Comment\",\"target\":[\"https:\/\/guineediversite.com\/index.php\/2015\/09\/11\/campagne-presidentielle-lintegralite-du-premier-discours-du-candidat-de-lufdg\/#respond\"]}]},{\"@type\":\"WebPage\",\"@id\":\"https:\/\/guineediversite.com\/index.php\/2015\/09\/11\/campagne-presidentielle-lintegralite-du-premier-discours-du-candidat-de-lufdg\/\",\"url\":\"https:\/\/guineediversite.com\/index.php\/2015\/09\/11\/campagne-presidentielle-lintegralite-du-premier-discours-du-candidat-de-lufdg\/\",\"name\":\"Campagne pr\u00e9sidentielle : L\u2019int\u00e9gralit\u00e9 du premier discours du candidat de l&#039;UFDG | Guin\u00e9e Diversit\u00e9\",\"isPartOf\":{\"@id\":\"https:\/\/guineediversite.com\/#website\"},\"datePublished\":\"2015-09-10T22:00:00+00:00\",\"dateModified\":\"2015-09-10T22:00:00+00:00\",\"breadcrumb\":{\"@id\":\"https:\/\/guineediversite.com\/index.php\/2015\/09\/11\/campagne-presidentielle-lintegralite-du-premier-discours-du-candidat-de-lufdg\/#breadcrumb\"},\"inLanguage\":\"fr-FR\",\"potentialAction\":[{\"@type\":\"ReadAction\",\"target\":[\"https:\/\/guineediversite.com\/index.php\/2015\/09\/11\/campagne-presidentielle-lintegralite-du-premier-discours-du-candidat-de-lufdg\/\"]}]},{\"@type\":\"BreadcrumbList\",\"@id\":\"https:\/\/guineediversite.com\/index.php\/2015\/09\/11\/campagne-presidentielle-lintegralite-du-premier-discours-du-candidat-de-lufdg\/#breadcrumb\",\"itemListElement\":[{\"@type\":\"ListItem\",\"position\":1,\"name\":\"Accueil\",\"item\":\"https:\/\/guineediversite.com\/\"},{\"@type\":\"ListItem\",\"position\":2,\"name\":\"Campagne pr\u00e9sidentielle : L\u2019int\u00e9gralit\u00e9 du premier discours du candidat de l&#039;UFDG\"}]},{\"@type\":\"WebSite\",\"@id\":\"https:\/\/guineediversite.com\/#website\",\"url\":\"https:\/\/guineediversite.com\/\",\"name\":\"Guin\u00e9e Diversit\u00e9\",\"description\":\"L&#039;Info dans toute sa diversit\u00e9\",\"publisher\":{\"@id\":\"https:\/\/guineediversite.com\/#organization\"},\"potentialAction\":[{\"@type\":\"SearchAction\",\"target\":{\"@type\":\"EntryPoint\",\"urlTemplate\":\"https:\/\/guineediversite.com\/?s={search_term_string}\"},\"query-input\":{\"@type\":\"PropertyValueSpecification\",\"valueRequired\":true,\"valueName\":\"search_term_string\"}}],\"inLanguage\":\"fr-FR\"},{\"@type\":\"Organization\",\"@id\":\"https:\/\/guineediversite.com\/#organization\",\"name\":\"Guin\u00e9e Diversit\u00e9\",\"url\":\"https:\/\/guineediversite.com\/\",\"logo\":{\"@type\":\"ImageObject\",\"inLanguage\":\"fr-FR\",\"@id\":\"https:\/\/guineediversite.com\/#\/schema\/logo\/image\/\",\"url\":\"https:\/\/guineediversite.com\/wp-content\/uploads\/2017\/04\/cropped-1jojlxEOMkX9Wyqfhe43D6kjPOGqBBKmx3EwWJqZ0cMrFF54yM49.png\",\"contentUrl\":\"https:\/\/guineediversite.com\/wp-content\/uploads\/2017\/04\/cropped-1jojlxEOMkX9Wyqfhe43D6kjPOGqBBKmx3EwWJqZ0cMrFF54yM49.png\",\"width\":186,\"height\":112,\"caption\":\"Guin\u00e9e Diversit\u00e9\"},\"image\":{\"@id\":\"https:\/\/guineediversite.com\/#\/schema\/logo\/image\/\"},\"sameAs\":[\"https:\/\/www.facebook.com\/guineediversite\/\",\"https:\/\/x.com\/GuineeDiversite\",\"https:\/\/www.youtube.com\/channel\/UC8sUY16qelG5ge6_D5SB83g\"]},{\"@type\":\"Person\",\"@id\":\"https:\/\/guineediversite.com\/#\/schema\/person\/afa08fb34e7fc6e1feafc892612bc836\",\"name\":\"Guin\u00e9e Diversit\u00e9\",\"image\":{\"@type\":\"ImageObject\",\"inLanguage\":\"fr-FR\",\"@id\":\"https:\/\/guineediversite.com\/#\/schema\/person\/image\/\",\"url\":\"https:\/\/secure.gravatar.com\/avatar\/50d5eb5b390f8b65ac30ac6f898eb83a?s=96&d=mm&r=g\",\"contentUrl\":\"https:\/\/secure.gravatar.com\/avatar\/50d5eb5b390f8b65ac30ac6f898eb83a?s=96&d=mm&r=g\",\"caption\":\"Guin\u00e9e Diversit\u00e9\"},\"url\":\"https:\/\/guineediversite.com\/index.php\/author\/guineediversite\/\"}]}<\/script>\n<!-- \/ Yoast SEO plugin. -->","yoast_head_json":{"title":"Campagne pr\u00e9sidentielle : L\u2019int\u00e9gralit\u00e9 du premier discours du candidat de l&#039;UFDG | Guin\u00e9e Diversit\u00e9","robots":{"index":"index","follow":"follow","max-snippet":"max-snippet:-1","max-image-preview":"max-image-preview:large","max-video-preview":"max-video-preview:-1"},"canonical":"https:\/\/guineediversite.com\/index.php\/2015\/09\/11\/campagne-presidentielle-lintegralite-du-premier-discours-du-candidat-de-lufdg\/","og_locale":"fr_FR","og_type":"article","og_title":"Campagne pr\u00e9sidentielle : L\u2019int\u00e9gralit\u00e9 du premier discours du candidat de l&#039;UFDG | Guin\u00e9e Diversit\u00e9","og_description":"Le Candidat de l&#39;Union des Forces D&eacute;mocratiques de Guin&eacute;e UFDG a livr&eacute; ce 11 septembre son premier discours de campagne sur&nbsp; les antennes des medias d&#39;Etat au compte de la deuxi&egrave;me s&eacute;ance&nbsp; appel&eacute; journal de campagne. Un discours qui parle de l&#39;unit&eacute; nationale, de la coh&eacute;sion sociale&nbsp; de la lutte contre la corruption et la [&hellip;]","og_url":"https:\/\/guineediversite.com\/index.php\/2015\/09\/11\/campagne-presidentielle-lintegralite-du-premier-discours-du-candidat-de-lufdg\/","og_site_name":"Guin\u00e9e Diversit\u00e9","article_publisher":"https:\/\/www.facebook.com\/guineediversite\/","article_published_time":"2015-09-10T22:00:00+00:00","author":"Guin\u00e9e Diversit\u00e9","twitter_card":"summary_large_image","twitter_creator":"@GuineeDiversite","twitter_site":"@GuineeDiversite","twitter_misc":{"\u00c9crit par":"Guin\u00e9e Diversit\u00e9","Dur\u00e9e de lecture estim\u00e9e":"25 minutes"},"schema":{"@context":"https:\/\/schema.org","@graph":[{"@type":"Article","@id":"https:\/\/guineediversite.com\/index.php\/2015\/09\/11\/campagne-presidentielle-lintegralite-du-premier-discours-du-candidat-de-lufdg\/#article","isPartOf":{"@id":"https:\/\/guineediversite.com\/index.php\/2015\/09\/11\/campagne-presidentielle-lintegralite-du-premier-discours-du-candidat-de-lufdg\/"},"author":{"name":"Guin\u00e9e Diversit\u00e9","@id":"https:\/\/guineediversite.com\/#\/schema\/person\/afa08fb34e7fc6e1feafc892612bc836"},"headline":"Campagne pr\u00e9sidentielle : L\u2019int\u00e9gralit\u00e9 du premier discours du candidat de l&#039;UFDG","datePublished":"2015-09-10T22:00:00+00:00","dateModified":"2015-09-10T22:00:00+00:00","mainEntityOfPage":{"@id":"https:\/\/guineediversite.com\/index.php\/2015\/09\/11\/campagne-presidentielle-lintegralite-du-premier-discours-du-candidat-de-lufdg\/"},"wordCount":4980,"commentCount":0,"publisher":{"@id":"https:\/\/guineediversite.com\/#organization"},"articleSection":["Archives"],"inLanguage":"fr-FR","potentialAction":[{"@type":"CommentAction","name":"Comment","target":["https:\/\/guineediversite.com\/index.php\/2015\/09\/11\/campagne-presidentielle-lintegralite-du-premier-discours-du-candidat-de-lufdg\/#respond"]}]},{"@type":"WebPage","@id":"https:\/\/guineediversite.com\/index.php\/2015\/09\/11\/campagne-presidentielle-lintegralite-du-premier-discours-du-candidat-de-lufdg\/","url":"https:\/\/guineediversite.com\/index.php\/2015\/09\/11\/campagne-presidentielle-lintegralite-du-premier-discours-du-candidat-de-lufdg\/","name":"Campagne pr\u00e9sidentielle : L\u2019int\u00e9gralit\u00e9 du premier discours du candidat de l&#039;UFDG | Guin\u00e9e Diversit\u00e9","isPartOf":{"@id":"https:\/\/guineediversite.com\/#website"},"datePublished":"2015-09-10T22:00:00+00:00","dateModified":"2015-09-10T22:00:00+00:00","breadcrumb":{"@id":"https:\/\/guineediversite.com\/index.php\/2015\/09\/11\/campagne-presidentielle-lintegralite-du-premier-discours-du-candidat-de-lufdg\/#breadcrumb"},"inLanguage":"fr-FR","potentialAction":[{"@type":"ReadAction","target":["https:\/\/guineediversite.com\/index.php\/2015\/09\/11\/campagne-presidentielle-lintegralite-du-premier-discours-du-candidat-de-lufdg\/"]}]},{"@type":"BreadcrumbList","@id":"https:\/\/guineediversite.com\/index.php\/2015\/09\/11\/campagne-presidentielle-lintegralite-du-premier-discours-du-candidat-de-lufdg\/#breadcrumb","itemListElement":[{"@type":"ListItem","position":1,"name":"Accueil","item":"https:\/\/guineediversite.com\/"},{"@type":"ListItem","position":2,"name":"Campagne pr\u00e9sidentielle : L\u2019int\u00e9gralit\u00e9 du premier discours du candidat de l&#039;UFDG"}]},{"@type":"WebSite","@id":"https:\/\/guineediversite.com\/#website","url":"https:\/\/guineediversite.com\/","name":"Guin\u00e9e Diversit\u00e9","description":"L&#039;Info dans toute sa diversit\u00e9","publisher":{"@id":"https:\/\/guineediversite.com\/#organization"},"potentialAction":[{"@type":"SearchAction","target":{"@type":"EntryPoint","urlTemplate":"https:\/\/guineediversite.com\/?s={search_term_string}"},"query-input":{"@type":"PropertyValueSpecification","valueRequired":true,"valueName":"search_term_string"}}],"inLanguage":"fr-FR"},{"@type":"Organization","@id":"https:\/\/guineediversite.com\/#organization","name":"Guin\u00e9e Diversit\u00e9","url":"https:\/\/guineediversite.com\/","logo":{"@type":"ImageObject","inLanguage":"fr-FR","@id":"https:\/\/guineediversite.com\/#\/schema\/logo\/image\/","url":"https:\/\/guineediversite.com\/wp-content\/uploads\/2017\/04\/cropped-1jojlxEOMkX9Wyqfhe43D6kjPOGqBBKmx3EwWJqZ0cMrFF54yM49.png","contentUrl":"https:\/\/guineediversite.com\/wp-content\/uploads\/2017\/04\/cropped-1jojlxEOMkX9Wyqfhe43D6kjPOGqBBKmx3EwWJqZ0cMrFF54yM49.png","width":186,"height":112,"caption":"Guin\u00e9e Diversit\u00e9"},"image":{"@id":"https:\/\/guineediversite.com\/#\/schema\/logo\/image\/"},"sameAs":["https:\/\/www.facebook.com\/guineediversite\/","https:\/\/x.com\/GuineeDiversite","https:\/\/www.youtube.com\/channel\/UC8sUY16qelG5ge6_D5SB83g"]},{"@type":"Person","@id":"https:\/\/guineediversite.com\/#\/schema\/person\/afa08fb34e7fc6e1feafc892612bc836","name":"Guin\u00e9e Diversit\u00e9","image":{"@type":"ImageObject","inLanguage":"fr-FR","@id":"https:\/\/guineediversite.com\/#\/schema\/person\/image\/","url":"https:\/\/secure.gravatar.com\/avatar\/50d5eb5b390f8b65ac30ac6f898eb83a?s=96&d=mm&r=g","contentUrl":"https:\/\/secure.gravatar.com\/avatar\/50d5eb5b390f8b65ac30ac6f898eb83a?s=96&d=mm&r=g","caption":"Guin\u00e9e Diversit\u00e9"},"url":"https:\/\/guineediversite.com\/index.php\/author\/guineediversite\/"}]}},"_links":{"self":[{"href":"https:\/\/guineediversite.com\/index.php\/wp-json\/wp\/v2\/posts\/18467"}],"collection":[{"href":"https:\/\/guineediversite.com\/index.php\/wp-json\/wp\/v2\/posts"}],"about":[{"href":"https:\/\/guineediversite.com\/index.php\/wp-json\/wp\/v2\/types\/post"}],"author":[{"embeddable":true,"href":"https:\/\/guineediversite.com\/index.php\/wp-json\/wp\/v2\/users\/12"}],"replies":[{"embeddable":true,"href":"https:\/\/guineediversite.com\/index.php\/wp-json\/wp\/v2\/comments?post=18467"}],"version-history":[{"count":0,"href":"https:\/\/guineediversite.com\/index.php\/wp-json\/wp\/v2\/posts\/18467\/revisions"}],"wp:attachment":[{"href":"https:\/\/guineediversite.com\/index.php\/wp-json\/wp\/v2\/media?parent=18467"}],"wp:term":[{"taxonomy":"category","embeddable":true,"href":"https:\/\/guineediversite.com\/index.php\/wp-json\/wp\/v2\/categories?post=18467"},{"taxonomy":"post_tag","embeddable":true,"href":"https:\/\/guineediversite.com\/index.php\/wp-json\/wp\/v2\/tags?post=18467"}],"curies":[{"name":"wp","href":"https:\/\/api.w.org\/{rel}","templated":true}]}}