{"id":17019,"date":"2014-07-03T00:00:00","date_gmt":"2014-07-02T22:00:00","guid":{"rendered":"https:\/\/www.guineediversite.com\/index.php\/2014\/07\/03\/030714-les-membres-de-la-cedeao-et-loms-se-mobilisent-pour-lutter-contre-ebola\/"},"modified":"2014-07-03T00:00:00","modified_gmt":"2014-07-02T22:00:00","slug":"030714-les-membres-de-la-cedeao-et-loms-se-mobilisent-pour-lutter-contre-ebola","status":"publish","type":"post","link":"https:\/\/guineediversite.com\/index.php\/2014\/07\/03\/030714-les-membres-de-la-cedeao-et-loms-se-mobilisent-pour-lutter-contre-ebola\/","title":{"rendered":"03\/07\/14 Les membres de la CEDEAO et l\u2019OMS se mobilisent pour lutter contre Ebola"},"content":{"rendered":"<p>Deuxi\u00e8me et dernier jour, ce jeudi 3 juillet, de la conf\u00e9rence d\u2019Accra, au Ghana, consacr\u00e9e \u00e0 la lutte contre la propagation du virus Ebola. Une r\u00e9union convoqu\u00e9e par l&rsquo;Organisation mondiale de la sant\u00e9 (OMS) \u00e0 l\u2019intention de 11 pays d\u2019Afrique de l\u2019Ouest. Trois d\u2019entre eux sont actuellement affect\u00e9s par la plus grave \u00e9pid\u00e9mie de fi\u00e8vre h\u00e9morragique depuis l\u2019apparition de la maladie chez l\u2019Homme, il y a 38 ans.<br \/>\nIl faudra encore plusieurs semaines avant de pouvoir ma\u00eetriser totalement le virus Ebola en Guin\u00e9e, au Liberia et en Sierra Leone. Les conf\u00e9renciers r\u00e9unis dans la capitale ghan\u00e9enne ont fait ce constat hier, mercredi. Pour le sous-directeur g\u00e9n\u00e9ral de l\u2019OMS charg\u00e9 de la s\u00e9curit\u00e9 sanitaire, Keiji Fukuda, cette \u00e9pid\u00e9mie doit \u00eatre stopp\u00e9e. Ce ne sera pas tout de suite, disent certains conf\u00e9renciers, qui soul\u00e8vent le probl\u00e8me que posent par exemple les rites fun\u00e9raires, soulignant que lorsqu\u2019un d\u00e9c\u00e8s survient \u00e0 cause du virus Ebola, il est difficile de convaincre la famille du d\u00e9funt qu\u2019elle doit le pleurer et l\u2019accompagner sans l\u2019approcher.<br \/>\nLa vice-ministre de la Sant\u00e9 du Liberia, Bernice Dahn, a d\u00e9plor\u00e9 le fait que les gens ne veuillent m\u00eame pas croire que le virus Ebola existe. Elle recommande la mobilisation des chefs locaux pour passer les messages de pr\u00e9vention \u00e0 la population. Un probl\u00e8me \u00e9galement \u00e9voqu\u00e9 par Marie-Christine Ferir, responsable de la r\u00e9ponse aux urgences de M\u00e9decins sans fronti\u00e8res : \u00ab Aujourd\u2019hui malheureusement, la population continue \u00e0 \u00eatre r\u00e9sistante et \u00e0 ne pas accepter l\u2019\u00e9pid\u00e9mie, ce que je peux tout \u00e0 fait comprendre. [\u2026]Malheureusement la r\u00e9alit\u00e9 est qu\u2019Ebola est l\u00e0, et qu\u2019il faut surtout que la population fasse confiance dans les mesures qui sont mises en place par les diff\u00e9rents acteurs pour pouvoir vraiment arr\u00eater la contamination. \u00bb<br \/>\nLa communication sur le virus reste ainsi une priorit\u00e9, affirme aussi le ministre guin\u00e9en de la Sant\u00e9, R\u00e9my Lamah: \u00ab Imaginez que l\u2019on s\u2019adresse \u00e0 une population en majorit\u00e9 analphab\u00e8te en leur disant que pour cette maladie, on n\u2019a ni vaccins, ni m\u00e9dicaments.[\u2026] Quand il s\u2019agit d\u2019h\u00f4pital, quand il s\u2019agit de salle d\u2019isolement, pour eux il s\u2019agit [donc] d\u2019un mouroir. L\u2019alternative [selon ces personnes], c\u2019est alors d\u2019aller chez le traditionnel praticien. \u00bb<br \/>\nMesures drastiques<br \/>\nDevant la hausse continue du nombre de d\u00e9c\u00e8s et de cas d\u2019Ebola, l\u2019OMS a donc tir\u00e9 la sonnette d\u2019alarme et a appel\u00e9 \u00e0 l\u2019adoption de mesures drastiques pour pouvoir endiguer la maladie. Autour des 11 ministres de la Sant\u00e9 des pays de l\u2019Afrique de l\u2019Ouest se trouvent plusieurs partenaires qui participent \u00e0 la lutte contre le virus Ebola, comme M\u00e9decins sans fronti\u00e8res (MSF). Cette ONG a d\u00e9j\u00e0 d\u00e9ploy\u00e9 dans les pays touch\u00e9s 300 personnes, \u00e9trangers comme nationaux.<br \/>\nDes \u00e9quipes m\u00e9dicales qui doivent prendre toutes leurs pr\u00e9cautions face \u00e0 un virus extr\u00eamement contagieux. \u00ab Lorsqu\u2019on m\u2019a dit que j\u2019avais cette maladie, la premi\u00e8re des choses qui m\u2019est venue \u00e0 l\u2019id\u00e9e est : &quot;Est-ce que je vais mourir&quot; ? \u00bb, t\u00e9moigne un m\u00e9decin guin\u00e9en, rescap\u00e9 de la fi\u00e8vre h\u00e9morragique. Mais avec le traitement, je voyais chaque jour que[ma sant\u00e9] s\u2019am\u00e9liorait. J\u2019ai commenc\u00e9 \u00e0 manger. \u00bb<br \/>\nL\u2019homme, qui a souhait\u00e9 garder l\u2019anonymat, se f\u00e9licite d\u2019ailleurs du travail men\u00e9 par MSF. Sans eux, explique-t-il, \u00ab on allait compter les cadavres par ordinateur. Si on avait laissait cela \u00e0 la [seule] Guin\u00e9e, cela aurait \u00e9t\u00e9 autre chose\u2026 \u00bb<br \/>\nEbola \u00ab peut \u00eatre stopp\u00e9 \u00bb affirme l\u2019Organisation mondiale de la sant\u00e9, mais il reste une journ\u00e9e aux conf\u00e9renciers pour trouver des solutions afin d&rsquo;y contribuer.<br \/>\n________________________________________<br \/>\n &amp;#9632; A Diaob\u00e9, au S\u00e9n\u00e9gal, les mesures contre Ebola ne font pas l&rsquo;unanimit\u00e9<br \/>\nAlors que les ministres de la Sant\u00e9 de plusieurs pays africains se r\u00e9unissent en urgence pour tenter de stopper la propagation du virus Ebola, les mesures pr\u00e9ventives d\u00e9cid\u00e9es dans les pays voisins de ceux touch\u00e9s par l\u2019\u00e9pid\u00e9mie, notamment au S\u00e9n\u00e9gal, ne font pas l&rsquo;unanimit\u00e9. A Diaob\u00e9, une commune du sud du pays situ\u00e9e dans la r\u00e9gion de Kolda, la fermeture des fronti\u00e8res perturbe l&rsquo;activit\u00e9 commerciale.<br \/>\nLes commer\u00e7ants de Diaob\u00e9 interpellent les autorit\u00e9s pour ouvrir des discussions et trouver les solutions les moins p\u00e9nalisantes.<\/p>\n<p>Source RFI<\/p>\n","protected":false},"excerpt":{"rendered":"<p>Deuxi\u00e8me et dernier jour, ce jeudi 3 juillet, de la conf\u00e9rence d\u2019Accra, au Ghana, consacr\u00e9e \u00e0 la lutte contre la propagation du virus Ebola. Une r\u00e9union convoqu\u00e9e par l&rsquo;Organisation mondiale de la sant\u00e9 (OMS) \u00e0 l\u2019intention de 11 pays d\u2019Afrique de l\u2019Ouest. Trois d\u2019entre eux sont actuellement affect\u00e9s par la plus grave \u00e9pid\u00e9mie de fi\u00e8vre [&hellip;]<\/p>\n","protected":false},"author":12,"featured_media":0,"comment_status":"open","ping_status":"open","sticky":false,"template":"","format":"standard","meta":{"_exactmetrics_skip_tracking":false,"_exactmetrics_sitenote_active":false,"_exactmetrics_sitenote_note":"","_exactmetrics_sitenote_category":0,"tdm_status":"","tdm_grid_status":"","footnotes":""},"categories":[28],"tags":[],"class_list":{"0":"post-17019","1":"post","2":"type-post","3":"status-publish","4":"format-standard","6":"category-archives"},"yoast_head":"<!-- This site is optimized with the Yoast SEO plugin v24.2 - https:\/\/yoast.com\/wordpress\/plugins\/seo\/ -->\n<title>03\/07\/14 Les membres de la CEDEAO et l\u2019OMS se mobilisent pour lutter contre Ebola | Guin\u00e9e Diversit\u00e9<\/title>\n<meta name=\"robots\" content=\"index, follow, max-snippet:-1, max-image-preview:large, max-video-preview:-1\" \/>\n<link rel=\"canonical\" href=\"https:\/\/guineediversite.com\/index.php\/2014\/07\/03\/030714-les-membres-de-la-cedeao-et-loms-se-mobilisent-pour-lutter-contre-ebola\/\" \/>\n<meta property=\"og:locale\" content=\"fr_FR\" \/>\n<meta property=\"og:type\" content=\"article\" \/>\n<meta property=\"og:title\" content=\"03\/07\/14 Les membres de la CEDEAO et l\u2019OMS se mobilisent pour lutter contre Ebola | Guin\u00e9e Diversit\u00e9\" \/>\n<meta property=\"og:description\" content=\"Deuxi\u00e8me et dernier jour, ce jeudi 3 juillet, de la conf\u00e9rence d\u2019Accra, au Ghana, consacr\u00e9e \u00e0 la lutte contre la propagation du virus Ebola. Une r\u00e9union convoqu\u00e9e par l&rsquo;Organisation mondiale de la sant\u00e9 (OMS) \u00e0 l\u2019intention de 11 pays d\u2019Afrique de l\u2019Ouest. Trois d\u2019entre eux sont actuellement affect\u00e9s par la plus grave \u00e9pid\u00e9mie de fi\u00e8vre [&hellip;]\" \/>\n<meta property=\"og:url\" content=\"https:\/\/guineediversite.com\/index.php\/2014\/07\/03\/030714-les-membres-de-la-cedeao-et-loms-se-mobilisent-pour-lutter-contre-ebola\/\" \/>\n<meta property=\"og:site_name\" content=\"Guin\u00e9e Diversit\u00e9\" \/>\n<meta property=\"article:publisher\" content=\"https:\/\/www.facebook.com\/guineediversite\/\" \/>\n<meta property=\"article:published_time\" content=\"2014-07-02T22:00:00+00:00\" \/>\n<meta name=\"author\" content=\"Guin\u00e9e Diversit\u00e9\" \/>\n<meta name=\"twitter:card\" content=\"summary_large_image\" \/>\n<meta name=\"twitter:creator\" content=\"@GuineeDiversite\" \/>\n<meta name=\"twitter:site\" content=\"@GuineeDiversite\" \/>\n<meta name=\"twitter:label1\" content=\"\u00c9crit par\" \/>\n\t<meta name=\"twitter:data1\" content=\"Guin\u00e9e Diversit\u00e9\" \/>\n\t<meta name=\"twitter:label2\" content=\"Dur\u00e9e de lecture estim\u00e9e\" \/>\n\t<meta name=\"twitter:data2\" content=\"4 minutes\" \/>\n<script type=\"application\/ld+json\" class=\"yoast-schema-graph\">{\"@context\":\"https:\/\/schema.org\",\"@graph\":[{\"@type\":\"Article\",\"@id\":\"https:\/\/guineediversite.com\/index.php\/2014\/07\/03\/030714-les-membres-de-la-cedeao-et-loms-se-mobilisent-pour-lutter-contre-ebola\/#article\",\"isPartOf\":{\"@id\":\"https:\/\/guineediversite.com\/index.php\/2014\/07\/03\/030714-les-membres-de-la-cedeao-et-loms-se-mobilisent-pour-lutter-contre-ebola\/\"},\"author\":{\"name\":\"Guin\u00e9e Diversit\u00e9\",\"@id\":\"https:\/\/guineediversite.com\/#\/schema\/person\/afa08fb34e7fc6e1feafc892612bc836\"},\"headline\":\"03\/07\/14 Les membres de la CEDEAO et l\u2019OMS se mobilisent pour lutter contre Ebola\",\"datePublished\":\"2014-07-02T22:00:00+00:00\",\"dateModified\":\"2014-07-02T22:00:00+00:00\",\"mainEntityOfPage\":{\"@id\":\"https:\/\/guineediversite.com\/index.php\/2014\/07\/03\/030714-les-membres-de-la-cedeao-et-loms-se-mobilisent-pour-lutter-contre-ebola\/\"},\"wordCount\":783,\"commentCount\":0,\"publisher\":{\"@id\":\"https:\/\/guineediversite.com\/#organization\"},\"articleSection\":[\"Archives\"],\"inLanguage\":\"fr-FR\",\"potentialAction\":[{\"@type\":\"CommentAction\",\"name\":\"Comment\",\"target\":[\"https:\/\/guineediversite.com\/index.php\/2014\/07\/03\/030714-les-membres-de-la-cedeao-et-loms-se-mobilisent-pour-lutter-contre-ebola\/#respond\"]}]},{\"@type\":\"WebPage\",\"@id\":\"https:\/\/guineediversite.com\/index.php\/2014\/07\/03\/030714-les-membres-de-la-cedeao-et-loms-se-mobilisent-pour-lutter-contre-ebola\/\",\"url\":\"https:\/\/guineediversite.com\/index.php\/2014\/07\/03\/030714-les-membres-de-la-cedeao-et-loms-se-mobilisent-pour-lutter-contre-ebola\/\",\"name\":\"03\/07\/14 Les membres de la CEDEAO et l\u2019OMS se mobilisent pour lutter contre Ebola | Guin\u00e9e Diversit\u00e9\",\"isPartOf\":{\"@id\":\"https:\/\/guineediversite.com\/#website\"},\"datePublished\":\"2014-07-02T22:00:00+00:00\",\"dateModified\":\"2014-07-02T22:00:00+00:00\",\"breadcrumb\":{\"@id\":\"https:\/\/guineediversite.com\/index.php\/2014\/07\/03\/030714-les-membres-de-la-cedeao-et-loms-se-mobilisent-pour-lutter-contre-ebola\/#breadcrumb\"},\"inLanguage\":\"fr-FR\",\"potentialAction\":[{\"@type\":\"ReadAction\",\"target\":[\"https:\/\/guineediversite.com\/index.php\/2014\/07\/03\/030714-les-membres-de-la-cedeao-et-loms-se-mobilisent-pour-lutter-contre-ebola\/\"]}]},{\"@type\":\"BreadcrumbList\",\"@id\":\"https:\/\/guineediversite.com\/index.php\/2014\/07\/03\/030714-les-membres-de-la-cedeao-et-loms-se-mobilisent-pour-lutter-contre-ebola\/#breadcrumb\",\"itemListElement\":[{\"@type\":\"ListItem\",\"position\":1,\"name\":\"Accueil\",\"item\":\"https:\/\/guineediversite.com\/\"},{\"@type\":\"ListItem\",\"position\":2,\"name\":\"03\/07\/14 Les membres de la CEDEAO et l\u2019OMS se mobilisent pour lutter contre Ebola\"}]},{\"@type\":\"WebSite\",\"@id\":\"https:\/\/guineediversite.com\/#website\",\"url\":\"https:\/\/guineediversite.com\/\",\"name\":\"Guin\u00e9e Diversit\u00e9\",\"description\":\"L&#039;Info dans toute sa diversit\u00e9\",\"publisher\":{\"@id\":\"https:\/\/guineediversite.com\/#organization\"},\"potentialAction\":[{\"@type\":\"SearchAction\",\"target\":{\"@type\":\"EntryPoint\",\"urlTemplate\":\"https:\/\/guineediversite.com\/?s={search_term_string}\"},\"query-input\":{\"@type\":\"PropertyValueSpecification\",\"valueRequired\":true,\"valueName\":\"search_term_string\"}}],\"inLanguage\":\"fr-FR\"},{\"@type\":\"Organization\",\"@id\":\"https:\/\/guineediversite.com\/#organization\",\"name\":\"Guin\u00e9e Diversit\u00e9\",\"url\":\"https:\/\/guineediversite.com\/\",\"logo\":{\"@type\":\"ImageObject\",\"inLanguage\":\"fr-FR\",\"@id\":\"https:\/\/guineediversite.com\/#\/schema\/logo\/image\/\",\"url\":\"https:\/\/guineediversite.com\/wp-content\/uploads\/2017\/04\/cropped-1jojlxEOMkX9Wyqfhe43D6kjPOGqBBKmx3EwWJqZ0cMrFF54yM49.png\",\"contentUrl\":\"https:\/\/guineediversite.com\/wp-content\/uploads\/2017\/04\/cropped-1jojlxEOMkX9Wyqfhe43D6kjPOGqBBKmx3EwWJqZ0cMrFF54yM49.png\",\"width\":186,\"height\":112,\"caption\":\"Guin\u00e9e Diversit\u00e9\"},\"image\":{\"@id\":\"https:\/\/guineediversite.com\/#\/schema\/logo\/image\/\"},\"sameAs\":[\"https:\/\/www.facebook.com\/guineediversite\/\",\"https:\/\/x.com\/GuineeDiversite\",\"https:\/\/www.youtube.com\/channel\/UC8sUY16qelG5ge6_D5SB83g\"]},{\"@type\":\"Person\",\"@id\":\"https:\/\/guineediversite.com\/#\/schema\/person\/afa08fb34e7fc6e1feafc892612bc836\",\"name\":\"Guin\u00e9e Diversit\u00e9\",\"image\":{\"@type\":\"ImageObject\",\"inLanguage\":\"fr-FR\",\"@id\":\"https:\/\/guineediversite.com\/#\/schema\/person\/image\/\",\"url\":\"https:\/\/secure.gravatar.com\/avatar\/50d5eb5b390f8b65ac30ac6f898eb83a?s=96&d=mm&r=g\",\"contentUrl\":\"https:\/\/secure.gravatar.com\/avatar\/50d5eb5b390f8b65ac30ac6f898eb83a?s=96&d=mm&r=g\",\"caption\":\"Guin\u00e9e Diversit\u00e9\"},\"url\":\"https:\/\/guineediversite.com\/index.php\/author\/guineediversite\/\"}]}<\/script>\n<!-- \/ Yoast SEO plugin. -->","yoast_head_json":{"title":"03\/07\/14 Les membres de la CEDEAO et l\u2019OMS se mobilisent pour lutter contre Ebola | Guin\u00e9e Diversit\u00e9","robots":{"index":"index","follow":"follow","max-snippet":"max-snippet:-1","max-image-preview":"max-image-preview:large","max-video-preview":"max-video-preview:-1"},"canonical":"https:\/\/guineediversite.com\/index.php\/2014\/07\/03\/030714-les-membres-de-la-cedeao-et-loms-se-mobilisent-pour-lutter-contre-ebola\/","og_locale":"fr_FR","og_type":"article","og_title":"03\/07\/14 Les membres de la CEDEAO et l\u2019OMS se mobilisent pour lutter contre Ebola | Guin\u00e9e Diversit\u00e9","og_description":"Deuxi\u00e8me et dernier jour, ce jeudi 3 juillet, de la conf\u00e9rence d\u2019Accra, au Ghana, consacr\u00e9e \u00e0 la lutte contre la propagation du virus Ebola. Une r\u00e9union convoqu\u00e9e par l&rsquo;Organisation mondiale de la sant\u00e9 (OMS) \u00e0 l\u2019intention de 11 pays d\u2019Afrique de l\u2019Ouest. Trois d\u2019entre eux sont actuellement affect\u00e9s par la plus grave \u00e9pid\u00e9mie de fi\u00e8vre [&hellip;]","og_url":"https:\/\/guineediversite.com\/index.php\/2014\/07\/03\/030714-les-membres-de-la-cedeao-et-loms-se-mobilisent-pour-lutter-contre-ebola\/","og_site_name":"Guin\u00e9e Diversit\u00e9","article_publisher":"https:\/\/www.facebook.com\/guineediversite\/","article_published_time":"2014-07-02T22:00:00+00:00","author":"Guin\u00e9e Diversit\u00e9","twitter_card":"summary_large_image","twitter_creator":"@GuineeDiversite","twitter_site":"@GuineeDiversite","twitter_misc":{"\u00c9crit par":"Guin\u00e9e Diversit\u00e9","Dur\u00e9e de lecture estim\u00e9e":"4 minutes"},"schema":{"@context":"https:\/\/schema.org","@graph":[{"@type":"Article","@id":"https:\/\/guineediversite.com\/index.php\/2014\/07\/03\/030714-les-membres-de-la-cedeao-et-loms-se-mobilisent-pour-lutter-contre-ebola\/#article","isPartOf":{"@id":"https:\/\/guineediversite.com\/index.php\/2014\/07\/03\/030714-les-membres-de-la-cedeao-et-loms-se-mobilisent-pour-lutter-contre-ebola\/"},"author":{"name":"Guin\u00e9e Diversit\u00e9","@id":"https:\/\/guineediversite.com\/#\/schema\/person\/afa08fb34e7fc6e1feafc892612bc836"},"headline":"03\/07\/14 Les membres de la CEDEAO et l\u2019OMS se mobilisent pour lutter contre Ebola","datePublished":"2014-07-02T22:00:00+00:00","dateModified":"2014-07-02T22:00:00+00:00","mainEntityOfPage":{"@id":"https:\/\/guineediversite.com\/index.php\/2014\/07\/03\/030714-les-membres-de-la-cedeao-et-loms-se-mobilisent-pour-lutter-contre-ebola\/"},"wordCount":783,"commentCount":0,"publisher":{"@id":"https:\/\/guineediversite.com\/#organization"},"articleSection":["Archives"],"inLanguage":"fr-FR","potentialAction":[{"@type":"CommentAction","name":"Comment","target":["https:\/\/guineediversite.com\/index.php\/2014\/07\/03\/030714-les-membres-de-la-cedeao-et-loms-se-mobilisent-pour-lutter-contre-ebola\/#respond"]}]},{"@type":"WebPage","@id":"https:\/\/guineediversite.com\/index.php\/2014\/07\/03\/030714-les-membres-de-la-cedeao-et-loms-se-mobilisent-pour-lutter-contre-ebola\/","url":"https:\/\/guineediversite.com\/index.php\/2014\/07\/03\/030714-les-membres-de-la-cedeao-et-loms-se-mobilisent-pour-lutter-contre-ebola\/","name":"03\/07\/14 Les membres de la CEDEAO et l\u2019OMS se mobilisent pour lutter contre Ebola | Guin\u00e9e Diversit\u00e9","isPartOf":{"@id":"https:\/\/guineediversite.com\/#website"},"datePublished":"2014-07-02T22:00:00+00:00","dateModified":"2014-07-02T22:00:00+00:00","breadcrumb":{"@id":"https:\/\/guineediversite.com\/index.php\/2014\/07\/03\/030714-les-membres-de-la-cedeao-et-loms-se-mobilisent-pour-lutter-contre-ebola\/#breadcrumb"},"inLanguage":"fr-FR","potentialAction":[{"@type":"ReadAction","target":["https:\/\/guineediversite.com\/index.php\/2014\/07\/03\/030714-les-membres-de-la-cedeao-et-loms-se-mobilisent-pour-lutter-contre-ebola\/"]}]},{"@type":"BreadcrumbList","@id":"https:\/\/guineediversite.com\/index.php\/2014\/07\/03\/030714-les-membres-de-la-cedeao-et-loms-se-mobilisent-pour-lutter-contre-ebola\/#breadcrumb","itemListElement":[{"@type":"ListItem","position":1,"name":"Accueil","item":"https:\/\/guineediversite.com\/"},{"@type":"ListItem","position":2,"name":"03\/07\/14 Les membres de la CEDEAO et l\u2019OMS se mobilisent pour lutter contre Ebola"}]},{"@type":"WebSite","@id":"https:\/\/guineediversite.com\/#website","url":"https:\/\/guineediversite.com\/","name":"Guin\u00e9e Diversit\u00e9","description":"L&#039;Info dans toute sa diversit\u00e9","publisher":{"@id":"https:\/\/guineediversite.com\/#organization"},"potentialAction":[{"@type":"SearchAction","target":{"@type":"EntryPoint","urlTemplate":"https:\/\/guineediversite.com\/?s={search_term_string}"},"query-input":{"@type":"PropertyValueSpecification","valueRequired":true,"valueName":"search_term_string"}}],"inLanguage":"fr-FR"},{"@type":"Organization","@id":"https:\/\/guineediversite.com\/#organization","name":"Guin\u00e9e Diversit\u00e9","url":"https:\/\/guineediversite.com\/","logo":{"@type":"ImageObject","inLanguage":"fr-FR","@id":"https:\/\/guineediversite.com\/#\/schema\/logo\/image\/","url":"https:\/\/guineediversite.com\/wp-content\/uploads\/2017\/04\/cropped-1jojlxEOMkX9Wyqfhe43D6kjPOGqBBKmx3EwWJqZ0cMrFF54yM49.png","contentUrl":"https:\/\/guineediversite.com\/wp-content\/uploads\/2017\/04\/cropped-1jojlxEOMkX9Wyqfhe43D6kjPOGqBBKmx3EwWJqZ0cMrFF54yM49.png","width":186,"height":112,"caption":"Guin\u00e9e Diversit\u00e9"},"image":{"@id":"https:\/\/guineediversite.com\/#\/schema\/logo\/image\/"},"sameAs":["https:\/\/www.facebook.com\/guineediversite\/","https:\/\/x.com\/GuineeDiversite","https:\/\/www.youtube.com\/channel\/UC8sUY16qelG5ge6_D5SB83g"]},{"@type":"Person","@id":"https:\/\/guineediversite.com\/#\/schema\/person\/afa08fb34e7fc6e1feafc892612bc836","name":"Guin\u00e9e Diversit\u00e9","image":{"@type":"ImageObject","inLanguage":"fr-FR","@id":"https:\/\/guineediversite.com\/#\/schema\/person\/image\/","url":"https:\/\/secure.gravatar.com\/avatar\/50d5eb5b390f8b65ac30ac6f898eb83a?s=96&d=mm&r=g","contentUrl":"https:\/\/secure.gravatar.com\/avatar\/50d5eb5b390f8b65ac30ac6f898eb83a?s=96&d=mm&r=g","caption":"Guin\u00e9e Diversit\u00e9"},"url":"https:\/\/guineediversite.com\/index.php\/author\/guineediversite\/"}]}},"_links":{"self":[{"href":"https:\/\/guineediversite.com\/index.php\/wp-json\/wp\/v2\/posts\/17019"}],"collection":[{"href":"https:\/\/guineediversite.com\/index.php\/wp-json\/wp\/v2\/posts"}],"about":[{"href":"https:\/\/guineediversite.com\/index.php\/wp-json\/wp\/v2\/types\/post"}],"author":[{"embeddable":true,"href":"https:\/\/guineediversite.com\/index.php\/wp-json\/wp\/v2\/users\/12"}],"replies":[{"embeddable":true,"href":"https:\/\/guineediversite.com\/index.php\/wp-json\/wp\/v2\/comments?post=17019"}],"version-history":[{"count":0,"href":"https:\/\/guineediversite.com\/index.php\/wp-json\/wp\/v2\/posts\/17019\/revisions"}],"wp:attachment":[{"href":"https:\/\/guineediversite.com\/index.php\/wp-json\/wp\/v2\/media?parent=17019"}],"wp:term":[{"taxonomy":"category","embeddable":true,"href":"https:\/\/guineediversite.com\/index.php\/wp-json\/wp\/v2\/categories?post=17019"},{"taxonomy":"post_tag","embeddable":true,"href":"https:\/\/guineediversite.com\/index.php\/wp-json\/wp\/v2\/tags?post=17019"}],"curies":[{"name":"wp","href":"https:\/\/api.w.org\/{rel}","templated":true}]}}