{"id":17016,"date":"2014-07-02T00:00:00","date_gmt":"2014-07-01T22:00:00","guid":{"rendered":"https:\/\/www.guineediversite.com\/index.php\/2014\/07\/02\/020714-football-les-africains-ont-ils-rate-leur-coupe-du-monde\/"},"modified":"2014-07-02T00:00:00","modified_gmt":"2014-07-01T22:00:00","slug":"020714-football-les-africains-ont-ils-rate-leur-coupe-du-monde","status":"publish","type":"post","link":"https:\/\/guineediversite.com\/index.php\/2014\/07\/02\/020714-football-les-africains-ont-ils-rate-leur-coupe-du-monde\/","title":{"rendered":"02\/07\/14 Football : les Africains ont-ils rat\u00e9 leur Coupe du monde ?"},"content":{"rendered":"<p>Apr\u00e8s les \u00e9liminations lundi du Nigeria et de l&rsquo;Alg\u00e9rie, il n&rsquo;y a plus aucune s\u00e9lection africaine au Br\u00e9sil. Que retenir du parcours des cinqs repr\u00e9sentants du continent qui ont particip\u00e9 \u00e0 la Coupe du monde ? &quot;Jeune Afrique&quot; dresse le bilan.<br \/>\nL&rsquo;aventure des \u00e9quipes africaines au Mondial 2014 s&rsquo;est achev\u00e9e lundi 30 juin avec les d\u00e9faites du Nigeria face \u00e0 la France et de l&rsquo;Alg\u00e9rie contre l&rsquo;Allemagne. Si les performances des Super Eagles et des Fennecs sont \u00e0 saluer, le bilan des s\u00e9lections africaines pr\u00e9sentes au Br\u00e9sil est plus que mitig\u00e9 : sur les cinq \u00e9quipes en lice, seules deux sont sortis des poules. Explications.<br \/>\nLes flops<br \/>\n\u2022\tLes primes<br \/>\nLe Ghana, le Cameroun et m\u00eame le Nigeria, dans une moindre mesure, auront fait parler d&rsquo;eux. Les Lions indomptables ont r\u00e9ussi \u00e0 r\u00e9gler ce probl\u00e8me avant le d\u00e9but du Mondial. Ce ne fut pas le cas des Black Stars pourtant peu coutumiers du fait. Et le spectacle offert fut cocasse. Un pr\u00e9sident qui envoie 3 millions de dollars en liquide par avion : la sc\u00e8ne pourrait inspirer n&rsquo;importe quel sc\u00e9nariste hollywoodien. Pour couronner le tout, Kevin-Prince Boateng (attaquant) et Sulley Muntari (milieu de terrain) ont \u00e9t\u00e9 exclus de la s\u00e9lection nationale pour raisons disciplinaires.<br \/>\n\u2022\tLa d\u00e9b\u00e2cle du Cameroun<br \/>\nLe Cameroun a quitt\u00e9 le Mondial br\u00e9silien d\u00e8s le premier tour de la comp\u00e9tition, avec un bilan catastrophique de trois d\u00e9faites. La s\u00e9lection camerounaise aura \u00e9tal\u00e9 au grand jour ses dissensions. Contre la Croatie, Alex Song a \u00e9t\u00e9 expuls\u00e9 pour avoir ass\u00e9n\u00e9 un coup de poing dans le dos de l&rsquo;attaquant Mario Mandzukic. \u00c0 la fin du match, Benjamin Moukandjo et Assou-Ekotto ont failli en venir aux mains\u2026 La mauvaise prestation des Lions indomptables ne devrait pas rester sans suite. Le pr\u00e9sident camerounais, Paul Biya, a ordonn\u00e9 \u00e0 son Premier ministre, Phil\u00e9mon Yang, de mener des &quot;investigations&quot; sur cette d\u00e9b\u00e2cle.<br \/>\n\u2022\tLes matchs truqu\u00e9s<br \/>\nIl y a d&rsquo;abord eu cette enqu\u00eate du journal britannique &quot;The Telegraph&quot; mettant directement en cause Kwesi Nyantakyi, pr\u00e9sident de la F\u00e9d\u00e9ration ghan\u00e9enne de football (GFA), dispos\u00e9, selon le quotidien, \u00e0 arranger des matchs internationaux pour les Black Stars. Puis, ce fut au tour du Cameroun d&rsquo;\u00eatre accus\u00e9 par la presse internationale. Le magazine allemand &quot;Der Spiegel&quot; a publi\u00e9 une enqu\u00eate sur le match Cameroun-Croatie \u00e9voquant un arrangement sur le r\u00e9sultat du match (4-0) pour des paris truqu\u00e9s, et des mises sur une exclusion d\u2019un joueur en premi\u00e8re p\u00e9riode.<br \/>\n\u2022\tLe Mondial en demi-teinte des stars<br \/>\nSamuel Eto&rsquo;o et Didier Drogba avaient s\u00fbrement r\u00eav\u00e9 meilleurs adieux. Les deux attaquants, qui ont probablement particip\u00e9 \u00e0 leur derni\u00e8re Coupe du monde, ont v\u00e9cu une comp\u00e9tition difficile. Bless\u00e9 et sous le feu des critiques, le buteur camerounais n&rsquo;a rien pu faire pour stopper la spirale de d\u00e9faites des Lions indomptables. Quant \u00e0 Drogba, en concurrence avec Wilfry Bony, c&rsquo;est sur le banc que la l\u00e9gende ivoirienne a d\u00e9but\u00e9 le Mondial. Malgr\u00e9 de bonnes prestations, Drogba n&rsquo;aura pas inscrit le moindre but.<br \/>\nLes tops<br \/>\n\u2022\tL&rsquo;\u00e9tat d&rsquo;esprit de l&rsquo;Alg\u00e9rie<br \/>\nLa d\u00e9ception des Alg\u00e9riens est \u00e0 la hauteur de leur exceptionnelle performance contre l&rsquo;Allemagne. Remarquables d&rsquo;abn\u00e9gation, les Fennecs ont cru jusqu&rsquo;au dernier instant de la rencontre pourvoir cr\u00e9er l&rsquo;exploit. Malgr\u00e9 l&rsquo;\u00e9limination, l&rsquo;Alg\u00e9rie peut s&rsquo;appuyer sur son parcours historique pour pr\u00e9parer les prochaines \u00e9ch\u00e9ances.<br \/>\n\u2022\tLes belles aventures du &quot;coach Vahid&quot; et de Keshi<br \/>\nLe d\u00e9part de Stephen Keshi, premier s\u00e9lectionneur africain de l&rsquo;histoire \u00e0 acc\u00e9der aux huiti\u00e8mes de finale d&rsquo;une Coupe du monde, est un coup dur pour le Nigeria. Autoritaire et charismatique, &quot;The Big Boss&quot;, arriv\u00e9 en 2011, aura men\u00e9 les Super Eagles vers un titre de champions d&rsquo;Afrique en 2013, ce qui fait de lui le second vainqueur de la CAN comme joueur et comme entraineur.<br \/>\nEn froid avec une partie de la presse alg\u00e9rienne, le coach bosniaque Vahid Halihodzic \u00e9tait en mission. Son \u00e9motion apr\u00e8s la d\u00e9faite contre l&rsquo;Allemagne, il a salu\u00e9 ses joueurs en pleurs, est \u00e9loquente. &quot;Coach Vahid&quot; aura r\u00e9ussi \u00e0 transmettre sa rage \u00e0 un groupe qui a pris confiance au fur et \u00e0 mesure que la comp\u00e9tition avan\u00e7ait. Lui aussi devrait quitter son poste.<\/p>\n<p>\u2022\tLes r\u00e9v\u00e9lations<br \/>\nAu regard de leurs parcours, c&rsquo;est en Alg\u00e9rie et au Nigeria que l&rsquo;on vient piocher. Avec les Fennecs, Islam Slimani et Somiane Feghouli auront largement contribu\u00e9 au tr\u00e8s bon parcours de leur s\u00e9lection.<br \/>\nC\u00f4t\u00e9 Super Eagles, comment ne pas mentionner l&rsquo;infranchissable Enyama, tant le portier aura \u00e9c\u0153ur\u00e9 les attaquants du monde entier, et le milieu de terrain Obi Mikel, v\u00e9ritable plaque tournante de son \u00e9quipe.<br \/>\nEnfin, malgr\u00e9 la cruelle \u00e9limination de la C\u00f4te d&rsquo;Ivoire en phase de poules, le lat\u00e9ral Serge Aurier a r\u00e9ussi d&rsquo;excellents d\u00e9buts en Coupe du monde. Double passeur contre le Japon, le joueur de 21 ans est promis un grand avenir.<br \/>\nJA<\/p>\n","protected":false},"excerpt":{"rendered":"<p>Apr\u00e8s les \u00e9liminations lundi du Nigeria et de l&rsquo;Alg\u00e9rie, il n&rsquo;y a plus aucune s\u00e9lection africaine au Br\u00e9sil. Que retenir du parcours des cinqs repr\u00e9sentants du continent qui ont particip\u00e9 \u00e0 la Coupe du monde ? &quot;Jeune Afrique&quot; dresse le bilan. L&rsquo;aventure des \u00e9quipes africaines au Mondial 2014 s&rsquo;est achev\u00e9e lundi 30 juin avec les [&hellip;]<\/p>\n","protected":false},"author":12,"featured_media":0,"comment_status":"open","ping_status":"open","sticky":false,"template":"","format":"standard","meta":{"_exactmetrics_skip_tracking":false,"_exactmetrics_sitenote_active":false,"_exactmetrics_sitenote_note":"","_exactmetrics_sitenote_category":0,"tdm_status":"","tdm_grid_status":"","footnotes":""},"categories":[28],"tags":[],"class_list":{"0":"post-17016","1":"post","2":"type-post","3":"status-publish","4":"format-standard","6":"category-archives"},"yoast_head":"<!-- This site is optimized with the Yoast SEO plugin v24.2 - https:\/\/yoast.com\/wordpress\/plugins\/seo\/ -->\n<title>02\/07\/14 Football : les Africains ont-ils rat\u00e9 leur Coupe du monde ? | Guin\u00e9e Diversit\u00e9<\/title>\n<meta name=\"robots\" content=\"index, follow, max-snippet:-1, max-image-preview:large, max-video-preview:-1\" \/>\n<link rel=\"canonical\" href=\"https:\/\/guineediversite.com\/index.php\/2014\/07\/02\/020714-football-les-africains-ont-ils-rate-leur-coupe-du-monde\/\" \/>\n<meta property=\"og:locale\" content=\"fr_FR\" \/>\n<meta property=\"og:type\" content=\"article\" \/>\n<meta property=\"og:title\" content=\"02\/07\/14 Football : les Africains ont-ils rat\u00e9 leur Coupe du monde ? | Guin\u00e9e Diversit\u00e9\" \/>\n<meta property=\"og:description\" content=\"Apr\u00e8s les \u00e9liminations lundi du Nigeria et de l&rsquo;Alg\u00e9rie, il n&rsquo;y a plus aucune s\u00e9lection africaine au Br\u00e9sil. Que retenir du parcours des cinqs repr\u00e9sentants du continent qui ont particip\u00e9 \u00e0 la Coupe du monde ? &quot;Jeune Afrique&quot; dresse le bilan. L&rsquo;aventure des \u00e9quipes africaines au Mondial 2014 s&rsquo;est achev\u00e9e lundi 30 juin avec les [&hellip;]\" \/>\n<meta property=\"og:url\" content=\"https:\/\/guineediversite.com\/index.php\/2014\/07\/02\/020714-football-les-africains-ont-ils-rate-leur-coupe-du-monde\/\" \/>\n<meta property=\"og:site_name\" content=\"Guin\u00e9e Diversit\u00e9\" \/>\n<meta property=\"article:publisher\" content=\"https:\/\/www.facebook.com\/guineediversite\/\" \/>\n<meta property=\"article:published_time\" content=\"2014-07-01T22:00:00+00:00\" \/>\n<meta name=\"author\" content=\"Guin\u00e9e Diversit\u00e9\" \/>\n<meta name=\"twitter:card\" content=\"summary_large_image\" \/>\n<meta name=\"twitter:creator\" content=\"@GuineeDiversite\" \/>\n<meta name=\"twitter:site\" content=\"@GuineeDiversite\" \/>\n<meta name=\"twitter:label1\" content=\"\u00c9crit par\" \/>\n\t<meta name=\"twitter:data1\" content=\"Guin\u00e9e Diversit\u00e9\" \/>\n\t<meta name=\"twitter:label2\" content=\"Dur\u00e9e de lecture estim\u00e9e\" \/>\n\t<meta name=\"twitter:data2\" content=\"4 minutes\" \/>\n<script type=\"application\/ld+json\" class=\"yoast-schema-graph\">{\"@context\":\"https:\/\/schema.org\",\"@graph\":[{\"@type\":\"Article\",\"@id\":\"https:\/\/guineediversite.com\/index.php\/2014\/07\/02\/020714-football-les-africains-ont-ils-rate-leur-coupe-du-monde\/#article\",\"isPartOf\":{\"@id\":\"https:\/\/guineediversite.com\/index.php\/2014\/07\/02\/020714-football-les-africains-ont-ils-rate-leur-coupe-du-monde\/\"},\"author\":{\"name\":\"Guin\u00e9e Diversit\u00e9\",\"@id\":\"https:\/\/guineediversite.com\/#\/schema\/person\/afa08fb34e7fc6e1feafc892612bc836\"},\"headline\":\"02\/07\/14 Football : les Africains ont-ils rat\u00e9 leur Coupe du monde ?\",\"datePublished\":\"2014-07-01T22:00:00+00:00\",\"dateModified\":\"2014-07-01T22:00:00+00:00\",\"mainEntityOfPage\":{\"@id\":\"https:\/\/guineediversite.com\/index.php\/2014\/07\/02\/020714-football-les-africains-ont-ils-rate-leur-coupe-du-monde\/\"},\"wordCount\":897,\"commentCount\":0,\"publisher\":{\"@id\":\"https:\/\/guineediversite.com\/#organization\"},\"articleSection\":[\"Archives\"],\"inLanguage\":\"fr-FR\",\"potentialAction\":[{\"@type\":\"CommentAction\",\"name\":\"Comment\",\"target\":[\"https:\/\/guineediversite.com\/index.php\/2014\/07\/02\/020714-football-les-africains-ont-ils-rate-leur-coupe-du-monde\/#respond\"]}]},{\"@type\":\"WebPage\",\"@id\":\"https:\/\/guineediversite.com\/index.php\/2014\/07\/02\/020714-football-les-africains-ont-ils-rate-leur-coupe-du-monde\/\",\"url\":\"https:\/\/guineediversite.com\/index.php\/2014\/07\/02\/020714-football-les-africains-ont-ils-rate-leur-coupe-du-monde\/\",\"name\":\"02\/07\/14 Football : les Africains ont-ils rat\u00e9 leur Coupe du monde ? | Guin\u00e9e Diversit\u00e9\",\"isPartOf\":{\"@id\":\"https:\/\/guineediversite.com\/#website\"},\"datePublished\":\"2014-07-01T22:00:00+00:00\",\"dateModified\":\"2014-07-01T22:00:00+00:00\",\"breadcrumb\":{\"@id\":\"https:\/\/guineediversite.com\/index.php\/2014\/07\/02\/020714-football-les-africains-ont-ils-rate-leur-coupe-du-monde\/#breadcrumb\"},\"inLanguage\":\"fr-FR\",\"potentialAction\":[{\"@type\":\"ReadAction\",\"target\":[\"https:\/\/guineediversite.com\/index.php\/2014\/07\/02\/020714-football-les-africains-ont-ils-rate-leur-coupe-du-monde\/\"]}]},{\"@type\":\"BreadcrumbList\",\"@id\":\"https:\/\/guineediversite.com\/index.php\/2014\/07\/02\/020714-football-les-africains-ont-ils-rate-leur-coupe-du-monde\/#breadcrumb\",\"itemListElement\":[{\"@type\":\"ListItem\",\"position\":1,\"name\":\"Accueil\",\"item\":\"https:\/\/guineediversite.com\/\"},{\"@type\":\"ListItem\",\"position\":2,\"name\":\"02\/07\/14 Football : les Africains ont-ils rat\u00e9 leur Coupe du monde ?\"}]},{\"@type\":\"WebSite\",\"@id\":\"https:\/\/guineediversite.com\/#website\",\"url\":\"https:\/\/guineediversite.com\/\",\"name\":\"Guin\u00e9e Diversit\u00e9\",\"description\":\"L&#039;Info dans toute sa diversit\u00e9\",\"publisher\":{\"@id\":\"https:\/\/guineediversite.com\/#organization\"},\"potentialAction\":[{\"@type\":\"SearchAction\",\"target\":{\"@type\":\"EntryPoint\",\"urlTemplate\":\"https:\/\/guineediversite.com\/?s={search_term_string}\"},\"query-input\":{\"@type\":\"PropertyValueSpecification\",\"valueRequired\":true,\"valueName\":\"search_term_string\"}}],\"inLanguage\":\"fr-FR\"},{\"@type\":\"Organization\",\"@id\":\"https:\/\/guineediversite.com\/#organization\",\"name\":\"Guin\u00e9e Diversit\u00e9\",\"url\":\"https:\/\/guineediversite.com\/\",\"logo\":{\"@type\":\"ImageObject\",\"inLanguage\":\"fr-FR\",\"@id\":\"https:\/\/guineediversite.com\/#\/schema\/logo\/image\/\",\"url\":\"https:\/\/guineediversite.com\/wp-content\/uploads\/2017\/04\/cropped-1jojlxEOMkX9Wyqfhe43D6kjPOGqBBKmx3EwWJqZ0cMrFF54yM49.png\",\"contentUrl\":\"https:\/\/guineediversite.com\/wp-content\/uploads\/2017\/04\/cropped-1jojlxEOMkX9Wyqfhe43D6kjPOGqBBKmx3EwWJqZ0cMrFF54yM49.png\",\"width\":186,\"height\":112,\"caption\":\"Guin\u00e9e Diversit\u00e9\"},\"image\":{\"@id\":\"https:\/\/guineediversite.com\/#\/schema\/logo\/image\/\"},\"sameAs\":[\"https:\/\/www.facebook.com\/guineediversite\/\",\"https:\/\/x.com\/GuineeDiversite\",\"https:\/\/www.youtube.com\/channel\/UC8sUY16qelG5ge6_D5SB83g\"]},{\"@type\":\"Person\",\"@id\":\"https:\/\/guineediversite.com\/#\/schema\/person\/afa08fb34e7fc6e1feafc892612bc836\",\"name\":\"Guin\u00e9e Diversit\u00e9\",\"image\":{\"@type\":\"ImageObject\",\"inLanguage\":\"fr-FR\",\"@id\":\"https:\/\/guineediversite.com\/#\/schema\/person\/image\/\",\"url\":\"https:\/\/secure.gravatar.com\/avatar\/50d5eb5b390f8b65ac30ac6f898eb83a?s=96&d=mm&r=g\",\"contentUrl\":\"https:\/\/secure.gravatar.com\/avatar\/50d5eb5b390f8b65ac30ac6f898eb83a?s=96&d=mm&r=g\",\"caption\":\"Guin\u00e9e Diversit\u00e9\"},\"url\":\"https:\/\/guineediversite.com\/index.php\/author\/guineediversite\/\"}]}<\/script>\n<!-- \/ Yoast SEO plugin. -->","yoast_head_json":{"title":"02\/07\/14 Football : les Africains ont-ils rat\u00e9 leur Coupe du monde ? | Guin\u00e9e Diversit\u00e9","robots":{"index":"index","follow":"follow","max-snippet":"max-snippet:-1","max-image-preview":"max-image-preview:large","max-video-preview":"max-video-preview:-1"},"canonical":"https:\/\/guineediversite.com\/index.php\/2014\/07\/02\/020714-football-les-africains-ont-ils-rate-leur-coupe-du-monde\/","og_locale":"fr_FR","og_type":"article","og_title":"02\/07\/14 Football : les Africains ont-ils rat\u00e9 leur Coupe du monde ? | Guin\u00e9e Diversit\u00e9","og_description":"Apr\u00e8s les \u00e9liminations lundi du Nigeria et de l&rsquo;Alg\u00e9rie, il n&rsquo;y a plus aucune s\u00e9lection africaine au Br\u00e9sil. Que retenir du parcours des cinqs repr\u00e9sentants du continent qui ont particip\u00e9 \u00e0 la Coupe du monde ? &quot;Jeune Afrique&quot; dresse le bilan. L&rsquo;aventure des \u00e9quipes africaines au Mondial 2014 s&rsquo;est achev\u00e9e lundi 30 juin avec les [&hellip;]","og_url":"https:\/\/guineediversite.com\/index.php\/2014\/07\/02\/020714-football-les-africains-ont-ils-rate-leur-coupe-du-monde\/","og_site_name":"Guin\u00e9e Diversit\u00e9","article_publisher":"https:\/\/www.facebook.com\/guineediversite\/","article_published_time":"2014-07-01T22:00:00+00:00","author":"Guin\u00e9e Diversit\u00e9","twitter_card":"summary_large_image","twitter_creator":"@GuineeDiversite","twitter_site":"@GuineeDiversite","twitter_misc":{"\u00c9crit par":"Guin\u00e9e Diversit\u00e9","Dur\u00e9e de lecture estim\u00e9e":"4 minutes"},"schema":{"@context":"https:\/\/schema.org","@graph":[{"@type":"Article","@id":"https:\/\/guineediversite.com\/index.php\/2014\/07\/02\/020714-football-les-africains-ont-ils-rate-leur-coupe-du-monde\/#article","isPartOf":{"@id":"https:\/\/guineediversite.com\/index.php\/2014\/07\/02\/020714-football-les-africains-ont-ils-rate-leur-coupe-du-monde\/"},"author":{"name":"Guin\u00e9e Diversit\u00e9","@id":"https:\/\/guineediversite.com\/#\/schema\/person\/afa08fb34e7fc6e1feafc892612bc836"},"headline":"02\/07\/14 Football : les Africains ont-ils rat\u00e9 leur Coupe du monde ?","datePublished":"2014-07-01T22:00:00+00:00","dateModified":"2014-07-01T22:00:00+00:00","mainEntityOfPage":{"@id":"https:\/\/guineediversite.com\/index.php\/2014\/07\/02\/020714-football-les-africains-ont-ils-rate-leur-coupe-du-monde\/"},"wordCount":897,"commentCount":0,"publisher":{"@id":"https:\/\/guineediversite.com\/#organization"},"articleSection":["Archives"],"inLanguage":"fr-FR","potentialAction":[{"@type":"CommentAction","name":"Comment","target":["https:\/\/guineediversite.com\/index.php\/2014\/07\/02\/020714-football-les-africains-ont-ils-rate-leur-coupe-du-monde\/#respond"]}]},{"@type":"WebPage","@id":"https:\/\/guineediversite.com\/index.php\/2014\/07\/02\/020714-football-les-africains-ont-ils-rate-leur-coupe-du-monde\/","url":"https:\/\/guineediversite.com\/index.php\/2014\/07\/02\/020714-football-les-africains-ont-ils-rate-leur-coupe-du-monde\/","name":"02\/07\/14 Football : les Africains ont-ils rat\u00e9 leur Coupe du monde ? | Guin\u00e9e Diversit\u00e9","isPartOf":{"@id":"https:\/\/guineediversite.com\/#website"},"datePublished":"2014-07-01T22:00:00+00:00","dateModified":"2014-07-01T22:00:00+00:00","breadcrumb":{"@id":"https:\/\/guineediversite.com\/index.php\/2014\/07\/02\/020714-football-les-africains-ont-ils-rate-leur-coupe-du-monde\/#breadcrumb"},"inLanguage":"fr-FR","potentialAction":[{"@type":"ReadAction","target":["https:\/\/guineediversite.com\/index.php\/2014\/07\/02\/020714-football-les-africains-ont-ils-rate-leur-coupe-du-monde\/"]}]},{"@type":"BreadcrumbList","@id":"https:\/\/guineediversite.com\/index.php\/2014\/07\/02\/020714-football-les-africains-ont-ils-rate-leur-coupe-du-monde\/#breadcrumb","itemListElement":[{"@type":"ListItem","position":1,"name":"Accueil","item":"https:\/\/guineediversite.com\/"},{"@type":"ListItem","position":2,"name":"02\/07\/14 Football : les Africains ont-ils rat\u00e9 leur Coupe du monde ?"}]},{"@type":"WebSite","@id":"https:\/\/guineediversite.com\/#website","url":"https:\/\/guineediversite.com\/","name":"Guin\u00e9e Diversit\u00e9","description":"L&#039;Info dans toute sa diversit\u00e9","publisher":{"@id":"https:\/\/guineediversite.com\/#organization"},"potentialAction":[{"@type":"SearchAction","target":{"@type":"EntryPoint","urlTemplate":"https:\/\/guineediversite.com\/?s={search_term_string}"},"query-input":{"@type":"PropertyValueSpecification","valueRequired":true,"valueName":"search_term_string"}}],"inLanguage":"fr-FR"},{"@type":"Organization","@id":"https:\/\/guineediversite.com\/#organization","name":"Guin\u00e9e Diversit\u00e9","url":"https:\/\/guineediversite.com\/","logo":{"@type":"ImageObject","inLanguage":"fr-FR","@id":"https:\/\/guineediversite.com\/#\/schema\/logo\/image\/","url":"https:\/\/guineediversite.com\/wp-content\/uploads\/2017\/04\/cropped-1jojlxEOMkX9Wyqfhe43D6kjPOGqBBKmx3EwWJqZ0cMrFF54yM49.png","contentUrl":"https:\/\/guineediversite.com\/wp-content\/uploads\/2017\/04\/cropped-1jojlxEOMkX9Wyqfhe43D6kjPOGqBBKmx3EwWJqZ0cMrFF54yM49.png","width":186,"height":112,"caption":"Guin\u00e9e Diversit\u00e9"},"image":{"@id":"https:\/\/guineediversite.com\/#\/schema\/logo\/image\/"},"sameAs":["https:\/\/www.facebook.com\/guineediversite\/","https:\/\/x.com\/GuineeDiversite","https:\/\/www.youtube.com\/channel\/UC8sUY16qelG5ge6_D5SB83g"]},{"@type":"Person","@id":"https:\/\/guineediversite.com\/#\/schema\/person\/afa08fb34e7fc6e1feafc892612bc836","name":"Guin\u00e9e Diversit\u00e9","image":{"@type":"ImageObject","inLanguage":"fr-FR","@id":"https:\/\/guineediversite.com\/#\/schema\/person\/image\/","url":"https:\/\/secure.gravatar.com\/avatar\/50d5eb5b390f8b65ac30ac6f898eb83a?s=96&d=mm&r=g","contentUrl":"https:\/\/secure.gravatar.com\/avatar\/50d5eb5b390f8b65ac30ac6f898eb83a?s=96&d=mm&r=g","caption":"Guin\u00e9e Diversit\u00e9"},"url":"https:\/\/guineediversite.com\/index.php\/author\/guineediversite\/"}]}},"_links":{"self":[{"href":"https:\/\/guineediversite.com\/index.php\/wp-json\/wp\/v2\/posts\/17016"}],"collection":[{"href":"https:\/\/guineediversite.com\/index.php\/wp-json\/wp\/v2\/posts"}],"about":[{"href":"https:\/\/guineediversite.com\/index.php\/wp-json\/wp\/v2\/types\/post"}],"author":[{"embeddable":true,"href":"https:\/\/guineediversite.com\/index.php\/wp-json\/wp\/v2\/users\/12"}],"replies":[{"embeddable":true,"href":"https:\/\/guineediversite.com\/index.php\/wp-json\/wp\/v2\/comments?post=17016"}],"version-history":[{"count":0,"href":"https:\/\/guineediversite.com\/index.php\/wp-json\/wp\/v2\/posts\/17016\/revisions"}],"wp:attachment":[{"href":"https:\/\/guineediversite.com\/index.php\/wp-json\/wp\/v2\/media?parent=17016"}],"wp:term":[{"taxonomy":"category","embeddable":true,"href":"https:\/\/guineediversite.com\/index.php\/wp-json\/wp\/v2\/categories?post=17016"},{"taxonomy":"post_tag","embeddable":true,"href":"https:\/\/guineediversite.com\/index.php\/wp-json\/wp\/v2\/tags?post=17016"}],"curies":[{"name":"wp","href":"https:\/\/api.w.org\/{rel}","templated":true}]}}