{"id":17015,"date":"2014-07-01T00:00:00","date_gmt":"2014-06-30T22:00:00","guid":{"rendered":"https:\/\/www.guineediversite.com\/index.php\/2014\/07\/01\/010714-le-dialogue-politique-inter-guineen-reporte-au-vendredi-prochain\/"},"modified":"2014-07-01T00:00:00","modified_gmt":"2014-06-30T22:00:00","slug":"010714-le-dialogue-politique-inter-guineen-reporte-au-vendredi-prochain","status":"publish","type":"post","link":"https:\/\/guineediversite.com\/index.php\/2014\/07\/01\/010714-le-dialogue-politique-inter-guineen-reporte-au-vendredi-prochain\/","title":{"rendered":"01\/07\/14 Le dialogue politique inter guin\u00e9en report\u00e9 au vendredi prochain"},"content":{"rendered":"<p>La reprise du dialogue politique inter guin\u00e9en qui \u00e9tait pr\u00e9vue ce mardi a finalement \u00e9t\u00e9 report\u00e9e au vendredi.<br \/>\nL\u2019annonce a \u00e9t\u00e9 faite par le ministre de l\u2019Administration du territoire et de la d\u00e9centralisation, Alhassane Cond\u00e9, dans un courrier qu\u2019il a adress\u00e9 aux  parties prenantes du dit dialogue. La pr\u00e9paration d\u2019un cadre id\u00e9al de concertation serait la principale raison du report du dialogue.<br \/>\nCette rencontre devait r\u00e9unir les signataires de l\u2019accord politique du 3 juillet 2013 qui son entre autre, l\u2019opposition, la mouvance pr\u00e9sidentielle, la CENI et le Gouvernement.<br \/>\nRappelons que ce cadre de dialogue a \u00e9t\u00e9 obtenu suite \u00e0 la suspension de la participation de l\u2019opposition \u00e0 l\u2019Assembl\u00e9e Nationale et \u00e0 sa menace de reprendre les manifestations de rue si un cadre de dialogue n\u2019est pas mis en place.<br \/>\nBah Kour\u00e9<\/p>\n","protected":false},"excerpt":{"rendered":"<p>La reprise du dialogue politique inter guin\u00e9en qui \u00e9tait pr\u00e9vue ce mardi a finalement \u00e9t\u00e9 report\u00e9e au vendredi. L\u2019annonce a \u00e9t\u00e9 faite par le ministre de l\u2019Administration du territoire et de la d\u00e9centralisation, Alhassane Cond\u00e9, dans un courrier qu\u2019il a adress\u00e9 aux parties prenantes du dit dialogue. La pr\u00e9paration d\u2019un cadre id\u00e9al de concertation serait [&hellip;]<\/p>\n","protected":false},"author":12,"featured_media":0,"comment_status":"open","ping_status":"open","sticky":false,"template":"","format":"standard","meta":{"_exactmetrics_skip_tracking":false,"_exactmetrics_sitenote_active":false,"_exactmetrics_sitenote_note":"","_exactmetrics_sitenote_category":0,"tdm_status":"","tdm_grid_status":"","footnotes":""},"categories":[28],"tags":[],"class_list":{"0":"post-17015","1":"post","2":"type-post","3":"status-publish","4":"format-standard","6":"category-archives"},"yoast_head":"<!-- This site is optimized with the Yoast SEO plugin v24.2 - https:\/\/yoast.com\/wordpress\/plugins\/seo\/ -->\n<title>01\/07\/14 Le dialogue politique inter guin\u00e9en report\u00e9 au vendredi prochain | Guin\u00e9e Diversit\u00e9<\/title>\n<meta name=\"robots\" content=\"index, follow, max-snippet:-1, max-image-preview:large, max-video-preview:-1\" \/>\n<link rel=\"canonical\" href=\"https:\/\/guineediversite.com\/index.php\/2014\/07\/01\/010714-le-dialogue-politique-inter-guineen-reporte-au-vendredi-prochain\/\" \/>\n<meta property=\"og:locale\" content=\"fr_FR\" \/>\n<meta property=\"og:type\" content=\"article\" \/>\n<meta property=\"og:title\" content=\"01\/07\/14 Le dialogue politique inter guin\u00e9en report\u00e9 au vendredi prochain | Guin\u00e9e Diversit\u00e9\" \/>\n<meta property=\"og:description\" content=\"La reprise du dialogue politique inter guin\u00e9en qui \u00e9tait pr\u00e9vue ce mardi a finalement \u00e9t\u00e9 report\u00e9e au vendredi. L\u2019annonce a \u00e9t\u00e9 faite par le ministre de l\u2019Administration du territoire et de la d\u00e9centralisation, Alhassane Cond\u00e9, dans un courrier qu\u2019il a adress\u00e9 aux parties prenantes du dit dialogue. La pr\u00e9paration d\u2019un cadre id\u00e9al de concertation serait [&hellip;]\" \/>\n<meta property=\"og:url\" content=\"https:\/\/guineediversite.com\/index.php\/2014\/07\/01\/010714-le-dialogue-politique-inter-guineen-reporte-au-vendredi-prochain\/\" \/>\n<meta property=\"og:site_name\" content=\"Guin\u00e9e Diversit\u00e9\" \/>\n<meta property=\"article:publisher\" content=\"https:\/\/www.facebook.com\/guineediversite\/\" \/>\n<meta property=\"article:published_time\" content=\"2014-06-30T22:00:00+00:00\" \/>\n<meta name=\"author\" content=\"Guin\u00e9e Diversit\u00e9\" \/>\n<meta name=\"twitter:card\" content=\"summary_large_image\" \/>\n<meta name=\"twitter:creator\" content=\"@GuineeDiversite\" \/>\n<meta name=\"twitter:site\" content=\"@GuineeDiversite\" \/>\n<meta name=\"twitter:label1\" content=\"\u00c9crit par\" \/>\n\t<meta name=\"twitter:data1\" content=\"Guin\u00e9e Diversit\u00e9\" \/>\n\t<meta name=\"twitter:label2\" content=\"Dur\u00e9e de lecture estim\u00e9e\" \/>\n\t<meta name=\"twitter:data2\" content=\"1 minute\" \/>\n<script type=\"application\/ld+json\" class=\"yoast-schema-graph\">{\"@context\":\"https:\/\/schema.org\",\"@graph\":[{\"@type\":\"Article\",\"@id\":\"https:\/\/guineediversite.com\/index.php\/2014\/07\/01\/010714-le-dialogue-politique-inter-guineen-reporte-au-vendredi-prochain\/#article\",\"isPartOf\":{\"@id\":\"https:\/\/guineediversite.com\/index.php\/2014\/07\/01\/010714-le-dialogue-politique-inter-guineen-reporte-au-vendredi-prochain\/\"},\"author\":{\"name\":\"Guin\u00e9e Diversit\u00e9\",\"@id\":\"https:\/\/guineediversite.com\/#\/schema\/person\/afa08fb34e7fc6e1feafc892612bc836\"},\"headline\":\"01\/07\/14 Le dialogue politique inter guin\u00e9en report\u00e9 au vendredi prochain\",\"datePublished\":\"2014-06-30T22:00:00+00:00\",\"dateModified\":\"2014-06-30T22:00:00+00:00\",\"mainEntityOfPage\":{\"@id\":\"https:\/\/guineediversite.com\/index.php\/2014\/07\/01\/010714-le-dialogue-politique-inter-guineen-reporte-au-vendredi-prochain\/\"},\"wordCount\":154,\"commentCount\":0,\"publisher\":{\"@id\":\"https:\/\/guineediversite.com\/#organization\"},\"articleSection\":[\"Archives\"],\"inLanguage\":\"fr-FR\",\"potentialAction\":[{\"@type\":\"CommentAction\",\"name\":\"Comment\",\"target\":[\"https:\/\/guineediversite.com\/index.php\/2014\/07\/01\/010714-le-dialogue-politique-inter-guineen-reporte-au-vendredi-prochain\/#respond\"]}]},{\"@type\":\"WebPage\",\"@id\":\"https:\/\/guineediversite.com\/index.php\/2014\/07\/01\/010714-le-dialogue-politique-inter-guineen-reporte-au-vendredi-prochain\/\",\"url\":\"https:\/\/guineediversite.com\/index.php\/2014\/07\/01\/010714-le-dialogue-politique-inter-guineen-reporte-au-vendredi-prochain\/\",\"name\":\"01\/07\/14 Le dialogue politique inter guin\u00e9en report\u00e9 au vendredi prochain | Guin\u00e9e Diversit\u00e9\",\"isPartOf\":{\"@id\":\"https:\/\/guineediversite.com\/#website\"},\"datePublished\":\"2014-06-30T22:00:00+00:00\",\"dateModified\":\"2014-06-30T22:00:00+00:00\",\"breadcrumb\":{\"@id\":\"https:\/\/guineediversite.com\/index.php\/2014\/07\/01\/010714-le-dialogue-politique-inter-guineen-reporte-au-vendredi-prochain\/#breadcrumb\"},\"inLanguage\":\"fr-FR\",\"potentialAction\":[{\"@type\":\"ReadAction\",\"target\":[\"https:\/\/guineediversite.com\/index.php\/2014\/07\/01\/010714-le-dialogue-politique-inter-guineen-reporte-au-vendredi-prochain\/\"]}]},{\"@type\":\"BreadcrumbList\",\"@id\":\"https:\/\/guineediversite.com\/index.php\/2014\/07\/01\/010714-le-dialogue-politique-inter-guineen-reporte-au-vendredi-prochain\/#breadcrumb\",\"itemListElement\":[{\"@type\":\"ListItem\",\"position\":1,\"name\":\"Accueil\",\"item\":\"https:\/\/guineediversite.com\/\"},{\"@type\":\"ListItem\",\"position\":2,\"name\":\"01\/07\/14 Le dialogue politique inter guin\u00e9en report\u00e9 au vendredi prochain\"}]},{\"@type\":\"WebSite\",\"@id\":\"https:\/\/guineediversite.com\/#website\",\"url\":\"https:\/\/guineediversite.com\/\",\"name\":\"Guin\u00e9e Diversit\u00e9\",\"description\":\"L&#039;Info dans toute sa diversit\u00e9\",\"publisher\":{\"@id\":\"https:\/\/guineediversite.com\/#organization\"},\"potentialAction\":[{\"@type\":\"SearchAction\",\"target\":{\"@type\":\"EntryPoint\",\"urlTemplate\":\"https:\/\/guineediversite.com\/?s={search_term_string}\"},\"query-input\":{\"@type\":\"PropertyValueSpecification\",\"valueRequired\":true,\"valueName\":\"search_term_string\"}}],\"inLanguage\":\"fr-FR\"},{\"@type\":\"Organization\",\"@id\":\"https:\/\/guineediversite.com\/#organization\",\"name\":\"Guin\u00e9e Diversit\u00e9\",\"url\":\"https:\/\/guineediversite.com\/\",\"logo\":{\"@type\":\"ImageObject\",\"inLanguage\":\"fr-FR\",\"@id\":\"https:\/\/guineediversite.com\/#\/schema\/logo\/image\/\",\"url\":\"https:\/\/guineediversite.com\/wp-content\/uploads\/2017\/04\/cropped-1jojlxEOMkX9Wyqfhe43D6kjPOGqBBKmx3EwWJqZ0cMrFF54yM49.png\",\"contentUrl\":\"https:\/\/guineediversite.com\/wp-content\/uploads\/2017\/04\/cropped-1jojlxEOMkX9Wyqfhe43D6kjPOGqBBKmx3EwWJqZ0cMrFF54yM49.png\",\"width\":186,\"height\":112,\"caption\":\"Guin\u00e9e Diversit\u00e9\"},\"image\":{\"@id\":\"https:\/\/guineediversite.com\/#\/schema\/logo\/image\/\"},\"sameAs\":[\"https:\/\/www.facebook.com\/guineediversite\/\",\"https:\/\/x.com\/GuineeDiversite\",\"https:\/\/www.youtube.com\/channel\/UC8sUY16qelG5ge6_D5SB83g\"]},{\"@type\":\"Person\",\"@id\":\"https:\/\/guineediversite.com\/#\/schema\/person\/afa08fb34e7fc6e1feafc892612bc836\",\"name\":\"Guin\u00e9e Diversit\u00e9\",\"image\":{\"@type\":\"ImageObject\",\"inLanguage\":\"fr-FR\",\"@id\":\"https:\/\/guineediversite.com\/#\/schema\/person\/image\/\",\"url\":\"https:\/\/secure.gravatar.com\/avatar\/50d5eb5b390f8b65ac30ac6f898eb83a?s=96&d=mm&r=g\",\"contentUrl\":\"https:\/\/secure.gravatar.com\/avatar\/50d5eb5b390f8b65ac30ac6f898eb83a?s=96&d=mm&r=g\",\"caption\":\"Guin\u00e9e Diversit\u00e9\"},\"url\":\"https:\/\/guineediversite.com\/index.php\/author\/guineediversite\/\"}]}<\/script>\n<!-- \/ Yoast SEO plugin. -->","yoast_head_json":{"title":"01\/07\/14 Le dialogue politique inter guin\u00e9en report\u00e9 au vendredi prochain | Guin\u00e9e Diversit\u00e9","robots":{"index":"index","follow":"follow","max-snippet":"max-snippet:-1","max-image-preview":"max-image-preview:large","max-video-preview":"max-video-preview:-1"},"canonical":"https:\/\/guineediversite.com\/index.php\/2014\/07\/01\/010714-le-dialogue-politique-inter-guineen-reporte-au-vendredi-prochain\/","og_locale":"fr_FR","og_type":"article","og_title":"01\/07\/14 Le dialogue politique inter guin\u00e9en report\u00e9 au vendredi prochain | Guin\u00e9e Diversit\u00e9","og_description":"La reprise du dialogue politique inter guin\u00e9en qui \u00e9tait pr\u00e9vue ce mardi a finalement \u00e9t\u00e9 report\u00e9e au vendredi. L\u2019annonce a \u00e9t\u00e9 faite par le ministre de l\u2019Administration du territoire et de la d\u00e9centralisation, Alhassane Cond\u00e9, dans un courrier qu\u2019il a adress\u00e9 aux parties prenantes du dit dialogue. La pr\u00e9paration d\u2019un cadre id\u00e9al de concertation serait [&hellip;]","og_url":"https:\/\/guineediversite.com\/index.php\/2014\/07\/01\/010714-le-dialogue-politique-inter-guineen-reporte-au-vendredi-prochain\/","og_site_name":"Guin\u00e9e Diversit\u00e9","article_publisher":"https:\/\/www.facebook.com\/guineediversite\/","article_published_time":"2014-06-30T22:00:00+00:00","author":"Guin\u00e9e Diversit\u00e9","twitter_card":"summary_large_image","twitter_creator":"@GuineeDiversite","twitter_site":"@GuineeDiversite","twitter_misc":{"\u00c9crit par":"Guin\u00e9e Diversit\u00e9","Dur\u00e9e de lecture estim\u00e9e":"1 minute"},"schema":{"@context":"https:\/\/schema.org","@graph":[{"@type":"Article","@id":"https:\/\/guineediversite.com\/index.php\/2014\/07\/01\/010714-le-dialogue-politique-inter-guineen-reporte-au-vendredi-prochain\/#article","isPartOf":{"@id":"https:\/\/guineediversite.com\/index.php\/2014\/07\/01\/010714-le-dialogue-politique-inter-guineen-reporte-au-vendredi-prochain\/"},"author":{"name":"Guin\u00e9e Diversit\u00e9","@id":"https:\/\/guineediversite.com\/#\/schema\/person\/afa08fb34e7fc6e1feafc892612bc836"},"headline":"01\/07\/14 Le dialogue politique inter guin\u00e9en report\u00e9 au vendredi prochain","datePublished":"2014-06-30T22:00:00+00:00","dateModified":"2014-06-30T22:00:00+00:00","mainEntityOfPage":{"@id":"https:\/\/guineediversite.com\/index.php\/2014\/07\/01\/010714-le-dialogue-politique-inter-guineen-reporte-au-vendredi-prochain\/"},"wordCount":154,"commentCount":0,"publisher":{"@id":"https:\/\/guineediversite.com\/#organization"},"articleSection":["Archives"],"inLanguage":"fr-FR","potentialAction":[{"@type":"CommentAction","name":"Comment","target":["https:\/\/guineediversite.com\/index.php\/2014\/07\/01\/010714-le-dialogue-politique-inter-guineen-reporte-au-vendredi-prochain\/#respond"]}]},{"@type":"WebPage","@id":"https:\/\/guineediversite.com\/index.php\/2014\/07\/01\/010714-le-dialogue-politique-inter-guineen-reporte-au-vendredi-prochain\/","url":"https:\/\/guineediversite.com\/index.php\/2014\/07\/01\/010714-le-dialogue-politique-inter-guineen-reporte-au-vendredi-prochain\/","name":"01\/07\/14 Le dialogue politique inter guin\u00e9en report\u00e9 au vendredi prochain | Guin\u00e9e Diversit\u00e9","isPartOf":{"@id":"https:\/\/guineediversite.com\/#website"},"datePublished":"2014-06-30T22:00:00+00:00","dateModified":"2014-06-30T22:00:00+00:00","breadcrumb":{"@id":"https:\/\/guineediversite.com\/index.php\/2014\/07\/01\/010714-le-dialogue-politique-inter-guineen-reporte-au-vendredi-prochain\/#breadcrumb"},"inLanguage":"fr-FR","potentialAction":[{"@type":"ReadAction","target":["https:\/\/guineediversite.com\/index.php\/2014\/07\/01\/010714-le-dialogue-politique-inter-guineen-reporte-au-vendredi-prochain\/"]}]},{"@type":"BreadcrumbList","@id":"https:\/\/guineediversite.com\/index.php\/2014\/07\/01\/010714-le-dialogue-politique-inter-guineen-reporte-au-vendredi-prochain\/#breadcrumb","itemListElement":[{"@type":"ListItem","position":1,"name":"Accueil","item":"https:\/\/guineediversite.com\/"},{"@type":"ListItem","position":2,"name":"01\/07\/14 Le dialogue politique inter guin\u00e9en report\u00e9 au vendredi prochain"}]},{"@type":"WebSite","@id":"https:\/\/guineediversite.com\/#website","url":"https:\/\/guineediversite.com\/","name":"Guin\u00e9e Diversit\u00e9","description":"L&#039;Info dans toute sa diversit\u00e9","publisher":{"@id":"https:\/\/guineediversite.com\/#organization"},"potentialAction":[{"@type":"SearchAction","target":{"@type":"EntryPoint","urlTemplate":"https:\/\/guineediversite.com\/?s={search_term_string}"},"query-input":{"@type":"PropertyValueSpecification","valueRequired":true,"valueName":"search_term_string"}}],"inLanguage":"fr-FR"},{"@type":"Organization","@id":"https:\/\/guineediversite.com\/#organization","name":"Guin\u00e9e Diversit\u00e9","url":"https:\/\/guineediversite.com\/","logo":{"@type":"ImageObject","inLanguage":"fr-FR","@id":"https:\/\/guineediversite.com\/#\/schema\/logo\/image\/","url":"https:\/\/guineediversite.com\/wp-content\/uploads\/2017\/04\/cropped-1jojlxEOMkX9Wyqfhe43D6kjPOGqBBKmx3EwWJqZ0cMrFF54yM49.png","contentUrl":"https:\/\/guineediversite.com\/wp-content\/uploads\/2017\/04\/cropped-1jojlxEOMkX9Wyqfhe43D6kjPOGqBBKmx3EwWJqZ0cMrFF54yM49.png","width":186,"height":112,"caption":"Guin\u00e9e Diversit\u00e9"},"image":{"@id":"https:\/\/guineediversite.com\/#\/schema\/logo\/image\/"},"sameAs":["https:\/\/www.facebook.com\/guineediversite\/","https:\/\/x.com\/GuineeDiversite","https:\/\/www.youtube.com\/channel\/UC8sUY16qelG5ge6_D5SB83g"]},{"@type":"Person","@id":"https:\/\/guineediversite.com\/#\/schema\/person\/afa08fb34e7fc6e1feafc892612bc836","name":"Guin\u00e9e Diversit\u00e9","image":{"@type":"ImageObject","inLanguage":"fr-FR","@id":"https:\/\/guineediversite.com\/#\/schema\/person\/image\/","url":"https:\/\/secure.gravatar.com\/avatar\/50d5eb5b390f8b65ac30ac6f898eb83a?s=96&d=mm&r=g","contentUrl":"https:\/\/secure.gravatar.com\/avatar\/50d5eb5b390f8b65ac30ac6f898eb83a?s=96&d=mm&r=g","caption":"Guin\u00e9e Diversit\u00e9"},"url":"https:\/\/guineediversite.com\/index.php\/author\/guineediversite\/"}]}},"_links":{"self":[{"href":"https:\/\/guineediversite.com\/index.php\/wp-json\/wp\/v2\/posts\/17015"}],"collection":[{"href":"https:\/\/guineediversite.com\/index.php\/wp-json\/wp\/v2\/posts"}],"about":[{"href":"https:\/\/guineediversite.com\/index.php\/wp-json\/wp\/v2\/types\/post"}],"author":[{"embeddable":true,"href":"https:\/\/guineediversite.com\/index.php\/wp-json\/wp\/v2\/users\/12"}],"replies":[{"embeddable":true,"href":"https:\/\/guineediversite.com\/index.php\/wp-json\/wp\/v2\/comments?post=17015"}],"version-history":[{"count":0,"href":"https:\/\/guineediversite.com\/index.php\/wp-json\/wp\/v2\/posts\/17015\/revisions"}],"wp:attachment":[{"href":"https:\/\/guineediversite.com\/index.php\/wp-json\/wp\/v2\/media?parent=17015"}],"wp:term":[{"taxonomy":"category","embeddable":true,"href":"https:\/\/guineediversite.com\/index.php\/wp-json\/wp\/v2\/categories?post=17015"},{"taxonomy":"post_tag","embeddable":true,"href":"https:\/\/guineediversite.com\/index.php\/wp-json\/wp\/v2\/tags?post=17015"}],"curies":[{"name":"wp","href":"https:\/\/api.w.org\/{rel}","templated":true}]}}