{"id":16901,"date":"2014-06-04T00:00:00","date_gmt":"2014-06-03T22:00:00","guid":{"rendered":"https:\/\/www.guineediversite.com\/index.php\/2014\/06\/04\/040614cote-divoire-fpi-affi-nguessan-a-la-conquete-du-nord-avant-de-rencontrer-simone-gbagbo\/"},"modified":"2014-06-04T00:00:00","modified_gmt":"2014-06-03T22:00:00","slug":"040614cote-divoire-fpi-affi-nguessan-a-la-conquete-du-nord-avant-de-rencontrer-simone-gbagbo","status":"publish","type":"post","link":"https:\/\/guineediversite.com\/index.php\/2014\/06\/04\/040614cote-divoire-fpi-affi-nguessan-a-la-conquete-du-nord-avant-de-rencontrer-simone-gbagbo\/","title":{"rendered":"04\/06\/14\nC\u00f4te d&rsquo;Ivoire &#8211; FPI : Affi N&rsquo;Guessan \u00e0 la conqu\u00eate du Nord, avant de rencontrer Simone Gbagbo"},"content":{"rendered":"<p>Op\u00e9ration s\u00e9duction pour le FPI. Depuis lundi, le pr\u00e9sident du parti de Laurent Gbgabo, Pascal Affi N&rsquo;Guessan, a entam\u00e9 une tourn\u00e9e dans le nord de la C\u00f4te d&rsquo;Ivoire afin de rencontrer les populations de la r\u00e9gion. Il rendra \u00e9galement visite vendredi \u00e0 Simone Gbagbo, toujours en r\u00e9sidence surveill\u00e9e \u00e0 Odienn\u00e9.<br \/>\nCela ressemble \u00e0 une tourn\u00e9e en territoire hostile. Depuis lundi 2 juin, le pr\u00e9sident du Front populaire ivoirien (FPI), Pascal Affi N&rsquo;Guessan, a d\u00e9but\u00e9 une tourn\u00e9e de remobilisation des populatins du nord de la C\u00f4te d&rsquo;Ivoire, notamment dans la r\u00e9gion du Bafing, longtemps domin\u00e9e par l&rsquo;ex-r\u00e9bellion des Forces nouvelles pro-Ouattara.<br \/>\nLors d\u2019un meeting \u00e0 Ouaninou, le chef de l\u2019opposition ivoirienne a d\u00e9clar\u00e9 que le parti fond\u00e9 par Laurent Gbagbo n&rsquo;avait jamais \u00e9t\u00e9 hostile aux populations du Nord. &quot;Le FPI n\u2019est pas contre les gens du Nord, bien au contraire nous pensons que ce sont tous les enfants du pays, r\u00e9concili\u00e9s entre eux, qui pourront le relever&quot;, a-t-il indiqu\u00e9, cit\u00e9 par abidjan.net.<br \/>\n&quot;Pendant la crise, les uns sont morts par la maladie et les autres par la guerre. Il faut que nous venions vous voir pour que vous sachiez que nous ne vous avons pas oubli\u00e9s&quot;, a ajout\u00e9 l&rsquo;ancien Premier ministre, mis en minorit\u00e9, dimanche 1er juin, lors d\u2019un vote du comit\u00e9 central de son parti sur la lev\u00e9e du boycott du recensement de la population. Il a r\u00e9affirm\u00e9 que le mot d&rsquo;ordre du FPI \u00e9tait &quot;la lib\u00e9ration de tous les prisonniers politiques, le retour des exil\u00e9s&quot; ou encore &quot;le d\u00e9gel des avoirs&quot; des anciens partisans de Laurent Gbagbo.<br \/>\nRencontre avec Simone Gbagbo vendredi<br \/>\nLe point d&rsquo;orgue de la visite de pascal Affi N&rsquo;Guessan dans le Nord aura lieu vendredi 6 juin, \u00e0 Odienn\u00e9. Le pr\u00e9sident du FPI y rencontrera Simone Gbagbo, qui y est d\u00e9tenue depuis trois ans.<br \/>\nLa Cour p\u00e9nale internationale (CPI) a \u00e9mis un mandat d\u2019arr\u00eat contre l&rsquo;\u00e9pouse de l&rsquo;ancien pr\u00e9sident Laurent Gbagbo, pour crime contre l\u2019humanit\u00e9 lors de la crise post\u00e9lectorale. Elle est aussi poursuivie par la justice ivoirienne pour g\u00e9nocide<br \/>\nJA<\/p>\n","protected":false},"excerpt":{"rendered":"<p>Op\u00e9ration s\u00e9duction pour le FPI. Depuis lundi, le pr\u00e9sident du parti de Laurent Gbgabo, Pascal Affi N&rsquo;Guessan, a entam\u00e9 une tourn\u00e9e dans le nord de la C\u00f4te d&rsquo;Ivoire afin de rencontrer les populations de la r\u00e9gion. Il rendra \u00e9galement visite vendredi \u00e0 Simone Gbagbo, toujours en r\u00e9sidence surveill\u00e9e \u00e0 Odienn\u00e9. Cela ressemble \u00e0 une tourn\u00e9e [&hellip;]<\/p>\n","protected":false},"author":12,"featured_media":0,"comment_status":"open","ping_status":"open","sticky":false,"template":"","format":"standard","meta":{"_exactmetrics_skip_tracking":false,"_exactmetrics_sitenote_active":false,"_exactmetrics_sitenote_note":"","_exactmetrics_sitenote_category":0,"tdm_status":"","tdm_grid_status":"","footnotes":""},"categories":[28],"tags":[],"class_list":{"0":"post-16901","1":"post","2":"type-post","3":"status-publish","4":"format-standard","6":"category-archives"},"yoast_head":"<!-- This site is optimized with the Yoast SEO plugin v24.2 - https:\/\/yoast.com\/wordpress\/plugins\/seo\/ -->\n<title>04\/06\/14 C\u00f4te d&#039;Ivoire - FPI : Affi N&#039;Guessan \u00e0 la conqu\u00eate du Nord, avant de rencontrer Simone Gbagbo | Guin\u00e9e Diversit\u00e9<\/title>\n<meta name=\"robots\" content=\"index, follow, max-snippet:-1, max-image-preview:large, max-video-preview:-1\" \/>\n<link rel=\"canonical\" href=\"https:\/\/guineediversite.com\/index.php\/2014\/06\/04\/040614cote-divoire-fpi-affi-nguessan-a-la-conquete-du-nord-avant-de-rencontrer-simone-gbagbo\/\" \/>\n<meta property=\"og:locale\" content=\"fr_FR\" \/>\n<meta property=\"og:type\" content=\"article\" \/>\n<meta property=\"og:title\" content=\"04\/06\/14 C\u00f4te d&#039;Ivoire - FPI : Affi N&#039;Guessan \u00e0 la conqu\u00eate du Nord, avant de rencontrer Simone Gbagbo | Guin\u00e9e Diversit\u00e9\" \/>\n<meta property=\"og:description\" content=\"Op\u00e9ration s\u00e9duction pour le FPI. Depuis lundi, le pr\u00e9sident du parti de Laurent Gbgabo, Pascal Affi N&rsquo;Guessan, a entam\u00e9 une tourn\u00e9e dans le nord de la C\u00f4te d&rsquo;Ivoire afin de rencontrer les populations de la r\u00e9gion. Il rendra \u00e9galement visite vendredi \u00e0 Simone Gbagbo, toujours en r\u00e9sidence surveill\u00e9e \u00e0 Odienn\u00e9. Cela ressemble \u00e0 une tourn\u00e9e [&hellip;]\" \/>\n<meta property=\"og:url\" content=\"https:\/\/guineediversite.com\/index.php\/2014\/06\/04\/040614cote-divoire-fpi-affi-nguessan-a-la-conquete-du-nord-avant-de-rencontrer-simone-gbagbo\/\" \/>\n<meta property=\"og:site_name\" content=\"Guin\u00e9e Diversit\u00e9\" \/>\n<meta property=\"article:publisher\" content=\"https:\/\/www.facebook.com\/guineediversite\/\" \/>\n<meta property=\"article:published_time\" content=\"2014-06-03T22:00:00+00:00\" \/>\n<meta name=\"author\" content=\"Guin\u00e9e Diversit\u00e9\" \/>\n<meta name=\"twitter:card\" content=\"summary_large_image\" \/>\n<meta name=\"twitter:creator\" content=\"@GuineeDiversite\" \/>\n<meta name=\"twitter:site\" content=\"@GuineeDiversite\" \/>\n<meta name=\"twitter:label1\" content=\"\u00c9crit par\" \/>\n\t<meta name=\"twitter:data1\" content=\"Guin\u00e9e Diversit\u00e9\" \/>\n\t<meta name=\"twitter:label2\" content=\"Dur\u00e9e de lecture estim\u00e9e\" \/>\n\t<meta name=\"twitter:data2\" content=\"2 minutes\" \/>\n<script type=\"application\/ld+json\" class=\"yoast-schema-graph\">{\"@context\":\"https:\/\/schema.org\",\"@graph\":[{\"@type\":\"Article\",\"@id\":\"https:\/\/guineediversite.com\/index.php\/2014\/06\/04\/040614cote-divoire-fpi-affi-nguessan-a-la-conquete-du-nord-avant-de-rencontrer-simone-gbagbo\/#article\",\"isPartOf\":{\"@id\":\"https:\/\/guineediversite.com\/index.php\/2014\/06\/04\/040614cote-divoire-fpi-affi-nguessan-a-la-conquete-du-nord-avant-de-rencontrer-simone-gbagbo\/\"},\"author\":{\"name\":\"Guin\u00e9e Diversit\u00e9\",\"@id\":\"https:\/\/guineediversite.com\/#\/schema\/person\/afa08fb34e7fc6e1feafc892612bc836\"},\"headline\":\"04\/06\/14 C\u00f4te d&rsquo;Ivoire &#8211; FPI : Affi N&rsquo;Guessan \u00e0 la conqu\u00eate du Nord, avant de rencontrer Simone Gbagbo\",\"datePublished\":\"2014-06-03T22:00:00+00:00\",\"dateModified\":\"2014-06-03T22:00:00+00:00\",\"mainEntityOfPage\":{\"@id\":\"https:\/\/guineediversite.com\/index.php\/2014\/06\/04\/040614cote-divoire-fpi-affi-nguessan-a-la-conquete-du-nord-avant-de-rencontrer-simone-gbagbo\/\"},\"wordCount\":406,\"commentCount\":0,\"publisher\":{\"@id\":\"https:\/\/guineediversite.com\/#organization\"},\"articleSection\":[\"Archives\"],\"inLanguage\":\"fr-FR\",\"potentialAction\":[{\"@type\":\"CommentAction\",\"name\":\"Comment\",\"target\":[\"https:\/\/guineediversite.com\/index.php\/2014\/06\/04\/040614cote-divoire-fpi-affi-nguessan-a-la-conquete-du-nord-avant-de-rencontrer-simone-gbagbo\/#respond\"]}]},{\"@type\":\"WebPage\",\"@id\":\"https:\/\/guineediversite.com\/index.php\/2014\/06\/04\/040614cote-divoire-fpi-affi-nguessan-a-la-conquete-du-nord-avant-de-rencontrer-simone-gbagbo\/\",\"url\":\"https:\/\/guineediversite.com\/index.php\/2014\/06\/04\/040614cote-divoire-fpi-affi-nguessan-a-la-conquete-du-nord-avant-de-rencontrer-simone-gbagbo\/\",\"name\":\"04\/06\/14 C\u00f4te d'Ivoire - FPI : Affi N'Guessan \u00e0 la conqu\u00eate du Nord, avant de rencontrer Simone Gbagbo | Guin\u00e9e Diversit\u00e9\",\"isPartOf\":{\"@id\":\"https:\/\/guineediversite.com\/#website\"},\"datePublished\":\"2014-06-03T22:00:00+00:00\",\"dateModified\":\"2014-06-03T22:00:00+00:00\",\"breadcrumb\":{\"@id\":\"https:\/\/guineediversite.com\/index.php\/2014\/06\/04\/040614cote-divoire-fpi-affi-nguessan-a-la-conquete-du-nord-avant-de-rencontrer-simone-gbagbo\/#breadcrumb\"},\"inLanguage\":\"fr-FR\",\"potentialAction\":[{\"@type\":\"ReadAction\",\"target\":[\"https:\/\/guineediversite.com\/index.php\/2014\/06\/04\/040614cote-divoire-fpi-affi-nguessan-a-la-conquete-du-nord-avant-de-rencontrer-simone-gbagbo\/\"]}]},{\"@type\":\"BreadcrumbList\",\"@id\":\"https:\/\/guineediversite.com\/index.php\/2014\/06\/04\/040614cote-divoire-fpi-affi-nguessan-a-la-conquete-du-nord-avant-de-rencontrer-simone-gbagbo\/#breadcrumb\",\"itemListElement\":[{\"@type\":\"ListItem\",\"position\":1,\"name\":\"Accueil\",\"item\":\"https:\/\/guineediversite.com\/\"},{\"@type\":\"ListItem\",\"position\":2,\"name\":\"04\/06\/14 C\u00f4te d&rsquo;Ivoire &#8211; FPI : Affi N&rsquo;Guessan \u00e0 la conqu\u00eate du Nord, avant de rencontrer Simone Gbagbo\"}]},{\"@type\":\"WebSite\",\"@id\":\"https:\/\/guineediversite.com\/#website\",\"url\":\"https:\/\/guineediversite.com\/\",\"name\":\"Guin\u00e9e Diversit\u00e9\",\"description\":\"L&#039;Info dans toute sa diversit\u00e9\",\"publisher\":{\"@id\":\"https:\/\/guineediversite.com\/#organization\"},\"potentialAction\":[{\"@type\":\"SearchAction\",\"target\":{\"@type\":\"EntryPoint\",\"urlTemplate\":\"https:\/\/guineediversite.com\/?s={search_term_string}\"},\"query-input\":{\"@type\":\"PropertyValueSpecification\",\"valueRequired\":true,\"valueName\":\"search_term_string\"}}],\"inLanguage\":\"fr-FR\"},{\"@type\":\"Organization\",\"@id\":\"https:\/\/guineediversite.com\/#organization\",\"name\":\"Guin\u00e9e Diversit\u00e9\",\"url\":\"https:\/\/guineediversite.com\/\",\"logo\":{\"@type\":\"ImageObject\",\"inLanguage\":\"fr-FR\",\"@id\":\"https:\/\/guineediversite.com\/#\/schema\/logo\/image\/\",\"url\":\"https:\/\/guineediversite.com\/wp-content\/uploads\/2017\/04\/cropped-1jojlxEOMkX9Wyqfhe43D6kjPOGqBBKmx3EwWJqZ0cMrFF54yM49.png\",\"contentUrl\":\"https:\/\/guineediversite.com\/wp-content\/uploads\/2017\/04\/cropped-1jojlxEOMkX9Wyqfhe43D6kjPOGqBBKmx3EwWJqZ0cMrFF54yM49.png\",\"width\":186,\"height\":112,\"caption\":\"Guin\u00e9e Diversit\u00e9\"},\"image\":{\"@id\":\"https:\/\/guineediversite.com\/#\/schema\/logo\/image\/\"},\"sameAs\":[\"https:\/\/www.facebook.com\/guineediversite\/\",\"https:\/\/x.com\/GuineeDiversite\",\"https:\/\/www.youtube.com\/channel\/UC8sUY16qelG5ge6_D5SB83g\"]},{\"@type\":\"Person\",\"@id\":\"https:\/\/guineediversite.com\/#\/schema\/person\/afa08fb34e7fc6e1feafc892612bc836\",\"name\":\"Guin\u00e9e Diversit\u00e9\",\"image\":{\"@type\":\"ImageObject\",\"inLanguage\":\"fr-FR\",\"@id\":\"https:\/\/guineediversite.com\/#\/schema\/person\/image\/\",\"url\":\"https:\/\/secure.gravatar.com\/avatar\/50d5eb5b390f8b65ac30ac6f898eb83a?s=96&d=mm&r=g\",\"contentUrl\":\"https:\/\/secure.gravatar.com\/avatar\/50d5eb5b390f8b65ac30ac6f898eb83a?s=96&d=mm&r=g\",\"caption\":\"Guin\u00e9e Diversit\u00e9\"},\"url\":\"https:\/\/guineediversite.com\/index.php\/author\/guineediversite\/\"}]}<\/script>\n<!-- \/ Yoast SEO plugin. -->","yoast_head_json":{"title":"04\/06\/14 C\u00f4te d'Ivoire - FPI : Affi N'Guessan \u00e0 la conqu\u00eate du Nord, avant de rencontrer Simone Gbagbo | Guin\u00e9e Diversit\u00e9","robots":{"index":"index","follow":"follow","max-snippet":"max-snippet:-1","max-image-preview":"max-image-preview:large","max-video-preview":"max-video-preview:-1"},"canonical":"https:\/\/guineediversite.com\/index.php\/2014\/06\/04\/040614cote-divoire-fpi-affi-nguessan-a-la-conquete-du-nord-avant-de-rencontrer-simone-gbagbo\/","og_locale":"fr_FR","og_type":"article","og_title":"04\/06\/14 C\u00f4te d'Ivoire - FPI : Affi N'Guessan \u00e0 la conqu\u00eate du Nord, avant de rencontrer Simone Gbagbo | Guin\u00e9e Diversit\u00e9","og_description":"Op\u00e9ration s\u00e9duction pour le FPI. Depuis lundi, le pr\u00e9sident du parti de Laurent Gbgabo, Pascal Affi N&rsquo;Guessan, a entam\u00e9 une tourn\u00e9e dans le nord de la C\u00f4te d&rsquo;Ivoire afin de rencontrer les populations de la r\u00e9gion. Il rendra \u00e9galement visite vendredi \u00e0 Simone Gbagbo, toujours en r\u00e9sidence surveill\u00e9e \u00e0 Odienn\u00e9. Cela ressemble \u00e0 une tourn\u00e9e [&hellip;]","og_url":"https:\/\/guineediversite.com\/index.php\/2014\/06\/04\/040614cote-divoire-fpi-affi-nguessan-a-la-conquete-du-nord-avant-de-rencontrer-simone-gbagbo\/","og_site_name":"Guin\u00e9e Diversit\u00e9","article_publisher":"https:\/\/www.facebook.com\/guineediversite\/","article_published_time":"2014-06-03T22:00:00+00:00","author":"Guin\u00e9e Diversit\u00e9","twitter_card":"summary_large_image","twitter_creator":"@GuineeDiversite","twitter_site":"@GuineeDiversite","twitter_misc":{"\u00c9crit par":"Guin\u00e9e Diversit\u00e9","Dur\u00e9e de lecture estim\u00e9e":"2 minutes"},"schema":{"@context":"https:\/\/schema.org","@graph":[{"@type":"Article","@id":"https:\/\/guineediversite.com\/index.php\/2014\/06\/04\/040614cote-divoire-fpi-affi-nguessan-a-la-conquete-du-nord-avant-de-rencontrer-simone-gbagbo\/#article","isPartOf":{"@id":"https:\/\/guineediversite.com\/index.php\/2014\/06\/04\/040614cote-divoire-fpi-affi-nguessan-a-la-conquete-du-nord-avant-de-rencontrer-simone-gbagbo\/"},"author":{"name":"Guin\u00e9e Diversit\u00e9","@id":"https:\/\/guineediversite.com\/#\/schema\/person\/afa08fb34e7fc6e1feafc892612bc836"},"headline":"04\/06\/14 C\u00f4te d&rsquo;Ivoire &#8211; FPI : Affi N&rsquo;Guessan \u00e0 la conqu\u00eate du Nord, avant de rencontrer Simone Gbagbo","datePublished":"2014-06-03T22:00:00+00:00","dateModified":"2014-06-03T22:00:00+00:00","mainEntityOfPage":{"@id":"https:\/\/guineediversite.com\/index.php\/2014\/06\/04\/040614cote-divoire-fpi-affi-nguessan-a-la-conquete-du-nord-avant-de-rencontrer-simone-gbagbo\/"},"wordCount":406,"commentCount":0,"publisher":{"@id":"https:\/\/guineediversite.com\/#organization"},"articleSection":["Archives"],"inLanguage":"fr-FR","potentialAction":[{"@type":"CommentAction","name":"Comment","target":["https:\/\/guineediversite.com\/index.php\/2014\/06\/04\/040614cote-divoire-fpi-affi-nguessan-a-la-conquete-du-nord-avant-de-rencontrer-simone-gbagbo\/#respond"]}]},{"@type":"WebPage","@id":"https:\/\/guineediversite.com\/index.php\/2014\/06\/04\/040614cote-divoire-fpi-affi-nguessan-a-la-conquete-du-nord-avant-de-rencontrer-simone-gbagbo\/","url":"https:\/\/guineediversite.com\/index.php\/2014\/06\/04\/040614cote-divoire-fpi-affi-nguessan-a-la-conquete-du-nord-avant-de-rencontrer-simone-gbagbo\/","name":"04\/06\/14 C\u00f4te d'Ivoire - FPI : Affi N'Guessan \u00e0 la conqu\u00eate du Nord, avant de rencontrer Simone Gbagbo | Guin\u00e9e Diversit\u00e9","isPartOf":{"@id":"https:\/\/guineediversite.com\/#website"},"datePublished":"2014-06-03T22:00:00+00:00","dateModified":"2014-06-03T22:00:00+00:00","breadcrumb":{"@id":"https:\/\/guineediversite.com\/index.php\/2014\/06\/04\/040614cote-divoire-fpi-affi-nguessan-a-la-conquete-du-nord-avant-de-rencontrer-simone-gbagbo\/#breadcrumb"},"inLanguage":"fr-FR","potentialAction":[{"@type":"ReadAction","target":["https:\/\/guineediversite.com\/index.php\/2014\/06\/04\/040614cote-divoire-fpi-affi-nguessan-a-la-conquete-du-nord-avant-de-rencontrer-simone-gbagbo\/"]}]},{"@type":"BreadcrumbList","@id":"https:\/\/guineediversite.com\/index.php\/2014\/06\/04\/040614cote-divoire-fpi-affi-nguessan-a-la-conquete-du-nord-avant-de-rencontrer-simone-gbagbo\/#breadcrumb","itemListElement":[{"@type":"ListItem","position":1,"name":"Accueil","item":"https:\/\/guineediversite.com\/"},{"@type":"ListItem","position":2,"name":"04\/06\/14 C\u00f4te d&rsquo;Ivoire &#8211; FPI : Affi N&rsquo;Guessan \u00e0 la conqu\u00eate du Nord, avant de rencontrer Simone Gbagbo"}]},{"@type":"WebSite","@id":"https:\/\/guineediversite.com\/#website","url":"https:\/\/guineediversite.com\/","name":"Guin\u00e9e Diversit\u00e9","description":"L&#039;Info dans toute sa diversit\u00e9","publisher":{"@id":"https:\/\/guineediversite.com\/#organization"},"potentialAction":[{"@type":"SearchAction","target":{"@type":"EntryPoint","urlTemplate":"https:\/\/guineediversite.com\/?s={search_term_string}"},"query-input":{"@type":"PropertyValueSpecification","valueRequired":true,"valueName":"search_term_string"}}],"inLanguage":"fr-FR"},{"@type":"Organization","@id":"https:\/\/guineediversite.com\/#organization","name":"Guin\u00e9e Diversit\u00e9","url":"https:\/\/guineediversite.com\/","logo":{"@type":"ImageObject","inLanguage":"fr-FR","@id":"https:\/\/guineediversite.com\/#\/schema\/logo\/image\/","url":"https:\/\/guineediversite.com\/wp-content\/uploads\/2017\/04\/cropped-1jojlxEOMkX9Wyqfhe43D6kjPOGqBBKmx3EwWJqZ0cMrFF54yM49.png","contentUrl":"https:\/\/guineediversite.com\/wp-content\/uploads\/2017\/04\/cropped-1jojlxEOMkX9Wyqfhe43D6kjPOGqBBKmx3EwWJqZ0cMrFF54yM49.png","width":186,"height":112,"caption":"Guin\u00e9e Diversit\u00e9"},"image":{"@id":"https:\/\/guineediversite.com\/#\/schema\/logo\/image\/"},"sameAs":["https:\/\/www.facebook.com\/guineediversite\/","https:\/\/x.com\/GuineeDiversite","https:\/\/www.youtube.com\/channel\/UC8sUY16qelG5ge6_D5SB83g"]},{"@type":"Person","@id":"https:\/\/guineediversite.com\/#\/schema\/person\/afa08fb34e7fc6e1feafc892612bc836","name":"Guin\u00e9e Diversit\u00e9","image":{"@type":"ImageObject","inLanguage":"fr-FR","@id":"https:\/\/guineediversite.com\/#\/schema\/person\/image\/","url":"https:\/\/secure.gravatar.com\/avatar\/50d5eb5b390f8b65ac30ac6f898eb83a?s=96&d=mm&r=g","contentUrl":"https:\/\/secure.gravatar.com\/avatar\/50d5eb5b390f8b65ac30ac6f898eb83a?s=96&d=mm&r=g","caption":"Guin\u00e9e Diversit\u00e9"},"url":"https:\/\/guineediversite.com\/index.php\/author\/guineediversite\/"}]}},"_links":{"self":[{"href":"https:\/\/guineediversite.com\/index.php\/wp-json\/wp\/v2\/posts\/16901"}],"collection":[{"href":"https:\/\/guineediversite.com\/index.php\/wp-json\/wp\/v2\/posts"}],"about":[{"href":"https:\/\/guineediversite.com\/index.php\/wp-json\/wp\/v2\/types\/post"}],"author":[{"embeddable":true,"href":"https:\/\/guineediversite.com\/index.php\/wp-json\/wp\/v2\/users\/12"}],"replies":[{"embeddable":true,"href":"https:\/\/guineediversite.com\/index.php\/wp-json\/wp\/v2\/comments?post=16901"}],"version-history":[{"count":0,"href":"https:\/\/guineediversite.com\/index.php\/wp-json\/wp\/v2\/posts\/16901\/revisions"}],"wp:attachment":[{"href":"https:\/\/guineediversite.com\/index.php\/wp-json\/wp\/v2\/media?parent=16901"}],"wp:term":[{"taxonomy":"category","embeddable":true,"href":"https:\/\/guineediversite.com\/index.php\/wp-json\/wp\/v2\/categories?post=16901"},{"taxonomy":"post_tag","embeddable":true,"href":"https:\/\/guineediversite.com\/index.php\/wp-json\/wp\/v2\/tags?post=16901"}],"curies":[{"name":"wp","href":"https:\/\/api.w.org\/{rel}","templated":true}]}}