{"id":16900,"date":"2014-06-04T00:00:00","date_gmt":"2014-06-03T22:00:00","guid":{"rendered":"https:\/\/www.guineediversite.com\/index.php\/2014\/06\/04\/040614-dans-le-nord-du-cameroun-les-lyceennes-redoutent-detre-enlevees\/"},"modified":"2014-06-04T00:00:00","modified_gmt":"2014-06-03T22:00:00","slug":"040614-dans-le-nord-du-cameroun-les-lyceennes-redoutent-detre-enlevees","status":"publish","type":"post","link":"https:\/\/guineediversite.com\/index.php\/2014\/06\/04\/040614-dans-le-nord-du-cameroun-les-lyceennes-redoutent-detre-enlevees\/","title":{"rendered":"04\/06\/14 \nDans le nord du Cameroun, les lyc\u00e9ennes redoutent d&rsquo;\u00eatre enlev\u00e9es"},"content":{"rendered":"<p>&quot;J&rsquo;ai trop peur que les Boko Haram arrivent dans notre \u00e9tablissement pour nous kidnapper&quot;: comme Sidonie Dimissigue, des dizaines d&rsquo;\u00e9l\u00e8ves du lyc\u00e9e de Fotokol, dans l&rsquo;extr\u00eame nord du Cameroun, vivent dans la terreur d&rsquo;un sc\u00e9nario \u00e0 la nig\u00e9riane.<br \/>\nAu total, 276 filles ont \u00e9t\u00e9 enlev\u00e9es le 14 avril dans leur lyc\u00e9e du nord-est du Nigeria par le groupe islamiste Boko Haram (&quot;L&rsquo;\u00e9ducation occidentale est un p\u00e9ch\u00e9&quot;), provoquant une immense \u00e9motion dans le monde entier. Aujourd&rsquo;hui, 219 adolescentes restent captives.<br \/>\nLa psychose gagne d\u00e9sormais le Nord-Cameroun frontalier, et en particulier les jeunes filles du lyc\u00e9e de Fotokol, situ\u00e9 \u00e0 quelques centaines de m\u00e8tres seulement de la ville nig\u00e9riane de Gamboru, o\u00f9 les islamistes ont massacr\u00e9 300 personnes d\u00e9but mai, selon des sources locales.<br \/>\n&quot;Au premier trimestre, je suivais bien les cours, mais depuis qu&rsquo;ils ont enlev\u00e9 les filles au Nigeria, je suis perturb\u00e9e&quot;, raconte \u00e0 l&rsquo;AFP Sidonie, 15 ans, une jeune fille de confession chr\u00e9tienne.<br \/>\n&quot;Les id\u00e9es se bousculent dans ma t\u00eate. J&rsquo;en parle avec papa dans l&rsquo;espoir d&rsquo;\u00eatre apais\u00e9e&quot;, explique-t-elle.<br \/>\nA\u00efssatou Iyabete, 19 ans, \u00e9l\u00e8ve en classe de seconde, dit aussi avoir &quot;peur, parce qu&rsquo;ils ont dit qu&rsquo;ils allaient venir \u00e0 Fotokol&quot;.<br \/>\nA l&rsquo;approche de la f\u00eate nationale de la jeunesse, le 20 mai, des rumeurs selon lesquelles les islamistes planifiaient une attaque avaient circul\u00e9 dans la ville, provoquant une panique g\u00e9n\u00e9rale. Mais il ne s&rsquo;est finalement rien pass\u00e9.<br \/>\n&#8211; &quot;d\u00e9truire l&rsquo;avenir des filles&quot; &#8211;<br \/>\nL&rsquo;enl\u00e8vement des lyc\u00e9ennes au Nigeria a cependant boulevers\u00e9 les comportements des coll\u00e9giennes et lyc\u00e9ennes de Fotokol, notamment pour les cours de soutien, suspendus un temps.<br \/>\n&quot;Nous avons attendu deux \u00e0 trois semaines avant de reprendre les cours dans les groupes d&rsquo;\u00e9tude&quot;, souligne Alice Kouvou, lyc\u00e9enne de 20 ans.<br \/>\n&quot;Nous avions peur d&rsquo;\u00eatre kidnapp\u00e9es. Cette peur est toujours l\u00e0&quot;, confie-t-elle.<br \/>\n&quot;Mes parents qui vivent dans une autre ville m&rsquo;ont demand\u00e9 de quitter Fotokol, disant que \u00e7a ne servait \u00e0 rien de perdre sa vie \u00e0 l&rsquo;\u00e9cole&quot;, affirme la jeune fille. Mais elle a choisi de rester malgr\u00e9 tout.<br \/>\nAlice Kouvou craint aussi que le rapt des lyc\u00e9ennes nig\u00e9rianes puisse &quot;radicaliser les parents musulmans&quot;, qui d\u00e9j\u00e0 &quot;n&rsquo;aiment pas envoyer leurs enfants \u00e0 l&rsquo;\u00e9cole&quot;, surtout les filles.<br \/>\nLa r\u00e9gion de Fotokol, o\u00f9 vit une grande majorit\u00e9 de musulmans, fait partie des zones sous-scolaris\u00e9es de l&rsquo;Extr\u00eame-Nord camerounais.<br \/>\nToutes ces lyc\u00e9ennes condamnent les agissements des islamistes arm\u00e9s nig\u00e9rians. Pour Joceline Ada, 15 ans, \u00e9l\u00e8ve en classe de 3e, ce que fait Boko Haram &quot;n&rsquo;est pas bien parce qu&rsquo;ils veulent d\u00e9truire l&rsquo;avenir de ces filles&quot;.<br \/>\n&quot;L&rsquo;\u00e9ducation de la jeune fille est une priorit\u00e9. L&rsquo;acte des islamistes n&rsquo;est pas tol\u00e9rable&quot;, condamne aussi Sidonie Dimissigue. &quot;Ils ont tort de marier les filles et de les islamiser par force&quot;. &quot;Personne n&rsquo;a le droit d&rsquo;imposer une religion \u00e0 une autre personne&quot;, juge-t-elle.<br \/>\nDans une vid\u00e9o, le groupe islamiste, qui a revendiqu\u00e9 ce rapt sans pr\u00e9c\u00e9dent, avait affirm\u00e9 avoir converti \u00e0 l&rsquo;islam les lyc\u00e9ennes et vouloir les marier de force.<br \/>\nQuelque 300 soldats et gendarmes camerounais ont \u00e9t\u00e9 d\u00e9ploy\u00e9s dans la ville ces derniers jours pour lutter contre la menace Boko Haram.<br \/>\nJA<\/p>\n","protected":false},"excerpt":{"rendered":"<p>&quot;J&rsquo;ai trop peur que les Boko Haram arrivent dans notre \u00e9tablissement pour nous kidnapper&quot;: comme Sidonie Dimissigue, des dizaines d&rsquo;\u00e9l\u00e8ves du lyc\u00e9e de Fotokol, dans l&rsquo;extr\u00eame nord du Cameroun, vivent dans la terreur d&rsquo;un sc\u00e9nario \u00e0 la nig\u00e9riane. Au total, 276 filles ont \u00e9t\u00e9 enlev\u00e9es le 14 avril dans leur lyc\u00e9e du nord-est du Nigeria [&hellip;]<\/p>\n","protected":false},"author":12,"featured_media":0,"comment_status":"open","ping_status":"open","sticky":false,"template":"","format":"standard","meta":{"_exactmetrics_skip_tracking":false,"_exactmetrics_sitenote_active":false,"_exactmetrics_sitenote_note":"","_exactmetrics_sitenote_category":0,"tdm_status":"","tdm_grid_status":"","footnotes":""},"categories":[28],"tags":[],"class_list":{"0":"post-16900","1":"post","2":"type-post","3":"status-publish","4":"format-standard","6":"category-archives"},"yoast_head":"<!-- This site is optimized with the Yoast SEO plugin v24.2 - https:\/\/yoast.com\/wordpress\/plugins\/seo\/ -->\n<title>04\/06\/14 Dans le nord du Cameroun, les lyc\u00e9ennes redoutent d&#039;\u00eatre enlev\u00e9es | Guin\u00e9e Diversit\u00e9<\/title>\n<meta name=\"robots\" content=\"index, follow, max-snippet:-1, max-image-preview:large, max-video-preview:-1\" \/>\n<link rel=\"canonical\" href=\"https:\/\/guineediversite.com\/index.php\/2014\/06\/04\/040614-dans-le-nord-du-cameroun-les-lyceennes-redoutent-detre-enlevees\/\" \/>\n<meta property=\"og:locale\" content=\"fr_FR\" \/>\n<meta property=\"og:type\" content=\"article\" \/>\n<meta property=\"og:title\" content=\"04\/06\/14 Dans le nord du Cameroun, les lyc\u00e9ennes redoutent d&#039;\u00eatre enlev\u00e9es | Guin\u00e9e Diversit\u00e9\" \/>\n<meta property=\"og:description\" content=\"&quot;J&rsquo;ai trop peur que les Boko Haram arrivent dans notre \u00e9tablissement pour nous kidnapper&quot;: comme Sidonie Dimissigue, des dizaines d&rsquo;\u00e9l\u00e8ves du lyc\u00e9e de Fotokol, dans l&rsquo;extr\u00eame nord du Cameroun, vivent dans la terreur d&rsquo;un sc\u00e9nario \u00e0 la nig\u00e9riane. Au total, 276 filles ont \u00e9t\u00e9 enlev\u00e9es le 14 avril dans leur lyc\u00e9e du nord-est du Nigeria [&hellip;]\" \/>\n<meta property=\"og:url\" content=\"https:\/\/guineediversite.com\/index.php\/2014\/06\/04\/040614-dans-le-nord-du-cameroun-les-lyceennes-redoutent-detre-enlevees\/\" \/>\n<meta property=\"og:site_name\" content=\"Guin\u00e9e Diversit\u00e9\" \/>\n<meta property=\"article:publisher\" content=\"https:\/\/www.facebook.com\/guineediversite\/\" \/>\n<meta property=\"article:published_time\" content=\"2014-06-03T22:00:00+00:00\" \/>\n<meta name=\"author\" content=\"Guin\u00e9e Diversit\u00e9\" \/>\n<meta name=\"twitter:card\" content=\"summary_large_image\" \/>\n<meta name=\"twitter:creator\" content=\"@GuineeDiversite\" \/>\n<meta name=\"twitter:site\" content=\"@GuineeDiversite\" \/>\n<meta name=\"twitter:label1\" content=\"\u00c9crit par\" \/>\n\t<meta name=\"twitter:data1\" content=\"Guin\u00e9e Diversit\u00e9\" \/>\n\t<meta name=\"twitter:label2\" content=\"Dur\u00e9e de lecture estim\u00e9e\" \/>\n\t<meta name=\"twitter:data2\" content=\"3 minutes\" \/>\n<script type=\"application\/ld+json\" class=\"yoast-schema-graph\">{\"@context\":\"https:\/\/schema.org\",\"@graph\":[{\"@type\":\"Article\",\"@id\":\"https:\/\/guineediversite.com\/index.php\/2014\/06\/04\/040614-dans-le-nord-du-cameroun-les-lyceennes-redoutent-detre-enlevees\/#article\",\"isPartOf\":{\"@id\":\"https:\/\/guineediversite.com\/index.php\/2014\/06\/04\/040614-dans-le-nord-du-cameroun-les-lyceennes-redoutent-detre-enlevees\/\"},\"author\":{\"name\":\"Guin\u00e9e Diversit\u00e9\",\"@id\":\"https:\/\/guineediversite.com\/#\/schema\/person\/afa08fb34e7fc6e1feafc892612bc836\"},\"headline\":\"04\/06\/14 Dans le nord du Cameroun, les lyc\u00e9ennes redoutent d&rsquo;\u00eatre enlev\u00e9es\",\"datePublished\":\"2014-06-03T22:00:00+00:00\",\"dateModified\":\"2014-06-03T22:00:00+00:00\",\"mainEntityOfPage\":{\"@id\":\"https:\/\/guineediversite.com\/index.php\/2014\/06\/04\/040614-dans-le-nord-du-cameroun-les-lyceennes-redoutent-detre-enlevees\/\"},\"wordCount\":611,\"commentCount\":0,\"publisher\":{\"@id\":\"https:\/\/guineediversite.com\/#organization\"},\"articleSection\":[\"Archives\"],\"inLanguage\":\"fr-FR\",\"potentialAction\":[{\"@type\":\"CommentAction\",\"name\":\"Comment\",\"target\":[\"https:\/\/guineediversite.com\/index.php\/2014\/06\/04\/040614-dans-le-nord-du-cameroun-les-lyceennes-redoutent-detre-enlevees\/#respond\"]}]},{\"@type\":\"WebPage\",\"@id\":\"https:\/\/guineediversite.com\/index.php\/2014\/06\/04\/040614-dans-le-nord-du-cameroun-les-lyceennes-redoutent-detre-enlevees\/\",\"url\":\"https:\/\/guineediversite.com\/index.php\/2014\/06\/04\/040614-dans-le-nord-du-cameroun-les-lyceennes-redoutent-detre-enlevees\/\",\"name\":\"04\/06\/14 Dans le nord du Cameroun, les lyc\u00e9ennes redoutent d'\u00eatre enlev\u00e9es | Guin\u00e9e Diversit\u00e9\",\"isPartOf\":{\"@id\":\"https:\/\/guineediversite.com\/#website\"},\"datePublished\":\"2014-06-03T22:00:00+00:00\",\"dateModified\":\"2014-06-03T22:00:00+00:00\",\"breadcrumb\":{\"@id\":\"https:\/\/guineediversite.com\/index.php\/2014\/06\/04\/040614-dans-le-nord-du-cameroun-les-lyceennes-redoutent-detre-enlevees\/#breadcrumb\"},\"inLanguage\":\"fr-FR\",\"potentialAction\":[{\"@type\":\"ReadAction\",\"target\":[\"https:\/\/guineediversite.com\/index.php\/2014\/06\/04\/040614-dans-le-nord-du-cameroun-les-lyceennes-redoutent-detre-enlevees\/\"]}]},{\"@type\":\"BreadcrumbList\",\"@id\":\"https:\/\/guineediversite.com\/index.php\/2014\/06\/04\/040614-dans-le-nord-du-cameroun-les-lyceennes-redoutent-detre-enlevees\/#breadcrumb\",\"itemListElement\":[{\"@type\":\"ListItem\",\"position\":1,\"name\":\"Accueil\",\"item\":\"https:\/\/guineediversite.com\/\"},{\"@type\":\"ListItem\",\"position\":2,\"name\":\"04\/06\/14 Dans le nord du Cameroun, les lyc\u00e9ennes redoutent d&rsquo;\u00eatre enlev\u00e9es\"}]},{\"@type\":\"WebSite\",\"@id\":\"https:\/\/guineediversite.com\/#website\",\"url\":\"https:\/\/guineediversite.com\/\",\"name\":\"Guin\u00e9e Diversit\u00e9\",\"description\":\"L&#039;Info dans toute sa diversit\u00e9\",\"publisher\":{\"@id\":\"https:\/\/guineediversite.com\/#organization\"},\"potentialAction\":[{\"@type\":\"SearchAction\",\"target\":{\"@type\":\"EntryPoint\",\"urlTemplate\":\"https:\/\/guineediversite.com\/?s={search_term_string}\"},\"query-input\":{\"@type\":\"PropertyValueSpecification\",\"valueRequired\":true,\"valueName\":\"search_term_string\"}}],\"inLanguage\":\"fr-FR\"},{\"@type\":\"Organization\",\"@id\":\"https:\/\/guineediversite.com\/#organization\",\"name\":\"Guin\u00e9e Diversit\u00e9\",\"url\":\"https:\/\/guineediversite.com\/\",\"logo\":{\"@type\":\"ImageObject\",\"inLanguage\":\"fr-FR\",\"@id\":\"https:\/\/guineediversite.com\/#\/schema\/logo\/image\/\",\"url\":\"https:\/\/guineediversite.com\/wp-content\/uploads\/2017\/04\/cropped-1jojlxEOMkX9Wyqfhe43D6kjPOGqBBKmx3EwWJqZ0cMrFF54yM49.png\",\"contentUrl\":\"https:\/\/guineediversite.com\/wp-content\/uploads\/2017\/04\/cropped-1jojlxEOMkX9Wyqfhe43D6kjPOGqBBKmx3EwWJqZ0cMrFF54yM49.png\",\"width\":186,\"height\":112,\"caption\":\"Guin\u00e9e Diversit\u00e9\"},\"image\":{\"@id\":\"https:\/\/guineediversite.com\/#\/schema\/logo\/image\/\"},\"sameAs\":[\"https:\/\/www.facebook.com\/guineediversite\/\",\"https:\/\/x.com\/GuineeDiversite\",\"https:\/\/www.youtube.com\/channel\/UC8sUY16qelG5ge6_D5SB83g\"]},{\"@type\":\"Person\",\"@id\":\"https:\/\/guineediversite.com\/#\/schema\/person\/afa08fb34e7fc6e1feafc892612bc836\",\"name\":\"Guin\u00e9e Diversit\u00e9\",\"image\":{\"@type\":\"ImageObject\",\"inLanguage\":\"fr-FR\",\"@id\":\"https:\/\/guineediversite.com\/#\/schema\/person\/image\/\",\"url\":\"https:\/\/secure.gravatar.com\/avatar\/50d5eb5b390f8b65ac30ac6f898eb83a?s=96&d=mm&r=g\",\"contentUrl\":\"https:\/\/secure.gravatar.com\/avatar\/50d5eb5b390f8b65ac30ac6f898eb83a?s=96&d=mm&r=g\",\"caption\":\"Guin\u00e9e Diversit\u00e9\"},\"url\":\"https:\/\/guineediversite.com\/index.php\/author\/guineediversite\/\"}]}<\/script>\n<!-- \/ Yoast SEO plugin. -->","yoast_head_json":{"title":"04\/06\/14 Dans le nord du Cameroun, les lyc\u00e9ennes redoutent d'\u00eatre enlev\u00e9es | Guin\u00e9e Diversit\u00e9","robots":{"index":"index","follow":"follow","max-snippet":"max-snippet:-1","max-image-preview":"max-image-preview:large","max-video-preview":"max-video-preview:-1"},"canonical":"https:\/\/guineediversite.com\/index.php\/2014\/06\/04\/040614-dans-le-nord-du-cameroun-les-lyceennes-redoutent-detre-enlevees\/","og_locale":"fr_FR","og_type":"article","og_title":"04\/06\/14 Dans le nord du Cameroun, les lyc\u00e9ennes redoutent d'\u00eatre enlev\u00e9es | Guin\u00e9e Diversit\u00e9","og_description":"&quot;J&rsquo;ai trop peur que les Boko Haram arrivent dans notre \u00e9tablissement pour nous kidnapper&quot;: comme Sidonie Dimissigue, des dizaines d&rsquo;\u00e9l\u00e8ves du lyc\u00e9e de Fotokol, dans l&rsquo;extr\u00eame nord du Cameroun, vivent dans la terreur d&rsquo;un sc\u00e9nario \u00e0 la nig\u00e9riane. Au total, 276 filles ont \u00e9t\u00e9 enlev\u00e9es le 14 avril dans leur lyc\u00e9e du nord-est du Nigeria [&hellip;]","og_url":"https:\/\/guineediversite.com\/index.php\/2014\/06\/04\/040614-dans-le-nord-du-cameroun-les-lyceennes-redoutent-detre-enlevees\/","og_site_name":"Guin\u00e9e Diversit\u00e9","article_publisher":"https:\/\/www.facebook.com\/guineediversite\/","article_published_time":"2014-06-03T22:00:00+00:00","author":"Guin\u00e9e Diversit\u00e9","twitter_card":"summary_large_image","twitter_creator":"@GuineeDiversite","twitter_site":"@GuineeDiversite","twitter_misc":{"\u00c9crit par":"Guin\u00e9e Diversit\u00e9","Dur\u00e9e de lecture estim\u00e9e":"3 minutes"},"schema":{"@context":"https:\/\/schema.org","@graph":[{"@type":"Article","@id":"https:\/\/guineediversite.com\/index.php\/2014\/06\/04\/040614-dans-le-nord-du-cameroun-les-lyceennes-redoutent-detre-enlevees\/#article","isPartOf":{"@id":"https:\/\/guineediversite.com\/index.php\/2014\/06\/04\/040614-dans-le-nord-du-cameroun-les-lyceennes-redoutent-detre-enlevees\/"},"author":{"name":"Guin\u00e9e Diversit\u00e9","@id":"https:\/\/guineediversite.com\/#\/schema\/person\/afa08fb34e7fc6e1feafc892612bc836"},"headline":"04\/06\/14 Dans le nord du Cameroun, les lyc\u00e9ennes redoutent d&rsquo;\u00eatre enlev\u00e9es","datePublished":"2014-06-03T22:00:00+00:00","dateModified":"2014-06-03T22:00:00+00:00","mainEntityOfPage":{"@id":"https:\/\/guineediversite.com\/index.php\/2014\/06\/04\/040614-dans-le-nord-du-cameroun-les-lyceennes-redoutent-detre-enlevees\/"},"wordCount":611,"commentCount":0,"publisher":{"@id":"https:\/\/guineediversite.com\/#organization"},"articleSection":["Archives"],"inLanguage":"fr-FR","potentialAction":[{"@type":"CommentAction","name":"Comment","target":["https:\/\/guineediversite.com\/index.php\/2014\/06\/04\/040614-dans-le-nord-du-cameroun-les-lyceennes-redoutent-detre-enlevees\/#respond"]}]},{"@type":"WebPage","@id":"https:\/\/guineediversite.com\/index.php\/2014\/06\/04\/040614-dans-le-nord-du-cameroun-les-lyceennes-redoutent-detre-enlevees\/","url":"https:\/\/guineediversite.com\/index.php\/2014\/06\/04\/040614-dans-le-nord-du-cameroun-les-lyceennes-redoutent-detre-enlevees\/","name":"04\/06\/14 Dans le nord du Cameroun, les lyc\u00e9ennes redoutent d'\u00eatre enlev\u00e9es | Guin\u00e9e Diversit\u00e9","isPartOf":{"@id":"https:\/\/guineediversite.com\/#website"},"datePublished":"2014-06-03T22:00:00+00:00","dateModified":"2014-06-03T22:00:00+00:00","breadcrumb":{"@id":"https:\/\/guineediversite.com\/index.php\/2014\/06\/04\/040614-dans-le-nord-du-cameroun-les-lyceennes-redoutent-detre-enlevees\/#breadcrumb"},"inLanguage":"fr-FR","potentialAction":[{"@type":"ReadAction","target":["https:\/\/guineediversite.com\/index.php\/2014\/06\/04\/040614-dans-le-nord-du-cameroun-les-lyceennes-redoutent-detre-enlevees\/"]}]},{"@type":"BreadcrumbList","@id":"https:\/\/guineediversite.com\/index.php\/2014\/06\/04\/040614-dans-le-nord-du-cameroun-les-lyceennes-redoutent-detre-enlevees\/#breadcrumb","itemListElement":[{"@type":"ListItem","position":1,"name":"Accueil","item":"https:\/\/guineediversite.com\/"},{"@type":"ListItem","position":2,"name":"04\/06\/14 Dans le nord du Cameroun, les lyc\u00e9ennes redoutent d&rsquo;\u00eatre enlev\u00e9es"}]},{"@type":"WebSite","@id":"https:\/\/guineediversite.com\/#website","url":"https:\/\/guineediversite.com\/","name":"Guin\u00e9e Diversit\u00e9","description":"L&#039;Info dans toute sa diversit\u00e9","publisher":{"@id":"https:\/\/guineediversite.com\/#organization"},"potentialAction":[{"@type":"SearchAction","target":{"@type":"EntryPoint","urlTemplate":"https:\/\/guineediversite.com\/?s={search_term_string}"},"query-input":{"@type":"PropertyValueSpecification","valueRequired":true,"valueName":"search_term_string"}}],"inLanguage":"fr-FR"},{"@type":"Organization","@id":"https:\/\/guineediversite.com\/#organization","name":"Guin\u00e9e Diversit\u00e9","url":"https:\/\/guineediversite.com\/","logo":{"@type":"ImageObject","inLanguage":"fr-FR","@id":"https:\/\/guineediversite.com\/#\/schema\/logo\/image\/","url":"https:\/\/guineediversite.com\/wp-content\/uploads\/2017\/04\/cropped-1jojlxEOMkX9Wyqfhe43D6kjPOGqBBKmx3EwWJqZ0cMrFF54yM49.png","contentUrl":"https:\/\/guineediversite.com\/wp-content\/uploads\/2017\/04\/cropped-1jojlxEOMkX9Wyqfhe43D6kjPOGqBBKmx3EwWJqZ0cMrFF54yM49.png","width":186,"height":112,"caption":"Guin\u00e9e Diversit\u00e9"},"image":{"@id":"https:\/\/guineediversite.com\/#\/schema\/logo\/image\/"},"sameAs":["https:\/\/www.facebook.com\/guineediversite\/","https:\/\/x.com\/GuineeDiversite","https:\/\/www.youtube.com\/channel\/UC8sUY16qelG5ge6_D5SB83g"]},{"@type":"Person","@id":"https:\/\/guineediversite.com\/#\/schema\/person\/afa08fb34e7fc6e1feafc892612bc836","name":"Guin\u00e9e Diversit\u00e9","image":{"@type":"ImageObject","inLanguage":"fr-FR","@id":"https:\/\/guineediversite.com\/#\/schema\/person\/image\/","url":"https:\/\/secure.gravatar.com\/avatar\/50d5eb5b390f8b65ac30ac6f898eb83a?s=96&d=mm&r=g","contentUrl":"https:\/\/secure.gravatar.com\/avatar\/50d5eb5b390f8b65ac30ac6f898eb83a?s=96&d=mm&r=g","caption":"Guin\u00e9e Diversit\u00e9"},"url":"https:\/\/guineediversite.com\/index.php\/author\/guineediversite\/"}]}},"_links":{"self":[{"href":"https:\/\/guineediversite.com\/index.php\/wp-json\/wp\/v2\/posts\/16900"}],"collection":[{"href":"https:\/\/guineediversite.com\/index.php\/wp-json\/wp\/v2\/posts"}],"about":[{"href":"https:\/\/guineediversite.com\/index.php\/wp-json\/wp\/v2\/types\/post"}],"author":[{"embeddable":true,"href":"https:\/\/guineediversite.com\/index.php\/wp-json\/wp\/v2\/users\/12"}],"replies":[{"embeddable":true,"href":"https:\/\/guineediversite.com\/index.php\/wp-json\/wp\/v2\/comments?post=16900"}],"version-history":[{"count":0,"href":"https:\/\/guineediversite.com\/index.php\/wp-json\/wp\/v2\/posts\/16900\/revisions"}],"wp:attachment":[{"href":"https:\/\/guineediversite.com\/index.php\/wp-json\/wp\/v2\/media?parent=16900"}],"wp:term":[{"taxonomy":"category","embeddable":true,"href":"https:\/\/guineediversite.com\/index.php\/wp-json\/wp\/v2\/categories?post=16900"},{"taxonomy":"post_tag","embeddable":true,"href":"https:\/\/guineediversite.com\/index.php\/wp-json\/wp\/v2\/tags?post=16900"}],"curies":[{"name":"wp","href":"https:\/\/api.w.org\/{rel}","templated":true}]}}