{"id":16894,"date":"2014-06-02T00:00:00","date_gmt":"2014-06-01T22:00:00","guid":{"rendered":"https:\/\/www.guineediversite.com\/index.php\/2014\/06\/02\/020614guinee-le-president-alpha-conde-inaugure-la-station-datterrissement-du-cable-sous-marin-ace\/"},"modified":"2014-06-02T00:00:00","modified_gmt":"2014-06-01T22:00:00","slug":"020614guinee-le-president-alpha-conde-inaugure-la-station-datterrissement-du-cable-sous-marin-ace","status":"publish","type":"post","link":"https:\/\/guineediversite.com\/index.php\/2014\/06\/02\/020614guinee-le-president-alpha-conde-inaugure-la-station-datterrissement-du-cable-sous-marin-ace\/","title":{"rendered":"02\/06\/14\nGuin\u00e9e : le Pr\u00e9sident Alpha Cond\u00e9 inaugure la station d\u2019atterrissement du c\u00e2ble sous marin ACE"},"content":{"rendered":"<p>Le Pr\u00e9sident guin\u00e9en Alpha Cond\u00e9 a inaugur\u00e9 ce lundi la station d\u2019atterrissement du c\u00e2ble sous marin ACE, situ\u00e9 \u00e0 Kip\u00e9 dans la commune de Ratoma.<br \/>\nLa c\u00e9r\u00e9monie \u00e0 regroup\u00e9 les membres du gouvernement, quelques pr\u00e9sidents des institutions r\u00e9publicaines et les op\u00e9rateurs de t\u00e9l\u00e9communications. L\u2019inauguration de cette station d\u2019atterrissement de la fibre optique permet ainsi \u00e0 la Guin\u00e9e de se connecter sur l\u2019auto route mondiale des t\u00e9l\u00e9communications \u00e0 haut d\u00e9bit et \u00e0 moindre co\u00fbt.<br \/>\nLa gestion des capacit\u00e9s  allou\u00e9es et la maintenance des infrastructures de t\u00e9l\u00e9communications li\u00e9s au syst\u00e8me de c\u00e2ble sous marin en Guin\u00e9e, est assur\u00e9e par la Guin\u00e9enne de Large Bande (Guilab). Une soci\u00e9t\u00e9 anonyme n\u00e9e du partenariat publique-priv\u00e9e entre l\u2019Etat guin\u00e9en et les op\u00e9rateurs de t\u00e9l\u00e9communications.<br \/>\n Pour son Directeur G\u00e9n\u00e9ral, Mohamed Diallo,  la mission de la Guilab est de mettre \u00e0 la disposition des op\u00e9rateurs des t\u00e9l\u00e9communications des infrastructures et des services de large bande n\u00e9cessaire pour assurer \u00e0 l\u2019ensemble des utilisateurs une connectivit\u00e9 de qualit\u00e9 et garantir par l\u2019impacte positives des NTIC, un d\u00e9veloppement social durable pour l\u2019ensemble du pays.<br \/>\nLe ministre d\u2019Etat des postes, des t\u00e9l\u00e9communications et des NTIC a pour sa par d\u00e9clar\u00e9 que l\u2019inauguration de cette station d\u2019atterrissement est un \u00e9v\u00e8nement historique pour la Guin\u00e9e. Cependant, Oy\u00e9 Guilavogui reconnait tout de m\u00eame que la Guin\u00e9e ne s\u2019arr\u00eate pas \u00e0 Conakry. C\u2019est pourquoi selon lui, le d\u00e9ploiement de la fibre optique \u00e0 l\u2019int\u00e9rieur du pays \u00e0 travers 4 milles km constitue le principal d\u00e9fit de son gouvernement dans les prochains jours.<br \/>\nPr\u00e9sident la c\u00e9r\u00e9monie inaugurale, le Chef de l\u2019Etat guin\u00e9en s\u2019est f\u00e9licit\u00e9 de l\u2019atteinte de cet objectif qui, selon lui, a non seulement un caract\u00e8re social mais aussi, une vocation \u00e9conomique de grande port\u00e9e. Alpha Cond\u00e9 a \u00e9galement insist\u00e9 sur la n\u00e9cessit\u00e9 de d\u00e9ployer la fibre optique \u00e0 l\u2019int\u00e9rieur du pays. Pour lui, les citoyens des zones rurales, enclav\u00e9s doivent b\u00e9n\u00e9ficier des m\u00eames avantages que ceux de Conakry et des grandes r\u00e9gions.<br \/>\nIl est \u00e0 noter que l\u2019Etat guin\u00e9en d\u00e9tient 52, 55% des actions de Guilab. Le reste se divise entre les soci\u00e9t\u00e9s Orange-Guin\u00e9e (26,25%), Areeba-MTN Guin\u00e9e (7,2%), ETI-SA (5,09%), Cellcom- Guin\u00e9e (2,55%), Mouna Group Technology (2,55%), Intercel-Guin\u00e9e (1,27%), Skyvision Guin\u00e9e (1,27%) et VDC Telecom (1,27%).<br \/>\nCe c\u00e2ble sous marin \u00e0 fibre optique long de 17 milles Km, relie 17 pays dont la Guin\u00e9e \u00e0 l\u2019Europe.<br \/>\nBah Kour\u00e9<\/p>\n","protected":false},"excerpt":{"rendered":"<p>Le Pr\u00e9sident guin\u00e9en Alpha Cond\u00e9 a inaugur\u00e9 ce lundi la station d\u2019atterrissement du c\u00e2ble sous marin ACE, situ\u00e9 \u00e0 Kip\u00e9 dans la commune de Ratoma. La c\u00e9r\u00e9monie \u00e0 regroup\u00e9 les membres du gouvernement, quelques pr\u00e9sidents des institutions r\u00e9publicaines et les op\u00e9rateurs de t\u00e9l\u00e9communications. L\u2019inauguration de cette station d\u2019atterrissement de la fibre optique permet ainsi \u00e0 [&hellip;]<\/p>\n","protected":false},"author":12,"featured_media":0,"comment_status":"open","ping_status":"open","sticky":false,"template":"","format":"standard","meta":{"_exactmetrics_skip_tracking":false,"_exactmetrics_sitenote_active":false,"_exactmetrics_sitenote_note":"","_exactmetrics_sitenote_category":0,"tdm_status":"","tdm_grid_status":"","footnotes":""},"categories":[28],"tags":[],"class_list":{"0":"post-16894","1":"post","2":"type-post","3":"status-publish","4":"format-standard","6":"category-archives"},"yoast_head":"<!-- This site is optimized with the Yoast SEO plugin v24.2 - https:\/\/yoast.com\/wordpress\/plugins\/seo\/ -->\n<title>02\/06\/14 Guin\u00e9e : le Pr\u00e9sident Alpha Cond\u00e9 inaugure la station d\u2019atterrissement du c\u00e2ble sous marin ACE | Guin\u00e9e Diversit\u00e9<\/title>\n<meta name=\"robots\" content=\"index, follow, max-snippet:-1, max-image-preview:large, max-video-preview:-1\" \/>\n<link rel=\"canonical\" href=\"https:\/\/guineediversite.com\/index.php\/2014\/06\/02\/020614guinee-le-president-alpha-conde-inaugure-la-station-datterrissement-du-cable-sous-marin-ace\/\" \/>\n<meta property=\"og:locale\" content=\"fr_FR\" \/>\n<meta property=\"og:type\" content=\"article\" \/>\n<meta property=\"og:title\" content=\"02\/06\/14 Guin\u00e9e : le Pr\u00e9sident Alpha Cond\u00e9 inaugure la station d\u2019atterrissement du c\u00e2ble sous marin ACE | Guin\u00e9e Diversit\u00e9\" \/>\n<meta property=\"og:description\" content=\"Le Pr\u00e9sident guin\u00e9en Alpha Cond\u00e9 a inaugur\u00e9 ce lundi la station d\u2019atterrissement du c\u00e2ble sous marin ACE, situ\u00e9 \u00e0 Kip\u00e9 dans la commune de Ratoma. La c\u00e9r\u00e9monie \u00e0 regroup\u00e9 les membres du gouvernement, quelques pr\u00e9sidents des institutions r\u00e9publicaines et les op\u00e9rateurs de t\u00e9l\u00e9communications. L\u2019inauguration de cette station d\u2019atterrissement de la fibre optique permet ainsi \u00e0 [&hellip;]\" \/>\n<meta property=\"og:url\" content=\"https:\/\/guineediversite.com\/index.php\/2014\/06\/02\/020614guinee-le-president-alpha-conde-inaugure-la-station-datterrissement-du-cable-sous-marin-ace\/\" \/>\n<meta property=\"og:site_name\" content=\"Guin\u00e9e Diversit\u00e9\" \/>\n<meta property=\"article:publisher\" content=\"https:\/\/www.facebook.com\/guineediversite\/\" \/>\n<meta property=\"article:published_time\" content=\"2014-06-01T22:00:00+00:00\" \/>\n<meta name=\"author\" content=\"Guin\u00e9e Diversit\u00e9\" \/>\n<meta name=\"twitter:card\" content=\"summary_large_image\" \/>\n<meta name=\"twitter:creator\" content=\"@GuineeDiversite\" \/>\n<meta name=\"twitter:site\" content=\"@GuineeDiversite\" \/>\n<meta name=\"twitter:label1\" content=\"\u00c9crit par\" \/>\n\t<meta name=\"twitter:data1\" content=\"Guin\u00e9e Diversit\u00e9\" \/>\n\t<meta name=\"twitter:label2\" content=\"Dur\u00e9e de lecture estim\u00e9e\" \/>\n\t<meta name=\"twitter:data2\" content=\"2 minutes\" \/>\n<script type=\"application\/ld+json\" class=\"yoast-schema-graph\">{\"@context\":\"https:\/\/schema.org\",\"@graph\":[{\"@type\":\"Article\",\"@id\":\"https:\/\/guineediversite.com\/index.php\/2014\/06\/02\/020614guinee-le-president-alpha-conde-inaugure-la-station-datterrissement-du-cable-sous-marin-ace\/#article\",\"isPartOf\":{\"@id\":\"https:\/\/guineediversite.com\/index.php\/2014\/06\/02\/020614guinee-le-president-alpha-conde-inaugure-la-station-datterrissement-du-cable-sous-marin-ace\/\"},\"author\":{\"name\":\"Guin\u00e9e Diversit\u00e9\",\"@id\":\"https:\/\/guineediversite.com\/#\/schema\/person\/afa08fb34e7fc6e1feafc892612bc836\"},\"headline\":\"02\/06\/14 Guin\u00e9e : le Pr\u00e9sident Alpha Cond\u00e9 inaugure la station d\u2019atterrissement du c\u00e2ble sous marin ACE\",\"datePublished\":\"2014-06-01T22:00:00+00:00\",\"dateModified\":\"2014-06-01T22:00:00+00:00\",\"mainEntityOfPage\":{\"@id\":\"https:\/\/guineediversite.com\/index.php\/2014\/06\/02\/020614guinee-le-president-alpha-conde-inaugure-la-station-datterrissement-du-cable-sous-marin-ace\/\"},\"wordCount\":470,\"commentCount\":0,\"publisher\":{\"@id\":\"https:\/\/guineediversite.com\/#organization\"},\"articleSection\":[\"Archives\"],\"inLanguage\":\"fr-FR\",\"potentialAction\":[{\"@type\":\"CommentAction\",\"name\":\"Comment\",\"target\":[\"https:\/\/guineediversite.com\/index.php\/2014\/06\/02\/020614guinee-le-president-alpha-conde-inaugure-la-station-datterrissement-du-cable-sous-marin-ace\/#respond\"]}]},{\"@type\":\"WebPage\",\"@id\":\"https:\/\/guineediversite.com\/index.php\/2014\/06\/02\/020614guinee-le-president-alpha-conde-inaugure-la-station-datterrissement-du-cable-sous-marin-ace\/\",\"url\":\"https:\/\/guineediversite.com\/index.php\/2014\/06\/02\/020614guinee-le-president-alpha-conde-inaugure-la-station-datterrissement-du-cable-sous-marin-ace\/\",\"name\":\"02\/06\/14 Guin\u00e9e : le Pr\u00e9sident Alpha Cond\u00e9 inaugure la station d\u2019atterrissement du c\u00e2ble sous marin ACE | Guin\u00e9e Diversit\u00e9\",\"isPartOf\":{\"@id\":\"https:\/\/guineediversite.com\/#website\"},\"datePublished\":\"2014-06-01T22:00:00+00:00\",\"dateModified\":\"2014-06-01T22:00:00+00:00\",\"breadcrumb\":{\"@id\":\"https:\/\/guineediversite.com\/index.php\/2014\/06\/02\/020614guinee-le-president-alpha-conde-inaugure-la-station-datterrissement-du-cable-sous-marin-ace\/#breadcrumb\"},\"inLanguage\":\"fr-FR\",\"potentialAction\":[{\"@type\":\"ReadAction\",\"target\":[\"https:\/\/guineediversite.com\/index.php\/2014\/06\/02\/020614guinee-le-president-alpha-conde-inaugure-la-station-datterrissement-du-cable-sous-marin-ace\/\"]}]},{\"@type\":\"BreadcrumbList\",\"@id\":\"https:\/\/guineediversite.com\/index.php\/2014\/06\/02\/020614guinee-le-president-alpha-conde-inaugure-la-station-datterrissement-du-cable-sous-marin-ace\/#breadcrumb\",\"itemListElement\":[{\"@type\":\"ListItem\",\"position\":1,\"name\":\"Accueil\",\"item\":\"https:\/\/guineediversite.com\/\"},{\"@type\":\"ListItem\",\"position\":2,\"name\":\"02\/06\/14 Guin\u00e9e : le Pr\u00e9sident Alpha Cond\u00e9 inaugure la station d\u2019atterrissement du c\u00e2ble sous marin ACE\"}]},{\"@type\":\"WebSite\",\"@id\":\"https:\/\/guineediversite.com\/#website\",\"url\":\"https:\/\/guineediversite.com\/\",\"name\":\"Guin\u00e9e Diversit\u00e9\",\"description\":\"L&#039;Info dans toute sa diversit\u00e9\",\"publisher\":{\"@id\":\"https:\/\/guineediversite.com\/#organization\"},\"potentialAction\":[{\"@type\":\"SearchAction\",\"target\":{\"@type\":\"EntryPoint\",\"urlTemplate\":\"https:\/\/guineediversite.com\/?s={search_term_string}\"},\"query-input\":{\"@type\":\"PropertyValueSpecification\",\"valueRequired\":true,\"valueName\":\"search_term_string\"}}],\"inLanguage\":\"fr-FR\"},{\"@type\":\"Organization\",\"@id\":\"https:\/\/guineediversite.com\/#organization\",\"name\":\"Guin\u00e9e Diversit\u00e9\",\"url\":\"https:\/\/guineediversite.com\/\",\"logo\":{\"@type\":\"ImageObject\",\"inLanguage\":\"fr-FR\",\"@id\":\"https:\/\/guineediversite.com\/#\/schema\/logo\/image\/\",\"url\":\"https:\/\/guineediversite.com\/wp-content\/uploads\/2017\/04\/cropped-1jojlxEOMkX9Wyqfhe43D6kjPOGqBBKmx3EwWJqZ0cMrFF54yM49.png\",\"contentUrl\":\"https:\/\/guineediversite.com\/wp-content\/uploads\/2017\/04\/cropped-1jojlxEOMkX9Wyqfhe43D6kjPOGqBBKmx3EwWJqZ0cMrFF54yM49.png\",\"width\":186,\"height\":112,\"caption\":\"Guin\u00e9e Diversit\u00e9\"},\"image\":{\"@id\":\"https:\/\/guineediversite.com\/#\/schema\/logo\/image\/\"},\"sameAs\":[\"https:\/\/www.facebook.com\/guineediversite\/\",\"https:\/\/x.com\/GuineeDiversite\",\"https:\/\/www.youtube.com\/channel\/UC8sUY16qelG5ge6_D5SB83g\"]},{\"@type\":\"Person\",\"@id\":\"https:\/\/guineediversite.com\/#\/schema\/person\/afa08fb34e7fc6e1feafc892612bc836\",\"name\":\"Guin\u00e9e Diversit\u00e9\",\"image\":{\"@type\":\"ImageObject\",\"inLanguage\":\"fr-FR\",\"@id\":\"https:\/\/guineediversite.com\/#\/schema\/person\/image\/\",\"url\":\"https:\/\/secure.gravatar.com\/avatar\/50d5eb5b390f8b65ac30ac6f898eb83a?s=96&d=mm&r=g\",\"contentUrl\":\"https:\/\/secure.gravatar.com\/avatar\/50d5eb5b390f8b65ac30ac6f898eb83a?s=96&d=mm&r=g\",\"caption\":\"Guin\u00e9e Diversit\u00e9\"},\"url\":\"https:\/\/guineediversite.com\/index.php\/author\/guineediversite\/\"}]}<\/script>\n<!-- \/ Yoast SEO plugin. -->","yoast_head_json":{"title":"02\/06\/14 Guin\u00e9e : le Pr\u00e9sident Alpha Cond\u00e9 inaugure la station d\u2019atterrissement du c\u00e2ble sous marin ACE | Guin\u00e9e Diversit\u00e9","robots":{"index":"index","follow":"follow","max-snippet":"max-snippet:-1","max-image-preview":"max-image-preview:large","max-video-preview":"max-video-preview:-1"},"canonical":"https:\/\/guineediversite.com\/index.php\/2014\/06\/02\/020614guinee-le-president-alpha-conde-inaugure-la-station-datterrissement-du-cable-sous-marin-ace\/","og_locale":"fr_FR","og_type":"article","og_title":"02\/06\/14 Guin\u00e9e : le Pr\u00e9sident Alpha Cond\u00e9 inaugure la station d\u2019atterrissement du c\u00e2ble sous marin ACE | Guin\u00e9e Diversit\u00e9","og_description":"Le Pr\u00e9sident guin\u00e9en Alpha Cond\u00e9 a inaugur\u00e9 ce lundi la station d\u2019atterrissement du c\u00e2ble sous marin ACE, situ\u00e9 \u00e0 Kip\u00e9 dans la commune de Ratoma. La c\u00e9r\u00e9monie \u00e0 regroup\u00e9 les membres du gouvernement, quelques pr\u00e9sidents des institutions r\u00e9publicaines et les op\u00e9rateurs de t\u00e9l\u00e9communications. L\u2019inauguration de cette station d\u2019atterrissement de la fibre optique permet ainsi \u00e0 [&hellip;]","og_url":"https:\/\/guineediversite.com\/index.php\/2014\/06\/02\/020614guinee-le-president-alpha-conde-inaugure-la-station-datterrissement-du-cable-sous-marin-ace\/","og_site_name":"Guin\u00e9e Diversit\u00e9","article_publisher":"https:\/\/www.facebook.com\/guineediversite\/","article_published_time":"2014-06-01T22:00:00+00:00","author":"Guin\u00e9e Diversit\u00e9","twitter_card":"summary_large_image","twitter_creator":"@GuineeDiversite","twitter_site":"@GuineeDiversite","twitter_misc":{"\u00c9crit par":"Guin\u00e9e Diversit\u00e9","Dur\u00e9e de lecture estim\u00e9e":"2 minutes"},"schema":{"@context":"https:\/\/schema.org","@graph":[{"@type":"Article","@id":"https:\/\/guineediversite.com\/index.php\/2014\/06\/02\/020614guinee-le-president-alpha-conde-inaugure-la-station-datterrissement-du-cable-sous-marin-ace\/#article","isPartOf":{"@id":"https:\/\/guineediversite.com\/index.php\/2014\/06\/02\/020614guinee-le-president-alpha-conde-inaugure-la-station-datterrissement-du-cable-sous-marin-ace\/"},"author":{"name":"Guin\u00e9e Diversit\u00e9","@id":"https:\/\/guineediversite.com\/#\/schema\/person\/afa08fb34e7fc6e1feafc892612bc836"},"headline":"02\/06\/14 Guin\u00e9e : le Pr\u00e9sident Alpha Cond\u00e9 inaugure la station d\u2019atterrissement du c\u00e2ble sous marin ACE","datePublished":"2014-06-01T22:00:00+00:00","dateModified":"2014-06-01T22:00:00+00:00","mainEntityOfPage":{"@id":"https:\/\/guineediversite.com\/index.php\/2014\/06\/02\/020614guinee-le-president-alpha-conde-inaugure-la-station-datterrissement-du-cable-sous-marin-ace\/"},"wordCount":470,"commentCount":0,"publisher":{"@id":"https:\/\/guineediversite.com\/#organization"},"articleSection":["Archives"],"inLanguage":"fr-FR","potentialAction":[{"@type":"CommentAction","name":"Comment","target":["https:\/\/guineediversite.com\/index.php\/2014\/06\/02\/020614guinee-le-president-alpha-conde-inaugure-la-station-datterrissement-du-cable-sous-marin-ace\/#respond"]}]},{"@type":"WebPage","@id":"https:\/\/guineediversite.com\/index.php\/2014\/06\/02\/020614guinee-le-president-alpha-conde-inaugure-la-station-datterrissement-du-cable-sous-marin-ace\/","url":"https:\/\/guineediversite.com\/index.php\/2014\/06\/02\/020614guinee-le-president-alpha-conde-inaugure-la-station-datterrissement-du-cable-sous-marin-ace\/","name":"02\/06\/14 Guin\u00e9e : le Pr\u00e9sident Alpha Cond\u00e9 inaugure la station d\u2019atterrissement du c\u00e2ble sous marin ACE | Guin\u00e9e Diversit\u00e9","isPartOf":{"@id":"https:\/\/guineediversite.com\/#website"},"datePublished":"2014-06-01T22:00:00+00:00","dateModified":"2014-06-01T22:00:00+00:00","breadcrumb":{"@id":"https:\/\/guineediversite.com\/index.php\/2014\/06\/02\/020614guinee-le-president-alpha-conde-inaugure-la-station-datterrissement-du-cable-sous-marin-ace\/#breadcrumb"},"inLanguage":"fr-FR","potentialAction":[{"@type":"ReadAction","target":["https:\/\/guineediversite.com\/index.php\/2014\/06\/02\/020614guinee-le-president-alpha-conde-inaugure-la-station-datterrissement-du-cable-sous-marin-ace\/"]}]},{"@type":"BreadcrumbList","@id":"https:\/\/guineediversite.com\/index.php\/2014\/06\/02\/020614guinee-le-president-alpha-conde-inaugure-la-station-datterrissement-du-cable-sous-marin-ace\/#breadcrumb","itemListElement":[{"@type":"ListItem","position":1,"name":"Accueil","item":"https:\/\/guineediversite.com\/"},{"@type":"ListItem","position":2,"name":"02\/06\/14 Guin\u00e9e : le Pr\u00e9sident Alpha Cond\u00e9 inaugure la station d\u2019atterrissement du c\u00e2ble sous marin ACE"}]},{"@type":"WebSite","@id":"https:\/\/guineediversite.com\/#website","url":"https:\/\/guineediversite.com\/","name":"Guin\u00e9e Diversit\u00e9","description":"L&#039;Info dans toute sa diversit\u00e9","publisher":{"@id":"https:\/\/guineediversite.com\/#organization"},"potentialAction":[{"@type":"SearchAction","target":{"@type":"EntryPoint","urlTemplate":"https:\/\/guineediversite.com\/?s={search_term_string}"},"query-input":{"@type":"PropertyValueSpecification","valueRequired":true,"valueName":"search_term_string"}}],"inLanguage":"fr-FR"},{"@type":"Organization","@id":"https:\/\/guineediversite.com\/#organization","name":"Guin\u00e9e Diversit\u00e9","url":"https:\/\/guineediversite.com\/","logo":{"@type":"ImageObject","inLanguage":"fr-FR","@id":"https:\/\/guineediversite.com\/#\/schema\/logo\/image\/","url":"https:\/\/guineediversite.com\/wp-content\/uploads\/2017\/04\/cropped-1jojlxEOMkX9Wyqfhe43D6kjPOGqBBKmx3EwWJqZ0cMrFF54yM49.png","contentUrl":"https:\/\/guineediversite.com\/wp-content\/uploads\/2017\/04\/cropped-1jojlxEOMkX9Wyqfhe43D6kjPOGqBBKmx3EwWJqZ0cMrFF54yM49.png","width":186,"height":112,"caption":"Guin\u00e9e Diversit\u00e9"},"image":{"@id":"https:\/\/guineediversite.com\/#\/schema\/logo\/image\/"},"sameAs":["https:\/\/www.facebook.com\/guineediversite\/","https:\/\/x.com\/GuineeDiversite","https:\/\/www.youtube.com\/channel\/UC8sUY16qelG5ge6_D5SB83g"]},{"@type":"Person","@id":"https:\/\/guineediversite.com\/#\/schema\/person\/afa08fb34e7fc6e1feafc892612bc836","name":"Guin\u00e9e Diversit\u00e9","image":{"@type":"ImageObject","inLanguage":"fr-FR","@id":"https:\/\/guineediversite.com\/#\/schema\/person\/image\/","url":"https:\/\/secure.gravatar.com\/avatar\/50d5eb5b390f8b65ac30ac6f898eb83a?s=96&d=mm&r=g","contentUrl":"https:\/\/secure.gravatar.com\/avatar\/50d5eb5b390f8b65ac30ac6f898eb83a?s=96&d=mm&r=g","caption":"Guin\u00e9e Diversit\u00e9"},"url":"https:\/\/guineediversite.com\/index.php\/author\/guineediversite\/"}]}},"_links":{"self":[{"href":"https:\/\/guineediversite.com\/index.php\/wp-json\/wp\/v2\/posts\/16894"}],"collection":[{"href":"https:\/\/guineediversite.com\/index.php\/wp-json\/wp\/v2\/posts"}],"about":[{"href":"https:\/\/guineediversite.com\/index.php\/wp-json\/wp\/v2\/types\/post"}],"author":[{"embeddable":true,"href":"https:\/\/guineediversite.com\/index.php\/wp-json\/wp\/v2\/users\/12"}],"replies":[{"embeddable":true,"href":"https:\/\/guineediversite.com\/index.php\/wp-json\/wp\/v2\/comments?post=16894"}],"version-history":[{"count":0,"href":"https:\/\/guineediversite.com\/index.php\/wp-json\/wp\/v2\/posts\/16894\/revisions"}],"wp:attachment":[{"href":"https:\/\/guineediversite.com\/index.php\/wp-json\/wp\/v2\/media?parent=16894"}],"wp:term":[{"taxonomy":"category","embeddable":true,"href":"https:\/\/guineediversite.com\/index.php\/wp-json\/wp\/v2\/categories?post=16894"},{"taxonomy":"post_tag","embeddable":true,"href":"https:\/\/guineediversite.com\/index.php\/wp-json\/wp\/v2\/tags?post=16894"}],"curies":[{"name":"wp","href":"https:\/\/api.w.org\/{rel}","templated":true}]}}