{"id":16890,"date":"2014-06-01T00:00:00","date_gmt":"2014-05-31T22:00:00","guid":{"rendered":"https:\/\/www.guineediversite.com\/index.php\/2014\/06\/01\/010614politique-les-coulisses-du-sejour-du-professeur-alpha-conde-en-afrique-du-sud\/"},"modified":"2014-06-01T00:00:00","modified_gmt":"2014-05-31T22:00:00","slug":"010614politique-les-coulisses-du-sejour-du-professeur-alpha-conde-en-afrique-du-sud","status":"publish","type":"post","link":"https:\/\/guineediversite.com\/index.php\/2014\/06\/01\/010614politique-les-coulisses-du-sejour-du-professeur-alpha-conde-en-afrique-du-sud\/","title":{"rendered":"01\/06\/14\nPOLITIQUE: LES COULISSES DU S\u00c9JOUR DU PROFESSEUR ALPHA COND\u00c9 EN AFRIQUE DU SUD"},"content":{"rendered":"<p>A la faveur de son r\u00e9cent voyage en Afrique du Sud, \u00e0 l&rsquo;effet d&rsquo;assister \u00e0 l&rsquo;investiture de son homologue Jacob Zuma, le num\u00e9ro un guin\u00e9en a mis \u00e0 profit son s\u00e9jour au pays de Nelson Mandela pour prendre des contacts de haut niveau, mais \u00e9galement avec une kyrielle d&rsquo;hommes d&rsquo;affaires et de responsables de soci\u00e9t\u00e9s.<\/p>\n<p>C&rsquo;est justement dans cette lanc\u00e9e, rapportent nos sources, que le cas de l&rsquo;op\u00e9rateur de saisie Waymark aurait \u00e9t\u00e9 largement d\u00e9battu par le Professeur Alpha Cond\u00e9 et plusieurs de ses interlocuteurs.<\/p>\n<p>Nombreux sont actuellement les Guin\u00e9ens qui se posent la question de savoir si oui ou non l&rsquo;\u00e9lection pr\u00e9sidentielle constitutionnellement pr\u00e9vue en juin 2015 aura effectivement lieu, tant la strat\u00e9gie du Professeur Alpha Cond\u00e9 en mati\u00e8re \u00e9lectorale consiste \u00e0 jouer aux prolongations, histoire de s&rsquo;assurer vaille que vaille la victoire. <\/p>\n<p>Seulement, voil\u00e0 que pour la pr\u00e9sidentielle de 2015, des observateurs non moins avertis estiment que toutes les trois options qui s&rsquo;offrent au Professeur-pr\u00e9sident militeraient en sa d\u00e9faveur: organiser des \u00e9lections libres et transparentes pour sortir par la grande porte, ne pas organiser les \u00e9lections (en signant par ricochet une perte de toute l\u00e9gitimit\u00e9 avec ses corollaires internes, non sans se faire l\u00e2cher par la Communaut\u00e9 Internationale) ou alors proc\u00e9der carr\u00e9ment \u00e0 un hold-up \u00e9lectoral. <\/p>\n<p>Si la premi\u00e8re alternative doit \u00eatre totalement \u00e9cart\u00e9e, d&rsquo;autant que le Professeur Alpha Cond\u00e9 qui tient mordicus \u00e0 s&rsquo;accrocher au pouvoir n&rsquo;y trouvera gu\u00e8re son compte, les deux derni\u00e8res pourraient, \u00e9galement, sonner le glas de son r\u00e9gime, en raison bien-entendu des risques de remous qui s&rsquo;apparentent \u00e0 celles-ci, au point d&rsquo;en venir \u00e0 une autre transition.<\/p>\n<p>A en croire nos sources c&rsquo;est pourtant la derni\u00e8re option &#8211; frauder &#8211; qui serait en pr\u00e9paration par le Professeur Alpha Cond\u00e9 qui, bien qu&rsquo;\u00e9tant favorable au recrutement d&rsquo;un op\u00e9rateur de saisie par voie d&rsquo;appel d&rsquo;offre international, tiendrait \u00e0 maintenir Waymark et l&rsquo;actuel fichier \u00e9lectoral. Pour ce faire, il aurait sollicit\u00e9 de certains de ses interlocuteurs sud-africains, pas des moindres, l&rsquo;assistance et le soutien n\u00e9cessaires allant dans le sens du renforcement des capacit\u00e9s institutionnelles et techniques de l&rsquo;op\u00e9rateur controvers\u00e9 Waymark, \u00e0 l&rsquo;effet de garantir \u00e0 celui-ci la faveur du march\u00e9 portant sur l&rsquo;organisation de l&rsquo;\u00e9lection pr\u00e9sidentielle en Guin\u00e9e, sans que la Communaut\u00e9 Internationale et l&rsquo;opposition n&rsquo;y trouvent \u00e0 redire. A ce jour, cette machine de fraude \u00e0 grande \u00e9chelle serait en train d&rsquo;\u00eatre mise en place, au grand dam de l&rsquo;opposition et de la population guin\u00e9enne. Advienne que pourra! Attendons de voir.<\/p>\n<p>Mandian SIDIBE, Correspondant de www.kababachir.com \u00e0 Dakar<\/p>\n","protected":false},"excerpt":{"rendered":"<p>A la faveur de son r\u00e9cent voyage en Afrique du Sud, \u00e0 l&rsquo;effet d&rsquo;assister \u00e0 l&rsquo;investiture de son homologue Jacob Zuma, le num\u00e9ro un guin\u00e9en a mis \u00e0 profit son s\u00e9jour au pays de Nelson Mandela pour prendre des contacts de haut niveau, mais \u00e9galement avec une kyrielle d&rsquo;hommes d&rsquo;affaires et de responsables de soci\u00e9t\u00e9s. [&hellip;]<\/p>\n","protected":false},"author":12,"featured_media":0,"comment_status":"open","ping_status":"open","sticky":false,"template":"","format":"standard","meta":{"_exactmetrics_skip_tracking":false,"_exactmetrics_sitenote_active":false,"_exactmetrics_sitenote_note":"","_exactmetrics_sitenote_category":0,"tdm_status":"","tdm_grid_status":"","footnotes":""},"categories":[28],"tags":[],"class_list":{"0":"post-16890","1":"post","2":"type-post","3":"status-publish","4":"format-standard","6":"category-archives"},"yoast_head":"<!-- This site is optimized with the Yoast SEO plugin v24.2 - https:\/\/yoast.com\/wordpress\/plugins\/seo\/ -->\n<title>01\/06\/14 POLITIQUE: LES COULISSES DU S\u00c9JOUR DU PROFESSEUR ALPHA COND\u00c9 EN AFRIQUE DU SUD | Guin\u00e9e Diversit\u00e9<\/title>\n<meta name=\"robots\" content=\"index, follow, max-snippet:-1, max-image-preview:large, max-video-preview:-1\" \/>\n<link rel=\"canonical\" href=\"https:\/\/guineediversite.com\/index.php\/2014\/06\/01\/010614politique-les-coulisses-du-sejour-du-professeur-alpha-conde-en-afrique-du-sud\/\" \/>\n<meta property=\"og:locale\" content=\"fr_FR\" \/>\n<meta property=\"og:type\" content=\"article\" \/>\n<meta property=\"og:title\" content=\"01\/06\/14 POLITIQUE: LES COULISSES DU S\u00c9JOUR DU PROFESSEUR ALPHA COND\u00c9 EN AFRIQUE DU SUD | Guin\u00e9e Diversit\u00e9\" \/>\n<meta property=\"og:description\" content=\"A la faveur de son r\u00e9cent voyage en Afrique du Sud, \u00e0 l&rsquo;effet d&rsquo;assister \u00e0 l&rsquo;investiture de son homologue Jacob Zuma, le num\u00e9ro un guin\u00e9en a mis \u00e0 profit son s\u00e9jour au pays de Nelson Mandela pour prendre des contacts de haut niveau, mais \u00e9galement avec une kyrielle d&rsquo;hommes d&rsquo;affaires et de responsables de soci\u00e9t\u00e9s. [&hellip;]\" \/>\n<meta property=\"og:url\" content=\"https:\/\/guineediversite.com\/index.php\/2014\/06\/01\/010614politique-les-coulisses-du-sejour-du-professeur-alpha-conde-en-afrique-du-sud\/\" \/>\n<meta property=\"og:site_name\" content=\"Guin\u00e9e Diversit\u00e9\" \/>\n<meta property=\"article:publisher\" content=\"https:\/\/www.facebook.com\/guineediversite\/\" \/>\n<meta property=\"article:published_time\" content=\"2014-05-31T22:00:00+00:00\" \/>\n<meta name=\"author\" content=\"Guin\u00e9e Diversit\u00e9\" \/>\n<meta name=\"twitter:card\" content=\"summary_large_image\" \/>\n<meta name=\"twitter:creator\" content=\"@GuineeDiversite\" \/>\n<meta name=\"twitter:site\" content=\"@GuineeDiversite\" \/>\n<meta name=\"twitter:label1\" content=\"\u00c9crit par\" \/>\n\t<meta name=\"twitter:data1\" content=\"Guin\u00e9e Diversit\u00e9\" \/>\n\t<meta name=\"twitter:label2\" content=\"Dur\u00e9e de lecture estim\u00e9e\" \/>\n\t<meta name=\"twitter:data2\" content=\"2 minutes\" \/>\n<script type=\"application\/ld+json\" class=\"yoast-schema-graph\">{\"@context\":\"https:\/\/schema.org\",\"@graph\":[{\"@type\":\"Article\",\"@id\":\"https:\/\/guineediversite.com\/index.php\/2014\/06\/01\/010614politique-les-coulisses-du-sejour-du-professeur-alpha-conde-en-afrique-du-sud\/#article\",\"isPartOf\":{\"@id\":\"https:\/\/guineediversite.com\/index.php\/2014\/06\/01\/010614politique-les-coulisses-du-sejour-du-professeur-alpha-conde-en-afrique-du-sud\/\"},\"author\":{\"name\":\"Guin\u00e9e Diversit\u00e9\",\"@id\":\"https:\/\/guineediversite.com\/#\/schema\/person\/afa08fb34e7fc6e1feafc892612bc836\"},\"headline\":\"01\/06\/14 POLITIQUE: LES COULISSES DU S\u00c9JOUR DU PROFESSEUR ALPHA COND\u00c9 EN AFRIQUE DU SUD\",\"datePublished\":\"2014-05-31T22:00:00+00:00\",\"dateModified\":\"2014-05-31T22:00:00+00:00\",\"mainEntityOfPage\":{\"@id\":\"https:\/\/guineediversite.com\/index.php\/2014\/06\/01\/010614politique-les-coulisses-du-sejour-du-professeur-alpha-conde-en-afrique-du-sud\/\"},\"wordCount\":478,\"commentCount\":0,\"publisher\":{\"@id\":\"https:\/\/guineediversite.com\/#organization\"},\"articleSection\":[\"Archives\"],\"inLanguage\":\"fr-FR\",\"potentialAction\":[{\"@type\":\"CommentAction\",\"name\":\"Comment\",\"target\":[\"https:\/\/guineediversite.com\/index.php\/2014\/06\/01\/010614politique-les-coulisses-du-sejour-du-professeur-alpha-conde-en-afrique-du-sud\/#respond\"]}]},{\"@type\":\"WebPage\",\"@id\":\"https:\/\/guineediversite.com\/index.php\/2014\/06\/01\/010614politique-les-coulisses-du-sejour-du-professeur-alpha-conde-en-afrique-du-sud\/\",\"url\":\"https:\/\/guineediversite.com\/index.php\/2014\/06\/01\/010614politique-les-coulisses-du-sejour-du-professeur-alpha-conde-en-afrique-du-sud\/\",\"name\":\"01\/06\/14 POLITIQUE: LES COULISSES DU S\u00c9JOUR DU PROFESSEUR ALPHA COND\u00c9 EN AFRIQUE DU SUD | Guin\u00e9e Diversit\u00e9\",\"isPartOf\":{\"@id\":\"https:\/\/guineediversite.com\/#website\"},\"datePublished\":\"2014-05-31T22:00:00+00:00\",\"dateModified\":\"2014-05-31T22:00:00+00:00\",\"breadcrumb\":{\"@id\":\"https:\/\/guineediversite.com\/index.php\/2014\/06\/01\/010614politique-les-coulisses-du-sejour-du-professeur-alpha-conde-en-afrique-du-sud\/#breadcrumb\"},\"inLanguage\":\"fr-FR\",\"potentialAction\":[{\"@type\":\"ReadAction\",\"target\":[\"https:\/\/guineediversite.com\/index.php\/2014\/06\/01\/010614politique-les-coulisses-du-sejour-du-professeur-alpha-conde-en-afrique-du-sud\/\"]}]},{\"@type\":\"BreadcrumbList\",\"@id\":\"https:\/\/guineediversite.com\/index.php\/2014\/06\/01\/010614politique-les-coulisses-du-sejour-du-professeur-alpha-conde-en-afrique-du-sud\/#breadcrumb\",\"itemListElement\":[{\"@type\":\"ListItem\",\"position\":1,\"name\":\"Accueil\",\"item\":\"https:\/\/guineediversite.com\/\"},{\"@type\":\"ListItem\",\"position\":2,\"name\":\"01\/06\/14 POLITIQUE: LES COULISSES DU S\u00c9JOUR DU PROFESSEUR ALPHA COND\u00c9 EN AFRIQUE DU SUD\"}]},{\"@type\":\"WebSite\",\"@id\":\"https:\/\/guineediversite.com\/#website\",\"url\":\"https:\/\/guineediversite.com\/\",\"name\":\"Guin\u00e9e Diversit\u00e9\",\"description\":\"L&#039;Info dans toute sa diversit\u00e9\",\"publisher\":{\"@id\":\"https:\/\/guineediversite.com\/#organization\"},\"potentialAction\":[{\"@type\":\"SearchAction\",\"target\":{\"@type\":\"EntryPoint\",\"urlTemplate\":\"https:\/\/guineediversite.com\/?s={search_term_string}\"},\"query-input\":{\"@type\":\"PropertyValueSpecification\",\"valueRequired\":true,\"valueName\":\"search_term_string\"}}],\"inLanguage\":\"fr-FR\"},{\"@type\":\"Organization\",\"@id\":\"https:\/\/guineediversite.com\/#organization\",\"name\":\"Guin\u00e9e Diversit\u00e9\",\"url\":\"https:\/\/guineediversite.com\/\",\"logo\":{\"@type\":\"ImageObject\",\"inLanguage\":\"fr-FR\",\"@id\":\"https:\/\/guineediversite.com\/#\/schema\/logo\/image\/\",\"url\":\"https:\/\/guineediversite.com\/wp-content\/uploads\/2017\/04\/cropped-1jojlxEOMkX9Wyqfhe43D6kjPOGqBBKmx3EwWJqZ0cMrFF54yM49.png\",\"contentUrl\":\"https:\/\/guineediversite.com\/wp-content\/uploads\/2017\/04\/cropped-1jojlxEOMkX9Wyqfhe43D6kjPOGqBBKmx3EwWJqZ0cMrFF54yM49.png\",\"width\":186,\"height\":112,\"caption\":\"Guin\u00e9e Diversit\u00e9\"},\"image\":{\"@id\":\"https:\/\/guineediversite.com\/#\/schema\/logo\/image\/\"},\"sameAs\":[\"https:\/\/www.facebook.com\/guineediversite\/\",\"https:\/\/x.com\/GuineeDiversite\",\"https:\/\/www.youtube.com\/channel\/UC8sUY16qelG5ge6_D5SB83g\"]},{\"@type\":\"Person\",\"@id\":\"https:\/\/guineediversite.com\/#\/schema\/person\/afa08fb34e7fc6e1feafc892612bc836\",\"name\":\"Guin\u00e9e Diversit\u00e9\",\"image\":{\"@type\":\"ImageObject\",\"inLanguage\":\"fr-FR\",\"@id\":\"https:\/\/guineediversite.com\/#\/schema\/person\/image\/\",\"url\":\"https:\/\/secure.gravatar.com\/avatar\/50d5eb5b390f8b65ac30ac6f898eb83a?s=96&d=mm&r=g\",\"contentUrl\":\"https:\/\/secure.gravatar.com\/avatar\/50d5eb5b390f8b65ac30ac6f898eb83a?s=96&d=mm&r=g\",\"caption\":\"Guin\u00e9e Diversit\u00e9\"},\"url\":\"https:\/\/guineediversite.com\/index.php\/author\/guineediversite\/\"}]}<\/script>\n<!-- \/ Yoast SEO plugin. -->","yoast_head_json":{"title":"01\/06\/14 POLITIQUE: LES COULISSES DU S\u00c9JOUR DU PROFESSEUR ALPHA COND\u00c9 EN AFRIQUE DU SUD | Guin\u00e9e Diversit\u00e9","robots":{"index":"index","follow":"follow","max-snippet":"max-snippet:-1","max-image-preview":"max-image-preview:large","max-video-preview":"max-video-preview:-1"},"canonical":"https:\/\/guineediversite.com\/index.php\/2014\/06\/01\/010614politique-les-coulisses-du-sejour-du-professeur-alpha-conde-en-afrique-du-sud\/","og_locale":"fr_FR","og_type":"article","og_title":"01\/06\/14 POLITIQUE: LES COULISSES DU S\u00c9JOUR DU PROFESSEUR ALPHA COND\u00c9 EN AFRIQUE DU SUD | Guin\u00e9e Diversit\u00e9","og_description":"A la faveur de son r\u00e9cent voyage en Afrique du Sud, \u00e0 l&rsquo;effet d&rsquo;assister \u00e0 l&rsquo;investiture de son homologue Jacob Zuma, le num\u00e9ro un guin\u00e9en a mis \u00e0 profit son s\u00e9jour au pays de Nelson Mandela pour prendre des contacts de haut niveau, mais \u00e9galement avec une kyrielle d&rsquo;hommes d&rsquo;affaires et de responsables de soci\u00e9t\u00e9s. [&hellip;]","og_url":"https:\/\/guineediversite.com\/index.php\/2014\/06\/01\/010614politique-les-coulisses-du-sejour-du-professeur-alpha-conde-en-afrique-du-sud\/","og_site_name":"Guin\u00e9e Diversit\u00e9","article_publisher":"https:\/\/www.facebook.com\/guineediversite\/","article_published_time":"2014-05-31T22:00:00+00:00","author":"Guin\u00e9e Diversit\u00e9","twitter_card":"summary_large_image","twitter_creator":"@GuineeDiversite","twitter_site":"@GuineeDiversite","twitter_misc":{"\u00c9crit par":"Guin\u00e9e Diversit\u00e9","Dur\u00e9e de lecture estim\u00e9e":"2 minutes"},"schema":{"@context":"https:\/\/schema.org","@graph":[{"@type":"Article","@id":"https:\/\/guineediversite.com\/index.php\/2014\/06\/01\/010614politique-les-coulisses-du-sejour-du-professeur-alpha-conde-en-afrique-du-sud\/#article","isPartOf":{"@id":"https:\/\/guineediversite.com\/index.php\/2014\/06\/01\/010614politique-les-coulisses-du-sejour-du-professeur-alpha-conde-en-afrique-du-sud\/"},"author":{"name":"Guin\u00e9e Diversit\u00e9","@id":"https:\/\/guineediversite.com\/#\/schema\/person\/afa08fb34e7fc6e1feafc892612bc836"},"headline":"01\/06\/14 POLITIQUE: LES COULISSES DU S\u00c9JOUR DU PROFESSEUR ALPHA COND\u00c9 EN AFRIQUE DU SUD","datePublished":"2014-05-31T22:00:00+00:00","dateModified":"2014-05-31T22:00:00+00:00","mainEntityOfPage":{"@id":"https:\/\/guineediversite.com\/index.php\/2014\/06\/01\/010614politique-les-coulisses-du-sejour-du-professeur-alpha-conde-en-afrique-du-sud\/"},"wordCount":478,"commentCount":0,"publisher":{"@id":"https:\/\/guineediversite.com\/#organization"},"articleSection":["Archives"],"inLanguage":"fr-FR","potentialAction":[{"@type":"CommentAction","name":"Comment","target":["https:\/\/guineediversite.com\/index.php\/2014\/06\/01\/010614politique-les-coulisses-du-sejour-du-professeur-alpha-conde-en-afrique-du-sud\/#respond"]}]},{"@type":"WebPage","@id":"https:\/\/guineediversite.com\/index.php\/2014\/06\/01\/010614politique-les-coulisses-du-sejour-du-professeur-alpha-conde-en-afrique-du-sud\/","url":"https:\/\/guineediversite.com\/index.php\/2014\/06\/01\/010614politique-les-coulisses-du-sejour-du-professeur-alpha-conde-en-afrique-du-sud\/","name":"01\/06\/14 POLITIQUE: LES COULISSES DU S\u00c9JOUR DU PROFESSEUR ALPHA COND\u00c9 EN AFRIQUE DU SUD | Guin\u00e9e Diversit\u00e9","isPartOf":{"@id":"https:\/\/guineediversite.com\/#website"},"datePublished":"2014-05-31T22:00:00+00:00","dateModified":"2014-05-31T22:00:00+00:00","breadcrumb":{"@id":"https:\/\/guineediversite.com\/index.php\/2014\/06\/01\/010614politique-les-coulisses-du-sejour-du-professeur-alpha-conde-en-afrique-du-sud\/#breadcrumb"},"inLanguage":"fr-FR","potentialAction":[{"@type":"ReadAction","target":["https:\/\/guineediversite.com\/index.php\/2014\/06\/01\/010614politique-les-coulisses-du-sejour-du-professeur-alpha-conde-en-afrique-du-sud\/"]}]},{"@type":"BreadcrumbList","@id":"https:\/\/guineediversite.com\/index.php\/2014\/06\/01\/010614politique-les-coulisses-du-sejour-du-professeur-alpha-conde-en-afrique-du-sud\/#breadcrumb","itemListElement":[{"@type":"ListItem","position":1,"name":"Accueil","item":"https:\/\/guineediversite.com\/"},{"@type":"ListItem","position":2,"name":"01\/06\/14 POLITIQUE: LES COULISSES DU S\u00c9JOUR DU PROFESSEUR ALPHA COND\u00c9 EN AFRIQUE DU SUD"}]},{"@type":"WebSite","@id":"https:\/\/guineediversite.com\/#website","url":"https:\/\/guineediversite.com\/","name":"Guin\u00e9e Diversit\u00e9","description":"L&#039;Info dans toute sa diversit\u00e9","publisher":{"@id":"https:\/\/guineediversite.com\/#organization"},"potentialAction":[{"@type":"SearchAction","target":{"@type":"EntryPoint","urlTemplate":"https:\/\/guineediversite.com\/?s={search_term_string}"},"query-input":{"@type":"PropertyValueSpecification","valueRequired":true,"valueName":"search_term_string"}}],"inLanguage":"fr-FR"},{"@type":"Organization","@id":"https:\/\/guineediversite.com\/#organization","name":"Guin\u00e9e Diversit\u00e9","url":"https:\/\/guineediversite.com\/","logo":{"@type":"ImageObject","inLanguage":"fr-FR","@id":"https:\/\/guineediversite.com\/#\/schema\/logo\/image\/","url":"https:\/\/guineediversite.com\/wp-content\/uploads\/2017\/04\/cropped-1jojlxEOMkX9Wyqfhe43D6kjPOGqBBKmx3EwWJqZ0cMrFF54yM49.png","contentUrl":"https:\/\/guineediversite.com\/wp-content\/uploads\/2017\/04\/cropped-1jojlxEOMkX9Wyqfhe43D6kjPOGqBBKmx3EwWJqZ0cMrFF54yM49.png","width":186,"height":112,"caption":"Guin\u00e9e Diversit\u00e9"},"image":{"@id":"https:\/\/guineediversite.com\/#\/schema\/logo\/image\/"},"sameAs":["https:\/\/www.facebook.com\/guineediversite\/","https:\/\/x.com\/GuineeDiversite","https:\/\/www.youtube.com\/channel\/UC8sUY16qelG5ge6_D5SB83g"]},{"@type":"Person","@id":"https:\/\/guineediversite.com\/#\/schema\/person\/afa08fb34e7fc6e1feafc892612bc836","name":"Guin\u00e9e Diversit\u00e9","image":{"@type":"ImageObject","inLanguage":"fr-FR","@id":"https:\/\/guineediversite.com\/#\/schema\/person\/image\/","url":"https:\/\/secure.gravatar.com\/avatar\/50d5eb5b390f8b65ac30ac6f898eb83a?s=96&d=mm&r=g","contentUrl":"https:\/\/secure.gravatar.com\/avatar\/50d5eb5b390f8b65ac30ac6f898eb83a?s=96&d=mm&r=g","caption":"Guin\u00e9e Diversit\u00e9"},"url":"https:\/\/guineediversite.com\/index.php\/author\/guineediversite\/"}]}},"_links":{"self":[{"href":"https:\/\/guineediversite.com\/index.php\/wp-json\/wp\/v2\/posts\/16890"}],"collection":[{"href":"https:\/\/guineediversite.com\/index.php\/wp-json\/wp\/v2\/posts"}],"about":[{"href":"https:\/\/guineediversite.com\/index.php\/wp-json\/wp\/v2\/types\/post"}],"author":[{"embeddable":true,"href":"https:\/\/guineediversite.com\/index.php\/wp-json\/wp\/v2\/users\/12"}],"replies":[{"embeddable":true,"href":"https:\/\/guineediversite.com\/index.php\/wp-json\/wp\/v2\/comments?post=16890"}],"version-history":[{"count":0,"href":"https:\/\/guineediversite.com\/index.php\/wp-json\/wp\/v2\/posts\/16890\/revisions"}],"wp:attachment":[{"href":"https:\/\/guineediversite.com\/index.php\/wp-json\/wp\/v2\/media?parent=16890"}],"wp:term":[{"taxonomy":"category","embeddable":true,"href":"https:\/\/guineediversite.com\/index.php\/wp-json\/wp\/v2\/categories?post=16890"},{"taxonomy":"post_tag","embeddable":true,"href":"https:\/\/guineediversite.com\/index.php\/wp-json\/wp\/v2\/tags?post=16890"}],"curies":[{"name":"wp","href":"https:\/\/api.w.org\/{rel}","templated":true}]}}