{"id":16888,"date":"2014-06-01T00:00:00","date_gmt":"2014-05-31T22:00:00","guid":{"rendered":"https:\/\/www.guineediversite.com\/index.php\/2014\/06\/01\/010614josuha-guilavogui-le-franco-guineen-dans-le-viseur-deverton\/"},"modified":"2014-06-01T00:00:00","modified_gmt":"2014-05-31T22:00:00","slug":"010614josuha-guilavogui-le-franco-guineen-dans-le-viseur-deverton","status":"publish","type":"post","link":"https:\/\/guineediversite.com\/index.php\/2014\/06\/01\/010614josuha-guilavogui-le-franco-guineen-dans-le-viseur-deverton\/","title":{"rendered":"01\/06\/14\nJosuha Guilavogui: Le Franco-Guin\u00e9en dans le viseur d\u2019Everton"},"content":{"rendered":"<p>Joueur de l\u2019Atletico Madrid pr\u00eat\u00e9 \u00e0 l\u2019AS Saint-Etienne en janvier dernier, Josuha Guilavogui pourrait jouer en Premier League la saison prochaine. Selon le Daily Mail, Everton aurait un regain d\u2019int\u00e9r\u00eat pour le Franco-guin\u00e9en.<\/p>\n<p> Le milieu de terrain r\u00e9cup\u00e9rateur figurerait dans les petits papiers des Toffees, qui s\u2019\u00e9taient d\u00e9j\u00e0 pench\u00e9 sur son cas par le pass\u00e9.<\/p>\n<p> Ecart\u00e9 depuis son arriv\u00e9e en Espagne par Diego Simeone, Guilavogui ne rentrerait toujours pas dans les plans du technicien argentin la saison prochaine en d\u00e9pit d\u2019un contrat qui le lie aux Colchoneros jusqu\u2019en juin 2018.<\/p>\n<p>L\u2019\u00e9mir souar\u00e9<\/p>\n","protected":false},"excerpt":{"rendered":"<p>Joueur de l\u2019Atletico Madrid pr\u00eat\u00e9 \u00e0 l\u2019AS Saint-Etienne en janvier dernier, Josuha Guilavogui pourrait jouer en Premier League la saison prochaine. Selon le Daily Mail, Everton aurait un regain d\u2019int\u00e9r\u00eat pour le Franco-guin\u00e9en. Le milieu de terrain r\u00e9cup\u00e9rateur figurerait dans les petits papiers des Toffees, qui s\u2019\u00e9taient d\u00e9j\u00e0 pench\u00e9 sur son cas par le pass\u00e9. [&hellip;]<\/p>\n","protected":false},"author":12,"featured_media":0,"comment_status":"open","ping_status":"open","sticky":false,"template":"","format":"standard","meta":{"_exactmetrics_skip_tracking":false,"_exactmetrics_sitenote_active":false,"_exactmetrics_sitenote_note":"","_exactmetrics_sitenote_category":0,"tdm_status":"","tdm_grid_status":"","footnotes":""},"categories":[28],"tags":[],"class_list":{"0":"post-16888","1":"post","2":"type-post","3":"status-publish","4":"format-standard","6":"category-archives"},"yoast_head":"<!-- This site is optimized with the Yoast SEO plugin v24.2 - https:\/\/yoast.com\/wordpress\/plugins\/seo\/ -->\n<title>01\/06\/14 Josuha Guilavogui: Le Franco-Guin\u00e9en dans le viseur d\u2019Everton | Guin\u00e9e Diversit\u00e9<\/title>\n<meta name=\"robots\" content=\"index, follow, max-snippet:-1, max-image-preview:large, max-video-preview:-1\" \/>\n<link rel=\"canonical\" href=\"https:\/\/guineediversite.com\/index.php\/2014\/06\/01\/010614josuha-guilavogui-le-franco-guineen-dans-le-viseur-deverton\/\" \/>\n<meta property=\"og:locale\" content=\"fr_FR\" \/>\n<meta property=\"og:type\" content=\"article\" \/>\n<meta property=\"og:title\" content=\"01\/06\/14 Josuha Guilavogui: Le Franco-Guin\u00e9en dans le viseur d\u2019Everton | Guin\u00e9e Diversit\u00e9\" \/>\n<meta property=\"og:description\" content=\"Joueur de l\u2019Atletico Madrid pr\u00eat\u00e9 \u00e0 l\u2019AS Saint-Etienne en janvier dernier, Josuha Guilavogui pourrait jouer en Premier League la saison prochaine. Selon le Daily Mail, Everton aurait un regain d\u2019int\u00e9r\u00eat pour le Franco-guin\u00e9en. Le milieu de terrain r\u00e9cup\u00e9rateur figurerait dans les petits papiers des Toffees, qui s\u2019\u00e9taient d\u00e9j\u00e0 pench\u00e9 sur son cas par le pass\u00e9. [&hellip;]\" \/>\n<meta property=\"og:url\" content=\"https:\/\/guineediversite.com\/index.php\/2014\/06\/01\/010614josuha-guilavogui-le-franco-guineen-dans-le-viseur-deverton\/\" \/>\n<meta property=\"og:site_name\" content=\"Guin\u00e9e Diversit\u00e9\" \/>\n<meta property=\"article:publisher\" content=\"https:\/\/www.facebook.com\/guineediversite\/\" \/>\n<meta property=\"article:published_time\" content=\"2014-05-31T22:00:00+00:00\" \/>\n<meta name=\"author\" content=\"Guin\u00e9e Diversit\u00e9\" \/>\n<meta name=\"twitter:card\" content=\"summary_large_image\" \/>\n<meta name=\"twitter:creator\" content=\"@GuineeDiversite\" \/>\n<meta name=\"twitter:site\" content=\"@GuineeDiversite\" \/>\n<meta name=\"twitter:label1\" content=\"\u00c9crit par\" \/>\n\t<meta name=\"twitter:data1\" content=\"Guin\u00e9e Diversit\u00e9\" \/>\n\t<meta name=\"twitter:label2\" content=\"Dur\u00e9e de lecture estim\u00e9e\" \/>\n\t<meta name=\"twitter:data2\" content=\"1 minute\" \/>\n<script type=\"application\/ld+json\" class=\"yoast-schema-graph\">{\"@context\":\"https:\/\/schema.org\",\"@graph\":[{\"@type\":\"Article\",\"@id\":\"https:\/\/guineediversite.com\/index.php\/2014\/06\/01\/010614josuha-guilavogui-le-franco-guineen-dans-le-viseur-deverton\/#article\",\"isPartOf\":{\"@id\":\"https:\/\/guineediversite.com\/index.php\/2014\/06\/01\/010614josuha-guilavogui-le-franco-guineen-dans-le-viseur-deverton\/\"},\"author\":{\"name\":\"Guin\u00e9e Diversit\u00e9\",\"@id\":\"https:\/\/guineediversite.com\/#\/schema\/person\/afa08fb34e7fc6e1feafc892612bc836\"},\"headline\":\"01\/06\/14 Josuha Guilavogui: Le Franco-Guin\u00e9en dans le viseur d\u2019Everton\",\"datePublished\":\"2014-05-31T22:00:00+00:00\",\"dateModified\":\"2014-05-31T22:00:00+00:00\",\"mainEntityOfPage\":{\"@id\":\"https:\/\/guineediversite.com\/index.php\/2014\/06\/01\/010614josuha-guilavogui-le-franco-guineen-dans-le-viseur-deverton\/\"},\"wordCount\":116,\"commentCount\":0,\"publisher\":{\"@id\":\"https:\/\/guineediversite.com\/#organization\"},\"articleSection\":[\"Archives\"],\"inLanguage\":\"fr-FR\",\"potentialAction\":[{\"@type\":\"CommentAction\",\"name\":\"Comment\",\"target\":[\"https:\/\/guineediversite.com\/index.php\/2014\/06\/01\/010614josuha-guilavogui-le-franco-guineen-dans-le-viseur-deverton\/#respond\"]}]},{\"@type\":\"WebPage\",\"@id\":\"https:\/\/guineediversite.com\/index.php\/2014\/06\/01\/010614josuha-guilavogui-le-franco-guineen-dans-le-viseur-deverton\/\",\"url\":\"https:\/\/guineediversite.com\/index.php\/2014\/06\/01\/010614josuha-guilavogui-le-franco-guineen-dans-le-viseur-deverton\/\",\"name\":\"01\/06\/14 Josuha Guilavogui: Le Franco-Guin\u00e9en dans le viseur d\u2019Everton | Guin\u00e9e Diversit\u00e9\",\"isPartOf\":{\"@id\":\"https:\/\/guineediversite.com\/#website\"},\"datePublished\":\"2014-05-31T22:00:00+00:00\",\"dateModified\":\"2014-05-31T22:00:00+00:00\",\"breadcrumb\":{\"@id\":\"https:\/\/guineediversite.com\/index.php\/2014\/06\/01\/010614josuha-guilavogui-le-franco-guineen-dans-le-viseur-deverton\/#breadcrumb\"},\"inLanguage\":\"fr-FR\",\"potentialAction\":[{\"@type\":\"ReadAction\",\"target\":[\"https:\/\/guineediversite.com\/index.php\/2014\/06\/01\/010614josuha-guilavogui-le-franco-guineen-dans-le-viseur-deverton\/\"]}]},{\"@type\":\"BreadcrumbList\",\"@id\":\"https:\/\/guineediversite.com\/index.php\/2014\/06\/01\/010614josuha-guilavogui-le-franco-guineen-dans-le-viseur-deverton\/#breadcrumb\",\"itemListElement\":[{\"@type\":\"ListItem\",\"position\":1,\"name\":\"Accueil\",\"item\":\"https:\/\/guineediversite.com\/\"},{\"@type\":\"ListItem\",\"position\":2,\"name\":\"01\/06\/14 Josuha Guilavogui: Le Franco-Guin\u00e9en dans le viseur d\u2019Everton\"}]},{\"@type\":\"WebSite\",\"@id\":\"https:\/\/guineediversite.com\/#website\",\"url\":\"https:\/\/guineediversite.com\/\",\"name\":\"Guin\u00e9e Diversit\u00e9\",\"description\":\"L&#039;Info dans toute sa diversit\u00e9\",\"publisher\":{\"@id\":\"https:\/\/guineediversite.com\/#organization\"},\"potentialAction\":[{\"@type\":\"SearchAction\",\"target\":{\"@type\":\"EntryPoint\",\"urlTemplate\":\"https:\/\/guineediversite.com\/?s={search_term_string}\"},\"query-input\":{\"@type\":\"PropertyValueSpecification\",\"valueRequired\":true,\"valueName\":\"search_term_string\"}}],\"inLanguage\":\"fr-FR\"},{\"@type\":\"Organization\",\"@id\":\"https:\/\/guineediversite.com\/#organization\",\"name\":\"Guin\u00e9e Diversit\u00e9\",\"url\":\"https:\/\/guineediversite.com\/\",\"logo\":{\"@type\":\"ImageObject\",\"inLanguage\":\"fr-FR\",\"@id\":\"https:\/\/guineediversite.com\/#\/schema\/logo\/image\/\",\"url\":\"https:\/\/guineediversite.com\/wp-content\/uploads\/2017\/04\/cropped-1jojlxEOMkX9Wyqfhe43D6kjPOGqBBKmx3EwWJqZ0cMrFF54yM49.png\",\"contentUrl\":\"https:\/\/guineediversite.com\/wp-content\/uploads\/2017\/04\/cropped-1jojlxEOMkX9Wyqfhe43D6kjPOGqBBKmx3EwWJqZ0cMrFF54yM49.png\",\"width\":186,\"height\":112,\"caption\":\"Guin\u00e9e Diversit\u00e9\"},\"image\":{\"@id\":\"https:\/\/guineediversite.com\/#\/schema\/logo\/image\/\"},\"sameAs\":[\"https:\/\/www.facebook.com\/guineediversite\/\",\"https:\/\/x.com\/GuineeDiversite\",\"https:\/\/www.youtube.com\/channel\/UC8sUY16qelG5ge6_D5SB83g\"]},{\"@type\":\"Person\",\"@id\":\"https:\/\/guineediversite.com\/#\/schema\/person\/afa08fb34e7fc6e1feafc892612bc836\",\"name\":\"Guin\u00e9e Diversit\u00e9\",\"image\":{\"@type\":\"ImageObject\",\"inLanguage\":\"fr-FR\",\"@id\":\"https:\/\/guineediversite.com\/#\/schema\/person\/image\/\",\"url\":\"https:\/\/secure.gravatar.com\/avatar\/50d5eb5b390f8b65ac30ac6f898eb83a?s=96&d=mm&r=g\",\"contentUrl\":\"https:\/\/secure.gravatar.com\/avatar\/50d5eb5b390f8b65ac30ac6f898eb83a?s=96&d=mm&r=g\",\"caption\":\"Guin\u00e9e Diversit\u00e9\"},\"url\":\"https:\/\/guineediversite.com\/index.php\/author\/guineediversite\/\"}]}<\/script>\n<!-- \/ Yoast SEO plugin. -->","yoast_head_json":{"title":"01\/06\/14 Josuha Guilavogui: Le Franco-Guin\u00e9en dans le viseur d\u2019Everton | Guin\u00e9e Diversit\u00e9","robots":{"index":"index","follow":"follow","max-snippet":"max-snippet:-1","max-image-preview":"max-image-preview:large","max-video-preview":"max-video-preview:-1"},"canonical":"https:\/\/guineediversite.com\/index.php\/2014\/06\/01\/010614josuha-guilavogui-le-franco-guineen-dans-le-viseur-deverton\/","og_locale":"fr_FR","og_type":"article","og_title":"01\/06\/14 Josuha Guilavogui: Le Franco-Guin\u00e9en dans le viseur d\u2019Everton | Guin\u00e9e Diversit\u00e9","og_description":"Joueur de l\u2019Atletico Madrid pr\u00eat\u00e9 \u00e0 l\u2019AS Saint-Etienne en janvier dernier, Josuha Guilavogui pourrait jouer en Premier League la saison prochaine. Selon le Daily Mail, Everton aurait un regain d\u2019int\u00e9r\u00eat pour le Franco-guin\u00e9en. Le milieu de terrain r\u00e9cup\u00e9rateur figurerait dans les petits papiers des Toffees, qui s\u2019\u00e9taient d\u00e9j\u00e0 pench\u00e9 sur son cas par le pass\u00e9. [&hellip;]","og_url":"https:\/\/guineediversite.com\/index.php\/2014\/06\/01\/010614josuha-guilavogui-le-franco-guineen-dans-le-viseur-deverton\/","og_site_name":"Guin\u00e9e Diversit\u00e9","article_publisher":"https:\/\/www.facebook.com\/guineediversite\/","article_published_time":"2014-05-31T22:00:00+00:00","author":"Guin\u00e9e Diversit\u00e9","twitter_card":"summary_large_image","twitter_creator":"@GuineeDiversite","twitter_site":"@GuineeDiversite","twitter_misc":{"\u00c9crit par":"Guin\u00e9e Diversit\u00e9","Dur\u00e9e de lecture estim\u00e9e":"1 minute"},"schema":{"@context":"https:\/\/schema.org","@graph":[{"@type":"Article","@id":"https:\/\/guineediversite.com\/index.php\/2014\/06\/01\/010614josuha-guilavogui-le-franco-guineen-dans-le-viseur-deverton\/#article","isPartOf":{"@id":"https:\/\/guineediversite.com\/index.php\/2014\/06\/01\/010614josuha-guilavogui-le-franco-guineen-dans-le-viseur-deverton\/"},"author":{"name":"Guin\u00e9e Diversit\u00e9","@id":"https:\/\/guineediversite.com\/#\/schema\/person\/afa08fb34e7fc6e1feafc892612bc836"},"headline":"01\/06\/14 Josuha Guilavogui: Le Franco-Guin\u00e9en dans le viseur d\u2019Everton","datePublished":"2014-05-31T22:00:00+00:00","dateModified":"2014-05-31T22:00:00+00:00","mainEntityOfPage":{"@id":"https:\/\/guineediversite.com\/index.php\/2014\/06\/01\/010614josuha-guilavogui-le-franco-guineen-dans-le-viseur-deverton\/"},"wordCount":116,"commentCount":0,"publisher":{"@id":"https:\/\/guineediversite.com\/#organization"},"articleSection":["Archives"],"inLanguage":"fr-FR","potentialAction":[{"@type":"CommentAction","name":"Comment","target":["https:\/\/guineediversite.com\/index.php\/2014\/06\/01\/010614josuha-guilavogui-le-franco-guineen-dans-le-viseur-deverton\/#respond"]}]},{"@type":"WebPage","@id":"https:\/\/guineediversite.com\/index.php\/2014\/06\/01\/010614josuha-guilavogui-le-franco-guineen-dans-le-viseur-deverton\/","url":"https:\/\/guineediversite.com\/index.php\/2014\/06\/01\/010614josuha-guilavogui-le-franco-guineen-dans-le-viseur-deverton\/","name":"01\/06\/14 Josuha Guilavogui: Le Franco-Guin\u00e9en dans le viseur d\u2019Everton | Guin\u00e9e Diversit\u00e9","isPartOf":{"@id":"https:\/\/guineediversite.com\/#website"},"datePublished":"2014-05-31T22:00:00+00:00","dateModified":"2014-05-31T22:00:00+00:00","breadcrumb":{"@id":"https:\/\/guineediversite.com\/index.php\/2014\/06\/01\/010614josuha-guilavogui-le-franco-guineen-dans-le-viseur-deverton\/#breadcrumb"},"inLanguage":"fr-FR","potentialAction":[{"@type":"ReadAction","target":["https:\/\/guineediversite.com\/index.php\/2014\/06\/01\/010614josuha-guilavogui-le-franco-guineen-dans-le-viseur-deverton\/"]}]},{"@type":"BreadcrumbList","@id":"https:\/\/guineediversite.com\/index.php\/2014\/06\/01\/010614josuha-guilavogui-le-franco-guineen-dans-le-viseur-deverton\/#breadcrumb","itemListElement":[{"@type":"ListItem","position":1,"name":"Accueil","item":"https:\/\/guineediversite.com\/"},{"@type":"ListItem","position":2,"name":"01\/06\/14 Josuha Guilavogui: Le Franco-Guin\u00e9en dans le viseur d\u2019Everton"}]},{"@type":"WebSite","@id":"https:\/\/guineediversite.com\/#website","url":"https:\/\/guineediversite.com\/","name":"Guin\u00e9e Diversit\u00e9","description":"L&#039;Info dans toute sa diversit\u00e9","publisher":{"@id":"https:\/\/guineediversite.com\/#organization"},"potentialAction":[{"@type":"SearchAction","target":{"@type":"EntryPoint","urlTemplate":"https:\/\/guineediversite.com\/?s={search_term_string}"},"query-input":{"@type":"PropertyValueSpecification","valueRequired":true,"valueName":"search_term_string"}}],"inLanguage":"fr-FR"},{"@type":"Organization","@id":"https:\/\/guineediversite.com\/#organization","name":"Guin\u00e9e Diversit\u00e9","url":"https:\/\/guineediversite.com\/","logo":{"@type":"ImageObject","inLanguage":"fr-FR","@id":"https:\/\/guineediversite.com\/#\/schema\/logo\/image\/","url":"https:\/\/guineediversite.com\/wp-content\/uploads\/2017\/04\/cropped-1jojlxEOMkX9Wyqfhe43D6kjPOGqBBKmx3EwWJqZ0cMrFF54yM49.png","contentUrl":"https:\/\/guineediversite.com\/wp-content\/uploads\/2017\/04\/cropped-1jojlxEOMkX9Wyqfhe43D6kjPOGqBBKmx3EwWJqZ0cMrFF54yM49.png","width":186,"height":112,"caption":"Guin\u00e9e Diversit\u00e9"},"image":{"@id":"https:\/\/guineediversite.com\/#\/schema\/logo\/image\/"},"sameAs":["https:\/\/www.facebook.com\/guineediversite\/","https:\/\/x.com\/GuineeDiversite","https:\/\/www.youtube.com\/channel\/UC8sUY16qelG5ge6_D5SB83g"]},{"@type":"Person","@id":"https:\/\/guineediversite.com\/#\/schema\/person\/afa08fb34e7fc6e1feafc892612bc836","name":"Guin\u00e9e Diversit\u00e9","image":{"@type":"ImageObject","inLanguage":"fr-FR","@id":"https:\/\/guineediversite.com\/#\/schema\/person\/image\/","url":"https:\/\/secure.gravatar.com\/avatar\/50d5eb5b390f8b65ac30ac6f898eb83a?s=96&d=mm&r=g","contentUrl":"https:\/\/secure.gravatar.com\/avatar\/50d5eb5b390f8b65ac30ac6f898eb83a?s=96&d=mm&r=g","caption":"Guin\u00e9e Diversit\u00e9"},"url":"https:\/\/guineediversite.com\/index.php\/author\/guineediversite\/"}]}},"_links":{"self":[{"href":"https:\/\/guineediversite.com\/index.php\/wp-json\/wp\/v2\/posts\/16888"}],"collection":[{"href":"https:\/\/guineediversite.com\/index.php\/wp-json\/wp\/v2\/posts"}],"about":[{"href":"https:\/\/guineediversite.com\/index.php\/wp-json\/wp\/v2\/types\/post"}],"author":[{"embeddable":true,"href":"https:\/\/guineediversite.com\/index.php\/wp-json\/wp\/v2\/users\/12"}],"replies":[{"embeddable":true,"href":"https:\/\/guineediversite.com\/index.php\/wp-json\/wp\/v2\/comments?post=16888"}],"version-history":[{"count":0,"href":"https:\/\/guineediversite.com\/index.php\/wp-json\/wp\/v2\/posts\/16888\/revisions"}],"wp:attachment":[{"href":"https:\/\/guineediversite.com\/index.php\/wp-json\/wp\/v2\/media?parent=16888"}],"wp:term":[{"taxonomy":"category","embeddable":true,"href":"https:\/\/guineediversite.com\/index.php\/wp-json\/wp\/v2\/categories?post=16888"},{"taxonomy":"post_tag","embeddable":true,"href":"https:\/\/guineediversite.com\/index.php\/wp-json\/wp\/v2\/tags?post=16888"}],"curies":[{"name":"wp","href":"https:\/\/api.w.org\/{rel}","templated":true}]}}