{"id":16887,"date":"2014-05-31T00:00:00","date_gmt":"2014-05-30T22:00:00","guid":{"rendered":"https:\/\/www.guineediversite.com\/index.php\/2014\/05\/31\/310514-centrafrique-calme-precaire-a-bangui-apres-une-journee-de-violences\/"},"modified":"2014-05-31T00:00:00","modified_gmt":"2014-05-30T22:00:00","slug":"310514-centrafrique-calme-precaire-a-bangui-apres-une-journee-de-violences","status":"publish","type":"post","link":"https:\/\/guineediversite.com\/index.php\/2014\/05\/31\/310514-centrafrique-calme-precaire-a-bangui-apres-une-journee-de-violences\/","title":{"rendered":"31\/05\/14 Centrafrique : calme pr\u00e9caire \u00e0 Bangui apr\u00e8s une journ\u00e9e de violences"},"content":{"rendered":"<p>Un calme pr\u00e9caire r\u00e9gnait samedi matin dans les rues de Bangui o\u00f9 aucune voiture ne s&rsquo;aventurait et o\u00f9 les boutiques restaient ferm\u00e9es au lendemain d&rsquo;une journ\u00e9e de violences marqu\u00e9e par la mort de trois manifestants, a constat\u00e9 l&rsquo;AFP.<br \/>\nDans le centre-ville de la capitale centrafricaine, o\u00f9 des rafales d&rsquo;armes automatiques avaient retenti vendredi en marge de grandes manifestations, les boutiques gardaient le rideau ferm\u00e9 samedi et il n&rsquo;y avait aucune circulation automobile. Mais les Banguissois d\u00e9ambulaient \u00e0 pied et des vendeurs de pain \u00e9taient en place aux carrefours. Dans le quartier majoritairement musulman de PK-5, avenue Koudoukou, des barricades \u00e9taient toujours \u00e9rig\u00e9es sur la chauss\u00e9e et aucune voiture n&rsquo;\u00e9tait visible, a constat\u00e9 l&rsquo;AFP.<br \/>\nUn h\u00e9licopt\u00e8re de l&rsquo;arm\u00e9e fran\u00e7aise a survol\u00e9 Bangui au petit matin samedi. Un vol de la Royal Air Maroc en provenance de Casablanca, qui devait se poser samedi matin \u00e0 Bangui, a \u00e9t\u00e9 annul\u00e9, a-t-on appris aupr\u00e8s de passagers.<br \/>\nBangui a connu une flamb\u00e9e de violences cette semaine apr\u00e8s le massacre perp\u00e9tr\u00e9 mercredi \u00e0 l&rsquo;\u00e9glise Notre-Dame de Fatima au cours duquel 17 personnes ont \u00e9t\u00e9 tu\u00e9es et 27 enlev\u00e9es. Au moins trois personnes ont \u00e9t\u00e9 tu\u00e9es \u00e0 Bangui vendredi lors de manifestations contre le pouvoir et les forces internationales, qui se sont dit pr\u00eates \u00e0 riposter \u00e0 toute menace dans la capitale centrafricaine<br \/>\nJA<\/p>\n","protected":false},"excerpt":{"rendered":"<p>Un calme pr\u00e9caire r\u00e9gnait samedi matin dans les rues de Bangui o\u00f9 aucune voiture ne s&rsquo;aventurait et o\u00f9 les boutiques restaient ferm\u00e9es au lendemain d&rsquo;une journ\u00e9e de violences marqu\u00e9e par la mort de trois manifestants, a constat\u00e9 l&rsquo;AFP. Dans le centre-ville de la capitale centrafricaine, o\u00f9 des rafales d&rsquo;armes automatiques avaient retenti vendredi en marge [&hellip;]<\/p>\n","protected":false},"author":12,"featured_media":0,"comment_status":"open","ping_status":"open","sticky":false,"template":"","format":"standard","meta":{"_exactmetrics_skip_tracking":false,"_exactmetrics_sitenote_active":false,"_exactmetrics_sitenote_note":"","_exactmetrics_sitenote_category":0,"tdm_status":"","tdm_grid_status":"","footnotes":""},"categories":[28],"tags":[],"class_list":{"0":"post-16887","1":"post","2":"type-post","3":"status-publish","4":"format-standard","6":"category-archives"},"yoast_head":"<!-- This site is optimized with the Yoast SEO plugin v24.2 - https:\/\/yoast.com\/wordpress\/plugins\/seo\/ -->\n<title>31\/05\/14 Centrafrique : calme pr\u00e9caire \u00e0 Bangui apr\u00e8s une journ\u00e9e de violences | Guin\u00e9e Diversit\u00e9<\/title>\n<meta name=\"robots\" content=\"index, follow, max-snippet:-1, max-image-preview:large, max-video-preview:-1\" \/>\n<link rel=\"canonical\" href=\"https:\/\/guineediversite.com\/index.php\/2014\/05\/31\/310514-centrafrique-calme-precaire-a-bangui-apres-une-journee-de-violences\/\" \/>\n<meta property=\"og:locale\" content=\"fr_FR\" \/>\n<meta property=\"og:type\" content=\"article\" \/>\n<meta property=\"og:title\" content=\"31\/05\/14 Centrafrique : calme pr\u00e9caire \u00e0 Bangui apr\u00e8s une journ\u00e9e de violences | Guin\u00e9e Diversit\u00e9\" \/>\n<meta property=\"og:description\" content=\"Un calme pr\u00e9caire r\u00e9gnait samedi matin dans les rues de Bangui o\u00f9 aucune voiture ne s&rsquo;aventurait et o\u00f9 les boutiques restaient ferm\u00e9es au lendemain d&rsquo;une journ\u00e9e de violences marqu\u00e9e par la mort de trois manifestants, a constat\u00e9 l&rsquo;AFP. Dans le centre-ville de la capitale centrafricaine, o\u00f9 des rafales d&rsquo;armes automatiques avaient retenti vendredi en marge [&hellip;]\" \/>\n<meta property=\"og:url\" content=\"https:\/\/guineediversite.com\/index.php\/2014\/05\/31\/310514-centrafrique-calme-precaire-a-bangui-apres-une-journee-de-violences\/\" \/>\n<meta property=\"og:site_name\" content=\"Guin\u00e9e Diversit\u00e9\" \/>\n<meta property=\"article:publisher\" content=\"https:\/\/www.facebook.com\/guineediversite\/\" \/>\n<meta property=\"article:published_time\" content=\"2014-05-30T22:00:00+00:00\" \/>\n<meta name=\"author\" content=\"Guin\u00e9e Diversit\u00e9\" \/>\n<meta name=\"twitter:card\" content=\"summary_large_image\" \/>\n<meta name=\"twitter:creator\" content=\"@GuineeDiversite\" \/>\n<meta name=\"twitter:site\" content=\"@GuineeDiversite\" \/>\n<meta name=\"twitter:label1\" content=\"\u00c9crit par\" \/>\n\t<meta name=\"twitter:data1\" content=\"Guin\u00e9e Diversit\u00e9\" \/>\n\t<meta name=\"twitter:label2\" content=\"Dur\u00e9e de lecture estim\u00e9e\" \/>\n\t<meta name=\"twitter:data2\" content=\"1 minute\" \/>\n<script type=\"application\/ld+json\" class=\"yoast-schema-graph\">{\"@context\":\"https:\/\/schema.org\",\"@graph\":[{\"@type\":\"Article\",\"@id\":\"https:\/\/guineediversite.com\/index.php\/2014\/05\/31\/310514-centrafrique-calme-precaire-a-bangui-apres-une-journee-de-violences\/#article\",\"isPartOf\":{\"@id\":\"https:\/\/guineediversite.com\/index.php\/2014\/05\/31\/310514-centrafrique-calme-precaire-a-bangui-apres-une-journee-de-violences\/\"},\"author\":{\"name\":\"Guin\u00e9e Diversit\u00e9\",\"@id\":\"https:\/\/guineediversite.com\/#\/schema\/person\/afa08fb34e7fc6e1feafc892612bc836\"},\"headline\":\"31\/05\/14 Centrafrique : calme pr\u00e9caire \u00e0 Bangui apr\u00e8s une journ\u00e9e de violences\",\"datePublished\":\"2014-05-30T22:00:00+00:00\",\"dateModified\":\"2014-05-30T22:00:00+00:00\",\"mainEntityOfPage\":{\"@id\":\"https:\/\/guineediversite.com\/index.php\/2014\/05\/31\/310514-centrafrique-calme-precaire-a-bangui-apres-une-journee-de-violences\/\"},\"wordCount\":250,\"commentCount\":0,\"publisher\":{\"@id\":\"https:\/\/guineediversite.com\/#organization\"},\"articleSection\":[\"Archives\"],\"inLanguage\":\"fr-FR\",\"potentialAction\":[{\"@type\":\"CommentAction\",\"name\":\"Comment\",\"target\":[\"https:\/\/guineediversite.com\/index.php\/2014\/05\/31\/310514-centrafrique-calme-precaire-a-bangui-apres-une-journee-de-violences\/#respond\"]}]},{\"@type\":\"WebPage\",\"@id\":\"https:\/\/guineediversite.com\/index.php\/2014\/05\/31\/310514-centrafrique-calme-precaire-a-bangui-apres-une-journee-de-violences\/\",\"url\":\"https:\/\/guineediversite.com\/index.php\/2014\/05\/31\/310514-centrafrique-calme-precaire-a-bangui-apres-une-journee-de-violences\/\",\"name\":\"31\/05\/14 Centrafrique : calme pr\u00e9caire \u00e0 Bangui apr\u00e8s une journ\u00e9e de violences | Guin\u00e9e Diversit\u00e9\",\"isPartOf\":{\"@id\":\"https:\/\/guineediversite.com\/#website\"},\"datePublished\":\"2014-05-30T22:00:00+00:00\",\"dateModified\":\"2014-05-30T22:00:00+00:00\",\"breadcrumb\":{\"@id\":\"https:\/\/guineediversite.com\/index.php\/2014\/05\/31\/310514-centrafrique-calme-precaire-a-bangui-apres-une-journee-de-violences\/#breadcrumb\"},\"inLanguage\":\"fr-FR\",\"potentialAction\":[{\"@type\":\"ReadAction\",\"target\":[\"https:\/\/guineediversite.com\/index.php\/2014\/05\/31\/310514-centrafrique-calme-precaire-a-bangui-apres-une-journee-de-violences\/\"]}]},{\"@type\":\"BreadcrumbList\",\"@id\":\"https:\/\/guineediversite.com\/index.php\/2014\/05\/31\/310514-centrafrique-calme-precaire-a-bangui-apres-une-journee-de-violences\/#breadcrumb\",\"itemListElement\":[{\"@type\":\"ListItem\",\"position\":1,\"name\":\"Accueil\",\"item\":\"https:\/\/guineediversite.com\/\"},{\"@type\":\"ListItem\",\"position\":2,\"name\":\"31\/05\/14 Centrafrique : calme pr\u00e9caire \u00e0 Bangui apr\u00e8s une journ\u00e9e de violences\"}]},{\"@type\":\"WebSite\",\"@id\":\"https:\/\/guineediversite.com\/#website\",\"url\":\"https:\/\/guineediversite.com\/\",\"name\":\"Guin\u00e9e Diversit\u00e9\",\"description\":\"L&#039;Info dans toute sa diversit\u00e9\",\"publisher\":{\"@id\":\"https:\/\/guineediversite.com\/#organization\"},\"potentialAction\":[{\"@type\":\"SearchAction\",\"target\":{\"@type\":\"EntryPoint\",\"urlTemplate\":\"https:\/\/guineediversite.com\/?s={search_term_string}\"},\"query-input\":{\"@type\":\"PropertyValueSpecification\",\"valueRequired\":true,\"valueName\":\"search_term_string\"}}],\"inLanguage\":\"fr-FR\"},{\"@type\":\"Organization\",\"@id\":\"https:\/\/guineediversite.com\/#organization\",\"name\":\"Guin\u00e9e Diversit\u00e9\",\"url\":\"https:\/\/guineediversite.com\/\",\"logo\":{\"@type\":\"ImageObject\",\"inLanguage\":\"fr-FR\",\"@id\":\"https:\/\/guineediversite.com\/#\/schema\/logo\/image\/\",\"url\":\"https:\/\/guineediversite.com\/wp-content\/uploads\/2017\/04\/cropped-1jojlxEOMkX9Wyqfhe43D6kjPOGqBBKmx3EwWJqZ0cMrFF54yM49.png\",\"contentUrl\":\"https:\/\/guineediversite.com\/wp-content\/uploads\/2017\/04\/cropped-1jojlxEOMkX9Wyqfhe43D6kjPOGqBBKmx3EwWJqZ0cMrFF54yM49.png\",\"width\":186,\"height\":112,\"caption\":\"Guin\u00e9e Diversit\u00e9\"},\"image\":{\"@id\":\"https:\/\/guineediversite.com\/#\/schema\/logo\/image\/\"},\"sameAs\":[\"https:\/\/www.facebook.com\/guineediversite\/\",\"https:\/\/x.com\/GuineeDiversite\",\"https:\/\/www.youtube.com\/channel\/UC8sUY16qelG5ge6_D5SB83g\"]},{\"@type\":\"Person\",\"@id\":\"https:\/\/guineediversite.com\/#\/schema\/person\/afa08fb34e7fc6e1feafc892612bc836\",\"name\":\"Guin\u00e9e Diversit\u00e9\",\"image\":{\"@type\":\"ImageObject\",\"inLanguage\":\"fr-FR\",\"@id\":\"https:\/\/guineediversite.com\/#\/schema\/person\/image\/\",\"url\":\"https:\/\/secure.gravatar.com\/avatar\/50d5eb5b390f8b65ac30ac6f898eb83a?s=96&d=mm&r=g\",\"contentUrl\":\"https:\/\/secure.gravatar.com\/avatar\/50d5eb5b390f8b65ac30ac6f898eb83a?s=96&d=mm&r=g\",\"caption\":\"Guin\u00e9e Diversit\u00e9\"},\"url\":\"https:\/\/guineediversite.com\/index.php\/author\/guineediversite\/\"}]}<\/script>\n<!-- \/ Yoast SEO plugin. -->","yoast_head_json":{"title":"31\/05\/14 Centrafrique : calme pr\u00e9caire \u00e0 Bangui apr\u00e8s une journ\u00e9e de violences | Guin\u00e9e Diversit\u00e9","robots":{"index":"index","follow":"follow","max-snippet":"max-snippet:-1","max-image-preview":"max-image-preview:large","max-video-preview":"max-video-preview:-1"},"canonical":"https:\/\/guineediversite.com\/index.php\/2014\/05\/31\/310514-centrafrique-calme-precaire-a-bangui-apres-une-journee-de-violences\/","og_locale":"fr_FR","og_type":"article","og_title":"31\/05\/14 Centrafrique : calme pr\u00e9caire \u00e0 Bangui apr\u00e8s une journ\u00e9e de violences | Guin\u00e9e Diversit\u00e9","og_description":"Un calme pr\u00e9caire r\u00e9gnait samedi matin dans les rues de Bangui o\u00f9 aucune voiture ne s&rsquo;aventurait et o\u00f9 les boutiques restaient ferm\u00e9es au lendemain d&rsquo;une journ\u00e9e de violences marqu\u00e9e par la mort de trois manifestants, a constat\u00e9 l&rsquo;AFP. Dans le centre-ville de la capitale centrafricaine, o\u00f9 des rafales d&rsquo;armes automatiques avaient retenti vendredi en marge [&hellip;]","og_url":"https:\/\/guineediversite.com\/index.php\/2014\/05\/31\/310514-centrafrique-calme-precaire-a-bangui-apres-une-journee-de-violences\/","og_site_name":"Guin\u00e9e Diversit\u00e9","article_publisher":"https:\/\/www.facebook.com\/guineediversite\/","article_published_time":"2014-05-30T22:00:00+00:00","author":"Guin\u00e9e Diversit\u00e9","twitter_card":"summary_large_image","twitter_creator":"@GuineeDiversite","twitter_site":"@GuineeDiversite","twitter_misc":{"\u00c9crit par":"Guin\u00e9e Diversit\u00e9","Dur\u00e9e de lecture estim\u00e9e":"1 minute"},"schema":{"@context":"https:\/\/schema.org","@graph":[{"@type":"Article","@id":"https:\/\/guineediversite.com\/index.php\/2014\/05\/31\/310514-centrafrique-calme-precaire-a-bangui-apres-une-journee-de-violences\/#article","isPartOf":{"@id":"https:\/\/guineediversite.com\/index.php\/2014\/05\/31\/310514-centrafrique-calme-precaire-a-bangui-apres-une-journee-de-violences\/"},"author":{"name":"Guin\u00e9e Diversit\u00e9","@id":"https:\/\/guineediversite.com\/#\/schema\/person\/afa08fb34e7fc6e1feafc892612bc836"},"headline":"31\/05\/14 Centrafrique : calme pr\u00e9caire \u00e0 Bangui apr\u00e8s une journ\u00e9e de violences","datePublished":"2014-05-30T22:00:00+00:00","dateModified":"2014-05-30T22:00:00+00:00","mainEntityOfPage":{"@id":"https:\/\/guineediversite.com\/index.php\/2014\/05\/31\/310514-centrafrique-calme-precaire-a-bangui-apres-une-journee-de-violences\/"},"wordCount":250,"commentCount":0,"publisher":{"@id":"https:\/\/guineediversite.com\/#organization"},"articleSection":["Archives"],"inLanguage":"fr-FR","potentialAction":[{"@type":"CommentAction","name":"Comment","target":["https:\/\/guineediversite.com\/index.php\/2014\/05\/31\/310514-centrafrique-calme-precaire-a-bangui-apres-une-journee-de-violences\/#respond"]}]},{"@type":"WebPage","@id":"https:\/\/guineediversite.com\/index.php\/2014\/05\/31\/310514-centrafrique-calme-precaire-a-bangui-apres-une-journee-de-violences\/","url":"https:\/\/guineediversite.com\/index.php\/2014\/05\/31\/310514-centrafrique-calme-precaire-a-bangui-apres-une-journee-de-violences\/","name":"31\/05\/14 Centrafrique : calme pr\u00e9caire \u00e0 Bangui apr\u00e8s une journ\u00e9e de violences | Guin\u00e9e Diversit\u00e9","isPartOf":{"@id":"https:\/\/guineediversite.com\/#website"},"datePublished":"2014-05-30T22:00:00+00:00","dateModified":"2014-05-30T22:00:00+00:00","breadcrumb":{"@id":"https:\/\/guineediversite.com\/index.php\/2014\/05\/31\/310514-centrafrique-calme-precaire-a-bangui-apres-une-journee-de-violences\/#breadcrumb"},"inLanguage":"fr-FR","potentialAction":[{"@type":"ReadAction","target":["https:\/\/guineediversite.com\/index.php\/2014\/05\/31\/310514-centrafrique-calme-precaire-a-bangui-apres-une-journee-de-violences\/"]}]},{"@type":"BreadcrumbList","@id":"https:\/\/guineediversite.com\/index.php\/2014\/05\/31\/310514-centrafrique-calme-precaire-a-bangui-apres-une-journee-de-violences\/#breadcrumb","itemListElement":[{"@type":"ListItem","position":1,"name":"Accueil","item":"https:\/\/guineediversite.com\/"},{"@type":"ListItem","position":2,"name":"31\/05\/14 Centrafrique : calme pr\u00e9caire \u00e0 Bangui apr\u00e8s une journ\u00e9e de violences"}]},{"@type":"WebSite","@id":"https:\/\/guineediversite.com\/#website","url":"https:\/\/guineediversite.com\/","name":"Guin\u00e9e Diversit\u00e9","description":"L&#039;Info dans toute sa diversit\u00e9","publisher":{"@id":"https:\/\/guineediversite.com\/#organization"},"potentialAction":[{"@type":"SearchAction","target":{"@type":"EntryPoint","urlTemplate":"https:\/\/guineediversite.com\/?s={search_term_string}"},"query-input":{"@type":"PropertyValueSpecification","valueRequired":true,"valueName":"search_term_string"}}],"inLanguage":"fr-FR"},{"@type":"Organization","@id":"https:\/\/guineediversite.com\/#organization","name":"Guin\u00e9e Diversit\u00e9","url":"https:\/\/guineediversite.com\/","logo":{"@type":"ImageObject","inLanguage":"fr-FR","@id":"https:\/\/guineediversite.com\/#\/schema\/logo\/image\/","url":"https:\/\/guineediversite.com\/wp-content\/uploads\/2017\/04\/cropped-1jojlxEOMkX9Wyqfhe43D6kjPOGqBBKmx3EwWJqZ0cMrFF54yM49.png","contentUrl":"https:\/\/guineediversite.com\/wp-content\/uploads\/2017\/04\/cropped-1jojlxEOMkX9Wyqfhe43D6kjPOGqBBKmx3EwWJqZ0cMrFF54yM49.png","width":186,"height":112,"caption":"Guin\u00e9e Diversit\u00e9"},"image":{"@id":"https:\/\/guineediversite.com\/#\/schema\/logo\/image\/"},"sameAs":["https:\/\/www.facebook.com\/guineediversite\/","https:\/\/x.com\/GuineeDiversite","https:\/\/www.youtube.com\/channel\/UC8sUY16qelG5ge6_D5SB83g"]},{"@type":"Person","@id":"https:\/\/guineediversite.com\/#\/schema\/person\/afa08fb34e7fc6e1feafc892612bc836","name":"Guin\u00e9e Diversit\u00e9","image":{"@type":"ImageObject","inLanguage":"fr-FR","@id":"https:\/\/guineediversite.com\/#\/schema\/person\/image\/","url":"https:\/\/secure.gravatar.com\/avatar\/50d5eb5b390f8b65ac30ac6f898eb83a?s=96&d=mm&r=g","contentUrl":"https:\/\/secure.gravatar.com\/avatar\/50d5eb5b390f8b65ac30ac6f898eb83a?s=96&d=mm&r=g","caption":"Guin\u00e9e Diversit\u00e9"},"url":"https:\/\/guineediversite.com\/index.php\/author\/guineediversite\/"}]}},"_links":{"self":[{"href":"https:\/\/guineediversite.com\/index.php\/wp-json\/wp\/v2\/posts\/16887"}],"collection":[{"href":"https:\/\/guineediversite.com\/index.php\/wp-json\/wp\/v2\/posts"}],"about":[{"href":"https:\/\/guineediversite.com\/index.php\/wp-json\/wp\/v2\/types\/post"}],"author":[{"embeddable":true,"href":"https:\/\/guineediversite.com\/index.php\/wp-json\/wp\/v2\/users\/12"}],"replies":[{"embeddable":true,"href":"https:\/\/guineediversite.com\/index.php\/wp-json\/wp\/v2\/comments?post=16887"}],"version-history":[{"count":0,"href":"https:\/\/guineediversite.com\/index.php\/wp-json\/wp\/v2\/posts\/16887\/revisions"}],"wp:attachment":[{"href":"https:\/\/guineediversite.com\/index.php\/wp-json\/wp\/v2\/media?parent=16887"}],"wp:term":[{"taxonomy":"category","embeddable":true,"href":"https:\/\/guineediversite.com\/index.php\/wp-json\/wp\/v2\/categories?post=16887"},{"taxonomy":"post_tag","embeddable":true,"href":"https:\/\/guineediversite.com\/index.php\/wp-json\/wp\/v2\/tags?post=16887"}],"curies":[{"name":"wp","href":"https:\/\/api.w.org\/{rel}","templated":true}]}}