{"id":16817,"date":"2014-05-19T00:00:00","date_gmt":"2014-05-18T22:00:00","guid":{"rendered":"https:\/\/www.guineediversite.com\/index.php\/2014\/05\/19\/190514-les-bissau-guineens-elisent-leur-president-dans-le-calme\/"},"modified":"2014-05-19T00:00:00","modified_gmt":"2014-05-18T22:00:00","slug":"190514-les-bissau-guineens-elisent-leur-president-dans-le-calme","status":"publish","type":"post","link":"https:\/\/guineediversite.com\/index.php\/2014\/05\/19\/190514-les-bissau-guineens-elisent-leur-president-dans-le-calme\/","title":{"rendered":"19\/05\/14 Les Bissau-guin\u00e9ens \u00e9lisent leur pr\u00e9sident dans le calme"},"content":{"rendered":"<p>Les Bissau-guin\u00e9ens ont vot\u00e9 dimanche, dans le calme la plupart du temps, pour le second tour de l&rsquo;\u00e9lection pr\u00e9sidentielle, dans l&rsquo;espoir de ramener la stabilit\u00e9 dans leur pays deux ans apr\u00e8s l&rsquo;\u00e9ni\u00e8me coup d&rsquo;Etat de son histoire.<br \/>\nA Bissau, le d\u00e9pouillement a d\u00e9but\u00e9 juste apr\u00e8s la fermeture des bureaux de vote pr\u00e9vue \u00e0 18H00 (locales et GMT), selon un journaliste de l&rsquo;AFP, qui a vu certains bureaux fermer en avance, faute d&rsquo;\u00e9lecteurs.<br \/>\nLes op\u00e9rations de vote, qui avaient d\u00e9but\u00e9 \u00e0 07H00 dans plus de 3.000 bureaux \u00e0 travers le pays, se sont d\u00e9roul\u00e9 &quot;normalement&quot; en g\u00e9n\u00e9ral dans la capitale et en province, selon la Commission nationale \u00e9lectorale (CNE). Une de ses responsables, Catia All\u00e9luia Lopes, avait indiqu\u00e9 que &quot;60 \u00e0 65% des inscrits&quot; avaient vot\u00e9 vers 15H30.<br \/>\nLe premier tour, organis\u00e9 en m\u00eame temps que des l\u00e9gislatives le 13 avril, avait connu un taux de participation de 89,29%, un record d&rsquo;apr\u00e8s la CNE.<br \/>\nPr\u00e8s de 800.000 \u00e9lecteurs sont appel\u00e9s \u00e0 choisir entre Jos\u00e9 Mario Vaz, dit &quot;Jomav&quot;, 57 ans, du Parti africain pour l&rsquo;ind\u00e9pendance de la Guin\u00e9e-Bissau et du Cap-Vert (PAIGC, premi\u00e8re formation du pays), et Nuno Gomes Nabiam, 51 ans, sans \u00e9tiquette mais notoirement soutenu par le Parti de la r\u00e9novation sociale (PRS, deuxi\u00e8me formation du pays) et des chefs de l&rsquo;arm\u00e9e.<br \/>\nApr\u00e8s avoir vot\u00e9, Jos\u00e9 Mario Vaz, ex-ministre des Finances r\u00e9put\u00e9 bon gestionnaire, a d\u00e9nonc\u00e9 des &quot;intimidations&quot;, incluant des agressions physiques, \u00e0 l&rsquo;encontre de ses partisans par des &quot;gens arm\u00e9s&quot;. Dans des communiqu\u00e9s distincts, le PAIGC et la Ligue bissau-guin\u00e9enne des droits de l&rsquo;Homme (LBGDH) ont parl\u00e9 de trois pro-Vaz agress\u00e9s samedi \u00e0 Bissau et de 15 dimanche \u00e0 Bafata (est).<br \/>\nNuno Nabiam, directeur national de l&rsquo;aviation civile depuis 2012, s&rsquo;est d\u00e9clar\u00e9 confiant en sa victoire apr\u00e8s avoir vot\u00e9.<br \/>\nIl a ni\u00e9 \u00eatre le candidat de l&rsquo;arm\u00e9e en d\u00e9pit de sa proximit\u00e9 bien connue avec le haut commandement militaire. &quot;L&rsquo;arm\u00e9e n&rsquo;a pas de candidat. Et on me colle cette \u00e9tiquette \u00e0 tort&quot;, a-t-il lanc\u00e9.<br \/>\nL&rsquo;entourage de Nuno Nabiam a par ailleurs d\u00e9nonc\u00e9 une tentative de corruption de ses partisans dans la nuit de samedi \u00e0 dimanche \u00e0 Bafata.<br \/>\nLe scrutin doit permettre de ramener la stabilit\u00e9 en Guin\u00e9e-Bissau deux ans apr\u00e8s un coup d&rsquo;Etat militaire qui, le 12 avril 2012, a renvers\u00e9 le r\u00e9gime du PAIGC entre les deux tours d&rsquo;une pr\u00e9sidentielle, interrompue du m\u00eame coup.<br \/>\nPlusieurs organisations nationales et internationales, dont la Commission \u00e9conomique des Etats de l&rsquo;Afrique de l&rsquo;Ouest (C\u00e9d\u00e9ao) et l&rsquo;Union africaine (UA), avaient d\u00e9ploy\u00e9 des observateurs pour superviser le scrutin.<br \/>\nAux candidats et \u00e0 leurs partisans, &quot;nous demandons (&#8230;) de s&rsquo;abstenir de toute proclamation pr\u00e9matur\u00e9e du r\u00e9sultat&quot;, a exhort\u00e9 samedi l&rsquo;ex-pr\u00e9sident mozambicain Joaquim Chissano, de l&rsquo;UA, au nom des chefs des observateurs.<br \/>\nLes r\u00e9sultats doivent \u00eatre proclam\u00e9s dans les cinq jours qui suivent le scrutin, selon la loi.<br \/>\nAvec AFP<\/p>\n","protected":false},"excerpt":{"rendered":"<p>Les Bissau-guin\u00e9ens ont vot\u00e9 dimanche, dans le calme la plupart du temps, pour le second tour de l&rsquo;\u00e9lection pr\u00e9sidentielle, dans l&rsquo;espoir de ramener la stabilit\u00e9 dans leur pays deux ans apr\u00e8s l&rsquo;\u00e9ni\u00e8me coup d&rsquo;Etat de son histoire. A Bissau, le d\u00e9pouillement a d\u00e9but\u00e9 juste apr\u00e8s la fermeture des bureaux de vote pr\u00e9vue \u00e0 18H00 (locales [&hellip;]<\/p>\n","protected":false},"author":12,"featured_media":0,"comment_status":"open","ping_status":"open","sticky":false,"template":"","format":"standard","meta":{"_exactmetrics_skip_tracking":false,"_exactmetrics_sitenote_active":false,"_exactmetrics_sitenote_note":"","_exactmetrics_sitenote_category":0,"tdm_status":"","tdm_grid_status":"","footnotes":""},"categories":[28],"tags":[],"class_list":{"0":"post-16817","1":"post","2":"type-post","3":"status-publish","4":"format-standard","6":"category-archives"},"yoast_head":"<!-- This site is optimized with the Yoast SEO plugin v24.2 - https:\/\/yoast.com\/wordpress\/plugins\/seo\/ -->\n<title>19\/05\/14 Les Bissau-guin\u00e9ens \u00e9lisent leur pr\u00e9sident dans le calme | Guin\u00e9e Diversit\u00e9<\/title>\n<meta name=\"robots\" content=\"index, follow, max-snippet:-1, max-image-preview:large, max-video-preview:-1\" \/>\n<link rel=\"canonical\" href=\"https:\/\/guineediversite.com\/index.php\/2014\/05\/19\/190514-les-bissau-guineens-elisent-leur-president-dans-le-calme\/\" \/>\n<meta property=\"og:locale\" content=\"fr_FR\" \/>\n<meta property=\"og:type\" content=\"article\" \/>\n<meta property=\"og:title\" content=\"19\/05\/14 Les Bissau-guin\u00e9ens \u00e9lisent leur pr\u00e9sident dans le calme | Guin\u00e9e Diversit\u00e9\" \/>\n<meta property=\"og:description\" content=\"Les Bissau-guin\u00e9ens ont vot\u00e9 dimanche, dans le calme la plupart du temps, pour le second tour de l&rsquo;\u00e9lection pr\u00e9sidentielle, dans l&rsquo;espoir de ramener la stabilit\u00e9 dans leur pays deux ans apr\u00e8s l&rsquo;\u00e9ni\u00e8me coup d&rsquo;Etat de son histoire. A Bissau, le d\u00e9pouillement a d\u00e9but\u00e9 juste apr\u00e8s la fermeture des bureaux de vote pr\u00e9vue \u00e0 18H00 (locales [&hellip;]\" \/>\n<meta property=\"og:url\" content=\"https:\/\/guineediversite.com\/index.php\/2014\/05\/19\/190514-les-bissau-guineens-elisent-leur-president-dans-le-calme\/\" \/>\n<meta property=\"og:site_name\" content=\"Guin\u00e9e Diversit\u00e9\" \/>\n<meta property=\"article:publisher\" content=\"https:\/\/www.facebook.com\/guineediversite\/\" \/>\n<meta property=\"article:published_time\" content=\"2014-05-18T22:00:00+00:00\" \/>\n<meta name=\"author\" content=\"Guin\u00e9e Diversit\u00e9\" \/>\n<meta name=\"twitter:card\" content=\"summary_large_image\" \/>\n<meta name=\"twitter:creator\" content=\"@GuineeDiversite\" \/>\n<meta name=\"twitter:site\" content=\"@GuineeDiversite\" \/>\n<meta name=\"twitter:label1\" content=\"\u00c9crit par\" \/>\n\t<meta name=\"twitter:data1\" content=\"Guin\u00e9e Diversit\u00e9\" \/>\n\t<meta name=\"twitter:label2\" content=\"Dur\u00e9e de lecture estim\u00e9e\" \/>\n\t<meta name=\"twitter:data2\" content=\"3 minutes\" \/>\n<script type=\"application\/ld+json\" class=\"yoast-schema-graph\">{\"@context\":\"https:\/\/schema.org\",\"@graph\":[{\"@type\":\"Article\",\"@id\":\"https:\/\/guineediversite.com\/index.php\/2014\/05\/19\/190514-les-bissau-guineens-elisent-leur-president-dans-le-calme\/#article\",\"isPartOf\":{\"@id\":\"https:\/\/guineediversite.com\/index.php\/2014\/05\/19\/190514-les-bissau-guineens-elisent-leur-president-dans-le-calme\/\"},\"author\":{\"name\":\"Guin\u00e9e Diversit\u00e9\",\"@id\":\"https:\/\/guineediversite.com\/#\/schema\/person\/afa08fb34e7fc6e1feafc892612bc836\"},\"headline\":\"19\/05\/14 Les Bissau-guin\u00e9ens \u00e9lisent leur pr\u00e9sident dans le calme\",\"datePublished\":\"2014-05-18T22:00:00+00:00\",\"dateModified\":\"2014-05-18T22:00:00+00:00\",\"mainEntityOfPage\":{\"@id\":\"https:\/\/guineediversite.com\/index.php\/2014\/05\/19\/190514-les-bissau-guineens-elisent-leur-president-dans-le-calme\/\"},\"wordCount\":542,\"commentCount\":0,\"publisher\":{\"@id\":\"https:\/\/guineediversite.com\/#organization\"},\"articleSection\":[\"Archives\"],\"inLanguage\":\"fr-FR\",\"potentialAction\":[{\"@type\":\"CommentAction\",\"name\":\"Comment\",\"target\":[\"https:\/\/guineediversite.com\/index.php\/2014\/05\/19\/190514-les-bissau-guineens-elisent-leur-president-dans-le-calme\/#respond\"]}]},{\"@type\":\"WebPage\",\"@id\":\"https:\/\/guineediversite.com\/index.php\/2014\/05\/19\/190514-les-bissau-guineens-elisent-leur-president-dans-le-calme\/\",\"url\":\"https:\/\/guineediversite.com\/index.php\/2014\/05\/19\/190514-les-bissau-guineens-elisent-leur-president-dans-le-calme\/\",\"name\":\"19\/05\/14 Les Bissau-guin\u00e9ens \u00e9lisent leur pr\u00e9sident dans le calme | Guin\u00e9e Diversit\u00e9\",\"isPartOf\":{\"@id\":\"https:\/\/guineediversite.com\/#website\"},\"datePublished\":\"2014-05-18T22:00:00+00:00\",\"dateModified\":\"2014-05-18T22:00:00+00:00\",\"breadcrumb\":{\"@id\":\"https:\/\/guineediversite.com\/index.php\/2014\/05\/19\/190514-les-bissau-guineens-elisent-leur-president-dans-le-calme\/#breadcrumb\"},\"inLanguage\":\"fr-FR\",\"potentialAction\":[{\"@type\":\"ReadAction\",\"target\":[\"https:\/\/guineediversite.com\/index.php\/2014\/05\/19\/190514-les-bissau-guineens-elisent-leur-president-dans-le-calme\/\"]}]},{\"@type\":\"BreadcrumbList\",\"@id\":\"https:\/\/guineediversite.com\/index.php\/2014\/05\/19\/190514-les-bissau-guineens-elisent-leur-president-dans-le-calme\/#breadcrumb\",\"itemListElement\":[{\"@type\":\"ListItem\",\"position\":1,\"name\":\"Accueil\",\"item\":\"https:\/\/guineediversite.com\/\"},{\"@type\":\"ListItem\",\"position\":2,\"name\":\"19\/05\/14 Les Bissau-guin\u00e9ens \u00e9lisent leur pr\u00e9sident dans le calme\"}]},{\"@type\":\"WebSite\",\"@id\":\"https:\/\/guineediversite.com\/#website\",\"url\":\"https:\/\/guineediversite.com\/\",\"name\":\"Guin\u00e9e Diversit\u00e9\",\"description\":\"L&#039;Info dans toute sa diversit\u00e9\",\"publisher\":{\"@id\":\"https:\/\/guineediversite.com\/#organization\"},\"potentialAction\":[{\"@type\":\"SearchAction\",\"target\":{\"@type\":\"EntryPoint\",\"urlTemplate\":\"https:\/\/guineediversite.com\/?s={search_term_string}\"},\"query-input\":{\"@type\":\"PropertyValueSpecification\",\"valueRequired\":true,\"valueName\":\"search_term_string\"}}],\"inLanguage\":\"fr-FR\"},{\"@type\":\"Organization\",\"@id\":\"https:\/\/guineediversite.com\/#organization\",\"name\":\"Guin\u00e9e Diversit\u00e9\",\"url\":\"https:\/\/guineediversite.com\/\",\"logo\":{\"@type\":\"ImageObject\",\"inLanguage\":\"fr-FR\",\"@id\":\"https:\/\/guineediversite.com\/#\/schema\/logo\/image\/\",\"url\":\"https:\/\/guineediversite.com\/wp-content\/uploads\/2017\/04\/cropped-1jojlxEOMkX9Wyqfhe43D6kjPOGqBBKmx3EwWJqZ0cMrFF54yM49.png\",\"contentUrl\":\"https:\/\/guineediversite.com\/wp-content\/uploads\/2017\/04\/cropped-1jojlxEOMkX9Wyqfhe43D6kjPOGqBBKmx3EwWJqZ0cMrFF54yM49.png\",\"width\":186,\"height\":112,\"caption\":\"Guin\u00e9e Diversit\u00e9\"},\"image\":{\"@id\":\"https:\/\/guineediversite.com\/#\/schema\/logo\/image\/\"},\"sameAs\":[\"https:\/\/www.facebook.com\/guineediversite\/\",\"https:\/\/x.com\/GuineeDiversite\",\"https:\/\/www.youtube.com\/channel\/UC8sUY16qelG5ge6_D5SB83g\"]},{\"@type\":\"Person\",\"@id\":\"https:\/\/guineediversite.com\/#\/schema\/person\/afa08fb34e7fc6e1feafc892612bc836\",\"name\":\"Guin\u00e9e Diversit\u00e9\",\"image\":{\"@type\":\"ImageObject\",\"inLanguage\":\"fr-FR\",\"@id\":\"https:\/\/guineediversite.com\/#\/schema\/person\/image\/\",\"url\":\"https:\/\/secure.gravatar.com\/avatar\/50d5eb5b390f8b65ac30ac6f898eb83a?s=96&d=mm&r=g\",\"contentUrl\":\"https:\/\/secure.gravatar.com\/avatar\/50d5eb5b390f8b65ac30ac6f898eb83a?s=96&d=mm&r=g\",\"caption\":\"Guin\u00e9e Diversit\u00e9\"},\"url\":\"https:\/\/guineediversite.com\/index.php\/author\/guineediversite\/\"}]}<\/script>\n<!-- \/ Yoast SEO plugin. -->","yoast_head_json":{"title":"19\/05\/14 Les Bissau-guin\u00e9ens \u00e9lisent leur pr\u00e9sident dans le calme | Guin\u00e9e Diversit\u00e9","robots":{"index":"index","follow":"follow","max-snippet":"max-snippet:-1","max-image-preview":"max-image-preview:large","max-video-preview":"max-video-preview:-1"},"canonical":"https:\/\/guineediversite.com\/index.php\/2014\/05\/19\/190514-les-bissau-guineens-elisent-leur-president-dans-le-calme\/","og_locale":"fr_FR","og_type":"article","og_title":"19\/05\/14 Les Bissau-guin\u00e9ens \u00e9lisent leur pr\u00e9sident dans le calme | Guin\u00e9e Diversit\u00e9","og_description":"Les Bissau-guin\u00e9ens ont vot\u00e9 dimanche, dans le calme la plupart du temps, pour le second tour de l&rsquo;\u00e9lection pr\u00e9sidentielle, dans l&rsquo;espoir de ramener la stabilit\u00e9 dans leur pays deux ans apr\u00e8s l&rsquo;\u00e9ni\u00e8me coup d&rsquo;Etat de son histoire. A Bissau, le d\u00e9pouillement a d\u00e9but\u00e9 juste apr\u00e8s la fermeture des bureaux de vote pr\u00e9vue \u00e0 18H00 (locales [&hellip;]","og_url":"https:\/\/guineediversite.com\/index.php\/2014\/05\/19\/190514-les-bissau-guineens-elisent-leur-president-dans-le-calme\/","og_site_name":"Guin\u00e9e Diversit\u00e9","article_publisher":"https:\/\/www.facebook.com\/guineediversite\/","article_published_time":"2014-05-18T22:00:00+00:00","author":"Guin\u00e9e Diversit\u00e9","twitter_card":"summary_large_image","twitter_creator":"@GuineeDiversite","twitter_site":"@GuineeDiversite","twitter_misc":{"\u00c9crit par":"Guin\u00e9e Diversit\u00e9","Dur\u00e9e de lecture estim\u00e9e":"3 minutes"},"schema":{"@context":"https:\/\/schema.org","@graph":[{"@type":"Article","@id":"https:\/\/guineediversite.com\/index.php\/2014\/05\/19\/190514-les-bissau-guineens-elisent-leur-president-dans-le-calme\/#article","isPartOf":{"@id":"https:\/\/guineediversite.com\/index.php\/2014\/05\/19\/190514-les-bissau-guineens-elisent-leur-president-dans-le-calme\/"},"author":{"name":"Guin\u00e9e Diversit\u00e9","@id":"https:\/\/guineediversite.com\/#\/schema\/person\/afa08fb34e7fc6e1feafc892612bc836"},"headline":"19\/05\/14 Les Bissau-guin\u00e9ens \u00e9lisent leur pr\u00e9sident dans le calme","datePublished":"2014-05-18T22:00:00+00:00","dateModified":"2014-05-18T22:00:00+00:00","mainEntityOfPage":{"@id":"https:\/\/guineediversite.com\/index.php\/2014\/05\/19\/190514-les-bissau-guineens-elisent-leur-president-dans-le-calme\/"},"wordCount":542,"commentCount":0,"publisher":{"@id":"https:\/\/guineediversite.com\/#organization"},"articleSection":["Archives"],"inLanguage":"fr-FR","potentialAction":[{"@type":"CommentAction","name":"Comment","target":["https:\/\/guineediversite.com\/index.php\/2014\/05\/19\/190514-les-bissau-guineens-elisent-leur-president-dans-le-calme\/#respond"]}]},{"@type":"WebPage","@id":"https:\/\/guineediversite.com\/index.php\/2014\/05\/19\/190514-les-bissau-guineens-elisent-leur-president-dans-le-calme\/","url":"https:\/\/guineediversite.com\/index.php\/2014\/05\/19\/190514-les-bissau-guineens-elisent-leur-president-dans-le-calme\/","name":"19\/05\/14 Les Bissau-guin\u00e9ens \u00e9lisent leur pr\u00e9sident dans le calme | Guin\u00e9e Diversit\u00e9","isPartOf":{"@id":"https:\/\/guineediversite.com\/#website"},"datePublished":"2014-05-18T22:00:00+00:00","dateModified":"2014-05-18T22:00:00+00:00","breadcrumb":{"@id":"https:\/\/guineediversite.com\/index.php\/2014\/05\/19\/190514-les-bissau-guineens-elisent-leur-president-dans-le-calme\/#breadcrumb"},"inLanguage":"fr-FR","potentialAction":[{"@type":"ReadAction","target":["https:\/\/guineediversite.com\/index.php\/2014\/05\/19\/190514-les-bissau-guineens-elisent-leur-president-dans-le-calme\/"]}]},{"@type":"BreadcrumbList","@id":"https:\/\/guineediversite.com\/index.php\/2014\/05\/19\/190514-les-bissau-guineens-elisent-leur-president-dans-le-calme\/#breadcrumb","itemListElement":[{"@type":"ListItem","position":1,"name":"Accueil","item":"https:\/\/guineediversite.com\/"},{"@type":"ListItem","position":2,"name":"19\/05\/14 Les Bissau-guin\u00e9ens \u00e9lisent leur pr\u00e9sident dans le calme"}]},{"@type":"WebSite","@id":"https:\/\/guineediversite.com\/#website","url":"https:\/\/guineediversite.com\/","name":"Guin\u00e9e Diversit\u00e9","description":"L&#039;Info dans toute sa diversit\u00e9","publisher":{"@id":"https:\/\/guineediversite.com\/#organization"},"potentialAction":[{"@type":"SearchAction","target":{"@type":"EntryPoint","urlTemplate":"https:\/\/guineediversite.com\/?s={search_term_string}"},"query-input":{"@type":"PropertyValueSpecification","valueRequired":true,"valueName":"search_term_string"}}],"inLanguage":"fr-FR"},{"@type":"Organization","@id":"https:\/\/guineediversite.com\/#organization","name":"Guin\u00e9e Diversit\u00e9","url":"https:\/\/guineediversite.com\/","logo":{"@type":"ImageObject","inLanguage":"fr-FR","@id":"https:\/\/guineediversite.com\/#\/schema\/logo\/image\/","url":"https:\/\/guineediversite.com\/wp-content\/uploads\/2017\/04\/cropped-1jojlxEOMkX9Wyqfhe43D6kjPOGqBBKmx3EwWJqZ0cMrFF54yM49.png","contentUrl":"https:\/\/guineediversite.com\/wp-content\/uploads\/2017\/04\/cropped-1jojlxEOMkX9Wyqfhe43D6kjPOGqBBKmx3EwWJqZ0cMrFF54yM49.png","width":186,"height":112,"caption":"Guin\u00e9e Diversit\u00e9"},"image":{"@id":"https:\/\/guineediversite.com\/#\/schema\/logo\/image\/"},"sameAs":["https:\/\/www.facebook.com\/guineediversite\/","https:\/\/x.com\/GuineeDiversite","https:\/\/www.youtube.com\/channel\/UC8sUY16qelG5ge6_D5SB83g"]},{"@type":"Person","@id":"https:\/\/guineediversite.com\/#\/schema\/person\/afa08fb34e7fc6e1feafc892612bc836","name":"Guin\u00e9e Diversit\u00e9","image":{"@type":"ImageObject","inLanguage":"fr-FR","@id":"https:\/\/guineediversite.com\/#\/schema\/person\/image\/","url":"https:\/\/secure.gravatar.com\/avatar\/50d5eb5b390f8b65ac30ac6f898eb83a?s=96&d=mm&r=g","contentUrl":"https:\/\/secure.gravatar.com\/avatar\/50d5eb5b390f8b65ac30ac6f898eb83a?s=96&d=mm&r=g","caption":"Guin\u00e9e Diversit\u00e9"},"url":"https:\/\/guineediversite.com\/index.php\/author\/guineediversite\/"}]}},"_links":{"self":[{"href":"https:\/\/guineediversite.com\/index.php\/wp-json\/wp\/v2\/posts\/16817"}],"collection":[{"href":"https:\/\/guineediversite.com\/index.php\/wp-json\/wp\/v2\/posts"}],"about":[{"href":"https:\/\/guineediversite.com\/index.php\/wp-json\/wp\/v2\/types\/post"}],"author":[{"embeddable":true,"href":"https:\/\/guineediversite.com\/index.php\/wp-json\/wp\/v2\/users\/12"}],"replies":[{"embeddable":true,"href":"https:\/\/guineediversite.com\/index.php\/wp-json\/wp\/v2\/comments?post=16817"}],"version-history":[{"count":0,"href":"https:\/\/guineediversite.com\/index.php\/wp-json\/wp\/v2\/posts\/16817\/revisions"}],"wp:attachment":[{"href":"https:\/\/guineediversite.com\/index.php\/wp-json\/wp\/v2\/media?parent=16817"}],"wp:term":[{"taxonomy":"category","embeddable":true,"href":"https:\/\/guineediversite.com\/index.php\/wp-json\/wp\/v2\/categories?post=16817"},{"taxonomy":"post_tag","embeddable":true,"href":"https:\/\/guineediversite.com\/index.php\/wp-json\/wp\/v2\/tags?post=16817"}],"curies":[{"name":"wp","href":"https:\/\/api.w.org\/{rel}","templated":true}]}}