{"id":16812,"date":"2014-05-17T00:00:00","date_gmt":"2014-05-16T22:00:00","guid":{"rendered":"https:\/\/www.guineediversite.com\/index.php\/2014\/05\/17\/17-05-14paris-france-5-presidents-africains-autour-de-francois-hollande-pour-letablissement-dune-strategie-commune-contre-le-boko-haram\/"},"modified":"2014-05-17T00:00:00","modified_gmt":"2014-05-16T22:00:00","slug":"17-05-14paris-france-5-presidents-africains-autour-de-francois-hollande-pour-letablissement-dune-strategie-commune-contre-le-boko-haram","status":"publish","type":"post","link":"https:\/\/guineediversite.com\/index.php\/2014\/05\/17\/17-05-14paris-france-5-presidents-africains-autour-de-francois-hollande-pour-letablissement-dune-strategie-commune-contre-le-boko-haram\/","title":{"rendered":"17 \/ 05\/ 14\nParis- France : 5 Pr\u00e9sidents africains autour de Fran\u00e7ois Hollande pour l\u2019\u00e9tablissement d\u2019une strat\u00e9gie commune contre le Boko Haram"},"content":{"rendered":"<p>Paris accueille ce  samedi 17 mai 2014,  un mini sommet africain autour du pr\u00e9sident nig\u00e9rian Goodluck Jonathan pour \u00e9tablir une strat\u00e9gie commune contre Boko Haram, un mois apr\u00e8s l&rsquo;enl\u00e8vement de plus de 200 lyc\u00e9ennes et apr\u00e8s une attaque dans la nuit contre un camp de Chinois au Cameroun, attribu\u00e9e au groupe islamiste.<\/p>\n<p>Un Chinois a \u00e9t\u00e9 tu\u00e9 et dix autres &quot;ont probablement \u00e9t\u00e9 kidnapp\u00e9s&quot; dans la nuit de vendredi \u00e0 samedi dans cette attaque contre un camp de travailleurs du secteur routier perp\u00e9tr\u00e9e dans l&rsquo;extr\u00eame-nord du Cameroun et attribu\u00e9e par la police camerounaise aux islamistes nig\u00e9rians.<br \/>\n&quot;Les Boko Haram \u00e9taient lourdement arm\u00e9s. Ils sont venus avec cinq v\u00e9hicules&quot;, a affirm\u00e9 un responsable administratif de Waza, localit\u00e9 proche du site de travailleurs chinois.<\/p>\n<p>Cette nouvelle op\u00e9ration attribu\u00e9e au groupe islamiste accro\u00eet encore un peu plus la pression sur le sommet de Paris au moment o\u00f9 la strat\u00e9gie du pr\u00e9sident nig\u00e9rian Goodluck Jonathan pour le combattre est de plus en plus contest\u00e9e.<\/p>\n<p>M. Jonathan est arriv\u00e9 le premier \u00e0 l&rsquo;Elys\u00e9e peu avant midi (10H00 GMT) et il a accueilli ensuite, avec le pr\u00e9sident fran\u00e7ais Fran\u00e7ois Hollande, les chefs d&rsquo;Etat du Cameroun, du Niger, du Tchad et du B\u00e9nin, ainsi que des repr\u00e9sentants des Etats-Unis, de la Grande-Bretagne et de l&rsquo;Union europ\u00e9enne.<br \/>\nBoko Haram est apparu en 2002 dans le nord-est d\u00e9favoris\u00e9 du Nigeria et s&rsquo;est radicalis\u00e9 \u00e0 partir de 2009. Le groupe menace de plus en plus les voisins du g\u00e9ant anglophone d&rsquo;Afrique de l&rsquo;Ouest.<\/p>\n<p>Avec AFP<\/p>\n","protected":false},"excerpt":{"rendered":"<p>Paris accueille ce samedi 17 mai 2014, un mini sommet africain autour du pr\u00e9sident nig\u00e9rian Goodluck Jonathan pour \u00e9tablir une strat\u00e9gie commune contre Boko Haram, un mois apr\u00e8s l&rsquo;enl\u00e8vement de plus de 200 lyc\u00e9ennes et apr\u00e8s une attaque dans la nuit contre un camp de Chinois au Cameroun, attribu\u00e9e au groupe islamiste. Un Chinois a [&hellip;]<\/p>\n","protected":false},"author":12,"featured_media":0,"comment_status":"open","ping_status":"open","sticky":false,"template":"","format":"standard","meta":{"_exactmetrics_skip_tracking":false,"_exactmetrics_sitenote_active":false,"_exactmetrics_sitenote_note":"","_exactmetrics_sitenote_category":0,"tdm_status":"","tdm_grid_status":"","footnotes":""},"categories":[28],"tags":[],"class_list":{"0":"post-16812","1":"post","2":"type-post","3":"status-publish","4":"format-standard","6":"category-archives"},"yoast_head":"<!-- This site is optimized with the Yoast SEO plugin v24.2 - https:\/\/yoast.com\/wordpress\/plugins\/seo\/ -->\n<title>17 \/ 05\/ 14 Paris- France : 5 Pr\u00e9sidents africains autour de Fran\u00e7ois Hollande pour l\u2019\u00e9tablissement d\u2019une strat\u00e9gie commune contre le Boko Haram | Guin\u00e9e Diversit\u00e9<\/title>\n<meta name=\"robots\" content=\"index, follow, max-snippet:-1, max-image-preview:large, max-video-preview:-1\" \/>\n<link rel=\"canonical\" href=\"https:\/\/guineediversite.com\/index.php\/2014\/05\/17\/17-05-14paris-france-5-presidents-africains-autour-de-francois-hollande-pour-letablissement-dune-strategie-commune-contre-le-boko-haram\/\" \/>\n<meta property=\"og:locale\" content=\"fr_FR\" \/>\n<meta property=\"og:type\" content=\"article\" \/>\n<meta property=\"og:title\" content=\"17 \/ 05\/ 14 Paris- France : 5 Pr\u00e9sidents africains autour de Fran\u00e7ois Hollande pour l\u2019\u00e9tablissement d\u2019une strat\u00e9gie commune contre le Boko Haram | Guin\u00e9e Diversit\u00e9\" \/>\n<meta property=\"og:description\" content=\"Paris accueille ce samedi 17 mai 2014, un mini sommet africain autour du pr\u00e9sident nig\u00e9rian Goodluck Jonathan pour \u00e9tablir une strat\u00e9gie commune contre Boko Haram, un mois apr\u00e8s l&rsquo;enl\u00e8vement de plus de 200 lyc\u00e9ennes et apr\u00e8s une attaque dans la nuit contre un camp de Chinois au Cameroun, attribu\u00e9e au groupe islamiste. Un Chinois a [&hellip;]\" \/>\n<meta property=\"og:url\" content=\"https:\/\/guineediversite.com\/index.php\/2014\/05\/17\/17-05-14paris-france-5-presidents-africains-autour-de-francois-hollande-pour-letablissement-dune-strategie-commune-contre-le-boko-haram\/\" \/>\n<meta property=\"og:site_name\" content=\"Guin\u00e9e Diversit\u00e9\" \/>\n<meta property=\"article:publisher\" content=\"https:\/\/www.facebook.com\/guineediversite\/\" \/>\n<meta property=\"article:published_time\" content=\"2014-05-16T22:00:00+00:00\" \/>\n<meta name=\"author\" content=\"Guin\u00e9e Diversit\u00e9\" \/>\n<meta name=\"twitter:card\" content=\"summary_large_image\" \/>\n<meta name=\"twitter:creator\" content=\"@GuineeDiversite\" \/>\n<meta name=\"twitter:site\" content=\"@GuineeDiversite\" \/>\n<meta name=\"twitter:label1\" content=\"\u00c9crit par\" \/>\n\t<meta name=\"twitter:data1\" content=\"Guin\u00e9e Diversit\u00e9\" \/>\n\t<meta name=\"twitter:label2\" content=\"Dur\u00e9e de lecture estim\u00e9e\" \/>\n\t<meta name=\"twitter:data2\" content=\"1 minute\" \/>\n<script type=\"application\/ld+json\" class=\"yoast-schema-graph\">{\"@context\":\"https:\/\/schema.org\",\"@graph\":[{\"@type\":\"Article\",\"@id\":\"https:\/\/guineediversite.com\/index.php\/2014\/05\/17\/17-05-14paris-france-5-presidents-africains-autour-de-francois-hollande-pour-letablissement-dune-strategie-commune-contre-le-boko-haram\/#article\",\"isPartOf\":{\"@id\":\"https:\/\/guineediversite.com\/index.php\/2014\/05\/17\/17-05-14paris-france-5-presidents-africains-autour-de-francois-hollande-pour-letablissement-dune-strategie-commune-contre-le-boko-haram\/\"},\"author\":{\"name\":\"Guin\u00e9e Diversit\u00e9\",\"@id\":\"https:\/\/guineediversite.com\/#\/schema\/person\/afa08fb34e7fc6e1feafc892612bc836\"},\"headline\":\"17 \/ 05\/ 14 Paris- France : 5 Pr\u00e9sidents africains autour de Fran\u00e7ois Hollande pour l\u2019\u00e9tablissement d\u2019une strat\u00e9gie commune contre le Boko Haram\",\"datePublished\":\"2014-05-16T22:00:00+00:00\",\"dateModified\":\"2014-05-16T22:00:00+00:00\",\"mainEntityOfPage\":{\"@id\":\"https:\/\/guineediversite.com\/index.php\/2014\/05\/17\/17-05-14paris-france-5-presidents-africains-autour-de-francois-hollande-pour-letablissement-dune-strategie-commune-contre-le-boko-haram\/\"},\"wordCount\":303,\"commentCount\":0,\"publisher\":{\"@id\":\"https:\/\/guineediversite.com\/#organization\"},\"articleSection\":[\"Archives\"],\"inLanguage\":\"fr-FR\",\"potentialAction\":[{\"@type\":\"CommentAction\",\"name\":\"Comment\",\"target\":[\"https:\/\/guineediversite.com\/index.php\/2014\/05\/17\/17-05-14paris-france-5-presidents-africains-autour-de-francois-hollande-pour-letablissement-dune-strategie-commune-contre-le-boko-haram\/#respond\"]}]},{\"@type\":\"WebPage\",\"@id\":\"https:\/\/guineediversite.com\/index.php\/2014\/05\/17\/17-05-14paris-france-5-presidents-africains-autour-de-francois-hollande-pour-letablissement-dune-strategie-commune-contre-le-boko-haram\/\",\"url\":\"https:\/\/guineediversite.com\/index.php\/2014\/05\/17\/17-05-14paris-france-5-presidents-africains-autour-de-francois-hollande-pour-letablissement-dune-strategie-commune-contre-le-boko-haram\/\",\"name\":\"17 \/ 05\/ 14 Paris- France : 5 Pr\u00e9sidents africains autour de Fran\u00e7ois Hollande pour l\u2019\u00e9tablissement d\u2019une strat\u00e9gie commune contre le Boko Haram | Guin\u00e9e Diversit\u00e9\",\"isPartOf\":{\"@id\":\"https:\/\/guineediversite.com\/#website\"},\"datePublished\":\"2014-05-16T22:00:00+00:00\",\"dateModified\":\"2014-05-16T22:00:00+00:00\",\"breadcrumb\":{\"@id\":\"https:\/\/guineediversite.com\/index.php\/2014\/05\/17\/17-05-14paris-france-5-presidents-africains-autour-de-francois-hollande-pour-letablissement-dune-strategie-commune-contre-le-boko-haram\/#breadcrumb\"},\"inLanguage\":\"fr-FR\",\"potentialAction\":[{\"@type\":\"ReadAction\",\"target\":[\"https:\/\/guineediversite.com\/index.php\/2014\/05\/17\/17-05-14paris-france-5-presidents-africains-autour-de-francois-hollande-pour-letablissement-dune-strategie-commune-contre-le-boko-haram\/\"]}]},{\"@type\":\"BreadcrumbList\",\"@id\":\"https:\/\/guineediversite.com\/index.php\/2014\/05\/17\/17-05-14paris-france-5-presidents-africains-autour-de-francois-hollande-pour-letablissement-dune-strategie-commune-contre-le-boko-haram\/#breadcrumb\",\"itemListElement\":[{\"@type\":\"ListItem\",\"position\":1,\"name\":\"Accueil\",\"item\":\"https:\/\/guineediversite.com\/\"},{\"@type\":\"ListItem\",\"position\":2,\"name\":\"17 \/ 05\/ 14 Paris- France : 5 Pr\u00e9sidents africains autour de Fran\u00e7ois Hollande pour l\u2019\u00e9tablissement d\u2019une strat\u00e9gie commune contre le Boko Haram\"}]},{\"@type\":\"WebSite\",\"@id\":\"https:\/\/guineediversite.com\/#website\",\"url\":\"https:\/\/guineediversite.com\/\",\"name\":\"Guin\u00e9e Diversit\u00e9\",\"description\":\"L&#039;Info dans toute sa diversit\u00e9\",\"publisher\":{\"@id\":\"https:\/\/guineediversite.com\/#organization\"},\"potentialAction\":[{\"@type\":\"SearchAction\",\"target\":{\"@type\":\"EntryPoint\",\"urlTemplate\":\"https:\/\/guineediversite.com\/?s={search_term_string}\"},\"query-input\":{\"@type\":\"PropertyValueSpecification\",\"valueRequired\":true,\"valueName\":\"search_term_string\"}}],\"inLanguage\":\"fr-FR\"},{\"@type\":\"Organization\",\"@id\":\"https:\/\/guineediversite.com\/#organization\",\"name\":\"Guin\u00e9e Diversit\u00e9\",\"url\":\"https:\/\/guineediversite.com\/\",\"logo\":{\"@type\":\"ImageObject\",\"inLanguage\":\"fr-FR\",\"@id\":\"https:\/\/guineediversite.com\/#\/schema\/logo\/image\/\",\"url\":\"https:\/\/guineediversite.com\/wp-content\/uploads\/2017\/04\/cropped-1jojlxEOMkX9Wyqfhe43D6kjPOGqBBKmx3EwWJqZ0cMrFF54yM49.png\",\"contentUrl\":\"https:\/\/guineediversite.com\/wp-content\/uploads\/2017\/04\/cropped-1jojlxEOMkX9Wyqfhe43D6kjPOGqBBKmx3EwWJqZ0cMrFF54yM49.png\",\"width\":186,\"height\":112,\"caption\":\"Guin\u00e9e Diversit\u00e9\"},\"image\":{\"@id\":\"https:\/\/guineediversite.com\/#\/schema\/logo\/image\/\"},\"sameAs\":[\"https:\/\/www.facebook.com\/guineediversite\/\",\"https:\/\/x.com\/GuineeDiversite\",\"https:\/\/www.youtube.com\/channel\/UC8sUY16qelG5ge6_D5SB83g\"]},{\"@type\":\"Person\",\"@id\":\"https:\/\/guineediversite.com\/#\/schema\/person\/afa08fb34e7fc6e1feafc892612bc836\",\"name\":\"Guin\u00e9e Diversit\u00e9\",\"image\":{\"@type\":\"ImageObject\",\"inLanguage\":\"fr-FR\",\"@id\":\"https:\/\/guineediversite.com\/#\/schema\/person\/image\/\",\"url\":\"https:\/\/secure.gravatar.com\/avatar\/50d5eb5b390f8b65ac30ac6f898eb83a?s=96&d=mm&r=g\",\"contentUrl\":\"https:\/\/secure.gravatar.com\/avatar\/50d5eb5b390f8b65ac30ac6f898eb83a?s=96&d=mm&r=g\",\"caption\":\"Guin\u00e9e Diversit\u00e9\"},\"url\":\"https:\/\/guineediversite.com\/index.php\/author\/guineediversite\/\"}]}<\/script>\n<!-- \/ Yoast SEO plugin. -->","yoast_head_json":{"title":"17 \/ 05\/ 14 Paris- France : 5 Pr\u00e9sidents africains autour de Fran\u00e7ois Hollande pour l\u2019\u00e9tablissement d\u2019une strat\u00e9gie commune contre le Boko Haram | Guin\u00e9e Diversit\u00e9","robots":{"index":"index","follow":"follow","max-snippet":"max-snippet:-1","max-image-preview":"max-image-preview:large","max-video-preview":"max-video-preview:-1"},"canonical":"https:\/\/guineediversite.com\/index.php\/2014\/05\/17\/17-05-14paris-france-5-presidents-africains-autour-de-francois-hollande-pour-letablissement-dune-strategie-commune-contre-le-boko-haram\/","og_locale":"fr_FR","og_type":"article","og_title":"17 \/ 05\/ 14 Paris- France : 5 Pr\u00e9sidents africains autour de Fran\u00e7ois Hollande pour l\u2019\u00e9tablissement d\u2019une strat\u00e9gie commune contre le Boko Haram | Guin\u00e9e Diversit\u00e9","og_description":"Paris accueille ce samedi 17 mai 2014, un mini sommet africain autour du pr\u00e9sident nig\u00e9rian Goodluck Jonathan pour \u00e9tablir une strat\u00e9gie commune contre Boko Haram, un mois apr\u00e8s l&rsquo;enl\u00e8vement de plus de 200 lyc\u00e9ennes et apr\u00e8s une attaque dans la nuit contre un camp de Chinois au Cameroun, attribu\u00e9e au groupe islamiste. Un Chinois a [&hellip;]","og_url":"https:\/\/guineediversite.com\/index.php\/2014\/05\/17\/17-05-14paris-france-5-presidents-africains-autour-de-francois-hollande-pour-letablissement-dune-strategie-commune-contre-le-boko-haram\/","og_site_name":"Guin\u00e9e Diversit\u00e9","article_publisher":"https:\/\/www.facebook.com\/guineediversite\/","article_published_time":"2014-05-16T22:00:00+00:00","author":"Guin\u00e9e Diversit\u00e9","twitter_card":"summary_large_image","twitter_creator":"@GuineeDiversite","twitter_site":"@GuineeDiversite","twitter_misc":{"\u00c9crit par":"Guin\u00e9e Diversit\u00e9","Dur\u00e9e de lecture estim\u00e9e":"1 minute"},"schema":{"@context":"https:\/\/schema.org","@graph":[{"@type":"Article","@id":"https:\/\/guineediversite.com\/index.php\/2014\/05\/17\/17-05-14paris-france-5-presidents-africains-autour-de-francois-hollande-pour-letablissement-dune-strategie-commune-contre-le-boko-haram\/#article","isPartOf":{"@id":"https:\/\/guineediversite.com\/index.php\/2014\/05\/17\/17-05-14paris-france-5-presidents-africains-autour-de-francois-hollande-pour-letablissement-dune-strategie-commune-contre-le-boko-haram\/"},"author":{"name":"Guin\u00e9e Diversit\u00e9","@id":"https:\/\/guineediversite.com\/#\/schema\/person\/afa08fb34e7fc6e1feafc892612bc836"},"headline":"17 \/ 05\/ 14 Paris- France : 5 Pr\u00e9sidents africains autour de Fran\u00e7ois Hollande pour l\u2019\u00e9tablissement d\u2019une strat\u00e9gie commune contre le Boko Haram","datePublished":"2014-05-16T22:00:00+00:00","dateModified":"2014-05-16T22:00:00+00:00","mainEntityOfPage":{"@id":"https:\/\/guineediversite.com\/index.php\/2014\/05\/17\/17-05-14paris-france-5-presidents-africains-autour-de-francois-hollande-pour-letablissement-dune-strategie-commune-contre-le-boko-haram\/"},"wordCount":303,"commentCount":0,"publisher":{"@id":"https:\/\/guineediversite.com\/#organization"},"articleSection":["Archives"],"inLanguage":"fr-FR","potentialAction":[{"@type":"CommentAction","name":"Comment","target":["https:\/\/guineediversite.com\/index.php\/2014\/05\/17\/17-05-14paris-france-5-presidents-africains-autour-de-francois-hollande-pour-letablissement-dune-strategie-commune-contre-le-boko-haram\/#respond"]}]},{"@type":"WebPage","@id":"https:\/\/guineediversite.com\/index.php\/2014\/05\/17\/17-05-14paris-france-5-presidents-africains-autour-de-francois-hollande-pour-letablissement-dune-strategie-commune-contre-le-boko-haram\/","url":"https:\/\/guineediversite.com\/index.php\/2014\/05\/17\/17-05-14paris-france-5-presidents-africains-autour-de-francois-hollande-pour-letablissement-dune-strategie-commune-contre-le-boko-haram\/","name":"17 \/ 05\/ 14 Paris- France : 5 Pr\u00e9sidents africains autour de Fran\u00e7ois Hollande pour l\u2019\u00e9tablissement d\u2019une strat\u00e9gie commune contre le Boko Haram | Guin\u00e9e Diversit\u00e9","isPartOf":{"@id":"https:\/\/guineediversite.com\/#website"},"datePublished":"2014-05-16T22:00:00+00:00","dateModified":"2014-05-16T22:00:00+00:00","breadcrumb":{"@id":"https:\/\/guineediversite.com\/index.php\/2014\/05\/17\/17-05-14paris-france-5-presidents-africains-autour-de-francois-hollande-pour-letablissement-dune-strategie-commune-contre-le-boko-haram\/#breadcrumb"},"inLanguage":"fr-FR","potentialAction":[{"@type":"ReadAction","target":["https:\/\/guineediversite.com\/index.php\/2014\/05\/17\/17-05-14paris-france-5-presidents-africains-autour-de-francois-hollande-pour-letablissement-dune-strategie-commune-contre-le-boko-haram\/"]}]},{"@type":"BreadcrumbList","@id":"https:\/\/guineediversite.com\/index.php\/2014\/05\/17\/17-05-14paris-france-5-presidents-africains-autour-de-francois-hollande-pour-letablissement-dune-strategie-commune-contre-le-boko-haram\/#breadcrumb","itemListElement":[{"@type":"ListItem","position":1,"name":"Accueil","item":"https:\/\/guineediversite.com\/"},{"@type":"ListItem","position":2,"name":"17 \/ 05\/ 14 Paris- France : 5 Pr\u00e9sidents africains autour de Fran\u00e7ois Hollande pour l\u2019\u00e9tablissement d\u2019une strat\u00e9gie commune contre le Boko Haram"}]},{"@type":"WebSite","@id":"https:\/\/guineediversite.com\/#website","url":"https:\/\/guineediversite.com\/","name":"Guin\u00e9e Diversit\u00e9","description":"L&#039;Info dans toute sa diversit\u00e9","publisher":{"@id":"https:\/\/guineediversite.com\/#organization"},"potentialAction":[{"@type":"SearchAction","target":{"@type":"EntryPoint","urlTemplate":"https:\/\/guineediversite.com\/?s={search_term_string}"},"query-input":{"@type":"PropertyValueSpecification","valueRequired":true,"valueName":"search_term_string"}}],"inLanguage":"fr-FR"},{"@type":"Organization","@id":"https:\/\/guineediversite.com\/#organization","name":"Guin\u00e9e Diversit\u00e9","url":"https:\/\/guineediversite.com\/","logo":{"@type":"ImageObject","inLanguage":"fr-FR","@id":"https:\/\/guineediversite.com\/#\/schema\/logo\/image\/","url":"https:\/\/guineediversite.com\/wp-content\/uploads\/2017\/04\/cropped-1jojlxEOMkX9Wyqfhe43D6kjPOGqBBKmx3EwWJqZ0cMrFF54yM49.png","contentUrl":"https:\/\/guineediversite.com\/wp-content\/uploads\/2017\/04\/cropped-1jojlxEOMkX9Wyqfhe43D6kjPOGqBBKmx3EwWJqZ0cMrFF54yM49.png","width":186,"height":112,"caption":"Guin\u00e9e Diversit\u00e9"},"image":{"@id":"https:\/\/guineediversite.com\/#\/schema\/logo\/image\/"},"sameAs":["https:\/\/www.facebook.com\/guineediversite\/","https:\/\/x.com\/GuineeDiversite","https:\/\/www.youtube.com\/channel\/UC8sUY16qelG5ge6_D5SB83g"]},{"@type":"Person","@id":"https:\/\/guineediversite.com\/#\/schema\/person\/afa08fb34e7fc6e1feafc892612bc836","name":"Guin\u00e9e Diversit\u00e9","image":{"@type":"ImageObject","inLanguage":"fr-FR","@id":"https:\/\/guineediversite.com\/#\/schema\/person\/image\/","url":"https:\/\/secure.gravatar.com\/avatar\/50d5eb5b390f8b65ac30ac6f898eb83a?s=96&d=mm&r=g","contentUrl":"https:\/\/secure.gravatar.com\/avatar\/50d5eb5b390f8b65ac30ac6f898eb83a?s=96&d=mm&r=g","caption":"Guin\u00e9e Diversit\u00e9"},"url":"https:\/\/guineediversite.com\/index.php\/author\/guineediversite\/"}]}},"_links":{"self":[{"href":"https:\/\/guineediversite.com\/index.php\/wp-json\/wp\/v2\/posts\/16812"}],"collection":[{"href":"https:\/\/guineediversite.com\/index.php\/wp-json\/wp\/v2\/posts"}],"about":[{"href":"https:\/\/guineediversite.com\/index.php\/wp-json\/wp\/v2\/types\/post"}],"author":[{"embeddable":true,"href":"https:\/\/guineediversite.com\/index.php\/wp-json\/wp\/v2\/users\/12"}],"replies":[{"embeddable":true,"href":"https:\/\/guineediversite.com\/index.php\/wp-json\/wp\/v2\/comments?post=16812"}],"version-history":[{"count":0,"href":"https:\/\/guineediversite.com\/index.php\/wp-json\/wp\/v2\/posts\/16812\/revisions"}],"wp:attachment":[{"href":"https:\/\/guineediversite.com\/index.php\/wp-json\/wp\/v2\/media?parent=16812"}],"wp:term":[{"taxonomy":"category","embeddable":true,"href":"https:\/\/guineediversite.com\/index.php\/wp-json\/wp\/v2\/categories?post=16812"},{"taxonomy":"post_tag","embeddable":true,"href":"https:\/\/guineediversite.com\/index.php\/wp-json\/wp\/v2\/tags?post=16812"}],"curies":[{"name":"wp","href":"https:\/\/api.w.org\/{rel}","templated":true}]}}