{"id":16808,"date":"2014-05-16T00:00:00","date_gmt":"2014-05-15T22:00:00","guid":{"rendered":"https:\/\/www.guineediversite.com\/index.php\/2014\/05\/16\/160514-boko-haram-les-erreurs-de-goodluck-jonathan\/"},"modified":"2014-05-16T00:00:00","modified_gmt":"2014-05-15T22:00:00","slug":"160514-boko-haram-les-erreurs-de-goodluck-jonathan","status":"publish","type":"post","link":"https:\/\/guineediversite.com\/index.php\/2014\/05\/16\/160514-boko-haram-les-erreurs-de-goodluck-jonathan\/","title":{"rendered":"16\/05\/14 Boko Haram : les erreurs de Goodluck Jonathan"},"content":{"rendered":"<p>S&rsquo;il a h\u00e9rit\u00e9 d&rsquo;une situation explosive et n&rsquo;est pas le seul responsable de l&rsquo;\u00e9chec nig\u00e9rian face \u00e0 l&rsquo;insurrection islamiste dans le nord-est du pays, Goodluck Jonathan n&rsquo;en a pas moins commis plusieurs erreurs sur le dossier Boko Haram.<br \/>\n\u00c0 moins d&rsquo;un an de la prochaine \u00e9lection pr\u00e9sidentielle, Goodluck Jonathan est au plus bas. D\u00e9pourvu de majorit\u00e9 parlementaire et d\u00e9j\u00e0 en difficult\u00e9 sur le plan politique, sa c\u00f4te de popularit\u00e9 est d\u00e9sormais totalement plomb\u00e9e depuis l&rsquo;enl\u00e8vement de plus de 200 lyc\u00e9ennes, mi-avril, \u00e0 Chibok, par les terroristes de Boko Haram.<br \/>\nCe rapt a mis en exergue l&rsquo;\u00e9chec du pr\u00e9sident nig\u00e9rian sur le tr\u00e8s sensible dossier de l&rsquo;insurrection islamiste dans le nord-est du pays. Depuis mai 2010, date de son arriv\u00e9e au pouvoir, la barbarie de Boko Haram n&rsquo;a cess\u00e9 de s&rsquo;\u00e9tendre et a fait des milliers de morts. H\u00e9ritier d&rsquo;un conflit explosif et mal g\u00e9r\u00e9 par ses pr\u00e9d\u00e9cesseurs, l&rsquo;actuel chef de l&rsquo;\u00c9tat ne reste pas moins en partie responsable de la situaction actuelle.<br \/>\nLa mani\u00e8re forte<br \/>\nLa premi\u00e8re erreur de Goodluck Jonathan a \u00e9t\u00e9 de sous-estimer la menace du groupe d&rsquo;Abubakar Shekau. Apr\u00e8s des premiers affrontements sanglants contre les forces nig\u00e9rianes durant l&rsquo;\u00e9t\u00e9 2009, Boko Haram s&rsquo;est discr\u00e8tement r\u00e9organis\u00e9 \u00e0 partir de 2010. Cette mont\u00e9e en puissance a \u00e9t\u00e9 partiellement ignor\u00e9e par les plus hautes autorit\u00e9s de l&rsquo;\u00c9tat, pr\u00e9sident en t\u00eate, en raison d&rsquo;un manque de renseignement r\u00e9aliste sur la menace terroriste. &quot;Le Nigeria est un pays f\u00e9d\u00e9ral, avec de nombreux niveaux hi\u00e9rarchiques, analyse un expert militaire. Pendant des ann\u00e9es, chaque \u00e9chelon, du plus bas au plus \u00e9lev\u00e9, a eu tendance \u00e0 rendre des rapports optimistes pour satisfaire le niveau sup\u00e9rieur. Au bout du compte, le compte-rendu de la situation sur le terrain pr\u00e9sent\u00e9 au pr\u00e9sident n&rsquo;avait plus rien \u00e0 voir avec la r\u00e9alit\u00e9.&quot;<br \/>\n\u00c0 ce manque de lucidit\u00e9 s&rsquo;ajoute l&#8217;emploi de la mani\u00e8re forte. Face aux exactions toujours plus nombreuses de Boko Haram, Goodluck Jonathan d\u00e9cr\u00e8te, le 14 mai 2013, l&rsquo;\u00e9tat d&rsquo;urgence dans les \u00e9tats de Yobe, Borno, et Adamawa. L&rsquo;arm\u00e9e nig\u00e9riane d\u00e9clenche alors une vaste offensive contre les insurg\u00e9s islamistes. Deux milles soldats sont notamment d\u00e9ploy\u00e9s dans la for\u00eat de Sambisa, fief du groupe terroriste. Souvent violents et r\u00e9primant tous azimuts, ils se mettront rapidement la population \u00e0 dos. Un an apr\u00e8s l&rsquo;entr\u00e9e en action des militaires, et alors que Goodluck Jonathan vient de solliciter une prolongation de six mois de l&rsquo;\u00e9tat d&rsquo;urgence, les critiques se font de plus en plus nombreuse \u00e0 l&rsquo;\u00e9gard de cette strat\u00e9gie.<br \/>\n&quot;Il est difficile de dire quels ont \u00e9t\u00e9 les aspects positifs de cet \u00e9tat d&rsquo;urgence, estime par exemple Nnamadi Obasi, sp\u00e9cialiste du Nigeria \u00e0 l&rsquo;International Crisis Group. C&rsquo;est plus un acte politique &#8211; pour montrer que des actions sont engag\u00e9es &#8211; sans r\u00e9elle valeur militaire&quot;. Il est r\u00e9guli\u00e8rement reproch\u00e9 au chef de l&rsquo;\u00c9tat d&rsquo;avoir un manque de vision globale sur le Nord-Est. Sous pression des militaires, on l&rsquo;accuse d&rsquo;avoir une approche purement s\u00e9curitaire et de d\u00e9laisser les volets li\u00e9s au d\u00e9veloppement \u00e9conomique et humain. &quot;La situation n&rsquo;est pas \u00e9vidente pour Goodluck, temp\u00e8re un haut diplomate occidental. Cette r\u00e9gion est le bastion de l&rsquo;opposition et les \u00e9lections g\u00e9n\u00e9rales sont dans quelques mois. Certains ont donc int\u00e9r\u00eat \u00e0 l&rsquo;enfoncer&quot;.<br \/>\nR\u00e9primer ou dialoguer ?<br \/>\nAutre reproche adress\u00e9 au pr\u00e9sident nig\u00e9rian : ne pas avoir stopp\u00e9 le recours \u00e0 des milices civiles dans la lutte contre Boko Haram. Ces groupes d&rsquo;habitants arm\u00e9s, souvent encourag\u00e9s par les responsables politiques locaux, se sont multipli\u00e9s dans le nord-est du Nigeria au d\u00e9but des ann\u00e9es 2000 pour palier au manque d&rsquo;efficacit\u00e9 des services de police. Les forces de s\u00e9curit\u00e9, mal \u00e9quip\u00e9es et peu form\u00e9es, continuent aujourd&rsquo;hui \u00e0 s&rsquo;appuyer sur ces milices priv\u00e9es. Pour certains, l&rsquo;engagement de ces civils aux c\u00f4t\u00e9s de l&rsquo;arm\u00e9e r\u00e9guli\u00e8re explique en partie les massacres de masse commis par les combattants de Boko Haram, qui n&rsquo;h\u00e9sitent plus \u00e0 &quot;raser&quot; des villages entiers.<br \/>\nEnfin, tout comme son pr\u00e9d\u00e9cesseur Umaru Yar&rsquo;Adua (2007-2010), Goodluck Jonathan n&rsquo;a jamais r\u00e9ussi \u00e0 trancher sur la question du dialogue avec Boko Haram. Ces h\u00e9sitations ont r\u00e9cemment \u00e9clat\u00e9 au grand jour \u00e0 la suite du rapt des lyc\u00e9ennes de Chibok. Alors qu&rsquo;il refuse de n\u00e9gocier sur un \u00e9change de prisonniers contre les jeunes femmes, le pr\u00e9sident s&rsquo;est aussi dit ouvert \u00e0 des discussions plus larges avec le groupe islamiste radical pour aboutir \u00e0 une solution durable. Cette ligne de conduite peu claire semble \u00e9galement de mise au sein du gouvernement. Tandis que le ministre de l&rsquo;Int\u00e9rieur a refus\u00e9 \u00e0 Boko Haram le droit de poser des &quot;conditions&quot;, son coll\u00e8gue des Affaires sp\u00e9ciales s&rsquo;est dit &quot;ouvert au dialogue&quot; sur &quot;tous les probl\u00e8mes&quot;.<br \/>\nJA<\/p>\n","protected":false},"excerpt":{"rendered":"<p>S&rsquo;il a h\u00e9rit\u00e9 d&rsquo;une situation explosive et n&rsquo;est pas le seul responsable de l&rsquo;\u00e9chec nig\u00e9rian face \u00e0 l&rsquo;insurrection islamiste dans le nord-est du pays, Goodluck Jonathan n&rsquo;en a pas moins commis plusieurs erreurs sur le dossier Boko Haram. \u00c0 moins d&rsquo;un an de la prochaine \u00e9lection pr\u00e9sidentielle, Goodluck Jonathan est au plus bas. D\u00e9pourvu de [&hellip;]<\/p>\n","protected":false},"author":12,"featured_media":0,"comment_status":"open","ping_status":"open","sticky":false,"template":"","format":"standard","meta":{"_exactmetrics_skip_tracking":false,"_exactmetrics_sitenote_active":false,"_exactmetrics_sitenote_note":"","_exactmetrics_sitenote_category":0,"tdm_status":"","tdm_grid_status":"","footnotes":""},"categories":[28],"tags":[],"class_list":{"0":"post-16808","1":"post","2":"type-post","3":"status-publish","4":"format-standard","6":"category-archives"},"yoast_head":"<!-- This site is optimized with the Yoast SEO plugin v24.2 - https:\/\/yoast.com\/wordpress\/plugins\/seo\/ -->\n<title>16\/05\/14 Boko Haram : les erreurs de Goodluck Jonathan | Guin\u00e9e Diversit\u00e9<\/title>\n<meta name=\"robots\" content=\"index, follow, max-snippet:-1, max-image-preview:large, max-video-preview:-1\" \/>\n<link rel=\"canonical\" href=\"https:\/\/guineediversite.com\/index.php\/2014\/05\/16\/160514-boko-haram-les-erreurs-de-goodluck-jonathan\/\" \/>\n<meta property=\"og:locale\" content=\"fr_FR\" \/>\n<meta property=\"og:type\" content=\"article\" \/>\n<meta property=\"og:title\" content=\"16\/05\/14 Boko Haram : les erreurs de Goodluck Jonathan | Guin\u00e9e Diversit\u00e9\" \/>\n<meta property=\"og:description\" content=\"S&rsquo;il a h\u00e9rit\u00e9 d&rsquo;une situation explosive et n&rsquo;est pas le seul responsable de l&rsquo;\u00e9chec nig\u00e9rian face \u00e0 l&rsquo;insurrection islamiste dans le nord-est du pays, Goodluck Jonathan n&rsquo;en a pas moins commis plusieurs erreurs sur le dossier Boko Haram. \u00c0 moins d&rsquo;un an de la prochaine \u00e9lection pr\u00e9sidentielle, Goodluck Jonathan est au plus bas. D\u00e9pourvu de [&hellip;]\" \/>\n<meta property=\"og:url\" content=\"https:\/\/guineediversite.com\/index.php\/2014\/05\/16\/160514-boko-haram-les-erreurs-de-goodluck-jonathan\/\" \/>\n<meta property=\"og:site_name\" content=\"Guin\u00e9e Diversit\u00e9\" \/>\n<meta property=\"article:publisher\" content=\"https:\/\/www.facebook.com\/guineediversite\/\" \/>\n<meta property=\"article:published_time\" content=\"2014-05-15T22:00:00+00:00\" \/>\n<meta name=\"author\" content=\"Guin\u00e9e Diversit\u00e9\" \/>\n<meta name=\"twitter:card\" content=\"summary_large_image\" \/>\n<meta name=\"twitter:creator\" content=\"@GuineeDiversite\" \/>\n<meta name=\"twitter:site\" content=\"@GuineeDiversite\" \/>\n<meta name=\"twitter:label1\" content=\"\u00c9crit par\" \/>\n\t<meta name=\"twitter:data1\" content=\"Guin\u00e9e Diversit\u00e9\" \/>\n\t<meta name=\"twitter:label2\" content=\"Dur\u00e9e de lecture estim\u00e9e\" \/>\n\t<meta name=\"twitter:data2\" content=\"4 minutes\" \/>\n<script type=\"application\/ld+json\" class=\"yoast-schema-graph\">{\"@context\":\"https:\/\/schema.org\",\"@graph\":[{\"@type\":\"Article\",\"@id\":\"https:\/\/guineediversite.com\/index.php\/2014\/05\/16\/160514-boko-haram-les-erreurs-de-goodluck-jonathan\/#article\",\"isPartOf\":{\"@id\":\"https:\/\/guineediversite.com\/index.php\/2014\/05\/16\/160514-boko-haram-les-erreurs-de-goodluck-jonathan\/\"},\"author\":{\"name\":\"Guin\u00e9e Diversit\u00e9\",\"@id\":\"https:\/\/guineediversite.com\/#\/schema\/person\/afa08fb34e7fc6e1feafc892612bc836\"},\"headline\":\"16\/05\/14 Boko Haram : les erreurs de Goodluck Jonathan\",\"datePublished\":\"2014-05-15T22:00:00+00:00\",\"dateModified\":\"2014-05-15T22:00:00+00:00\",\"mainEntityOfPage\":{\"@id\":\"https:\/\/guineediversite.com\/index.php\/2014\/05\/16\/160514-boko-haram-les-erreurs-de-goodluck-jonathan\/\"},\"wordCount\":900,\"commentCount\":0,\"publisher\":{\"@id\":\"https:\/\/guineediversite.com\/#organization\"},\"articleSection\":[\"Archives\"],\"inLanguage\":\"fr-FR\",\"potentialAction\":[{\"@type\":\"CommentAction\",\"name\":\"Comment\",\"target\":[\"https:\/\/guineediversite.com\/index.php\/2014\/05\/16\/160514-boko-haram-les-erreurs-de-goodluck-jonathan\/#respond\"]}]},{\"@type\":\"WebPage\",\"@id\":\"https:\/\/guineediversite.com\/index.php\/2014\/05\/16\/160514-boko-haram-les-erreurs-de-goodluck-jonathan\/\",\"url\":\"https:\/\/guineediversite.com\/index.php\/2014\/05\/16\/160514-boko-haram-les-erreurs-de-goodluck-jonathan\/\",\"name\":\"16\/05\/14 Boko Haram : les erreurs de Goodluck Jonathan | Guin\u00e9e Diversit\u00e9\",\"isPartOf\":{\"@id\":\"https:\/\/guineediversite.com\/#website\"},\"datePublished\":\"2014-05-15T22:00:00+00:00\",\"dateModified\":\"2014-05-15T22:00:00+00:00\",\"breadcrumb\":{\"@id\":\"https:\/\/guineediversite.com\/index.php\/2014\/05\/16\/160514-boko-haram-les-erreurs-de-goodluck-jonathan\/#breadcrumb\"},\"inLanguage\":\"fr-FR\",\"potentialAction\":[{\"@type\":\"ReadAction\",\"target\":[\"https:\/\/guineediversite.com\/index.php\/2014\/05\/16\/160514-boko-haram-les-erreurs-de-goodluck-jonathan\/\"]}]},{\"@type\":\"BreadcrumbList\",\"@id\":\"https:\/\/guineediversite.com\/index.php\/2014\/05\/16\/160514-boko-haram-les-erreurs-de-goodluck-jonathan\/#breadcrumb\",\"itemListElement\":[{\"@type\":\"ListItem\",\"position\":1,\"name\":\"Accueil\",\"item\":\"https:\/\/guineediversite.com\/\"},{\"@type\":\"ListItem\",\"position\":2,\"name\":\"16\/05\/14 Boko Haram : les erreurs de Goodluck Jonathan\"}]},{\"@type\":\"WebSite\",\"@id\":\"https:\/\/guineediversite.com\/#website\",\"url\":\"https:\/\/guineediversite.com\/\",\"name\":\"Guin\u00e9e Diversit\u00e9\",\"description\":\"L&#039;Info dans toute sa diversit\u00e9\",\"publisher\":{\"@id\":\"https:\/\/guineediversite.com\/#organization\"},\"potentialAction\":[{\"@type\":\"SearchAction\",\"target\":{\"@type\":\"EntryPoint\",\"urlTemplate\":\"https:\/\/guineediversite.com\/?s={search_term_string}\"},\"query-input\":{\"@type\":\"PropertyValueSpecification\",\"valueRequired\":true,\"valueName\":\"search_term_string\"}}],\"inLanguage\":\"fr-FR\"},{\"@type\":\"Organization\",\"@id\":\"https:\/\/guineediversite.com\/#organization\",\"name\":\"Guin\u00e9e Diversit\u00e9\",\"url\":\"https:\/\/guineediversite.com\/\",\"logo\":{\"@type\":\"ImageObject\",\"inLanguage\":\"fr-FR\",\"@id\":\"https:\/\/guineediversite.com\/#\/schema\/logo\/image\/\",\"url\":\"https:\/\/guineediversite.com\/wp-content\/uploads\/2017\/04\/cropped-1jojlxEOMkX9Wyqfhe43D6kjPOGqBBKmx3EwWJqZ0cMrFF54yM49.png\",\"contentUrl\":\"https:\/\/guineediversite.com\/wp-content\/uploads\/2017\/04\/cropped-1jojlxEOMkX9Wyqfhe43D6kjPOGqBBKmx3EwWJqZ0cMrFF54yM49.png\",\"width\":186,\"height\":112,\"caption\":\"Guin\u00e9e Diversit\u00e9\"},\"image\":{\"@id\":\"https:\/\/guineediversite.com\/#\/schema\/logo\/image\/\"},\"sameAs\":[\"https:\/\/www.facebook.com\/guineediversite\/\",\"https:\/\/x.com\/GuineeDiversite\",\"https:\/\/www.youtube.com\/channel\/UC8sUY16qelG5ge6_D5SB83g\"]},{\"@type\":\"Person\",\"@id\":\"https:\/\/guineediversite.com\/#\/schema\/person\/afa08fb34e7fc6e1feafc892612bc836\",\"name\":\"Guin\u00e9e Diversit\u00e9\",\"image\":{\"@type\":\"ImageObject\",\"inLanguage\":\"fr-FR\",\"@id\":\"https:\/\/guineediversite.com\/#\/schema\/person\/image\/\",\"url\":\"https:\/\/secure.gravatar.com\/avatar\/50d5eb5b390f8b65ac30ac6f898eb83a?s=96&d=mm&r=g\",\"contentUrl\":\"https:\/\/secure.gravatar.com\/avatar\/50d5eb5b390f8b65ac30ac6f898eb83a?s=96&d=mm&r=g\",\"caption\":\"Guin\u00e9e Diversit\u00e9\"},\"url\":\"https:\/\/guineediversite.com\/index.php\/author\/guineediversite\/\"}]}<\/script>\n<!-- \/ Yoast SEO plugin. -->","yoast_head_json":{"title":"16\/05\/14 Boko Haram : les erreurs de Goodluck Jonathan | Guin\u00e9e Diversit\u00e9","robots":{"index":"index","follow":"follow","max-snippet":"max-snippet:-1","max-image-preview":"max-image-preview:large","max-video-preview":"max-video-preview:-1"},"canonical":"https:\/\/guineediversite.com\/index.php\/2014\/05\/16\/160514-boko-haram-les-erreurs-de-goodluck-jonathan\/","og_locale":"fr_FR","og_type":"article","og_title":"16\/05\/14 Boko Haram : les erreurs de Goodluck Jonathan | Guin\u00e9e Diversit\u00e9","og_description":"S&rsquo;il a h\u00e9rit\u00e9 d&rsquo;une situation explosive et n&rsquo;est pas le seul responsable de l&rsquo;\u00e9chec nig\u00e9rian face \u00e0 l&rsquo;insurrection islamiste dans le nord-est du pays, Goodluck Jonathan n&rsquo;en a pas moins commis plusieurs erreurs sur le dossier Boko Haram. \u00c0 moins d&rsquo;un an de la prochaine \u00e9lection pr\u00e9sidentielle, Goodluck Jonathan est au plus bas. D\u00e9pourvu de [&hellip;]","og_url":"https:\/\/guineediversite.com\/index.php\/2014\/05\/16\/160514-boko-haram-les-erreurs-de-goodluck-jonathan\/","og_site_name":"Guin\u00e9e Diversit\u00e9","article_publisher":"https:\/\/www.facebook.com\/guineediversite\/","article_published_time":"2014-05-15T22:00:00+00:00","author":"Guin\u00e9e Diversit\u00e9","twitter_card":"summary_large_image","twitter_creator":"@GuineeDiversite","twitter_site":"@GuineeDiversite","twitter_misc":{"\u00c9crit par":"Guin\u00e9e Diversit\u00e9","Dur\u00e9e de lecture estim\u00e9e":"4 minutes"},"schema":{"@context":"https:\/\/schema.org","@graph":[{"@type":"Article","@id":"https:\/\/guineediversite.com\/index.php\/2014\/05\/16\/160514-boko-haram-les-erreurs-de-goodluck-jonathan\/#article","isPartOf":{"@id":"https:\/\/guineediversite.com\/index.php\/2014\/05\/16\/160514-boko-haram-les-erreurs-de-goodluck-jonathan\/"},"author":{"name":"Guin\u00e9e Diversit\u00e9","@id":"https:\/\/guineediversite.com\/#\/schema\/person\/afa08fb34e7fc6e1feafc892612bc836"},"headline":"16\/05\/14 Boko Haram : les erreurs de Goodluck Jonathan","datePublished":"2014-05-15T22:00:00+00:00","dateModified":"2014-05-15T22:00:00+00:00","mainEntityOfPage":{"@id":"https:\/\/guineediversite.com\/index.php\/2014\/05\/16\/160514-boko-haram-les-erreurs-de-goodluck-jonathan\/"},"wordCount":900,"commentCount":0,"publisher":{"@id":"https:\/\/guineediversite.com\/#organization"},"articleSection":["Archives"],"inLanguage":"fr-FR","potentialAction":[{"@type":"CommentAction","name":"Comment","target":["https:\/\/guineediversite.com\/index.php\/2014\/05\/16\/160514-boko-haram-les-erreurs-de-goodluck-jonathan\/#respond"]}]},{"@type":"WebPage","@id":"https:\/\/guineediversite.com\/index.php\/2014\/05\/16\/160514-boko-haram-les-erreurs-de-goodluck-jonathan\/","url":"https:\/\/guineediversite.com\/index.php\/2014\/05\/16\/160514-boko-haram-les-erreurs-de-goodluck-jonathan\/","name":"16\/05\/14 Boko Haram : les erreurs de Goodluck Jonathan | Guin\u00e9e Diversit\u00e9","isPartOf":{"@id":"https:\/\/guineediversite.com\/#website"},"datePublished":"2014-05-15T22:00:00+00:00","dateModified":"2014-05-15T22:00:00+00:00","breadcrumb":{"@id":"https:\/\/guineediversite.com\/index.php\/2014\/05\/16\/160514-boko-haram-les-erreurs-de-goodluck-jonathan\/#breadcrumb"},"inLanguage":"fr-FR","potentialAction":[{"@type":"ReadAction","target":["https:\/\/guineediversite.com\/index.php\/2014\/05\/16\/160514-boko-haram-les-erreurs-de-goodluck-jonathan\/"]}]},{"@type":"BreadcrumbList","@id":"https:\/\/guineediversite.com\/index.php\/2014\/05\/16\/160514-boko-haram-les-erreurs-de-goodluck-jonathan\/#breadcrumb","itemListElement":[{"@type":"ListItem","position":1,"name":"Accueil","item":"https:\/\/guineediversite.com\/"},{"@type":"ListItem","position":2,"name":"16\/05\/14 Boko Haram : les erreurs de Goodluck Jonathan"}]},{"@type":"WebSite","@id":"https:\/\/guineediversite.com\/#website","url":"https:\/\/guineediversite.com\/","name":"Guin\u00e9e Diversit\u00e9","description":"L&#039;Info dans toute sa diversit\u00e9","publisher":{"@id":"https:\/\/guineediversite.com\/#organization"},"potentialAction":[{"@type":"SearchAction","target":{"@type":"EntryPoint","urlTemplate":"https:\/\/guineediversite.com\/?s={search_term_string}"},"query-input":{"@type":"PropertyValueSpecification","valueRequired":true,"valueName":"search_term_string"}}],"inLanguage":"fr-FR"},{"@type":"Organization","@id":"https:\/\/guineediversite.com\/#organization","name":"Guin\u00e9e Diversit\u00e9","url":"https:\/\/guineediversite.com\/","logo":{"@type":"ImageObject","inLanguage":"fr-FR","@id":"https:\/\/guineediversite.com\/#\/schema\/logo\/image\/","url":"https:\/\/guineediversite.com\/wp-content\/uploads\/2017\/04\/cropped-1jojlxEOMkX9Wyqfhe43D6kjPOGqBBKmx3EwWJqZ0cMrFF54yM49.png","contentUrl":"https:\/\/guineediversite.com\/wp-content\/uploads\/2017\/04\/cropped-1jojlxEOMkX9Wyqfhe43D6kjPOGqBBKmx3EwWJqZ0cMrFF54yM49.png","width":186,"height":112,"caption":"Guin\u00e9e Diversit\u00e9"},"image":{"@id":"https:\/\/guineediversite.com\/#\/schema\/logo\/image\/"},"sameAs":["https:\/\/www.facebook.com\/guineediversite\/","https:\/\/x.com\/GuineeDiversite","https:\/\/www.youtube.com\/channel\/UC8sUY16qelG5ge6_D5SB83g"]},{"@type":"Person","@id":"https:\/\/guineediversite.com\/#\/schema\/person\/afa08fb34e7fc6e1feafc892612bc836","name":"Guin\u00e9e Diversit\u00e9","image":{"@type":"ImageObject","inLanguage":"fr-FR","@id":"https:\/\/guineediversite.com\/#\/schema\/person\/image\/","url":"https:\/\/secure.gravatar.com\/avatar\/50d5eb5b390f8b65ac30ac6f898eb83a?s=96&d=mm&r=g","contentUrl":"https:\/\/secure.gravatar.com\/avatar\/50d5eb5b390f8b65ac30ac6f898eb83a?s=96&d=mm&r=g","caption":"Guin\u00e9e Diversit\u00e9"},"url":"https:\/\/guineediversite.com\/index.php\/author\/guineediversite\/"}]}},"_links":{"self":[{"href":"https:\/\/guineediversite.com\/index.php\/wp-json\/wp\/v2\/posts\/16808"}],"collection":[{"href":"https:\/\/guineediversite.com\/index.php\/wp-json\/wp\/v2\/posts"}],"about":[{"href":"https:\/\/guineediversite.com\/index.php\/wp-json\/wp\/v2\/types\/post"}],"author":[{"embeddable":true,"href":"https:\/\/guineediversite.com\/index.php\/wp-json\/wp\/v2\/users\/12"}],"replies":[{"embeddable":true,"href":"https:\/\/guineediversite.com\/index.php\/wp-json\/wp\/v2\/comments?post=16808"}],"version-history":[{"count":0,"href":"https:\/\/guineediversite.com\/index.php\/wp-json\/wp\/v2\/posts\/16808\/revisions"}],"wp:attachment":[{"href":"https:\/\/guineediversite.com\/index.php\/wp-json\/wp\/v2\/media?parent=16808"}],"wp:term":[{"taxonomy":"category","embeddable":true,"href":"https:\/\/guineediversite.com\/index.php\/wp-json\/wp\/v2\/categories?post=16808"},{"taxonomy":"post_tag","embeddable":true,"href":"https:\/\/guineediversite.com\/index.php\/wp-json\/wp\/v2\/tags?post=16808"}],"curies":[{"name":"wp","href":"https:\/\/api.w.org\/{rel}","templated":true}]}}