{"id":16795,"date":"2014-05-14T00:00:00","date_gmt":"2014-05-13T22:00:00","guid":{"rendered":"https:\/\/www.guineediversite.com\/index.php\/2014\/05\/14\/140514-nigeria-le-gouvernement-pret-a-negocier-avec-boko-haram\/"},"modified":"2014-05-14T00:00:00","modified_gmt":"2014-05-13T22:00:00","slug":"140514-nigeria-le-gouvernement-pret-a-negocier-avec-boko-haram","status":"publish","type":"post","link":"https:\/\/guineediversite.com\/index.php\/2014\/05\/14\/140514-nigeria-le-gouvernement-pret-a-negocier-avec-boko-haram\/","title":{"rendered":"14\/05\/14 Nigeria : le gouvernement pr\u00eat \u00e0 n\u00e9gocier avec Boko Haram"},"content":{"rendered":"<p>Le gouvernement nig\u00e9rian s&rsquo;est d\u00e9clar\u00e9 mardi soir &quot;pr\u00eat \u00e0 dialoguer&quot; avec Boko Haram pour assurer la lib\u00e9ration des 223 lyc\u00e9ennes enlev\u00e9es par le groupe islamiste \u00e0 Chibok, dans le nord-est du pays.<br \/>\nApr\u00e8s avoir \u00e9mis lundi un refus de n\u00e9gocier avec le groupe terroriste Boko Haram, les autorit\u00e9s nig\u00e9rianes ont chang\u00e9 de position. &quot;Nous sommes pr\u00eats \u00e0 discuter de tous les probl\u00e8mes, et les lyc\u00e9ennes enlev\u00e9es \u00e0 Chibok en font partie&quot;, a d\u00e9clar\u00e9 mardi 13 mai le ministre des Affaires sp\u00e9ciales Taminu Turaki, qui a dirig\u00e9 l&rsquo;ann\u00e9e derni\u00e8re un comit\u00e9 charg\u00e9 de r\u00e9fl\u00e9chir \u00e0 un programme d&rsquo;amnistie avec Boko Haram.<br \/>\nCette disposition d\u00e9clar\u00e9e au dialogue d&rsquo;Abuja intervient le jour o\u00f9 le commandant des forces arm\u00e9es am\u00e9ricaines en Afrique (Africom) est dans la capitale f\u00e9d\u00e9rale pour s&rsquo;entretenir avec les autorit\u00e9s nig\u00e9rianes au sujet des lyc\u00e9ennes captur\u00e9es par Boko Haram. Le g\u00e9n\u00e9ral David Rodriguez est au Nigeria pour &quot;discuter de l&rsquo;aide am\u00e9ricaine dans les op\u00e9rations de recherche ainsi que de toute la coop\u00e9ration&quot; entre les forces am\u00e9ricaines et nig\u00e9rianes, a expliqu\u00e9 un responsable de la d\u00e9fense am\u00e9ricaine.<br \/>\nSurveillance am\u00e9ricaine<br \/>\nSelon le gouverneur de l&rsquo;\u00c9tat de Borno, l&rsquo;ensemble des filles apparaissant dans la derni\u00e8re vid\u00e9o diffus\u00e9e lundi par Boko Haram font partie des 200 lyc\u00e9ennes enlev\u00e9es le 14 avril \u00e0 Chibok. &quot;Toutes les filles de cette vid\u00e9o ont \u00e9t\u00e9 identifi\u00e9es comme \u00e9tant des \u00e9l\u00e8ves du lyc\u00e9e public de Chibok&quot;, a d\u00e9clar\u00e9 Kashim Shettima mardi apr\u00e8s-midi \u00e0 Abuja aux manifestants du mouvement #bringbackourgirls, r\u00e9unis devant son bureau de la capitale f\u00e9d\u00e9rale.<br \/>\nL&rsquo;arriv\u00e9e du g\u00e9n\u00e9ral am\u00e9ricain David Rodriguez co\u00efncide par ailleurs avec la demande de prolongation de l&rsquo;\u00e9tat d&rsquo;urgence que vient de formuler le pr\u00e9sident nig\u00e9rian dans le nord-est du pays, d\u00e9sormais survol\u00e9 par des avions am\u00e9ricains. &quot;Nous avons partag\u00e9 des images de satellites commerciaux avec les Nig\u00e9rians et nous effectuons des vols, avec pilotes, d&rsquo;espionnage, de surveillance et de reconnaissance au-dessus du Nigeria, avec la permission du gouvernement&quot;, a r\u00e9v\u00e9l\u00e9 un haut fonctionnaire de l&rsquo;administration am\u00e9ricaine.<br \/>\n\u00c9motion mondiale<br \/>\nEn vigueur depuis un an, l&rsquo;\u00e9tat d&rsquo;urgence dans le nord-est du Nigeria est cependant d&rsquo;une efficacit\u00e9 limit\u00e9e puisqu&rsquo;il n&rsquo;a pas emp\u00each\u00e9 Boko Haram de multiplier ses attaques. &quot;L&rsquo;\u00e9tat d&rsquo;urgence n&rsquo;a pas \u00e9t\u00e9 en mesure de bloquer l&rsquo;insurrection de Boko Haram&quot;, estime Dapo Thomas, expert politique de l&rsquo;Universit\u00e9 de l&rsquo;\u00c9tat de Lagos. &quot;En fait, la secte est devenue plus dangereuse et mortelle (&#8230;) Le gouvernment ne devrait pas continuer de limiter la libert\u00e9 de la population en prorogeant&quot; l&rsquo;\u00e9tat d&rsquo;urgence.<br \/>\nFace \u00e0 l&rsquo;\u00e9motion mondiale suscit\u00e9e par ce rapt sans pr\u00e9c\u00e9dent, le gouvernement nig\u00e9rian, pourtant traditionnellement r\u00e9tif aux ing\u00e9rences \u00e9trang\u00e8res, a accept\u00e9 l&rsquo;aide internationale. Les \u00c9tats-Unis, le Royaume-Uni et la France ont d\u00e9p\u00each\u00e9 des \u00e9quipes, tandis qu&rsquo;Isra\u00ebl et la Chine ont aussi propos\u00e9 leur aide. Des experts am\u00e9ricains passent \u00e9galement &quot;\u00e0 la loupe&quot; la vid\u00e9o de Boko Haram, a indiqu\u00e9 la diplomatie am\u00e9ricaine. Dans la vid\u00e9o, le chef de Boko Haram, Abubakar Shekau, exige la lib\u00e9ration de ses &quot;fr\u00e8res&quot; combattants prisonniers en \u00e9change de celle des jeunes filles.<br \/>\nSommet samedi \u00e0 Paris<br \/>\nShekau affirme que le marchandage ne concernerait que les filles &quot;qui ne se sont pas converties&quot; \u00e0 l&rsquo;islam. En effet, alors qu&rsquo;il avait menac\u00e9 de les traiter en &quot;esclaves&quot; dans une pr\u00e9c\u00e9dente vid\u00e9o, il explique avoir entrepris de convertir les otages \u00e0 la religion musulmane. La nouvelle vid\u00e9o de Boko Haram montre environ 130 adolescentes assises \u00e0 l&rsquo;air libre sous des arbres, dans un lieu non-identifi\u00e9, en train de r\u00e9citer ensemble la &quot;fatiha&quot;, l&rsquo;une des principales sourates du Coran.<br \/>\n\u00c0 l&rsquo;initiative de Fran\u00e7ois Hollande, un sommet r\u00e9gional doit se tenir samedi \u00e0 Paris pour aider le Nigeria et ses voisins \u00e0 faire face au d\u00e9fi pos\u00e9 par Boko Haram, dont le nom en langue haoussa signifie &quot;L&rsquo;\u00e9ducation occidentale est un p\u00e9ch\u00e9&quot;. Ce sommet devrait rassembler, autour du pr\u00e9sident fran\u00e7ais, les dirigeants d&rsquo;au moins cinq pays africains : le Nigeria et quatre de ses voisins, le Tchad, le Cameroun, le Niger et le B\u00e9nin. Am\u00e9ricains et Britanniques ont \u00e9galement \u00e9t\u00e9 invit\u00e9s.<br \/>\n(Avec AFP)<\/p>\n","protected":false},"excerpt":{"rendered":"<p>Le gouvernement nig\u00e9rian s&rsquo;est d\u00e9clar\u00e9 mardi soir &quot;pr\u00eat \u00e0 dialoguer&quot; avec Boko Haram pour assurer la lib\u00e9ration des 223 lyc\u00e9ennes enlev\u00e9es par le groupe islamiste \u00e0 Chibok, dans le nord-est du pays. Apr\u00e8s avoir \u00e9mis lundi un refus de n\u00e9gocier avec le groupe terroriste Boko Haram, les autorit\u00e9s nig\u00e9rianes ont chang\u00e9 de position. &quot;Nous sommes [&hellip;]<\/p>\n","protected":false},"author":12,"featured_media":0,"comment_status":"open","ping_status":"open","sticky":false,"template":"","format":"standard","meta":{"_exactmetrics_skip_tracking":false,"_exactmetrics_sitenote_active":false,"_exactmetrics_sitenote_note":"","_exactmetrics_sitenote_category":0,"tdm_status":"","tdm_grid_status":"","footnotes":""},"categories":[28],"tags":[],"class_list":{"0":"post-16795","1":"post","2":"type-post","3":"status-publish","4":"format-standard","6":"category-archives"},"yoast_head":"<!-- This site is optimized with the Yoast SEO plugin v24.2 - https:\/\/yoast.com\/wordpress\/plugins\/seo\/ -->\n<title>14\/05\/14 Nigeria : le gouvernement pr\u00eat \u00e0 n\u00e9gocier avec Boko Haram | Guin\u00e9e Diversit\u00e9<\/title>\n<meta name=\"robots\" content=\"index, follow, max-snippet:-1, max-image-preview:large, max-video-preview:-1\" \/>\n<link rel=\"canonical\" href=\"https:\/\/guineediversite.com\/index.php\/2014\/05\/14\/140514-nigeria-le-gouvernement-pret-a-negocier-avec-boko-haram\/\" \/>\n<meta property=\"og:locale\" content=\"fr_FR\" \/>\n<meta property=\"og:type\" content=\"article\" \/>\n<meta property=\"og:title\" content=\"14\/05\/14 Nigeria : le gouvernement pr\u00eat \u00e0 n\u00e9gocier avec Boko Haram | Guin\u00e9e Diversit\u00e9\" \/>\n<meta property=\"og:description\" content=\"Le gouvernement nig\u00e9rian s&rsquo;est d\u00e9clar\u00e9 mardi soir &quot;pr\u00eat \u00e0 dialoguer&quot; avec Boko Haram pour assurer la lib\u00e9ration des 223 lyc\u00e9ennes enlev\u00e9es par le groupe islamiste \u00e0 Chibok, dans le nord-est du pays. Apr\u00e8s avoir \u00e9mis lundi un refus de n\u00e9gocier avec le groupe terroriste Boko Haram, les autorit\u00e9s nig\u00e9rianes ont chang\u00e9 de position. &quot;Nous sommes [&hellip;]\" \/>\n<meta property=\"og:url\" content=\"https:\/\/guineediversite.com\/index.php\/2014\/05\/14\/140514-nigeria-le-gouvernement-pret-a-negocier-avec-boko-haram\/\" \/>\n<meta property=\"og:site_name\" content=\"Guin\u00e9e Diversit\u00e9\" \/>\n<meta property=\"article:publisher\" content=\"https:\/\/www.facebook.com\/guineediversite\/\" \/>\n<meta property=\"article:published_time\" content=\"2014-05-13T22:00:00+00:00\" \/>\n<meta name=\"author\" content=\"Guin\u00e9e Diversit\u00e9\" \/>\n<meta name=\"twitter:card\" content=\"summary_large_image\" \/>\n<meta name=\"twitter:creator\" content=\"@GuineeDiversite\" \/>\n<meta name=\"twitter:site\" content=\"@GuineeDiversite\" \/>\n<meta name=\"twitter:label1\" content=\"\u00c9crit par\" \/>\n\t<meta name=\"twitter:data1\" content=\"Guin\u00e9e Diversit\u00e9\" \/>\n\t<meta name=\"twitter:label2\" content=\"Dur\u00e9e de lecture estim\u00e9e\" \/>\n\t<meta name=\"twitter:data2\" content=\"4 minutes\" \/>\n<script type=\"application\/ld+json\" class=\"yoast-schema-graph\">{\"@context\":\"https:\/\/schema.org\",\"@graph\":[{\"@type\":\"Article\",\"@id\":\"https:\/\/guineediversite.com\/index.php\/2014\/05\/14\/140514-nigeria-le-gouvernement-pret-a-negocier-avec-boko-haram\/#article\",\"isPartOf\":{\"@id\":\"https:\/\/guineediversite.com\/index.php\/2014\/05\/14\/140514-nigeria-le-gouvernement-pret-a-negocier-avec-boko-haram\/\"},\"author\":{\"name\":\"Guin\u00e9e Diversit\u00e9\",\"@id\":\"https:\/\/guineediversite.com\/#\/schema\/person\/afa08fb34e7fc6e1feafc892612bc836\"},\"headline\":\"14\/05\/14 Nigeria : le gouvernement pr\u00eat \u00e0 n\u00e9gocier avec Boko Haram\",\"datePublished\":\"2014-05-13T22:00:00+00:00\",\"dateModified\":\"2014-05-13T22:00:00+00:00\",\"mainEntityOfPage\":{\"@id\":\"https:\/\/guineediversite.com\/index.php\/2014\/05\/14\/140514-nigeria-le-gouvernement-pret-a-negocier-avec-boko-haram\/\"},\"wordCount\":804,\"commentCount\":0,\"publisher\":{\"@id\":\"https:\/\/guineediversite.com\/#organization\"},\"articleSection\":[\"Archives\"],\"inLanguage\":\"fr-FR\",\"potentialAction\":[{\"@type\":\"CommentAction\",\"name\":\"Comment\",\"target\":[\"https:\/\/guineediversite.com\/index.php\/2014\/05\/14\/140514-nigeria-le-gouvernement-pret-a-negocier-avec-boko-haram\/#respond\"]}]},{\"@type\":\"WebPage\",\"@id\":\"https:\/\/guineediversite.com\/index.php\/2014\/05\/14\/140514-nigeria-le-gouvernement-pret-a-negocier-avec-boko-haram\/\",\"url\":\"https:\/\/guineediversite.com\/index.php\/2014\/05\/14\/140514-nigeria-le-gouvernement-pret-a-negocier-avec-boko-haram\/\",\"name\":\"14\/05\/14 Nigeria : le gouvernement pr\u00eat \u00e0 n\u00e9gocier avec Boko Haram | Guin\u00e9e Diversit\u00e9\",\"isPartOf\":{\"@id\":\"https:\/\/guineediversite.com\/#website\"},\"datePublished\":\"2014-05-13T22:00:00+00:00\",\"dateModified\":\"2014-05-13T22:00:00+00:00\",\"breadcrumb\":{\"@id\":\"https:\/\/guineediversite.com\/index.php\/2014\/05\/14\/140514-nigeria-le-gouvernement-pret-a-negocier-avec-boko-haram\/#breadcrumb\"},\"inLanguage\":\"fr-FR\",\"potentialAction\":[{\"@type\":\"ReadAction\",\"target\":[\"https:\/\/guineediversite.com\/index.php\/2014\/05\/14\/140514-nigeria-le-gouvernement-pret-a-negocier-avec-boko-haram\/\"]}]},{\"@type\":\"BreadcrumbList\",\"@id\":\"https:\/\/guineediversite.com\/index.php\/2014\/05\/14\/140514-nigeria-le-gouvernement-pret-a-negocier-avec-boko-haram\/#breadcrumb\",\"itemListElement\":[{\"@type\":\"ListItem\",\"position\":1,\"name\":\"Accueil\",\"item\":\"https:\/\/guineediversite.com\/\"},{\"@type\":\"ListItem\",\"position\":2,\"name\":\"14\/05\/14 Nigeria : le gouvernement pr\u00eat \u00e0 n\u00e9gocier avec Boko Haram\"}]},{\"@type\":\"WebSite\",\"@id\":\"https:\/\/guineediversite.com\/#website\",\"url\":\"https:\/\/guineediversite.com\/\",\"name\":\"Guin\u00e9e Diversit\u00e9\",\"description\":\"L&#039;Info dans toute sa diversit\u00e9\",\"publisher\":{\"@id\":\"https:\/\/guineediversite.com\/#organization\"},\"potentialAction\":[{\"@type\":\"SearchAction\",\"target\":{\"@type\":\"EntryPoint\",\"urlTemplate\":\"https:\/\/guineediversite.com\/?s={search_term_string}\"},\"query-input\":{\"@type\":\"PropertyValueSpecification\",\"valueRequired\":true,\"valueName\":\"search_term_string\"}}],\"inLanguage\":\"fr-FR\"},{\"@type\":\"Organization\",\"@id\":\"https:\/\/guineediversite.com\/#organization\",\"name\":\"Guin\u00e9e Diversit\u00e9\",\"url\":\"https:\/\/guineediversite.com\/\",\"logo\":{\"@type\":\"ImageObject\",\"inLanguage\":\"fr-FR\",\"@id\":\"https:\/\/guineediversite.com\/#\/schema\/logo\/image\/\",\"url\":\"https:\/\/guineediversite.com\/wp-content\/uploads\/2017\/04\/cropped-1jojlxEOMkX9Wyqfhe43D6kjPOGqBBKmx3EwWJqZ0cMrFF54yM49.png\",\"contentUrl\":\"https:\/\/guineediversite.com\/wp-content\/uploads\/2017\/04\/cropped-1jojlxEOMkX9Wyqfhe43D6kjPOGqBBKmx3EwWJqZ0cMrFF54yM49.png\",\"width\":186,\"height\":112,\"caption\":\"Guin\u00e9e Diversit\u00e9\"},\"image\":{\"@id\":\"https:\/\/guineediversite.com\/#\/schema\/logo\/image\/\"},\"sameAs\":[\"https:\/\/www.facebook.com\/guineediversite\/\",\"https:\/\/x.com\/GuineeDiversite\",\"https:\/\/www.youtube.com\/channel\/UC8sUY16qelG5ge6_D5SB83g\"]},{\"@type\":\"Person\",\"@id\":\"https:\/\/guineediversite.com\/#\/schema\/person\/afa08fb34e7fc6e1feafc892612bc836\",\"name\":\"Guin\u00e9e Diversit\u00e9\",\"image\":{\"@type\":\"ImageObject\",\"inLanguage\":\"fr-FR\",\"@id\":\"https:\/\/guineediversite.com\/#\/schema\/person\/image\/\",\"url\":\"https:\/\/secure.gravatar.com\/avatar\/50d5eb5b390f8b65ac30ac6f898eb83a?s=96&d=mm&r=g\",\"contentUrl\":\"https:\/\/secure.gravatar.com\/avatar\/50d5eb5b390f8b65ac30ac6f898eb83a?s=96&d=mm&r=g\",\"caption\":\"Guin\u00e9e Diversit\u00e9\"},\"url\":\"https:\/\/guineediversite.com\/index.php\/author\/guineediversite\/\"}]}<\/script>\n<!-- \/ Yoast SEO plugin. -->","yoast_head_json":{"title":"14\/05\/14 Nigeria : le gouvernement pr\u00eat \u00e0 n\u00e9gocier avec Boko Haram | Guin\u00e9e Diversit\u00e9","robots":{"index":"index","follow":"follow","max-snippet":"max-snippet:-1","max-image-preview":"max-image-preview:large","max-video-preview":"max-video-preview:-1"},"canonical":"https:\/\/guineediversite.com\/index.php\/2014\/05\/14\/140514-nigeria-le-gouvernement-pret-a-negocier-avec-boko-haram\/","og_locale":"fr_FR","og_type":"article","og_title":"14\/05\/14 Nigeria : le gouvernement pr\u00eat \u00e0 n\u00e9gocier avec Boko Haram | Guin\u00e9e Diversit\u00e9","og_description":"Le gouvernement nig\u00e9rian s&rsquo;est d\u00e9clar\u00e9 mardi soir &quot;pr\u00eat \u00e0 dialoguer&quot; avec Boko Haram pour assurer la lib\u00e9ration des 223 lyc\u00e9ennes enlev\u00e9es par le groupe islamiste \u00e0 Chibok, dans le nord-est du pays. Apr\u00e8s avoir \u00e9mis lundi un refus de n\u00e9gocier avec le groupe terroriste Boko Haram, les autorit\u00e9s nig\u00e9rianes ont chang\u00e9 de position. &quot;Nous sommes [&hellip;]","og_url":"https:\/\/guineediversite.com\/index.php\/2014\/05\/14\/140514-nigeria-le-gouvernement-pret-a-negocier-avec-boko-haram\/","og_site_name":"Guin\u00e9e Diversit\u00e9","article_publisher":"https:\/\/www.facebook.com\/guineediversite\/","article_published_time":"2014-05-13T22:00:00+00:00","author":"Guin\u00e9e Diversit\u00e9","twitter_card":"summary_large_image","twitter_creator":"@GuineeDiversite","twitter_site":"@GuineeDiversite","twitter_misc":{"\u00c9crit par":"Guin\u00e9e Diversit\u00e9","Dur\u00e9e de lecture estim\u00e9e":"4 minutes"},"schema":{"@context":"https:\/\/schema.org","@graph":[{"@type":"Article","@id":"https:\/\/guineediversite.com\/index.php\/2014\/05\/14\/140514-nigeria-le-gouvernement-pret-a-negocier-avec-boko-haram\/#article","isPartOf":{"@id":"https:\/\/guineediversite.com\/index.php\/2014\/05\/14\/140514-nigeria-le-gouvernement-pret-a-negocier-avec-boko-haram\/"},"author":{"name":"Guin\u00e9e Diversit\u00e9","@id":"https:\/\/guineediversite.com\/#\/schema\/person\/afa08fb34e7fc6e1feafc892612bc836"},"headline":"14\/05\/14 Nigeria : le gouvernement pr\u00eat \u00e0 n\u00e9gocier avec Boko Haram","datePublished":"2014-05-13T22:00:00+00:00","dateModified":"2014-05-13T22:00:00+00:00","mainEntityOfPage":{"@id":"https:\/\/guineediversite.com\/index.php\/2014\/05\/14\/140514-nigeria-le-gouvernement-pret-a-negocier-avec-boko-haram\/"},"wordCount":804,"commentCount":0,"publisher":{"@id":"https:\/\/guineediversite.com\/#organization"},"articleSection":["Archives"],"inLanguage":"fr-FR","potentialAction":[{"@type":"CommentAction","name":"Comment","target":["https:\/\/guineediversite.com\/index.php\/2014\/05\/14\/140514-nigeria-le-gouvernement-pret-a-negocier-avec-boko-haram\/#respond"]}]},{"@type":"WebPage","@id":"https:\/\/guineediversite.com\/index.php\/2014\/05\/14\/140514-nigeria-le-gouvernement-pret-a-negocier-avec-boko-haram\/","url":"https:\/\/guineediversite.com\/index.php\/2014\/05\/14\/140514-nigeria-le-gouvernement-pret-a-negocier-avec-boko-haram\/","name":"14\/05\/14 Nigeria : le gouvernement pr\u00eat \u00e0 n\u00e9gocier avec Boko Haram | Guin\u00e9e Diversit\u00e9","isPartOf":{"@id":"https:\/\/guineediversite.com\/#website"},"datePublished":"2014-05-13T22:00:00+00:00","dateModified":"2014-05-13T22:00:00+00:00","breadcrumb":{"@id":"https:\/\/guineediversite.com\/index.php\/2014\/05\/14\/140514-nigeria-le-gouvernement-pret-a-negocier-avec-boko-haram\/#breadcrumb"},"inLanguage":"fr-FR","potentialAction":[{"@type":"ReadAction","target":["https:\/\/guineediversite.com\/index.php\/2014\/05\/14\/140514-nigeria-le-gouvernement-pret-a-negocier-avec-boko-haram\/"]}]},{"@type":"BreadcrumbList","@id":"https:\/\/guineediversite.com\/index.php\/2014\/05\/14\/140514-nigeria-le-gouvernement-pret-a-negocier-avec-boko-haram\/#breadcrumb","itemListElement":[{"@type":"ListItem","position":1,"name":"Accueil","item":"https:\/\/guineediversite.com\/"},{"@type":"ListItem","position":2,"name":"14\/05\/14 Nigeria : le gouvernement pr\u00eat \u00e0 n\u00e9gocier avec Boko Haram"}]},{"@type":"WebSite","@id":"https:\/\/guineediversite.com\/#website","url":"https:\/\/guineediversite.com\/","name":"Guin\u00e9e Diversit\u00e9","description":"L&#039;Info dans toute sa diversit\u00e9","publisher":{"@id":"https:\/\/guineediversite.com\/#organization"},"potentialAction":[{"@type":"SearchAction","target":{"@type":"EntryPoint","urlTemplate":"https:\/\/guineediversite.com\/?s={search_term_string}"},"query-input":{"@type":"PropertyValueSpecification","valueRequired":true,"valueName":"search_term_string"}}],"inLanguage":"fr-FR"},{"@type":"Organization","@id":"https:\/\/guineediversite.com\/#organization","name":"Guin\u00e9e Diversit\u00e9","url":"https:\/\/guineediversite.com\/","logo":{"@type":"ImageObject","inLanguage":"fr-FR","@id":"https:\/\/guineediversite.com\/#\/schema\/logo\/image\/","url":"https:\/\/guineediversite.com\/wp-content\/uploads\/2017\/04\/cropped-1jojlxEOMkX9Wyqfhe43D6kjPOGqBBKmx3EwWJqZ0cMrFF54yM49.png","contentUrl":"https:\/\/guineediversite.com\/wp-content\/uploads\/2017\/04\/cropped-1jojlxEOMkX9Wyqfhe43D6kjPOGqBBKmx3EwWJqZ0cMrFF54yM49.png","width":186,"height":112,"caption":"Guin\u00e9e Diversit\u00e9"},"image":{"@id":"https:\/\/guineediversite.com\/#\/schema\/logo\/image\/"},"sameAs":["https:\/\/www.facebook.com\/guineediversite\/","https:\/\/x.com\/GuineeDiversite","https:\/\/www.youtube.com\/channel\/UC8sUY16qelG5ge6_D5SB83g"]},{"@type":"Person","@id":"https:\/\/guineediversite.com\/#\/schema\/person\/afa08fb34e7fc6e1feafc892612bc836","name":"Guin\u00e9e Diversit\u00e9","image":{"@type":"ImageObject","inLanguage":"fr-FR","@id":"https:\/\/guineediversite.com\/#\/schema\/person\/image\/","url":"https:\/\/secure.gravatar.com\/avatar\/50d5eb5b390f8b65ac30ac6f898eb83a?s=96&d=mm&r=g","contentUrl":"https:\/\/secure.gravatar.com\/avatar\/50d5eb5b390f8b65ac30ac6f898eb83a?s=96&d=mm&r=g","caption":"Guin\u00e9e Diversit\u00e9"},"url":"https:\/\/guineediversite.com\/index.php\/author\/guineediversite\/"}]}},"_links":{"self":[{"href":"https:\/\/guineediversite.com\/index.php\/wp-json\/wp\/v2\/posts\/16795"}],"collection":[{"href":"https:\/\/guineediversite.com\/index.php\/wp-json\/wp\/v2\/posts"}],"about":[{"href":"https:\/\/guineediversite.com\/index.php\/wp-json\/wp\/v2\/types\/post"}],"author":[{"embeddable":true,"href":"https:\/\/guineediversite.com\/index.php\/wp-json\/wp\/v2\/users\/12"}],"replies":[{"embeddable":true,"href":"https:\/\/guineediversite.com\/index.php\/wp-json\/wp\/v2\/comments?post=16795"}],"version-history":[{"count":0,"href":"https:\/\/guineediversite.com\/index.php\/wp-json\/wp\/v2\/posts\/16795\/revisions"}],"wp:attachment":[{"href":"https:\/\/guineediversite.com\/index.php\/wp-json\/wp\/v2\/media?parent=16795"}],"wp:term":[{"taxonomy":"category","embeddable":true,"href":"https:\/\/guineediversite.com\/index.php\/wp-json\/wp\/v2\/categories?post=16795"},{"taxonomy":"post_tag","embeddable":true,"href":"https:\/\/guineediversite.com\/index.php\/wp-json\/wp\/v2\/tags?post=16795"}],"curies":[{"name":"wp","href":"https:\/\/api.w.org\/{rel}","templated":true}]}}