{"id":16786,"date":"2014-05-13T00:00:00","date_gmt":"2014-05-12T22:00:00","guid":{"rendered":"https:\/\/www.guineediversite.com\/index.php\/2014\/05\/13\/130514la-torture-reste-un-phenomene-endemique-peu-penalise-en-afrique-selon-amnesty-international\/"},"modified":"2014-05-13T00:00:00","modified_gmt":"2014-05-12T22:00:00","slug":"130514la-torture-reste-un-phenomene-endemique-peu-penalise-en-afrique-selon-amnesty-international","status":"publish","type":"post","link":"https:\/\/guineediversite.com\/index.php\/2014\/05\/13\/130514la-torture-reste-un-phenomene-endemique-peu-penalise-en-afrique-selon-amnesty-international\/","title":{"rendered":"13\/05\/14\nLa torture reste un ph\u00e9nom\u00e8ne end\u00e9mique  peu p\u00e9nalis\u00e9 en Afrique, selon Amnesty International"},"content":{"rendered":"<p>Un peu partout en Afrique, les gouvernements trahissent les engagements qu\u2019ils ont pris de mettre un terme \u00e0 la torture. C\u2019est ce qu\u2019a d\u00e9clar\u00e9 mardi 13 mai Amnesty International \u00e0 l\u2019occasion du lancement de sa nouvelle campagne mondiale intitul\u00e9e Stop Torture. La torture est end\u00e9mique dans tout le continent \u2013 un continent en retard par rapport au reste du monde en mati\u00e8re de p\u00e9nalisation de cette pratique.<br \/>\n&#8211; Amnesty International a d\u00e9nonc\u00e9 des cas de torture et d\u2019autres mauvais traitements dans 141 pays au cours des cinq derni\u00e8res ann\u00e9es &#8211;<br \/>\n&#8211; Selon un sondage r\u00e9alis\u00e9 aupr\u00e8s de plus de 21 000 personnes dans 21 pays situ\u00e9s sur les cinq continents, la crainte de la torture existe dans tous les pays \u00e9tudi\u00e9s<br \/>\n&#8211; Pr\u00e8s de la moiti\u00e9 des personnes interrog\u00e9es craignent d\u2019\u00eatre tortur\u00e9es en cas d\u2019arrestation<br \/>\n&#8211; Elles sont plus de 80%\u00e0 r\u00e9clamer des lois r\u00e9primant s\u00e9v\u00e8rement la torture<br \/>\n&#8211; Plus d\u2019un tiers estime que la torture peut parfois \u00eatre justifi\u00e9e<\/p>\n<p>Un peu partout en Afrique, les gouvernements trahissent les engagements qu\u2019ils ont pris de mettre un terme \u00e0 la torture. C\u2019est ce qu\u2019a d\u00e9clar\u00e9 mardi 13 mai Amnesty International \u00e0 l\u2019occasion du lancement de sa nouvelle campagne mondiale intitul\u00e9e Stop Torture. La torture est end\u00e9mique dans tout le continent \u2013 un continent en retard par rapport au reste du monde en mati\u00e8re de p\u00e9nalisation de cette pratique. <\/p>\n<p>Seuls 10 pays africains se sont dot\u00e9s de lois interdisant la torture, alors m\u00eame que la Charte africaine des droits de l\u2019homme et des peuples, qui a \u00e9t\u00e9 ratifi\u00e9e par tous les \u00c9tats membres de l\u2019Union africaine sauf un, la prohibe express\u00e9ment.<\/p>\n<p>\u00ab Les gouvernements africains n\u2019ont toujours pas pris la mesure du probl\u00e8me, et \u00e0 plus forte raison n\u2019ont pas commenc\u00e9 \u00e0 s\u2019y attaquer \u00bb, a d\u00e9clar\u00e9 Netsanet Belay, directeur des recherches et des actions de plaidoyer pour l\u2019Afrique d\u2019Amnesty International. <\/p>\n<p>\u00ab L\u2019absence de lois r\u00e9primant s\u00e9v\u00e8rement la torture dans la majorit\u00e9 des pays africains fait que cette pratique non seulement perdure, mais qu\u2019elle est florissante. \u00bb<\/p>\n<p>Pr\u00e9vue pour une dur\u00e9e de deux ans, la campagne Stop Torture a d\u00e9but\u00e9 avec la publication d\u2019une synth\u00e8se destin\u00e9e \u00e0 la presse, La torture en 2014. 30 ans d\u2019engagements non tenus, qui donne un aper\u00e7u de l\u2019usage de la torture dans le monde \u00e0 l\u2019heure actuelle. <\/p>\n<p>Amnesty International a d\u00e9nonc\u00e9 des cas de torture et d\u2019autres formes de mauvais traitements dans au moins 141 pays au cours des cinq derni\u00e8res ann\u00e9es, dans toutes les r\u00e9gions du monde. Pratiquement tous les pays sur lesquels l\u2019organisation travaille sont concern\u00e9s. <\/p>\n<p>En 2014, 30 ans apr\u00e8s l\u2019adoption par les Nations unies de la Convention contre la torture (1984) &#8211; qui engage tous les gouvernements \u00e0 combattre ce fl\u00e9au \u2013, Amnesty International constate que la torture reste un probl\u00e8me dans au moins 24 pays d\u2019Afrique sub-saharienne. La torture \u00e9tant par nature une pratique qui ne se montre pas, il est probable que le nombre de pays affect\u00e9s est beaucoup plus \u00e9lev\u00e9.<\/p>\n<p>Dans un certain nombre de pays africains, le recours \u00e0 la torture et \u00e0 d\u2019autres traitements cruels, inhumains ou d\u00e9gradants constitue une pratique habituelle et accept\u00e9e par beaucoup comme \u00e9tant une r\u00e9ponse l\u00e9gitime, face \u00e0 une criminalit\u00e9 violente et \u00e9lev\u00e9e. <\/p>\n<p>Selon un sondage men\u00e9 au niveau mondial par le cabinet Globescan et r\u00e9alis\u00e9 parall\u00e8lement au rapport de lancement, pr\u00e8s de la moiti\u00e9 (44%) des personnes interrog\u00e9es (dans 21 pays situ\u00e9s sur les cinq continents) craignent d\u2019\u00eatre tortur\u00e9es en cas d\u2019arrestation par les forces de s\u00e9curit\u00e9 de leur pays. <\/p>\n<p>Cette proportion d\u00e9passe la moiti\u00e9 des personnes interrog\u00e9es dans des pays africains comme le Kenya (58%) ou le Nigeria (50%).<\/p>\n<p>Ce sondage indique par ailleurs que pr\u00e8s des trois quarts (73%) des Nig\u00e9rians et plus de quatre Kenyans sur cinq (84%) consid\u00e8rent que des r\u00e8gles claires doivent \u00eatre \u00e9dict\u00e9es pour lutter contre la torture. <\/p>\n<p>Amnesty International a relev\u00e9 diverses formes de torture utilis\u00e9es un peu partout en Afrique. Dans les prisons et les centres de d\u00e9tention, la torture est r\u00e9guli\u00e8rement appliqu\u00e9e pour extorquer des \u00ab aveux \u00bb aux d\u00e9tenus. En \u00c9thiopie, en Gambie, au Kenya, au Mali, au Nigeria, au S\u00e9n\u00e9gal, au Soudan, ou encore au Zimbabwe, les d\u00e9tenus sont rou\u00e9s de coups, attach\u00e9s dans des positions douloureuses, expos\u00e9s \u00e0 des conditions atmosph\u00e9riques extr\u00eames, suspendus au plafond ou soumis \u00e0 des s\u00e9vices sexuels. <\/p>\n<p>&amp;#61607; En Afrique du Sud, des informations ont fait \u00e9tat l\u2019an dernier d\u2019actes de torture \u00e0 l\u2019\u00e9lectricit\u00e9 et de passages \u00e0 tabac, qui auraient \u00e9t\u00e9 commis dans l\u2019enceinte de la prison de haute s\u00e9curit\u00e9 de Mangaung, un \u00e9tablissement g\u00e9r\u00e9 par une soci\u00e9t\u00e9 priv\u00e9e.<\/p>\n<p>&amp;#61607; En Mauritanie, des tribunaux ont estim\u00e9 recevables des \u00ab aveux \u00bb extorqu\u00e9s sous la torture ou d\u2019autres formes de mauvais traitements, m\u00eame si leurs auteurs s&rsquo;\u00e9taient r\u00e9tract\u00e9s par la suite.<\/p>\n<p>&amp;#61607; Au Nigeria, la police et l\u2019arm\u00e9e ont recours \u00e0 la torture de mani\u00e8re routini\u00e8re. Moses Akatugba avait 16 ans lorsqu\u2019il a \u00e9t\u00e9 arr\u00eat\u00e9 par des soldats, en 2005. Selon son t\u00e9moignage, il aurait \u00e9t\u00e9 rou\u00e9 de coups et les soldats lui auraient tir\u00e9 une balle dans la main. Il aurait ensuite \u00e9t\u00e9 remis \u00e0 la police, quil\u2019aurait pendu par les bras et les jambes pendant plusieurs heures dans les locaux d\u2019un commissariat. Moses affirme avoir \u00e9t\u00e9 tortur\u00e9 jusqu\u2019\u00e0 ce qu\u2019il signe des \u00ab aveux \u00bb, reconnaissant avoir particip\u00e9 \u00e0 un vol. Ses all\u00e9gations de torture n\u2019ont jamais fait l\u2019objet d\u2019une v\u00e9ritable enqu\u00eate. En novembre 2013, apr\u00e8s avoir attendu huit ans le verdict de son proc\u00e8s, Moses Akatugba a \u00e9t\u00e9 condamn\u00e9 \u00e0 mort.<\/p>\n<p>&amp;#61607; La torture au Soudan peut notamment prendre la forme d\u2019amputations, impos\u00e9es \u00e0 titre de ch\u00e2timent. En avril 2013, trois hommes ont eu la main droite coup\u00e9e. Ils avaient \u00e9t\u00e9 reconnus coupables d\u2019avoir vol\u00e9 de l\u2019huile de cuisine, \u00e0 l\u2019issue d\u2019un proc\u00e8s au cours duquel ils n\u2019avaient pas eu droit \u00e0 un d\u00e9fenseur.<\/p>\n<p>&amp;#61607; Dans de nombreux pays d\u2019Afrique, les conditions de vie en prison sont inhumaines. La surpopulation est extr\u00eame et l\u2019insalubrit\u00e9 chronique. Au Liberia, Amnesty International a pu constater que les prisons souffraient d\u2019une tr\u00e8s forte surpopulation, qu\u2019elles n\u2019avaient pas l\u2019eau courante et que les conditions sanitaires y \u00e9taient d\u00e9plorables. Les cellules sont si petites que les d\u00e9tenus sont contraints de dormir \u00e0 tour de r\u00f4le.<\/p>\n<p>Amnesty International appelle tous les gouvernements africains \u00e0 prendre imm\u00e9diatement des mesures pour faire de la torture un crime sanctionn\u00e9 par la loi. L\u2019organisation demande en outre aux gouvernements de mettre en \u0153uvre des m\u00e9canismes de protection destin\u00e9s \u00e0 emp\u00eacher que des personnes ne soient tortur\u00e9es et \u00e0 punir les tortionnaires. Ils doivent notamment veiller \u00e0 ce que les d\u00e9tenus fassent l\u2019objet d\u2019examens m\u00e9dicaux satisfaisants et aient acc\u00e8s \u00e0 un avocat dans les meilleurs d\u00e9lais. Ils doivent faire en sorte que les lieux de d\u00e9tention soient inspect\u00e9s par des organismes ind\u00e9pendants, que les all\u00e9gations de torture donnent lieu \u00e0 des enqu\u00eates, que les suspects fassent l\u2019objet de poursuites et que les victimes obtiennent des r\u00e9parations correctes.<\/p>\n<p>\u00ab Les gouvernements africains doivent prendre au s\u00e9rieux les obligations internationales d\u2019\u00e9radiquer la torture \u00bb, a d\u00e9clar\u00e9 Netsanet Belay.<\/p>\n<p>\u00ab Il y a 30 ans, Amnesty International \u00e9tait en premi\u00e8re ligne de la campagne en faveur d\u2019un engagement de la communaut\u00e9 mondiale contre la torture, d\u2019o\u00f9 est sortie la Convention des Nations unies contre la torture. Il est d\u00e9courageant de constater, alors que ce trait\u00e9 a \u00e9t\u00e9 largement ratifi\u00e9, que seuls 10 pays africains disposent actuellement d\u2019une l\u00e9gislation qui r\u00e9prime la torture et les mauvais traitements. La pratique reste end\u00e9mique \u00e0 l\u2019\u00e9chelle du continent. \u00bb <\/p>\n<p>En Afrique, la torture n\u2019est p\u00e9nalis\u00e9e que dans les 10 pays suivants :<\/p>\n<p>Alg\u00e9rie<br \/>\nBurundi<br \/>\nCameroun<br \/>\n\u00c9gypte<br \/>\nGuin\u00e9e \u00e9quatoriale<br \/>\nMadagascar<br \/>\nMaurice<br \/>\nR\u00e9publique d\u00e9mocratique du Congo<br \/>\nS\u00e9n\u00e9gal<br \/>\nTunisie<br \/>\n13 mai 2014<\/p>\n","protected":false},"excerpt":{"rendered":"<p>Un peu partout en Afrique, les gouvernements trahissent les engagements qu\u2019ils ont pris de mettre un terme \u00e0 la torture. C\u2019est ce qu\u2019a d\u00e9clar\u00e9 mardi 13 mai Amnesty International \u00e0 l\u2019occasion du lancement de sa nouvelle campagne mondiale intitul\u00e9e Stop Torture. La torture est end\u00e9mique dans tout le continent \u2013 un continent en retard par [&hellip;]<\/p>\n","protected":false},"author":12,"featured_media":0,"comment_status":"open","ping_status":"open","sticky":false,"template":"","format":"standard","meta":{"_exactmetrics_skip_tracking":false,"_exactmetrics_sitenote_active":false,"_exactmetrics_sitenote_note":"","_exactmetrics_sitenote_category":0,"tdm_status":"","tdm_grid_status":"","footnotes":""},"categories":[28],"tags":[],"class_list":{"0":"post-16786","1":"post","2":"type-post","3":"status-publish","4":"format-standard","6":"category-archives"},"yoast_head":"<!-- This site is optimized with the Yoast SEO plugin v24.2 - https:\/\/yoast.com\/wordpress\/plugins\/seo\/ -->\n<title>13\/05\/14 La torture reste un ph\u00e9nom\u00e8ne end\u00e9mique peu p\u00e9nalis\u00e9 en Afrique, selon Amnesty International | Guin\u00e9e Diversit\u00e9<\/title>\n<meta name=\"robots\" content=\"index, follow, max-snippet:-1, max-image-preview:large, max-video-preview:-1\" \/>\n<link rel=\"canonical\" href=\"https:\/\/guineediversite.com\/index.php\/2014\/05\/13\/130514la-torture-reste-un-phenomene-endemique-peu-penalise-en-afrique-selon-amnesty-international\/\" \/>\n<meta property=\"og:locale\" content=\"fr_FR\" \/>\n<meta property=\"og:type\" content=\"article\" \/>\n<meta property=\"og:title\" content=\"13\/05\/14 La torture reste un ph\u00e9nom\u00e8ne end\u00e9mique peu p\u00e9nalis\u00e9 en Afrique, selon Amnesty International | Guin\u00e9e Diversit\u00e9\" \/>\n<meta property=\"og:description\" content=\"Un peu partout en Afrique, les gouvernements trahissent les engagements qu\u2019ils ont pris de mettre un terme \u00e0 la torture. C\u2019est ce qu\u2019a d\u00e9clar\u00e9 mardi 13 mai Amnesty International \u00e0 l\u2019occasion du lancement de sa nouvelle campagne mondiale intitul\u00e9e Stop Torture. La torture est end\u00e9mique dans tout le continent \u2013 un continent en retard par [&hellip;]\" \/>\n<meta property=\"og:url\" content=\"https:\/\/guineediversite.com\/index.php\/2014\/05\/13\/130514la-torture-reste-un-phenomene-endemique-peu-penalise-en-afrique-selon-amnesty-international\/\" \/>\n<meta property=\"og:site_name\" content=\"Guin\u00e9e Diversit\u00e9\" \/>\n<meta property=\"article:publisher\" content=\"https:\/\/www.facebook.com\/guineediversite\/\" \/>\n<meta property=\"article:published_time\" content=\"2014-05-12T22:00:00+00:00\" \/>\n<meta name=\"author\" content=\"Guin\u00e9e Diversit\u00e9\" \/>\n<meta name=\"twitter:card\" content=\"summary_large_image\" \/>\n<meta name=\"twitter:creator\" content=\"@GuineeDiversite\" \/>\n<meta name=\"twitter:site\" content=\"@GuineeDiversite\" \/>\n<meta name=\"twitter:label1\" content=\"\u00c9crit par\" \/>\n\t<meta name=\"twitter:data1\" content=\"Guin\u00e9e Diversit\u00e9\" \/>\n\t<meta name=\"twitter:label2\" content=\"Dur\u00e9e de lecture estim\u00e9e\" \/>\n\t<meta name=\"twitter:data2\" content=\"7 minutes\" \/>\n<script type=\"application\/ld+json\" class=\"yoast-schema-graph\">{\"@context\":\"https:\/\/schema.org\",\"@graph\":[{\"@type\":\"Article\",\"@id\":\"https:\/\/guineediversite.com\/index.php\/2014\/05\/13\/130514la-torture-reste-un-phenomene-endemique-peu-penalise-en-afrique-selon-amnesty-international\/#article\",\"isPartOf\":{\"@id\":\"https:\/\/guineediversite.com\/index.php\/2014\/05\/13\/130514la-torture-reste-un-phenomene-endemique-peu-penalise-en-afrique-selon-amnesty-international\/\"},\"author\":{\"name\":\"Guin\u00e9e Diversit\u00e9\",\"@id\":\"https:\/\/guineediversite.com\/#\/schema\/person\/afa08fb34e7fc6e1feafc892612bc836\"},\"headline\":\"13\/05\/14 La torture reste un ph\u00e9nom\u00e8ne end\u00e9mique peu p\u00e9nalis\u00e9 en Afrique, selon Amnesty International\",\"datePublished\":\"2014-05-12T22:00:00+00:00\",\"dateModified\":\"2014-05-12T22:00:00+00:00\",\"mainEntityOfPage\":{\"@id\":\"https:\/\/guineediversite.com\/index.php\/2014\/05\/13\/130514la-torture-reste-un-phenomene-endemique-peu-penalise-en-afrique-selon-amnesty-international\/\"},\"wordCount\":1415,\"commentCount\":0,\"publisher\":{\"@id\":\"https:\/\/guineediversite.com\/#organization\"},\"articleSection\":[\"Archives\"],\"inLanguage\":\"fr-FR\",\"potentialAction\":[{\"@type\":\"CommentAction\",\"name\":\"Comment\",\"target\":[\"https:\/\/guineediversite.com\/index.php\/2014\/05\/13\/130514la-torture-reste-un-phenomene-endemique-peu-penalise-en-afrique-selon-amnesty-international\/#respond\"]}]},{\"@type\":\"WebPage\",\"@id\":\"https:\/\/guineediversite.com\/index.php\/2014\/05\/13\/130514la-torture-reste-un-phenomene-endemique-peu-penalise-en-afrique-selon-amnesty-international\/\",\"url\":\"https:\/\/guineediversite.com\/index.php\/2014\/05\/13\/130514la-torture-reste-un-phenomene-endemique-peu-penalise-en-afrique-selon-amnesty-international\/\",\"name\":\"13\/05\/14 La torture reste un ph\u00e9nom\u00e8ne end\u00e9mique peu p\u00e9nalis\u00e9 en Afrique, selon Amnesty International | Guin\u00e9e Diversit\u00e9\",\"isPartOf\":{\"@id\":\"https:\/\/guineediversite.com\/#website\"},\"datePublished\":\"2014-05-12T22:00:00+00:00\",\"dateModified\":\"2014-05-12T22:00:00+00:00\",\"breadcrumb\":{\"@id\":\"https:\/\/guineediversite.com\/index.php\/2014\/05\/13\/130514la-torture-reste-un-phenomene-endemique-peu-penalise-en-afrique-selon-amnesty-international\/#breadcrumb\"},\"inLanguage\":\"fr-FR\",\"potentialAction\":[{\"@type\":\"ReadAction\",\"target\":[\"https:\/\/guineediversite.com\/index.php\/2014\/05\/13\/130514la-torture-reste-un-phenomene-endemique-peu-penalise-en-afrique-selon-amnesty-international\/\"]}]},{\"@type\":\"BreadcrumbList\",\"@id\":\"https:\/\/guineediversite.com\/index.php\/2014\/05\/13\/130514la-torture-reste-un-phenomene-endemique-peu-penalise-en-afrique-selon-amnesty-international\/#breadcrumb\",\"itemListElement\":[{\"@type\":\"ListItem\",\"position\":1,\"name\":\"Accueil\",\"item\":\"https:\/\/guineediversite.com\/\"},{\"@type\":\"ListItem\",\"position\":2,\"name\":\"13\/05\/14 La torture reste un ph\u00e9nom\u00e8ne end\u00e9mique peu p\u00e9nalis\u00e9 en Afrique, selon Amnesty International\"}]},{\"@type\":\"WebSite\",\"@id\":\"https:\/\/guineediversite.com\/#website\",\"url\":\"https:\/\/guineediversite.com\/\",\"name\":\"Guin\u00e9e Diversit\u00e9\",\"description\":\"L&#039;Info dans toute sa diversit\u00e9\",\"publisher\":{\"@id\":\"https:\/\/guineediversite.com\/#organization\"},\"potentialAction\":[{\"@type\":\"SearchAction\",\"target\":{\"@type\":\"EntryPoint\",\"urlTemplate\":\"https:\/\/guineediversite.com\/?s={search_term_string}\"},\"query-input\":{\"@type\":\"PropertyValueSpecification\",\"valueRequired\":true,\"valueName\":\"search_term_string\"}}],\"inLanguage\":\"fr-FR\"},{\"@type\":\"Organization\",\"@id\":\"https:\/\/guineediversite.com\/#organization\",\"name\":\"Guin\u00e9e Diversit\u00e9\",\"url\":\"https:\/\/guineediversite.com\/\",\"logo\":{\"@type\":\"ImageObject\",\"inLanguage\":\"fr-FR\",\"@id\":\"https:\/\/guineediversite.com\/#\/schema\/logo\/image\/\",\"url\":\"https:\/\/guineediversite.com\/wp-content\/uploads\/2017\/04\/cropped-1jojlxEOMkX9Wyqfhe43D6kjPOGqBBKmx3EwWJqZ0cMrFF54yM49.png\",\"contentUrl\":\"https:\/\/guineediversite.com\/wp-content\/uploads\/2017\/04\/cropped-1jojlxEOMkX9Wyqfhe43D6kjPOGqBBKmx3EwWJqZ0cMrFF54yM49.png\",\"width\":186,\"height\":112,\"caption\":\"Guin\u00e9e Diversit\u00e9\"},\"image\":{\"@id\":\"https:\/\/guineediversite.com\/#\/schema\/logo\/image\/\"},\"sameAs\":[\"https:\/\/www.facebook.com\/guineediversite\/\",\"https:\/\/x.com\/GuineeDiversite\",\"https:\/\/www.youtube.com\/channel\/UC8sUY16qelG5ge6_D5SB83g\"]},{\"@type\":\"Person\",\"@id\":\"https:\/\/guineediversite.com\/#\/schema\/person\/afa08fb34e7fc6e1feafc892612bc836\",\"name\":\"Guin\u00e9e Diversit\u00e9\",\"image\":{\"@type\":\"ImageObject\",\"inLanguage\":\"fr-FR\",\"@id\":\"https:\/\/guineediversite.com\/#\/schema\/person\/image\/\",\"url\":\"https:\/\/secure.gravatar.com\/avatar\/50d5eb5b390f8b65ac30ac6f898eb83a?s=96&d=mm&r=g\",\"contentUrl\":\"https:\/\/secure.gravatar.com\/avatar\/50d5eb5b390f8b65ac30ac6f898eb83a?s=96&d=mm&r=g\",\"caption\":\"Guin\u00e9e Diversit\u00e9\"},\"url\":\"https:\/\/guineediversite.com\/index.php\/author\/guineediversite\/\"}]}<\/script>\n<!-- \/ Yoast SEO plugin. -->","yoast_head_json":{"title":"13\/05\/14 La torture reste un ph\u00e9nom\u00e8ne end\u00e9mique peu p\u00e9nalis\u00e9 en Afrique, selon Amnesty International | Guin\u00e9e Diversit\u00e9","robots":{"index":"index","follow":"follow","max-snippet":"max-snippet:-1","max-image-preview":"max-image-preview:large","max-video-preview":"max-video-preview:-1"},"canonical":"https:\/\/guineediversite.com\/index.php\/2014\/05\/13\/130514la-torture-reste-un-phenomene-endemique-peu-penalise-en-afrique-selon-amnesty-international\/","og_locale":"fr_FR","og_type":"article","og_title":"13\/05\/14 La torture reste un ph\u00e9nom\u00e8ne end\u00e9mique peu p\u00e9nalis\u00e9 en Afrique, selon Amnesty International | Guin\u00e9e Diversit\u00e9","og_description":"Un peu partout en Afrique, les gouvernements trahissent les engagements qu\u2019ils ont pris de mettre un terme \u00e0 la torture. C\u2019est ce qu\u2019a d\u00e9clar\u00e9 mardi 13 mai Amnesty International \u00e0 l\u2019occasion du lancement de sa nouvelle campagne mondiale intitul\u00e9e Stop Torture. La torture est end\u00e9mique dans tout le continent \u2013 un continent en retard par [&hellip;]","og_url":"https:\/\/guineediversite.com\/index.php\/2014\/05\/13\/130514la-torture-reste-un-phenomene-endemique-peu-penalise-en-afrique-selon-amnesty-international\/","og_site_name":"Guin\u00e9e Diversit\u00e9","article_publisher":"https:\/\/www.facebook.com\/guineediversite\/","article_published_time":"2014-05-12T22:00:00+00:00","author":"Guin\u00e9e Diversit\u00e9","twitter_card":"summary_large_image","twitter_creator":"@GuineeDiversite","twitter_site":"@GuineeDiversite","twitter_misc":{"\u00c9crit par":"Guin\u00e9e Diversit\u00e9","Dur\u00e9e de lecture estim\u00e9e":"7 minutes"},"schema":{"@context":"https:\/\/schema.org","@graph":[{"@type":"Article","@id":"https:\/\/guineediversite.com\/index.php\/2014\/05\/13\/130514la-torture-reste-un-phenomene-endemique-peu-penalise-en-afrique-selon-amnesty-international\/#article","isPartOf":{"@id":"https:\/\/guineediversite.com\/index.php\/2014\/05\/13\/130514la-torture-reste-un-phenomene-endemique-peu-penalise-en-afrique-selon-amnesty-international\/"},"author":{"name":"Guin\u00e9e Diversit\u00e9","@id":"https:\/\/guineediversite.com\/#\/schema\/person\/afa08fb34e7fc6e1feafc892612bc836"},"headline":"13\/05\/14 La torture reste un ph\u00e9nom\u00e8ne end\u00e9mique peu p\u00e9nalis\u00e9 en Afrique, selon Amnesty International","datePublished":"2014-05-12T22:00:00+00:00","dateModified":"2014-05-12T22:00:00+00:00","mainEntityOfPage":{"@id":"https:\/\/guineediversite.com\/index.php\/2014\/05\/13\/130514la-torture-reste-un-phenomene-endemique-peu-penalise-en-afrique-selon-amnesty-international\/"},"wordCount":1415,"commentCount":0,"publisher":{"@id":"https:\/\/guineediversite.com\/#organization"},"articleSection":["Archives"],"inLanguage":"fr-FR","potentialAction":[{"@type":"CommentAction","name":"Comment","target":["https:\/\/guineediversite.com\/index.php\/2014\/05\/13\/130514la-torture-reste-un-phenomene-endemique-peu-penalise-en-afrique-selon-amnesty-international\/#respond"]}]},{"@type":"WebPage","@id":"https:\/\/guineediversite.com\/index.php\/2014\/05\/13\/130514la-torture-reste-un-phenomene-endemique-peu-penalise-en-afrique-selon-amnesty-international\/","url":"https:\/\/guineediversite.com\/index.php\/2014\/05\/13\/130514la-torture-reste-un-phenomene-endemique-peu-penalise-en-afrique-selon-amnesty-international\/","name":"13\/05\/14 La torture reste un ph\u00e9nom\u00e8ne end\u00e9mique peu p\u00e9nalis\u00e9 en Afrique, selon Amnesty International | Guin\u00e9e Diversit\u00e9","isPartOf":{"@id":"https:\/\/guineediversite.com\/#website"},"datePublished":"2014-05-12T22:00:00+00:00","dateModified":"2014-05-12T22:00:00+00:00","breadcrumb":{"@id":"https:\/\/guineediversite.com\/index.php\/2014\/05\/13\/130514la-torture-reste-un-phenomene-endemique-peu-penalise-en-afrique-selon-amnesty-international\/#breadcrumb"},"inLanguage":"fr-FR","potentialAction":[{"@type":"ReadAction","target":["https:\/\/guineediversite.com\/index.php\/2014\/05\/13\/130514la-torture-reste-un-phenomene-endemique-peu-penalise-en-afrique-selon-amnesty-international\/"]}]},{"@type":"BreadcrumbList","@id":"https:\/\/guineediversite.com\/index.php\/2014\/05\/13\/130514la-torture-reste-un-phenomene-endemique-peu-penalise-en-afrique-selon-amnesty-international\/#breadcrumb","itemListElement":[{"@type":"ListItem","position":1,"name":"Accueil","item":"https:\/\/guineediversite.com\/"},{"@type":"ListItem","position":2,"name":"13\/05\/14 La torture reste un ph\u00e9nom\u00e8ne end\u00e9mique peu p\u00e9nalis\u00e9 en Afrique, selon Amnesty International"}]},{"@type":"WebSite","@id":"https:\/\/guineediversite.com\/#website","url":"https:\/\/guineediversite.com\/","name":"Guin\u00e9e Diversit\u00e9","description":"L&#039;Info dans toute sa diversit\u00e9","publisher":{"@id":"https:\/\/guineediversite.com\/#organization"},"potentialAction":[{"@type":"SearchAction","target":{"@type":"EntryPoint","urlTemplate":"https:\/\/guineediversite.com\/?s={search_term_string}"},"query-input":{"@type":"PropertyValueSpecification","valueRequired":true,"valueName":"search_term_string"}}],"inLanguage":"fr-FR"},{"@type":"Organization","@id":"https:\/\/guineediversite.com\/#organization","name":"Guin\u00e9e Diversit\u00e9","url":"https:\/\/guineediversite.com\/","logo":{"@type":"ImageObject","inLanguage":"fr-FR","@id":"https:\/\/guineediversite.com\/#\/schema\/logo\/image\/","url":"https:\/\/guineediversite.com\/wp-content\/uploads\/2017\/04\/cropped-1jojlxEOMkX9Wyqfhe43D6kjPOGqBBKmx3EwWJqZ0cMrFF54yM49.png","contentUrl":"https:\/\/guineediversite.com\/wp-content\/uploads\/2017\/04\/cropped-1jojlxEOMkX9Wyqfhe43D6kjPOGqBBKmx3EwWJqZ0cMrFF54yM49.png","width":186,"height":112,"caption":"Guin\u00e9e Diversit\u00e9"},"image":{"@id":"https:\/\/guineediversite.com\/#\/schema\/logo\/image\/"},"sameAs":["https:\/\/www.facebook.com\/guineediversite\/","https:\/\/x.com\/GuineeDiversite","https:\/\/www.youtube.com\/channel\/UC8sUY16qelG5ge6_D5SB83g"]},{"@type":"Person","@id":"https:\/\/guineediversite.com\/#\/schema\/person\/afa08fb34e7fc6e1feafc892612bc836","name":"Guin\u00e9e Diversit\u00e9","image":{"@type":"ImageObject","inLanguage":"fr-FR","@id":"https:\/\/guineediversite.com\/#\/schema\/person\/image\/","url":"https:\/\/secure.gravatar.com\/avatar\/50d5eb5b390f8b65ac30ac6f898eb83a?s=96&d=mm&r=g","contentUrl":"https:\/\/secure.gravatar.com\/avatar\/50d5eb5b390f8b65ac30ac6f898eb83a?s=96&d=mm&r=g","caption":"Guin\u00e9e Diversit\u00e9"},"url":"https:\/\/guineediversite.com\/index.php\/author\/guineediversite\/"}]}},"_links":{"self":[{"href":"https:\/\/guineediversite.com\/index.php\/wp-json\/wp\/v2\/posts\/16786"}],"collection":[{"href":"https:\/\/guineediversite.com\/index.php\/wp-json\/wp\/v2\/posts"}],"about":[{"href":"https:\/\/guineediversite.com\/index.php\/wp-json\/wp\/v2\/types\/post"}],"author":[{"embeddable":true,"href":"https:\/\/guineediversite.com\/index.php\/wp-json\/wp\/v2\/users\/12"}],"replies":[{"embeddable":true,"href":"https:\/\/guineediversite.com\/index.php\/wp-json\/wp\/v2\/comments?post=16786"}],"version-history":[{"count":0,"href":"https:\/\/guineediversite.com\/index.php\/wp-json\/wp\/v2\/posts\/16786\/revisions"}],"wp:attachment":[{"href":"https:\/\/guineediversite.com\/index.php\/wp-json\/wp\/v2\/media?parent=16786"}],"wp:term":[{"taxonomy":"category","embeddable":true,"href":"https:\/\/guineediversite.com\/index.php\/wp-json\/wp\/v2\/categories?post=16786"},{"taxonomy":"post_tag","embeddable":true,"href":"https:\/\/guineediversite.com\/index.php\/wp-json\/wp\/v2\/tags?post=16786"}],"curies":[{"name":"wp","href":"https:\/\/api.w.org\/{rel}","templated":true}]}}