{"id":16783,"date":"2014-05-12T00:00:00","date_gmt":"2014-05-11T22:00:00","guid":{"rendered":"https:\/\/www.guineediversite.com\/index.php\/2014\/05\/12\/120514-le-tchad-ferme-sa-frontiere-avec-la-centrafrique\/"},"modified":"2014-05-12T00:00:00","modified_gmt":"2014-05-11T22:00:00","slug":"120514-le-tchad-ferme-sa-frontiere-avec-la-centrafrique","status":"publish","type":"post","link":"https:\/\/guineediversite.com\/index.php\/2014\/05\/12\/120514-le-tchad-ferme-sa-frontiere-avec-la-centrafrique\/","title":{"rendered":"12\/05\/14 Le Tchad ferme sa fronti\u00e8re avec la Centrafrique"},"content":{"rendered":"<p>Le Tchad ferme sa fronti\u00e8re avec la Centrafrique, d\u00e9chir\u00e9e par les violences depuis plus d&rsquo;un an, a annonc\u00e9 lundi la pr\u00e9sidence tchadienne, \u00e0 l&rsquo;occasion d&rsquo;une tourn\u00e9e du pr\u00e9sident Idriss D\u00e9by Itno dans le sud du pays.<br \/>\n&quot;Le Tchad ferme ses fronti\u00e8res communes avec la R\u00e9publique centrafricaine&quot;, indique la pr\u00e9sidence sur son site internet.<br \/>\nLe pr\u00e9sident D\u00e9by effectue depuis le 8 mai une tourn\u00e9e dans le sud du Tchad, le long de la fronti\u00e8re avec la Centrafrique, plong\u00e9e dans une crise sans pr\u00e9c\u00e9dent depuis plus d&rsquo;un an.<br \/>\n&quot;Vous \u00eates \u00e0 moins de 20 m de la fronti\u00e8re avec la RCA (R\u00e9publique centrafricaine). Sachez d\u00e8s aujourd&rsquo;hui que notre fronti\u00e8re avec ce pays est herm\u00e9tiquement ferm\u00e9e&quot;, a d\u00e9clar\u00e9 dimanche le chef de l&rsquo;Etat aux populations de Daha, ville frontali\u00e8re du sud-est.<br \/>\n&quot;Tout Tchadien qui d\u00e9sire rentrer chez lui avec ses biens, nous lui ouvrirons grandement la fronti\u00e8re. Mis \u00e0 part ce cas pr\u00e9cis, personne n&rsquo;est autoris\u00e9 \u00e0 franchir cette fronti\u00e8re jusqu&rsquo;\u00e0 ce que la crise centrafricaine soit r\u00e9solue&quot;, a-t-il ajout\u00e9.<br \/>\nM. D\u00e9by a \u00e9galement promis &quot;d&rsquo;augmenter substantiellement le nombre des forces de d\u00e9fense et de s\u00e9curit\u00e9 dans cette zone pour mieux s\u00e9curiser la population&quot;, selon le site de la pr\u00e9sidence.<br \/>\nLes autorit\u00e9s tchadiennes veulent notamment \u00e9viter des infiltrations de combattants au Tchad. Des combattants tchadiens sont aussi r\u00e9guli\u00e8rement accus\u00e9s de passer en territoire centrafricain et de contribuer \u00e0 y semer le trouble.<br \/>\nLa fermeture &quot;herm\u00e9tique&quot; de la fronti\u00e8re c\u00f4t\u00e9 tchadien sera toutefois difficile \u00e0 mettre en oeuvre, dans une r\u00e9gion extr\u00eamement poreuse avec plus de 1. 000 km de fronti\u00e8re commune.<br \/>\nLa Centrafrique, pays \u00e0 80% chr\u00e9tien, a connu en mars 2013 la prise de pouvoir du chef rebelle Michel Djotodia, \u00e0 la t\u00eate de l&rsquo;ex-coalition rebelle S\u00e9l\u00e9ka, en majorit\u00e9 musulmane.<br \/>\nDepuis sa chute en janvier 2014, les civils musulmans, associ\u00e9s par la population \u00e0 la S\u00e9l\u00e9ka, subissent de la part des milices chr\u00e9tiennes anti-balaka de nombreuses exactions.<br \/>\nPr\u00e8s du quart des 4,6 millions d&rsquo;habitants de la RCA ont \u00e9t\u00e9 d\u00e9plac\u00e9s par les violences, en majorit\u00e9 des musulmans.<br \/>\nEnviron 200. 000 personnes ont fui le pays, principalement vers le Tchad et le Cameroun voisins, dont beaucoup sont originaires. Le nombre de r\u00e9fugi\u00e9s pourrait atteindre 360. 000 d&rsquo;ici la fin de l&rsquo;ann\u00e9e, selon l&rsquo;ONU.<br \/>\nLe Tchad, qui joue un r\u00f4le politique et militaire majeur en Centrafrique depuis des ann\u00e9es, a retir\u00e9 en avril l&rsquo;ensemble de son contingent engag\u00e9 dans ce pays au sein de la force africaine (Misca).<br \/>\nJA<\/p>\n","protected":false},"excerpt":{"rendered":"<p>Le Tchad ferme sa fronti\u00e8re avec la Centrafrique, d\u00e9chir\u00e9e par les violences depuis plus d&rsquo;un an, a annonc\u00e9 lundi la pr\u00e9sidence tchadienne, \u00e0 l&rsquo;occasion d&rsquo;une tourn\u00e9e du pr\u00e9sident Idriss D\u00e9by Itno dans le sud du pays. &quot;Le Tchad ferme ses fronti\u00e8res communes avec la R\u00e9publique centrafricaine&quot;, indique la pr\u00e9sidence sur son site internet. Le pr\u00e9sident [&hellip;]<\/p>\n","protected":false},"author":12,"featured_media":0,"comment_status":"open","ping_status":"open","sticky":false,"template":"","format":"standard","meta":{"_exactmetrics_skip_tracking":false,"_exactmetrics_sitenote_active":false,"_exactmetrics_sitenote_note":"","_exactmetrics_sitenote_category":0,"tdm_status":"","tdm_grid_status":"","footnotes":""},"categories":[28],"tags":[],"class_list":{"0":"post-16783","1":"post","2":"type-post","3":"status-publish","4":"format-standard","6":"category-archives"},"yoast_head":"<!-- This site is optimized with the Yoast SEO plugin v24.2 - https:\/\/yoast.com\/wordpress\/plugins\/seo\/ -->\n<title>12\/05\/14 Le Tchad ferme sa fronti\u00e8re avec la Centrafrique | Guin\u00e9e Diversit\u00e9<\/title>\n<meta name=\"robots\" content=\"index, follow, max-snippet:-1, max-image-preview:large, max-video-preview:-1\" \/>\n<link rel=\"canonical\" href=\"https:\/\/guineediversite.com\/index.php\/2014\/05\/12\/120514-le-tchad-ferme-sa-frontiere-avec-la-centrafrique\/\" \/>\n<meta property=\"og:locale\" content=\"fr_FR\" \/>\n<meta property=\"og:type\" content=\"article\" \/>\n<meta property=\"og:title\" content=\"12\/05\/14 Le Tchad ferme sa fronti\u00e8re avec la Centrafrique | Guin\u00e9e Diversit\u00e9\" \/>\n<meta property=\"og:description\" content=\"Le Tchad ferme sa fronti\u00e8re avec la Centrafrique, d\u00e9chir\u00e9e par les violences depuis plus d&rsquo;un an, a annonc\u00e9 lundi la pr\u00e9sidence tchadienne, \u00e0 l&rsquo;occasion d&rsquo;une tourn\u00e9e du pr\u00e9sident Idriss D\u00e9by Itno dans le sud du pays. &quot;Le Tchad ferme ses fronti\u00e8res communes avec la R\u00e9publique centrafricaine&quot;, indique la pr\u00e9sidence sur son site internet. Le pr\u00e9sident [&hellip;]\" \/>\n<meta property=\"og:url\" content=\"https:\/\/guineediversite.com\/index.php\/2014\/05\/12\/120514-le-tchad-ferme-sa-frontiere-avec-la-centrafrique\/\" \/>\n<meta property=\"og:site_name\" content=\"Guin\u00e9e Diversit\u00e9\" \/>\n<meta property=\"article:publisher\" content=\"https:\/\/www.facebook.com\/guineediversite\/\" \/>\n<meta property=\"article:published_time\" content=\"2014-05-11T22:00:00+00:00\" \/>\n<meta name=\"author\" content=\"Guin\u00e9e Diversit\u00e9\" \/>\n<meta name=\"twitter:card\" content=\"summary_large_image\" \/>\n<meta name=\"twitter:creator\" content=\"@GuineeDiversite\" \/>\n<meta name=\"twitter:site\" content=\"@GuineeDiversite\" \/>\n<meta name=\"twitter:label1\" content=\"\u00c9crit par\" \/>\n\t<meta name=\"twitter:data1\" content=\"Guin\u00e9e Diversit\u00e9\" \/>\n\t<meta name=\"twitter:label2\" content=\"Dur\u00e9e de lecture estim\u00e9e\" \/>\n\t<meta name=\"twitter:data2\" content=\"2 minutes\" \/>\n<script type=\"application\/ld+json\" class=\"yoast-schema-graph\">{\"@context\":\"https:\/\/schema.org\",\"@graph\":[{\"@type\":\"Article\",\"@id\":\"https:\/\/guineediversite.com\/index.php\/2014\/05\/12\/120514-le-tchad-ferme-sa-frontiere-avec-la-centrafrique\/#article\",\"isPartOf\":{\"@id\":\"https:\/\/guineediversite.com\/index.php\/2014\/05\/12\/120514-le-tchad-ferme-sa-frontiere-avec-la-centrafrique\/\"},\"author\":{\"name\":\"Guin\u00e9e Diversit\u00e9\",\"@id\":\"https:\/\/guineediversite.com\/#\/schema\/person\/afa08fb34e7fc6e1feafc892612bc836\"},\"headline\":\"12\/05\/14 Le Tchad ferme sa fronti\u00e8re avec la Centrafrique\",\"datePublished\":\"2014-05-11T22:00:00+00:00\",\"dateModified\":\"2014-05-11T22:00:00+00:00\",\"mainEntityOfPage\":{\"@id\":\"https:\/\/guineediversite.com\/index.php\/2014\/05\/12\/120514-le-tchad-ferme-sa-frontiere-avec-la-centrafrique\/\"},\"wordCount\":478,\"commentCount\":0,\"publisher\":{\"@id\":\"https:\/\/guineediversite.com\/#organization\"},\"articleSection\":[\"Archives\"],\"inLanguage\":\"fr-FR\",\"potentialAction\":[{\"@type\":\"CommentAction\",\"name\":\"Comment\",\"target\":[\"https:\/\/guineediversite.com\/index.php\/2014\/05\/12\/120514-le-tchad-ferme-sa-frontiere-avec-la-centrafrique\/#respond\"]}]},{\"@type\":\"WebPage\",\"@id\":\"https:\/\/guineediversite.com\/index.php\/2014\/05\/12\/120514-le-tchad-ferme-sa-frontiere-avec-la-centrafrique\/\",\"url\":\"https:\/\/guineediversite.com\/index.php\/2014\/05\/12\/120514-le-tchad-ferme-sa-frontiere-avec-la-centrafrique\/\",\"name\":\"12\/05\/14 Le Tchad ferme sa fronti\u00e8re avec la Centrafrique | Guin\u00e9e Diversit\u00e9\",\"isPartOf\":{\"@id\":\"https:\/\/guineediversite.com\/#website\"},\"datePublished\":\"2014-05-11T22:00:00+00:00\",\"dateModified\":\"2014-05-11T22:00:00+00:00\",\"breadcrumb\":{\"@id\":\"https:\/\/guineediversite.com\/index.php\/2014\/05\/12\/120514-le-tchad-ferme-sa-frontiere-avec-la-centrafrique\/#breadcrumb\"},\"inLanguage\":\"fr-FR\",\"potentialAction\":[{\"@type\":\"ReadAction\",\"target\":[\"https:\/\/guineediversite.com\/index.php\/2014\/05\/12\/120514-le-tchad-ferme-sa-frontiere-avec-la-centrafrique\/\"]}]},{\"@type\":\"BreadcrumbList\",\"@id\":\"https:\/\/guineediversite.com\/index.php\/2014\/05\/12\/120514-le-tchad-ferme-sa-frontiere-avec-la-centrafrique\/#breadcrumb\",\"itemListElement\":[{\"@type\":\"ListItem\",\"position\":1,\"name\":\"Accueil\",\"item\":\"https:\/\/guineediversite.com\/\"},{\"@type\":\"ListItem\",\"position\":2,\"name\":\"12\/05\/14 Le Tchad ferme sa fronti\u00e8re avec la Centrafrique\"}]},{\"@type\":\"WebSite\",\"@id\":\"https:\/\/guineediversite.com\/#website\",\"url\":\"https:\/\/guineediversite.com\/\",\"name\":\"Guin\u00e9e Diversit\u00e9\",\"description\":\"L&#039;Info dans toute sa diversit\u00e9\",\"publisher\":{\"@id\":\"https:\/\/guineediversite.com\/#organization\"},\"potentialAction\":[{\"@type\":\"SearchAction\",\"target\":{\"@type\":\"EntryPoint\",\"urlTemplate\":\"https:\/\/guineediversite.com\/?s={search_term_string}\"},\"query-input\":{\"@type\":\"PropertyValueSpecification\",\"valueRequired\":true,\"valueName\":\"search_term_string\"}}],\"inLanguage\":\"fr-FR\"},{\"@type\":\"Organization\",\"@id\":\"https:\/\/guineediversite.com\/#organization\",\"name\":\"Guin\u00e9e Diversit\u00e9\",\"url\":\"https:\/\/guineediversite.com\/\",\"logo\":{\"@type\":\"ImageObject\",\"inLanguage\":\"fr-FR\",\"@id\":\"https:\/\/guineediversite.com\/#\/schema\/logo\/image\/\",\"url\":\"https:\/\/guineediversite.com\/wp-content\/uploads\/2017\/04\/cropped-1jojlxEOMkX9Wyqfhe43D6kjPOGqBBKmx3EwWJqZ0cMrFF54yM49.png\",\"contentUrl\":\"https:\/\/guineediversite.com\/wp-content\/uploads\/2017\/04\/cropped-1jojlxEOMkX9Wyqfhe43D6kjPOGqBBKmx3EwWJqZ0cMrFF54yM49.png\",\"width\":186,\"height\":112,\"caption\":\"Guin\u00e9e Diversit\u00e9\"},\"image\":{\"@id\":\"https:\/\/guineediversite.com\/#\/schema\/logo\/image\/\"},\"sameAs\":[\"https:\/\/www.facebook.com\/guineediversite\/\",\"https:\/\/x.com\/GuineeDiversite\",\"https:\/\/www.youtube.com\/channel\/UC8sUY16qelG5ge6_D5SB83g\"]},{\"@type\":\"Person\",\"@id\":\"https:\/\/guineediversite.com\/#\/schema\/person\/afa08fb34e7fc6e1feafc892612bc836\",\"name\":\"Guin\u00e9e Diversit\u00e9\",\"image\":{\"@type\":\"ImageObject\",\"inLanguage\":\"fr-FR\",\"@id\":\"https:\/\/guineediversite.com\/#\/schema\/person\/image\/\",\"url\":\"https:\/\/secure.gravatar.com\/avatar\/50d5eb5b390f8b65ac30ac6f898eb83a?s=96&d=mm&r=g\",\"contentUrl\":\"https:\/\/secure.gravatar.com\/avatar\/50d5eb5b390f8b65ac30ac6f898eb83a?s=96&d=mm&r=g\",\"caption\":\"Guin\u00e9e Diversit\u00e9\"},\"url\":\"https:\/\/guineediversite.com\/index.php\/author\/guineediversite\/\"}]}<\/script>\n<!-- \/ Yoast SEO plugin. -->","yoast_head_json":{"title":"12\/05\/14 Le Tchad ferme sa fronti\u00e8re avec la Centrafrique | Guin\u00e9e Diversit\u00e9","robots":{"index":"index","follow":"follow","max-snippet":"max-snippet:-1","max-image-preview":"max-image-preview:large","max-video-preview":"max-video-preview:-1"},"canonical":"https:\/\/guineediversite.com\/index.php\/2014\/05\/12\/120514-le-tchad-ferme-sa-frontiere-avec-la-centrafrique\/","og_locale":"fr_FR","og_type":"article","og_title":"12\/05\/14 Le Tchad ferme sa fronti\u00e8re avec la Centrafrique | Guin\u00e9e Diversit\u00e9","og_description":"Le Tchad ferme sa fronti\u00e8re avec la Centrafrique, d\u00e9chir\u00e9e par les violences depuis plus d&rsquo;un an, a annonc\u00e9 lundi la pr\u00e9sidence tchadienne, \u00e0 l&rsquo;occasion d&rsquo;une tourn\u00e9e du pr\u00e9sident Idriss D\u00e9by Itno dans le sud du pays. &quot;Le Tchad ferme ses fronti\u00e8res communes avec la R\u00e9publique centrafricaine&quot;, indique la pr\u00e9sidence sur son site internet. Le pr\u00e9sident [&hellip;]","og_url":"https:\/\/guineediversite.com\/index.php\/2014\/05\/12\/120514-le-tchad-ferme-sa-frontiere-avec-la-centrafrique\/","og_site_name":"Guin\u00e9e Diversit\u00e9","article_publisher":"https:\/\/www.facebook.com\/guineediversite\/","article_published_time":"2014-05-11T22:00:00+00:00","author":"Guin\u00e9e Diversit\u00e9","twitter_card":"summary_large_image","twitter_creator":"@GuineeDiversite","twitter_site":"@GuineeDiversite","twitter_misc":{"\u00c9crit par":"Guin\u00e9e Diversit\u00e9","Dur\u00e9e de lecture estim\u00e9e":"2 minutes"},"schema":{"@context":"https:\/\/schema.org","@graph":[{"@type":"Article","@id":"https:\/\/guineediversite.com\/index.php\/2014\/05\/12\/120514-le-tchad-ferme-sa-frontiere-avec-la-centrafrique\/#article","isPartOf":{"@id":"https:\/\/guineediversite.com\/index.php\/2014\/05\/12\/120514-le-tchad-ferme-sa-frontiere-avec-la-centrafrique\/"},"author":{"name":"Guin\u00e9e Diversit\u00e9","@id":"https:\/\/guineediversite.com\/#\/schema\/person\/afa08fb34e7fc6e1feafc892612bc836"},"headline":"12\/05\/14 Le Tchad ferme sa fronti\u00e8re avec la Centrafrique","datePublished":"2014-05-11T22:00:00+00:00","dateModified":"2014-05-11T22:00:00+00:00","mainEntityOfPage":{"@id":"https:\/\/guineediversite.com\/index.php\/2014\/05\/12\/120514-le-tchad-ferme-sa-frontiere-avec-la-centrafrique\/"},"wordCount":478,"commentCount":0,"publisher":{"@id":"https:\/\/guineediversite.com\/#organization"},"articleSection":["Archives"],"inLanguage":"fr-FR","potentialAction":[{"@type":"CommentAction","name":"Comment","target":["https:\/\/guineediversite.com\/index.php\/2014\/05\/12\/120514-le-tchad-ferme-sa-frontiere-avec-la-centrafrique\/#respond"]}]},{"@type":"WebPage","@id":"https:\/\/guineediversite.com\/index.php\/2014\/05\/12\/120514-le-tchad-ferme-sa-frontiere-avec-la-centrafrique\/","url":"https:\/\/guineediversite.com\/index.php\/2014\/05\/12\/120514-le-tchad-ferme-sa-frontiere-avec-la-centrafrique\/","name":"12\/05\/14 Le Tchad ferme sa fronti\u00e8re avec la Centrafrique | Guin\u00e9e Diversit\u00e9","isPartOf":{"@id":"https:\/\/guineediversite.com\/#website"},"datePublished":"2014-05-11T22:00:00+00:00","dateModified":"2014-05-11T22:00:00+00:00","breadcrumb":{"@id":"https:\/\/guineediversite.com\/index.php\/2014\/05\/12\/120514-le-tchad-ferme-sa-frontiere-avec-la-centrafrique\/#breadcrumb"},"inLanguage":"fr-FR","potentialAction":[{"@type":"ReadAction","target":["https:\/\/guineediversite.com\/index.php\/2014\/05\/12\/120514-le-tchad-ferme-sa-frontiere-avec-la-centrafrique\/"]}]},{"@type":"BreadcrumbList","@id":"https:\/\/guineediversite.com\/index.php\/2014\/05\/12\/120514-le-tchad-ferme-sa-frontiere-avec-la-centrafrique\/#breadcrumb","itemListElement":[{"@type":"ListItem","position":1,"name":"Accueil","item":"https:\/\/guineediversite.com\/"},{"@type":"ListItem","position":2,"name":"12\/05\/14 Le Tchad ferme sa fronti\u00e8re avec la Centrafrique"}]},{"@type":"WebSite","@id":"https:\/\/guineediversite.com\/#website","url":"https:\/\/guineediversite.com\/","name":"Guin\u00e9e Diversit\u00e9","description":"L&#039;Info dans toute sa diversit\u00e9","publisher":{"@id":"https:\/\/guineediversite.com\/#organization"},"potentialAction":[{"@type":"SearchAction","target":{"@type":"EntryPoint","urlTemplate":"https:\/\/guineediversite.com\/?s={search_term_string}"},"query-input":{"@type":"PropertyValueSpecification","valueRequired":true,"valueName":"search_term_string"}}],"inLanguage":"fr-FR"},{"@type":"Organization","@id":"https:\/\/guineediversite.com\/#organization","name":"Guin\u00e9e Diversit\u00e9","url":"https:\/\/guineediversite.com\/","logo":{"@type":"ImageObject","inLanguage":"fr-FR","@id":"https:\/\/guineediversite.com\/#\/schema\/logo\/image\/","url":"https:\/\/guineediversite.com\/wp-content\/uploads\/2017\/04\/cropped-1jojlxEOMkX9Wyqfhe43D6kjPOGqBBKmx3EwWJqZ0cMrFF54yM49.png","contentUrl":"https:\/\/guineediversite.com\/wp-content\/uploads\/2017\/04\/cropped-1jojlxEOMkX9Wyqfhe43D6kjPOGqBBKmx3EwWJqZ0cMrFF54yM49.png","width":186,"height":112,"caption":"Guin\u00e9e Diversit\u00e9"},"image":{"@id":"https:\/\/guineediversite.com\/#\/schema\/logo\/image\/"},"sameAs":["https:\/\/www.facebook.com\/guineediversite\/","https:\/\/x.com\/GuineeDiversite","https:\/\/www.youtube.com\/channel\/UC8sUY16qelG5ge6_D5SB83g"]},{"@type":"Person","@id":"https:\/\/guineediversite.com\/#\/schema\/person\/afa08fb34e7fc6e1feafc892612bc836","name":"Guin\u00e9e Diversit\u00e9","image":{"@type":"ImageObject","inLanguage":"fr-FR","@id":"https:\/\/guineediversite.com\/#\/schema\/person\/image\/","url":"https:\/\/secure.gravatar.com\/avatar\/50d5eb5b390f8b65ac30ac6f898eb83a?s=96&d=mm&r=g","contentUrl":"https:\/\/secure.gravatar.com\/avatar\/50d5eb5b390f8b65ac30ac6f898eb83a?s=96&d=mm&r=g","caption":"Guin\u00e9e Diversit\u00e9"},"url":"https:\/\/guineediversite.com\/index.php\/author\/guineediversite\/"}]}},"_links":{"self":[{"href":"https:\/\/guineediversite.com\/index.php\/wp-json\/wp\/v2\/posts\/16783"}],"collection":[{"href":"https:\/\/guineediversite.com\/index.php\/wp-json\/wp\/v2\/posts"}],"about":[{"href":"https:\/\/guineediversite.com\/index.php\/wp-json\/wp\/v2\/types\/post"}],"author":[{"embeddable":true,"href":"https:\/\/guineediversite.com\/index.php\/wp-json\/wp\/v2\/users\/12"}],"replies":[{"embeddable":true,"href":"https:\/\/guineediversite.com\/index.php\/wp-json\/wp\/v2\/comments?post=16783"}],"version-history":[{"count":0,"href":"https:\/\/guineediversite.com\/index.php\/wp-json\/wp\/v2\/posts\/16783\/revisions"}],"wp:attachment":[{"href":"https:\/\/guineediversite.com\/index.php\/wp-json\/wp\/v2\/media?parent=16783"}],"wp:term":[{"taxonomy":"category","embeddable":true,"href":"https:\/\/guineediversite.com\/index.php\/wp-json\/wp\/v2\/categories?post=16783"},{"taxonomy":"post_tag","embeddable":true,"href":"https:\/\/guineediversite.com\/index.php\/wp-json\/wp\/v2\/tags?post=16783"}],"curies":[{"name":"wp","href":"https:\/\/api.w.org\/{rel}","templated":true}]}}