{"id":16777,"date":"2014-05-10T00:00:00","date_gmt":"2014-05-09T22:00:00","guid":{"rendered":"https:\/\/www.guineediversite.com\/index.php\/2014\/05\/10\/100514-soudan-du-sud-salva-kiir-et-riek-machar-sengagent-a-mettre-fin-aux-hostilites\/"},"modified":"2014-05-10T00:00:00","modified_gmt":"2014-05-09T22:00:00","slug":"100514-soudan-du-sud-salva-kiir-et-riek-machar-sengagent-a-mettre-fin-aux-hostilites","status":"publish","type":"post","link":"https:\/\/guineediversite.com\/index.php\/2014\/05\/10\/100514-soudan-du-sud-salva-kiir-et-riek-machar-sengagent-a-mettre-fin-aux-hostilites\/","title":{"rendered":"10\/05\/14 Soudan du Sud : Salva Kiir et Riek Machar s&rsquo;engagent \u00e0 mettre fin aux hostilit\u00e9s"},"content":{"rendered":"<p>Le pr\u00e9sident sud-soudanais Salva Kiir et son ancien vice-pr\u00e9sident Riek Machar, dont les troupes respectives s&rsquo;affrontent depuis mi-d\u00e9cembre au Soudan du Sud ont sign\u00e9 vendredi \u00e0 Addis Abeba un engagement \u00e0 &quot;cesser les hostilit\u00e9s&quot; et \u00e0 de futures \u00e9lections.<br \/>\nLe secr\u00e9taire d&rsquo;Etat am\u00e9ricain John Kerry a salu\u00e9 cet engagement, y voyant une possible &quot;avanc\u00e9e majeure&quot; pour l&rsquo;avenir du pays. Dans ce document, \u00e9galement paraph\u00e9 par le Premier ministre \u00e9thiopien Hailemariam Desalegn, h\u00f4te des n\u00e9gociations, les deux dirigeants &quot;ont convenu que toutes les activit\u00e9s hostiles cesseraient dans les 24 heures&quot;, a d\u00e9clar\u00e9 vendredi soir Seyoum Mesfin, un des responsables de la m\u00e9diation.<br \/>\nUn cessez-le-feu entre les bellig\u00e9rants, p\u00e9niblement n\u00e9goci\u00e9 et sign\u00e9 le 23 janvier dans la capitale \u00e9thiopienne sous l&rsquo;\u00e9gide de l&rsquo;Autorit\u00e9 intergouvernementale pour le d\u00e9veloppement (Igad), organisation sous-r\u00e9gionale est-africaine, n&rsquo;a jamais \u00e9t\u00e9 respect\u00e9.<br \/>\nIls ont \u00e9galement, dans ce texte, &quot;convenu qu&rsquo;un gouvernement de transition offre les meilleurs chances au peuple du Soudan du Sud&quot; en vue de prochaines \u00e9lections, sans pr\u00e9ciser de date, a expliqu\u00e9 Seyoum Mesfin.<br \/>\nCe dernier, ancien ministre \u00e9thiopien des Affaires \u00e9trang\u00e8res et l&rsquo;un des principaux n\u00e9gociateurs de l&rsquo;Igad, a f\u00e9licit\u00e9 MM. Kiir et Machar d&rsquo;avoir &quot;mis fin \u00e0 la guerre&quot;. &quot;Les combats vont cesser&quot;, a-t-il assur\u00e9.<br \/>\nPoign\u00e9e de mains<br \/>\n&quot;M\u00eame avec cette signature, vue la crise actuelle, le r\u00e9tablissement de la paix au Soudan du Sud ne sera pas facile&quot;, a temp\u00e9r\u00e9 le commissaire \u00e0 la Paix et la S\u00e9curit\u00e9 de l&rsquo;Union africaine, Smail Chergui.<br \/>\nL&rsquo;accord pr\u00e9voit aussi &quot;l&rsquo;ouverture de couloirs humanitaires (&#8230;) et la coop\u00e9ration avec les agences humanitaires et de l&rsquo;ONU afin de faire en sorte que l&rsquo;aide humanitaire atteigne toutes les zones du Soudan du Sud&quot;, selon Seyoum Mesfin.<br \/>\nMM. Kiir et Machar s&rsquo;\u00e9taient quelques minutes auparavant retrouv\u00e9s face-\u00e0-face &#8211; apparemment pour la premi\u00e8re fois depuis le d\u00e9but du conflit qui les oppose &#8211; et s&rsquo;\u00e9taient serr\u00e9 la main, \u00e0 l&rsquo;issue d&rsquo;une journ\u00e9e d&rsquo;entretiens s\u00e9par\u00e9s avec M. Hailemariam, qui assure la pr\u00e9sidence en exercice de l&rsquo;Igad.<br \/>\nIls avaient ensuite pri\u00e9 ensemble. Les deux dirigeants avaient \u00e9t\u00e9 convi\u00e9s \u00e0 se rencontrer \u00e0 Addis pour tenter de relancer des n\u00e9gociations au point mort dans la capitale \u00e9thiopienne.<br \/>\n&quot;Signes pr\u00e9curseurs de g\u00e9nocide&quot;<br \/>\nLe conflit au Soudan du Sud, d\u00e9clench\u00e9 sur fond de rivalit\u00e9 entre MM. Kiir et Machar \u00e0 la t\u00eate du parti au pouvoir qui a divis\u00e9 l&rsquo;arm\u00e9e le long de lignes ethniques, a fait des milliers, voire des dizaines de milliers de morts et chass\u00e9 de chez eux plus d&rsquo;1,2 million de Sud-Soudanais.<br \/>\nA cette rivalit\u00e9 politique se sont greff\u00e9es de vieilles rancunes entre peuples dinka et nuer dont les deux hommes sont respectivement issus et les combats se sont accompagn\u00e9s de massacres et d&rsquo;atrocit\u00e9s contre les civils, sur des crit\u00e8res ethniques, imputables aux deux camps.<br \/>\nL&rsquo;ONU et Washington ont r\u00e9cemment mis en garde contre des risques de &quot;g\u00e9nocide&quot; et de &quot;famine&quot; dans le pays, pla\u00e7ant MM. Kiir et Machar sous intense pression diplomatique.<br \/>\nLes Etats-Unis les avaient menac\u00e9s de sanctions cibl\u00e9es faute d&rsquo;efforts pour mettre fin aux combats et aux exactions et avaient mardi impos\u00e9 de premi\u00e8res sanctions contre deux g\u00e9n\u00e9raux de l&rsquo;un et l&rsquo;autre camp, &quot;responsables d&rsquo;actes de violences inconcevables contre des civils&quot;.<br \/>\nDe &quot;nombreux signes pr\u00e9curseurs de g\u00e9nocide&quot;<br \/>\n&quot;Je suis heureux que nous ayons sign\u00e9 cet accord ce soir&quot;, a d\u00e9clar\u00e9 \u00e0 la presse M. Machar qui a pris le maquis apr\u00e8s avoir \u00e9t\u00e9 accus\u00e9 de tentative de coup d&rsquo;Etat par M. Kiir, lorsque de premiers combats ont \u00e9clat\u00e9 \u00e0 Juba le 15 d\u00e9cembre au sein de l&rsquo;arm\u00e9e sud-soudanaise entre troupes loyales \u00e0 chacun des deux dirigeants. Il a r\u00e9p\u00e9t\u00e9 qu&rsquo;il n&rsquo;y avait pas eu de tentative de coup d&rsquo;Etat. &quot;L&rsquo;Histoire le dira&quot;, a r\u00e9pondu M. Kiir.<br \/>\nLe chef de l&rsquo;Etat a rappel\u00e9 qu&rsquo;il avait &quot;accept\u00e9 beaucoup de compromis&quot; pour &quot;faire la paix avec tout le monde&quot; et amener le Soudan du Sud \u00e0 l&rsquo;ind\u00e9pendance \u00e0 l&rsquo;issue d&rsquo;une des guerres les plus longues et meurtri\u00e8res d&rsquo;Afrique, qui a oppos\u00e9 entre 1983 et 2005 Khartoum \u00e0 une r\u00e9bellion sudiste, d\u00e9sormais au pouvoir \u00e0 Juba, dont il \u00e9tait avec M. Machar l&rsquo;un des chefs historiques.<br \/>\nLa Mission locale des Nations unies (Minuss) avait fait \u00e9tat jeudi d&rsquo;indices s\u00e9rieux de &quot;crimes contre l&rsquo;humanit\u00e9&quot; de la part des deux camps, recensant des atrocit\u00e9s dans lesquelles la Haut-Commissaire aux droits de l&rsquo;homme de l&rsquo;ONU Navi Pillay a vu vendredi de &quot;nombreux signes pr\u00e9curseurs de g\u00e9nocide&quot;.<br \/>\n&quot;Plus longtemps on laissera les rivalit\u00e9s ethniques se creuser et s&rsquo;envenimer, plus le Soudan du Sud sera fragment\u00e9, rendant la r\u00e9conciliation et une paix durable plus difficile \u00e0 atteindre&quot;, avertissait Amnesty International r\u00e9cemment.<\/p>\n<p>JA<\/p>\n","protected":false},"excerpt":{"rendered":"<p>Le pr\u00e9sident sud-soudanais Salva Kiir et son ancien vice-pr\u00e9sident Riek Machar, dont les troupes respectives s&rsquo;affrontent depuis mi-d\u00e9cembre au Soudan du Sud ont sign\u00e9 vendredi \u00e0 Addis Abeba un engagement \u00e0 &quot;cesser les hostilit\u00e9s&quot; et \u00e0 de futures \u00e9lections. Le secr\u00e9taire d&rsquo;Etat am\u00e9ricain John Kerry a salu\u00e9 cet engagement, y voyant une possible &quot;avanc\u00e9e majeure&quot; [&hellip;]<\/p>\n","protected":false},"author":12,"featured_media":0,"comment_status":"open","ping_status":"open","sticky":false,"template":"","format":"standard","meta":{"_exactmetrics_skip_tracking":false,"_exactmetrics_sitenote_active":false,"_exactmetrics_sitenote_note":"","_exactmetrics_sitenote_category":0,"tdm_status":"","tdm_grid_status":"","footnotes":""},"categories":[28],"tags":[],"class_list":{"0":"post-16777","1":"post","2":"type-post","3":"status-publish","4":"format-standard","6":"category-archives"},"yoast_head":"<!-- This site is optimized with the Yoast SEO plugin v24.2 - https:\/\/yoast.com\/wordpress\/plugins\/seo\/ -->\n<title>10\/05\/14 Soudan du Sud : Salva Kiir et Riek Machar s&#039;engagent \u00e0 mettre fin aux hostilit\u00e9s | Guin\u00e9e Diversit\u00e9<\/title>\n<meta name=\"robots\" content=\"index, follow, max-snippet:-1, max-image-preview:large, max-video-preview:-1\" \/>\n<link rel=\"canonical\" href=\"https:\/\/guineediversite.com\/index.php\/2014\/05\/10\/100514-soudan-du-sud-salva-kiir-et-riek-machar-sengagent-a-mettre-fin-aux-hostilites\/\" \/>\n<meta property=\"og:locale\" content=\"fr_FR\" \/>\n<meta property=\"og:type\" content=\"article\" \/>\n<meta property=\"og:title\" content=\"10\/05\/14 Soudan du Sud : Salva Kiir et Riek Machar s&#039;engagent \u00e0 mettre fin aux hostilit\u00e9s | Guin\u00e9e Diversit\u00e9\" \/>\n<meta property=\"og:description\" content=\"Le pr\u00e9sident sud-soudanais Salva Kiir et son ancien vice-pr\u00e9sident Riek Machar, dont les troupes respectives s&rsquo;affrontent depuis mi-d\u00e9cembre au Soudan du Sud ont sign\u00e9 vendredi \u00e0 Addis Abeba un engagement \u00e0 &quot;cesser les hostilit\u00e9s&quot; et \u00e0 de futures \u00e9lections. Le secr\u00e9taire d&rsquo;Etat am\u00e9ricain John Kerry a salu\u00e9 cet engagement, y voyant une possible &quot;avanc\u00e9e majeure&quot; [&hellip;]\" \/>\n<meta property=\"og:url\" content=\"https:\/\/guineediversite.com\/index.php\/2014\/05\/10\/100514-soudan-du-sud-salva-kiir-et-riek-machar-sengagent-a-mettre-fin-aux-hostilites\/\" \/>\n<meta property=\"og:site_name\" content=\"Guin\u00e9e Diversit\u00e9\" \/>\n<meta property=\"article:publisher\" content=\"https:\/\/www.facebook.com\/guineediversite\/\" \/>\n<meta property=\"article:published_time\" content=\"2014-05-09T22:00:00+00:00\" \/>\n<meta name=\"author\" content=\"Guin\u00e9e Diversit\u00e9\" \/>\n<meta name=\"twitter:card\" content=\"summary_large_image\" \/>\n<meta name=\"twitter:creator\" content=\"@GuineeDiversite\" \/>\n<meta name=\"twitter:site\" content=\"@GuineeDiversite\" \/>\n<meta name=\"twitter:label1\" content=\"\u00c9crit par\" \/>\n\t<meta name=\"twitter:data1\" content=\"Guin\u00e9e Diversit\u00e9\" \/>\n\t<meta name=\"twitter:label2\" content=\"Dur\u00e9e de lecture estim\u00e9e\" \/>\n\t<meta name=\"twitter:data2\" content=\"4 minutes\" \/>\n<script type=\"application\/ld+json\" class=\"yoast-schema-graph\">{\"@context\":\"https:\/\/schema.org\",\"@graph\":[{\"@type\":\"Article\",\"@id\":\"https:\/\/guineediversite.com\/index.php\/2014\/05\/10\/100514-soudan-du-sud-salva-kiir-et-riek-machar-sengagent-a-mettre-fin-aux-hostilites\/#article\",\"isPartOf\":{\"@id\":\"https:\/\/guineediversite.com\/index.php\/2014\/05\/10\/100514-soudan-du-sud-salva-kiir-et-riek-machar-sengagent-a-mettre-fin-aux-hostilites\/\"},\"author\":{\"name\":\"Guin\u00e9e Diversit\u00e9\",\"@id\":\"https:\/\/guineediversite.com\/#\/schema\/person\/afa08fb34e7fc6e1feafc892612bc836\"},\"headline\":\"10\/05\/14 Soudan du Sud : Salva Kiir et Riek Machar s&rsquo;engagent \u00e0 mettre fin aux hostilit\u00e9s\",\"datePublished\":\"2014-05-09T22:00:00+00:00\",\"dateModified\":\"2014-05-09T22:00:00+00:00\",\"mainEntityOfPage\":{\"@id\":\"https:\/\/guineediversite.com\/index.php\/2014\/05\/10\/100514-soudan-du-sud-salva-kiir-et-riek-machar-sengagent-a-mettre-fin-aux-hostilites\/\"},\"wordCount\":906,\"commentCount\":0,\"publisher\":{\"@id\":\"https:\/\/guineediversite.com\/#organization\"},\"articleSection\":[\"Archives\"],\"inLanguage\":\"fr-FR\",\"potentialAction\":[{\"@type\":\"CommentAction\",\"name\":\"Comment\",\"target\":[\"https:\/\/guineediversite.com\/index.php\/2014\/05\/10\/100514-soudan-du-sud-salva-kiir-et-riek-machar-sengagent-a-mettre-fin-aux-hostilites\/#respond\"]}]},{\"@type\":\"WebPage\",\"@id\":\"https:\/\/guineediversite.com\/index.php\/2014\/05\/10\/100514-soudan-du-sud-salva-kiir-et-riek-machar-sengagent-a-mettre-fin-aux-hostilites\/\",\"url\":\"https:\/\/guineediversite.com\/index.php\/2014\/05\/10\/100514-soudan-du-sud-salva-kiir-et-riek-machar-sengagent-a-mettre-fin-aux-hostilites\/\",\"name\":\"10\/05\/14 Soudan du Sud : Salva Kiir et Riek Machar s'engagent \u00e0 mettre fin aux hostilit\u00e9s | Guin\u00e9e Diversit\u00e9\",\"isPartOf\":{\"@id\":\"https:\/\/guineediversite.com\/#website\"},\"datePublished\":\"2014-05-09T22:00:00+00:00\",\"dateModified\":\"2014-05-09T22:00:00+00:00\",\"breadcrumb\":{\"@id\":\"https:\/\/guineediversite.com\/index.php\/2014\/05\/10\/100514-soudan-du-sud-salva-kiir-et-riek-machar-sengagent-a-mettre-fin-aux-hostilites\/#breadcrumb\"},\"inLanguage\":\"fr-FR\",\"potentialAction\":[{\"@type\":\"ReadAction\",\"target\":[\"https:\/\/guineediversite.com\/index.php\/2014\/05\/10\/100514-soudan-du-sud-salva-kiir-et-riek-machar-sengagent-a-mettre-fin-aux-hostilites\/\"]}]},{\"@type\":\"BreadcrumbList\",\"@id\":\"https:\/\/guineediversite.com\/index.php\/2014\/05\/10\/100514-soudan-du-sud-salva-kiir-et-riek-machar-sengagent-a-mettre-fin-aux-hostilites\/#breadcrumb\",\"itemListElement\":[{\"@type\":\"ListItem\",\"position\":1,\"name\":\"Accueil\",\"item\":\"https:\/\/guineediversite.com\/\"},{\"@type\":\"ListItem\",\"position\":2,\"name\":\"10\/05\/14 Soudan du Sud : Salva Kiir et Riek Machar s&rsquo;engagent \u00e0 mettre fin aux hostilit\u00e9s\"}]},{\"@type\":\"WebSite\",\"@id\":\"https:\/\/guineediversite.com\/#website\",\"url\":\"https:\/\/guineediversite.com\/\",\"name\":\"Guin\u00e9e Diversit\u00e9\",\"description\":\"L&#039;Info dans toute sa diversit\u00e9\",\"publisher\":{\"@id\":\"https:\/\/guineediversite.com\/#organization\"},\"potentialAction\":[{\"@type\":\"SearchAction\",\"target\":{\"@type\":\"EntryPoint\",\"urlTemplate\":\"https:\/\/guineediversite.com\/?s={search_term_string}\"},\"query-input\":{\"@type\":\"PropertyValueSpecification\",\"valueRequired\":true,\"valueName\":\"search_term_string\"}}],\"inLanguage\":\"fr-FR\"},{\"@type\":\"Organization\",\"@id\":\"https:\/\/guineediversite.com\/#organization\",\"name\":\"Guin\u00e9e Diversit\u00e9\",\"url\":\"https:\/\/guineediversite.com\/\",\"logo\":{\"@type\":\"ImageObject\",\"inLanguage\":\"fr-FR\",\"@id\":\"https:\/\/guineediversite.com\/#\/schema\/logo\/image\/\",\"url\":\"https:\/\/guineediversite.com\/wp-content\/uploads\/2017\/04\/cropped-1jojlxEOMkX9Wyqfhe43D6kjPOGqBBKmx3EwWJqZ0cMrFF54yM49.png\",\"contentUrl\":\"https:\/\/guineediversite.com\/wp-content\/uploads\/2017\/04\/cropped-1jojlxEOMkX9Wyqfhe43D6kjPOGqBBKmx3EwWJqZ0cMrFF54yM49.png\",\"width\":186,\"height\":112,\"caption\":\"Guin\u00e9e Diversit\u00e9\"},\"image\":{\"@id\":\"https:\/\/guineediversite.com\/#\/schema\/logo\/image\/\"},\"sameAs\":[\"https:\/\/www.facebook.com\/guineediversite\/\",\"https:\/\/x.com\/GuineeDiversite\",\"https:\/\/www.youtube.com\/channel\/UC8sUY16qelG5ge6_D5SB83g\"]},{\"@type\":\"Person\",\"@id\":\"https:\/\/guineediversite.com\/#\/schema\/person\/afa08fb34e7fc6e1feafc892612bc836\",\"name\":\"Guin\u00e9e Diversit\u00e9\",\"image\":{\"@type\":\"ImageObject\",\"inLanguage\":\"fr-FR\",\"@id\":\"https:\/\/guineediversite.com\/#\/schema\/person\/image\/\",\"url\":\"https:\/\/secure.gravatar.com\/avatar\/50d5eb5b390f8b65ac30ac6f898eb83a?s=96&d=mm&r=g\",\"contentUrl\":\"https:\/\/secure.gravatar.com\/avatar\/50d5eb5b390f8b65ac30ac6f898eb83a?s=96&d=mm&r=g\",\"caption\":\"Guin\u00e9e Diversit\u00e9\"},\"url\":\"https:\/\/guineediversite.com\/index.php\/author\/guineediversite\/\"}]}<\/script>\n<!-- \/ Yoast SEO plugin. -->","yoast_head_json":{"title":"10\/05\/14 Soudan du Sud : Salva Kiir et Riek Machar s'engagent \u00e0 mettre fin aux hostilit\u00e9s | Guin\u00e9e Diversit\u00e9","robots":{"index":"index","follow":"follow","max-snippet":"max-snippet:-1","max-image-preview":"max-image-preview:large","max-video-preview":"max-video-preview:-1"},"canonical":"https:\/\/guineediversite.com\/index.php\/2014\/05\/10\/100514-soudan-du-sud-salva-kiir-et-riek-machar-sengagent-a-mettre-fin-aux-hostilites\/","og_locale":"fr_FR","og_type":"article","og_title":"10\/05\/14 Soudan du Sud : Salva Kiir et Riek Machar s'engagent \u00e0 mettre fin aux hostilit\u00e9s | Guin\u00e9e Diversit\u00e9","og_description":"Le pr\u00e9sident sud-soudanais Salva Kiir et son ancien vice-pr\u00e9sident Riek Machar, dont les troupes respectives s&rsquo;affrontent depuis mi-d\u00e9cembre au Soudan du Sud ont sign\u00e9 vendredi \u00e0 Addis Abeba un engagement \u00e0 &quot;cesser les hostilit\u00e9s&quot; et \u00e0 de futures \u00e9lections. Le secr\u00e9taire d&rsquo;Etat am\u00e9ricain John Kerry a salu\u00e9 cet engagement, y voyant une possible &quot;avanc\u00e9e majeure&quot; [&hellip;]","og_url":"https:\/\/guineediversite.com\/index.php\/2014\/05\/10\/100514-soudan-du-sud-salva-kiir-et-riek-machar-sengagent-a-mettre-fin-aux-hostilites\/","og_site_name":"Guin\u00e9e Diversit\u00e9","article_publisher":"https:\/\/www.facebook.com\/guineediversite\/","article_published_time":"2014-05-09T22:00:00+00:00","author":"Guin\u00e9e Diversit\u00e9","twitter_card":"summary_large_image","twitter_creator":"@GuineeDiversite","twitter_site":"@GuineeDiversite","twitter_misc":{"\u00c9crit par":"Guin\u00e9e Diversit\u00e9","Dur\u00e9e de lecture estim\u00e9e":"4 minutes"},"schema":{"@context":"https:\/\/schema.org","@graph":[{"@type":"Article","@id":"https:\/\/guineediversite.com\/index.php\/2014\/05\/10\/100514-soudan-du-sud-salva-kiir-et-riek-machar-sengagent-a-mettre-fin-aux-hostilites\/#article","isPartOf":{"@id":"https:\/\/guineediversite.com\/index.php\/2014\/05\/10\/100514-soudan-du-sud-salva-kiir-et-riek-machar-sengagent-a-mettre-fin-aux-hostilites\/"},"author":{"name":"Guin\u00e9e Diversit\u00e9","@id":"https:\/\/guineediversite.com\/#\/schema\/person\/afa08fb34e7fc6e1feafc892612bc836"},"headline":"10\/05\/14 Soudan du Sud : Salva Kiir et Riek Machar s&rsquo;engagent \u00e0 mettre fin aux hostilit\u00e9s","datePublished":"2014-05-09T22:00:00+00:00","dateModified":"2014-05-09T22:00:00+00:00","mainEntityOfPage":{"@id":"https:\/\/guineediversite.com\/index.php\/2014\/05\/10\/100514-soudan-du-sud-salva-kiir-et-riek-machar-sengagent-a-mettre-fin-aux-hostilites\/"},"wordCount":906,"commentCount":0,"publisher":{"@id":"https:\/\/guineediversite.com\/#organization"},"articleSection":["Archives"],"inLanguage":"fr-FR","potentialAction":[{"@type":"CommentAction","name":"Comment","target":["https:\/\/guineediversite.com\/index.php\/2014\/05\/10\/100514-soudan-du-sud-salva-kiir-et-riek-machar-sengagent-a-mettre-fin-aux-hostilites\/#respond"]}]},{"@type":"WebPage","@id":"https:\/\/guineediversite.com\/index.php\/2014\/05\/10\/100514-soudan-du-sud-salva-kiir-et-riek-machar-sengagent-a-mettre-fin-aux-hostilites\/","url":"https:\/\/guineediversite.com\/index.php\/2014\/05\/10\/100514-soudan-du-sud-salva-kiir-et-riek-machar-sengagent-a-mettre-fin-aux-hostilites\/","name":"10\/05\/14 Soudan du Sud : Salva Kiir et Riek Machar s'engagent \u00e0 mettre fin aux hostilit\u00e9s | Guin\u00e9e Diversit\u00e9","isPartOf":{"@id":"https:\/\/guineediversite.com\/#website"},"datePublished":"2014-05-09T22:00:00+00:00","dateModified":"2014-05-09T22:00:00+00:00","breadcrumb":{"@id":"https:\/\/guineediversite.com\/index.php\/2014\/05\/10\/100514-soudan-du-sud-salva-kiir-et-riek-machar-sengagent-a-mettre-fin-aux-hostilites\/#breadcrumb"},"inLanguage":"fr-FR","potentialAction":[{"@type":"ReadAction","target":["https:\/\/guineediversite.com\/index.php\/2014\/05\/10\/100514-soudan-du-sud-salva-kiir-et-riek-machar-sengagent-a-mettre-fin-aux-hostilites\/"]}]},{"@type":"BreadcrumbList","@id":"https:\/\/guineediversite.com\/index.php\/2014\/05\/10\/100514-soudan-du-sud-salva-kiir-et-riek-machar-sengagent-a-mettre-fin-aux-hostilites\/#breadcrumb","itemListElement":[{"@type":"ListItem","position":1,"name":"Accueil","item":"https:\/\/guineediversite.com\/"},{"@type":"ListItem","position":2,"name":"10\/05\/14 Soudan du Sud : Salva Kiir et Riek Machar s&rsquo;engagent \u00e0 mettre fin aux hostilit\u00e9s"}]},{"@type":"WebSite","@id":"https:\/\/guineediversite.com\/#website","url":"https:\/\/guineediversite.com\/","name":"Guin\u00e9e Diversit\u00e9","description":"L&#039;Info dans toute sa diversit\u00e9","publisher":{"@id":"https:\/\/guineediversite.com\/#organization"},"potentialAction":[{"@type":"SearchAction","target":{"@type":"EntryPoint","urlTemplate":"https:\/\/guineediversite.com\/?s={search_term_string}"},"query-input":{"@type":"PropertyValueSpecification","valueRequired":true,"valueName":"search_term_string"}}],"inLanguage":"fr-FR"},{"@type":"Organization","@id":"https:\/\/guineediversite.com\/#organization","name":"Guin\u00e9e Diversit\u00e9","url":"https:\/\/guineediversite.com\/","logo":{"@type":"ImageObject","inLanguage":"fr-FR","@id":"https:\/\/guineediversite.com\/#\/schema\/logo\/image\/","url":"https:\/\/guineediversite.com\/wp-content\/uploads\/2017\/04\/cropped-1jojlxEOMkX9Wyqfhe43D6kjPOGqBBKmx3EwWJqZ0cMrFF54yM49.png","contentUrl":"https:\/\/guineediversite.com\/wp-content\/uploads\/2017\/04\/cropped-1jojlxEOMkX9Wyqfhe43D6kjPOGqBBKmx3EwWJqZ0cMrFF54yM49.png","width":186,"height":112,"caption":"Guin\u00e9e Diversit\u00e9"},"image":{"@id":"https:\/\/guineediversite.com\/#\/schema\/logo\/image\/"},"sameAs":["https:\/\/www.facebook.com\/guineediversite\/","https:\/\/x.com\/GuineeDiversite","https:\/\/www.youtube.com\/channel\/UC8sUY16qelG5ge6_D5SB83g"]},{"@type":"Person","@id":"https:\/\/guineediversite.com\/#\/schema\/person\/afa08fb34e7fc6e1feafc892612bc836","name":"Guin\u00e9e Diversit\u00e9","image":{"@type":"ImageObject","inLanguage":"fr-FR","@id":"https:\/\/guineediversite.com\/#\/schema\/person\/image\/","url":"https:\/\/secure.gravatar.com\/avatar\/50d5eb5b390f8b65ac30ac6f898eb83a?s=96&d=mm&r=g","contentUrl":"https:\/\/secure.gravatar.com\/avatar\/50d5eb5b390f8b65ac30ac6f898eb83a?s=96&d=mm&r=g","caption":"Guin\u00e9e Diversit\u00e9"},"url":"https:\/\/guineediversite.com\/index.php\/author\/guineediversite\/"}]}},"_links":{"self":[{"href":"https:\/\/guineediversite.com\/index.php\/wp-json\/wp\/v2\/posts\/16777"}],"collection":[{"href":"https:\/\/guineediversite.com\/index.php\/wp-json\/wp\/v2\/posts"}],"about":[{"href":"https:\/\/guineediversite.com\/index.php\/wp-json\/wp\/v2\/types\/post"}],"author":[{"embeddable":true,"href":"https:\/\/guineediversite.com\/index.php\/wp-json\/wp\/v2\/users\/12"}],"replies":[{"embeddable":true,"href":"https:\/\/guineediversite.com\/index.php\/wp-json\/wp\/v2\/comments?post=16777"}],"version-history":[{"count":0,"href":"https:\/\/guineediversite.com\/index.php\/wp-json\/wp\/v2\/posts\/16777\/revisions"}],"wp:attachment":[{"href":"https:\/\/guineediversite.com\/index.php\/wp-json\/wp\/v2\/media?parent=16777"}],"wp:term":[{"taxonomy":"category","embeddable":true,"href":"https:\/\/guineediversite.com\/index.php\/wp-json\/wp\/v2\/categories?post=16777"},{"taxonomy":"post_tag","embeddable":true,"href":"https:\/\/guineediversite.com\/index.php\/wp-json\/wp\/v2\/tags?post=16777"}],"curies":[{"name":"wp","href":"https:\/\/api.w.org\/{rel}","templated":true}]}}