{"id":16735,"date":"2014-05-03T00:00:00","date_gmt":"2014-05-02T22:00:00","guid":{"rendered":"https:\/\/www.guineediversite.com\/index.php\/2014\/05\/03\/030514-mali-les-deputes-ont-valide-le-programme-du-premier-ministre-moussa-mara\/"},"modified":"2014-05-03T00:00:00","modified_gmt":"2014-05-02T22:00:00","slug":"030514-mali-les-deputes-ont-valide-le-programme-du-premier-ministre-moussa-mara","status":"publish","type":"post","link":"https:\/\/guineediversite.com\/index.php\/2014\/05\/03\/030514-mali-les-deputes-ont-valide-le-programme-du-premier-ministre-moussa-mara\/","title":{"rendered":"03\/05\/14 Mali : les d\u00e9put\u00e9s ont valid\u00e9 le programme du Premier ministre, Moussa Mara"},"content":{"rendered":"<p>Les d\u00e9put\u00e9s maliens ont adopt\u00e9 vendredi \u00e0 une large majorit\u00e9 le programme de gouvernement du nouveau Premier ministre Moussa Mara, qui a appel\u00e9 \u00e0 un &quot;sursaut national&quot; pour rendre au Mali sa dignit\u00e9 apr\u00e8s une profonde crise politico-militaire, a constat\u00e9 un journaliste de l&rsquo;AFP.<br \/>\nLa d\u00e9claration de politique g\u00e9n\u00e9rale, que M. Mara avait pr\u00e9sent\u00e9e \u00e0 l&rsquo;Assembl\u00e9e nationale malienne le 29 avril, a fait l&rsquo;objet de d\u00e9bats pendant pr\u00e8s de 13 heures, avant d&rsquo;\u00eatre soumise au vote. Parmi les d\u00e9put\u00e9s pr\u00e9sents ou ayant donn\u00e9 procuration, 121 ont vot\u00e9 pour, 22 contre, il n&rsquo;y a pas eu d&rsquo;abstention. L&rsquo;Assembl\u00e9e nationale malienne compte 147 \u00e9lus au total, avec une majorit\u00e9 absolue pour le parti du pr\u00e9sident Ibrahim Boubacar Ke\u00efta, le Rassemblement pour le Mali (RPM), et ses partis alli\u00e9s.<br \/>\nLors des d\u00e9bats, un d\u00e9put\u00e9 a accus\u00e9 le gouvernement d&rsquo;avoir achet\u00e9 dans l&rsquo;opacit\u00e9 un avion pr\u00e9sidentiel \u00e0 17 milliards de FCFA (pr\u00e8s de 26 millions d&rsquo;euros), ce \u00e0 quoi le Premier ministre a longuement r\u00e9pondu. Selon Moussa Mara, l&rsquo;acquisition de l&rsquo;appareil pour un montant de 20 milliards de FCFA (pr\u00e8s de 30,5 millions d&rsquo;euros), en comptant les &quot;frais d&rsquo;achat, de transport et d&rsquo;assurance&quot;, \u00e9tait devenue n\u00e9cessaire. Le pr\u00e9c\u00e9dant avion de l&rsquo;ex-pr\u00e9sident malien Amadou Toumani Tour\u00e9, renvers\u00e9 par un coup d\u2019\u00c9tat militaire en mars 2012 et qui a ensuite formellement d\u00e9missionn\u00e9, \u00e9tait techniquement d\u00e9faillant.<br \/>\nR\u00e9forme de l&rsquo;ann\u00e9e<br \/>\nEn pr\u00e9sentant le 29 avril sa d\u00e9claration de politique g\u00e9n\u00e9rale aux d\u00e9put\u00e9s, Moussa Mara a appel\u00e9 son pays \u00e0 &quot;sursaut national&quot;, pour d\u00e9finitivement tourner la page de la crise politico-militaire ayant secou\u00e9 le Mali pendant 18 mois entre 2012 et 2013. Une intervention militaire internationale d\u00e9clench\u00e9e par la France en janvier 2013 &#8211; et toujours en cours &#8211; a aid\u00e9 \u00e0 neutraliser en partie des groupes islamistes arm\u00e9s qui ont occup\u00e9 le nord du pays pendant pr\u00e8s de dix mois entre 2012 et d\u00e9but 2013.<br \/>\n&quot;Notre arm\u00e9e a \u00e9t\u00e9 con\u00e7ue pour faire face \u00e0 des menaces d&rsquo;arm\u00e9es conventionnelles. Or, ce temps est pass\u00e9. Nous devons donc la revoir&quot;, a affirm\u00e9 Moussa Mara dans son programme gouvernemental s&rsquo;\u00e9tendant jusqu&rsquo;\u00e0 2018. Cette &quot;r\u00e9forme du secteur de la s\u00e9curit\u00e9 co\u00fbtera cher (&#8230;) Avec une arm\u00e9e \u00e0 reb\u00e2tir, des actions de s\u00e9curisation \u00e0 mener, pendant plusieurs ann\u00e9es, sur un th\u00e9\u00e2tre d&rsquo;op\u00e9rations qui est \u00e9quivalent \u00e0 la moiti\u00e9 de l&rsquo;Europe, nous serons oblig\u00e9s d&rsquo;accro\u00eetre de mani\u00e8re significative nos d\u00e9penses militaires et de s\u00e9curit\u00e9. Nous aurons besoin sans doute de plusieurs centaines de milliards de FCFA&quot;, a-t-il dit.<br \/>\nActuellement, a-t-il pr\u00e9cis\u00e9, &quot;nous disposons d&rsquo;environ 8.300 hommes et de plus de 1.000 v\u00e9hicules sur le th\u00e9\u00e2tre des op\u00e9rations&quot; dans le Nord, et les soldats maliens travaillent &quot;en partenariat&quot; avec la force fran\u00e7aise Serval et celle de l&rsquo;ONU, la Minusma, &quot;en vue de surmonter les \u00e9normes difficult\u00e9s de s\u00e9curisation du territoire&quot;.<br \/>\nReprise \u00e9conomique<br \/>\nAu plan \u00e9conomique, apr\u00e8s &quot;deux ann\u00e9es moroses (2012 et 2013), nous nous attendons \u00e0 un taux de croissance \u00e9conomique de 6,5% en 2014, que nous nous efforcerons de reproduire en 2015&quot;, a encore affirm\u00e9 Moussa Mara.<br \/>\nSur la r\u00e9conciliation nationale, qui stagne depuis des mois, il a promis que l&rsquo;\u00e9quipe de n\u00e9gociateurs &quot;s&#8217;emploiera \u00e0 aller rapidement&quot; dans les discussions avec les groupes arm\u00e9s et d&rsquo;autres repr\u00e9sentants des diff\u00e9rentes communaut\u00e9s du Nord.<br \/>\nDepuis l&rsquo;entr\u00e9e en fonction du pr\u00e9sident Ibrahim Boubacar Ke\u00efta en septembre 2013, aucune n\u00e9gociation formelle n&rsquo;a eu lieu entre le gouvernement et les groupes arm\u00e9s, alors qu&rsquo;un accord pr\u00e9liminaire de paix sign\u00e9 en juin 2013 \u00e0 Ouagadougou stipulait que des n\u00e9gociations devaient s&rsquo;ouvrir dans les deux mois suivant la formation d&rsquo;un nouveau gouvernement.<br \/>\nJA<\/p>\n","protected":false},"excerpt":{"rendered":"<p>Les d\u00e9put\u00e9s maliens ont adopt\u00e9 vendredi \u00e0 une large majorit\u00e9 le programme de gouvernement du nouveau Premier ministre Moussa Mara, qui a appel\u00e9 \u00e0 un &quot;sursaut national&quot; pour rendre au Mali sa dignit\u00e9 apr\u00e8s une profonde crise politico-militaire, a constat\u00e9 un journaliste de l&rsquo;AFP. La d\u00e9claration de politique g\u00e9n\u00e9rale, que M. Mara avait pr\u00e9sent\u00e9e \u00e0 [&hellip;]<\/p>\n","protected":false},"author":12,"featured_media":0,"comment_status":"open","ping_status":"open","sticky":false,"template":"","format":"standard","meta":{"_exactmetrics_skip_tracking":false,"_exactmetrics_sitenote_active":false,"_exactmetrics_sitenote_note":"","_exactmetrics_sitenote_category":0,"tdm_status":"","tdm_grid_status":"","footnotes":""},"categories":[28],"tags":[],"class_list":{"0":"post-16735","1":"post","2":"type-post","3":"status-publish","4":"format-standard","6":"category-archives"},"yoast_head":"<!-- This site is optimized with the Yoast SEO plugin v24.2 - https:\/\/yoast.com\/wordpress\/plugins\/seo\/ -->\n<title>03\/05\/14 Mali : les d\u00e9put\u00e9s ont valid\u00e9 le programme du Premier ministre, Moussa Mara | Guin\u00e9e Diversit\u00e9<\/title>\n<meta name=\"robots\" content=\"index, follow, max-snippet:-1, max-image-preview:large, max-video-preview:-1\" \/>\n<link rel=\"canonical\" href=\"https:\/\/guineediversite.com\/index.php\/2014\/05\/03\/030514-mali-les-deputes-ont-valide-le-programme-du-premier-ministre-moussa-mara\/\" \/>\n<meta property=\"og:locale\" content=\"fr_FR\" \/>\n<meta property=\"og:type\" content=\"article\" \/>\n<meta property=\"og:title\" content=\"03\/05\/14 Mali : les d\u00e9put\u00e9s ont valid\u00e9 le programme du Premier ministre, Moussa Mara | Guin\u00e9e Diversit\u00e9\" \/>\n<meta property=\"og:description\" content=\"Les d\u00e9put\u00e9s maliens ont adopt\u00e9 vendredi \u00e0 une large majorit\u00e9 le programme de gouvernement du nouveau Premier ministre Moussa Mara, qui a appel\u00e9 \u00e0 un &quot;sursaut national&quot; pour rendre au Mali sa dignit\u00e9 apr\u00e8s une profonde crise politico-militaire, a constat\u00e9 un journaliste de l&rsquo;AFP. La d\u00e9claration de politique g\u00e9n\u00e9rale, que M. Mara avait pr\u00e9sent\u00e9e \u00e0 [&hellip;]\" \/>\n<meta property=\"og:url\" content=\"https:\/\/guineediversite.com\/index.php\/2014\/05\/03\/030514-mali-les-deputes-ont-valide-le-programme-du-premier-ministre-moussa-mara\/\" \/>\n<meta property=\"og:site_name\" content=\"Guin\u00e9e Diversit\u00e9\" \/>\n<meta property=\"article:publisher\" content=\"https:\/\/www.facebook.com\/guineediversite\/\" \/>\n<meta property=\"article:published_time\" content=\"2014-05-02T22:00:00+00:00\" \/>\n<meta name=\"author\" content=\"Guin\u00e9e Diversit\u00e9\" \/>\n<meta name=\"twitter:card\" content=\"summary_large_image\" \/>\n<meta name=\"twitter:creator\" content=\"@GuineeDiversite\" \/>\n<meta name=\"twitter:site\" content=\"@GuineeDiversite\" \/>\n<meta name=\"twitter:label1\" content=\"\u00c9crit par\" \/>\n\t<meta name=\"twitter:data1\" content=\"Guin\u00e9e Diversit\u00e9\" \/>\n\t<meta name=\"twitter:label2\" content=\"Dur\u00e9e de lecture estim\u00e9e\" \/>\n\t<meta name=\"twitter:data2\" content=\"3 minutes\" \/>\n<script type=\"application\/ld+json\" class=\"yoast-schema-graph\">{\"@context\":\"https:\/\/schema.org\",\"@graph\":[{\"@type\":\"Article\",\"@id\":\"https:\/\/guineediversite.com\/index.php\/2014\/05\/03\/030514-mali-les-deputes-ont-valide-le-programme-du-premier-ministre-moussa-mara\/#article\",\"isPartOf\":{\"@id\":\"https:\/\/guineediversite.com\/index.php\/2014\/05\/03\/030514-mali-les-deputes-ont-valide-le-programme-du-premier-ministre-moussa-mara\/\"},\"author\":{\"name\":\"Guin\u00e9e Diversit\u00e9\",\"@id\":\"https:\/\/guineediversite.com\/#\/schema\/person\/afa08fb34e7fc6e1feafc892612bc836\"},\"headline\":\"03\/05\/14 Mali : les d\u00e9put\u00e9s ont valid\u00e9 le programme du Premier ministre, Moussa Mara\",\"datePublished\":\"2014-05-02T22:00:00+00:00\",\"dateModified\":\"2014-05-02T22:00:00+00:00\",\"mainEntityOfPage\":{\"@id\":\"https:\/\/guineediversite.com\/index.php\/2014\/05\/03\/030514-mali-les-deputes-ont-valide-le-programme-du-premier-ministre-moussa-mara\/\"},\"wordCount\":690,\"commentCount\":0,\"publisher\":{\"@id\":\"https:\/\/guineediversite.com\/#organization\"},\"articleSection\":[\"Archives\"],\"inLanguage\":\"fr-FR\",\"potentialAction\":[{\"@type\":\"CommentAction\",\"name\":\"Comment\",\"target\":[\"https:\/\/guineediversite.com\/index.php\/2014\/05\/03\/030514-mali-les-deputes-ont-valide-le-programme-du-premier-ministre-moussa-mara\/#respond\"]}]},{\"@type\":\"WebPage\",\"@id\":\"https:\/\/guineediversite.com\/index.php\/2014\/05\/03\/030514-mali-les-deputes-ont-valide-le-programme-du-premier-ministre-moussa-mara\/\",\"url\":\"https:\/\/guineediversite.com\/index.php\/2014\/05\/03\/030514-mali-les-deputes-ont-valide-le-programme-du-premier-ministre-moussa-mara\/\",\"name\":\"03\/05\/14 Mali : les d\u00e9put\u00e9s ont valid\u00e9 le programme du Premier ministre, Moussa Mara | Guin\u00e9e Diversit\u00e9\",\"isPartOf\":{\"@id\":\"https:\/\/guineediversite.com\/#website\"},\"datePublished\":\"2014-05-02T22:00:00+00:00\",\"dateModified\":\"2014-05-02T22:00:00+00:00\",\"breadcrumb\":{\"@id\":\"https:\/\/guineediversite.com\/index.php\/2014\/05\/03\/030514-mali-les-deputes-ont-valide-le-programme-du-premier-ministre-moussa-mara\/#breadcrumb\"},\"inLanguage\":\"fr-FR\",\"potentialAction\":[{\"@type\":\"ReadAction\",\"target\":[\"https:\/\/guineediversite.com\/index.php\/2014\/05\/03\/030514-mali-les-deputes-ont-valide-le-programme-du-premier-ministre-moussa-mara\/\"]}]},{\"@type\":\"BreadcrumbList\",\"@id\":\"https:\/\/guineediversite.com\/index.php\/2014\/05\/03\/030514-mali-les-deputes-ont-valide-le-programme-du-premier-ministre-moussa-mara\/#breadcrumb\",\"itemListElement\":[{\"@type\":\"ListItem\",\"position\":1,\"name\":\"Accueil\",\"item\":\"https:\/\/guineediversite.com\/\"},{\"@type\":\"ListItem\",\"position\":2,\"name\":\"03\/05\/14 Mali : les d\u00e9put\u00e9s ont valid\u00e9 le programme du Premier ministre, Moussa Mara\"}]},{\"@type\":\"WebSite\",\"@id\":\"https:\/\/guineediversite.com\/#website\",\"url\":\"https:\/\/guineediversite.com\/\",\"name\":\"Guin\u00e9e Diversit\u00e9\",\"description\":\"L&#039;Info dans toute sa diversit\u00e9\",\"publisher\":{\"@id\":\"https:\/\/guineediversite.com\/#organization\"},\"potentialAction\":[{\"@type\":\"SearchAction\",\"target\":{\"@type\":\"EntryPoint\",\"urlTemplate\":\"https:\/\/guineediversite.com\/?s={search_term_string}\"},\"query-input\":{\"@type\":\"PropertyValueSpecification\",\"valueRequired\":true,\"valueName\":\"search_term_string\"}}],\"inLanguage\":\"fr-FR\"},{\"@type\":\"Organization\",\"@id\":\"https:\/\/guineediversite.com\/#organization\",\"name\":\"Guin\u00e9e Diversit\u00e9\",\"url\":\"https:\/\/guineediversite.com\/\",\"logo\":{\"@type\":\"ImageObject\",\"inLanguage\":\"fr-FR\",\"@id\":\"https:\/\/guineediversite.com\/#\/schema\/logo\/image\/\",\"url\":\"https:\/\/guineediversite.com\/wp-content\/uploads\/2017\/04\/cropped-1jojlxEOMkX9Wyqfhe43D6kjPOGqBBKmx3EwWJqZ0cMrFF54yM49.png\",\"contentUrl\":\"https:\/\/guineediversite.com\/wp-content\/uploads\/2017\/04\/cropped-1jojlxEOMkX9Wyqfhe43D6kjPOGqBBKmx3EwWJqZ0cMrFF54yM49.png\",\"width\":186,\"height\":112,\"caption\":\"Guin\u00e9e Diversit\u00e9\"},\"image\":{\"@id\":\"https:\/\/guineediversite.com\/#\/schema\/logo\/image\/\"},\"sameAs\":[\"https:\/\/www.facebook.com\/guineediversite\/\",\"https:\/\/x.com\/GuineeDiversite\",\"https:\/\/www.youtube.com\/channel\/UC8sUY16qelG5ge6_D5SB83g\"]},{\"@type\":\"Person\",\"@id\":\"https:\/\/guineediversite.com\/#\/schema\/person\/afa08fb34e7fc6e1feafc892612bc836\",\"name\":\"Guin\u00e9e Diversit\u00e9\",\"image\":{\"@type\":\"ImageObject\",\"inLanguage\":\"fr-FR\",\"@id\":\"https:\/\/guineediversite.com\/#\/schema\/person\/image\/\",\"url\":\"https:\/\/secure.gravatar.com\/avatar\/50d5eb5b390f8b65ac30ac6f898eb83a?s=96&d=mm&r=g\",\"contentUrl\":\"https:\/\/secure.gravatar.com\/avatar\/50d5eb5b390f8b65ac30ac6f898eb83a?s=96&d=mm&r=g\",\"caption\":\"Guin\u00e9e Diversit\u00e9\"},\"url\":\"https:\/\/guineediversite.com\/index.php\/author\/guineediversite\/\"}]}<\/script>\n<!-- \/ Yoast SEO plugin. -->","yoast_head_json":{"title":"03\/05\/14 Mali : les d\u00e9put\u00e9s ont valid\u00e9 le programme du Premier ministre, Moussa Mara | Guin\u00e9e Diversit\u00e9","robots":{"index":"index","follow":"follow","max-snippet":"max-snippet:-1","max-image-preview":"max-image-preview:large","max-video-preview":"max-video-preview:-1"},"canonical":"https:\/\/guineediversite.com\/index.php\/2014\/05\/03\/030514-mali-les-deputes-ont-valide-le-programme-du-premier-ministre-moussa-mara\/","og_locale":"fr_FR","og_type":"article","og_title":"03\/05\/14 Mali : les d\u00e9put\u00e9s ont valid\u00e9 le programme du Premier ministre, Moussa Mara | Guin\u00e9e Diversit\u00e9","og_description":"Les d\u00e9put\u00e9s maliens ont adopt\u00e9 vendredi \u00e0 une large majorit\u00e9 le programme de gouvernement du nouveau Premier ministre Moussa Mara, qui a appel\u00e9 \u00e0 un &quot;sursaut national&quot; pour rendre au Mali sa dignit\u00e9 apr\u00e8s une profonde crise politico-militaire, a constat\u00e9 un journaliste de l&rsquo;AFP. La d\u00e9claration de politique g\u00e9n\u00e9rale, que M. Mara avait pr\u00e9sent\u00e9e \u00e0 [&hellip;]","og_url":"https:\/\/guineediversite.com\/index.php\/2014\/05\/03\/030514-mali-les-deputes-ont-valide-le-programme-du-premier-ministre-moussa-mara\/","og_site_name":"Guin\u00e9e Diversit\u00e9","article_publisher":"https:\/\/www.facebook.com\/guineediversite\/","article_published_time":"2014-05-02T22:00:00+00:00","author":"Guin\u00e9e Diversit\u00e9","twitter_card":"summary_large_image","twitter_creator":"@GuineeDiversite","twitter_site":"@GuineeDiversite","twitter_misc":{"\u00c9crit par":"Guin\u00e9e Diversit\u00e9","Dur\u00e9e de lecture estim\u00e9e":"3 minutes"},"schema":{"@context":"https:\/\/schema.org","@graph":[{"@type":"Article","@id":"https:\/\/guineediversite.com\/index.php\/2014\/05\/03\/030514-mali-les-deputes-ont-valide-le-programme-du-premier-ministre-moussa-mara\/#article","isPartOf":{"@id":"https:\/\/guineediversite.com\/index.php\/2014\/05\/03\/030514-mali-les-deputes-ont-valide-le-programme-du-premier-ministre-moussa-mara\/"},"author":{"name":"Guin\u00e9e Diversit\u00e9","@id":"https:\/\/guineediversite.com\/#\/schema\/person\/afa08fb34e7fc6e1feafc892612bc836"},"headline":"03\/05\/14 Mali : les d\u00e9put\u00e9s ont valid\u00e9 le programme du Premier ministre, Moussa Mara","datePublished":"2014-05-02T22:00:00+00:00","dateModified":"2014-05-02T22:00:00+00:00","mainEntityOfPage":{"@id":"https:\/\/guineediversite.com\/index.php\/2014\/05\/03\/030514-mali-les-deputes-ont-valide-le-programme-du-premier-ministre-moussa-mara\/"},"wordCount":690,"commentCount":0,"publisher":{"@id":"https:\/\/guineediversite.com\/#organization"},"articleSection":["Archives"],"inLanguage":"fr-FR","potentialAction":[{"@type":"CommentAction","name":"Comment","target":["https:\/\/guineediversite.com\/index.php\/2014\/05\/03\/030514-mali-les-deputes-ont-valide-le-programme-du-premier-ministre-moussa-mara\/#respond"]}]},{"@type":"WebPage","@id":"https:\/\/guineediversite.com\/index.php\/2014\/05\/03\/030514-mali-les-deputes-ont-valide-le-programme-du-premier-ministre-moussa-mara\/","url":"https:\/\/guineediversite.com\/index.php\/2014\/05\/03\/030514-mali-les-deputes-ont-valide-le-programme-du-premier-ministre-moussa-mara\/","name":"03\/05\/14 Mali : les d\u00e9put\u00e9s ont valid\u00e9 le programme du Premier ministre, Moussa Mara | Guin\u00e9e Diversit\u00e9","isPartOf":{"@id":"https:\/\/guineediversite.com\/#website"},"datePublished":"2014-05-02T22:00:00+00:00","dateModified":"2014-05-02T22:00:00+00:00","breadcrumb":{"@id":"https:\/\/guineediversite.com\/index.php\/2014\/05\/03\/030514-mali-les-deputes-ont-valide-le-programme-du-premier-ministre-moussa-mara\/#breadcrumb"},"inLanguage":"fr-FR","potentialAction":[{"@type":"ReadAction","target":["https:\/\/guineediversite.com\/index.php\/2014\/05\/03\/030514-mali-les-deputes-ont-valide-le-programme-du-premier-ministre-moussa-mara\/"]}]},{"@type":"BreadcrumbList","@id":"https:\/\/guineediversite.com\/index.php\/2014\/05\/03\/030514-mali-les-deputes-ont-valide-le-programme-du-premier-ministre-moussa-mara\/#breadcrumb","itemListElement":[{"@type":"ListItem","position":1,"name":"Accueil","item":"https:\/\/guineediversite.com\/"},{"@type":"ListItem","position":2,"name":"03\/05\/14 Mali : les d\u00e9put\u00e9s ont valid\u00e9 le programme du Premier ministre, Moussa Mara"}]},{"@type":"WebSite","@id":"https:\/\/guineediversite.com\/#website","url":"https:\/\/guineediversite.com\/","name":"Guin\u00e9e Diversit\u00e9","description":"L&#039;Info dans toute sa diversit\u00e9","publisher":{"@id":"https:\/\/guineediversite.com\/#organization"},"potentialAction":[{"@type":"SearchAction","target":{"@type":"EntryPoint","urlTemplate":"https:\/\/guineediversite.com\/?s={search_term_string}"},"query-input":{"@type":"PropertyValueSpecification","valueRequired":true,"valueName":"search_term_string"}}],"inLanguage":"fr-FR"},{"@type":"Organization","@id":"https:\/\/guineediversite.com\/#organization","name":"Guin\u00e9e Diversit\u00e9","url":"https:\/\/guineediversite.com\/","logo":{"@type":"ImageObject","inLanguage":"fr-FR","@id":"https:\/\/guineediversite.com\/#\/schema\/logo\/image\/","url":"https:\/\/guineediversite.com\/wp-content\/uploads\/2017\/04\/cropped-1jojlxEOMkX9Wyqfhe43D6kjPOGqBBKmx3EwWJqZ0cMrFF54yM49.png","contentUrl":"https:\/\/guineediversite.com\/wp-content\/uploads\/2017\/04\/cropped-1jojlxEOMkX9Wyqfhe43D6kjPOGqBBKmx3EwWJqZ0cMrFF54yM49.png","width":186,"height":112,"caption":"Guin\u00e9e Diversit\u00e9"},"image":{"@id":"https:\/\/guineediversite.com\/#\/schema\/logo\/image\/"},"sameAs":["https:\/\/www.facebook.com\/guineediversite\/","https:\/\/x.com\/GuineeDiversite","https:\/\/www.youtube.com\/channel\/UC8sUY16qelG5ge6_D5SB83g"]},{"@type":"Person","@id":"https:\/\/guineediversite.com\/#\/schema\/person\/afa08fb34e7fc6e1feafc892612bc836","name":"Guin\u00e9e Diversit\u00e9","image":{"@type":"ImageObject","inLanguage":"fr-FR","@id":"https:\/\/guineediversite.com\/#\/schema\/person\/image\/","url":"https:\/\/secure.gravatar.com\/avatar\/50d5eb5b390f8b65ac30ac6f898eb83a?s=96&d=mm&r=g","contentUrl":"https:\/\/secure.gravatar.com\/avatar\/50d5eb5b390f8b65ac30ac6f898eb83a?s=96&d=mm&r=g","caption":"Guin\u00e9e Diversit\u00e9"},"url":"https:\/\/guineediversite.com\/index.php\/author\/guineediversite\/"}]}},"_links":{"self":[{"href":"https:\/\/guineediversite.com\/index.php\/wp-json\/wp\/v2\/posts\/16735"}],"collection":[{"href":"https:\/\/guineediversite.com\/index.php\/wp-json\/wp\/v2\/posts"}],"about":[{"href":"https:\/\/guineediversite.com\/index.php\/wp-json\/wp\/v2\/types\/post"}],"author":[{"embeddable":true,"href":"https:\/\/guineediversite.com\/index.php\/wp-json\/wp\/v2\/users\/12"}],"replies":[{"embeddable":true,"href":"https:\/\/guineediversite.com\/index.php\/wp-json\/wp\/v2\/comments?post=16735"}],"version-history":[{"count":0,"href":"https:\/\/guineediversite.com\/index.php\/wp-json\/wp\/v2\/posts\/16735\/revisions"}],"wp:attachment":[{"href":"https:\/\/guineediversite.com\/index.php\/wp-json\/wp\/v2\/media?parent=16735"}],"wp:term":[{"taxonomy":"category","embeddable":true,"href":"https:\/\/guineediversite.com\/index.php\/wp-json\/wp\/v2\/categories?post=16735"},{"taxonomy":"post_tag","embeddable":true,"href":"https:\/\/guineediversite.com\/index.php\/wp-json\/wp\/v2\/tags?post=16735"}],"curies":[{"name":"wp","href":"https:\/\/api.w.org\/{rel}","templated":true}]}}