{"id":167,"date":"2017-04-08T23:44:27","date_gmt":"2017-04-08T21:44:27","guid":{"rendered":"https:\/\/guineediversite.com.bwjx4292.odns.fr\/?p=167"},"modified":"2017-04-10T23:44:40","modified_gmt":"2017-04-10T21:44:40","slug":"ouverture-a-conakry-dun-seminaire-detravail-de-48h-pour-levaluation-des-acquis-et-la-definition-des-priorites-gouvernementales","status":"publish","type":"post","link":"https:\/\/guineediversite.com\/index.php\/2017\/04\/08\/ouverture-a-conakry-dun-seminaire-detravail-de-48h-pour-levaluation-des-acquis-et-la-definition-des-priorites-gouvernementales\/","title":{"rendered":"OUVERTURE A CONAKRY D\u2019UN SEMINAIRE DETRAVAIL DE 48H POUR L\u2019EVALUATION DES ACQUIS ET LA DEFINITION DES PRIORITES GOUVERNEMENTALES"},"content":{"rendered":"<p>Sous la pr\u00e9sidence du Premier Ministre, Chef du Gouvernement, Monsieur Mamady Youla, le s\u00e9minaire gouvernemental sur le Programme de Travail Gouvernemental pour l\u2019ann\u00e9e 2017, a d\u00e9but\u00e9 ce vendredi \u00e0 Conakry en pr\u00e9sence de tous les membres du Gouvernement pr\u00e9sents en Guin\u00e9e, du Gouverneur de la Banque Centrale, de Monsieur le Premier Ministre Loum, et des Hauts Cadres des d\u00e9partements minist\u00e9riels. Il fait suite au premier s\u00e9minaire du Gouvernement tenu en 2016 et qui portait sur \u00ab le cadre et le programme de travail gouvernemental \u00bb. Consacr\u00e9e au bilan des r\u00e9alisations de l\u2019ann\u00e9e 2016 et \u00e0 la d\u00e9finition des priorit\u00e9s pour 2017, Ce pr\u00e9sent s\u00e9minaire Gouvernemental se tiendra sur deux journ\u00e9es en deux parties : La premi\u00e8re journ\u00e9e sera consacr\u00e9e \u00e0 la pr\u00e9sentation des principales r\u00e9alisations phares des d\u00e9partements minist\u00e9riels dans le cadre de l\u2019ex\u00e9cution de la lettre de mission du Premier Ministre ; Quant \u00e0 la deuxi\u00e8me journ\u00e9e elle sera consacr\u00e9e \u00e0 la d\u00e9clination par les Ministres de leurs objectifs prioritaires ainsi que de leurs principales actions phares \u00e0 mettre en \u0153uvre pour 2017. Apr\u00e8s l\u2019arriv\u00e9e et installation des membres du Gouvernement, le discours d\u2019ouverture a \u00e9t\u00e9 essentiellement marqu\u00e9 par le mot de cadrage de Monsieur le Premier Ministre sur \u00ab la continuit\u00e9 de la d\u00e9claration de sa politique g\u00e9n\u00e9rale devant l\u2019Assembl\u00e9e Nationale en Avril 2016, qui a plac\u00e9 l\u2019action du Gouvernement sous le sceau de la m\u00e9thode, du r\u00e9sultat et de la recevabilit\u00e9 \u00bb. Mamady Youla a \u00e9galement tenu a exprim\u00e9 sa satisfaction pour la tenue de cet autre s\u00e9minaire gouvernemental, tout juste un an apr\u00e8s le premier s\u00e9minaire qu\u2019il a eu l\u2019honneur de pr\u00e9sider. Cinq Objectifs sp\u00e9cifiques sont assign\u00e9s \u00e0 ce pr\u00e9sent s\u00e9minaire Gouvernemental : 1. Faire le bilan des r\u00e9alisations phares du Gouvernement au titre de l\u2019ann\u00e9e 2016 ; 2. Pr\u00e9senter les priorit\u00e9s et principales actions phares du Gouvernement pour l\u2019ann\u00e9e 2017 ; 3. Assurer la coh\u00e9rence entre les activit\u00e9s des d\u00e9partements et le PNDES ; 4. Renforcer la synergie et la coh\u00e9rence des actions du Gouvernement ; 5. Informer et communiquer sur l\u2019action du gouvernement aupr\u00e8s du public. 6. Il vise \u00e0 consolider les acquis du Gouvernement, \u00e0 am\u00e9liorer les conditions de vie des populations, et la transformation \u00e9conomique de la Guin\u00e9e dans le cadre de la mise en \u0153uvre du Plan National de D\u00e9veloppement Economique et Social (PNDES) 2016-2020 adopt\u00e9 par le Gouvernement en f\u00e9vrier 2017. Le premier Ministre pr\u00e9cisera que par ce plan, entend marquer la rupture avec certaines pratiques du pass\u00e9 et poser ainsi les bases de la transformation structurelle de l\u2019\u00e9conomie nationale pour mener le pays \u00e0 l\u2019\u00e9mergence \u00ab Il constitue une r\u00e9ponse aux d\u00e9fis des courts moyen et long termes, et int\u00e8gre la politique \u00e9conomique g\u00e9n\u00e9rale et les politiques sectorielles ainsi que les r\u00e9formes n\u00e9cessaires \u00e0 l\u2019atteinte des objectifs de progr\u00e8s \u00e9conomique et social \u00bb Dira Mamady Youla. Le Gouvernement a r\u00e9affirm\u00e9 sa d\u00e9termination \u00e0 promouvoir une gestion ax\u00e9e sur les r\u00e9sultats en renfor\u00e7ant la cha\u00eene de planification et de programmation ainsi que les m\u00e9canismes de suivi et d\u2019\u00e9valuation. C\u2019est pourquoi Ces deux journ\u00e9es seront donc consacr\u00e9es \u00e0 faire le bilan de l\u2019ann\u00e9e 2016 ainsi qu\u2019\u00e0 r\u00e9aligner les priorit\u00e9s 2017 dans le cadre de la mise en \u0153uvre de la politique du Gouvernement ainsi que de la lettre de mission assign\u00e9e par le Chef de l\u2019Etat. Plus pr\u00e9cis\u00e9ment, il sera question de pr\u00e9senter les r\u00e9alisations phares les plus significatives du Gouvernement au titre de l\u2019ann\u00e9e 2016 et de s\u2019engager sur les actions phares pour 2017 comme le soutient Monsieur le Premier Ministre Mamady Youla. S\u2019inspirant du PNDES, la programmation 2017 s\u2019articulera autour de quatre piliers: &#8211; La promotion d\u2019une bonne gouvernance au service du d\u00e9veloppement durable; &#8211; La transformation \u00e9conomique durable et inclusive ; &#8211; Le d\u00e9veloppement inclusif du capital humain ; &#8211; La gestion durable du capital naturel. Selon le Premier Ministre, le PNDES constitue d\u00e9sormais le cadre d\u2019intervention de toutes les parties prenantes qui doivent y inscrire leurs actions en mati\u00e8re de d\u00e9veloppement. \u00ab Nous devons respecter les principes directeurs de ce plan qui restent les seuls gages de sa mise en \u0153uvre \u00bb Rajoute-t-il. A noter que les r\u00e9sultats attendus du s\u00e9minaire gouvernemental se d\u00e9clinent comme suit : \u00b7 Les principales r\u00e9alisations phares du Gouvernement 2016 sont identifi\u00e9es et publi\u00e9es ; \u00b7 Les priorit\u00e9s strat\u00e9giques et les principales actions phares du Gouvernement programm\u00e9es pour l\u2019ann\u00e9e 2017 sont identifi\u00e9es et publi\u00e9es ; \u00b7 Les priorit\u00e9s strat\u00e9giques et les actions phares sont mis en coh\u00e9rence avec le PNDES ; \u00b7 Les membres du Gouvernement se sont appropri\u00e9s le bilan 2016 et les priorit\u00e9s 2017 ; \u00b7 L\u2019esprit d\u2019\u00e9quipe, de coh\u00e9sion, de solidarit\u00e9 de l\u2019\u00e9quipe gouvernementale est renforc\u00e9. Toujours dans son discours, le Premier Ministre a saisi cette occasion pour appeler l\u2019attention de Mesdames et Messieurs les Ministres sur l\u2019engagement pris devant les honorables d\u00e9put\u00e9s, de cr\u00e9er les conditions optimales pour la bonne conduite de l\u2019action gouvernementale afin d\u2019atteindre les objectifs de d\u00e9veloppement conformes \u00e0 la vision et aux directives du Chef de l\u2019Etat, le Professeur Alpha CONDE \u00ab Le Gouvernement a r\u00e9affirm\u00e9 sa d\u00e9termination \u00e0 promouvoir une gestion ax\u00e9e sur les r\u00e9sultats en renfor\u00e7ant la cha\u00eene de planification et de programmation ainsi que les m\u00e9canismes de suivi et d\u2019\u00e9valuation \u00bb dira-t-il. Monsieur le Premier ministre a insist\u00e9 sur l\u2019obligation de r\u00e9sultat qui p\u00e8se sur les membres du Gouvernement dans la mise en \u0153uvre des activit\u00e9s contenues dans leurs plans d\u2019actions sectoriels. Ils ont donc \u00e9t\u00e9 invit\u00e9s \u00e0 traduire tr\u00e8s clairement dans le Programme de Travail Gouvernemental les objectifs majeurs pour le d\u00e9veloppement \u00e9conomique et social de la Guin\u00e9e sur la p\u00e9riode 2016 -2020, en tenant \u00e9galement compte des r\u00e9formes institutionnelles, structurelles et sectorielles qui serviront de socle \u00e0 ce d\u00e9veloppement \u00ab nous avons conscience des nombreux d\u00e9fis qui restent \u00e0 relever pour am\u00e9liorer le quotidien de nos compatriotes mais nous devons faire valoir les efforts, les r\u00e9sultats et les perspectives que nous visons dans l\u2019int\u00e9r\u00eat de tous \u00bb. Son Excellence Monsieur le Premier Ministre a cl\u00f4tur\u00e9 son discours introductif en insistant sur la n\u00e9cessit\u00e9 d\u2019inscrire la rigueur et la pratique de la bonne gouvernance au c\u0153ur de l\u2019action gouvernementale, afin de permettre \u00e0 notre pays de continuer sa marche sur une trajectoire de croissance et de prosp\u00e9rit\u00e9. La Cellule de Communication du Gouvernement<\/p>\n","protected":false},"excerpt":{"rendered":"<p>Sous la pr\u00e9sidence du Premier Ministre, Chef du Gouvernement, Monsieur Mamady Youla, le s\u00e9minaire gouvernemental sur le Programme de Travail Gouvernemental pour l\u2019ann\u00e9e 2017, a d\u00e9but\u00e9 ce vendredi \u00e0 Conakry en pr\u00e9sence de tous les membres du Gouvernement pr\u00e9sents en Guin\u00e9e, du Gouverneur de la Banque Centrale, de Monsieur le Premier Ministre Loum, et des [&hellip;]<\/p>\n","protected":false},"author":12,"featured_media":168,"comment_status":"open","ping_status":"open","sticky":false,"template":"","format":"standard","meta":{"_exactmetrics_skip_tracking":false,"_exactmetrics_sitenote_active":false,"_exactmetrics_sitenote_note":"","_exactmetrics_sitenote_category":0,"tdm_status":"","tdm_grid_status":"","footnotes":""},"categories":[14],"tags":[],"class_list":{"0":"post-167","1":"post","2":"type-post","3":"status-publish","4":"format-standard","5":"has-post-thumbnail","7":"category-politique"},"yoast_head":"<!-- This site is optimized with the Yoast SEO plugin v24.2 - https:\/\/yoast.com\/wordpress\/plugins\/seo\/ -->\n<title>OUVERTURE A CONAKRY D\u2019UN SEMINAIRE DETRAVAIL DE 48H POUR L\u2019EVALUATION DES ACQUIS ET LA DEFINITION DES PRIORITES GOUVERNEMENTALES | Guin\u00e9e Diversit\u00e9<\/title>\n<meta name=\"robots\" content=\"index, follow, max-snippet:-1, max-image-preview:large, max-video-preview:-1\" \/>\n<link rel=\"canonical\" href=\"https:\/\/guineediversite.com\/index.php\/2017\/04\/08\/ouverture-a-conakry-dun-seminaire-detravail-de-48h-pour-levaluation-des-acquis-et-la-definition-des-priorites-gouvernementales\/\" \/>\n<meta property=\"og:locale\" content=\"fr_FR\" \/>\n<meta property=\"og:type\" content=\"article\" \/>\n<meta property=\"og:title\" content=\"OUVERTURE A CONAKRY D\u2019UN SEMINAIRE DETRAVAIL DE 48H POUR L\u2019EVALUATION DES ACQUIS ET LA DEFINITION DES PRIORITES GOUVERNEMENTALES | Guin\u00e9e Diversit\u00e9\" \/>\n<meta property=\"og:description\" content=\"Sous la pr\u00e9sidence du Premier Ministre, Chef du Gouvernement, Monsieur Mamady Youla, le s\u00e9minaire gouvernemental sur le Programme de Travail Gouvernemental pour l\u2019ann\u00e9e 2017, a d\u00e9but\u00e9 ce vendredi \u00e0 Conakry en pr\u00e9sence de tous les membres du Gouvernement pr\u00e9sents en Guin\u00e9e, du Gouverneur de la Banque Centrale, de Monsieur le Premier Ministre Loum, et des [&hellip;]\" \/>\n<meta property=\"og:url\" content=\"https:\/\/guineediversite.com\/index.php\/2017\/04\/08\/ouverture-a-conakry-dun-seminaire-detravail-de-48h-pour-levaluation-des-acquis-et-la-definition-des-priorites-gouvernementales\/\" \/>\n<meta property=\"og:site_name\" content=\"Guin\u00e9e Diversit\u00e9\" \/>\n<meta property=\"article:publisher\" content=\"https:\/\/www.facebook.com\/guineediversite\/\" \/>\n<meta property=\"article:published_time\" content=\"2017-04-08T21:44:27+00:00\" \/>\n<meta property=\"article:modified_time\" content=\"2017-04-10T21:44:40+00:00\" \/>\n<meta property=\"og:image\" content=\"https:\/\/guineediversite.com\/wp-content\/uploads\/2017\/04\/SEMINAIRE-GOUVGN-2017-PM-YOULA.jpg\" \/>\n\t<meta property=\"og:image:width\" content=\"1077\" \/>\n\t<meta property=\"og:image:height\" content=\"718\" \/>\n\t<meta property=\"og:image:type\" content=\"image\/jpeg\" \/>\n<meta name=\"author\" content=\"Guin\u00e9e Diversit\u00e9\" \/>\n<meta name=\"twitter:card\" content=\"summary_large_image\" \/>\n<meta name=\"twitter:creator\" content=\"@GuineeDiversite\" \/>\n<meta name=\"twitter:site\" content=\"@GuineeDiversite\" \/>\n<meta name=\"twitter:label1\" content=\"\u00c9crit par\" \/>\n\t<meta name=\"twitter:data1\" content=\"Guin\u00e9e Diversit\u00e9\" \/>\n\t<meta name=\"twitter:label2\" content=\"Dur\u00e9e de lecture estim\u00e9e\" \/>\n\t<meta name=\"twitter:data2\" content=\"6 minutes\" \/>\n<script type=\"application\/ld+json\" class=\"yoast-schema-graph\">{\"@context\":\"https:\/\/schema.org\",\"@graph\":[{\"@type\":\"Article\",\"@id\":\"https:\/\/guineediversite.com\/index.php\/2017\/04\/08\/ouverture-a-conakry-dun-seminaire-detravail-de-48h-pour-levaluation-des-acquis-et-la-definition-des-priorites-gouvernementales\/#article\",\"isPartOf\":{\"@id\":\"https:\/\/guineediversite.com\/index.php\/2017\/04\/08\/ouverture-a-conakry-dun-seminaire-detravail-de-48h-pour-levaluation-des-acquis-et-la-definition-des-priorites-gouvernementales\/\"},\"author\":{\"name\":\"Guin\u00e9e Diversit\u00e9\",\"@id\":\"https:\/\/guineediversite.com\/#\/schema\/person\/afa08fb34e7fc6e1feafc892612bc836\"},\"headline\":\"OUVERTURE A CONAKRY D\u2019UN SEMINAIRE DETRAVAIL DE 48H POUR L\u2019EVALUATION DES ACQUIS ET LA DEFINITION DES PRIORITES GOUVERNEMENTALES\",\"datePublished\":\"2017-04-08T21:44:27+00:00\",\"dateModified\":\"2017-04-10T21:44:40+00:00\",\"mainEntityOfPage\":{\"@id\":\"https:\/\/guineediversite.com\/index.php\/2017\/04\/08\/ouverture-a-conakry-dun-seminaire-detravail-de-48h-pour-levaluation-des-acquis-et-la-definition-des-priorites-gouvernementales\/\"},\"wordCount\":1158,\"commentCount\":0,\"publisher\":{\"@id\":\"https:\/\/guineediversite.com\/#organization\"},\"image\":{\"@id\":\"https:\/\/guineediversite.com\/index.php\/2017\/04\/08\/ouverture-a-conakry-dun-seminaire-detravail-de-48h-pour-levaluation-des-acquis-et-la-definition-des-priorites-gouvernementales\/#primaryimage\"},\"thumbnailUrl\":\"https:\/\/guineediversite.com\/wp-content\/uploads\/2017\/04\/SEMINAIRE-GOUVGN-2017-PM-YOULA.jpg\",\"articleSection\":[\"Politique\"],\"inLanguage\":\"fr-FR\",\"potentialAction\":[{\"@type\":\"CommentAction\",\"name\":\"Comment\",\"target\":[\"https:\/\/guineediversite.com\/index.php\/2017\/04\/08\/ouverture-a-conakry-dun-seminaire-detravail-de-48h-pour-levaluation-des-acquis-et-la-definition-des-priorites-gouvernementales\/#respond\"]}]},{\"@type\":\"WebPage\",\"@id\":\"https:\/\/guineediversite.com\/index.php\/2017\/04\/08\/ouverture-a-conakry-dun-seminaire-detravail-de-48h-pour-levaluation-des-acquis-et-la-definition-des-priorites-gouvernementales\/\",\"url\":\"https:\/\/guineediversite.com\/index.php\/2017\/04\/08\/ouverture-a-conakry-dun-seminaire-detravail-de-48h-pour-levaluation-des-acquis-et-la-definition-des-priorites-gouvernementales\/\",\"name\":\"OUVERTURE A CONAKRY D\u2019UN SEMINAIRE DETRAVAIL DE 48H POUR L\u2019EVALUATION DES ACQUIS ET LA DEFINITION DES PRIORITES GOUVERNEMENTALES | Guin\u00e9e Diversit\u00e9\",\"isPartOf\":{\"@id\":\"https:\/\/guineediversite.com\/#website\"},\"primaryImageOfPage\":{\"@id\":\"https:\/\/guineediversite.com\/index.php\/2017\/04\/08\/ouverture-a-conakry-dun-seminaire-detravail-de-48h-pour-levaluation-des-acquis-et-la-definition-des-priorites-gouvernementales\/#primaryimage\"},\"image\":{\"@id\":\"https:\/\/guineediversite.com\/index.php\/2017\/04\/08\/ouverture-a-conakry-dun-seminaire-detravail-de-48h-pour-levaluation-des-acquis-et-la-definition-des-priorites-gouvernementales\/#primaryimage\"},\"thumbnailUrl\":\"https:\/\/guineediversite.com\/wp-content\/uploads\/2017\/04\/SEMINAIRE-GOUVGN-2017-PM-YOULA.jpg\",\"datePublished\":\"2017-04-08T21:44:27+00:00\",\"dateModified\":\"2017-04-10T21:44:40+00:00\",\"breadcrumb\":{\"@id\":\"https:\/\/guineediversite.com\/index.php\/2017\/04\/08\/ouverture-a-conakry-dun-seminaire-detravail-de-48h-pour-levaluation-des-acquis-et-la-definition-des-priorites-gouvernementales\/#breadcrumb\"},\"inLanguage\":\"fr-FR\",\"potentialAction\":[{\"@type\":\"ReadAction\",\"target\":[\"https:\/\/guineediversite.com\/index.php\/2017\/04\/08\/ouverture-a-conakry-dun-seminaire-detravail-de-48h-pour-levaluation-des-acquis-et-la-definition-des-priorites-gouvernementales\/\"]}]},{\"@type\":\"ImageObject\",\"inLanguage\":\"fr-FR\",\"@id\":\"https:\/\/guineediversite.com\/index.php\/2017\/04\/08\/ouverture-a-conakry-dun-seminaire-detravail-de-48h-pour-levaluation-des-acquis-et-la-definition-des-priorites-gouvernementales\/#primaryimage\",\"url\":\"https:\/\/guineediversite.com\/wp-content\/uploads\/2017\/04\/SEMINAIRE-GOUVGN-2017-PM-YOULA.jpg\",\"contentUrl\":\"https:\/\/guineediversite.com\/wp-content\/uploads\/2017\/04\/SEMINAIRE-GOUVGN-2017-PM-YOULA.jpg\",\"width\":1077,\"height\":718},{\"@type\":\"BreadcrumbList\",\"@id\":\"https:\/\/guineediversite.com\/index.php\/2017\/04\/08\/ouverture-a-conakry-dun-seminaire-detravail-de-48h-pour-levaluation-des-acquis-et-la-definition-des-priorites-gouvernementales\/#breadcrumb\",\"itemListElement\":[{\"@type\":\"ListItem\",\"position\":1,\"name\":\"Accueil\",\"item\":\"https:\/\/guineediversite.com\/\"},{\"@type\":\"ListItem\",\"position\":2,\"name\":\"OUVERTURE A CONAKRY D\u2019UN SEMINAIRE DETRAVAIL DE 48H POUR L\u2019EVALUATION DES ACQUIS ET LA DEFINITION DES PRIORITES GOUVERNEMENTALES\"}]},{\"@type\":\"WebSite\",\"@id\":\"https:\/\/guineediversite.com\/#website\",\"url\":\"https:\/\/guineediversite.com\/\",\"name\":\"Guin\u00e9e Diversit\u00e9\",\"description\":\"L&#039;Info dans toute sa diversit\u00e9\",\"publisher\":{\"@id\":\"https:\/\/guineediversite.com\/#organization\"},\"potentialAction\":[{\"@type\":\"SearchAction\",\"target\":{\"@type\":\"EntryPoint\",\"urlTemplate\":\"https:\/\/guineediversite.com\/?s={search_term_string}\"},\"query-input\":{\"@type\":\"PropertyValueSpecification\",\"valueRequired\":true,\"valueName\":\"search_term_string\"}}],\"inLanguage\":\"fr-FR\"},{\"@type\":\"Organization\",\"@id\":\"https:\/\/guineediversite.com\/#organization\",\"name\":\"Guin\u00e9e Diversit\u00e9\",\"url\":\"https:\/\/guineediversite.com\/\",\"logo\":{\"@type\":\"ImageObject\",\"inLanguage\":\"fr-FR\",\"@id\":\"https:\/\/guineediversite.com\/#\/schema\/logo\/image\/\",\"url\":\"https:\/\/guineediversite.com\/wp-content\/uploads\/2017\/04\/cropped-1jojlxEOMkX9Wyqfhe43D6kjPOGqBBKmx3EwWJqZ0cMrFF54yM49.png\",\"contentUrl\":\"https:\/\/guineediversite.com\/wp-content\/uploads\/2017\/04\/cropped-1jojlxEOMkX9Wyqfhe43D6kjPOGqBBKmx3EwWJqZ0cMrFF54yM49.png\",\"width\":186,\"height\":112,\"caption\":\"Guin\u00e9e Diversit\u00e9\"},\"image\":{\"@id\":\"https:\/\/guineediversite.com\/#\/schema\/logo\/image\/\"},\"sameAs\":[\"https:\/\/www.facebook.com\/guineediversite\/\",\"https:\/\/x.com\/GuineeDiversite\",\"https:\/\/www.youtube.com\/channel\/UC8sUY16qelG5ge6_D5SB83g\"]},{\"@type\":\"Person\",\"@id\":\"https:\/\/guineediversite.com\/#\/schema\/person\/afa08fb34e7fc6e1feafc892612bc836\",\"name\":\"Guin\u00e9e Diversit\u00e9\",\"image\":{\"@type\":\"ImageObject\",\"inLanguage\":\"fr-FR\",\"@id\":\"https:\/\/guineediversite.com\/#\/schema\/person\/image\/\",\"url\":\"https:\/\/secure.gravatar.com\/avatar\/50d5eb5b390f8b65ac30ac6f898eb83a?s=96&d=mm&r=g\",\"contentUrl\":\"https:\/\/secure.gravatar.com\/avatar\/50d5eb5b390f8b65ac30ac6f898eb83a?s=96&d=mm&r=g\",\"caption\":\"Guin\u00e9e Diversit\u00e9\"},\"url\":\"https:\/\/guineediversite.com\/index.php\/author\/guineediversite\/\"}]}<\/script>\n<!-- \/ Yoast SEO plugin. -->","yoast_head_json":{"title":"OUVERTURE A CONAKRY D\u2019UN SEMINAIRE DETRAVAIL DE 48H POUR L\u2019EVALUATION DES ACQUIS ET LA DEFINITION DES PRIORITES GOUVERNEMENTALES | Guin\u00e9e Diversit\u00e9","robots":{"index":"index","follow":"follow","max-snippet":"max-snippet:-1","max-image-preview":"max-image-preview:large","max-video-preview":"max-video-preview:-1"},"canonical":"https:\/\/guineediversite.com\/index.php\/2017\/04\/08\/ouverture-a-conakry-dun-seminaire-detravail-de-48h-pour-levaluation-des-acquis-et-la-definition-des-priorites-gouvernementales\/","og_locale":"fr_FR","og_type":"article","og_title":"OUVERTURE A CONAKRY D\u2019UN SEMINAIRE DETRAVAIL DE 48H POUR L\u2019EVALUATION DES ACQUIS ET LA DEFINITION DES PRIORITES GOUVERNEMENTALES | Guin\u00e9e Diversit\u00e9","og_description":"Sous la pr\u00e9sidence du Premier Ministre, Chef du Gouvernement, Monsieur Mamady Youla, le s\u00e9minaire gouvernemental sur le Programme de Travail Gouvernemental pour l\u2019ann\u00e9e 2017, a d\u00e9but\u00e9 ce vendredi \u00e0 Conakry en pr\u00e9sence de tous les membres du Gouvernement pr\u00e9sents en Guin\u00e9e, du Gouverneur de la Banque Centrale, de Monsieur le Premier Ministre Loum, et des [&hellip;]","og_url":"https:\/\/guineediversite.com\/index.php\/2017\/04\/08\/ouverture-a-conakry-dun-seminaire-detravail-de-48h-pour-levaluation-des-acquis-et-la-definition-des-priorites-gouvernementales\/","og_site_name":"Guin\u00e9e Diversit\u00e9","article_publisher":"https:\/\/www.facebook.com\/guineediversite\/","article_published_time":"2017-04-08T21:44:27+00:00","article_modified_time":"2017-04-10T21:44:40+00:00","og_image":[{"width":1077,"height":718,"url":"https:\/\/guineediversite.com\/wp-content\/uploads\/2017\/04\/SEMINAIRE-GOUVGN-2017-PM-YOULA.jpg","type":"image\/jpeg"}],"author":"Guin\u00e9e Diversit\u00e9","twitter_card":"summary_large_image","twitter_creator":"@GuineeDiversite","twitter_site":"@GuineeDiversite","twitter_misc":{"\u00c9crit par":"Guin\u00e9e Diversit\u00e9","Dur\u00e9e de lecture estim\u00e9e":"6 minutes"},"schema":{"@context":"https:\/\/schema.org","@graph":[{"@type":"Article","@id":"https:\/\/guineediversite.com\/index.php\/2017\/04\/08\/ouverture-a-conakry-dun-seminaire-detravail-de-48h-pour-levaluation-des-acquis-et-la-definition-des-priorites-gouvernementales\/#article","isPartOf":{"@id":"https:\/\/guineediversite.com\/index.php\/2017\/04\/08\/ouverture-a-conakry-dun-seminaire-detravail-de-48h-pour-levaluation-des-acquis-et-la-definition-des-priorites-gouvernementales\/"},"author":{"name":"Guin\u00e9e Diversit\u00e9","@id":"https:\/\/guineediversite.com\/#\/schema\/person\/afa08fb34e7fc6e1feafc892612bc836"},"headline":"OUVERTURE A CONAKRY D\u2019UN SEMINAIRE DETRAVAIL DE 48H POUR L\u2019EVALUATION DES ACQUIS ET LA DEFINITION DES PRIORITES GOUVERNEMENTALES","datePublished":"2017-04-08T21:44:27+00:00","dateModified":"2017-04-10T21:44:40+00:00","mainEntityOfPage":{"@id":"https:\/\/guineediversite.com\/index.php\/2017\/04\/08\/ouverture-a-conakry-dun-seminaire-detravail-de-48h-pour-levaluation-des-acquis-et-la-definition-des-priorites-gouvernementales\/"},"wordCount":1158,"commentCount":0,"publisher":{"@id":"https:\/\/guineediversite.com\/#organization"},"image":{"@id":"https:\/\/guineediversite.com\/index.php\/2017\/04\/08\/ouverture-a-conakry-dun-seminaire-detravail-de-48h-pour-levaluation-des-acquis-et-la-definition-des-priorites-gouvernementales\/#primaryimage"},"thumbnailUrl":"https:\/\/guineediversite.com\/wp-content\/uploads\/2017\/04\/SEMINAIRE-GOUVGN-2017-PM-YOULA.jpg","articleSection":["Politique"],"inLanguage":"fr-FR","potentialAction":[{"@type":"CommentAction","name":"Comment","target":["https:\/\/guineediversite.com\/index.php\/2017\/04\/08\/ouverture-a-conakry-dun-seminaire-detravail-de-48h-pour-levaluation-des-acquis-et-la-definition-des-priorites-gouvernementales\/#respond"]}]},{"@type":"WebPage","@id":"https:\/\/guineediversite.com\/index.php\/2017\/04\/08\/ouverture-a-conakry-dun-seminaire-detravail-de-48h-pour-levaluation-des-acquis-et-la-definition-des-priorites-gouvernementales\/","url":"https:\/\/guineediversite.com\/index.php\/2017\/04\/08\/ouverture-a-conakry-dun-seminaire-detravail-de-48h-pour-levaluation-des-acquis-et-la-definition-des-priorites-gouvernementales\/","name":"OUVERTURE A CONAKRY D\u2019UN SEMINAIRE DETRAVAIL DE 48H POUR L\u2019EVALUATION DES ACQUIS ET LA DEFINITION DES PRIORITES GOUVERNEMENTALES | Guin\u00e9e Diversit\u00e9","isPartOf":{"@id":"https:\/\/guineediversite.com\/#website"},"primaryImageOfPage":{"@id":"https:\/\/guineediversite.com\/index.php\/2017\/04\/08\/ouverture-a-conakry-dun-seminaire-detravail-de-48h-pour-levaluation-des-acquis-et-la-definition-des-priorites-gouvernementales\/#primaryimage"},"image":{"@id":"https:\/\/guineediversite.com\/index.php\/2017\/04\/08\/ouverture-a-conakry-dun-seminaire-detravail-de-48h-pour-levaluation-des-acquis-et-la-definition-des-priorites-gouvernementales\/#primaryimage"},"thumbnailUrl":"https:\/\/guineediversite.com\/wp-content\/uploads\/2017\/04\/SEMINAIRE-GOUVGN-2017-PM-YOULA.jpg","datePublished":"2017-04-08T21:44:27+00:00","dateModified":"2017-04-10T21:44:40+00:00","breadcrumb":{"@id":"https:\/\/guineediversite.com\/index.php\/2017\/04\/08\/ouverture-a-conakry-dun-seminaire-detravail-de-48h-pour-levaluation-des-acquis-et-la-definition-des-priorites-gouvernementales\/#breadcrumb"},"inLanguage":"fr-FR","potentialAction":[{"@type":"ReadAction","target":["https:\/\/guineediversite.com\/index.php\/2017\/04\/08\/ouverture-a-conakry-dun-seminaire-detravail-de-48h-pour-levaluation-des-acquis-et-la-definition-des-priorites-gouvernementales\/"]}]},{"@type":"ImageObject","inLanguage":"fr-FR","@id":"https:\/\/guineediversite.com\/index.php\/2017\/04\/08\/ouverture-a-conakry-dun-seminaire-detravail-de-48h-pour-levaluation-des-acquis-et-la-definition-des-priorites-gouvernementales\/#primaryimage","url":"https:\/\/guineediversite.com\/wp-content\/uploads\/2017\/04\/SEMINAIRE-GOUVGN-2017-PM-YOULA.jpg","contentUrl":"https:\/\/guineediversite.com\/wp-content\/uploads\/2017\/04\/SEMINAIRE-GOUVGN-2017-PM-YOULA.jpg","width":1077,"height":718},{"@type":"BreadcrumbList","@id":"https:\/\/guineediversite.com\/index.php\/2017\/04\/08\/ouverture-a-conakry-dun-seminaire-detravail-de-48h-pour-levaluation-des-acquis-et-la-definition-des-priorites-gouvernementales\/#breadcrumb","itemListElement":[{"@type":"ListItem","position":1,"name":"Accueil","item":"https:\/\/guineediversite.com\/"},{"@type":"ListItem","position":2,"name":"OUVERTURE A CONAKRY D\u2019UN SEMINAIRE DETRAVAIL DE 48H POUR L\u2019EVALUATION DES ACQUIS ET LA DEFINITION DES PRIORITES GOUVERNEMENTALES"}]},{"@type":"WebSite","@id":"https:\/\/guineediversite.com\/#website","url":"https:\/\/guineediversite.com\/","name":"Guin\u00e9e Diversit\u00e9","description":"L&#039;Info dans toute sa diversit\u00e9","publisher":{"@id":"https:\/\/guineediversite.com\/#organization"},"potentialAction":[{"@type":"SearchAction","target":{"@type":"EntryPoint","urlTemplate":"https:\/\/guineediversite.com\/?s={search_term_string}"},"query-input":{"@type":"PropertyValueSpecification","valueRequired":true,"valueName":"search_term_string"}}],"inLanguage":"fr-FR"},{"@type":"Organization","@id":"https:\/\/guineediversite.com\/#organization","name":"Guin\u00e9e Diversit\u00e9","url":"https:\/\/guineediversite.com\/","logo":{"@type":"ImageObject","inLanguage":"fr-FR","@id":"https:\/\/guineediversite.com\/#\/schema\/logo\/image\/","url":"https:\/\/guineediversite.com\/wp-content\/uploads\/2017\/04\/cropped-1jojlxEOMkX9Wyqfhe43D6kjPOGqBBKmx3EwWJqZ0cMrFF54yM49.png","contentUrl":"https:\/\/guineediversite.com\/wp-content\/uploads\/2017\/04\/cropped-1jojlxEOMkX9Wyqfhe43D6kjPOGqBBKmx3EwWJqZ0cMrFF54yM49.png","width":186,"height":112,"caption":"Guin\u00e9e Diversit\u00e9"},"image":{"@id":"https:\/\/guineediversite.com\/#\/schema\/logo\/image\/"},"sameAs":["https:\/\/www.facebook.com\/guineediversite\/","https:\/\/x.com\/GuineeDiversite","https:\/\/www.youtube.com\/channel\/UC8sUY16qelG5ge6_D5SB83g"]},{"@type":"Person","@id":"https:\/\/guineediversite.com\/#\/schema\/person\/afa08fb34e7fc6e1feafc892612bc836","name":"Guin\u00e9e Diversit\u00e9","image":{"@type":"ImageObject","inLanguage":"fr-FR","@id":"https:\/\/guineediversite.com\/#\/schema\/person\/image\/","url":"https:\/\/secure.gravatar.com\/avatar\/50d5eb5b390f8b65ac30ac6f898eb83a?s=96&d=mm&r=g","contentUrl":"https:\/\/secure.gravatar.com\/avatar\/50d5eb5b390f8b65ac30ac6f898eb83a?s=96&d=mm&r=g","caption":"Guin\u00e9e Diversit\u00e9"},"url":"https:\/\/guineediversite.com\/index.php\/author\/guineediversite\/"}]}},"_links":{"self":[{"href":"https:\/\/guineediversite.com\/index.php\/wp-json\/wp\/v2\/posts\/167"}],"collection":[{"href":"https:\/\/guineediversite.com\/index.php\/wp-json\/wp\/v2\/posts"}],"about":[{"href":"https:\/\/guineediversite.com\/index.php\/wp-json\/wp\/v2\/types\/post"}],"author":[{"embeddable":true,"href":"https:\/\/guineediversite.com\/index.php\/wp-json\/wp\/v2\/users\/12"}],"replies":[{"embeddable":true,"href":"https:\/\/guineediversite.com\/index.php\/wp-json\/wp\/v2\/comments?post=167"}],"version-history":[{"count":0,"href":"https:\/\/guineediversite.com\/index.php\/wp-json\/wp\/v2\/posts\/167\/revisions"}],"wp:featuredmedia":[{"embeddable":true,"href":"https:\/\/guineediversite.com\/index.php\/wp-json\/wp\/v2\/media\/168"}],"wp:attachment":[{"href":"https:\/\/guineediversite.com\/index.php\/wp-json\/wp\/v2\/media?parent=167"}],"wp:term":[{"taxonomy":"category","embeddable":true,"href":"https:\/\/guineediversite.com\/index.php\/wp-json\/wp\/v2\/categories?post=167"},{"taxonomy":"post_tag","embeddable":true,"href":"https:\/\/guineediversite.com\/index.php\/wp-json\/wp\/v2\/tags?post=167"}],"curies":[{"name":"wp","href":"https:\/\/api.w.org\/{rel}","templated":true}]}}